{"id":98,"date":"2012-11-14T08:00:00","date_gmt":"2012-11-14T08:00:00","guid":{"rendered":"http:\/\/jotwu.16mb.com\/zwrzeszcza\/uncategorized\/gruse-aus-reichskolonie-czyli-pocztowkowy-cymes\/"},"modified":"2023-11-13T12:06:02","modified_gmt":"2023-11-13T11:06:02","slug":"gruse-aus-reichskolonie-czyli-pocztowkowy-cymes","status":"publish","type":"post","link":"https:\/\/jarekwasielewski.pl\/zwrzeszcza\/2012\/11\/gruse-aus-reichskolonie-czyli-pocztowkowy-cymes\/","title":{"rendered":"Gr\u00fc\u00dfe aus Reichskolonie czyli poczt\u00f3wkowy cymes"},"content":{"rendered":"<p style=\"text-align: justify;\">Ca\u0142kiem niedawno <a title=\"Ob\u00f3z kompanii podchor\u0105\u017cych Kriegsmarine przy Ostseestrasse\" href=\"http:\/\/jarekwasielewski.pl\/zwrzeszcza\/2012\/10\/oboz-kompanii-podchorazych-kriegsmarine-przy-ostseestrasse\/\">zachwyca\u0142em si\u0119 nieznanym nikomu wcze\u015bniej i niezwykle rzadkim uj\u0119ciem barak\u00f3w obozu kompanii podchor\u0105\u017cych Kriegsmarine przy al. Hallera<\/a>. Dzi\u015b chcia\u0142bym si\u0119 podzieli\u0107 zachwytem innymi rzadko\u015bciami, przedstawiaj\u0105cymi dla odmiany t\u0119 cz\u0119\u015b\u0107 Dolnego Wrzeszcza, w kt\u00f3rej si\u0119 wychowa\u0142em, a mianowicie <a href=\"http:\/\/mapa.targeo.pl\/Punkt_7,22,18.6272335,54.3850060?l=fcc54f9a07407c24\" target=\"_blank\" rel=\"noopener\">dawne osiedle Kolonia Rzeszy (<i>Reichskolonie<\/i>)<\/a>.<\/p>\n<p style=\"text-align: justify;\">Skan poni\u017cszej poczt\u00f3wki pojawi\u0142 si\u0119 na <a href=\"http:\/\/forum.dawnygdansk.pl\/\" target=\"_blank\" rel=\"noopener\">Forum Dawny Gda\u0144sk<\/a> wiosn\u0105 2006 roku i dos\u0142ownie zrzuci\u0142 mnie z fotela:<\/p>\n<div id=\"attachment_480\" style=\"width: 306px\" class=\"wp-caption aligncenter\"><a href=\"http:\/\/jarekwasielewski.pl\/zwrzeszcza\/wp-content\/uploads\/2012\/11\/pocztowka_reichskolonie_1.jpg\"><img loading=\"lazy\" decoding=\"async\" aria-describedby=\"caption-attachment-480\" class=\"wp-image-480 size-medium\" src=\"http:\/\/jarekwasielewski.pl\/zwrzeszcza\/wp-content\/uploads\/2012\/11\/pocztowka_reichskolonie_1-300x200.jpg\" alt=\"pocztowka_reichskolonie_1\" width=\"300\" height=\"200\" srcset=\"https:\/\/jarekwasielewski.pl\/zwrzeszcza\/wp-content\/uploads\/2012\/11\/pocztowka_reichskolonie_1-300x200.jpg 300w, https:\/\/jarekwasielewski.pl\/zwrzeszcza\/wp-content\/uploads\/2012\/11\/pocztowka_reichskolonie_1.jpg 600w\" sizes=\"auto, (max-width: 300px) 100vw, 300px\" \/><\/a><p id=\"caption-attachment-480\" class=\"wp-caption-text\">\u017ar\u00f3d\u0142o: Forum Dawny Gda\u0144sk<\/p><\/div>\n<p style=\"text-align: justify;\">Co w\u0142a\u015bciwie na niej przedstawiono?<b> <\/b>U g\u00f3ry po lewej stronie widzimy skrzy\u017cowanie ulic Mickiewicza (<i>B\u00e4renweg<\/i>) i Kochanowskiego (<i>Posadowskyweg<\/i>), podpisane b\u0142\u0119dnie jako skrzy\u017cowanie tej ostatniej z ul. Klonowicza (<i>Marineweg<\/i>); \u015bwietnie widoczne s\u0105 tam naro\u017cne sklepy \u2013 za moich czas\u00f3w po lewej stronie mie\u015bci\u0142 si\u0119 monopolowy, a po prawej mleczarnia. U g\u00f3ry po prawej stronie widzimy budynek dworca <i>Reichskolonie<\/i>(po wojnie przystanek Gda\u0144sk-Kolonia) przy ul. Modrzewskiego (<i>Justweg<\/i>); dzi\u015b jest to budynek mieszkalny oznaczony numerami 4-5. Na dole po lewej mamy fragment zabudowy przy ul. Klonowicza, widzianej w kierunku skrzy\u017cowania z ul. \u017bywieck\u0105. Na dole po prawej natomiast umieszczono widok ul. Kochanowskiego w kierunku jej skrzy\u017cowania z ul. Mickiewicza (za plecami fotografa p\u0142ynie Strzy\u017ca).<\/p>\n<p style=\"text-align: justify;\">Oto jak te miejsca wygl\u0105daj\u0105 dzi\u015b:<\/p>\n<p style=\"text-align: justify;\"><a href=\"http:\/\/jarekwasielewski.pl\/zwrzeszcza\/wp-content\/uploads\/2012\/11\/pocztowka_reichskolonie_1_dzis.jpg\"><img loading=\"lazy\" decoding=\"async\" class=\"size-medium wp-image-481 aligncenter\" src=\"http:\/\/jarekwasielewski.pl\/zwrzeszcza\/wp-content\/uploads\/2012\/11\/pocztowka_reichskolonie_1_dzis-300x222.jpg\" alt=\"pocztowka_reichskolonie_1_dzis\" width=\"300\" height=\"222\" srcset=\"https:\/\/jarekwasielewski.pl\/zwrzeszcza\/wp-content\/uploads\/2012\/11\/pocztowka_reichskolonie_1_dzis-300x222.jpg 300w, https:\/\/jarekwasielewski.pl\/zwrzeszcza\/wp-content\/uploads\/2012\/11\/pocztowka_reichskolonie_1_dzis.jpg 900w\" sizes=\"auto, (max-width: 300px) 100vw, 300px\" \/><\/a><br \/>\nTa poczt\u00f3wka to prawdziwe cudo. Od czasu jej \u201ewyp\u0142yni\u0119cia\u201d ponad 6 lat temu nigdzie jej nie widzia\u0142em, ani tym bardziej nie zdo\u0142a\u0142em dotrze\u0107 do lepszego skanu. Jak si\u0119 okaza\u0142o ca\u0142kiem niedawno, nie jest to cudo jedyne. Ot\u00f3\u017c w lipcu tego roku na aukcji na niemieckim eBay\u2019u pojawi\u0142a si\u0119 ta oto poczt\u00f3wka:<\/p>\n<div id=\"attachment_482\" style=\"width: 306px\" class=\"wp-caption aligncenter\"><a href=\"http:\/\/jarekwasielewski.pl\/zwrzeszcza\/wp-content\/uploads\/2012\/11\/pocztowka_reichskolonie_2.jpg\"><img loading=\"lazy\" decoding=\"async\" aria-describedby=\"caption-attachment-482\" class=\"wp-image-482 size-medium\" src=\"http:\/\/jarekwasielewski.pl\/zwrzeszcza\/wp-content\/uploads\/2012\/11\/pocztowka_reichskolonie_2-300x195.jpg\" alt=\"pocztowka_reichskolonie_2\" width=\"300\" height=\"195\" srcset=\"https:\/\/jarekwasielewski.pl\/zwrzeszcza\/wp-content\/uploads\/2012\/11\/pocztowka_reichskolonie_2-300x195.jpg 300w, https:\/\/jarekwasielewski.pl\/zwrzeszcza\/wp-content\/uploads\/2012\/11\/pocztowka_reichskolonie_2.jpg 600w\" sizes=\"auto, (max-width: 300px) 100vw, 300px\" \/><\/a><p id=\"caption-attachment-482\" class=\"wp-caption-text\">\u017ar\u00f3d\u0142o: serwis aukcyjny eBay.de<\/p><\/div>\n<p style=\"text-align: justify;\">U g\u00f3ry po lewej stronie zn\u00f3w mamy zabudow\u0119 przy ul. Kochanowskiego, tym razem jednak na jej odcinku za skrzy\u017cowaniem z ul. Mickiewicza, widzian\u0105 w kierunku Strzy\u017cy. U g\u00f3ry po prawej stronie widzimy inne uj\u0119cie skrzy\u017cowania ulic Mickiewicza i Kochanowskiego, znanego z pierwszej poczt\u00f3wki. Na dole po lewej ponownie widzimy budynek dworca <i>Reichskolonie<\/i>przy ul. Modrzewskiego (zwracam uwag\u0119 na ledwie widoczny, ale jednak dostrzegalny szyld z obowi\u0105zuj\u0105c\u0105 bardzo kr\u00f3tko nazw\u0105 <i>Schellm\u00fchl<\/i>!) oraz jej skrzy\u017cowanie z ul. Kochanowskiego. Na dole po prawej natomiast przedstawiono widok ul. Klonowicza w kierunku jej skrzy\u017cowania z ul. Modrzewskiego (jest to druga strona fragmentu ulicy widocznego na lewym dolnym obrazku pierwszej poczt\u00f3wki).<\/p>\n<p style=\"text-align: justify;\">Poczt\u00f3wk\u0119 t\u0119 sprzedano za ponad 100 euro!<\/p>\n<p style=\"text-align: justify;\">Oto jak te miejsca wygl\u0105daj\u0105 dzi\u015b:<\/p>\n<p style=\"text-align: justify;\"><a href=\"http:\/\/jarekwasielewski.pl\/zwrzeszcza\/wp-content\/uploads\/2012\/11\/pocztowka_reichskolonie_2_dzis.jpg\"><img loading=\"lazy\" decoding=\"async\" class=\"size-medium wp-image-483 aligncenter\" src=\"http:\/\/jarekwasielewski.pl\/zwrzeszcza\/wp-content\/uploads\/2012\/11\/pocztowka_reichskolonie_2_dzis-300x212.jpg\" alt=\"pocztowka_reichskolonie_2_dzis\" width=\"300\" height=\"212\" srcset=\"https:\/\/jarekwasielewski.pl\/zwrzeszcza\/wp-content\/uploads\/2012\/11\/pocztowka_reichskolonie_2_dzis-300x212.jpg 300w, https:\/\/jarekwasielewski.pl\/zwrzeszcza\/wp-content\/uploads\/2012\/11\/pocztowka_reichskolonie_2_dzis.jpg 900w\" sizes=\"auto, (max-width: 300px) 100vw, 300px\" \/><\/a><br \/>\nObie te poczt\u00f3wki fantastycznie si\u0119 uzupe\u0142niaj\u0105, pokazuj\u0105c r\u00f3\u017cne uj\u0119cia tej samej okolicy.<\/p>\n<p style=\"text-align: justify;\">Wydawa\u0142oby si\u0119, \u017ce dwie ultrarzadkie poczt\u00f3wki to prawdziwy zawr\u00f3t g\u0142owy, ale trzy? Tak jest, niedawno w Internecie namierzy\u0142em trzeci\u0105 poczt\u00f3wk\u0119, przedstawiaj\u0105c\u0105 Koloni\u0119 Rzeszy:<\/p>\n<div id=\"attachment_484\" style=\"width: 306px\" class=\"wp-caption aligncenter\"><a href=\"http:\/\/jarekwasielewski.pl\/zwrzeszcza\/wp-content\/uploads\/2012\/11\/pocztowka_reichskolonie_3.jpg\"><img loading=\"lazy\" decoding=\"async\" aria-describedby=\"caption-attachment-484\" class=\"size-medium wp-image-484\" src=\"http:\/\/jarekwasielewski.pl\/zwrzeszcza\/wp-content\/uploads\/2012\/11\/pocztowka_reichskolonie_3-300x181.jpg\" alt=\"\u017ar\u00f3d\u0142o: danzig.org\" width=\"300\" height=\"181\" srcset=\"https:\/\/jarekwasielewski.pl\/zwrzeszcza\/wp-content\/uploads\/2012\/11\/pocztowka_reichskolonie_3-300x181.jpg 300w, https:\/\/jarekwasielewski.pl\/zwrzeszcza\/wp-content\/uploads\/2012\/11\/pocztowka_reichskolonie_3.jpg 600w\" sizes=\"auto, (max-width: 300px) 100vw, 300px\" \/><\/a><p id=\"caption-attachment-484\" class=\"wp-caption-text\">\u017ar\u00f3d\u0142o: danzig.org<\/p><\/div>\n<p style=\"text-align: justify;\">Poczt\u00f3wka przedstawia widok ulicy Kochanowskiego w kierunku jej skrzy\u017cowania z ul. Mickiewicza; za plecami fotografa znajduje si\u0119 ul. Modrzewskiego.<\/p>\n<p style=\"text-align: justify;\">Oto jak to miejsce wygl\u0105da dzi\u015b:<br \/>\n<a href=\"http:\/\/jarekwasielewski.pl\/zwrzeszcza\/wp-content\/uploads\/2012\/11\/pocztowka_reichskolonie_3_dzis.jpg\"><img loading=\"lazy\" decoding=\"async\" class=\"aligncenter size-medium wp-image-485\" src=\"http:\/\/jarekwasielewski.pl\/zwrzeszcza\/wp-content\/uploads\/2012\/11\/pocztowka_reichskolonie_3_dzis-300x224.jpg\" alt=\"pocztowka_reichskolonie_3_dzis\" width=\"300\" height=\"224\" srcset=\"https:\/\/jarekwasielewski.pl\/zwrzeszcza\/wp-content\/uploads\/2012\/11\/pocztowka_reichskolonie_3_dzis-300x224.jpg 300w, https:\/\/jarekwasielewski.pl\/zwrzeszcza\/wp-content\/uploads\/2012\/11\/pocztowka_reichskolonie_3_dzis.jpg 700w\" sizes=\"auto, (max-width: 300px) 100vw, 300px\" \/><\/a><br \/>\nWychodzi wi\u0119c na to, \u017ce scenografi\u0119 mojego dzieci\u0144stwa uwieczniono na co najmniej trzech przedwojennych poczt\u00f3wkach! Poczt\u00f3wkach tym bardziej niesamowitych, \u017ce bardzo rzadkich, wr\u0119cz nieosi\u0105galnych. Chocia\u017c nie do ko\u0144ca\u2026<\/p>\n<p style=\"text-align: justify;\">Ot\u00f3\u017c kilka dni temu dowiedzia\u0142em si\u0119, \u017ce w posiadaniu poczt\u00f3wki numer 2 jest wydawca mojej (napisanej w duecie z Janem Danilukiem) ksi\u0105\u017cki <a href=\"http:\/\/maszoperia.org\/ksiazki\/281-dolny-wrzeszcz-i-zaspa-gdaskie-dzielnice-9788563709011.html\" target=\"_blank\" rel=\"noopener\"><i>Dolny Wrzeszcz i Zaspa<\/i><\/a>, Krzysztof Grynder, na\u0142ogowy kolekcjoner wszelkich gda\u0144skich \u2013 i nie tylko &#8211; poczt\u00f3wek. Czy znacie mo\u017ce szcz\u0119\u015bliwc\u00f3w, kt\u00f3rzy posiadaj\u0105 dwie pozosta\u0142e? Albo chocia\u017c potraficie zdoby\u0107 lepszy ich skan? Zbli\u017caj\u0105 si\u0119 \u015bwi\u0119ta, wi\u0119c mo\u017cecie zrobi\u0107 mi \u015bwietny prezent\u2026 \ud83d\ude42<\/p>\n<p style=\"text-align: justify;\">PS. O historii Kolonii Rzeszy mo\u017cecie poczyta\u0107 oczywi\u015bcie w <a href=\"http:\/\/maszoperia.org\/ksiazki\/281-dolny-wrzeszcz-i-zaspa-gdaskie-dzielnice-9788563709011.html\" target=\"_blank\" rel=\"noopener\">naszej ksi\u0105\u017cce<\/a> (strony 25-26 i 36).<\/p>\n<\/dt>\n","protected":false},"excerpt":{"rendered":"<p>Ca\u0142kiem niedawno zachwyca\u0142em si\u0119 nieznanym nikomu wcze\u015bniej i niezwykle rzadkim uj\u0119ciem barak\u00f3w obozu kompanii podchor\u0105\u017cych Kriegsmarine przy al. Hallera. Dzi\u015b chcia\u0142bym si\u0119 podzieli\u0107 zachwytem innymi rzadko\u015bciami, przedstawiaj\u0105cymi dla odmiany t\u0119 cz\u0119\u015b\u0107 Dolnego Wrzeszcza, w kt\u00f3rej si\u0119 wychowa\u0142em, a mianowicie dawne osiedle Kolonia Rzeszy (Reichskolonie). Skan poni\u017cszej poczt\u00f3wki pojawi\u0142 si\u0119 na Forum Dawny Gda\u0144sk wiosn\u0105 2006&hellip;<\/p>\n","protected":false},"author":2,"featured_media":480,"comment_status":"open","ping_status":"open","sticky":false,"template":"","format":"standard","meta":{"ngg_post_thumbnail":0,"footnotes":""},"categories":[1,18,7,8],"tags":[],"class_list":["post-98","post","type-post","status-publish","format-standard","has-post-thumbnail","hentry","category-najpopularniejsze","category-pocztowki","category-przed-1945","category-wszystkie"],"yoast_head":"<!-- This site is optimized with the Yoast SEO plugin v27.3 - https:\/\/yoast.com\/product\/yoast-seo-wordpress\/ -->\n<title>Gr\u00fc\u00dfe aus Reichskolonie czyli poczt\u00f3wkowy cymes - Wrzeszcz Jarka Wasielewskiego<\/title>\n<meta name=\"robots\" content=\"index, follow, max-snippet:-1, max-image-preview:large, max-video-preview:-1\" \/>\n<link rel=\"canonical\" href=\"https:\/\/jarekwasielewski.pl\/zwrzeszcza\/2012\/11\/gruse-aus-reichskolonie-czyli-pocztowkowy-cymes\/\" \/>\n<meta property=\"og:locale\" content=\"pl_PL\" \/>\n<meta property=\"og:type\" content=\"article\" \/>\n<meta property=\"og:title\" content=\"Gr\u00fc\u00dfe aus Reichskolonie czyli poczt\u00f3wkowy cymes - Wrzeszcz Jarka Wasielewskiego\" \/>\n<meta property=\"og:description\" content=\"Ca\u0142kiem niedawno zachwyca\u0142em si\u0119 nieznanym nikomu wcze\u015bniej i niezwykle rzadkim uj\u0119ciem barak\u00f3w obozu kompanii podchor\u0105\u017cych Kriegsmarine przy al. Hallera. Dzi\u015b chcia\u0142bym si\u0119 podzieli\u0107 zachwytem innymi rzadko\u015bciami, przedstawiaj\u0105cymi dla odmiany t\u0119 cz\u0119\u015b\u0107 Dolnego Wrzeszcza, w kt\u00f3rej si\u0119 wychowa\u0142em, a mianowicie dawne osiedle Kolonia Rzeszy (Reichskolonie). Skan poni\u017cszej poczt\u00f3wki pojawi\u0142 si\u0119 na Forum Dawny Gda\u0144sk wiosn\u0105 2006&hellip;\" \/>\n<meta property=\"og:url\" content=\"https:\/\/jarekwasielewski.pl\/zwrzeszcza\/2012\/11\/gruse-aus-reichskolonie-czyli-pocztowkowy-cymes\/\" \/>\n<meta property=\"og:site_name\" content=\"Wrzeszcz Jarka Wasielewskiego\" \/>\n<meta property=\"article:published_time\" content=\"2012-11-14T08:00:00+00:00\" \/>\n<meta property=\"article:modified_time\" content=\"2023-11-13T11:06:02+00:00\" \/>\n<meta property=\"og:image\" content=\"https:\/\/jarekwasielewski.pl\/zwrzeszcza\/wp-content\/uploads\/2012\/11\/pocztowka_reichskolonie_1.jpg\" \/>\n\t<meta property=\"og:image:width\" content=\"600\" \/>\n\t<meta property=\"og:image:height\" content=\"401\" \/>\n\t<meta property=\"og:image:type\" content=\"image\/jpeg\" \/>\n<meta name=\"author\" content=\"Jarek Wasielewski\" \/>\n<meta name=\"twitter:card\" content=\"summary_large_image\" \/>\n<meta name=\"twitter:label1\" content=\"Napisane przez\" \/>\n\t<meta name=\"twitter:data1\" content=\"Jarek Wasielewski\" \/>\n\t<meta name=\"twitter:label2\" content=\"Szacowany czas czytania\" \/>\n\t<meta name=\"twitter:data2\" content=\"5 minut\" \/>\n<script type=\"application\/ld+json\" class=\"yoast-schema-graph\">{\"@context\":\"https:\\\/\\\/schema.org\",\"@graph\":[{\"@type\":\"Article\",\"@id\":\"https:\\\/\\\/jarekwasielewski.pl\\\/zwrzeszcza\\\/2012\\\/11\\\/gruse-aus-reichskolonie-czyli-pocztowkowy-cymes\\\/#article\",\"isPartOf\":{\"@id\":\"https:\\\/\\\/jarekwasielewski.pl\\\/zwrzeszcza\\\/2012\\\/11\\\/gruse-aus-reichskolonie-czyli-pocztowkowy-cymes\\\/\"},\"author\":{\"name\":\"Jarek Wasielewski\",\"@id\":\"https:\\\/\\\/jarekwasielewski.pl\\\/zwrzeszcza\\\/#\\\/schema\\\/person\\\/d2582ae2f5d0ea9c9154fd6e4bcb3976\"},\"headline\":\"Gr\u00fc\u00dfe aus Reichskolonie czyli poczt\u00f3wkowy cymes\",\"datePublished\":\"2012-11-14T08:00:00+00:00\",\"dateModified\":\"2023-11-13T11:06:02+00:00\",\"mainEntityOfPage\":{\"@id\":\"https:\\\/\\\/jarekwasielewski.pl\\\/zwrzeszcza\\\/2012\\\/11\\\/gruse-aus-reichskolonie-czyli-pocztowkowy-cymes\\\/\"},\"wordCount\":653,\"commentCount\":9,\"publisher\":{\"@id\":\"https:\\\/\\\/jarekwasielewski.pl\\\/zwrzeszcza\\\/#\\\/schema\\\/person\\\/807e6ca1f9fadc1945bd9ac746422589\"},\"image\":{\"@id\":\"https:\\\/\\\/jarekwasielewski.pl\\\/zwrzeszcza\\\/2012\\\/11\\\/gruse-aus-reichskolonie-czyli-pocztowkowy-cymes\\\/#primaryimage\"},\"thumbnailUrl\":\"https:\\\/\\\/jarekwasielewski.pl\\\/zwrzeszcza\\\/wp-content\\\/uploads\\\/2012\\\/11\\\/pocztowka_reichskolonie_1.jpg\",\"articleSection\":[\"Najpopularniejsze\",\"Poczt\u00f3wki\",\"Przed 1945\",\"Wszystkie\"],\"inLanguage\":\"pl-PL\",\"potentialAction\":[{\"@type\":\"CommentAction\",\"name\":\"Comment\",\"target\":[\"https:\\\/\\\/jarekwasielewski.pl\\\/zwrzeszcza\\\/2012\\\/11\\\/gruse-aus-reichskolonie-czyli-pocztowkowy-cymes\\\/#respond\"]}]},{\"@type\":\"WebPage\",\"@id\":\"https:\\\/\\\/jarekwasielewski.pl\\\/zwrzeszcza\\\/2012\\\/11\\\/gruse-aus-reichskolonie-czyli-pocztowkowy-cymes\\\/\",\"url\":\"https:\\\/\\\/jarekwasielewski.pl\\\/zwrzeszcza\\\/2012\\\/11\\\/gruse-aus-reichskolonie-czyli-pocztowkowy-cymes\\\/\",\"name\":\"Gr\u00fc\u00dfe aus Reichskolonie czyli poczt\u00f3wkowy cymes - Wrzeszcz Jarka Wasielewskiego\",\"isPartOf\":{\"@id\":\"https:\\\/\\\/jarekwasielewski.pl\\\/zwrzeszcza\\\/#website\"},\"primaryImageOfPage\":{\"@id\":\"https:\\\/\\\/jarekwasielewski.pl\\\/zwrzeszcza\\\/2012\\\/11\\\/gruse-aus-reichskolonie-czyli-pocztowkowy-cymes\\\/#primaryimage\"},\"image\":{\"@id\":\"https:\\\/\\\/jarekwasielewski.pl\\\/zwrzeszcza\\\/2012\\\/11\\\/gruse-aus-reichskolonie-czyli-pocztowkowy-cymes\\\/#primaryimage\"},\"thumbnailUrl\":\"https:\\\/\\\/jarekwasielewski.pl\\\/zwrzeszcza\\\/wp-content\\\/uploads\\\/2012\\\/11\\\/pocztowka_reichskolonie_1.jpg\",\"datePublished\":\"2012-11-14T08:00:00+00:00\",\"dateModified\":\"2023-11-13T11:06:02+00:00\",\"breadcrumb\":{\"@id\":\"https:\\\/\\\/jarekwasielewski.pl\\\/zwrzeszcza\\\/2012\\\/11\\\/gruse-aus-reichskolonie-czyli-pocztowkowy-cymes\\\/#breadcrumb\"},\"inLanguage\":\"pl-PL\",\"potentialAction\":[{\"@type\":\"ReadAction\",\"target\":[\"https:\\\/\\\/jarekwasielewski.pl\\\/zwrzeszcza\\\/2012\\\/11\\\/gruse-aus-reichskolonie-czyli-pocztowkowy-cymes\\\/\"]}]},{\"@type\":\"ImageObject\",\"inLanguage\":\"pl-PL\",\"@id\":\"https:\\\/\\\/jarekwasielewski.pl\\\/zwrzeszcza\\\/2012\\\/11\\\/gruse-aus-reichskolonie-czyli-pocztowkowy-cymes\\\/#primaryimage\",\"url\":\"https:\\\/\\\/jarekwasielewski.pl\\\/zwrzeszcza\\\/wp-content\\\/uploads\\\/2012\\\/11\\\/pocztowka_reichskolonie_1.jpg\",\"contentUrl\":\"https:\\\/\\\/jarekwasielewski.pl\\\/zwrzeszcza\\\/wp-content\\\/uploads\\\/2012\\\/11\\\/pocztowka_reichskolonie_1.jpg\",\"width\":600,\"height\":401},{\"@type\":\"BreadcrumbList\",\"@id\":\"https:\\\/\\\/jarekwasielewski.pl\\\/zwrzeszcza\\\/2012\\\/11\\\/gruse-aus-reichskolonie-czyli-pocztowkowy-cymes\\\/#breadcrumb\",\"itemListElement\":[{\"@type\":\"ListItem\",\"position\":1,\"name\":\"Strona g\u0142\u00f3wna\",\"item\":\"https:\\\/\\\/jarekwasielewski.pl\\\/zwrzeszcza\\\/\"},{\"@type\":\"ListItem\",\"position\":2,\"name\":\"Gr\u00fc\u00dfe aus Reichskolonie czyli poczt\u00f3wkowy cymes\"}]},{\"@type\":\"WebSite\",\"@id\":\"https:\\\/\\\/jarekwasielewski.pl\\\/zwrzeszcza\\\/#website\",\"url\":\"https:\\\/\\\/jarekwasielewski.pl\\\/zwrzeszcza\\\/\",\"name\":\"Wrzeszcza Jarka Wasielewskiego\",\"description\":\"Blog Jarka Wasielewskiego o Wrzeszczu\",\"publisher\":{\"@id\":\"https:\\\/\\\/jarekwasielewski.pl\\\/zwrzeszcza\\\/#\\\/schema\\\/person\\\/807e6ca1f9fadc1945bd9ac746422589\"},\"potentialAction\":[{\"@type\":\"SearchAction\",\"target\":{\"@type\":\"EntryPoint\",\"urlTemplate\":\"https:\\\/\\\/jarekwasielewski.pl\\\/zwrzeszcza\\\/?s={search_term_string}\"},\"query-input\":{\"@type\":\"PropertyValueSpecification\",\"valueRequired\":true,\"valueName\":\"search_term_string\"}}],\"inLanguage\":\"pl-PL\"},{\"@type\":[\"Person\",\"Organization\"],\"@id\":\"https:\\\/\\\/jarekwasielewski.pl\\\/zwrzeszcza\\\/#\\\/schema\\\/person\\\/807e6ca1f9fadc1945bd9ac746422589\",\"name\":\"Jarek Wasielewski\",\"image\":{\"@type\":\"ImageObject\",\"inLanguage\":\"pl-PL\",\"@id\":\"http:\\\/\\\/jarekwasielewski.pl\\\/zwrzeszcza\\\/wp-content\\\/uploads\\\/2021\\\/09\\\/jw.png\",\"url\":\"http:\\\/\\\/jarekwasielewski.pl\\\/zwrzeszcza\\\/wp-content\\\/uploads\\\/2021\\\/09\\\/jw.png\",\"contentUrl\":\"http:\\\/\\\/jarekwasielewski.pl\\\/zwrzeszcza\\\/wp-content\\\/uploads\\\/2021\\\/09\\\/jw.png\",\"width\":715,\"height\":630,\"caption\":\"Jarek Wasielewski\"},\"logo\":{\"@id\":\"http:\\\/\\\/jarekwasielewski.pl\\\/zwrzeszcza\\\/wp-content\\\/uploads\\\/2021\\\/09\\\/jw.png\"},\"sameAs\":[\"http:\\\/\\\/jarekwasielewski.pl\\\/zwrzeszcza\"]},{\"@type\":\"Person\",\"@id\":\"https:\\\/\\\/jarekwasielewski.pl\\\/zwrzeszcza\\\/#\\\/schema\\\/person\\\/d2582ae2f5d0ea9c9154fd6e4bcb3976\",\"name\":\"Jarek Wasielewski\",\"image\":{\"@type\":\"ImageObject\",\"inLanguage\":\"pl-PL\",\"@id\":\"https:\\\/\\\/secure.gravatar.com\\\/avatar\\\/?s=96&d=mm&r=g\",\"url\":\"https:\\\/\\\/secure.gravatar.com\\\/avatar\\\/?s=96&d=mm&r=g\",\"contentUrl\":\"https:\\\/\\\/secure.gravatar.com\\\/avatar\\\/?s=96&d=mm&r=g\",\"caption\":\"Jarek Wasielewski\"}}]}<\/script>\n<!-- \/ Yoast SEO plugin. -->","yoast_head_json":{"title":"Gr\u00fc\u00dfe aus Reichskolonie czyli poczt\u00f3wkowy cymes - Wrzeszcz Jarka Wasielewskiego","robots":{"index":"index","follow":"follow","max-snippet":"max-snippet:-1","max-image-preview":"max-image-preview:large","max-video-preview":"max-video-preview:-1"},"canonical":"https:\/\/jarekwasielewski.pl\/zwrzeszcza\/2012\/11\/gruse-aus-reichskolonie-czyli-pocztowkowy-cymes\/","og_locale":"pl_PL","og_type":"article","og_title":"Gr\u00fc\u00dfe aus Reichskolonie czyli poczt\u00f3wkowy cymes - Wrzeszcz Jarka Wasielewskiego","og_description":"Ca\u0142kiem niedawno zachwyca\u0142em si\u0119 nieznanym nikomu wcze\u015bniej i niezwykle rzadkim uj\u0119ciem barak\u00f3w obozu kompanii podchor\u0105\u017cych Kriegsmarine przy al. Hallera. Dzi\u015b chcia\u0142bym si\u0119 podzieli\u0107 zachwytem innymi rzadko\u015bciami, przedstawiaj\u0105cymi dla odmiany t\u0119 cz\u0119\u015b\u0107 Dolnego Wrzeszcza, w kt\u00f3rej si\u0119 wychowa\u0142em, a mianowicie dawne osiedle Kolonia Rzeszy (Reichskolonie). Skan poni\u017cszej poczt\u00f3wki pojawi\u0142 si\u0119 na Forum Dawny Gda\u0144sk wiosn\u0105 2006&hellip;","og_url":"https:\/\/jarekwasielewski.pl\/zwrzeszcza\/2012\/11\/gruse-aus-reichskolonie-czyli-pocztowkowy-cymes\/","og_site_name":"Wrzeszcz Jarka Wasielewskiego","article_published_time":"2012-11-14T08:00:00+00:00","article_modified_time":"2023-11-13T11:06:02+00:00","og_image":[{"width":600,"height":401,"url":"https:\/\/jarekwasielewski.pl\/zwrzeszcza\/wp-content\/uploads\/2012\/11\/pocztowka_reichskolonie_1.jpg","type":"image\/jpeg"}],"author":"Jarek Wasielewski","twitter_card":"summary_large_image","twitter_misc":{"Napisane przez":"Jarek Wasielewski","Szacowany czas czytania":"5 minut"},"schema":{"@context":"https:\/\/schema.org","@graph":[{"@type":"Article","@id":"https:\/\/jarekwasielewski.pl\/zwrzeszcza\/2012\/11\/gruse-aus-reichskolonie-czyli-pocztowkowy-cymes\/#article","isPartOf":{"@id":"https:\/\/jarekwasielewski.pl\/zwrzeszcza\/2012\/11\/gruse-aus-reichskolonie-czyli-pocztowkowy-cymes\/"},"author":{"name":"Jarek Wasielewski","@id":"https:\/\/jarekwasielewski.pl\/zwrzeszcza\/#\/schema\/person\/d2582ae2f5d0ea9c9154fd6e4bcb3976"},"headline":"Gr\u00fc\u00dfe aus Reichskolonie czyli poczt\u00f3wkowy cymes","datePublished":"2012-11-14T08:00:00+00:00","dateModified":"2023-11-13T11:06:02+00:00","mainEntityOfPage":{"@id":"https:\/\/jarekwasielewski.pl\/zwrzeszcza\/2012\/11\/gruse-aus-reichskolonie-czyli-pocztowkowy-cymes\/"},"wordCount":653,"commentCount":9,"publisher":{"@id":"https:\/\/jarekwasielewski.pl\/zwrzeszcza\/#\/schema\/person\/807e6ca1f9fadc1945bd9ac746422589"},"image":{"@id":"https:\/\/jarekwasielewski.pl\/zwrzeszcza\/2012\/11\/gruse-aus-reichskolonie-czyli-pocztowkowy-cymes\/#primaryimage"},"thumbnailUrl":"https:\/\/jarekwasielewski.pl\/zwrzeszcza\/wp-content\/uploads\/2012\/11\/pocztowka_reichskolonie_1.jpg","articleSection":["Najpopularniejsze","Poczt\u00f3wki","Przed 1945","Wszystkie"],"inLanguage":"pl-PL","potentialAction":[{"@type":"CommentAction","name":"Comment","target":["https:\/\/jarekwasielewski.pl\/zwrzeszcza\/2012\/11\/gruse-aus-reichskolonie-czyli-pocztowkowy-cymes\/#respond"]}]},{"@type":"WebPage","@id":"https:\/\/jarekwasielewski.pl\/zwrzeszcza\/2012\/11\/gruse-aus-reichskolonie-czyli-pocztowkowy-cymes\/","url":"https:\/\/jarekwasielewski.pl\/zwrzeszcza\/2012\/11\/gruse-aus-reichskolonie-czyli-pocztowkowy-cymes\/","name":"Gr\u00fc\u00dfe aus Reichskolonie czyli poczt\u00f3wkowy cymes - Wrzeszcz Jarka Wasielewskiego","isPartOf":{"@id":"https:\/\/jarekwasielewski.pl\/zwrzeszcza\/#website"},"primaryImageOfPage":{"@id":"https:\/\/jarekwasielewski.pl\/zwrzeszcza\/2012\/11\/gruse-aus-reichskolonie-czyli-pocztowkowy-cymes\/#primaryimage"},"image":{"@id":"https:\/\/jarekwasielewski.pl\/zwrzeszcza\/2012\/11\/gruse-aus-reichskolonie-czyli-pocztowkowy-cymes\/#primaryimage"},"thumbnailUrl":"https:\/\/jarekwasielewski.pl\/zwrzeszcza\/wp-content\/uploads\/2012\/11\/pocztowka_reichskolonie_1.jpg","datePublished":"2012-11-14T08:00:00+00:00","dateModified":"2023-11-13T11:06:02+00:00","breadcrumb":{"@id":"https:\/\/jarekwasielewski.pl\/zwrzeszcza\/2012\/11\/gruse-aus-reichskolonie-czyli-pocztowkowy-cymes\/#breadcrumb"},"inLanguage":"pl-PL","potentialAction":[{"@type":"ReadAction","target":["https:\/\/jarekwasielewski.pl\/zwrzeszcza\/2012\/11\/gruse-aus-reichskolonie-czyli-pocztowkowy-cymes\/"]}]},{"@type":"ImageObject","inLanguage":"pl-PL","@id":"https:\/\/jarekwasielewski.pl\/zwrzeszcza\/2012\/11\/gruse-aus-reichskolonie-czyli-pocztowkowy-cymes\/#primaryimage","url":"https:\/\/jarekwasielewski.pl\/zwrzeszcza\/wp-content\/uploads\/2012\/11\/pocztowka_reichskolonie_1.jpg","contentUrl":"https:\/\/jarekwasielewski.pl\/zwrzeszcza\/wp-content\/uploads\/2012\/11\/pocztowka_reichskolonie_1.jpg","width":600,"height":401},{"@type":"BreadcrumbList","@id":"https:\/\/jarekwasielewski.pl\/zwrzeszcza\/2012\/11\/gruse-aus-reichskolonie-czyli-pocztowkowy-cymes\/#breadcrumb","itemListElement":[{"@type":"ListItem","position":1,"name":"Strona g\u0142\u00f3wna","item":"https:\/\/jarekwasielewski.pl\/zwrzeszcza\/"},{"@type":"ListItem","position":2,"name":"Gr\u00fc\u00dfe aus Reichskolonie czyli poczt\u00f3wkowy cymes"}]},{"@type":"WebSite","@id":"https:\/\/jarekwasielewski.pl\/zwrzeszcza\/#website","url":"https:\/\/jarekwasielewski.pl\/zwrzeszcza\/","name":"Wrzeszcza Jarka Wasielewskiego","description":"Blog Jarka Wasielewskiego o Wrzeszczu","publisher":{"@id":"https:\/\/jarekwasielewski.pl\/zwrzeszcza\/#\/schema\/person\/807e6ca1f9fadc1945bd9ac746422589"},"potentialAction":[{"@type":"SearchAction","target":{"@type":"EntryPoint","urlTemplate":"https:\/\/jarekwasielewski.pl\/zwrzeszcza\/?s={search_term_string}"},"query-input":{"@type":"PropertyValueSpecification","valueRequired":true,"valueName":"search_term_string"}}],"inLanguage":"pl-PL"},{"@type":["Person","Organization"],"@id":"https:\/\/jarekwasielewski.pl\/zwrzeszcza\/#\/schema\/person\/807e6ca1f9fadc1945bd9ac746422589","name":"Jarek Wasielewski","image":{"@type":"ImageObject","inLanguage":"pl-PL","@id":"http:\/\/jarekwasielewski.pl\/zwrzeszcza\/wp-content\/uploads\/2021\/09\/jw.png","url":"http:\/\/jarekwasielewski.pl\/zwrzeszcza\/wp-content\/uploads\/2021\/09\/jw.png","contentUrl":"http:\/\/jarekwasielewski.pl\/zwrzeszcza\/wp-content\/uploads\/2021\/09\/jw.png","width":715,"height":630,"caption":"Jarek Wasielewski"},"logo":{"@id":"http:\/\/jarekwasielewski.pl\/zwrzeszcza\/wp-content\/uploads\/2021\/09\/jw.png"},"sameAs":["http:\/\/jarekwasielewski.pl\/zwrzeszcza"]},{"@type":"Person","@id":"https:\/\/jarekwasielewski.pl\/zwrzeszcza\/#\/schema\/person\/d2582ae2f5d0ea9c9154fd6e4bcb3976","name":"Jarek Wasielewski","image":{"@type":"ImageObject","inLanguage":"pl-PL","@id":"https:\/\/secure.gravatar.com\/avatar\/?s=96&d=mm&r=g","url":"https:\/\/secure.gravatar.com\/avatar\/?s=96&d=mm&r=g","contentUrl":"https:\/\/secure.gravatar.com\/avatar\/?s=96&d=mm&r=g","caption":"Jarek Wasielewski"}}]}},"_links":{"self":[{"href":"https:\/\/jarekwasielewski.pl\/zwrzeszcza\/wp-json\/wp\/v2\/posts\/98","targetHints":{"allow":["GET"]}}],"collection":[{"href":"https:\/\/jarekwasielewski.pl\/zwrzeszcza\/wp-json\/wp\/v2\/posts"}],"about":[{"href":"https:\/\/jarekwasielewski.pl\/zwrzeszcza\/wp-json\/wp\/v2\/types\/post"}],"author":[{"embeddable":true,"href":"https:\/\/jarekwasielewski.pl\/zwrzeszcza\/wp-json\/wp\/v2\/users\/2"}],"replies":[{"embeddable":true,"href":"https:\/\/jarekwasielewski.pl\/zwrzeszcza\/wp-json\/wp\/v2\/comments?post=98"}],"version-history":[{"count":2,"href":"https:\/\/jarekwasielewski.pl\/zwrzeszcza\/wp-json\/wp\/v2\/posts\/98\/revisions"}],"predecessor-version":[{"id":5618,"href":"https:\/\/jarekwasielewski.pl\/zwrzeszcza\/wp-json\/wp\/v2\/posts\/98\/revisions\/5618"}],"wp:featuredmedia":[{"embeddable":true,"href":"https:\/\/jarekwasielewski.pl\/zwrzeszcza\/wp-json\/wp\/v2\/media\/480"}],"wp:attachment":[{"href":"https:\/\/jarekwasielewski.pl\/zwrzeszcza\/wp-json\/wp\/v2\/media?parent=98"}],"wp:term":[{"taxonomy":"category","embeddable":true,"href":"https:\/\/jarekwasielewski.pl\/zwrzeszcza\/wp-json\/wp\/v2\/categories?post=98"},{"taxonomy":"post_tag","embeddable":true,"href":"https:\/\/jarekwasielewski.pl\/zwrzeszcza\/wp-json\/wp\/v2\/tags?post=98"}],"curies":[{"name":"wp","href":"https:\/\/api.w.org\/{rel}","templated":true}]}}