{"id":91,"date":"2012-12-24T10:00:00","date_gmt":"2012-12-24T10:00:00","guid":{"rendered":"http:\/\/jotwu.16mb.com\/zwrzeszcza\/uncategorized\/wojenny-wrzeszcz-na-prywatnych-zdjeciach\/"},"modified":"2023-11-13T12:07:15","modified_gmt":"2023-11-13T11:07:15","slug":"wojenny-wrzeszcz-na-prywatnych-zdjeciach","status":"publish","type":"post","link":"https:\/\/jarekwasielewski.pl\/zwrzeszcza\/2012\/12\/wojenny-wrzeszcz-na-prywatnych-zdjeciach\/","title":{"rendered":"Wojenny Wrzeszcz na prywatnych zdj\u0119ciach"},"content":{"rendered":"<p style=\"text-align: justify;\">Dzi\u015b mia\u0142o by\u0107 o czym\u015b innym, ale zn\u00f3w b\u0119dzie o cudach wystawianych na niemieckim eBay&#8217;u. Ot\u00f3\u017c wczoraj zako\u0144czy\u0142o si\u0119 kilka bardzo ciekawych aukcji z Gda\u0144skiem i Wrzeszczem w roli g\u0142\u00f3wnej. Na sprzeda\u017c wystawiono prywatne zdj\u0119cia, zrobione podczas II wojny \u015bwiatowej. Te cztery zwr\u00f3ci\u0142y moj\u0105 szczeg\u00f3ln\u0105 uwag\u0119:<\/p>\n<p><a href=\"http:\/\/jarekwasielewski.pl\/zwrzeszcza\/wp-content\/uploads\/2012\/12\/foto2wsebay1.jpg\"><img loading=\"lazy\" decoding=\"async\" class=\"aligncenter size-full wp-image-3451\" src=\"http:\/\/jarekwasielewski.pl\/zwrzeszcza\/wp-content\/uploads\/2012\/12\/foto2wsebay1.jpg\" alt=\"\" width=\"700\" height=\"448\" srcset=\"https:\/\/jarekwasielewski.pl\/zwrzeszcza\/wp-content\/uploads\/2012\/12\/foto2wsebay1.jpg 700w, https:\/\/jarekwasielewski.pl\/zwrzeszcza\/wp-content\/uploads\/2012\/12\/foto2wsebay1-300x192.jpg 300w\" sizes=\"auto, (max-width: 700px) 100vw, 700px\" \/><\/a>Widzimy tu hangar lotniczy wrzeszcza\u0144skiego lotniska, sfotografowany jakby z biodra (zwracam uwag\u0119 na stylizowany hydrant!). Za\u0142o\u017c\u0119 si\u0119, \u017ce w\u015br\u00f3d Was s\u0105 tacy, kt\u00f3rzy potrafi\u0105 okre\u015bli\u0107 mark\u0119 i rok produkcji widocznych tam samochod\u00f3w&#8230; \ud83d\ude42<\/p>\n<p><a href=\"http:\/\/jarekwasielewski.pl\/zwrzeszcza\/wp-content\/uploads\/2012\/12\/foto2wsebay4.jpg\" target=\"_blank\" rel=\"noopener\"><img loading=\"lazy\" decoding=\"async\" class=\"aligncenter wp-image-3454 size-full\" src=\"http:\/\/jarekwasielewski.pl\/zwrzeszcza\/wp-content\/uploads\/2012\/12\/foto2wsebay4.jpg\" alt=\"\" width=\"700\" height=\"455\" srcset=\"https:\/\/jarekwasielewski.pl\/zwrzeszcza\/wp-content\/uploads\/2012\/12\/foto2wsebay4.jpg 700w, https:\/\/jarekwasielewski.pl\/zwrzeszcza\/wp-content\/uploads\/2012\/12\/foto2wsebay4-300x195.jpg 300w\" sizes=\"auto, (max-width: 700px) 100vw, 700px\" \/><\/a>Powy\u017cej widok z p\u0142yty lotniska na zabudowania Dolnego Wrzeszcza (wyra\u017anie wida\u0107 sylwetki ostatnich budynk\u00f3w przy <i>Heeresanger<\/i>\/al.Legion\u00f3w), zdj\u0119cie zrobiono dos\u0142ownie spod samolotu.<\/p>\n<p><a href=\"http:\/\/jarekwasielewski.pl\/zwrzeszcza\/wp-content\/uploads\/2012\/12\/foto2wsebay3.jpg\"><img loading=\"lazy\" decoding=\"async\" class=\"aligncenter size-full wp-image-3453\" src=\"http:\/\/jarekwasielewski.pl\/zwrzeszcza\/wp-content\/uploads\/2012\/12\/foto2wsebay3.jpg\" alt=\"\" width=\"700\" height=\"432\" srcset=\"https:\/\/jarekwasielewski.pl\/zwrzeszcza\/wp-content\/uploads\/2012\/12\/foto2wsebay3.jpg 700w, https:\/\/jarekwasielewski.pl\/zwrzeszcza\/wp-content\/uploads\/2012\/12\/foto2wsebay3-300x185.jpg 300w\" sizes=\"auto, (max-width: 700px) 100vw, 700px\" \/><\/a>Tutaj widzimy lotnisko w kierunku morza, z <i>Flughafenstrasse<\/i>\/ul. Braci Lewoniewskich; na dalszym planie wida\u0107 zaspia\u0144skie dwory (po lewej stronie najprawdopodobniej <i>M\u00fchlenhof<\/i>\/M\u0142yniec).<\/p>\n<p style=\"text-align: justify;\">Na koniec najlepsze zdj\u0119cie: Dolny Wrzeszcz widziany z powietrza, widok w kierunku p\u00f3\u0142nocno-wschodnim:<\/p>\n<p style=\"text-align: justify;\"><a href=\"http:\/\/jarekwasielewski.pl\/zwrzeszcza\/wp-content\/uploads\/2012\/12\/foto2wsebay2.jpg\" target=\"_blank\" rel=\"noopener\"><img loading=\"lazy\" decoding=\"async\" class=\"aligncenter wp-image-3452 size-full\" src=\"http:\/\/jarekwasielewski.pl\/zwrzeszcza\/wp-content\/uploads\/2012\/12\/foto2wsebay2.jpg\" alt=\"\" width=\"700\" height=\"463\" srcset=\"https:\/\/jarekwasielewski.pl\/zwrzeszcza\/wp-content\/uploads\/2012\/12\/foto2wsebay2.jpg 700w, https:\/\/jarekwasielewski.pl\/zwrzeszcza\/wp-content\/uploads\/2012\/12\/foto2wsebay2-300x198.jpg 300w\" sizes=\"auto, (max-width: 700px) 100vw, 700px\" \/><\/a>Spod skrzyd\u0142a&nbsp; &#8222;wystaje&#8221; kawa\u0142ek bia\u0142ego budynku <i>Gundrunschule <\/i>(Wydzia\u0142 Farmacji GUM-ed przy al. gen. Hallera), pod literk\u0105 <i>B<\/i> ukrywa si\u0119 <i>Christuskirche <\/i>przy ul. Mickiewicza, pod <i>SS<\/i> mamy pl. Komorowskiego &#8211; reszt\u0119 rozszyfrujcie sobie sami \ud83d\ude09<\/p>\n<p style=\"text-align: justify;\">Zdj\u0119cia te \u201eposz\u0142y\u201d za ok. 20-30 euro za sztuk\u0119!<\/p>\n<p style=\"text-align: justify;\">I tym razem gratuluj\u0119 szcz\u0119\u015bliwemu nabywcy \u2013 kimkolwiek jest \ud83d\ude42<\/p>\n","protected":false},"excerpt":{"rendered":"<p>Dzi\u015b mia\u0142o by\u0107 o czym\u015b innym, ale zn\u00f3w b\u0119dzie o cudach wystawianych na niemieckim eBay&#8217;u. Ot\u00f3\u017c wczoraj zako\u0144czy\u0142o si\u0119 kilka bardzo ciekawych aukcji z Gda\u0144skiem i Wrzeszczem w roli g\u0142\u00f3wnej. Na sprzeda\u017c wystawiono prywatne zdj\u0119cia, zrobione podczas II wojny \u015bwiatowej. Te cztery zwr\u00f3ci\u0142y moj\u0105 szczeg\u00f3ln\u0105 uwag\u0119: Widzimy tu hangar lotniczy wrzeszcza\u0144skiego lotniska, sfotografowany jakby z&hellip;<\/p>\n","protected":false},"author":2,"featured_media":1627,"comment_status":"open","ping_status":"open","sticky":false,"template":"","format":"standard","meta":{"ngg_post_thumbnail":0,"footnotes":""},"categories":[7,8],"tags":[],"class_list":["post-91","post","type-post","status-publish","format-standard","has-post-thumbnail","hentry","category-przed-1945","category-wszystkie"],"yoast_head":"<!-- This site is optimized with the Yoast SEO plugin v27.3 - https:\/\/yoast.com\/product\/yoast-seo-wordpress\/ -->\n<title>Wojenny Wrzeszcz na prywatnych zdj\u0119ciach - Wrzeszcz Jarka Wasielewskiego<\/title>\n<meta name=\"robots\" content=\"index, follow, max-snippet:-1, max-image-preview:large, max-video-preview:-1\" \/>\n<link rel=\"canonical\" href=\"https:\/\/jarekwasielewski.pl\/zwrzeszcza\/2012\/12\/wojenny-wrzeszcz-na-prywatnych-zdjeciach\/\" \/>\n<meta property=\"og:locale\" content=\"pl_PL\" \/>\n<meta property=\"og:type\" content=\"article\" \/>\n<meta property=\"og:title\" content=\"Wojenny Wrzeszcz na prywatnych zdj\u0119ciach - Wrzeszcz Jarka Wasielewskiego\" \/>\n<meta property=\"og:description\" content=\"Dzi\u015b mia\u0142o by\u0107 o czym\u015b innym, ale zn\u00f3w b\u0119dzie o cudach wystawianych na niemieckim eBay&#8217;u. Ot\u00f3\u017c wczoraj zako\u0144czy\u0142o si\u0119 kilka bardzo ciekawych aukcji z Gda\u0144skiem i Wrzeszczem w roli g\u0142\u00f3wnej. Na sprzeda\u017c wystawiono prywatne zdj\u0119cia, zrobione podczas II wojny \u015bwiatowej. Te cztery zwr\u00f3ci\u0142y moj\u0105 szczeg\u00f3ln\u0105 uwag\u0119: Widzimy tu hangar lotniczy wrzeszcza\u0144skiego lotniska, sfotografowany jakby z&hellip;\" \/>\n<meta property=\"og:url\" content=\"https:\/\/jarekwasielewski.pl\/zwrzeszcza\/2012\/12\/wojenny-wrzeszcz-na-prywatnych-zdjeciach\/\" \/>\n<meta property=\"og:site_name\" content=\"Wrzeszcz Jarka Wasielewskiego\" \/>\n<meta property=\"article:published_time\" content=\"2012-12-24T10:00:00+00:00\" \/>\n<meta property=\"article:modified_time\" content=\"2023-11-13T11:07:15+00:00\" \/>\n<meta property=\"og:image\" content=\"https:\/\/jarekwasielewski.pl\/zwrzeszcza\/wp-content\/uploads\/ngg_featured\/foto2wsebay1.jpg\" \/>\n\t<meta property=\"og:image:width\" content=\"700\" \/>\n\t<meta property=\"og:image:height\" content=\"448\" \/>\n\t<meta property=\"og:image:type\" content=\"image\/jpeg\" \/>\n<meta name=\"author\" content=\"Jarek Wasielewski\" \/>\n<meta name=\"twitter:card\" content=\"summary_large_image\" \/>\n<meta name=\"twitter:label1\" content=\"Napisane przez\" \/>\n\t<meta name=\"twitter:data1\" content=\"Jarek Wasielewski\" \/>\n\t<meta name=\"twitter:label2\" content=\"Szacowany czas czytania\" \/>\n\t<meta name=\"twitter:data2\" content=\"2 minuty\" \/>\n<script type=\"application\/ld+json\" class=\"yoast-schema-graph\">{\"@context\":\"https:\\\/\\\/schema.org\",\"@graph\":[{\"@type\":\"Article\",\"@id\":\"https:\\\/\\\/jarekwasielewski.pl\\\/zwrzeszcza\\\/2012\\\/12\\\/wojenny-wrzeszcz-na-prywatnych-zdjeciach\\\/#article\",\"isPartOf\":{\"@id\":\"https:\\\/\\\/jarekwasielewski.pl\\\/zwrzeszcza\\\/2012\\\/12\\\/wojenny-wrzeszcz-na-prywatnych-zdjeciach\\\/\"},\"author\":{\"name\":\"Jarek Wasielewski\",\"@id\":\"https:\\\/\\\/jarekwasielewski.pl\\\/zwrzeszcza\\\/#\\\/schema\\\/person\\\/d2582ae2f5d0ea9c9154fd6e4bcb3976\"},\"headline\":\"Wojenny Wrzeszcz na prywatnych zdj\u0119ciach\",\"datePublished\":\"2012-12-24T10:00:00+00:00\",\"dateModified\":\"2023-11-13T11:07:15+00:00\",\"mainEntityOfPage\":{\"@id\":\"https:\\\/\\\/jarekwasielewski.pl\\\/zwrzeszcza\\\/2012\\\/12\\\/wojenny-wrzeszcz-na-prywatnych-zdjeciach\\\/\"},\"wordCount\":231,\"commentCount\":2,\"publisher\":{\"@id\":\"https:\\\/\\\/jarekwasielewski.pl\\\/zwrzeszcza\\\/#\\\/schema\\\/person\\\/807e6ca1f9fadc1945bd9ac746422589\"},\"image\":{\"@id\":\"https:\\\/\\\/jarekwasielewski.pl\\\/zwrzeszcza\\\/2012\\\/12\\\/wojenny-wrzeszcz-na-prywatnych-zdjeciach\\\/#primaryimage\"},\"thumbnailUrl\":\"https:\\\/\\\/jarekwasielewski.pl\\\/zwrzeszcza\\\/wp-content\\\/uploads\\\/ngg_featured\\\/foto2wsebay1.jpg\",\"articleSection\":[\"Przed 1945\",\"Wszystkie\"],\"inLanguage\":\"pl-PL\",\"potentialAction\":[{\"@type\":\"CommentAction\",\"name\":\"Comment\",\"target\":[\"https:\\\/\\\/jarekwasielewski.pl\\\/zwrzeszcza\\\/2012\\\/12\\\/wojenny-wrzeszcz-na-prywatnych-zdjeciach\\\/#respond\"]}]},{\"@type\":\"WebPage\",\"@id\":\"https:\\\/\\\/jarekwasielewski.pl\\\/zwrzeszcza\\\/2012\\\/12\\\/wojenny-wrzeszcz-na-prywatnych-zdjeciach\\\/\",\"url\":\"https:\\\/\\\/jarekwasielewski.pl\\\/zwrzeszcza\\\/2012\\\/12\\\/wojenny-wrzeszcz-na-prywatnych-zdjeciach\\\/\",\"name\":\"Wojenny Wrzeszcz na prywatnych zdj\u0119ciach - Wrzeszcz Jarka Wasielewskiego\",\"isPartOf\":{\"@id\":\"https:\\\/\\\/jarekwasielewski.pl\\\/zwrzeszcza\\\/#website\"},\"primaryImageOfPage\":{\"@id\":\"https:\\\/\\\/jarekwasielewski.pl\\\/zwrzeszcza\\\/2012\\\/12\\\/wojenny-wrzeszcz-na-prywatnych-zdjeciach\\\/#primaryimage\"},\"image\":{\"@id\":\"https:\\\/\\\/jarekwasielewski.pl\\\/zwrzeszcza\\\/2012\\\/12\\\/wojenny-wrzeszcz-na-prywatnych-zdjeciach\\\/#primaryimage\"},\"thumbnailUrl\":\"https:\\\/\\\/jarekwasielewski.pl\\\/zwrzeszcza\\\/wp-content\\\/uploads\\\/ngg_featured\\\/foto2wsebay1.jpg\",\"datePublished\":\"2012-12-24T10:00:00+00:00\",\"dateModified\":\"2023-11-13T11:07:15+00:00\",\"breadcrumb\":{\"@id\":\"https:\\\/\\\/jarekwasielewski.pl\\\/zwrzeszcza\\\/2012\\\/12\\\/wojenny-wrzeszcz-na-prywatnych-zdjeciach\\\/#breadcrumb\"},\"inLanguage\":\"pl-PL\",\"potentialAction\":[{\"@type\":\"ReadAction\",\"target\":[\"https:\\\/\\\/jarekwasielewski.pl\\\/zwrzeszcza\\\/2012\\\/12\\\/wojenny-wrzeszcz-na-prywatnych-zdjeciach\\\/\"]}]},{\"@type\":\"ImageObject\",\"inLanguage\":\"pl-PL\",\"@id\":\"https:\\\/\\\/jarekwasielewski.pl\\\/zwrzeszcza\\\/2012\\\/12\\\/wojenny-wrzeszcz-na-prywatnych-zdjeciach\\\/#primaryimage\",\"url\":\"https:\\\/\\\/jarekwasielewski.pl\\\/zwrzeszcza\\\/wp-content\\\/uploads\\\/ngg_featured\\\/foto2wsebay1.jpg\",\"contentUrl\":\"https:\\\/\\\/jarekwasielewski.pl\\\/zwrzeszcza\\\/wp-content\\\/uploads\\\/ngg_featured\\\/foto2wsebay1.jpg\",\"width\":700,\"height\":448},{\"@type\":\"BreadcrumbList\",\"@id\":\"https:\\\/\\\/jarekwasielewski.pl\\\/zwrzeszcza\\\/2012\\\/12\\\/wojenny-wrzeszcz-na-prywatnych-zdjeciach\\\/#breadcrumb\",\"itemListElement\":[{\"@type\":\"ListItem\",\"position\":1,\"name\":\"Strona g\u0142\u00f3wna\",\"item\":\"https:\\\/\\\/jarekwasielewski.pl\\\/zwrzeszcza\\\/\"},{\"@type\":\"ListItem\",\"position\":2,\"name\":\"Wojenny Wrzeszcz na prywatnych zdj\u0119ciach\"}]},{\"@type\":\"WebSite\",\"@id\":\"https:\\\/\\\/jarekwasielewski.pl\\\/zwrzeszcza\\\/#website\",\"url\":\"https:\\\/\\\/jarekwasielewski.pl\\\/zwrzeszcza\\\/\",\"name\":\"Wrzeszcza Jarka Wasielewskiego\",\"description\":\"Blog Jarka Wasielewskiego o Wrzeszczu\",\"publisher\":{\"@id\":\"https:\\\/\\\/jarekwasielewski.pl\\\/zwrzeszcza\\\/#\\\/schema\\\/person\\\/807e6ca1f9fadc1945bd9ac746422589\"},\"potentialAction\":[{\"@type\":\"SearchAction\",\"target\":{\"@type\":\"EntryPoint\",\"urlTemplate\":\"https:\\\/\\\/jarekwasielewski.pl\\\/zwrzeszcza\\\/?s={search_term_string}\"},\"query-input\":{\"@type\":\"PropertyValueSpecification\",\"valueRequired\":true,\"valueName\":\"search_term_string\"}}],\"inLanguage\":\"pl-PL\"},{\"@type\":[\"Person\",\"Organization\"],\"@id\":\"https:\\\/\\\/jarekwasielewski.pl\\\/zwrzeszcza\\\/#\\\/schema\\\/person\\\/807e6ca1f9fadc1945bd9ac746422589\",\"name\":\"Jarek Wasielewski\",\"image\":{\"@type\":\"ImageObject\",\"inLanguage\":\"pl-PL\",\"@id\":\"http:\\\/\\\/jarekwasielewski.pl\\\/zwrzeszcza\\\/wp-content\\\/uploads\\\/2021\\\/09\\\/jw.png\",\"url\":\"http:\\\/\\\/jarekwasielewski.pl\\\/zwrzeszcza\\\/wp-content\\\/uploads\\\/2021\\\/09\\\/jw.png\",\"contentUrl\":\"http:\\\/\\\/jarekwasielewski.pl\\\/zwrzeszcza\\\/wp-content\\\/uploads\\\/2021\\\/09\\\/jw.png\",\"width\":715,\"height\":630,\"caption\":\"Jarek Wasielewski\"},\"logo\":{\"@id\":\"http:\\\/\\\/jarekwasielewski.pl\\\/zwrzeszcza\\\/wp-content\\\/uploads\\\/2021\\\/09\\\/jw.png\"},\"sameAs\":[\"http:\\\/\\\/jarekwasielewski.pl\\\/zwrzeszcza\"]},{\"@type\":\"Person\",\"@id\":\"https:\\\/\\\/jarekwasielewski.pl\\\/zwrzeszcza\\\/#\\\/schema\\\/person\\\/d2582ae2f5d0ea9c9154fd6e4bcb3976\",\"name\":\"Jarek Wasielewski\",\"image\":{\"@type\":\"ImageObject\",\"inLanguage\":\"pl-PL\",\"@id\":\"https:\\\/\\\/secure.gravatar.com\\\/avatar\\\/?s=96&d=mm&r=g\",\"url\":\"https:\\\/\\\/secure.gravatar.com\\\/avatar\\\/?s=96&d=mm&r=g\",\"contentUrl\":\"https:\\\/\\\/secure.gravatar.com\\\/avatar\\\/?s=96&d=mm&r=g\",\"caption\":\"Jarek Wasielewski\"}}]}<\/script>\n<!-- \/ Yoast SEO plugin. -->","yoast_head_json":{"title":"Wojenny Wrzeszcz na prywatnych zdj\u0119ciach - Wrzeszcz Jarka Wasielewskiego","robots":{"index":"index","follow":"follow","max-snippet":"max-snippet:-1","max-image-preview":"max-image-preview:large","max-video-preview":"max-video-preview:-1"},"canonical":"https:\/\/jarekwasielewski.pl\/zwrzeszcza\/2012\/12\/wojenny-wrzeszcz-na-prywatnych-zdjeciach\/","og_locale":"pl_PL","og_type":"article","og_title":"Wojenny Wrzeszcz na prywatnych zdj\u0119ciach - Wrzeszcz Jarka Wasielewskiego","og_description":"Dzi\u015b mia\u0142o by\u0107 o czym\u015b innym, ale zn\u00f3w b\u0119dzie o cudach wystawianych na niemieckim eBay&#8217;u. Ot\u00f3\u017c wczoraj zako\u0144czy\u0142o si\u0119 kilka bardzo ciekawych aukcji z Gda\u0144skiem i Wrzeszczem w roli g\u0142\u00f3wnej. Na sprzeda\u017c wystawiono prywatne zdj\u0119cia, zrobione podczas II wojny \u015bwiatowej. Te cztery zwr\u00f3ci\u0142y moj\u0105 szczeg\u00f3ln\u0105 uwag\u0119: Widzimy tu hangar lotniczy wrzeszcza\u0144skiego lotniska, sfotografowany jakby z&hellip;","og_url":"https:\/\/jarekwasielewski.pl\/zwrzeszcza\/2012\/12\/wojenny-wrzeszcz-na-prywatnych-zdjeciach\/","og_site_name":"Wrzeszcz Jarka Wasielewskiego","article_published_time":"2012-12-24T10:00:00+00:00","article_modified_time":"2023-11-13T11:07:15+00:00","og_image":[{"width":700,"height":448,"url":"https:\/\/jarekwasielewski.pl\/zwrzeszcza\/wp-content\/uploads\/ngg_featured\/foto2wsebay1.jpg","type":"image\/jpeg"}],"author":"Jarek Wasielewski","twitter_card":"summary_large_image","twitter_misc":{"Napisane przez":"Jarek Wasielewski","Szacowany czas czytania":"2 minuty"},"schema":{"@context":"https:\/\/schema.org","@graph":[{"@type":"Article","@id":"https:\/\/jarekwasielewski.pl\/zwrzeszcza\/2012\/12\/wojenny-wrzeszcz-na-prywatnych-zdjeciach\/#article","isPartOf":{"@id":"https:\/\/jarekwasielewski.pl\/zwrzeszcza\/2012\/12\/wojenny-wrzeszcz-na-prywatnych-zdjeciach\/"},"author":{"name":"Jarek Wasielewski","@id":"https:\/\/jarekwasielewski.pl\/zwrzeszcza\/#\/schema\/person\/d2582ae2f5d0ea9c9154fd6e4bcb3976"},"headline":"Wojenny Wrzeszcz na prywatnych zdj\u0119ciach","datePublished":"2012-12-24T10:00:00+00:00","dateModified":"2023-11-13T11:07:15+00:00","mainEntityOfPage":{"@id":"https:\/\/jarekwasielewski.pl\/zwrzeszcza\/2012\/12\/wojenny-wrzeszcz-na-prywatnych-zdjeciach\/"},"wordCount":231,"commentCount":2,"publisher":{"@id":"https:\/\/jarekwasielewski.pl\/zwrzeszcza\/#\/schema\/person\/807e6ca1f9fadc1945bd9ac746422589"},"image":{"@id":"https:\/\/jarekwasielewski.pl\/zwrzeszcza\/2012\/12\/wojenny-wrzeszcz-na-prywatnych-zdjeciach\/#primaryimage"},"thumbnailUrl":"https:\/\/jarekwasielewski.pl\/zwrzeszcza\/wp-content\/uploads\/ngg_featured\/foto2wsebay1.jpg","articleSection":["Przed 1945","Wszystkie"],"inLanguage":"pl-PL","potentialAction":[{"@type":"CommentAction","name":"Comment","target":["https:\/\/jarekwasielewski.pl\/zwrzeszcza\/2012\/12\/wojenny-wrzeszcz-na-prywatnych-zdjeciach\/#respond"]}]},{"@type":"WebPage","@id":"https:\/\/jarekwasielewski.pl\/zwrzeszcza\/2012\/12\/wojenny-wrzeszcz-na-prywatnych-zdjeciach\/","url":"https:\/\/jarekwasielewski.pl\/zwrzeszcza\/2012\/12\/wojenny-wrzeszcz-na-prywatnych-zdjeciach\/","name":"Wojenny Wrzeszcz na prywatnych zdj\u0119ciach - Wrzeszcz Jarka Wasielewskiego","isPartOf":{"@id":"https:\/\/jarekwasielewski.pl\/zwrzeszcza\/#website"},"primaryImageOfPage":{"@id":"https:\/\/jarekwasielewski.pl\/zwrzeszcza\/2012\/12\/wojenny-wrzeszcz-na-prywatnych-zdjeciach\/#primaryimage"},"image":{"@id":"https:\/\/jarekwasielewski.pl\/zwrzeszcza\/2012\/12\/wojenny-wrzeszcz-na-prywatnych-zdjeciach\/#primaryimage"},"thumbnailUrl":"https:\/\/jarekwasielewski.pl\/zwrzeszcza\/wp-content\/uploads\/ngg_featured\/foto2wsebay1.jpg","datePublished":"2012-12-24T10:00:00+00:00","dateModified":"2023-11-13T11:07:15+00:00","breadcrumb":{"@id":"https:\/\/jarekwasielewski.pl\/zwrzeszcza\/2012\/12\/wojenny-wrzeszcz-na-prywatnych-zdjeciach\/#breadcrumb"},"inLanguage":"pl-PL","potentialAction":[{"@type":"ReadAction","target":["https:\/\/jarekwasielewski.pl\/zwrzeszcza\/2012\/12\/wojenny-wrzeszcz-na-prywatnych-zdjeciach\/"]}]},{"@type":"ImageObject","inLanguage":"pl-PL","@id":"https:\/\/jarekwasielewski.pl\/zwrzeszcza\/2012\/12\/wojenny-wrzeszcz-na-prywatnych-zdjeciach\/#primaryimage","url":"https:\/\/jarekwasielewski.pl\/zwrzeszcza\/wp-content\/uploads\/ngg_featured\/foto2wsebay1.jpg","contentUrl":"https:\/\/jarekwasielewski.pl\/zwrzeszcza\/wp-content\/uploads\/ngg_featured\/foto2wsebay1.jpg","width":700,"height":448},{"@type":"BreadcrumbList","@id":"https:\/\/jarekwasielewski.pl\/zwrzeszcza\/2012\/12\/wojenny-wrzeszcz-na-prywatnych-zdjeciach\/#breadcrumb","itemListElement":[{"@type":"ListItem","position":1,"name":"Strona g\u0142\u00f3wna","item":"https:\/\/jarekwasielewski.pl\/zwrzeszcza\/"},{"@type":"ListItem","position":2,"name":"Wojenny Wrzeszcz na prywatnych zdj\u0119ciach"}]},{"@type":"WebSite","@id":"https:\/\/jarekwasielewski.pl\/zwrzeszcza\/#website","url":"https:\/\/jarekwasielewski.pl\/zwrzeszcza\/","name":"Wrzeszcza Jarka Wasielewskiego","description":"Blog Jarka Wasielewskiego o Wrzeszczu","publisher":{"@id":"https:\/\/jarekwasielewski.pl\/zwrzeszcza\/#\/schema\/person\/807e6ca1f9fadc1945bd9ac746422589"},"potentialAction":[{"@type":"SearchAction","target":{"@type":"EntryPoint","urlTemplate":"https:\/\/jarekwasielewski.pl\/zwrzeszcza\/?s={search_term_string}"},"query-input":{"@type":"PropertyValueSpecification","valueRequired":true,"valueName":"search_term_string"}}],"inLanguage":"pl-PL"},{"@type":["Person","Organization"],"@id":"https:\/\/jarekwasielewski.pl\/zwrzeszcza\/#\/schema\/person\/807e6ca1f9fadc1945bd9ac746422589","name":"Jarek Wasielewski","image":{"@type":"ImageObject","inLanguage":"pl-PL","@id":"http:\/\/jarekwasielewski.pl\/zwrzeszcza\/wp-content\/uploads\/2021\/09\/jw.png","url":"http:\/\/jarekwasielewski.pl\/zwrzeszcza\/wp-content\/uploads\/2021\/09\/jw.png","contentUrl":"http:\/\/jarekwasielewski.pl\/zwrzeszcza\/wp-content\/uploads\/2021\/09\/jw.png","width":715,"height":630,"caption":"Jarek Wasielewski"},"logo":{"@id":"http:\/\/jarekwasielewski.pl\/zwrzeszcza\/wp-content\/uploads\/2021\/09\/jw.png"},"sameAs":["http:\/\/jarekwasielewski.pl\/zwrzeszcza"]},{"@type":"Person","@id":"https:\/\/jarekwasielewski.pl\/zwrzeszcza\/#\/schema\/person\/d2582ae2f5d0ea9c9154fd6e4bcb3976","name":"Jarek Wasielewski","image":{"@type":"ImageObject","inLanguage":"pl-PL","@id":"https:\/\/secure.gravatar.com\/avatar\/?s=96&d=mm&r=g","url":"https:\/\/secure.gravatar.com\/avatar\/?s=96&d=mm&r=g","contentUrl":"https:\/\/secure.gravatar.com\/avatar\/?s=96&d=mm&r=g","caption":"Jarek Wasielewski"}}]}},"_links":{"self":[{"href":"https:\/\/jarekwasielewski.pl\/zwrzeszcza\/wp-json\/wp\/v2\/posts\/91","targetHints":{"allow":["GET"]}}],"collection":[{"href":"https:\/\/jarekwasielewski.pl\/zwrzeszcza\/wp-json\/wp\/v2\/posts"}],"about":[{"href":"https:\/\/jarekwasielewski.pl\/zwrzeszcza\/wp-json\/wp\/v2\/types\/post"}],"author":[{"embeddable":true,"href":"https:\/\/jarekwasielewski.pl\/zwrzeszcza\/wp-json\/wp\/v2\/users\/2"}],"replies":[{"embeddable":true,"href":"https:\/\/jarekwasielewski.pl\/zwrzeszcza\/wp-json\/wp\/v2\/comments?post=91"}],"version-history":[{"count":1,"href":"https:\/\/jarekwasielewski.pl\/zwrzeszcza\/wp-json\/wp\/v2\/posts\/91\/revisions"}],"predecessor-version":[{"id":5620,"href":"https:\/\/jarekwasielewski.pl\/zwrzeszcza\/wp-json\/wp\/v2\/posts\/91\/revisions\/5620"}],"wp:featuredmedia":[{"embeddable":true,"href":"https:\/\/jarekwasielewski.pl\/zwrzeszcza\/wp-json\/wp\/v2\/media\/1627"}],"wp:attachment":[{"href":"https:\/\/jarekwasielewski.pl\/zwrzeszcza\/wp-json\/wp\/v2\/media?parent=91"}],"wp:term":[{"taxonomy":"category","embeddable":true,"href":"https:\/\/jarekwasielewski.pl\/zwrzeszcza\/wp-json\/wp\/v2\/categories?post=91"},{"taxonomy":"post_tag","embeddable":true,"href":"https:\/\/jarekwasielewski.pl\/zwrzeszcza\/wp-json\/wp\/v2\/tags?post=91"}],"curies":[{"name":"wp","href":"https:\/\/api.w.org\/{rel}","templated":true}]}}