{"id":9,"date":"2014-09-01T18:43:00","date_gmt":"2014-09-01T18:43:00","guid":{"rendered":"http:\/\/jotwu.16mb.com\/zwrzeszcza\/uncategorized\/sezon-wrzeszczanskich-wykopalisk\/"},"modified":"2023-11-13T12:14:59","modified_gmt":"2023-11-13T11:14:59","slug":"sezon-wrzeszczanskich-wykopalisk","status":"publish","type":"post","link":"https:\/\/jarekwasielewski.pl\/zwrzeszcza\/2014\/09\/sezon-wrzeszczanskich-wykopalisk\/","title":{"rendered":"Sezon wrzeszcza\u0144skich wykopalisk"},"content":{"rendered":"<p style=\"text-align: justify;\">Ka\u017cde gda\u0144skie dziecko wie, \u017ce jak pogrzebie z ziemi wystarczaj\u0105co g\u0142\u0119boko, to pr\u0119dzej czy p\u00f3\u017aniej znajdzie ciekawy fant. Nic dziwnego wi\u0119c, \u017ce trwaj\u0105ca od kilku lat gigantyczna przebudowa okolic wrzeszcza\u0144skiego dworca przynios\u0142a ze sob\u0105 sporo ciekawych odkry\u0107. My\u015bl\u0119, \u017ce warto podsumowa\u0107 te znaleziska.<\/p>\n<p style=\"text-align: justify;\">1) Zacz\u0119\u0142o si\u0119 wczesn\u0105 wiosn\u0105, <a href=\"http:\/\/www.trojmiasto.pl\/wiadomosci\/Wielka-metamorfoza-malej-dzielnicy-n78957.html\" target=\"_blank\" rel=\"noopener\">od piwnic i fundament\u00f3w pierwszego wrzeszcza\u0144skiego dworca kolejowego<\/a>.&nbsp;&nbsp;Przypomn\u0119: oddano go do u\u017cytku w 1870 roku; by\u0142 to pi\u0119trowy budynek z parterowymi skrzyd\u0142ami i dwuspadowym dachem &#8211; <a href=\"http:\/\/jarekwasielewski.pl\/zwrzeszcza\/2013\/03\/wrzeszczanskie-dworce-kolejowe\/\" target=\"_blank\" rel=\"noopener\">pisa\u0142em o nim jaki\u015b czas temu<\/a>. Przez kilka tygodni to, co po nim zosta\u0142o po zniszczeniu w 1945 roku, mo\u017cna by\u0142o ogl\u0105da\u0107 na ty\u0142ach baru BIOWAY:<\/p>\nngg_shortcode_0_placeholder\n<p style=\"text-align: justify;\">Ca\u0142o\u015b\u0107 zosta\u0142a szybko zalana betonem i nigdy wi\u0119cej jej nie zobaczymy&nbsp;&#8211; obecnie stoi tam mur oporowy i biegnie nowy tor.<\/p>\n<p style=\"text-align: justify;\">2) Wkr\u00f3tce potem <a href=\"http:\/\/www.trojmiasto.pl\/wiadomosci\/W-browarze-we-Wrzeszczu-odslonieto-zabytkowe-piwnice-slodowe-n80743.html\" target=\"_blank\" rel=\"noopener\">na terenie dawnego browaru dokopano si\u0119 do klepiskowych piwnic s\u0142odowych z pocz\u0105tku XIX wieku<\/a>, a wi\u0119c jeszcze sprzed powstania zak\u0142adu przemys\u0142owego:<\/p>\n<p style=\"text-align: justify;\">Przypomn\u0119: zak\u0142ad powsta\u0142 na terenie Ku\u017aniczek, maj\u0105tku istniej\u0105cego ju\u017c w XVI wieku. Po owej posiad\u0142o\u015bci do czas\u00f3w wsp\u00f3\u0142czesnych przetrwa\u0142 staw, kawa\u0142ek parku oraz dw\u00f3r.<\/p>\n<p style=\"text-align: justify;\">3) W tym samym miejscu latem&nbsp;<a href=\"http:\/\/www.trojmiasto.pl\/wiadomosci\/Odkryto-XVIII-wieczny-kanal-Strzyzy-we-Wrzeszczu-n81877.html\" target=\"_blank\" rel=\"noopener\">archeolodzy dokopali si\u0119 do XVIII-wiecznego kaskadowego kana\u0142u Strzy\u017cy<\/a>.&nbsp;Przebiegaj\u0105cy prostopadle do dzisiejszej ul. Kili\u0144skiego kana\u0142 by\u0142 cz\u0119\u015bci\u0105 malowniczego za\u0142o\u017cenia parkowego.<\/p>\n<p style=\"text-align: justify;\">4) Nied\u0142ugo potem <a href=\"http:\/\/www.trojmiasto.pl\/wiadomosci\/Kamien-graniczny-sprzed-250-lat-odkryto-na-budowie-we-Wrzeszczu-n82465.html\" target=\"_blank\" rel=\"noopener\">natrafiono na sporej wielko\u015bci osiemnastowieczny granitowy kamie\u0144 graniczny<\/a>. Jak si\u0119 wkr\u00f3tce okaza\u0142o, kamie\u0144 le\u017ca\u0142 od d\u0142u\u017cszego czasu przy ul. Wary\u0144skiego, po czym zosta\u0142 przesuni\u0119ty bli\u017cej tor\u00f3w kolejowych, na plac budowy. Letnia ulewa zmy\u0142a z niego b\u0142oto, dzi\u0119ki czemu zauwa\u017cono na nim \u0142aci\u0144ski napis: <i>D.H. A8 1756 D 2 APRIL GRAENTZSTEIN<\/i>, czyli <i>Deditheres Anno 1756 Domini 2 Aprilis Graentzstein<\/i>, co w t\u0142umaczeniu na polski oznacza: <i>Kamie\u0144 graniczny po\u0142o\u017cy\u0142 dziedzic Roku Pa\u0144skiego 1756 drugiego kwietnia<\/i>.<\/p>\n<div style=\"width: 943px\" class=\"wp-caption alignnone\"><img loading=\"lazy\" decoding=\"async\" src=\"https:\/\/d-nm.ppstatic.pl\/kadr\/k\/r\/85\/3f\/53f3508371a5e_o,size,933x0,q,70,h,f607fc.jpg\" alt=\"\" width=\"933\" height=\"621\"><p class=\"wp-caption-text\">fot. M. Adamkowicz\/gdansk.naszemiasto.pl<\/p><\/div>\n<p style=\"text-align: justify;\">Jaki dziedzic? Miejsce, w kt\u00f3rym le\u017ca\u0142 kamie\u0144 \u2013 okolice ul. Wary\u0144skiego \u2013 sugeruje dziedzica wsi Wrzeszcz. Na zlecenie konserwatora zabytk\u00f3w &#8211; ale dopiero po reakcji tzw. czynnika spo\u0142ecznego &#8211;&nbsp;<a href=\"http:\/\/gdansk.naszemiasto.pl\/artykul\/zabezpieczyli-unikatowy-kamien-graniczny-z-wrzeszcza,2390769,artgal,t,id,tm.html\" target=\"_blank\" rel=\"noopener\">kamie\u0144 zabrano do zbadania<\/a>.<\/p>\n<p style=\"text-align: justify;\">5) Jednocze\u015bnie w murze oporowym po stronie ul. Zator-Przytockiego, na wysoko\u015bci nieczynnej nastawni bramowej, <a href=\"http:\/\/forum.dawnygdansk.pl\/viewtopic.php?p=146078#146078\" target=\"_blank\" rel=\"noopener\">ods\u0142oni\u0119to elementy konstrukcji przepustu Potoku Ja\u015bkowej Doliny pod nasypem kolejowym<\/a>.<\/p>\n<div style=\"width: 457px\" class=\"wp-caption aligncenter\"><img loading=\"lazy\" decoding=\"async\" src=\"http:\/\/forum.dawnygdansk.pl\/files\/dscf4821_404.jpg\" alt=\"\" width=\"451\" height=\"340\"><p class=\"wp-caption-text\">fot. Krzysztof\/Forum Dawny Gda\u0144sk (forum.dawnygdansk.pl)<\/p><\/div>\n<p style=\"text-align: justify;\">Przypuszczalnie by\u0142o to najstarsze, ceglane sklepienie sprzed 1870 roku, powsta\u0142e przed po\u0142o\u017ceniem torowiska oraz sklepienie betonowe z drugiej dekady XX wieku, kiedy to podniesiono torowisko na nasyp. Po kilku dniach przepust z powrotem zamurowano.<\/p>\n<p>Tyle wyliczanki, teraz kilka uwag w\u0142asnych.<\/p>\n<p style=\"text-align: justify;\">Powy\u017cszych pi\u0119\u0107 &#8222;znalezisk&#8221; ma rozmaity charakter i ci\u0119\u017car gatunkowy. Jedne s\u0105 sensacyjne (kamie\u0144, kana\u0142), innych nale\u017ca\u0142o si\u0119 spodziewa\u0107 (piwnice, dworzec, przepust potoku). Teoretycznie jedne wa\u017cniejsze s\u0105 od innych, w praktyce jednak wszystkie one s\u0105 \u015bwiadectwami czas\u00f3w, kiedy Wrzeszcz by\u0142 jeszcze podgda\u0144sk\u0105 wsi\u0105 (kamie\u0144, kana\u0142) lub dopiero stawa\u0142 si\u0119 wielkomiejsk\u0105 dzielnic\u0105 (piwnice, dworzec, przepust potoku), zachowuj\u0105c jeszcze sw\u00f3j wiejski charakter. Czyli m\u00f3wi\u0105c pro\u015bciej: s\u0105 to najstarsze i najcenniejsze pami\u0105tki po dawnym Wrzeszczu.<\/p>\n<p style=\"text-align: justify;\">O ile w przypadku terenu dawnego browaru w pracach ziemnych bior\u0105 udzia\u0142 archeolodzy i czuwa konserwator zabytk\u00f3w, to w pozosta\u0142ych miejscach takiej ochrony brak. O ile mi wiadomo, nie pokuszono si\u0119 o nawet najzwyklejsz\u0105 inwentaryzacj\u0119 i dokumentacj\u0119 pozosta\u0142o\u015bci po pierwszym dworcu czy przepu\u015bcie. Ta nonszalancja to cz\u0119\u015b\u0107 szerszego zjawiska &#8211; zobaczmy, co dzieje si\u0119 chocia\u017cby na terenie prawie stuletniej tzw. india\u0144skiej wioski. Osiedle burzy si\u0119 bez wzgl\u0119du na cokolwiek, cenne pami\u0105tki trafi\u0105 na wysypisko lub z\u0142om, a najciekawsze z nich zapewne na internetowe portale aukcyjne. Nie tak to powinno wygl\u0105da\u0107.<\/p>\n<p style=\"text-align: justify;\">Nie jestem a\u017c tak naiwny, by spodziewa\u0107 si\u0119 zachowania i ekspozycji ka\u017cdej najdrobniejszej pozosta\u0142o\u015bci dawnego Wrzeszcza, niezale\u017cnie od jej &#8222;obiektywnej&#8221; warto\u015bci historycznej.<b> Jednak prawd\u0105 jest, \u017ce na naszych oczach znikaj\u0105, rozbierane czy zalewane betonem, cenne \u015blady przesz\u0142o\u015bci naszej dzielnicy. <\/b><b>Okazuje si\u0119, \u017ce 70 lat po wojnie wci\u0105\u017c &#8211; chocia\u017c z zupe\u0142nie innych powod\u00f3w &#8211; brakuje nam wra\u017cliwo\u015bci i wyobra\u017ani, aby wiedz\u0119 o tej przesz\u0142o\u015bci chroni\u0107 i utrwala\u0107. Przysz\u0142e pokolenia Wrzeszczan b\u0119d\u0105&nbsp;mia\u0142y&nbsp;do nas o to uzasadnione pretensje.<\/b><\/p>\n","protected":false},"excerpt":{"rendered":"<p>Ka\u017cde gda\u0144skie dziecko wie, \u017ce jak pogrzebie z ziemi wystarczaj\u0105co g\u0142\u0119boko, to pr\u0119dzej czy p\u00f3\u017aniej znajdzie ciekawy fant. Nic dziwnego wi\u0119c, \u017ce trwaj\u0105ca od kilku lat gigantyczna przebudowa okolic wrzeszcza\u0144skiego dworca przynios\u0142a ze sob\u0105 sporo ciekawych odkry\u0107. My\u015bl\u0119, \u017ce warto podsumowa\u0107 te znaleziska. 1) Zacz\u0119\u0142o si\u0119 wczesn\u0105 wiosn\u0105, od piwnic i fundament\u00f3w pierwszego wrzeszcza\u0144skiego dworca&hellip;<\/p>\n","protected":false},"author":2,"featured_media":1605,"comment_status":"open","ping_status":"open","sticky":false,"template":"","format":"standard","meta":{"ngg_post_thumbnail":0,"footnotes":""},"categories":[3,6,7,8],"tags":[],"class_list":["post-9","post","type-post","status-publish","format-standard","has-post-thumbnail","hentry","category-aktualnosci","category-po-1945","category-przed-1945","category-wszystkie"],"yoast_head":"<!-- This site is optimized with the Yoast SEO plugin v27.3 - https:\/\/yoast.com\/product\/yoast-seo-wordpress\/ -->\n<title>Sezon wrzeszcza\u0144skich wykopalisk - Wrzeszcz Jarka Wasielewskiego<\/title>\n<meta name=\"robots\" content=\"index, follow, max-snippet:-1, max-image-preview:large, max-video-preview:-1\" \/>\n<link rel=\"canonical\" href=\"https:\/\/jarekwasielewski.pl\/zwrzeszcza\/2014\/09\/sezon-wrzeszczanskich-wykopalisk\/\" \/>\n<meta property=\"og:locale\" content=\"pl_PL\" \/>\n<meta property=\"og:type\" content=\"article\" \/>\n<meta property=\"og:title\" content=\"Sezon wrzeszcza\u0144skich wykopalisk - Wrzeszcz Jarka Wasielewskiego\" \/>\n<meta property=\"og:description\" content=\"Ka\u017cde gda\u0144skie dziecko wie, \u017ce jak pogrzebie z ziemi wystarczaj\u0105co g\u0142\u0119boko, to pr\u0119dzej czy p\u00f3\u017aniej znajdzie ciekawy fant. Nic dziwnego wi\u0119c, \u017ce trwaj\u0105ca od kilku lat gigantyczna przebudowa okolic wrzeszcza\u0144skiego dworca przynios\u0142a ze sob\u0105 sporo ciekawych odkry\u0107. My\u015bl\u0119, \u017ce warto podsumowa\u0107 te znaleziska. 1) Zacz\u0119\u0142o si\u0119 wczesn\u0105 wiosn\u0105, od piwnic i fundament\u00f3w pierwszego wrzeszcza\u0144skiego dworca&hellip;\" \/>\n<meta property=\"og:url\" content=\"https:\/\/jarekwasielewski.pl\/zwrzeszcza\/2014\/09\/sezon-wrzeszczanskich-wykopalisk\/\" \/>\n<meta property=\"og:site_name\" content=\"Wrzeszcz Jarka Wasielewskiego\" \/>\n<meta property=\"article:published_time\" content=\"2014-09-01T18:43:00+00:00\" \/>\n<meta property=\"article:modified_time\" content=\"2023-11-13T11:14:59+00:00\" \/>\n<meta property=\"og:image\" content=\"https:\/\/jarekwasielewski.pl\/zwrzeszcza\/wp-content\/uploads\/ngg_featured\/wrzeszcz_dworzec_fundament_6.jpg\" \/>\n\t<meta property=\"og:image:width\" content=\"800\" \/>\n\t<meta property=\"og:image:height\" content=\"533\" \/>\n\t<meta property=\"og:image:type\" content=\"image\/jpeg\" \/>\n<meta name=\"author\" content=\"Jarek Wasielewski\" \/>\n<meta name=\"twitter:card\" content=\"summary_large_image\" \/>\n<meta name=\"twitter:label1\" content=\"Napisane przez\" \/>\n\t<meta name=\"twitter:data1\" content=\"Jarek Wasielewski\" \/>\n\t<meta name=\"twitter:label2\" content=\"Szacowany czas czytania\" \/>\n\t<meta name=\"twitter:data2\" content=\"5 minut\" \/>\n<script type=\"application\/ld+json\" class=\"yoast-schema-graph\">{\"@context\":\"https:\\\/\\\/schema.org\",\"@graph\":[{\"@type\":\"Article\",\"@id\":\"https:\\\/\\\/jarekwasielewski.pl\\\/zwrzeszcza\\\/2014\\\/09\\\/sezon-wrzeszczanskich-wykopalisk\\\/#article\",\"isPartOf\":{\"@id\":\"https:\\\/\\\/jarekwasielewski.pl\\\/zwrzeszcza\\\/2014\\\/09\\\/sezon-wrzeszczanskich-wykopalisk\\\/\"},\"author\":{\"name\":\"Jarek Wasielewski\",\"@id\":\"https:\\\/\\\/jarekwasielewski.pl\\\/zwrzeszcza\\\/#\\\/schema\\\/person\\\/d2582ae2f5d0ea9c9154fd6e4bcb3976\"},\"headline\":\"Sezon wrzeszcza\u0144skich wykopalisk\",\"datePublished\":\"2014-09-01T18:43:00+00:00\",\"dateModified\":\"2023-11-13T11:14:59+00:00\",\"mainEntityOfPage\":{\"@id\":\"https:\\\/\\\/jarekwasielewski.pl\\\/zwrzeszcza\\\/2014\\\/09\\\/sezon-wrzeszczanskich-wykopalisk\\\/\"},\"wordCount\":770,\"commentCount\":5,\"publisher\":{\"@id\":\"https:\\\/\\\/jarekwasielewski.pl\\\/zwrzeszcza\\\/#\\\/schema\\\/person\\\/807e6ca1f9fadc1945bd9ac746422589\"},\"image\":{\"@id\":\"https:\\\/\\\/jarekwasielewski.pl\\\/zwrzeszcza\\\/2014\\\/09\\\/sezon-wrzeszczanskich-wykopalisk\\\/#primaryimage\"},\"thumbnailUrl\":\"https:\\\/\\\/jarekwasielewski.pl\\\/zwrzeszcza\\\/wp-content\\\/uploads\\\/ngg_featured\\\/wrzeszcz_dworzec_fundament_6.jpg\",\"articleSection\":[\"Aktualno\u015bci\",\"Po 1945\",\"Przed 1945\",\"Wszystkie\"],\"inLanguage\":\"pl-PL\",\"potentialAction\":[{\"@type\":\"CommentAction\",\"name\":\"Comment\",\"target\":[\"https:\\\/\\\/jarekwasielewski.pl\\\/zwrzeszcza\\\/2014\\\/09\\\/sezon-wrzeszczanskich-wykopalisk\\\/#respond\"]}]},{\"@type\":\"WebPage\",\"@id\":\"https:\\\/\\\/jarekwasielewski.pl\\\/zwrzeszcza\\\/2014\\\/09\\\/sezon-wrzeszczanskich-wykopalisk\\\/\",\"url\":\"https:\\\/\\\/jarekwasielewski.pl\\\/zwrzeszcza\\\/2014\\\/09\\\/sezon-wrzeszczanskich-wykopalisk\\\/\",\"name\":\"Sezon wrzeszcza\u0144skich wykopalisk - Wrzeszcz Jarka Wasielewskiego\",\"isPartOf\":{\"@id\":\"https:\\\/\\\/jarekwasielewski.pl\\\/zwrzeszcza\\\/#website\"},\"primaryImageOfPage\":{\"@id\":\"https:\\\/\\\/jarekwasielewski.pl\\\/zwrzeszcza\\\/2014\\\/09\\\/sezon-wrzeszczanskich-wykopalisk\\\/#primaryimage\"},\"image\":{\"@id\":\"https:\\\/\\\/jarekwasielewski.pl\\\/zwrzeszcza\\\/2014\\\/09\\\/sezon-wrzeszczanskich-wykopalisk\\\/#primaryimage\"},\"thumbnailUrl\":\"https:\\\/\\\/jarekwasielewski.pl\\\/zwrzeszcza\\\/wp-content\\\/uploads\\\/ngg_featured\\\/wrzeszcz_dworzec_fundament_6.jpg\",\"datePublished\":\"2014-09-01T18:43:00+00:00\",\"dateModified\":\"2023-11-13T11:14:59+00:00\",\"breadcrumb\":{\"@id\":\"https:\\\/\\\/jarekwasielewski.pl\\\/zwrzeszcza\\\/2014\\\/09\\\/sezon-wrzeszczanskich-wykopalisk\\\/#breadcrumb\"},\"inLanguage\":\"pl-PL\",\"potentialAction\":[{\"@type\":\"ReadAction\",\"target\":[\"https:\\\/\\\/jarekwasielewski.pl\\\/zwrzeszcza\\\/2014\\\/09\\\/sezon-wrzeszczanskich-wykopalisk\\\/\"]}]},{\"@type\":\"ImageObject\",\"inLanguage\":\"pl-PL\",\"@id\":\"https:\\\/\\\/jarekwasielewski.pl\\\/zwrzeszcza\\\/2014\\\/09\\\/sezon-wrzeszczanskich-wykopalisk\\\/#primaryimage\",\"url\":\"https:\\\/\\\/jarekwasielewski.pl\\\/zwrzeszcza\\\/wp-content\\\/uploads\\\/ngg_featured\\\/wrzeszcz_dworzec_fundament_6.jpg\",\"contentUrl\":\"https:\\\/\\\/jarekwasielewski.pl\\\/zwrzeszcza\\\/wp-content\\\/uploads\\\/ngg_featured\\\/wrzeszcz_dworzec_fundament_6.jpg\",\"width\":800,\"height\":533},{\"@type\":\"BreadcrumbList\",\"@id\":\"https:\\\/\\\/jarekwasielewski.pl\\\/zwrzeszcza\\\/2014\\\/09\\\/sezon-wrzeszczanskich-wykopalisk\\\/#breadcrumb\",\"itemListElement\":[{\"@type\":\"ListItem\",\"position\":1,\"name\":\"Strona g\u0142\u00f3wna\",\"item\":\"https:\\\/\\\/jarekwasielewski.pl\\\/zwrzeszcza\\\/\"},{\"@type\":\"ListItem\",\"position\":2,\"name\":\"Sezon wrzeszcza\u0144skich wykopalisk\"}]},{\"@type\":\"WebSite\",\"@id\":\"https:\\\/\\\/jarekwasielewski.pl\\\/zwrzeszcza\\\/#website\",\"url\":\"https:\\\/\\\/jarekwasielewski.pl\\\/zwrzeszcza\\\/\",\"name\":\"Wrzeszcza Jarka Wasielewskiego\",\"description\":\"Blog Jarka Wasielewskiego o Wrzeszczu\",\"publisher\":{\"@id\":\"https:\\\/\\\/jarekwasielewski.pl\\\/zwrzeszcza\\\/#\\\/schema\\\/person\\\/807e6ca1f9fadc1945bd9ac746422589\"},\"potentialAction\":[{\"@type\":\"SearchAction\",\"target\":{\"@type\":\"EntryPoint\",\"urlTemplate\":\"https:\\\/\\\/jarekwasielewski.pl\\\/zwrzeszcza\\\/?s={search_term_string}\"},\"query-input\":{\"@type\":\"PropertyValueSpecification\",\"valueRequired\":true,\"valueName\":\"search_term_string\"}}],\"inLanguage\":\"pl-PL\"},{\"@type\":[\"Person\",\"Organization\"],\"@id\":\"https:\\\/\\\/jarekwasielewski.pl\\\/zwrzeszcza\\\/#\\\/schema\\\/person\\\/807e6ca1f9fadc1945bd9ac746422589\",\"name\":\"Jarek Wasielewski\",\"image\":{\"@type\":\"ImageObject\",\"inLanguage\":\"pl-PL\",\"@id\":\"http:\\\/\\\/jarekwasielewski.pl\\\/zwrzeszcza\\\/wp-content\\\/uploads\\\/2021\\\/09\\\/jw.png\",\"url\":\"http:\\\/\\\/jarekwasielewski.pl\\\/zwrzeszcza\\\/wp-content\\\/uploads\\\/2021\\\/09\\\/jw.png\",\"contentUrl\":\"http:\\\/\\\/jarekwasielewski.pl\\\/zwrzeszcza\\\/wp-content\\\/uploads\\\/2021\\\/09\\\/jw.png\",\"width\":715,\"height\":630,\"caption\":\"Jarek Wasielewski\"},\"logo\":{\"@id\":\"http:\\\/\\\/jarekwasielewski.pl\\\/zwrzeszcza\\\/wp-content\\\/uploads\\\/2021\\\/09\\\/jw.png\"},\"sameAs\":[\"http:\\\/\\\/jarekwasielewski.pl\\\/zwrzeszcza\"]},{\"@type\":\"Person\",\"@id\":\"https:\\\/\\\/jarekwasielewski.pl\\\/zwrzeszcza\\\/#\\\/schema\\\/person\\\/d2582ae2f5d0ea9c9154fd6e4bcb3976\",\"name\":\"Jarek Wasielewski\",\"image\":{\"@type\":\"ImageObject\",\"inLanguage\":\"pl-PL\",\"@id\":\"https:\\\/\\\/secure.gravatar.com\\\/avatar\\\/?s=96&d=mm&r=g\",\"url\":\"https:\\\/\\\/secure.gravatar.com\\\/avatar\\\/?s=96&d=mm&r=g\",\"contentUrl\":\"https:\\\/\\\/secure.gravatar.com\\\/avatar\\\/?s=96&d=mm&r=g\",\"caption\":\"Jarek Wasielewski\"}}]}<\/script>\n<!-- \/ Yoast SEO plugin. -->","yoast_head_json":{"title":"Sezon wrzeszcza\u0144skich wykopalisk - Wrzeszcz Jarka Wasielewskiego","robots":{"index":"index","follow":"follow","max-snippet":"max-snippet:-1","max-image-preview":"max-image-preview:large","max-video-preview":"max-video-preview:-1"},"canonical":"https:\/\/jarekwasielewski.pl\/zwrzeszcza\/2014\/09\/sezon-wrzeszczanskich-wykopalisk\/","og_locale":"pl_PL","og_type":"article","og_title":"Sezon wrzeszcza\u0144skich wykopalisk - Wrzeszcz Jarka Wasielewskiego","og_description":"Ka\u017cde gda\u0144skie dziecko wie, \u017ce jak pogrzebie z ziemi wystarczaj\u0105co g\u0142\u0119boko, to pr\u0119dzej czy p\u00f3\u017aniej znajdzie ciekawy fant. Nic dziwnego wi\u0119c, \u017ce trwaj\u0105ca od kilku lat gigantyczna przebudowa okolic wrzeszcza\u0144skiego dworca przynios\u0142a ze sob\u0105 sporo ciekawych odkry\u0107. My\u015bl\u0119, \u017ce warto podsumowa\u0107 te znaleziska. 1) Zacz\u0119\u0142o si\u0119 wczesn\u0105 wiosn\u0105, od piwnic i fundament\u00f3w pierwszego wrzeszcza\u0144skiego dworca&hellip;","og_url":"https:\/\/jarekwasielewski.pl\/zwrzeszcza\/2014\/09\/sezon-wrzeszczanskich-wykopalisk\/","og_site_name":"Wrzeszcz Jarka Wasielewskiego","article_published_time":"2014-09-01T18:43:00+00:00","article_modified_time":"2023-11-13T11:14:59+00:00","og_image":[{"width":800,"height":533,"url":"https:\/\/jarekwasielewski.pl\/zwrzeszcza\/wp-content\/uploads\/ngg_featured\/wrzeszcz_dworzec_fundament_6.jpg","type":"image\/jpeg"}],"author":"Jarek Wasielewski","twitter_card":"summary_large_image","twitter_misc":{"Napisane przez":"Jarek Wasielewski","Szacowany czas czytania":"5 minut"},"schema":{"@context":"https:\/\/schema.org","@graph":[{"@type":"Article","@id":"https:\/\/jarekwasielewski.pl\/zwrzeszcza\/2014\/09\/sezon-wrzeszczanskich-wykopalisk\/#article","isPartOf":{"@id":"https:\/\/jarekwasielewski.pl\/zwrzeszcza\/2014\/09\/sezon-wrzeszczanskich-wykopalisk\/"},"author":{"name":"Jarek Wasielewski","@id":"https:\/\/jarekwasielewski.pl\/zwrzeszcza\/#\/schema\/person\/d2582ae2f5d0ea9c9154fd6e4bcb3976"},"headline":"Sezon wrzeszcza\u0144skich wykopalisk","datePublished":"2014-09-01T18:43:00+00:00","dateModified":"2023-11-13T11:14:59+00:00","mainEntityOfPage":{"@id":"https:\/\/jarekwasielewski.pl\/zwrzeszcza\/2014\/09\/sezon-wrzeszczanskich-wykopalisk\/"},"wordCount":770,"commentCount":5,"publisher":{"@id":"https:\/\/jarekwasielewski.pl\/zwrzeszcza\/#\/schema\/person\/807e6ca1f9fadc1945bd9ac746422589"},"image":{"@id":"https:\/\/jarekwasielewski.pl\/zwrzeszcza\/2014\/09\/sezon-wrzeszczanskich-wykopalisk\/#primaryimage"},"thumbnailUrl":"https:\/\/jarekwasielewski.pl\/zwrzeszcza\/wp-content\/uploads\/ngg_featured\/wrzeszcz_dworzec_fundament_6.jpg","articleSection":["Aktualno\u015bci","Po 1945","Przed 1945","Wszystkie"],"inLanguage":"pl-PL","potentialAction":[{"@type":"CommentAction","name":"Comment","target":["https:\/\/jarekwasielewski.pl\/zwrzeszcza\/2014\/09\/sezon-wrzeszczanskich-wykopalisk\/#respond"]}]},{"@type":"WebPage","@id":"https:\/\/jarekwasielewski.pl\/zwrzeszcza\/2014\/09\/sezon-wrzeszczanskich-wykopalisk\/","url":"https:\/\/jarekwasielewski.pl\/zwrzeszcza\/2014\/09\/sezon-wrzeszczanskich-wykopalisk\/","name":"Sezon wrzeszcza\u0144skich wykopalisk - Wrzeszcz Jarka Wasielewskiego","isPartOf":{"@id":"https:\/\/jarekwasielewski.pl\/zwrzeszcza\/#website"},"primaryImageOfPage":{"@id":"https:\/\/jarekwasielewski.pl\/zwrzeszcza\/2014\/09\/sezon-wrzeszczanskich-wykopalisk\/#primaryimage"},"image":{"@id":"https:\/\/jarekwasielewski.pl\/zwrzeszcza\/2014\/09\/sezon-wrzeszczanskich-wykopalisk\/#primaryimage"},"thumbnailUrl":"https:\/\/jarekwasielewski.pl\/zwrzeszcza\/wp-content\/uploads\/ngg_featured\/wrzeszcz_dworzec_fundament_6.jpg","datePublished":"2014-09-01T18:43:00+00:00","dateModified":"2023-11-13T11:14:59+00:00","breadcrumb":{"@id":"https:\/\/jarekwasielewski.pl\/zwrzeszcza\/2014\/09\/sezon-wrzeszczanskich-wykopalisk\/#breadcrumb"},"inLanguage":"pl-PL","potentialAction":[{"@type":"ReadAction","target":["https:\/\/jarekwasielewski.pl\/zwrzeszcza\/2014\/09\/sezon-wrzeszczanskich-wykopalisk\/"]}]},{"@type":"ImageObject","inLanguage":"pl-PL","@id":"https:\/\/jarekwasielewski.pl\/zwrzeszcza\/2014\/09\/sezon-wrzeszczanskich-wykopalisk\/#primaryimage","url":"https:\/\/jarekwasielewski.pl\/zwrzeszcza\/wp-content\/uploads\/ngg_featured\/wrzeszcz_dworzec_fundament_6.jpg","contentUrl":"https:\/\/jarekwasielewski.pl\/zwrzeszcza\/wp-content\/uploads\/ngg_featured\/wrzeszcz_dworzec_fundament_6.jpg","width":800,"height":533},{"@type":"BreadcrumbList","@id":"https:\/\/jarekwasielewski.pl\/zwrzeszcza\/2014\/09\/sezon-wrzeszczanskich-wykopalisk\/#breadcrumb","itemListElement":[{"@type":"ListItem","position":1,"name":"Strona g\u0142\u00f3wna","item":"https:\/\/jarekwasielewski.pl\/zwrzeszcza\/"},{"@type":"ListItem","position":2,"name":"Sezon wrzeszcza\u0144skich wykopalisk"}]},{"@type":"WebSite","@id":"https:\/\/jarekwasielewski.pl\/zwrzeszcza\/#website","url":"https:\/\/jarekwasielewski.pl\/zwrzeszcza\/","name":"Wrzeszcza Jarka Wasielewskiego","description":"Blog Jarka Wasielewskiego o Wrzeszczu","publisher":{"@id":"https:\/\/jarekwasielewski.pl\/zwrzeszcza\/#\/schema\/person\/807e6ca1f9fadc1945bd9ac746422589"},"potentialAction":[{"@type":"SearchAction","target":{"@type":"EntryPoint","urlTemplate":"https:\/\/jarekwasielewski.pl\/zwrzeszcza\/?s={search_term_string}"},"query-input":{"@type":"PropertyValueSpecification","valueRequired":true,"valueName":"search_term_string"}}],"inLanguage":"pl-PL"},{"@type":["Person","Organization"],"@id":"https:\/\/jarekwasielewski.pl\/zwrzeszcza\/#\/schema\/person\/807e6ca1f9fadc1945bd9ac746422589","name":"Jarek Wasielewski","image":{"@type":"ImageObject","inLanguage":"pl-PL","@id":"http:\/\/jarekwasielewski.pl\/zwrzeszcza\/wp-content\/uploads\/2021\/09\/jw.png","url":"http:\/\/jarekwasielewski.pl\/zwrzeszcza\/wp-content\/uploads\/2021\/09\/jw.png","contentUrl":"http:\/\/jarekwasielewski.pl\/zwrzeszcza\/wp-content\/uploads\/2021\/09\/jw.png","width":715,"height":630,"caption":"Jarek Wasielewski"},"logo":{"@id":"http:\/\/jarekwasielewski.pl\/zwrzeszcza\/wp-content\/uploads\/2021\/09\/jw.png"},"sameAs":["http:\/\/jarekwasielewski.pl\/zwrzeszcza"]},{"@type":"Person","@id":"https:\/\/jarekwasielewski.pl\/zwrzeszcza\/#\/schema\/person\/d2582ae2f5d0ea9c9154fd6e4bcb3976","name":"Jarek Wasielewski","image":{"@type":"ImageObject","inLanguage":"pl-PL","@id":"https:\/\/secure.gravatar.com\/avatar\/?s=96&d=mm&r=g","url":"https:\/\/secure.gravatar.com\/avatar\/?s=96&d=mm&r=g","contentUrl":"https:\/\/secure.gravatar.com\/avatar\/?s=96&d=mm&r=g","caption":"Jarek Wasielewski"}}]}},"_links":{"self":[{"href":"https:\/\/jarekwasielewski.pl\/zwrzeszcza\/wp-json\/wp\/v2\/posts\/9","targetHints":{"allow":["GET"]}}],"collection":[{"href":"https:\/\/jarekwasielewski.pl\/zwrzeszcza\/wp-json\/wp\/v2\/posts"}],"about":[{"href":"https:\/\/jarekwasielewski.pl\/zwrzeszcza\/wp-json\/wp\/v2\/types\/post"}],"author":[{"embeddable":true,"href":"https:\/\/jarekwasielewski.pl\/zwrzeszcza\/wp-json\/wp\/v2\/users\/2"}],"replies":[{"embeddable":true,"href":"https:\/\/jarekwasielewski.pl\/zwrzeszcza\/wp-json\/wp\/v2\/comments?post=9"}],"version-history":[{"count":1,"href":"https:\/\/jarekwasielewski.pl\/zwrzeszcza\/wp-json\/wp\/v2\/posts\/9\/revisions"}],"predecessor-version":[{"id":5630,"href":"https:\/\/jarekwasielewski.pl\/zwrzeszcza\/wp-json\/wp\/v2\/posts\/9\/revisions\/5630"}],"wp:featuredmedia":[{"embeddable":true,"href":"https:\/\/jarekwasielewski.pl\/zwrzeszcza\/wp-json\/wp\/v2\/media\/1605"}],"wp:attachment":[{"href":"https:\/\/jarekwasielewski.pl\/zwrzeszcza\/wp-json\/wp\/v2\/media?parent=9"}],"wp:term":[{"taxonomy":"category","embeddable":true,"href":"https:\/\/jarekwasielewski.pl\/zwrzeszcza\/wp-json\/wp\/v2\/categories?post=9"},{"taxonomy":"post_tag","embeddable":true,"href":"https:\/\/jarekwasielewski.pl\/zwrzeszcza\/wp-json\/wp\/v2\/tags?post=9"}],"curies":[{"name":"wp","href":"https:\/\/api.w.org\/{rel}","templated":true}]}}