{"id":83,"date":"2013-02-23T23:23:00","date_gmt":"2013-02-23T22:23:00","guid":{"rendered":"http:\/\/jotwu.16mb.com\/zwrzeszcza\/uncategorized\/panstwowe-szkoly-budownictwa-w-strzyzy\/"},"modified":"2023-11-13T12:08:06","modified_gmt":"2023-11-13T11:08:06","slug":"panstwowe-szkoly-budownictwa-w-strzyzy","status":"publish","type":"post","link":"https:\/\/jarekwasielewski.pl\/zwrzeszcza\/2013\/02\/panstwowe-szkoly-budownictwa-w-strzyzy\/","title":{"rendered":"Pa\u0144stwowe Szko\u0142y Budownictwa w Strzy\u017cy"},"content":{"rendered":"<p style=\"text-align: justify;\">Tym razem chcia\u0142bym przybli\u017cy\u0107 Wam histori\u0119 powstania mojego ulubionego \u201estrzy\u017ca\u0144skiego\u201d obiektu, a w\u0142a\u015bciwie: kompleksu obiekt\u00f3w. Jest nim <a href=\"http:\/\/mapa.targeo.pl\/Punkt_11,20,18.5850477,54.3905412?l=46756dacb05fb116\" target=\"_blank\" rel=\"noopener\">zesp\u00f3\u0142 budynk\u00f3w Pa\u0144stwowych Szk\u00f3\u0142 Budownictwa przy al. Grunwaldzkiej<\/a>. Kompleks ten stanowi doskona\u0142y przyk\u0142ad zar\u00f3wno rozmachu, jak i funkcjonalno\u015bci projekt\u00f3w realizowanych w Polsce w latach stalinowskich.<\/p>\n<p style=\"text-align: justify;\">Do roku 1945 w miejscu tym nie znajdowa\u0142o si\u0119 dos\u0142ownie nic. Omawiany teren nie doczeka\u0142 si\u0119 zagospodarowania i do ko\u0144ca wojny pozosta\u0142 \u0142\u0105k\u0105 na obrze\u017cach Wrzeszcza.<\/p>\n<div id=\"attachment_1165\" style=\"width: 306px\" class=\"wp-caption aligncenter\"><a href=\"http:\/\/jarekwasielewski.pl\/zwrzeszcza\/wp-content\/uploads\/2013\/02\/strzyza_psb_mapa_1940.jpg\"><img loading=\"lazy\" decoding=\"async\" aria-describedby=\"caption-attachment-1165\" class=\"wp-image-1165 size-medium\" src=\"http:\/\/jarekwasielewski.pl\/zwrzeszcza\/wp-content\/uploads\/2013\/02\/strzyza_psb_mapa_1940-300x226.jpg\" alt=\"Omawiana okolica na planie Gda\u0144ska z 1940 roku (zbiory Miko\u0142aja Wierzbickiego)\" width=\"300\" height=\"226\" srcset=\"https:\/\/jarekwasielewski.pl\/zwrzeszcza\/wp-content\/uploads\/2013\/02\/strzyza_psb_mapa_1940-300x226.jpg 300w, https:\/\/jarekwasielewski.pl\/zwrzeszcza\/wp-content\/uploads\/2013\/02\/strzyza_psb_mapa_1940.jpg 507w\" sizes=\"auto, (max-width: 300px) 100vw, 300px\" \/><\/a><p id=\"caption-attachment-1165\" class=\"wp-caption-text\">Omawiana okolica na planie Gda\u0144ska z 1940 roku (zbiory Miko\u0142aja Wierzbickiego)<\/p><\/div>\n<p style=\"text-align: justify;\">Zainteresowano si\u0119 nim dopiero na pocz\u0105tku lat 50., kiedy to szukano miejsca pod budow\u0119 nowej siedziby dla szk\u00f3\u0142 dzia\u0142aj\u0105cych przy gda\u0144skim Pa\u0144stwowym O\u015brodku Szkolenia Zawodowego (POSZ). Zajmowa\u0142y one w\u00f3wczas budynek przy ul. Miszewskiego oraz baraki przy al. Zwyci\u0119stwa (nosz\u0105cej w tamtych latach imi\u0119 Marsza\u0142ka Rokossowskiego). Rozleg\u0142y, pusty teren na obrze\u017cach dzielnicy umo\u017cliwia\u0142 zaplanowanie i wzniesienie kompletnego \u201emiasteczka\u201d szkolnego.<\/p>\n<p style=\"text-align: justify;\">Wznoszenie kompleksu rozpocz\u0119to w 1951 roku od budowy dw\u00f3ch budynk\u00f3w internatu (dzi\u015b oznaczonych literami A i B); pierwszy przeznaczono dla ch\u0142opc\u00f3w, w drugim tymczasowo umieszczono szko\u0142\u0119, dziewcz\u0119tom przeznaczaj\u0105c jedynie najwy\u017csz\u0105 kondygnacj\u0119; jednocze\u015bnie zacz\u0119to wznosi\u0107 budynek gospodarczy, mieszcz\u0105cy kuchni\u0119 i sto\u0142\u00f3wk\u0119. W 1954 roku oddano g\u0142\u00f3wny, reprezentacyjny gmach wraz z aul\u0105, za\u015b cztery lata p\u00f3\u017aniej \u2013 dwie sale gimnastyczne w bocznym jego skrzydle. Na baz\u0119 szko\u0142y sk\u0142ada\u0142y si\u0119 tak\u017ce: budynek warsztat\u00f3w, dwa boiska oraz park i ziele\u0144ce. Powsta\u0142y w ten spos\u00f3b kompleks stanowi\u0142 swoisty rzemie\u015blniczy kampus \u2013 uczniowie dzia\u0142aj\u0105cych w nim szk\u00f3\u0142 mogli zaspokaja\u0107 wi\u0119kszo\u015b\u0107 swoich potrzeb \u017cyciowych bez konieczno\u015bci wychodzenia poza jego teren.<\/p>\n<div id=\"attachment_1167\" style=\"width: 306px\" class=\"wp-caption aligncenter\"><a href=\"http:\/\/jarekwasielewski.pl\/zwrzeszcza\/wp-content\/uploads\/2013\/02\/strzyza_psb_archiwum_2.jpg\"><img loading=\"lazy\" decoding=\"async\" aria-describedby=\"caption-attachment-1167\" class=\"wp-image-1167 size-medium\" src=\"http:\/\/jarekwasielewski.pl\/zwrzeszcza\/wp-content\/uploads\/2013\/02\/strzyza_psb_archiwum_2-300x184.jpg\" alt=\"Budynek Auli, widok od strony po\u0142udniowej (\u017ar\u00f3d\u0142o: strona internetowa PSB)\" width=\"300\" height=\"184\" srcset=\"https:\/\/jarekwasielewski.pl\/zwrzeszcza\/wp-content\/uploads\/2013\/02\/strzyza_psb_archiwum_2-300x184.jpg 300w, https:\/\/jarekwasielewski.pl\/zwrzeszcza\/wp-content\/uploads\/2013\/02\/strzyza_psb_archiwum_2.jpg 877w\" sizes=\"auto, (max-width: 300px) 100vw, 300px\" \/><\/a><p id=\"caption-attachment-1167\" class=\"wp-caption-text\">Budynek Auli, widok od strony po\u0142udniowej (\u017ar\u00f3d\u0142o: strona internetowa PSB)<\/p><\/div>\n<div id=\"attachment_1166\" style=\"width: 306px\" class=\"wp-caption aligncenter\"><a href=\"http:\/\/jarekwasielewski.pl\/zwrzeszcza\/wp-content\/uploads\/2013\/02\/strzyza_psb_archiwum_1.jpg\"><img loading=\"lazy\" decoding=\"async\" aria-describedby=\"caption-attachment-1166\" class=\"wp-image-1166 size-medium\" src=\"http:\/\/jarekwasielewski.pl\/zwrzeszcza\/wp-content\/uploads\/2013\/02\/strzyza_psb_archiwum_1-300x105.jpg\" alt=\"G\u0142\u00f3wny gmach PSB, widok od strony zachodniej (\u017ar\u00f3d\u0142o: strona internetowa PSB)\" width=\"300\" height=\"105\" srcset=\"https:\/\/jarekwasielewski.pl\/zwrzeszcza\/wp-content\/uploads\/2013\/02\/strzyza_psb_archiwum_1-300x105.jpg 300w, https:\/\/jarekwasielewski.pl\/zwrzeszcza\/wp-content\/uploads\/2013\/02\/strzyza_psb_archiwum_1-1024x358.jpg 1024w, https:\/\/jarekwasielewski.pl\/zwrzeszcza\/wp-content\/uploads\/2013\/02\/strzyza_psb_archiwum_1.jpg 1088w\" sizes=\"auto, (max-width: 300px) 100vw, 300px\" \/><\/a><p id=\"caption-attachment-1166\" class=\"wp-caption-text\">G\u0142\u00f3wny gmach PSB, widok od strony zachodniej (\u017ar\u00f3d\u0142o: strona internetowa PSB)<\/p><\/div>\n<div id=\"attachment_1360\" style=\"width: 276px\" class=\"wp-caption aligncenter\"><a href=\"http:\/\/jarekwasielewski.pl\/zwrzeszcza\/wp-content\/uploads\/2013\/02\/strzyza_psb_mapa_1959.jpg\"><img loading=\"lazy\" decoding=\"async\" aria-describedby=\"caption-attachment-1360\" class=\"size-medium wp-image-1360\" src=\"http:\/\/jarekwasielewski.pl\/zwrzeszcza\/wp-content\/uploads\/2013\/02\/strzyza_psb_mapa_1959-270x300.jpg\" alt=\"PSB na radzieckim planie topograficznym Gda\u0144ska z 1959 roku (\u017ar\u00f3d\u0142o: mapy.eksploracja.pl)\" width=\"270\" height=\"300\" srcset=\"https:\/\/jarekwasielewski.pl\/zwrzeszcza\/wp-content\/uploads\/2013\/02\/strzyza_psb_mapa_1959-270x300.jpg 270w, https:\/\/jarekwasielewski.pl\/zwrzeszcza\/wp-content\/uploads\/2013\/02\/strzyza_psb_mapa_1959.jpg 435w\" sizes=\"auto, (max-width: 270px) 100vw, 270px\" \/><\/a><p id=\"caption-attachment-1360\" class=\"wp-caption-text\">PSB na radzieckim planie topograficznym Gda\u0144ska z 1959 roku<br \/>(\u017ar\u00f3d\u0142o: mapy.eksploracja.pl)<\/p><\/div>\n<p style=\"text-align: justify;\">Na przestrzeni lat dzia\u0142aj\u0105ce w obiektach szko\u0142y przechodzi\u0142y liczne reorganizacje, ostatecznie po\u0142\u0105czono je w jeden zesp\u00f3\u0142 pod nazw\u0105 Pa\u0144stwowe Szko\u0142y Budownictwa. Z czasem budynki zacz\u0119\u0142y \u201eodpada\u0107\u201d od PSB &#8211; znajdowa\u0142y w nich sw\u0105 siedzib\u0119 inne plac\u00f3wki. W 1959 roku trzecie pi\u0119tro g\u0142\u00f3wnego gmachu zaj\u0105\u0142 powo\u0142any w 1954 roku Zesp\u00f3\u0142 Szk\u00f3\u0142 Elektrycznych (wcze\u015bniej mie\u015bci\u0142 si\u0119 m.in. w barakach w Narwiku oraz przy al. Legion\u00f3w), w 1960 przeniesiony do bloku B (budynek internatu) i wkr\u00f3tce przekwalifikowany na Zesp\u00f3\u0142 Szk\u00f3\u0142 Elektrycznych (w 2005 roku po\u0142\u0105czono z nim Zesp\u00f3\u0142 Szk\u00f3\u0142 Zawodowych nr 10, w wyniku czego powsta\u0142y Szko\u0142y Elektryczne i Elektroniczne). 22 marca 1999 roku miasto przekaza\u0142o drugi budynek internatu (A) Uniwersytetowi Gda\u0144skiemu, kt\u00f3ry obecnie wykorzystuje go na potrzeby m.in. Instytutu Filozofii, Socjologii i Dziennikarstwa, Katedry Filologii Roma\u0144skiej oraz Katedry Kulturoznawstwa.Tak\u017ce budynek auli wynajmuj\u0105 prywatne firmy i organizacje (m.in. Gda\u0144ska Fundacja Przedsi\u0119biorczo\u015bci, SKOK Operator i Kancelaria Rachunkowa ABC).<\/p>\n<p style=\"text-align: justify;\">Obecnie &#8222;ogryzione&#8221; PSB s\u0105 odgrodzone od pozosta\u0142ych, dawnych budynk\u00f3w p\u0142otem, same ziele\u0144ce i park za\u015b s\u0105 zaniedbane; tak\u017ce samemu g\u0142\u00f3wnemu gmachowi szko\u0142y przyda\u0142by si\u0119 lifting. Niemniej kompleks ten pozostaje imponuj\u0105cym przyk\u0142adem rozmachu i funkcjonalno\u015bci budownictwa tamtej nies\u0142awnej epoki.<\/p>\nngg_shortcode_0_placeholder\n","protected":false},"excerpt":{"rendered":"<p>Tym razem chcia\u0142bym przybli\u017cy\u0107 Wam histori\u0119 powstania mojego ulubionego \u201estrzy\u017ca\u0144skiego\u201d obiektu, a w\u0142a\u015bciwie: kompleksu obiekt\u00f3w. Jest nim zesp\u00f3\u0142 budynk\u00f3w Pa\u0144stwowych Szk\u00f3\u0142 Budownictwa przy al. Grunwaldzkiej. Kompleks ten stanowi doskona\u0142y przyk\u0142ad zar\u00f3wno rozmachu, jak i funkcjonalno\u015bci projekt\u00f3w realizowanych w Polsce w latach stalinowskich. Do roku 1945 w miejscu tym nie znajdowa\u0142o si\u0119 dos\u0142ownie nic. Omawiany teren&hellip;<\/p>\n","protected":false},"author":2,"featured_media":1622,"comment_status":"open","ping_status":"open","sticky":false,"template":"","format":"standard","meta":{"ngg_post_thumbnail":0,"footnotes":""},"categories":[6,8],"tags":[],"class_list":["post-83","post","type-post","status-publish","format-standard","has-post-thumbnail","hentry","category-po-1945","category-wszystkie"],"yoast_head":"<!-- This site is optimized with the Yoast SEO plugin v27.3 - https:\/\/yoast.com\/product\/yoast-seo-wordpress\/ -->\n<title>Pa\u0144stwowe Szko\u0142y Budownictwa w Strzy\u017cy - Wrzeszcz Jarka Wasielewskiego<\/title>\n<meta name=\"robots\" content=\"index, follow, max-snippet:-1, max-image-preview:large, max-video-preview:-1\" \/>\n<link rel=\"canonical\" href=\"https:\/\/jarekwasielewski.pl\/zwrzeszcza\/2013\/02\/panstwowe-szkoly-budownictwa-w-strzyzy\/\" \/>\n<meta property=\"og:locale\" content=\"pl_PL\" \/>\n<meta property=\"og:type\" content=\"article\" \/>\n<meta property=\"og:title\" content=\"Pa\u0144stwowe Szko\u0142y Budownictwa w Strzy\u017cy - Wrzeszcz Jarka Wasielewskiego\" \/>\n<meta property=\"og:description\" content=\"Tym razem chcia\u0142bym przybli\u017cy\u0107 Wam histori\u0119 powstania mojego ulubionego \u201estrzy\u017ca\u0144skiego\u201d obiektu, a w\u0142a\u015bciwie: kompleksu obiekt\u00f3w. Jest nim zesp\u00f3\u0142 budynk\u00f3w Pa\u0144stwowych Szk\u00f3\u0142 Budownictwa przy al. Grunwaldzkiej. Kompleks ten stanowi doskona\u0142y przyk\u0142ad zar\u00f3wno rozmachu, jak i funkcjonalno\u015bci projekt\u00f3w realizowanych w Polsce w latach stalinowskich. Do roku 1945 w miejscu tym nie znajdowa\u0142o si\u0119 dos\u0142ownie nic. Omawiany teren&hellip;\" \/>\n<meta property=\"og:url\" content=\"https:\/\/jarekwasielewski.pl\/zwrzeszcza\/2013\/02\/panstwowe-szkoly-budownictwa-w-strzyzy\/\" \/>\n<meta property=\"og:site_name\" content=\"Wrzeszcz Jarka Wasielewskiego\" \/>\n<meta property=\"article:published_time\" content=\"2013-02-23T22:23:00+00:00\" \/>\n<meta property=\"article:modified_time\" content=\"2023-11-13T11:08:06+00:00\" \/>\n<meta property=\"og:image\" content=\"https:\/\/jarekwasielewski.pl\/zwrzeszcza\/wp-content\/uploads\/ngg_featured\/strzyza_psb_01.JPG\" \/>\n\t<meta property=\"og:image:width\" content=\"700\" \/>\n\t<meta property=\"og:image:height\" content=\"525\" \/>\n\t<meta property=\"og:image:type\" content=\"image\/jpeg\" \/>\n<meta name=\"author\" content=\"Jarek Wasielewski\" \/>\n<meta name=\"twitter:card\" content=\"summary_large_image\" \/>\n<meta name=\"twitter:label1\" content=\"Napisane przez\" \/>\n\t<meta name=\"twitter:data1\" content=\"Jarek Wasielewski\" \/>\n\t<meta name=\"twitter:label2\" content=\"Szacowany czas czytania\" \/>\n\t<meta name=\"twitter:data2\" content=\"4 minuty\" \/>\n<script type=\"application\/ld+json\" class=\"yoast-schema-graph\">{\"@context\":\"https:\\\/\\\/schema.org\",\"@graph\":[{\"@type\":\"Article\",\"@id\":\"https:\\\/\\\/jarekwasielewski.pl\\\/zwrzeszcza\\\/2013\\\/02\\\/panstwowe-szkoly-budownictwa-w-strzyzy\\\/#article\",\"isPartOf\":{\"@id\":\"https:\\\/\\\/jarekwasielewski.pl\\\/zwrzeszcza\\\/2013\\\/02\\\/panstwowe-szkoly-budownictwa-w-strzyzy\\\/\"},\"author\":{\"name\":\"Jarek Wasielewski\",\"@id\":\"https:\\\/\\\/jarekwasielewski.pl\\\/zwrzeszcza\\\/#\\\/schema\\\/person\\\/d2582ae2f5d0ea9c9154fd6e4bcb3976\"},\"headline\":\"Pa\u0144stwowe Szko\u0142y Budownictwa w Strzy\u017cy\",\"datePublished\":\"2013-02-23T22:23:00+00:00\",\"dateModified\":\"2023-11-13T11:08:06+00:00\",\"mainEntityOfPage\":{\"@id\":\"https:\\\/\\\/jarekwasielewski.pl\\\/zwrzeszcza\\\/2013\\\/02\\\/panstwowe-szkoly-budownictwa-w-strzyzy\\\/\"},\"wordCount\":603,\"commentCount\":0,\"publisher\":{\"@id\":\"https:\\\/\\\/jarekwasielewski.pl\\\/zwrzeszcza\\\/#\\\/schema\\\/person\\\/807e6ca1f9fadc1945bd9ac746422589\"},\"image\":{\"@id\":\"https:\\\/\\\/jarekwasielewski.pl\\\/zwrzeszcza\\\/2013\\\/02\\\/panstwowe-szkoly-budownictwa-w-strzyzy\\\/#primaryimage\"},\"thumbnailUrl\":\"https:\\\/\\\/jarekwasielewski.pl\\\/zwrzeszcza\\\/wp-content\\\/uploads\\\/ngg_featured\\\/strzyza_psb_01.JPG\",\"articleSection\":[\"Po 1945\",\"Wszystkie\"],\"inLanguage\":\"pl-PL\",\"potentialAction\":[{\"@type\":\"CommentAction\",\"name\":\"Comment\",\"target\":[\"https:\\\/\\\/jarekwasielewski.pl\\\/zwrzeszcza\\\/2013\\\/02\\\/panstwowe-szkoly-budownictwa-w-strzyzy\\\/#respond\"]}]},{\"@type\":\"WebPage\",\"@id\":\"https:\\\/\\\/jarekwasielewski.pl\\\/zwrzeszcza\\\/2013\\\/02\\\/panstwowe-szkoly-budownictwa-w-strzyzy\\\/\",\"url\":\"https:\\\/\\\/jarekwasielewski.pl\\\/zwrzeszcza\\\/2013\\\/02\\\/panstwowe-szkoly-budownictwa-w-strzyzy\\\/\",\"name\":\"Pa\u0144stwowe Szko\u0142y Budownictwa w Strzy\u017cy - Wrzeszcz Jarka Wasielewskiego\",\"isPartOf\":{\"@id\":\"https:\\\/\\\/jarekwasielewski.pl\\\/zwrzeszcza\\\/#website\"},\"primaryImageOfPage\":{\"@id\":\"https:\\\/\\\/jarekwasielewski.pl\\\/zwrzeszcza\\\/2013\\\/02\\\/panstwowe-szkoly-budownictwa-w-strzyzy\\\/#primaryimage\"},\"image\":{\"@id\":\"https:\\\/\\\/jarekwasielewski.pl\\\/zwrzeszcza\\\/2013\\\/02\\\/panstwowe-szkoly-budownictwa-w-strzyzy\\\/#primaryimage\"},\"thumbnailUrl\":\"https:\\\/\\\/jarekwasielewski.pl\\\/zwrzeszcza\\\/wp-content\\\/uploads\\\/ngg_featured\\\/strzyza_psb_01.JPG\",\"datePublished\":\"2013-02-23T22:23:00+00:00\",\"dateModified\":\"2023-11-13T11:08:06+00:00\",\"breadcrumb\":{\"@id\":\"https:\\\/\\\/jarekwasielewski.pl\\\/zwrzeszcza\\\/2013\\\/02\\\/panstwowe-szkoly-budownictwa-w-strzyzy\\\/#breadcrumb\"},\"inLanguage\":\"pl-PL\",\"potentialAction\":[{\"@type\":\"ReadAction\",\"target\":[\"https:\\\/\\\/jarekwasielewski.pl\\\/zwrzeszcza\\\/2013\\\/02\\\/panstwowe-szkoly-budownictwa-w-strzyzy\\\/\"]}]},{\"@type\":\"ImageObject\",\"inLanguage\":\"pl-PL\",\"@id\":\"https:\\\/\\\/jarekwasielewski.pl\\\/zwrzeszcza\\\/2013\\\/02\\\/panstwowe-szkoly-budownictwa-w-strzyzy\\\/#primaryimage\",\"url\":\"https:\\\/\\\/jarekwasielewski.pl\\\/zwrzeszcza\\\/wp-content\\\/uploads\\\/ngg_featured\\\/strzyza_psb_01.JPG\",\"contentUrl\":\"https:\\\/\\\/jarekwasielewski.pl\\\/zwrzeszcza\\\/wp-content\\\/uploads\\\/ngg_featured\\\/strzyza_psb_01.JPG\",\"width\":700,\"height\":525},{\"@type\":\"BreadcrumbList\",\"@id\":\"https:\\\/\\\/jarekwasielewski.pl\\\/zwrzeszcza\\\/2013\\\/02\\\/panstwowe-szkoly-budownictwa-w-strzyzy\\\/#breadcrumb\",\"itemListElement\":[{\"@type\":\"ListItem\",\"position\":1,\"name\":\"Strona g\u0142\u00f3wna\",\"item\":\"https:\\\/\\\/jarekwasielewski.pl\\\/zwrzeszcza\\\/\"},{\"@type\":\"ListItem\",\"position\":2,\"name\":\"Pa\u0144stwowe Szko\u0142y Budownictwa w Strzy\u017cy\"}]},{\"@type\":\"WebSite\",\"@id\":\"https:\\\/\\\/jarekwasielewski.pl\\\/zwrzeszcza\\\/#website\",\"url\":\"https:\\\/\\\/jarekwasielewski.pl\\\/zwrzeszcza\\\/\",\"name\":\"Wrzeszcza Jarka Wasielewskiego\",\"description\":\"Blog Jarka Wasielewskiego o Wrzeszczu\",\"publisher\":{\"@id\":\"https:\\\/\\\/jarekwasielewski.pl\\\/zwrzeszcza\\\/#\\\/schema\\\/person\\\/807e6ca1f9fadc1945bd9ac746422589\"},\"potentialAction\":[{\"@type\":\"SearchAction\",\"target\":{\"@type\":\"EntryPoint\",\"urlTemplate\":\"https:\\\/\\\/jarekwasielewski.pl\\\/zwrzeszcza\\\/?s={search_term_string}\"},\"query-input\":{\"@type\":\"PropertyValueSpecification\",\"valueRequired\":true,\"valueName\":\"search_term_string\"}}],\"inLanguage\":\"pl-PL\"},{\"@type\":[\"Person\",\"Organization\"],\"@id\":\"https:\\\/\\\/jarekwasielewski.pl\\\/zwrzeszcza\\\/#\\\/schema\\\/person\\\/807e6ca1f9fadc1945bd9ac746422589\",\"name\":\"Jarek Wasielewski\",\"image\":{\"@type\":\"ImageObject\",\"inLanguage\":\"pl-PL\",\"@id\":\"http:\\\/\\\/jarekwasielewski.pl\\\/zwrzeszcza\\\/wp-content\\\/uploads\\\/2021\\\/09\\\/jw.png\",\"url\":\"http:\\\/\\\/jarekwasielewski.pl\\\/zwrzeszcza\\\/wp-content\\\/uploads\\\/2021\\\/09\\\/jw.png\",\"contentUrl\":\"http:\\\/\\\/jarekwasielewski.pl\\\/zwrzeszcza\\\/wp-content\\\/uploads\\\/2021\\\/09\\\/jw.png\",\"width\":715,\"height\":630,\"caption\":\"Jarek Wasielewski\"},\"logo\":{\"@id\":\"http:\\\/\\\/jarekwasielewski.pl\\\/zwrzeszcza\\\/wp-content\\\/uploads\\\/2021\\\/09\\\/jw.png\"},\"sameAs\":[\"http:\\\/\\\/jarekwasielewski.pl\\\/zwrzeszcza\"]},{\"@type\":\"Person\",\"@id\":\"https:\\\/\\\/jarekwasielewski.pl\\\/zwrzeszcza\\\/#\\\/schema\\\/person\\\/d2582ae2f5d0ea9c9154fd6e4bcb3976\",\"name\":\"Jarek Wasielewski\",\"image\":{\"@type\":\"ImageObject\",\"inLanguage\":\"pl-PL\",\"@id\":\"https:\\\/\\\/secure.gravatar.com\\\/avatar\\\/?s=96&d=mm&r=g\",\"url\":\"https:\\\/\\\/secure.gravatar.com\\\/avatar\\\/?s=96&d=mm&r=g\",\"contentUrl\":\"https:\\\/\\\/secure.gravatar.com\\\/avatar\\\/?s=96&d=mm&r=g\",\"caption\":\"Jarek Wasielewski\"}}]}<\/script>\n<!-- \/ Yoast SEO plugin. -->","yoast_head_json":{"title":"Pa\u0144stwowe Szko\u0142y Budownictwa w Strzy\u017cy - Wrzeszcz Jarka Wasielewskiego","robots":{"index":"index","follow":"follow","max-snippet":"max-snippet:-1","max-image-preview":"max-image-preview:large","max-video-preview":"max-video-preview:-1"},"canonical":"https:\/\/jarekwasielewski.pl\/zwrzeszcza\/2013\/02\/panstwowe-szkoly-budownictwa-w-strzyzy\/","og_locale":"pl_PL","og_type":"article","og_title":"Pa\u0144stwowe Szko\u0142y Budownictwa w Strzy\u017cy - Wrzeszcz Jarka Wasielewskiego","og_description":"Tym razem chcia\u0142bym przybli\u017cy\u0107 Wam histori\u0119 powstania mojego ulubionego \u201estrzy\u017ca\u0144skiego\u201d obiektu, a w\u0142a\u015bciwie: kompleksu obiekt\u00f3w. Jest nim zesp\u00f3\u0142 budynk\u00f3w Pa\u0144stwowych Szk\u00f3\u0142 Budownictwa przy al. Grunwaldzkiej. Kompleks ten stanowi doskona\u0142y przyk\u0142ad zar\u00f3wno rozmachu, jak i funkcjonalno\u015bci projekt\u00f3w realizowanych w Polsce w latach stalinowskich. Do roku 1945 w miejscu tym nie znajdowa\u0142o si\u0119 dos\u0142ownie nic. Omawiany teren&hellip;","og_url":"https:\/\/jarekwasielewski.pl\/zwrzeszcza\/2013\/02\/panstwowe-szkoly-budownictwa-w-strzyzy\/","og_site_name":"Wrzeszcz Jarka Wasielewskiego","article_published_time":"2013-02-23T22:23:00+00:00","article_modified_time":"2023-11-13T11:08:06+00:00","og_image":[{"width":700,"height":525,"url":"https:\/\/jarekwasielewski.pl\/zwrzeszcza\/wp-content\/uploads\/ngg_featured\/strzyza_psb_01.JPG","type":"image\/jpeg"}],"author":"Jarek Wasielewski","twitter_card":"summary_large_image","twitter_misc":{"Napisane przez":"Jarek Wasielewski","Szacowany czas czytania":"4 minuty"},"schema":{"@context":"https:\/\/schema.org","@graph":[{"@type":"Article","@id":"https:\/\/jarekwasielewski.pl\/zwrzeszcza\/2013\/02\/panstwowe-szkoly-budownictwa-w-strzyzy\/#article","isPartOf":{"@id":"https:\/\/jarekwasielewski.pl\/zwrzeszcza\/2013\/02\/panstwowe-szkoly-budownictwa-w-strzyzy\/"},"author":{"name":"Jarek Wasielewski","@id":"https:\/\/jarekwasielewski.pl\/zwrzeszcza\/#\/schema\/person\/d2582ae2f5d0ea9c9154fd6e4bcb3976"},"headline":"Pa\u0144stwowe Szko\u0142y Budownictwa w Strzy\u017cy","datePublished":"2013-02-23T22:23:00+00:00","dateModified":"2023-11-13T11:08:06+00:00","mainEntityOfPage":{"@id":"https:\/\/jarekwasielewski.pl\/zwrzeszcza\/2013\/02\/panstwowe-szkoly-budownictwa-w-strzyzy\/"},"wordCount":603,"commentCount":0,"publisher":{"@id":"https:\/\/jarekwasielewski.pl\/zwrzeszcza\/#\/schema\/person\/807e6ca1f9fadc1945bd9ac746422589"},"image":{"@id":"https:\/\/jarekwasielewski.pl\/zwrzeszcza\/2013\/02\/panstwowe-szkoly-budownictwa-w-strzyzy\/#primaryimage"},"thumbnailUrl":"https:\/\/jarekwasielewski.pl\/zwrzeszcza\/wp-content\/uploads\/ngg_featured\/strzyza_psb_01.JPG","articleSection":["Po 1945","Wszystkie"],"inLanguage":"pl-PL","potentialAction":[{"@type":"CommentAction","name":"Comment","target":["https:\/\/jarekwasielewski.pl\/zwrzeszcza\/2013\/02\/panstwowe-szkoly-budownictwa-w-strzyzy\/#respond"]}]},{"@type":"WebPage","@id":"https:\/\/jarekwasielewski.pl\/zwrzeszcza\/2013\/02\/panstwowe-szkoly-budownictwa-w-strzyzy\/","url":"https:\/\/jarekwasielewski.pl\/zwrzeszcza\/2013\/02\/panstwowe-szkoly-budownictwa-w-strzyzy\/","name":"Pa\u0144stwowe Szko\u0142y Budownictwa w Strzy\u017cy - Wrzeszcz Jarka Wasielewskiego","isPartOf":{"@id":"https:\/\/jarekwasielewski.pl\/zwrzeszcza\/#website"},"primaryImageOfPage":{"@id":"https:\/\/jarekwasielewski.pl\/zwrzeszcza\/2013\/02\/panstwowe-szkoly-budownictwa-w-strzyzy\/#primaryimage"},"image":{"@id":"https:\/\/jarekwasielewski.pl\/zwrzeszcza\/2013\/02\/panstwowe-szkoly-budownictwa-w-strzyzy\/#primaryimage"},"thumbnailUrl":"https:\/\/jarekwasielewski.pl\/zwrzeszcza\/wp-content\/uploads\/ngg_featured\/strzyza_psb_01.JPG","datePublished":"2013-02-23T22:23:00+00:00","dateModified":"2023-11-13T11:08:06+00:00","breadcrumb":{"@id":"https:\/\/jarekwasielewski.pl\/zwrzeszcza\/2013\/02\/panstwowe-szkoly-budownictwa-w-strzyzy\/#breadcrumb"},"inLanguage":"pl-PL","potentialAction":[{"@type":"ReadAction","target":["https:\/\/jarekwasielewski.pl\/zwrzeszcza\/2013\/02\/panstwowe-szkoly-budownictwa-w-strzyzy\/"]}]},{"@type":"ImageObject","inLanguage":"pl-PL","@id":"https:\/\/jarekwasielewski.pl\/zwrzeszcza\/2013\/02\/panstwowe-szkoly-budownictwa-w-strzyzy\/#primaryimage","url":"https:\/\/jarekwasielewski.pl\/zwrzeszcza\/wp-content\/uploads\/ngg_featured\/strzyza_psb_01.JPG","contentUrl":"https:\/\/jarekwasielewski.pl\/zwrzeszcza\/wp-content\/uploads\/ngg_featured\/strzyza_psb_01.JPG","width":700,"height":525},{"@type":"BreadcrumbList","@id":"https:\/\/jarekwasielewski.pl\/zwrzeszcza\/2013\/02\/panstwowe-szkoly-budownictwa-w-strzyzy\/#breadcrumb","itemListElement":[{"@type":"ListItem","position":1,"name":"Strona g\u0142\u00f3wna","item":"https:\/\/jarekwasielewski.pl\/zwrzeszcza\/"},{"@type":"ListItem","position":2,"name":"Pa\u0144stwowe Szko\u0142y Budownictwa w Strzy\u017cy"}]},{"@type":"WebSite","@id":"https:\/\/jarekwasielewski.pl\/zwrzeszcza\/#website","url":"https:\/\/jarekwasielewski.pl\/zwrzeszcza\/","name":"Wrzeszcza Jarka Wasielewskiego","description":"Blog Jarka Wasielewskiego o Wrzeszczu","publisher":{"@id":"https:\/\/jarekwasielewski.pl\/zwrzeszcza\/#\/schema\/person\/807e6ca1f9fadc1945bd9ac746422589"},"potentialAction":[{"@type":"SearchAction","target":{"@type":"EntryPoint","urlTemplate":"https:\/\/jarekwasielewski.pl\/zwrzeszcza\/?s={search_term_string}"},"query-input":{"@type":"PropertyValueSpecification","valueRequired":true,"valueName":"search_term_string"}}],"inLanguage":"pl-PL"},{"@type":["Person","Organization"],"@id":"https:\/\/jarekwasielewski.pl\/zwrzeszcza\/#\/schema\/person\/807e6ca1f9fadc1945bd9ac746422589","name":"Jarek Wasielewski","image":{"@type":"ImageObject","inLanguage":"pl-PL","@id":"http:\/\/jarekwasielewski.pl\/zwrzeszcza\/wp-content\/uploads\/2021\/09\/jw.png","url":"http:\/\/jarekwasielewski.pl\/zwrzeszcza\/wp-content\/uploads\/2021\/09\/jw.png","contentUrl":"http:\/\/jarekwasielewski.pl\/zwrzeszcza\/wp-content\/uploads\/2021\/09\/jw.png","width":715,"height":630,"caption":"Jarek Wasielewski"},"logo":{"@id":"http:\/\/jarekwasielewski.pl\/zwrzeszcza\/wp-content\/uploads\/2021\/09\/jw.png"},"sameAs":["http:\/\/jarekwasielewski.pl\/zwrzeszcza"]},{"@type":"Person","@id":"https:\/\/jarekwasielewski.pl\/zwrzeszcza\/#\/schema\/person\/d2582ae2f5d0ea9c9154fd6e4bcb3976","name":"Jarek Wasielewski","image":{"@type":"ImageObject","inLanguage":"pl-PL","@id":"https:\/\/secure.gravatar.com\/avatar\/?s=96&d=mm&r=g","url":"https:\/\/secure.gravatar.com\/avatar\/?s=96&d=mm&r=g","contentUrl":"https:\/\/secure.gravatar.com\/avatar\/?s=96&d=mm&r=g","caption":"Jarek Wasielewski"}}]}},"_links":{"self":[{"href":"https:\/\/jarekwasielewski.pl\/zwrzeszcza\/wp-json\/wp\/v2\/posts\/83","targetHints":{"allow":["GET"]}}],"collection":[{"href":"https:\/\/jarekwasielewski.pl\/zwrzeszcza\/wp-json\/wp\/v2\/posts"}],"about":[{"href":"https:\/\/jarekwasielewski.pl\/zwrzeszcza\/wp-json\/wp\/v2\/types\/post"}],"author":[{"embeddable":true,"href":"https:\/\/jarekwasielewski.pl\/zwrzeszcza\/wp-json\/wp\/v2\/users\/2"}],"replies":[{"embeddable":true,"href":"https:\/\/jarekwasielewski.pl\/zwrzeszcza\/wp-json\/wp\/v2\/comments?post=83"}],"version-history":[{"count":1,"href":"https:\/\/jarekwasielewski.pl\/zwrzeszcza\/wp-json\/wp\/v2\/posts\/83\/revisions"}],"predecessor-version":[{"id":5622,"href":"https:\/\/jarekwasielewski.pl\/zwrzeszcza\/wp-json\/wp\/v2\/posts\/83\/revisions\/5622"}],"wp:featuredmedia":[{"embeddable":true,"href":"https:\/\/jarekwasielewski.pl\/zwrzeszcza\/wp-json\/wp\/v2\/media\/1622"}],"wp:attachment":[{"href":"https:\/\/jarekwasielewski.pl\/zwrzeszcza\/wp-json\/wp\/v2\/media?parent=83"}],"wp:term":[{"taxonomy":"category","embeddable":true,"href":"https:\/\/jarekwasielewski.pl\/zwrzeszcza\/wp-json\/wp\/v2\/categories?post=83"},{"taxonomy":"post_tag","embeddable":true,"href":"https:\/\/jarekwasielewski.pl\/zwrzeszcza\/wp-json\/wp\/v2\/tags?post=83"}],"curies":[{"name":"wp","href":"https:\/\/api.w.org\/{rel}","templated":true}]}}