{"id":77,"date":"2013-04-04T17:05:00","date_gmt":"2013-04-04T17:05:00","guid":{"rendered":"http:\/\/jotwu.16mb.com\/zwrzeszcza\/uncategorized\/kwit-z-emalierni-johannesa-segora\/"},"modified":"2023-11-13T12:09:04","modified_gmt":"2023-11-13T11:09:04","slug":"kwit-z-emalierni-johannesa-segora","status":"publish","type":"post","link":"https:\/\/jarekwasielewski.pl\/zwrzeszcza\/2013\/04\/kwit-z-emalierni-johannesa-segora\/","title":{"rendered":"Kwit z emalierni Johannesa Segora"},"content":{"rendered":"<p style=\"text-align: justify;\">Krzysztof Grynder, znany w \u015brodowisku kolekcjoner gedaniali\u00f3w i wydawca, przes\u0142a\u0142 mi niedawno jedn\u0105 ze swoich pomniejszych aukcyjnych zdobyczy, prezentowane poni\u017cej za\u015bwiadczenie o odbyciu nauki:<\/p>\n<p style=\"text-align: justify;\"><a href=\"http:\/\/jarekwasielewski.pl\/zwrzeszcza\/wp-content\/uploads\/2013\/04\/emaliernia_segora_dokument.jpg\"><img loading=\"lazy\" decoding=\"async\" class=\"aligncenter wp-image-3491 size-medium\" src=\"http:\/\/jarekwasielewski.pl\/zwrzeszcza\/wp-content\/uploads\/2013\/04\/emaliernia_segora_dokument-213x300.jpg\" alt=\"\" width=\"213\" height=\"300\" srcset=\"https:\/\/jarekwasielewski.pl\/zwrzeszcza\/wp-content\/uploads\/2013\/04\/emaliernia_segora_dokument-213x300.jpg 213w, https:\/\/jarekwasielewski.pl\/zwrzeszcza\/wp-content\/uploads\/2013\/04\/emaliernia_segora_dokument.jpg 700w\" sizes=\"auto, (max-width: 213px) 100vw, 213px\" \/><\/a>Wydawa\u0107 by si\u0119 mog\u0142o, \u017ce to dokument, jakich tysi\u0105ce \u201ewala si\u0119\u201d po strychach i piwnicach. Ten jednak \u201ekwit\u201d jest pami\u0105tk\u0105 po firmie, kt\u00f3ra sw\u0105 siedzibie mia\u0142a we Wrzeszczu, a do tego nie jest dla nas zupe\u0142nie anonimowa.&nbsp;Jak wyczyta\u0107 mo\u017cna z eleganckiego nag\u0142\u00f3wka (swoj\u0105 drog\u0105 zastanawiam si\u0119: jak oni to robili bez u\u017cycia program\u00f3w graficznych firmy Adobe?) pismo wystawiono w s\u0142ynnej emalierni Johannesa Segora, od 1925 roku mieszcz\u0105cej si\u0119 na ternie s\u0105siaduj\u0105cym z wiaduktem w ci\u0105gu <i>Ringstrasse <\/i>(dzi\u015b ul. Ko\u015bciuszki), oznaczonej numerem 5d. Pisz\u0119 \u201es\u0142ynnej emalierni\u201d, bowiem unie\u015bmiertelni\u0142 j\u0105 na kartach <i>Wspomnie\u0144 gda\u0144skiego b\u00f3wki<\/i> Brunon Zwarra, polski gda\u0144szczanin o przedwojennym rodowodzie. Zwarra w latach 1935-1945 pracowa\u0142 w tym\u017ce zak\u0142adzie (z przerw\u0105 na pobyt w obozach w latach 1939-1942), a nast\u0119pnie po \u201ewyzwoleniu\u201d miasta go przej\u0105\u0142, przemianowuj\u0105c na Zak\u0142ad Lakierniczo-Emalierski &#8222;Gedania&#8221;. D\u0142ugo si\u0119 nim jednak nie nacieszy\u0142, bowiem w 1948 firma zosta\u0142a znacjonalizowana (po szczeg\u00f3\u0142y odsy\u0142am do <i>Wspomnie\u0144&#8230;<\/i>).<\/p>\n<p style=\"text-align: justify;\">Budynek zak\u0142adu sta\u0142 w okolicy tor\u00f3w kolejowych, w s\u0105siedztwie p\u00f3\u017aniejszych Zak\u0142ad\u00f3w Mleczarskich, na terenie obecnie zajmowanym przez Galeri\u0119 Ba\u0142tyck\u0105. Wida\u0107 go dosy\u0107 wyra\u017anie na poni\u017cszym zdj\u0119ciu lotniczym z 1929 roku:<\/p>\n<div id=\"attachment_3493\" style=\"width: 506px\" class=\"wp-caption aligncenter\"><img loading=\"lazy\" decoding=\"async\" aria-describedby=\"caption-attachment-3493\" class=\"wp-image-3493 size-full\" src=\"http:\/\/jarekwasielewski.pl\/zwrzeszcza\/wp-content\/uploads\/2013\/04\/emaliernia_segora_lotnicze.jpg\" alt=\"\" width=\"500\" height=\"355\" srcset=\"https:\/\/jarekwasielewski.pl\/zwrzeszcza\/wp-content\/uploads\/2013\/04\/emaliernia_segora_lotnicze.jpg 500w, https:\/\/jarekwasielewski.pl\/zwrzeszcza\/wp-content\/uploads\/2013\/04\/emaliernia_segora_lotnicze-300x213.jpg 300w\" sizes=\"auto, (max-width: 500px) 100vw, 500px\" \/><p id=\"caption-attachment-3493\" class=\"wp-caption-text\">(\u017ar\u00f3d\u0142o: Herder-Institut, www.herder-institut.de)<\/p><\/div>\n<p style=\"text-align: justify;\">Swego czasu na <a href=\"http:\/\/www.forum.dawnygdansk.pl\/viewtopic.php?t=3203&amp;\" target=\"_blank\" rel=\"noopener\">Forum Dawny Gda\u0144sk wyp\u0142yn\u0119\u0142a<\/a> nawet reklama owego zak\u0142adu, wydana w czasie wojny:<\/p>\n<p style=\"text-align: justify;\"><a href=\"http:\/\/jarekwasielewski.pl\/zwrzeszcza\/wp-content\/uploads\/2013\/04\/emaliernia_segora_reklama_fdg.jpg\"><img loading=\"lazy\" decoding=\"async\" class=\"aligncenter size-full wp-image-3494\" src=\"http:\/\/jarekwasielewski.pl\/zwrzeszcza\/wp-content\/uploads\/2013\/04\/emaliernia_segora_reklama_fdg.jpg\" alt=\"\" width=\"472\" height=\"360\" srcset=\"https:\/\/jarekwasielewski.pl\/zwrzeszcza\/wp-content\/uploads\/2013\/04\/emaliernia_segora_reklama_fdg.jpg 472w, https:\/\/jarekwasielewski.pl\/zwrzeszcza\/wp-content\/uploads\/2013\/04\/emaliernia_segora_reklama_fdg-300x229.jpg 300w\" sizes=\"auto, (max-width: 472px) 100vw, 472px\" \/><\/a>&#8230;dzi\u0119ki kt\u00f3rej widzimy, \u017ce pan Segor nie wybrzydza\u0142 w zleceniach.<\/p>\n","protected":false},"excerpt":{"rendered":"<p>Krzysztof Grynder, znany w \u015brodowisku kolekcjoner gedaniali\u00f3w i wydawca, przes\u0142a\u0142 mi niedawno jedn\u0105 ze swoich pomniejszych aukcyjnych zdobyczy, prezentowane poni\u017cej za\u015bwiadczenie o odbyciu nauki: Wydawa\u0107 by si\u0119 mog\u0142o, \u017ce to dokument, jakich tysi\u0105ce \u201ewala si\u0119\u201d po strychach i piwnicach. Ten jednak \u201ekwit\u201d jest pami\u0105tk\u0105 po firmie, kt\u00f3ra sw\u0105 siedzibie mia\u0142a we Wrzeszczu, a do tego&hellip;<\/p>\n","protected":false},"author":2,"featured_media":1617,"comment_status":"open","ping_status":"open","sticky":false,"template":"","format":"standard","meta":{"ngg_post_thumbnail":0,"footnotes":""},"categories":[7,8],"tags":[],"class_list":["post-77","post","type-post","status-publish","format-standard","has-post-thumbnail","hentry","category-przed-1945","category-wszystkie"],"yoast_head":"<!-- This site is optimized with the Yoast SEO plugin v27.3 - https:\/\/yoast.com\/product\/yoast-seo-wordpress\/ -->\n<title>Kwit z emalierni Johannesa Segora - Wrzeszcz Jarka Wasielewskiego<\/title>\n<meta name=\"robots\" content=\"index, follow, max-snippet:-1, max-image-preview:large, max-video-preview:-1\" \/>\n<link rel=\"canonical\" href=\"https:\/\/jarekwasielewski.pl\/zwrzeszcza\/2013\/04\/kwit-z-emalierni-johannesa-segora\/\" \/>\n<meta property=\"og:locale\" content=\"pl_PL\" \/>\n<meta property=\"og:type\" content=\"article\" \/>\n<meta property=\"og:title\" content=\"Kwit z emalierni Johannesa Segora - Wrzeszcz Jarka Wasielewskiego\" \/>\n<meta property=\"og:description\" content=\"Krzysztof Grynder, znany w \u015brodowisku kolekcjoner gedaniali\u00f3w i wydawca, przes\u0142a\u0142 mi niedawno jedn\u0105 ze swoich pomniejszych aukcyjnych zdobyczy, prezentowane poni\u017cej za\u015bwiadczenie o odbyciu nauki: Wydawa\u0107 by si\u0119 mog\u0142o, \u017ce to dokument, jakich tysi\u0105ce \u201ewala si\u0119\u201d po strychach i piwnicach. Ten jednak \u201ekwit\u201d jest pami\u0105tk\u0105 po firmie, kt\u00f3ra sw\u0105 siedzibie mia\u0142a we Wrzeszczu, a do tego&hellip;\" \/>\n<meta property=\"og:url\" content=\"https:\/\/jarekwasielewski.pl\/zwrzeszcza\/2013\/04\/kwit-z-emalierni-johannesa-segora\/\" \/>\n<meta property=\"og:site_name\" content=\"Wrzeszcz Jarka Wasielewskiego\" \/>\n<meta property=\"article:published_time\" content=\"2013-04-04T17:05:00+00:00\" \/>\n<meta property=\"article:modified_time\" content=\"2023-11-13T11:09:04+00:00\" \/>\n<meta property=\"og:image\" content=\"https:\/\/jarekwasielewski.pl\/zwrzeszcza\/wp-content\/uploads\/ngg_featured\/emaliernia_segora_dokument.jpg\" \/>\n\t<meta property=\"og:image:width\" content=\"700\" \/>\n\t<meta property=\"og:image:height\" content=\"984\" \/>\n\t<meta property=\"og:image:type\" content=\"image\/jpeg\" \/>\n<meta name=\"author\" content=\"Jarek Wasielewski\" \/>\n<meta name=\"twitter:card\" content=\"summary_large_image\" \/>\n<meta name=\"twitter:label1\" content=\"Napisane przez\" \/>\n\t<meta name=\"twitter:data1\" content=\"Jarek Wasielewski\" \/>\n\t<meta name=\"twitter:label2\" content=\"Szacowany czas czytania\" \/>\n\t<meta name=\"twitter:data2\" content=\"3 minuty\" \/>\n<script type=\"application\/ld+json\" class=\"yoast-schema-graph\">{\"@context\":\"https:\\\/\\\/schema.org\",\"@graph\":[{\"@type\":\"Article\",\"@id\":\"https:\\\/\\\/jarekwasielewski.pl\\\/zwrzeszcza\\\/2013\\\/04\\\/kwit-z-emalierni-johannesa-segora\\\/#article\",\"isPartOf\":{\"@id\":\"https:\\\/\\\/jarekwasielewski.pl\\\/zwrzeszcza\\\/2013\\\/04\\\/kwit-z-emalierni-johannesa-segora\\\/\"},\"author\":{\"name\":\"Jarek Wasielewski\",\"@id\":\"https:\\\/\\\/jarekwasielewski.pl\\\/zwrzeszcza\\\/#\\\/schema\\\/person\\\/d2582ae2f5d0ea9c9154fd6e4bcb3976\"},\"headline\":\"Kwit z emalierni Johannesa Segora\",\"datePublished\":\"2013-04-04T17:05:00+00:00\",\"dateModified\":\"2023-11-13T11:09:04+00:00\",\"mainEntityOfPage\":{\"@id\":\"https:\\\/\\\/jarekwasielewski.pl\\\/zwrzeszcza\\\/2013\\\/04\\\/kwit-z-emalierni-johannesa-segora\\\/\"},\"wordCount\":293,\"commentCount\":0,\"publisher\":{\"@id\":\"https:\\\/\\\/jarekwasielewski.pl\\\/zwrzeszcza\\\/#\\\/schema\\\/person\\\/807e6ca1f9fadc1945bd9ac746422589\"},\"image\":{\"@id\":\"https:\\\/\\\/jarekwasielewski.pl\\\/zwrzeszcza\\\/2013\\\/04\\\/kwit-z-emalierni-johannesa-segora\\\/#primaryimage\"},\"thumbnailUrl\":\"https:\\\/\\\/jarekwasielewski.pl\\\/zwrzeszcza\\\/wp-content\\\/uploads\\\/ngg_featured\\\/emaliernia_segora_dokument.jpg\",\"articleSection\":[\"Przed 1945\",\"Wszystkie\"],\"inLanguage\":\"pl-PL\",\"potentialAction\":[{\"@type\":\"CommentAction\",\"name\":\"Comment\",\"target\":[\"https:\\\/\\\/jarekwasielewski.pl\\\/zwrzeszcza\\\/2013\\\/04\\\/kwit-z-emalierni-johannesa-segora\\\/#respond\"]}]},{\"@type\":\"WebPage\",\"@id\":\"https:\\\/\\\/jarekwasielewski.pl\\\/zwrzeszcza\\\/2013\\\/04\\\/kwit-z-emalierni-johannesa-segora\\\/\",\"url\":\"https:\\\/\\\/jarekwasielewski.pl\\\/zwrzeszcza\\\/2013\\\/04\\\/kwit-z-emalierni-johannesa-segora\\\/\",\"name\":\"Kwit z emalierni Johannesa Segora - Wrzeszcz Jarka Wasielewskiego\",\"isPartOf\":{\"@id\":\"https:\\\/\\\/jarekwasielewski.pl\\\/zwrzeszcza\\\/#website\"},\"primaryImageOfPage\":{\"@id\":\"https:\\\/\\\/jarekwasielewski.pl\\\/zwrzeszcza\\\/2013\\\/04\\\/kwit-z-emalierni-johannesa-segora\\\/#primaryimage\"},\"image\":{\"@id\":\"https:\\\/\\\/jarekwasielewski.pl\\\/zwrzeszcza\\\/2013\\\/04\\\/kwit-z-emalierni-johannesa-segora\\\/#primaryimage\"},\"thumbnailUrl\":\"https:\\\/\\\/jarekwasielewski.pl\\\/zwrzeszcza\\\/wp-content\\\/uploads\\\/ngg_featured\\\/emaliernia_segora_dokument.jpg\",\"datePublished\":\"2013-04-04T17:05:00+00:00\",\"dateModified\":\"2023-11-13T11:09:04+00:00\",\"breadcrumb\":{\"@id\":\"https:\\\/\\\/jarekwasielewski.pl\\\/zwrzeszcza\\\/2013\\\/04\\\/kwit-z-emalierni-johannesa-segora\\\/#breadcrumb\"},\"inLanguage\":\"pl-PL\",\"potentialAction\":[{\"@type\":\"ReadAction\",\"target\":[\"https:\\\/\\\/jarekwasielewski.pl\\\/zwrzeszcza\\\/2013\\\/04\\\/kwit-z-emalierni-johannesa-segora\\\/\"]}]},{\"@type\":\"ImageObject\",\"inLanguage\":\"pl-PL\",\"@id\":\"https:\\\/\\\/jarekwasielewski.pl\\\/zwrzeszcza\\\/2013\\\/04\\\/kwit-z-emalierni-johannesa-segora\\\/#primaryimage\",\"url\":\"https:\\\/\\\/jarekwasielewski.pl\\\/zwrzeszcza\\\/wp-content\\\/uploads\\\/ngg_featured\\\/emaliernia_segora_dokument.jpg\",\"contentUrl\":\"https:\\\/\\\/jarekwasielewski.pl\\\/zwrzeszcza\\\/wp-content\\\/uploads\\\/ngg_featured\\\/emaliernia_segora_dokument.jpg\",\"width\":700,\"height\":984},{\"@type\":\"BreadcrumbList\",\"@id\":\"https:\\\/\\\/jarekwasielewski.pl\\\/zwrzeszcza\\\/2013\\\/04\\\/kwit-z-emalierni-johannesa-segora\\\/#breadcrumb\",\"itemListElement\":[{\"@type\":\"ListItem\",\"position\":1,\"name\":\"Strona g\u0142\u00f3wna\",\"item\":\"https:\\\/\\\/jarekwasielewski.pl\\\/zwrzeszcza\\\/\"},{\"@type\":\"ListItem\",\"position\":2,\"name\":\"Kwit z emalierni Johannesa Segora\"}]},{\"@type\":\"WebSite\",\"@id\":\"https:\\\/\\\/jarekwasielewski.pl\\\/zwrzeszcza\\\/#website\",\"url\":\"https:\\\/\\\/jarekwasielewski.pl\\\/zwrzeszcza\\\/\",\"name\":\"Wrzeszcza Jarka Wasielewskiego\",\"description\":\"Blog Jarka Wasielewskiego o Wrzeszczu\",\"publisher\":{\"@id\":\"https:\\\/\\\/jarekwasielewski.pl\\\/zwrzeszcza\\\/#\\\/schema\\\/person\\\/807e6ca1f9fadc1945bd9ac746422589\"},\"potentialAction\":[{\"@type\":\"SearchAction\",\"target\":{\"@type\":\"EntryPoint\",\"urlTemplate\":\"https:\\\/\\\/jarekwasielewski.pl\\\/zwrzeszcza\\\/?s={search_term_string}\"},\"query-input\":{\"@type\":\"PropertyValueSpecification\",\"valueRequired\":true,\"valueName\":\"search_term_string\"}}],\"inLanguage\":\"pl-PL\"},{\"@type\":[\"Person\",\"Organization\"],\"@id\":\"https:\\\/\\\/jarekwasielewski.pl\\\/zwrzeszcza\\\/#\\\/schema\\\/person\\\/807e6ca1f9fadc1945bd9ac746422589\",\"name\":\"Jarek Wasielewski\",\"image\":{\"@type\":\"ImageObject\",\"inLanguage\":\"pl-PL\",\"@id\":\"http:\\\/\\\/jarekwasielewski.pl\\\/zwrzeszcza\\\/wp-content\\\/uploads\\\/2021\\\/09\\\/jw.png\",\"url\":\"http:\\\/\\\/jarekwasielewski.pl\\\/zwrzeszcza\\\/wp-content\\\/uploads\\\/2021\\\/09\\\/jw.png\",\"contentUrl\":\"http:\\\/\\\/jarekwasielewski.pl\\\/zwrzeszcza\\\/wp-content\\\/uploads\\\/2021\\\/09\\\/jw.png\",\"width\":715,\"height\":630,\"caption\":\"Jarek Wasielewski\"},\"logo\":{\"@id\":\"http:\\\/\\\/jarekwasielewski.pl\\\/zwrzeszcza\\\/wp-content\\\/uploads\\\/2021\\\/09\\\/jw.png\"},\"sameAs\":[\"http:\\\/\\\/jarekwasielewski.pl\\\/zwrzeszcza\"]},{\"@type\":\"Person\",\"@id\":\"https:\\\/\\\/jarekwasielewski.pl\\\/zwrzeszcza\\\/#\\\/schema\\\/person\\\/d2582ae2f5d0ea9c9154fd6e4bcb3976\",\"name\":\"Jarek Wasielewski\",\"image\":{\"@type\":\"ImageObject\",\"inLanguage\":\"pl-PL\",\"@id\":\"https:\\\/\\\/secure.gravatar.com\\\/avatar\\\/?s=96&d=mm&r=g\",\"url\":\"https:\\\/\\\/secure.gravatar.com\\\/avatar\\\/?s=96&d=mm&r=g\",\"contentUrl\":\"https:\\\/\\\/secure.gravatar.com\\\/avatar\\\/?s=96&d=mm&r=g\",\"caption\":\"Jarek Wasielewski\"}}]}<\/script>\n<!-- \/ Yoast SEO plugin. -->","yoast_head_json":{"title":"Kwit z emalierni Johannesa Segora - Wrzeszcz Jarka Wasielewskiego","robots":{"index":"index","follow":"follow","max-snippet":"max-snippet:-1","max-image-preview":"max-image-preview:large","max-video-preview":"max-video-preview:-1"},"canonical":"https:\/\/jarekwasielewski.pl\/zwrzeszcza\/2013\/04\/kwit-z-emalierni-johannesa-segora\/","og_locale":"pl_PL","og_type":"article","og_title":"Kwit z emalierni Johannesa Segora - Wrzeszcz Jarka Wasielewskiego","og_description":"Krzysztof Grynder, znany w \u015brodowisku kolekcjoner gedaniali\u00f3w i wydawca, przes\u0142a\u0142 mi niedawno jedn\u0105 ze swoich pomniejszych aukcyjnych zdobyczy, prezentowane poni\u017cej za\u015bwiadczenie o odbyciu nauki: Wydawa\u0107 by si\u0119 mog\u0142o, \u017ce to dokument, jakich tysi\u0105ce \u201ewala si\u0119\u201d po strychach i piwnicach. Ten jednak \u201ekwit\u201d jest pami\u0105tk\u0105 po firmie, kt\u00f3ra sw\u0105 siedzibie mia\u0142a we Wrzeszczu, a do tego&hellip;","og_url":"https:\/\/jarekwasielewski.pl\/zwrzeszcza\/2013\/04\/kwit-z-emalierni-johannesa-segora\/","og_site_name":"Wrzeszcz Jarka Wasielewskiego","article_published_time":"2013-04-04T17:05:00+00:00","article_modified_time":"2023-11-13T11:09:04+00:00","og_image":[{"width":700,"height":984,"url":"https:\/\/jarekwasielewski.pl\/zwrzeszcza\/wp-content\/uploads\/ngg_featured\/emaliernia_segora_dokument.jpg","type":"image\/jpeg"}],"author":"Jarek Wasielewski","twitter_card":"summary_large_image","twitter_misc":{"Napisane przez":"Jarek Wasielewski","Szacowany czas czytania":"3 minuty"},"schema":{"@context":"https:\/\/schema.org","@graph":[{"@type":"Article","@id":"https:\/\/jarekwasielewski.pl\/zwrzeszcza\/2013\/04\/kwit-z-emalierni-johannesa-segora\/#article","isPartOf":{"@id":"https:\/\/jarekwasielewski.pl\/zwrzeszcza\/2013\/04\/kwit-z-emalierni-johannesa-segora\/"},"author":{"name":"Jarek Wasielewski","@id":"https:\/\/jarekwasielewski.pl\/zwrzeszcza\/#\/schema\/person\/d2582ae2f5d0ea9c9154fd6e4bcb3976"},"headline":"Kwit z emalierni Johannesa Segora","datePublished":"2013-04-04T17:05:00+00:00","dateModified":"2023-11-13T11:09:04+00:00","mainEntityOfPage":{"@id":"https:\/\/jarekwasielewski.pl\/zwrzeszcza\/2013\/04\/kwit-z-emalierni-johannesa-segora\/"},"wordCount":293,"commentCount":0,"publisher":{"@id":"https:\/\/jarekwasielewski.pl\/zwrzeszcza\/#\/schema\/person\/807e6ca1f9fadc1945bd9ac746422589"},"image":{"@id":"https:\/\/jarekwasielewski.pl\/zwrzeszcza\/2013\/04\/kwit-z-emalierni-johannesa-segora\/#primaryimage"},"thumbnailUrl":"https:\/\/jarekwasielewski.pl\/zwrzeszcza\/wp-content\/uploads\/ngg_featured\/emaliernia_segora_dokument.jpg","articleSection":["Przed 1945","Wszystkie"],"inLanguage":"pl-PL","potentialAction":[{"@type":"CommentAction","name":"Comment","target":["https:\/\/jarekwasielewski.pl\/zwrzeszcza\/2013\/04\/kwit-z-emalierni-johannesa-segora\/#respond"]}]},{"@type":"WebPage","@id":"https:\/\/jarekwasielewski.pl\/zwrzeszcza\/2013\/04\/kwit-z-emalierni-johannesa-segora\/","url":"https:\/\/jarekwasielewski.pl\/zwrzeszcza\/2013\/04\/kwit-z-emalierni-johannesa-segora\/","name":"Kwit z emalierni Johannesa Segora - Wrzeszcz Jarka Wasielewskiego","isPartOf":{"@id":"https:\/\/jarekwasielewski.pl\/zwrzeszcza\/#website"},"primaryImageOfPage":{"@id":"https:\/\/jarekwasielewski.pl\/zwrzeszcza\/2013\/04\/kwit-z-emalierni-johannesa-segora\/#primaryimage"},"image":{"@id":"https:\/\/jarekwasielewski.pl\/zwrzeszcza\/2013\/04\/kwit-z-emalierni-johannesa-segora\/#primaryimage"},"thumbnailUrl":"https:\/\/jarekwasielewski.pl\/zwrzeszcza\/wp-content\/uploads\/ngg_featured\/emaliernia_segora_dokument.jpg","datePublished":"2013-04-04T17:05:00+00:00","dateModified":"2023-11-13T11:09:04+00:00","breadcrumb":{"@id":"https:\/\/jarekwasielewski.pl\/zwrzeszcza\/2013\/04\/kwit-z-emalierni-johannesa-segora\/#breadcrumb"},"inLanguage":"pl-PL","potentialAction":[{"@type":"ReadAction","target":["https:\/\/jarekwasielewski.pl\/zwrzeszcza\/2013\/04\/kwit-z-emalierni-johannesa-segora\/"]}]},{"@type":"ImageObject","inLanguage":"pl-PL","@id":"https:\/\/jarekwasielewski.pl\/zwrzeszcza\/2013\/04\/kwit-z-emalierni-johannesa-segora\/#primaryimage","url":"https:\/\/jarekwasielewski.pl\/zwrzeszcza\/wp-content\/uploads\/ngg_featured\/emaliernia_segora_dokument.jpg","contentUrl":"https:\/\/jarekwasielewski.pl\/zwrzeszcza\/wp-content\/uploads\/ngg_featured\/emaliernia_segora_dokument.jpg","width":700,"height":984},{"@type":"BreadcrumbList","@id":"https:\/\/jarekwasielewski.pl\/zwrzeszcza\/2013\/04\/kwit-z-emalierni-johannesa-segora\/#breadcrumb","itemListElement":[{"@type":"ListItem","position":1,"name":"Strona g\u0142\u00f3wna","item":"https:\/\/jarekwasielewski.pl\/zwrzeszcza\/"},{"@type":"ListItem","position":2,"name":"Kwit z emalierni Johannesa Segora"}]},{"@type":"WebSite","@id":"https:\/\/jarekwasielewski.pl\/zwrzeszcza\/#website","url":"https:\/\/jarekwasielewski.pl\/zwrzeszcza\/","name":"Wrzeszcza Jarka Wasielewskiego","description":"Blog Jarka Wasielewskiego o Wrzeszczu","publisher":{"@id":"https:\/\/jarekwasielewski.pl\/zwrzeszcza\/#\/schema\/person\/807e6ca1f9fadc1945bd9ac746422589"},"potentialAction":[{"@type":"SearchAction","target":{"@type":"EntryPoint","urlTemplate":"https:\/\/jarekwasielewski.pl\/zwrzeszcza\/?s={search_term_string}"},"query-input":{"@type":"PropertyValueSpecification","valueRequired":true,"valueName":"search_term_string"}}],"inLanguage":"pl-PL"},{"@type":["Person","Organization"],"@id":"https:\/\/jarekwasielewski.pl\/zwrzeszcza\/#\/schema\/person\/807e6ca1f9fadc1945bd9ac746422589","name":"Jarek Wasielewski","image":{"@type":"ImageObject","inLanguage":"pl-PL","@id":"http:\/\/jarekwasielewski.pl\/zwrzeszcza\/wp-content\/uploads\/2021\/09\/jw.png","url":"http:\/\/jarekwasielewski.pl\/zwrzeszcza\/wp-content\/uploads\/2021\/09\/jw.png","contentUrl":"http:\/\/jarekwasielewski.pl\/zwrzeszcza\/wp-content\/uploads\/2021\/09\/jw.png","width":715,"height":630,"caption":"Jarek Wasielewski"},"logo":{"@id":"http:\/\/jarekwasielewski.pl\/zwrzeszcza\/wp-content\/uploads\/2021\/09\/jw.png"},"sameAs":["http:\/\/jarekwasielewski.pl\/zwrzeszcza"]},{"@type":"Person","@id":"https:\/\/jarekwasielewski.pl\/zwrzeszcza\/#\/schema\/person\/d2582ae2f5d0ea9c9154fd6e4bcb3976","name":"Jarek Wasielewski","image":{"@type":"ImageObject","inLanguage":"pl-PL","@id":"https:\/\/secure.gravatar.com\/avatar\/?s=96&d=mm&r=g","url":"https:\/\/secure.gravatar.com\/avatar\/?s=96&d=mm&r=g","contentUrl":"https:\/\/secure.gravatar.com\/avatar\/?s=96&d=mm&r=g","caption":"Jarek Wasielewski"}}]}},"_links":{"self":[{"href":"https:\/\/jarekwasielewski.pl\/zwrzeszcza\/wp-json\/wp\/v2\/posts\/77","targetHints":{"allow":["GET"]}}],"collection":[{"href":"https:\/\/jarekwasielewski.pl\/zwrzeszcza\/wp-json\/wp\/v2\/posts"}],"about":[{"href":"https:\/\/jarekwasielewski.pl\/zwrzeszcza\/wp-json\/wp\/v2\/types\/post"}],"author":[{"embeddable":true,"href":"https:\/\/jarekwasielewski.pl\/zwrzeszcza\/wp-json\/wp\/v2\/users\/2"}],"replies":[{"embeddable":true,"href":"https:\/\/jarekwasielewski.pl\/zwrzeszcza\/wp-json\/wp\/v2\/comments?post=77"}],"version-history":[{"count":1,"href":"https:\/\/jarekwasielewski.pl\/zwrzeszcza\/wp-json\/wp\/v2\/posts\/77\/revisions"}],"predecessor-version":[{"id":5623,"href":"https:\/\/jarekwasielewski.pl\/zwrzeszcza\/wp-json\/wp\/v2\/posts\/77\/revisions\/5623"}],"wp:featuredmedia":[{"embeddable":true,"href":"https:\/\/jarekwasielewski.pl\/zwrzeszcza\/wp-json\/wp\/v2\/media\/1617"}],"wp:attachment":[{"href":"https:\/\/jarekwasielewski.pl\/zwrzeszcza\/wp-json\/wp\/v2\/media?parent=77"}],"wp:term":[{"taxonomy":"category","embeddable":true,"href":"https:\/\/jarekwasielewski.pl\/zwrzeszcza\/wp-json\/wp\/v2\/categories?post=77"},{"taxonomy":"post_tag","embeddable":true,"href":"https:\/\/jarekwasielewski.pl\/zwrzeszcza\/wp-json\/wp\/v2\/tags?post=77"}],"curies":[{"name":"wp","href":"https:\/\/api.w.org\/{rel}","templated":true}]}}