{"id":76,"date":"2013-04-11T20:25:00","date_gmt":"2013-04-11T20:25:00","guid":{"rendered":"http:\/\/jotwu.16mb.com\/zwrzeszcza\/uncategorized\/al-grunwaldzka-na-fotografii-z-lat-ii-wojny\/"},"modified":"2014-12-15T10:40:59","modified_gmt":"2014-12-15T10:40:59","slug":"al-grunwaldzka-na-fotografii-z-lat-ii-wojny","status":"publish","type":"post","link":"https:\/\/jarekwasielewski.pl\/zwrzeszcza\/2013\/04\/al-grunwaldzka-na-fotografii-z-lat-ii-wojny\/","title":{"rendered":"Al. Grunwaldzka na fotografii z lat II wojny"},"content":{"rendered":"<p style=\"text-align: justify;\">Na niemieckim eBay\u2019u zn\u00f3w smaczne k\u0105ski \u2013 tym razem kilka zdj\u0119\u0107 Gda\u0144ska z 1941 roku, w\u015br\u00f3d nich <a href=\"http:\/\/www.ebay.de\/itm\/org-Foto-Danzig-Langfuhr-Strassenszene-Einkaufsstrasse-Polen-\/251257281329?pt=Militaria&amp;hash=item3a8019db31\" target=\"_blank\">rzadki widok <i>Hauptstrasse<\/i>\/<i>Adolf-Hitler-Strasse<\/i><\/a> w kierunku wrzeszcza\u0144skiego rynku, na odcinku przed skrzy\u017cowaniem alei z <i>Baumbachallee<\/i>, czyli dzisiejsz\u0105 ul. Konopnickiej (to miejsce, w kt\u00f3rym wida\u0107 kamienic\u0119 z naro\u017cnym wykuszem oraz charakterystyczn\u0105 wie\u017cyczk\u0105):<\/p>\n<div id=\"attachment_657\" style=\"width: 306px\" class=\"wp-caption aligncenter\"><a href=\"http:\/\/jarekwasielewski.pl\/zwrzeszcza\/wp-content\/uploads\/2013\/04\/wrzeszcz_grunwaldzka_1941_ebayde.jpg\"><img loading=\"lazy\" decoding=\"async\" aria-describedby=\"caption-attachment-657\" class=\"wp-image-657 size-medium\" src=\"http:\/\/jarekwasielewski.pl\/zwrzeszcza\/wp-content\/uploads\/2013\/04\/wrzeszcz_grunwaldzka_1941_ebayde-300x194.jpg\" alt=\"(\u017ar\u00f3d\u0142o: serwis aukcyjny eBay.de)\" width=\"300\" height=\"194\" srcset=\"https:\/\/jarekwasielewski.pl\/zwrzeszcza\/wp-content\/uploads\/2013\/04\/wrzeszcz_grunwaldzka_1941_ebayde-300x194.jpg 300w, https:\/\/jarekwasielewski.pl\/zwrzeszcza\/wp-content\/uploads\/2013\/04\/wrzeszcz_grunwaldzka_1941_ebayde.jpg 904w\" sizes=\"auto, (max-width: 300px) 100vw, 300px\" \/><\/a><p id=\"caption-attachment-657\" class=\"wp-caption-text\">(\u017ar\u00f3d\u0142o: serwis aukcyjny eBay.de)<\/p><\/div>\n<p style=\"text-align: justify;\">Ten fragment al. Grunwaldzkiej niecz\u0119sto prezentowany by\u0142 na przedwojennych poczt\u00f3wkach.<\/p>\n<p style=\"text-align: justify;\">\u015awietna, obfituj\u0105ca w detal fotografia: wyra\u017ane szyldy m.in. zak\u0142adu fryzjerskiego i apteki, przechodnie w drodze sk\u0105d\u015b\/dok\u0105d\u015b&#8230; Bardzo mi si\u0119.<\/p>\n<p style=\"text-align: justify;\">Niestety, widoczna tu zabudowa nie przetrwa\u0142a do dzi\u015b. Obecnie w tym miejscu przebiega wschodnia jezdnia al. Grunwaldzkiej, zreszt\u0105 zobaczcie sami:<\/p>\n<div id=\"attachment_1500\" style=\"width: 306px\" class=\"wp-caption aligncenter\"><a href=\"http:\/\/jarekwasielewski.pl\/zwrzeszcza\/wp-content\/uploads\/2013\/04\/wrzeszcz_grunwaldzka_streetview.jpg\"><img loading=\"lazy\" decoding=\"async\" aria-describedby=\"caption-attachment-1500\" class=\"size-medium wp-image-1500\" src=\"http:\/\/jarekwasielewski.pl\/zwrzeszcza\/wp-content\/uploads\/2013\/04\/wrzeszcz_grunwaldzka_streetview-300x197.jpg\" alt=\"\u017ar\u00f3d\u0142o: Google Streetview\" width=\"300\" height=\"197\" srcset=\"https:\/\/jarekwasielewski.pl\/zwrzeszcza\/wp-content\/uploads\/2013\/04\/wrzeszcz_grunwaldzka_streetview-300x197.jpg 300w, https:\/\/jarekwasielewski.pl\/zwrzeszcza\/wp-content\/uploads\/2013\/04\/wrzeszcz_grunwaldzka_streetview.jpg 639w\" sizes=\"auto, (max-width: 300px) 100vw, 300px\" \/><\/a><p id=\"caption-attachment-1500\" class=\"wp-caption-text\">\u017ar\u00f3d\u0142o: Google Streetview<\/p><\/div>\n","protected":false},"excerpt":{"rendered":"<p>Na niemieckim eBay\u2019u zn\u00f3w smaczne k\u0105ski \u2013 tym razem kilka zdj\u0119\u0107 Gda\u0144ska z 1941 roku, w\u015br\u00f3d nich rzadki widok Hauptstrasse\/Adolf-Hitler-Strasse w kierunku wrzeszcza\u0144skiego rynku, na odcinku przed skrzy\u017cowaniem alei z Baumbachallee, czyli dzisiejsz\u0105 ul. Konopnickiej (to miejsce, w kt\u00f3rym wida\u0107 kamienic\u0119 z naro\u017cnym wykuszem oraz charakterystyczn\u0105 wie\u017cyczk\u0105): Ten fragment al. Grunwaldzkiej niecz\u0119sto prezentowany by\u0142 na&hellip;<\/p>\n","protected":false},"author":2,"featured_media":657,"comment_status":"open","ping_status":"open","sticky":false,"template":"","format":"standard","meta":{"ngg_post_thumbnail":0,"footnotes":""},"categories":[7,8],"tags":[],"class_list":["post-76","post","type-post","status-publish","format-standard","has-post-thumbnail","hentry","category-przed-1945","category-wszystkie"],"yoast_head":"<!-- This site is optimized with the Yoast SEO plugin v27.3 - https:\/\/yoast.com\/product\/yoast-seo-wordpress\/ -->\n<title>Al. Grunwaldzka na fotografii z lat II wojny - Wrzeszcz Jarka Wasielewskiego<\/title>\n<meta name=\"robots\" content=\"index, follow, max-snippet:-1, max-image-preview:large, max-video-preview:-1\" \/>\n<link rel=\"canonical\" href=\"https:\/\/jarekwasielewski.pl\/zwrzeszcza\/2013\/04\/al-grunwaldzka-na-fotografii-z-lat-ii-wojny\/\" \/>\n<meta property=\"og:locale\" content=\"pl_PL\" \/>\n<meta property=\"og:type\" content=\"article\" \/>\n<meta property=\"og:title\" content=\"Al. Grunwaldzka na fotografii z lat II wojny - Wrzeszcz Jarka Wasielewskiego\" \/>\n<meta property=\"og:description\" content=\"Na niemieckim eBay\u2019u zn\u00f3w smaczne k\u0105ski \u2013 tym razem kilka zdj\u0119\u0107 Gda\u0144ska z 1941 roku, w\u015br\u00f3d nich rzadki widok Hauptstrasse\/Adolf-Hitler-Strasse w kierunku wrzeszcza\u0144skiego rynku, na odcinku przed skrzy\u017cowaniem alei z Baumbachallee, czyli dzisiejsz\u0105 ul. Konopnickiej (to miejsce, w kt\u00f3rym wida\u0107 kamienic\u0119 z naro\u017cnym wykuszem oraz charakterystyczn\u0105 wie\u017cyczk\u0105): Ten fragment al. Grunwaldzkiej niecz\u0119sto prezentowany by\u0142 na&hellip;\" \/>\n<meta property=\"og:url\" content=\"https:\/\/jarekwasielewski.pl\/zwrzeszcza\/2013\/04\/al-grunwaldzka-na-fotografii-z-lat-ii-wojny\/\" \/>\n<meta property=\"og:site_name\" content=\"Wrzeszcz Jarka Wasielewskiego\" \/>\n<meta property=\"article:published_time\" content=\"2013-04-11T20:25:00+00:00\" \/>\n<meta property=\"article:modified_time\" content=\"2014-12-15T10:40:59+00:00\" \/>\n<meta property=\"og:image\" content=\"https:\/\/jarekwasielewski.pl\/zwrzeszcza\/wp-content\/uploads\/2013\/04\/wrzeszcz_grunwaldzka_1941_ebayde.jpg\" \/>\n\t<meta property=\"og:image:width\" content=\"904\" \/>\n\t<meta property=\"og:image:height\" content=\"587\" \/>\n\t<meta property=\"og:image:type\" content=\"image\/jpeg\" \/>\n<meta name=\"author\" content=\"Jarek Wasielewski\" \/>\n<meta name=\"twitter:card\" content=\"summary_large_image\" \/>\n<meta name=\"twitter:label1\" content=\"Napisane przez\" \/>\n\t<meta name=\"twitter:data1\" content=\"Jarek Wasielewski\" \/>\n\t<meta name=\"twitter:label2\" content=\"Szacowany czas czytania\" \/>\n\t<meta name=\"twitter:data2\" content=\"1 minuta\" \/>\n<script type=\"application\/ld+json\" class=\"yoast-schema-graph\">{\"@context\":\"https:\\\/\\\/schema.org\",\"@graph\":[{\"@type\":\"Article\",\"@id\":\"https:\\\/\\\/jarekwasielewski.pl\\\/zwrzeszcza\\\/2013\\\/04\\\/al-grunwaldzka-na-fotografii-z-lat-ii-wojny\\\/#article\",\"isPartOf\":{\"@id\":\"https:\\\/\\\/jarekwasielewski.pl\\\/zwrzeszcza\\\/2013\\\/04\\\/al-grunwaldzka-na-fotografii-z-lat-ii-wojny\\\/\"},\"author\":{\"name\":\"Jarek Wasielewski\",\"@id\":\"https:\\\/\\\/jarekwasielewski.pl\\\/zwrzeszcza\\\/#\\\/schema\\\/person\\\/d2582ae2f5d0ea9c9154fd6e4bcb3976\"},\"headline\":\"Al. Grunwaldzka na fotografii z lat II wojny\",\"datePublished\":\"2013-04-11T20:25:00+00:00\",\"dateModified\":\"2014-12-15T10:40:59+00:00\",\"mainEntityOfPage\":{\"@id\":\"https:\\\/\\\/jarekwasielewski.pl\\\/zwrzeszcza\\\/2013\\\/04\\\/al-grunwaldzka-na-fotografii-z-lat-ii-wojny\\\/\"},\"wordCount\":150,\"commentCount\":0,\"publisher\":{\"@id\":\"https:\\\/\\\/jarekwasielewski.pl\\\/zwrzeszcza\\\/#\\\/schema\\\/person\\\/807e6ca1f9fadc1945bd9ac746422589\"},\"image\":{\"@id\":\"https:\\\/\\\/jarekwasielewski.pl\\\/zwrzeszcza\\\/2013\\\/04\\\/al-grunwaldzka-na-fotografii-z-lat-ii-wojny\\\/#primaryimage\"},\"thumbnailUrl\":\"https:\\\/\\\/jarekwasielewski.pl\\\/zwrzeszcza\\\/wp-content\\\/uploads\\\/2013\\\/04\\\/wrzeszcz_grunwaldzka_1941_ebayde.jpg\",\"articleSection\":[\"Przed 1945\",\"Wszystkie\"],\"inLanguage\":\"pl-PL\",\"potentialAction\":[{\"@type\":\"CommentAction\",\"name\":\"Comment\",\"target\":[\"https:\\\/\\\/jarekwasielewski.pl\\\/zwrzeszcza\\\/2013\\\/04\\\/al-grunwaldzka-na-fotografii-z-lat-ii-wojny\\\/#respond\"]}]},{\"@type\":\"WebPage\",\"@id\":\"https:\\\/\\\/jarekwasielewski.pl\\\/zwrzeszcza\\\/2013\\\/04\\\/al-grunwaldzka-na-fotografii-z-lat-ii-wojny\\\/\",\"url\":\"https:\\\/\\\/jarekwasielewski.pl\\\/zwrzeszcza\\\/2013\\\/04\\\/al-grunwaldzka-na-fotografii-z-lat-ii-wojny\\\/\",\"name\":\"Al. Grunwaldzka na fotografii z lat II wojny - Wrzeszcz Jarka Wasielewskiego\",\"isPartOf\":{\"@id\":\"https:\\\/\\\/jarekwasielewski.pl\\\/zwrzeszcza\\\/#website\"},\"primaryImageOfPage\":{\"@id\":\"https:\\\/\\\/jarekwasielewski.pl\\\/zwrzeszcza\\\/2013\\\/04\\\/al-grunwaldzka-na-fotografii-z-lat-ii-wojny\\\/#primaryimage\"},\"image\":{\"@id\":\"https:\\\/\\\/jarekwasielewski.pl\\\/zwrzeszcza\\\/2013\\\/04\\\/al-grunwaldzka-na-fotografii-z-lat-ii-wojny\\\/#primaryimage\"},\"thumbnailUrl\":\"https:\\\/\\\/jarekwasielewski.pl\\\/zwrzeszcza\\\/wp-content\\\/uploads\\\/2013\\\/04\\\/wrzeszcz_grunwaldzka_1941_ebayde.jpg\",\"datePublished\":\"2013-04-11T20:25:00+00:00\",\"dateModified\":\"2014-12-15T10:40:59+00:00\",\"breadcrumb\":{\"@id\":\"https:\\\/\\\/jarekwasielewski.pl\\\/zwrzeszcza\\\/2013\\\/04\\\/al-grunwaldzka-na-fotografii-z-lat-ii-wojny\\\/#breadcrumb\"},\"inLanguage\":\"pl-PL\",\"potentialAction\":[{\"@type\":\"ReadAction\",\"target\":[\"https:\\\/\\\/jarekwasielewski.pl\\\/zwrzeszcza\\\/2013\\\/04\\\/al-grunwaldzka-na-fotografii-z-lat-ii-wojny\\\/\"]}]},{\"@type\":\"ImageObject\",\"inLanguage\":\"pl-PL\",\"@id\":\"https:\\\/\\\/jarekwasielewski.pl\\\/zwrzeszcza\\\/2013\\\/04\\\/al-grunwaldzka-na-fotografii-z-lat-ii-wojny\\\/#primaryimage\",\"url\":\"https:\\\/\\\/jarekwasielewski.pl\\\/zwrzeszcza\\\/wp-content\\\/uploads\\\/2013\\\/04\\\/wrzeszcz_grunwaldzka_1941_ebayde.jpg\",\"contentUrl\":\"https:\\\/\\\/jarekwasielewski.pl\\\/zwrzeszcza\\\/wp-content\\\/uploads\\\/2013\\\/04\\\/wrzeszcz_grunwaldzka_1941_ebayde.jpg\",\"width\":904,\"height\":587,\"caption\":\"(\u017ar\u00f3d\u0142o: serwis aukcyjny eBay.de)\"},{\"@type\":\"BreadcrumbList\",\"@id\":\"https:\\\/\\\/jarekwasielewski.pl\\\/zwrzeszcza\\\/2013\\\/04\\\/al-grunwaldzka-na-fotografii-z-lat-ii-wojny\\\/#breadcrumb\",\"itemListElement\":[{\"@type\":\"ListItem\",\"position\":1,\"name\":\"Strona g\u0142\u00f3wna\",\"item\":\"https:\\\/\\\/jarekwasielewski.pl\\\/zwrzeszcza\\\/\"},{\"@type\":\"ListItem\",\"position\":2,\"name\":\"Al. Grunwaldzka na fotografii z lat II wojny\"}]},{\"@type\":\"WebSite\",\"@id\":\"https:\\\/\\\/jarekwasielewski.pl\\\/zwrzeszcza\\\/#website\",\"url\":\"https:\\\/\\\/jarekwasielewski.pl\\\/zwrzeszcza\\\/\",\"name\":\"Wrzeszcza Jarka Wasielewskiego\",\"description\":\"Blog Jarka Wasielewskiego o Wrzeszczu\",\"publisher\":{\"@id\":\"https:\\\/\\\/jarekwasielewski.pl\\\/zwrzeszcza\\\/#\\\/schema\\\/person\\\/807e6ca1f9fadc1945bd9ac746422589\"},\"potentialAction\":[{\"@type\":\"SearchAction\",\"target\":{\"@type\":\"EntryPoint\",\"urlTemplate\":\"https:\\\/\\\/jarekwasielewski.pl\\\/zwrzeszcza\\\/?s={search_term_string}\"},\"query-input\":{\"@type\":\"PropertyValueSpecification\",\"valueRequired\":true,\"valueName\":\"search_term_string\"}}],\"inLanguage\":\"pl-PL\"},{\"@type\":[\"Person\",\"Organization\"],\"@id\":\"https:\\\/\\\/jarekwasielewski.pl\\\/zwrzeszcza\\\/#\\\/schema\\\/person\\\/807e6ca1f9fadc1945bd9ac746422589\",\"name\":\"Jarek Wasielewski\",\"image\":{\"@type\":\"ImageObject\",\"inLanguage\":\"pl-PL\",\"@id\":\"http:\\\/\\\/jarekwasielewski.pl\\\/zwrzeszcza\\\/wp-content\\\/uploads\\\/2021\\\/09\\\/jw.png\",\"url\":\"http:\\\/\\\/jarekwasielewski.pl\\\/zwrzeszcza\\\/wp-content\\\/uploads\\\/2021\\\/09\\\/jw.png\",\"contentUrl\":\"http:\\\/\\\/jarekwasielewski.pl\\\/zwrzeszcza\\\/wp-content\\\/uploads\\\/2021\\\/09\\\/jw.png\",\"width\":715,\"height\":630,\"caption\":\"Jarek Wasielewski\"},\"logo\":{\"@id\":\"http:\\\/\\\/jarekwasielewski.pl\\\/zwrzeszcza\\\/wp-content\\\/uploads\\\/2021\\\/09\\\/jw.png\"},\"sameAs\":[\"http:\\\/\\\/jarekwasielewski.pl\\\/zwrzeszcza\"]},{\"@type\":\"Person\",\"@id\":\"https:\\\/\\\/jarekwasielewski.pl\\\/zwrzeszcza\\\/#\\\/schema\\\/person\\\/d2582ae2f5d0ea9c9154fd6e4bcb3976\",\"name\":\"Jarek Wasielewski\",\"image\":{\"@type\":\"ImageObject\",\"inLanguage\":\"pl-PL\",\"@id\":\"https:\\\/\\\/secure.gravatar.com\\\/avatar\\\/?s=96&d=mm&r=g\",\"url\":\"https:\\\/\\\/secure.gravatar.com\\\/avatar\\\/?s=96&d=mm&r=g\",\"contentUrl\":\"https:\\\/\\\/secure.gravatar.com\\\/avatar\\\/?s=96&d=mm&r=g\",\"caption\":\"Jarek Wasielewski\"}}]}<\/script>\n<!-- \/ Yoast SEO plugin. -->","yoast_head_json":{"title":"Al. Grunwaldzka na fotografii z lat II wojny - Wrzeszcz Jarka Wasielewskiego","robots":{"index":"index","follow":"follow","max-snippet":"max-snippet:-1","max-image-preview":"max-image-preview:large","max-video-preview":"max-video-preview:-1"},"canonical":"https:\/\/jarekwasielewski.pl\/zwrzeszcza\/2013\/04\/al-grunwaldzka-na-fotografii-z-lat-ii-wojny\/","og_locale":"pl_PL","og_type":"article","og_title":"Al. Grunwaldzka na fotografii z lat II wojny - Wrzeszcz Jarka Wasielewskiego","og_description":"Na niemieckim eBay\u2019u zn\u00f3w smaczne k\u0105ski \u2013 tym razem kilka zdj\u0119\u0107 Gda\u0144ska z 1941 roku, w\u015br\u00f3d nich rzadki widok Hauptstrasse\/Adolf-Hitler-Strasse w kierunku wrzeszcza\u0144skiego rynku, na odcinku przed skrzy\u017cowaniem alei z Baumbachallee, czyli dzisiejsz\u0105 ul. Konopnickiej (to miejsce, w kt\u00f3rym wida\u0107 kamienic\u0119 z naro\u017cnym wykuszem oraz charakterystyczn\u0105 wie\u017cyczk\u0105): Ten fragment al. Grunwaldzkiej niecz\u0119sto prezentowany by\u0142 na&hellip;","og_url":"https:\/\/jarekwasielewski.pl\/zwrzeszcza\/2013\/04\/al-grunwaldzka-na-fotografii-z-lat-ii-wojny\/","og_site_name":"Wrzeszcz Jarka Wasielewskiego","article_published_time":"2013-04-11T20:25:00+00:00","article_modified_time":"2014-12-15T10:40:59+00:00","og_image":[{"width":904,"height":587,"url":"https:\/\/jarekwasielewski.pl\/zwrzeszcza\/wp-content\/uploads\/2013\/04\/wrzeszcz_grunwaldzka_1941_ebayde.jpg","type":"image\/jpeg"}],"author":"Jarek Wasielewski","twitter_card":"summary_large_image","twitter_misc":{"Napisane przez":"Jarek Wasielewski","Szacowany czas czytania":"1 minuta"},"schema":{"@context":"https:\/\/schema.org","@graph":[{"@type":"Article","@id":"https:\/\/jarekwasielewski.pl\/zwrzeszcza\/2013\/04\/al-grunwaldzka-na-fotografii-z-lat-ii-wojny\/#article","isPartOf":{"@id":"https:\/\/jarekwasielewski.pl\/zwrzeszcza\/2013\/04\/al-grunwaldzka-na-fotografii-z-lat-ii-wojny\/"},"author":{"name":"Jarek Wasielewski","@id":"https:\/\/jarekwasielewski.pl\/zwrzeszcza\/#\/schema\/person\/d2582ae2f5d0ea9c9154fd6e4bcb3976"},"headline":"Al. Grunwaldzka na fotografii z lat II wojny","datePublished":"2013-04-11T20:25:00+00:00","dateModified":"2014-12-15T10:40:59+00:00","mainEntityOfPage":{"@id":"https:\/\/jarekwasielewski.pl\/zwrzeszcza\/2013\/04\/al-grunwaldzka-na-fotografii-z-lat-ii-wojny\/"},"wordCount":150,"commentCount":0,"publisher":{"@id":"https:\/\/jarekwasielewski.pl\/zwrzeszcza\/#\/schema\/person\/807e6ca1f9fadc1945bd9ac746422589"},"image":{"@id":"https:\/\/jarekwasielewski.pl\/zwrzeszcza\/2013\/04\/al-grunwaldzka-na-fotografii-z-lat-ii-wojny\/#primaryimage"},"thumbnailUrl":"https:\/\/jarekwasielewski.pl\/zwrzeszcza\/wp-content\/uploads\/2013\/04\/wrzeszcz_grunwaldzka_1941_ebayde.jpg","articleSection":["Przed 1945","Wszystkie"],"inLanguage":"pl-PL","potentialAction":[{"@type":"CommentAction","name":"Comment","target":["https:\/\/jarekwasielewski.pl\/zwrzeszcza\/2013\/04\/al-grunwaldzka-na-fotografii-z-lat-ii-wojny\/#respond"]}]},{"@type":"WebPage","@id":"https:\/\/jarekwasielewski.pl\/zwrzeszcza\/2013\/04\/al-grunwaldzka-na-fotografii-z-lat-ii-wojny\/","url":"https:\/\/jarekwasielewski.pl\/zwrzeszcza\/2013\/04\/al-grunwaldzka-na-fotografii-z-lat-ii-wojny\/","name":"Al. Grunwaldzka na fotografii z lat II wojny - Wrzeszcz Jarka Wasielewskiego","isPartOf":{"@id":"https:\/\/jarekwasielewski.pl\/zwrzeszcza\/#website"},"primaryImageOfPage":{"@id":"https:\/\/jarekwasielewski.pl\/zwrzeszcza\/2013\/04\/al-grunwaldzka-na-fotografii-z-lat-ii-wojny\/#primaryimage"},"image":{"@id":"https:\/\/jarekwasielewski.pl\/zwrzeszcza\/2013\/04\/al-grunwaldzka-na-fotografii-z-lat-ii-wojny\/#primaryimage"},"thumbnailUrl":"https:\/\/jarekwasielewski.pl\/zwrzeszcza\/wp-content\/uploads\/2013\/04\/wrzeszcz_grunwaldzka_1941_ebayde.jpg","datePublished":"2013-04-11T20:25:00+00:00","dateModified":"2014-12-15T10:40:59+00:00","breadcrumb":{"@id":"https:\/\/jarekwasielewski.pl\/zwrzeszcza\/2013\/04\/al-grunwaldzka-na-fotografii-z-lat-ii-wojny\/#breadcrumb"},"inLanguage":"pl-PL","potentialAction":[{"@type":"ReadAction","target":["https:\/\/jarekwasielewski.pl\/zwrzeszcza\/2013\/04\/al-grunwaldzka-na-fotografii-z-lat-ii-wojny\/"]}]},{"@type":"ImageObject","inLanguage":"pl-PL","@id":"https:\/\/jarekwasielewski.pl\/zwrzeszcza\/2013\/04\/al-grunwaldzka-na-fotografii-z-lat-ii-wojny\/#primaryimage","url":"https:\/\/jarekwasielewski.pl\/zwrzeszcza\/wp-content\/uploads\/2013\/04\/wrzeszcz_grunwaldzka_1941_ebayde.jpg","contentUrl":"https:\/\/jarekwasielewski.pl\/zwrzeszcza\/wp-content\/uploads\/2013\/04\/wrzeszcz_grunwaldzka_1941_ebayde.jpg","width":904,"height":587,"caption":"(\u017ar\u00f3d\u0142o: serwis aukcyjny eBay.de)"},{"@type":"BreadcrumbList","@id":"https:\/\/jarekwasielewski.pl\/zwrzeszcza\/2013\/04\/al-grunwaldzka-na-fotografii-z-lat-ii-wojny\/#breadcrumb","itemListElement":[{"@type":"ListItem","position":1,"name":"Strona g\u0142\u00f3wna","item":"https:\/\/jarekwasielewski.pl\/zwrzeszcza\/"},{"@type":"ListItem","position":2,"name":"Al. Grunwaldzka na fotografii z lat II wojny"}]},{"@type":"WebSite","@id":"https:\/\/jarekwasielewski.pl\/zwrzeszcza\/#website","url":"https:\/\/jarekwasielewski.pl\/zwrzeszcza\/","name":"Wrzeszcza Jarka Wasielewskiego","description":"Blog Jarka Wasielewskiego o Wrzeszczu","publisher":{"@id":"https:\/\/jarekwasielewski.pl\/zwrzeszcza\/#\/schema\/person\/807e6ca1f9fadc1945bd9ac746422589"},"potentialAction":[{"@type":"SearchAction","target":{"@type":"EntryPoint","urlTemplate":"https:\/\/jarekwasielewski.pl\/zwrzeszcza\/?s={search_term_string}"},"query-input":{"@type":"PropertyValueSpecification","valueRequired":true,"valueName":"search_term_string"}}],"inLanguage":"pl-PL"},{"@type":["Person","Organization"],"@id":"https:\/\/jarekwasielewski.pl\/zwrzeszcza\/#\/schema\/person\/807e6ca1f9fadc1945bd9ac746422589","name":"Jarek Wasielewski","image":{"@type":"ImageObject","inLanguage":"pl-PL","@id":"http:\/\/jarekwasielewski.pl\/zwrzeszcza\/wp-content\/uploads\/2021\/09\/jw.png","url":"http:\/\/jarekwasielewski.pl\/zwrzeszcza\/wp-content\/uploads\/2021\/09\/jw.png","contentUrl":"http:\/\/jarekwasielewski.pl\/zwrzeszcza\/wp-content\/uploads\/2021\/09\/jw.png","width":715,"height":630,"caption":"Jarek Wasielewski"},"logo":{"@id":"http:\/\/jarekwasielewski.pl\/zwrzeszcza\/wp-content\/uploads\/2021\/09\/jw.png"},"sameAs":["http:\/\/jarekwasielewski.pl\/zwrzeszcza"]},{"@type":"Person","@id":"https:\/\/jarekwasielewski.pl\/zwrzeszcza\/#\/schema\/person\/d2582ae2f5d0ea9c9154fd6e4bcb3976","name":"Jarek Wasielewski","image":{"@type":"ImageObject","inLanguage":"pl-PL","@id":"https:\/\/secure.gravatar.com\/avatar\/?s=96&d=mm&r=g","url":"https:\/\/secure.gravatar.com\/avatar\/?s=96&d=mm&r=g","contentUrl":"https:\/\/secure.gravatar.com\/avatar\/?s=96&d=mm&r=g","caption":"Jarek Wasielewski"}}]}},"_links":{"self":[{"href":"https:\/\/jarekwasielewski.pl\/zwrzeszcza\/wp-json\/wp\/v2\/posts\/76","targetHints":{"allow":["GET"]}}],"collection":[{"href":"https:\/\/jarekwasielewski.pl\/zwrzeszcza\/wp-json\/wp\/v2\/posts"}],"about":[{"href":"https:\/\/jarekwasielewski.pl\/zwrzeszcza\/wp-json\/wp\/v2\/types\/post"}],"author":[{"embeddable":true,"href":"https:\/\/jarekwasielewski.pl\/zwrzeszcza\/wp-json\/wp\/v2\/users\/2"}],"replies":[{"embeddable":true,"href":"https:\/\/jarekwasielewski.pl\/zwrzeszcza\/wp-json\/wp\/v2\/comments?post=76"}],"version-history":[{"count":0,"href":"https:\/\/jarekwasielewski.pl\/zwrzeszcza\/wp-json\/wp\/v2\/posts\/76\/revisions"}],"wp:featuredmedia":[{"embeddable":true,"href":"https:\/\/jarekwasielewski.pl\/zwrzeszcza\/wp-json\/wp\/v2\/media\/657"}],"wp:attachment":[{"href":"https:\/\/jarekwasielewski.pl\/zwrzeszcza\/wp-json\/wp\/v2\/media?parent=76"}],"wp:term":[{"taxonomy":"category","embeddable":true,"href":"https:\/\/jarekwasielewski.pl\/zwrzeszcza\/wp-json\/wp\/v2\/categories?post=76"},{"taxonomy":"post_tag","embeddable":true,"href":"https:\/\/jarekwasielewski.pl\/zwrzeszcza\/wp-json\/wp\/v2\/tags?post=76"}],"curies":[{"name":"wp","href":"https:\/\/api.w.org\/{rel}","templated":true}]}}