{"id":75,"date":"2013-04-25T18:37:00","date_gmt":"2013-04-25T18:37:00","guid":{"rendered":"http:\/\/jotwu.16mb.com\/zwrzeszcza\/uncategorized\/powojenny-zniszczony-gdansk-na-kolorowym-filmie\/"},"modified":"2014-12-10T17:29:52","modified_gmt":"2014-12-10T17:29:52","slug":"powojenny-zniszczony-gdansk-na-kolorowym-filmie","status":"publish","type":"post","link":"https:\/\/jarekwasielewski.pl\/zwrzeszcza\/2013\/04\/powojenny-zniszczony-gdansk-na-kolorowym-filmie\/","title":{"rendered":"Powojenny, zniszczony Gda\u0144sk na kolorowym filmie"},"content":{"rendered":"<p style=\"text-align: justify;\">Co prawda poni\u017csze nijak nie dotyczy Wrzeszcza, ale jest tak niesamowite, \u017ce nie mog\u0119 o tym tutaj nie wspomnie\u0107.\u00a0Od kilku dni zachwycam si\u0119 &#8211; podobnie, jak wszyscy wra\u017cliwi na przesz\u0142o\u015b\u0107 Gda\u0144ska &#8211; odkrytym niedawno kolorowym filmem, na kt\u00f3rym uwieczniono powojenne, zniszczone G\u0142\u00f3wne Miasto. Skarpetki spadaj\u0105 z wra\u017cenia!<\/p>\n<p style=\"text-align: justify;\"><a href=\"http:\/\/resources.ushmm.org\/film\/display\/detail.php?file_num=5551\" target=\"_blank\">Zobacz film<\/a><\/p>\n<p style=\"text-align: justify;\">Film nagra\u0142 najprawdopodobniej ok. 1946-47 roku niejaki Julien Bryan i jest to pierwszy znany nam film z tego okresu w kolorze. Wydawa\u0142oby si\u0119, \u017ce kilka kr\u00f3tkich uj\u0119\u0107 spalonego G\u0142\u00f3wnego Miasta to nic szczeg\u00f3lnego. Tymczasem z tego ksi\u0119\u017cycowego krajobrazu operator wydoby\u0142 wyra\u017ane \u015blady niedawnego \u017cycia: stare szyldy, kt\u00f3re jeszcze przed chwil\u0105 dla innych mieszka\u0144c\u00f3w miasta by\u0142y zupe\u0142nie tera\u017aniejsze (<i>Otto Hering<\/i>, <i>Restaurant<\/i>, <i>Deutsche Bank<\/i>, <i>Grete Allert<\/i>), bogate zdobienia i detale na ocala\u0142ych fragmentach elewacji, s\u0142up og\u0142oszeniowy &#8211; spod plakatu <i>Caritas w trosce o dziecko <\/i>(komuni\u015bci jeszcze nie przej\u0119li ca\u0142o\u015bci w\u0142adzy) i bie\u017c\u0105cych og\u0142osze\u0144 nowych, polskich w\u0142adz Gda\u0144ska wystaj\u0105 stare plakaty, naklejone jeszcze przez poprzednich gospodarzy miasta &#8211; program miejskiego teatru na rok 1941&#8230;\u00a0Cudo.<\/p>\n<p style=\"text-align: justify;\">Mam nadziej\u0119, \u017ce pewnego dnia wyp\u0142ynie podobny film, na kt\u00f3rym kto\u015b uwieczni\u0142 Wrzeszcz &#8211; zar\u00f3wno ten sprzed, jak i zaraz po wojnie.<\/p>\n","protected":false},"excerpt":{"rendered":"<p>Co prawda poni\u017csze nijak nie dotyczy Wrzeszcza, ale jest tak niesamowite, \u017ce nie mog\u0119 o tym tutaj nie wspomnie\u0107.\u00a0Od kilku dni zachwycam si\u0119 &#8211; podobnie, jak wszyscy wra\u017cliwi na przesz\u0142o\u015b\u0107 Gda\u0144ska &#8211; odkrytym niedawno kolorowym filmem, na kt\u00f3rym uwieczniono powojenne, zniszczone G\u0142\u00f3wne Miasto. Skarpetki spadaj\u0105 z wra\u017cenia! Zobacz film Film nagra\u0142 najprawdopodobniej ok. 1946-47 roku&hellip;<\/p>\n","protected":false},"author":2,"featured_media":896,"comment_status":"open","ping_status":"open","sticky":false,"template":"","format":"standard","meta":{"ngg_post_thumbnail":0,"footnotes":""},"categories":[3,6,8],"tags":[],"class_list":["post-75","post","type-post","status-publish","format-standard","has-post-thumbnail","hentry","category-aktualnosci","category-po-1945","category-wszystkie"],"yoast_head":"<!-- This site is optimized with the Yoast SEO plugin v27.3 - https:\/\/yoast.com\/product\/yoast-seo-wordpress\/ -->\n<title>Powojenny, zniszczony Gda\u0144sk na kolorowym filmie - Wrzeszcz Jarka Wasielewskiego<\/title>\n<meta name=\"robots\" content=\"index, follow, max-snippet:-1, max-image-preview:large, max-video-preview:-1\" \/>\n<link rel=\"canonical\" href=\"https:\/\/jarekwasielewski.pl\/zwrzeszcza\/2013\/04\/powojenny-zniszczony-gdansk-na-kolorowym-filmie\/\" \/>\n<meta property=\"og:locale\" content=\"pl_PL\" \/>\n<meta property=\"og:type\" content=\"article\" \/>\n<meta property=\"og:title\" content=\"Powojenny, zniszczony Gda\u0144sk na kolorowym filmie - Wrzeszcz Jarka Wasielewskiego\" \/>\n<meta property=\"og:description\" content=\"Co prawda poni\u017csze nijak nie dotyczy Wrzeszcza, ale jest tak niesamowite, \u017ce nie mog\u0119 o tym tutaj nie wspomnie\u0107.\u00a0Od kilku dni zachwycam si\u0119 &#8211; podobnie, jak wszyscy wra\u017cliwi na przesz\u0142o\u015b\u0107 Gda\u0144ska &#8211; odkrytym niedawno kolorowym filmem, na kt\u00f3rym uwieczniono powojenne, zniszczone G\u0142\u00f3wne Miasto. Skarpetki spadaj\u0105 z wra\u017cenia! Zobacz film Film nagra\u0142 najprawdopodobniej ok. 1946-47 roku&hellip;\" \/>\n<meta property=\"og:url\" content=\"https:\/\/jarekwasielewski.pl\/zwrzeszcza\/2013\/04\/powojenny-zniszczony-gdansk-na-kolorowym-filmie\/\" \/>\n<meta property=\"og:site_name\" content=\"Wrzeszcz Jarka Wasielewskiego\" \/>\n<meta property=\"article:published_time\" content=\"2013-04-25T18:37:00+00:00\" \/>\n<meta property=\"article:modified_time\" content=\"2014-12-10T17:29:52+00:00\" \/>\n<meta property=\"og:image\" content=\"https:\/\/jarekwasielewski.pl\/zwrzeszcza\/wp-content\/uploads\/2013\/04\/gdansk_film_ruiny.jpg\" \/>\n\t<meta property=\"og:image:width\" content=\"460\" \/>\n\t<meta property=\"og:image:height\" content=\"260\" \/>\n\t<meta property=\"og:image:type\" content=\"image\/jpeg\" \/>\n<meta name=\"author\" content=\"Jarek Wasielewski\" \/>\n<meta name=\"twitter:card\" content=\"summary_large_image\" \/>\n<meta name=\"twitter:label1\" content=\"Napisane przez\" \/>\n\t<meta name=\"twitter:data1\" content=\"Jarek Wasielewski\" \/>\n\t<meta name=\"twitter:label2\" content=\"Szacowany czas czytania\" \/>\n\t<meta name=\"twitter:data2\" content=\"1 minuta\" \/>\n<script type=\"application\/ld+json\" class=\"yoast-schema-graph\">{\"@context\":\"https:\\\/\\\/schema.org\",\"@graph\":[{\"@type\":\"Article\",\"@id\":\"https:\\\/\\\/jarekwasielewski.pl\\\/zwrzeszcza\\\/2013\\\/04\\\/powojenny-zniszczony-gdansk-na-kolorowym-filmie\\\/#article\",\"isPartOf\":{\"@id\":\"https:\\\/\\\/jarekwasielewski.pl\\\/zwrzeszcza\\\/2013\\\/04\\\/powojenny-zniszczony-gdansk-na-kolorowym-filmie\\\/\"},\"author\":{\"name\":\"Jarek Wasielewski\",\"@id\":\"https:\\\/\\\/jarekwasielewski.pl\\\/zwrzeszcza\\\/#\\\/schema\\\/person\\\/d2582ae2f5d0ea9c9154fd6e4bcb3976\"},\"headline\":\"Powojenny, zniszczony Gda\u0144sk na kolorowym filmie\",\"datePublished\":\"2013-04-25T18:37:00+00:00\",\"dateModified\":\"2014-12-10T17:29:52+00:00\",\"mainEntityOfPage\":{\"@id\":\"https:\\\/\\\/jarekwasielewski.pl\\\/zwrzeszcza\\\/2013\\\/04\\\/powojenny-zniszczony-gdansk-na-kolorowym-filmie\\\/\"},\"wordCount\":224,\"commentCount\":2,\"publisher\":{\"@id\":\"https:\\\/\\\/jarekwasielewski.pl\\\/zwrzeszcza\\\/#\\\/schema\\\/person\\\/807e6ca1f9fadc1945bd9ac746422589\"},\"image\":{\"@id\":\"https:\\\/\\\/jarekwasielewski.pl\\\/zwrzeszcza\\\/2013\\\/04\\\/powojenny-zniszczony-gdansk-na-kolorowym-filmie\\\/#primaryimage\"},\"thumbnailUrl\":\"https:\\\/\\\/jarekwasielewski.pl\\\/zwrzeszcza\\\/wp-content\\\/uploads\\\/2013\\\/04\\\/gdansk_film_ruiny.jpg\",\"articleSection\":[\"Aktualno\u015bci\",\"Po 1945\",\"Wszystkie\"],\"inLanguage\":\"pl-PL\",\"potentialAction\":[{\"@type\":\"CommentAction\",\"name\":\"Comment\",\"target\":[\"https:\\\/\\\/jarekwasielewski.pl\\\/zwrzeszcza\\\/2013\\\/04\\\/powojenny-zniszczony-gdansk-na-kolorowym-filmie\\\/#respond\"]}]},{\"@type\":\"WebPage\",\"@id\":\"https:\\\/\\\/jarekwasielewski.pl\\\/zwrzeszcza\\\/2013\\\/04\\\/powojenny-zniszczony-gdansk-na-kolorowym-filmie\\\/\",\"url\":\"https:\\\/\\\/jarekwasielewski.pl\\\/zwrzeszcza\\\/2013\\\/04\\\/powojenny-zniszczony-gdansk-na-kolorowym-filmie\\\/\",\"name\":\"Powojenny, zniszczony Gda\u0144sk na kolorowym filmie - Wrzeszcz Jarka Wasielewskiego\",\"isPartOf\":{\"@id\":\"https:\\\/\\\/jarekwasielewski.pl\\\/zwrzeszcza\\\/#website\"},\"primaryImageOfPage\":{\"@id\":\"https:\\\/\\\/jarekwasielewski.pl\\\/zwrzeszcza\\\/2013\\\/04\\\/powojenny-zniszczony-gdansk-na-kolorowym-filmie\\\/#primaryimage\"},\"image\":{\"@id\":\"https:\\\/\\\/jarekwasielewski.pl\\\/zwrzeszcza\\\/2013\\\/04\\\/powojenny-zniszczony-gdansk-na-kolorowym-filmie\\\/#primaryimage\"},\"thumbnailUrl\":\"https:\\\/\\\/jarekwasielewski.pl\\\/zwrzeszcza\\\/wp-content\\\/uploads\\\/2013\\\/04\\\/gdansk_film_ruiny.jpg\",\"datePublished\":\"2013-04-25T18:37:00+00:00\",\"dateModified\":\"2014-12-10T17:29:52+00:00\",\"breadcrumb\":{\"@id\":\"https:\\\/\\\/jarekwasielewski.pl\\\/zwrzeszcza\\\/2013\\\/04\\\/powojenny-zniszczony-gdansk-na-kolorowym-filmie\\\/#breadcrumb\"},\"inLanguage\":\"pl-PL\",\"potentialAction\":[{\"@type\":\"ReadAction\",\"target\":[\"https:\\\/\\\/jarekwasielewski.pl\\\/zwrzeszcza\\\/2013\\\/04\\\/powojenny-zniszczony-gdansk-na-kolorowym-filmie\\\/\"]}]},{\"@type\":\"ImageObject\",\"inLanguage\":\"pl-PL\",\"@id\":\"https:\\\/\\\/jarekwasielewski.pl\\\/zwrzeszcza\\\/2013\\\/04\\\/powojenny-zniszczony-gdansk-na-kolorowym-filmie\\\/#primaryimage\",\"url\":\"https:\\\/\\\/jarekwasielewski.pl\\\/zwrzeszcza\\\/wp-content\\\/uploads\\\/2013\\\/04\\\/gdansk_film_ruiny.jpg\",\"contentUrl\":\"https:\\\/\\\/jarekwasielewski.pl\\\/zwrzeszcza\\\/wp-content\\\/uploads\\\/2013\\\/04\\\/gdansk_film_ruiny.jpg\",\"width\":460,\"height\":260},{\"@type\":\"BreadcrumbList\",\"@id\":\"https:\\\/\\\/jarekwasielewski.pl\\\/zwrzeszcza\\\/2013\\\/04\\\/powojenny-zniszczony-gdansk-na-kolorowym-filmie\\\/#breadcrumb\",\"itemListElement\":[{\"@type\":\"ListItem\",\"position\":1,\"name\":\"Strona g\u0142\u00f3wna\",\"item\":\"https:\\\/\\\/jarekwasielewski.pl\\\/zwrzeszcza\\\/\"},{\"@type\":\"ListItem\",\"position\":2,\"name\":\"Powojenny, zniszczony Gda\u0144sk na kolorowym filmie\"}]},{\"@type\":\"WebSite\",\"@id\":\"https:\\\/\\\/jarekwasielewski.pl\\\/zwrzeszcza\\\/#website\",\"url\":\"https:\\\/\\\/jarekwasielewski.pl\\\/zwrzeszcza\\\/\",\"name\":\"Wrzeszcza Jarka Wasielewskiego\",\"description\":\"Blog Jarka Wasielewskiego o Wrzeszczu\",\"publisher\":{\"@id\":\"https:\\\/\\\/jarekwasielewski.pl\\\/zwrzeszcza\\\/#\\\/schema\\\/person\\\/807e6ca1f9fadc1945bd9ac746422589\"},\"potentialAction\":[{\"@type\":\"SearchAction\",\"target\":{\"@type\":\"EntryPoint\",\"urlTemplate\":\"https:\\\/\\\/jarekwasielewski.pl\\\/zwrzeszcza\\\/?s={search_term_string}\"},\"query-input\":{\"@type\":\"PropertyValueSpecification\",\"valueRequired\":true,\"valueName\":\"search_term_string\"}}],\"inLanguage\":\"pl-PL\"},{\"@type\":[\"Person\",\"Organization\"],\"@id\":\"https:\\\/\\\/jarekwasielewski.pl\\\/zwrzeszcza\\\/#\\\/schema\\\/person\\\/807e6ca1f9fadc1945bd9ac746422589\",\"name\":\"Jarek Wasielewski\",\"image\":{\"@type\":\"ImageObject\",\"inLanguage\":\"pl-PL\",\"@id\":\"http:\\\/\\\/jarekwasielewski.pl\\\/zwrzeszcza\\\/wp-content\\\/uploads\\\/2021\\\/09\\\/jw.png\",\"url\":\"http:\\\/\\\/jarekwasielewski.pl\\\/zwrzeszcza\\\/wp-content\\\/uploads\\\/2021\\\/09\\\/jw.png\",\"contentUrl\":\"http:\\\/\\\/jarekwasielewski.pl\\\/zwrzeszcza\\\/wp-content\\\/uploads\\\/2021\\\/09\\\/jw.png\",\"width\":715,\"height\":630,\"caption\":\"Jarek Wasielewski\"},\"logo\":{\"@id\":\"http:\\\/\\\/jarekwasielewski.pl\\\/zwrzeszcza\\\/wp-content\\\/uploads\\\/2021\\\/09\\\/jw.png\"},\"sameAs\":[\"http:\\\/\\\/jarekwasielewski.pl\\\/zwrzeszcza\"]},{\"@type\":\"Person\",\"@id\":\"https:\\\/\\\/jarekwasielewski.pl\\\/zwrzeszcza\\\/#\\\/schema\\\/person\\\/d2582ae2f5d0ea9c9154fd6e4bcb3976\",\"name\":\"Jarek Wasielewski\",\"image\":{\"@type\":\"ImageObject\",\"inLanguage\":\"pl-PL\",\"@id\":\"https:\\\/\\\/secure.gravatar.com\\\/avatar\\\/?s=96&d=mm&r=g\",\"url\":\"https:\\\/\\\/secure.gravatar.com\\\/avatar\\\/?s=96&d=mm&r=g\",\"contentUrl\":\"https:\\\/\\\/secure.gravatar.com\\\/avatar\\\/?s=96&d=mm&r=g\",\"caption\":\"Jarek Wasielewski\"}}]}<\/script>\n<!-- \/ Yoast SEO plugin. -->","yoast_head_json":{"title":"Powojenny, zniszczony Gda\u0144sk na kolorowym filmie - Wrzeszcz Jarka Wasielewskiego","robots":{"index":"index","follow":"follow","max-snippet":"max-snippet:-1","max-image-preview":"max-image-preview:large","max-video-preview":"max-video-preview:-1"},"canonical":"https:\/\/jarekwasielewski.pl\/zwrzeszcza\/2013\/04\/powojenny-zniszczony-gdansk-na-kolorowym-filmie\/","og_locale":"pl_PL","og_type":"article","og_title":"Powojenny, zniszczony Gda\u0144sk na kolorowym filmie - Wrzeszcz Jarka Wasielewskiego","og_description":"Co prawda poni\u017csze nijak nie dotyczy Wrzeszcza, ale jest tak niesamowite, \u017ce nie mog\u0119 o tym tutaj nie wspomnie\u0107.\u00a0Od kilku dni zachwycam si\u0119 &#8211; podobnie, jak wszyscy wra\u017cliwi na przesz\u0142o\u015b\u0107 Gda\u0144ska &#8211; odkrytym niedawno kolorowym filmem, na kt\u00f3rym uwieczniono powojenne, zniszczone G\u0142\u00f3wne Miasto. Skarpetki spadaj\u0105 z wra\u017cenia! Zobacz film Film nagra\u0142 najprawdopodobniej ok. 1946-47 roku&hellip;","og_url":"https:\/\/jarekwasielewski.pl\/zwrzeszcza\/2013\/04\/powojenny-zniszczony-gdansk-na-kolorowym-filmie\/","og_site_name":"Wrzeszcz Jarka Wasielewskiego","article_published_time":"2013-04-25T18:37:00+00:00","article_modified_time":"2014-12-10T17:29:52+00:00","og_image":[{"width":460,"height":260,"url":"https:\/\/jarekwasielewski.pl\/zwrzeszcza\/wp-content\/uploads\/2013\/04\/gdansk_film_ruiny.jpg","type":"image\/jpeg"}],"author":"Jarek Wasielewski","twitter_card":"summary_large_image","twitter_misc":{"Napisane przez":"Jarek Wasielewski","Szacowany czas czytania":"1 minuta"},"schema":{"@context":"https:\/\/schema.org","@graph":[{"@type":"Article","@id":"https:\/\/jarekwasielewski.pl\/zwrzeszcza\/2013\/04\/powojenny-zniszczony-gdansk-na-kolorowym-filmie\/#article","isPartOf":{"@id":"https:\/\/jarekwasielewski.pl\/zwrzeszcza\/2013\/04\/powojenny-zniszczony-gdansk-na-kolorowym-filmie\/"},"author":{"name":"Jarek Wasielewski","@id":"https:\/\/jarekwasielewski.pl\/zwrzeszcza\/#\/schema\/person\/d2582ae2f5d0ea9c9154fd6e4bcb3976"},"headline":"Powojenny, zniszczony Gda\u0144sk na kolorowym filmie","datePublished":"2013-04-25T18:37:00+00:00","dateModified":"2014-12-10T17:29:52+00:00","mainEntityOfPage":{"@id":"https:\/\/jarekwasielewski.pl\/zwrzeszcza\/2013\/04\/powojenny-zniszczony-gdansk-na-kolorowym-filmie\/"},"wordCount":224,"commentCount":2,"publisher":{"@id":"https:\/\/jarekwasielewski.pl\/zwrzeszcza\/#\/schema\/person\/807e6ca1f9fadc1945bd9ac746422589"},"image":{"@id":"https:\/\/jarekwasielewski.pl\/zwrzeszcza\/2013\/04\/powojenny-zniszczony-gdansk-na-kolorowym-filmie\/#primaryimage"},"thumbnailUrl":"https:\/\/jarekwasielewski.pl\/zwrzeszcza\/wp-content\/uploads\/2013\/04\/gdansk_film_ruiny.jpg","articleSection":["Aktualno\u015bci","Po 1945","Wszystkie"],"inLanguage":"pl-PL","potentialAction":[{"@type":"CommentAction","name":"Comment","target":["https:\/\/jarekwasielewski.pl\/zwrzeszcza\/2013\/04\/powojenny-zniszczony-gdansk-na-kolorowym-filmie\/#respond"]}]},{"@type":"WebPage","@id":"https:\/\/jarekwasielewski.pl\/zwrzeszcza\/2013\/04\/powojenny-zniszczony-gdansk-na-kolorowym-filmie\/","url":"https:\/\/jarekwasielewski.pl\/zwrzeszcza\/2013\/04\/powojenny-zniszczony-gdansk-na-kolorowym-filmie\/","name":"Powojenny, zniszczony Gda\u0144sk na kolorowym filmie - Wrzeszcz Jarka Wasielewskiego","isPartOf":{"@id":"https:\/\/jarekwasielewski.pl\/zwrzeszcza\/#website"},"primaryImageOfPage":{"@id":"https:\/\/jarekwasielewski.pl\/zwrzeszcza\/2013\/04\/powojenny-zniszczony-gdansk-na-kolorowym-filmie\/#primaryimage"},"image":{"@id":"https:\/\/jarekwasielewski.pl\/zwrzeszcza\/2013\/04\/powojenny-zniszczony-gdansk-na-kolorowym-filmie\/#primaryimage"},"thumbnailUrl":"https:\/\/jarekwasielewski.pl\/zwrzeszcza\/wp-content\/uploads\/2013\/04\/gdansk_film_ruiny.jpg","datePublished":"2013-04-25T18:37:00+00:00","dateModified":"2014-12-10T17:29:52+00:00","breadcrumb":{"@id":"https:\/\/jarekwasielewski.pl\/zwrzeszcza\/2013\/04\/powojenny-zniszczony-gdansk-na-kolorowym-filmie\/#breadcrumb"},"inLanguage":"pl-PL","potentialAction":[{"@type":"ReadAction","target":["https:\/\/jarekwasielewski.pl\/zwrzeszcza\/2013\/04\/powojenny-zniszczony-gdansk-na-kolorowym-filmie\/"]}]},{"@type":"ImageObject","inLanguage":"pl-PL","@id":"https:\/\/jarekwasielewski.pl\/zwrzeszcza\/2013\/04\/powojenny-zniszczony-gdansk-na-kolorowym-filmie\/#primaryimage","url":"https:\/\/jarekwasielewski.pl\/zwrzeszcza\/wp-content\/uploads\/2013\/04\/gdansk_film_ruiny.jpg","contentUrl":"https:\/\/jarekwasielewski.pl\/zwrzeszcza\/wp-content\/uploads\/2013\/04\/gdansk_film_ruiny.jpg","width":460,"height":260},{"@type":"BreadcrumbList","@id":"https:\/\/jarekwasielewski.pl\/zwrzeszcza\/2013\/04\/powojenny-zniszczony-gdansk-na-kolorowym-filmie\/#breadcrumb","itemListElement":[{"@type":"ListItem","position":1,"name":"Strona g\u0142\u00f3wna","item":"https:\/\/jarekwasielewski.pl\/zwrzeszcza\/"},{"@type":"ListItem","position":2,"name":"Powojenny, zniszczony Gda\u0144sk na kolorowym filmie"}]},{"@type":"WebSite","@id":"https:\/\/jarekwasielewski.pl\/zwrzeszcza\/#website","url":"https:\/\/jarekwasielewski.pl\/zwrzeszcza\/","name":"Wrzeszcza Jarka Wasielewskiego","description":"Blog Jarka Wasielewskiego o Wrzeszczu","publisher":{"@id":"https:\/\/jarekwasielewski.pl\/zwrzeszcza\/#\/schema\/person\/807e6ca1f9fadc1945bd9ac746422589"},"potentialAction":[{"@type":"SearchAction","target":{"@type":"EntryPoint","urlTemplate":"https:\/\/jarekwasielewski.pl\/zwrzeszcza\/?s={search_term_string}"},"query-input":{"@type":"PropertyValueSpecification","valueRequired":true,"valueName":"search_term_string"}}],"inLanguage":"pl-PL"},{"@type":["Person","Organization"],"@id":"https:\/\/jarekwasielewski.pl\/zwrzeszcza\/#\/schema\/person\/807e6ca1f9fadc1945bd9ac746422589","name":"Jarek Wasielewski","image":{"@type":"ImageObject","inLanguage":"pl-PL","@id":"http:\/\/jarekwasielewski.pl\/zwrzeszcza\/wp-content\/uploads\/2021\/09\/jw.png","url":"http:\/\/jarekwasielewski.pl\/zwrzeszcza\/wp-content\/uploads\/2021\/09\/jw.png","contentUrl":"http:\/\/jarekwasielewski.pl\/zwrzeszcza\/wp-content\/uploads\/2021\/09\/jw.png","width":715,"height":630,"caption":"Jarek Wasielewski"},"logo":{"@id":"http:\/\/jarekwasielewski.pl\/zwrzeszcza\/wp-content\/uploads\/2021\/09\/jw.png"},"sameAs":["http:\/\/jarekwasielewski.pl\/zwrzeszcza"]},{"@type":"Person","@id":"https:\/\/jarekwasielewski.pl\/zwrzeszcza\/#\/schema\/person\/d2582ae2f5d0ea9c9154fd6e4bcb3976","name":"Jarek Wasielewski","image":{"@type":"ImageObject","inLanguage":"pl-PL","@id":"https:\/\/secure.gravatar.com\/avatar\/?s=96&d=mm&r=g","url":"https:\/\/secure.gravatar.com\/avatar\/?s=96&d=mm&r=g","contentUrl":"https:\/\/secure.gravatar.com\/avatar\/?s=96&d=mm&r=g","caption":"Jarek Wasielewski"}}]}},"_links":{"self":[{"href":"https:\/\/jarekwasielewski.pl\/zwrzeszcza\/wp-json\/wp\/v2\/posts\/75","targetHints":{"allow":["GET"]}}],"collection":[{"href":"https:\/\/jarekwasielewski.pl\/zwrzeszcza\/wp-json\/wp\/v2\/posts"}],"about":[{"href":"https:\/\/jarekwasielewski.pl\/zwrzeszcza\/wp-json\/wp\/v2\/types\/post"}],"author":[{"embeddable":true,"href":"https:\/\/jarekwasielewski.pl\/zwrzeszcza\/wp-json\/wp\/v2\/users\/2"}],"replies":[{"embeddable":true,"href":"https:\/\/jarekwasielewski.pl\/zwrzeszcza\/wp-json\/wp\/v2\/comments?post=75"}],"version-history":[{"count":0,"href":"https:\/\/jarekwasielewski.pl\/zwrzeszcza\/wp-json\/wp\/v2\/posts\/75\/revisions"}],"wp:featuredmedia":[{"embeddable":true,"href":"https:\/\/jarekwasielewski.pl\/zwrzeszcza\/wp-json\/wp\/v2\/media\/896"}],"wp:attachment":[{"href":"https:\/\/jarekwasielewski.pl\/zwrzeszcza\/wp-json\/wp\/v2\/media?parent=75"}],"wp:term":[{"taxonomy":"category","embeddable":true,"href":"https:\/\/jarekwasielewski.pl\/zwrzeszcza\/wp-json\/wp\/v2\/categories?post=75"},{"taxonomy":"post_tag","embeddable":true,"href":"https:\/\/jarekwasielewski.pl\/zwrzeszcza\/wp-json\/wp\/v2\/tags?post=75"}],"curies":[{"name":"wp","href":"https:\/\/api.w.org\/{rel}","templated":true}]}}