{"id":74,"date":"2013-04-29T18:07:00","date_gmt":"2013-04-29T18:07:00","guid":{"rendered":"http:\/\/jotwu.16mb.com\/zwrzeszcza\/uncategorized\/spacer-sladem-przedwojennego-kaszubskiego-ekspresu\/"},"modified":"2019-01-14T11:52:26","modified_gmt":"2019-01-14T10:52:26","slug":"spacer-sladem-przedwojennego-kaszubskiego-ekspresu","status":"publish","type":"post","link":"https:\/\/jarekwasielewski.pl\/zwrzeszcza\/2013\/04\/spacer-sladem-przedwojennego-kaszubskiego-ekspresu\/","title":{"rendered":"Spacer \u015bladem przedwojennego Kaszubskiego Ekspresu"},"content":{"rendered":"<p style=\"text-align: justify;\">Od d\u0142u\u017cszego ju\u017c czasu nosi\u0142em si\u0119 z zamiarem przej\u015bcia szlakiem dawnej linii kolejowej, kt\u00f3ra w latach 1914-1945 bieg\u0142a z Wrzeszcza przez m.in. Nied\u017awiednik, Br\u0119towo, Jasie\u0144 i Kokoszki do Starej Pi\u0142y. Nosi\u0142em si\u0119 z zamiarem i przez d\u0142ugi czas nic z tego nie wynika\u0142o, co jednak w ostatecznym rozrachunku wysz\u0142o mi na dobre. Za\u0142apa\u0142em si\u0119 bowiem na wycieczk\u0119 <i>last minute<\/i> i dzi\u0119ki temu zobaczy\u0142em wi\u0119cej.<\/p>\n<div id=\"attachment_1236\" style=\"width: 306px\" class=\"wp-caption aligncenter\"><a href=\"http:\/\/jarekwasielewski.pl\/zwrzeszcza\/wp-content\/uploads\/2013\/04\/jw_most_weisera.jpg\"><img loading=\"lazy\" decoding=\"async\" aria-describedby=\"caption-attachment-1236\" class=\"size-medium wp-image-1236\" src=\"http:\/\/jarekwasielewski.pl\/zwrzeszcza\/wp-content\/uploads\/2013\/04\/jw_most_weisera-300x200.jpg\" alt=\"Ni\u017cej podpisany pod Mostem Weisera (fot. Henryk Jursz)\" width=\"300\" height=\"200\" srcset=\"https:\/\/jarekwasielewski.pl\/zwrzeszcza\/wp-content\/uploads\/2013\/04\/jw_most_weisera-300x200.jpg 300w, https:\/\/jarekwasielewski.pl\/zwrzeszcza\/wp-content\/uploads\/2013\/04\/jw_most_weisera.jpg 600w\" sizes=\"auto, (max-width: 300px) 100vw, 300px\" \/><\/a><p id=\"caption-attachment-1236\" class=\"wp-caption-text\">Ni\u017cej podpisany pod Mostem Weisera (fot. Henryk Jursz)<\/p><\/div>\n<p style=\"text-align: justify;\">Ot\u00f3\u017c niedawno wyci\u0119to wszystkie drzewa na tej trasie, przygotowuj\u0105c teren pod budow\u0119 Pomorskiej Kolei Metropolitalnej (PKM). Do tego na dobre przysz\u0142a wiosna, stopnia\u0142y \u015bniegi, wysch\u0142a ziemia, a krajobraz nie zd\u0105\u017cy\u0142 si\u0119 jeszcze zazieleni\u0107. S\u0142owem: ostatni i najlepszy moment, aby zobaczy\u0107 stare wiadukty i przycz\u00f3\u0142ki, kt\u00f3re w ci\u0105gu najbli\u017cszych miesi\u0119cy zostan\u0105 zlikwidowane.<\/p>\n<p style=\"text-align: justify;\">Za towarzysza w\u0119dr\u00f3wki i przewodnika s\u0142u\u017cy\u0142 mi znawca historii tej linii, <a href=\"http:\/\/draftcloud.jursz.pl\/\" target=\"_blank\" rel=\"noopener\">Henryk Jursz<\/a>, autor opracowania ksi\u0105\u017ckowego <i>Kolej\u0105 z Wrzeszcza na Kaszuby<\/i>, kt\u00f3re ma ukaza\u0107 si\u0119 w najbli\u017cszych miesi\u0105cach:<\/p>\n<p style=\"text-align: justify;\"><a href=\"http:\/\/jarekwasielewski.pl\/zwrzeszcza\/wp-content\/uploads\/2013\/04\/hj_nasyp.jpg\"><img loading=\"lazy\" decoding=\"async\" class=\"aligncenter size-medium wp-image-1237\" src=\"http:\/\/jarekwasielewski.pl\/zwrzeszcza\/wp-content\/uploads\/2013\/04\/hj_nasyp-300x225.jpg\" alt=\"hj_nasyp\" width=\"300\" height=\"225\" srcset=\"https:\/\/jarekwasielewski.pl\/zwrzeszcza\/wp-content\/uploads\/2013\/04\/hj_nasyp-300x225.jpg 300w, https:\/\/jarekwasielewski.pl\/zwrzeszcza\/wp-content\/uploads\/2013\/04\/hj_nasyp.jpg 700w\" sizes=\"auto, (max-width: 300px) 100vw, 300px\" \/><\/a><\/p>\n<p style=\"text-align: justify;\">Pieszo pokonali\u015bmy ok. 10 km, zaczynaj\u0105c w\u0119dr\u00f3wk\u0119 na stacji Gda\u0144sk-Wrzeszcz, a ko\u0144cz\u0105c przy budynku dawnego dworca w Kie\u0142pinku.<\/p>\nngg_shortcode_0_placeholder\n<p style=\"text-align: justify;\">&nbsp;<\/p>\n","protected":false},"excerpt":{"rendered":"<p>Od d\u0142u\u017cszego ju\u017c czasu nosi\u0142em si\u0119 z zamiarem przej\u015bcia szlakiem dawnej linii kolejowej, kt\u00f3ra w latach 1914-1945 bieg\u0142a z Wrzeszcza przez m.in. Nied\u017awiednik, Br\u0119towo, Jasie\u0144 i Kokoszki do Starej Pi\u0142y. Nosi\u0142em si\u0119 z zamiarem i przez d\u0142ugi czas nic z tego nie wynika\u0142o, co jednak w ostatecznym rozrachunku wysz\u0142o mi na dobre. Za\u0142apa\u0142em si\u0119 bowiem&hellip;<\/p>\n","protected":false},"author":2,"featured_media":1615,"comment_status":"open","ping_status":"open","sticky":false,"template":"","format":"standard","meta":{"ngg_post_thumbnail":0,"footnotes":""},"categories":[3,8],"tags":[],"class_list":["post-74","post","type-post","status-publish","format-standard","has-post-thumbnail","hentry","category-aktualnosci","category-wszystkie"],"yoast_head":"<!-- This site is optimized with the Yoast SEO plugin v27.3 - https:\/\/yoast.com\/product\/yoast-seo-wordpress\/ -->\n<title>Spacer \u015bladem przedwojennego Kaszubskiego Ekspresu - Wrzeszcz Jarka Wasielewskiego<\/title>\n<meta name=\"robots\" content=\"index, follow, max-snippet:-1, max-image-preview:large, max-video-preview:-1\" \/>\n<link rel=\"canonical\" href=\"https:\/\/jarekwasielewski.pl\/zwrzeszcza\/2013\/04\/spacer-sladem-przedwojennego-kaszubskiego-ekspresu\/\" \/>\n<meta property=\"og:locale\" content=\"pl_PL\" \/>\n<meta property=\"og:type\" content=\"article\" \/>\n<meta property=\"og:title\" content=\"Spacer \u015bladem przedwojennego Kaszubskiego Ekspresu - Wrzeszcz Jarka Wasielewskiego\" \/>\n<meta property=\"og:description\" content=\"Od d\u0142u\u017cszego ju\u017c czasu nosi\u0142em si\u0119 z zamiarem przej\u015bcia szlakiem dawnej linii kolejowej, kt\u00f3ra w latach 1914-1945 bieg\u0142a z Wrzeszcza przez m.in. Nied\u017awiednik, Br\u0119towo, Jasie\u0144 i Kokoszki do Starej Pi\u0142y. Nosi\u0142em si\u0119 z zamiarem i przez d\u0142ugi czas nic z tego nie wynika\u0142o, co jednak w ostatecznym rozrachunku wysz\u0142o mi na dobre. Za\u0142apa\u0142em si\u0119 bowiem&hellip;\" \/>\n<meta property=\"og:url\" content=\"https:\/\/jarekwasielewski.pl\/zwrzeszcza\/2013\/04\/spacer-sladem-przedwojennego-kaszubskiego-ekspresu\/\" \/>\n<meta property=\"og:site_name\" content=\"Wrzeszcz Jarka Wasielewskiego\" \/>\n<meta property=\"article:published_time\" content=\"2013-04-29T18:07:00+00:00\" \/>\n<meta property=\"article:modified_time\" content=\"2019-01-14T10:52:26+00:00\" \/>\n<meta property=\"og:image\" content=\"https:\/\/jarekwasielewski.pl\/zwrzeszcza\/wp-content\/uploads\/ngg_featured\/kolej_kokoszkowska_34.JPG\" \/>\n\t<meta property=\"og:image:width\" content=\"700\" \/>\n\t<meta property=\"og:image:height\" content=\"525\" \/>\n\t<meta property=\"og:image:type\" content=\"image\/jpeg\" \/>\n<meta name=\"author\" content=\"Jarek Wasielewski\" \/>\n<meta name=\"twitter:card\" content=\"summary_large_image\" \/>\n<meta name=\"twitter:label1\" content=\"Napisane przez\" \/>\n\t<meta name=\"twitter:data1\" content=\"Jarek Wasielewski\" \/>\n\t<meta name=\"twitter:label2\" content=\"Szacowany czas czytania\" \/>\n\t<meta name=\"twitter:data2\" content=\"1 minuta\" \/>\n<script type=\"application\/ld+json\" class=\"yoast-schema-graph\">{\"@context\":\"https:\\\/\\\/schema.org\",\"@graph\":[{\"@type\":\"Article\",\"@id\":\"https:\\\/\\\/jarekwasielewski.pl\\\/zwrzeszcza\\\/2013\\\/04\\\/spacer-sladem-przedwojennego-kaszubskiego-ekspresu\\\/#article\",\"isPartOf\":{\"@id\":\"https:\\\/\\\/jarekwasielewski.pl\\\/zwrzeszcza\\\/2013\\\/04\\\/spacer-sladem-przedwojennego-kaszubskiego-ekspresu\\\/\"},\"author\":{\"name\":\"Jarek Wasielewski\",\"@id\":\"https:\\\/\\\/jarekwasielewski.pl\\\/zwrzeszcza\\\/#\\\/schema\\\/person\\\/d2582ae2f5d0ea9c9154fd6e4bcb3976\"},\"headline\":\"Spacer \u015bladem przedwojennego Kaszubskiego Ekspresu\",\"datePublished\":\"2013-04-29T18:07:00+00:00\",\"dateModified\":\"2019-01-14T10:52:26+00:00\",\"mainEntityOfPage\":{\"@id\":\"https:\\\/\\\/jarekwasielewski.pl\\\/zwrzeszcza\\\/2013\\\/04\\\/spacer-sladem-przedwojennego-kaszubskiego-ekspresu\\\/\"},\"wordCount\":241,\"commentCount\":0,\"publisher\":{\"@id\":\"https:\\\/\\\/jarekwasielewski.pl\\\/zwrzeszcza\\\/#\\\/schema\\\/person\\\/807e6ca1f9fadc1945bd9ac746422589\"},\"image\":{\"@id\":\"https:\\\/\\\/jarekwasielewski.pl\\\/zwrzeszcza\\\/2013\\\/04\\\/spacer-sladem-przedwojennego-kaszubskiego-ekspresu\\\/#primaryimage\"},\"thumbnailUrl\":\"https:\\\/\\\/jarekwasielewski.pl\\\/zwrzeszcza\\\/wp-content\\\/uploads\\\/ngg_featured\\\/kolej_kokoszkowska_34.JPG\",\"articleSection\":[\"Aktualno\u015bci\",\"Wszystkie\"],\"inLanguage\":\"pl-PL\",\"potentialAction\":[{\"@type\":\"CommentAction\",\"name\":\"Comment\",\"target\":[\"https:\\\/\\\/jarekwasielewski.pl\\\/zwrzeszcza\\\/2013\\\/04\\\/spacer-sladem-przedwojennego-kaszubskiego-ekspresu\\\/#respond\"]}]},{\"@type\":\"WebPage\",\"@id\":\"https:\\\/\\\/jarekwasielewski.pl\\\/zwrzeszcza\\\/2013\\\/04\\\/spacer-sladem-przedwojennego-kaszubskiego-ekspresu\\\/\",\"url\":\"https:\\\/\\\/jarekwasielewski.pl\\\/zwrzeszcza\\\/2013\\\/04\\\/spacer-sladem-przedwojennego-kaszubskiego-ekspresu\\\/\",\"name\":\"Spacer \u015bladem przedwojennego Kaszubskiego Ekspresu - Wrzeszcz Jarka Wasielewskiego\",\"isPartOf\":{\"@id\":\"https:\\\/\\\/jarekwasielewski.pl\\\/zwrzeszcza\\\/#website\"},\"primaryImageOfPage\":{\"@id\":\"https:\\\/\\\/jarekwasielewski.pl\\\/zwrzeszcza\\\/2013\\\/04\\\/spacer-sladem-przedwojennego-kaszubskiego-ekspresu\\\/#primaryimage\"},\"image\":{\"@id\":\"https:\\\/\\\/jarekwasielewski.pl\\\/zwrzeszcza\\\/2013\\\/04\\\/spacer-sladem-przedwojennego-kaszubskiego-ekspresu\\\/#primaryimage\"},\"thumbnailUrl\":\"https:\\\/\\\/jarekwasielewski.pl\\\/zwrzeszcza\\\/wp-content\\\/uploads\\\/ngg_featured\\\/kolej_kokoszkowska_34.JPG\",\"datePublished\":\"2013-04-29T18:07:00+00:00\",\"dateModified\":\"2019-01-14T10:52:26+00:00\",\"breadcrumb\":{\"@id\":\"https:\\\/\\\/jarekwasielewski.pl\\\/zwrzeszcza\\\/2013\\\/04\\\/spacer-sladem-przedwojennego-kaszubskiego-ekspresu\\\/#breadcrumb\"},\"inLanguage\":\"pl-PL\",\"potentialAction\":[{\"@type\":\"ReadAction\",\"target\":[\"https:\\\/\\\/jarekwasielewski.pl\\\/zwrzeszcza\\\/2013\\\/04\\\/spacer-sladem-przedwojennego-kaszubskiego-ekspresu\\\/\"]}]},{\"@type\":\"ImageObject\",\"inLanguage\":\"pl-PL\",\"@id\":\"https:\\\/\\\/jarekwasielewski.pl\\\/zwrzeszcza\\\/2013\\\/04\\\/spacer-sladem-przedwojennego-kaszubskiego-ekspresu\\\/#primaryimage\",\"url\":\"https:\\\/\\\/jarekwasielewski.pl\\\/zwrzeszcza\\\/wp-content\\\/uploads\\\/ngg_featured\\\/kolej_kokoszkowska_34.JPG\",\"contentUrl\":\"https:\\\/\\\/jarekwasielewski.pl\\\/zwrzeszcza\\\/wp-content\\\/uploads\\\/ngg_featured\\\/kolej_kokoszkowska_34.JPG\",\"width\":700,\"height\":525},{\"@type\":\"BreadcrumbList\",\"@id\":\"https:\\\/\\\/jarekwasielewski.pl\\\/zwrzeszcza\\\/2013\\\/04\\\/spacer-sladem-przedwojennego-kaszubskiego-ekspresu\\\/#breadcrumb\",\"itemListElement\":[{\"@type\":\"ListItem\",\"position\":1,\"name\":\"Strona g\u0142\u00f3wna\",\"item\":\"https:\\\/\\\/jarekwasielewski.pl\\\/zwrzeszcza\\\/\"},{\"@type\":\"ListItem\",\"position\":2,\"name\":\"Spacer \u015bladem przedwojennego Kaszubskiego Ekspresu\"}]},{\"@type\":\"WebSite\",\"@id\":\"https:\\\/\\\/jarekwasielewski.pl\\\/zwrzeszcza\\\/#website\",\"url\":\"https:\\\/\\\/jarekwasielewski.pl\\\/zwrzeszcza\\\/\",\"name\":\"Wrzeszcza Jarka Wasielewskiego\",\"description\":\"Blog Jarka Wasielewskiego o Wrzeszczu\",\"publisher\":{\"@id\":\"https:\\\/\\\/jarekwasielewski.pl\\\/zwrzeszcza\\\/#\\\/schema\\\/person\\\/807e6ca1f9fadc1945bd9ac746422589\"},\"potentialAction\":[{\"@type\":\"SearchAction\",\"target\":{\"@type\":\"EntryPoint\",\"urlTemplate\":\"https:\\\/\\\/jarekwasielewski.pl\\\/zwrzeszcza\\\/?s={search_term_string}\"},\"query-input\":{\"@type\":\"PropertyValueSpecification\",\"valueRequired\":true,\"valueName\":\"search_term_string\"}}],\"inLanguage\":\"pl-PL\"},{\"@type\":[\"Person\",\"Organization\"],\"@id\":\"https:\\\/\\\/jarekwasielewski.pl\\\/zwrzeszcza\\\/#\\\/schema\\\/person\\\/807e6ca1f9fadc1945bd9ac746422589\",\"name\":\"Jarek Wasielewski\",\"image\":{\"@type\":\"ImageObject\",\"inLanguage\":\"pl-PL\",\"@id\":\"http:\\\/\\\/jarekwasielewski.pl\\\/zwrzeszcza\\\/wp-content\\\/uploads\\\/2021\\\/09\\\/jw.png\",\"url\":\"http:\\\/\\\/jarekwasielewski.pl\\\/zwrzeszcza\\\/wp-content\\\/uploads\\\/2021\\\/09\\\/jw.png\",\"contentUrl\":\"http:\\\/\\\/jarekwasielewski.pl\\\/zwrzeszcza\\\/wp-content\\\/uploads\\\/2021\\\/09\\\/jw.png\",\"width\":715,\"height\":630,\"caption\":\"Jarek Wasielewski\"},\"logo\":{\"@id\":\"http:\\\/\\\/jarekwasielewski.pl\\\/zwrzeszcza\\\/wp-content\\\/uploads\\\/2021\\\/09\\\/jw.png\"},\"sameAs\":[\"http:\\\/\\\/jarekwasielewski.pl\\\/zwrzeszcza\"]},{\"@type\":\"Person\",\"@id\":\"https:\\\/\\\/jarekwasielewski.pl\\\/zwrzeszcza\\\/#\\\/schema\\\/person\\\/d2582ae2f5d0ea9c9154fd6e4bcb3976\",\"name\":\"Jarek Wasielewski\",\"image\":{\"@type\":\"ImageObject\",\"inLanguage\":\"pl-PL\",\"@id\":\"https:\\\/\\\/secure.gravatar.com\\\/avatar\\\/?s=96&d=mm&r=g\",\"url\":\"https:\\\/\\\/secure.gravatar.com\\\/avatar\\\/?s=96&d=mm&r=g\",\"contentUrl\":\"https:\\\/\\\/secure.gravatar.com\\\/avatar\\\/?s=96&d=mm&r=g\",\"caption\":\"Jarek Wasielewski\"}}]}<\/script>\n<!-- \/ Yoast SEO plugin. -->","yoast_head_json":{"title":"Spacer \u015bladem przedwojennego Kaszubskiego Ekspresu - Wrzeszcz Jarka Wasielewskiego","robots":{"index":"index","follow":"follow","max-snippet":"max-snippet:-1","max-image-preview":"max-image-preview:large","max-video-preview":"max-video-preview:-1"},"canonical":"https:\/\/jarekwasielewski.pl\/zwrzeszcza\/2013\/04\/spacer-sladem-przedwojennego-kaszubskiego-ekspresu\/","og_locale":"pl_PL","og_type":"article","og_title":"Spacer \u015bladem przedwojennego Kaszubskiego Ekspresu - Wrzeszcz Jarka Wasielewskiego","og_description":"Od d\u0142u\u017cszego ju\u017c czasu nosi\u0142em si\u0119 z zamiarem przej\u015bcia szlakiem dawnej linii kolejowej, kt\u00f3ra w latach 1914-1945 bieg\u0142a z Wrzeszcza przez m.in. Nied\u017awiednik, Br\u0119towo, Jasie\u0144 i Kokoszki do Starej Pi\u0142y. Nosi\u0142em si\u0119 z zamiarem i przez d\u0142ugi czas nic z tego nie wynika\u0142o, co jednak w ostatecznym rozrachunku wysz\u0142o mi na dobre. Za\u0142apa\u0142em si\u0119 bowiem&hellip;","og_url":"https:\/\/jarekwasielewski.pl\/zwrzeszcza\/2013\/04\/spacer-sladem-przedwojennego-kaszubskiego-ekspresu\/","og_site_name":"Wrzeszcz Jarka Wasielewskiego","article_published_time":"2013-04-29T18:07:00+00:00","article_modified_time":"2019-01-14T10:52:26+00:00","og_image":[{"width":700,"height":525,"url":"https:\/\/jarekwasielewski.pl\/zwrzeszcza\/wp-content\/uploads\/ngg_featured\/kolej_kokoszkowska_34.JPG","type":"image\/jpeg"}],"author":"Jarek Wasielewski","twitter_card":"summary_large_image","twitter_misc":{"Napisane przez":"Jarek Wasielewski","Szacowany czas czytania":"1 minuta"},"schema":{"@context":"https:\/\/schema.org","@graph":[{"@type":"Article","@id":"https:\/\/jarekwasielewski.pl\/zwrzeszcza\/2013\/04\/spacer-sladem-przedwojennego-kaszubskiego-ekspresu\/#article","isPartOf":{"@id":"https:\/\/jarekwasielewski.pl\/zwrzeszcza\/2013\/04\/spacer-sladem-przedwojennego-kaszubskiego-ekspresu\/"},"author":{"name":"Jarek Wasielewski","@id":"https:\/\/jarekwasielewski.pl\/zwrzeszcza\/#\/schema\/person\/d2582ae2f5d0ea9c9154fd6e4bcb3976"},"headline":"Spacer \u015bladem przedwojennego Kaszubskiego Ekspresu","datePublished":"2013-04-29T18:07:00+00:00","dateModified":"2019-01-14T10:52:26+00:00","mainEntityOfPage":{"@id":"https:\/\/jarekwasielewski.pl\/zwrzeszcza\/2013\/04\/spacer-sladem-przedwojennego-kaszubskiego-ekspresu\/"},"wordCount":241,"commentCount":0,"publisher":{"@id":"https:\/\/jarekwasielewski.pl\/zwrzeszcza\/#\/schema\/person\/807e6ca1f9fadc1945bd9ac746422589"},"image":{"@id":"https:\/\/jarekwasielewski.pl\/zwrzeszcza\/2013\/04\/spacer-sladem-przedwojennego-kaszubskiego-ekspresu\/#primaryimage"},"thumbnailUrl":"https:\/\/jarekwasielewski.pl\/zwrzeszcza\/wp-content\/uploads\/ngg_featured\/kolej_kokoszkowska_34.JPG","articleSection":["Aktualno\u015bci","Wszystkie"],"inLanguage":"pl-PL","potentialAction":[{"@type":"CommentAction","name":"Comment","target":["https:\/\/jarekwasielewski.pl\/zwrzeszcza\/2013\/04\/spacer-sladem-przedwojennego-kaszubskiego-ekspresu\/#respond"]}]},{"@type":"WebPage","@id":"https:\/\/jarekwasielewski.pl\/zwrzeszcza\/2013\/04\/spacer-sladem-przedwojennego-kaszubskiego-ekspresu\/","url":"https:\/\/jarekwasielewski.pl\/zwrzeszcza\/2013\/04\/spacer-sladem-przedwojennego-kaszubskiego-ekspresu\/","name":"Spacer \u015bladem przedwojennego Kaszubskiego Ekspresu - Wrzeszcz Jarka Wasielewskiego","isPartOf":{"@id":"https:\/\/jarekwasielewski.pl\/zwrzeszcza\/#website"},"primaryImageOfPage":{"@id":"https:\/\/jarekwasielewski.pl\/zwrzeszcza\/2013\/04\/spacer-sladem-przedwojennego-kaszubskiego-ekspresu\/#primaryimage"},"image":{"@id":"https:\/\/jarekwasielewski.pl\/zwrzeszcza\/2013\/04\/spacer-sladem-przedwojennego-kaszubskiego-ekspresu\/#primaryimage"},"thumbnailUrl":"https:\/\/jarekwasielewski.pl\/zwrzeszcza\/wp-content\/uploads\/ngg_featured\/kolej_kokoszkowska_34.JPG","datePublished":"2013-04-29T18:07:00+00:00","dateModified":"2019-01-14T10:52:26+00:00","breadcrumb":{"@id":"https:\/\/jarekwasielewski.pl\/zwrzeszcza\/2013\/04\/spacer-sladem-przedwojennego-kaszubskiego-ekspresu\/#breadcrumb"},"inLanguage":"pl-PL","potentialAction":[{"@type":"ReadAction","target":["https:\/\/jarekwasielewski.pl\/zwrzeszcza\/2013\/04\/spacer-sladem-przedwojennego-kaszubskiego-ekspresu\/"]}]},{"@type":"ImageObject","inLanguage":"pl-PL","@id":"https:\/\/jarekwasielewski.pl\/zwrzeszcza\/2013\/04\/spacer-sladem-przedwojennego-kaszubskiego-ekspresu\/#primaryimage","url":"https:\/\/jarekwasielewski.pl\/zwrzeszcza\/wp-content\/uploads\/ngg_featured\/kolej_kokoszkowska_34.JPG","contentUrl":"https:\/\/jarekwasielewski.pl\/zwrzeszcza\/wp-content\/uploads\/ngg_featured\/kolej_kokoszkowska_34.JPG","width":700,"height":525},{"@type":"BreadcrumbList","@id":"https:\/\/jarekwasielewski.pl\/zwrzeszcza\/2013\/04\/spacer-sladem-przedwojennego-kaszubskiego-ekspresu\/#breadcrumb","itemListElement":[{"@type":"ListItem","position":1,"name":"Strona g\u0142\u00f3wna","item":"https:\/\/jarekwasielewski.pl\/zwrzeszcza\/"},{"@type":"ListItem","position":2,"name":"Spacer \u015bladem przedwojennego Kaszubskiego Ekspresu"}]},{"@type":"WebSite","@id":"https:\/\/jarekwasielewski.pl\/zwrzeszcza\/#website","url":"https:\/\/jarekwasielewski.pl\/zwrzeszcza\/","name":"Wrzeszcza Jarka Wasielewskiego","description":"Blog Jarka Wasielewskiego o Wrzeszczu","publisher":{"@id":"https:\/\/jarekwasielewski.pl\/zwrzeszcza\/#\/schema\/person\/807e6ca1f9fadc1945bd9ac746422589"},"potentialAction":[{"@type":"SearchAction","target":{"@type":"EntryPoint","urlTemplate":"https:\/\/jarekwasielewski.pl\/zwrzeszcza\/?s={search_term_string}"},"query-input":{"@type":"PropertyValueSpecification","valueRequired":true,"valueName":"search_term_string"}}],"inLanguage":"pl-PL"},{"@type":["Person","Organization"],"@id":"https:\/\/jarekwasielewski.pl\/zwrzeszcza\/#\/schema\/person\/807e6ca1f9fadc1945bd9ac746422589","name":"Jarek Wasielewski","image":{"@type":"ImageObject","inLanguage":"pl-PL","@id":"http:\/\/jarekwasielewski.pl\/zwrzeszcza\/wp-content\/uploads\/2021\/09\/jw.png","url":"http:\/\/jarekwasielewski.pl\/zwrzeszcza\/wp-content\/uploads\/2021\/09\/jw.png","contentUrl":"http:\/\/jarekwasielewski.pl\/zwrzeszcza\/wp-content\/uploads\/2021\/09\/jw.png","width":715,"height":630,"caption":"Jarek Wasielewski"},"logo":{"@id":"http:\/\/jarekwasielewski.pl\/zwrzeszcza\/wp-content\/uploads\/2021\/09\/jw.png"},"sameAs":["http:\/\/jarekwasielewski.pl\/zwrzeszcza"]},{"@type":"Person","@id":"https:\/\/jarekwasielewski.pl\/zwrzeszcza\/#\/schema\/person\/d2582ae2f5d0ea9c9154fd6e4bcb3976","name":"Jarek Wasielewski","image":{"@type":"ImageObject","inLanguage":"pl-PL","@id":"https:\/\/secure.gravatar.com\/avatar\/?s=96&d=mm&r=g","url":"https:\/\/secure.gravatar.com\/avatar\/?s=96&d=mm&r=g","contentUrl":"https:\/\/secure.gravatar.com\/avatar\/?s=96&d=mm&r=g","caption":"Jarek Wasielewski"}}]}},"_links":{"self":[{"href":"https:\/\/jarekwasielewski.pl\/zwrzeszcza\/wp-json\/wp\/v2\/posts\/74","targetHints":{"allow":["GET"]}}],"collection":[{"href":"https:\/\/jarekwasielewski.pl\/zwrzeszcza\/wp-json\/wp\/v2\/posts"}],"about":[{"href":"https:\/\/jarekwasielewski.pl\/zwrzeszcza\/wp-json\/wp\/v2\/types\/post"}],"author":[{"embeddable":true,"href":"https:\/\/jarekwasielewski.pl\/zwrzeszcza\/wp-json\/wp\/v2\/users\/2"}],"replies":[{"embeddable":true,"href":"https:\/\/jarekwasielewski.pl\/zwrzeszcza\/wp-json\/wp\/v2\/comments?post=74"}],"version-history":[{"count":0,"href":"https:\/\/jarekwasielewski.pl\/zwrzeszcza\/wp-json\/wp\/v2\/posts\/74\/revisions"}],"wp:featuredmedia":[{"embeddable":true,"href":"https:\/\/jarekwasielewski.pl\/zwrzeszcza\/wp-json\/wp\/v2\/media\/1615"}],"wp:attachment":[{"href":"https:\/\/jarekwasielewski.pl\/zwrzeszcza\/wp-json\/wp\/v2\/media?parent=74"}],"wp:term":[{"taxonomy":"category","embeddable":true,"href":"https:\/\/jarekwasielewski.pl\/zwrzeszcza\/wp-json\/wp\/v2\/categories?post=74"},{"taxonomy":"post_tag","embeddable":true,"href":"https:\/\/jarekwasielewski.pl\/zwrzeszcza\/wp-json\/wp\/v2\/tags?post=74"}],"curies":[{"name":"wp","href":"https:\/\/api.w.org\/{rel}","templated":true}]}}