{"id":5810,"date":"2025-11-12T09:52:51","date_gmt":"2025-11-12T08:52:51","guid":{"rendered":"https:\/\/jarekwasielewski.pl\/zwrzeszcza\/?p=5810"},"modified":"2025-11-12T16:28:18","modified_gmt":"2025-11-12T15:28:18","slug":"brylanty-pani-glagau-opowiada-krzysztof-deresiewicz","status":"publish","type":"post","link":"https:\/\/jarekwasielewski.pl\/zwrzeszcza\/2025\/11\/brylanty-pani-glagau-opowiada-krzysztof-deresiewicz\/","title":{"rendered":"\u201eBrylanty Pani Glagau\u201d &#8211; opowiada Krzysztof Deresiewicz"},"content":{"rendered":"<p><strong>Jaki\u015b czas temu od jednego ze sta\u0142ych czytelnik\u00f3w &#8211; pana Krzysztofa Deresiewicza &#8211; otrzyma\u0142em tak\u0105 oto opowie\u015b\u0107:<\/strong><\/p>\n<p><!--more--><\/p>\n<p style=\"text-align: justify;\"><em>Oto historia Alfreda Glagau i jego \u017cony, Alice, oraz moich Rodzic\u00f3w, w latach 1930-1946 \u017cyj\u0105cych we Wrzeszczu, w domu przy Gustav-Radde-Weg 7 (dzi\u015b ul. Szczepana Pileckiego).<\/em><\/p>\n<p style=\"text-align: justify;\"><em>1 sierpnia 1945 roku przywieziono mnie z Milan\u00f3wka. Dom, w kt\u00f3rym zamieszka\u0142em z bliskimi w Gda\u0144sku, mie\u015bci\u0142 si\u0119 we Wrzeszczu. By\u0142o to przedwojenne mieszkanie moich Rodzic\u00f3w. <\/em><em>Projekt domu powsta\u0142 w roku 1906 na zam\u00f3wienie pani Elizabeth Lau, z domu Henze, emerytki. Projekt gda\u0144skiego biura architektoniczno-budowlanego Otto Schmidta gda\u0144ska policja budowlana zatwierdzi\u0142a 5 lipca 1906 roku. Roboty rozpocz\u0119\u0142y si\u0119 w pa\u017adzierniku tego samego roku i obj\u0119\u0142y dzia\u0142ki oznaczone numerami 156\/9 i 182\/10. Budow\u0119 uko\u0144czono oko\u0142o 1910 roku. <\/em><em>Budynek sk\u0142ada\u0142 si\u0119 z czterech kondygnacji, posiada\u0142 w\u0142asne centralne ogrzewanie, osobne pomieszczenie z maglem, oddzieln\u0105 pralni\u0119, za\u015b stolarka okienna, pod\u0142ogi i werandy zbudowano ze specjalnie sprowadzonego drewna. W \u015brodku urz\u0105dzono pi\u0119kne, wysokie mieszkania z witra\u017cami w oknach.<\/em><\/p>\n<div id=\"attachment_5813\" style=\"width: 296px\" class=\"wp-caption alignnone\"><a href=\"http:\/\/jarekwasielewski.pl\/zwrzeszcza\/wp-content\/uploads\/2025\/11\/willa_pileckiego_k_deresiewicz.jpg\" target=\"_blank\" rel=\"noopener\"><img loading=\"lazy\" decoding=\"async\" aria-describedby=\"caption-attachment-5813\" class=\"wp-image-5813 \" src=\"http:\/\/jarekwasielewski.pl\/zwrzeszcza\/wp-content\/uploads\/2025\/11\/willa_pileckiego_k_deresiewicz-225x300.jpg\" alt=\"\" width=\"290\" height=\"382\"><\/a><p id=\"caption-attachment-5813\" class=\"wp-caption-text\">Willa przy ul. Pileckiego 7 (fot. Krzysztof Deresiewicz)<\/p><\/div>\n<p style=\"text-align: justify;\"><em>W 1930 roku budynek zakupi\u0142 Alfred Glagau, urz\u0119dnikiem bankowymi urodzony w 1900 roku w Niemczech. Jako m\u0142ody cz\u0142owiek bra\u0142 udzia\u0142 w I wojnie \u015bwiatowej, gdzie zosta\u0142 inwalid\u0105 \u2013 odt\u0105d porusza\u0142 si\u0119 o lasce. Z Bawarii przyjecha\u0142 do Wolnego Miasta Gda\u0144ska, gdzie w latach 30. w \u00f3wczesnym ko\u015bciele ewangelickim \u015bw. El\u017cbiety zawar\u0142 zwi\u0105zek ma\u0142\u017ce\u0144ski z Alice.<\/em><\/p>\n<p style=\"text-align: justify;\"><em>Alfred musia\u0142 by\u0107 cenionym pracownikiem bankowym, skoro z funkcji prokurenta ju\u017c w 1931 roku awansowa\u0142 na dyrektora Gda\u0144skiej Kasy Oszcz\u0119dno\u015bciowej (Sparkassendirektor). Budynek Sparkassen mie\u015bci\u0142 si\u0119 na rogu ul. St\u0105giewnej na Wyspie Spichrz\u00f3w. Budynek ten rozebrano po zniszczeniach wojennych roku 1945. <\/em><\/p>\n<p style=\"text-align: justify;\"><em>Z domem przy Gustav-Radde-Weg i lud\u017ami tam \u017cyj\u0105cymi zwi\u0105zana jest r\u00f3wnie\u017c historia mojej rodziny. Ojciec m\u00f3j, Henryk Deresiewicz, przyby\u0142 do Wolnego Miasta w 1926 roku z Wrze\u015bni (tak, tej s\u0142ynnej w\u00f3wczas na ca\u0142\u0105 Europ\u0119 ze strajku dzieci i ich rodzic\u00f3w w obronie j\u0119zyka polskiego), jako m\u0142ody weteran wojny polsko\u2013bolszewickiej. W latach 30. by\u0142 w\u0142a\u015bcicielem przedsi\u0119biorstwa mieszcz\u0105cego si\u0119 przy Langemarkt 19 (D\u0142ugi Targ 19).<\/em><\/p>\n<p style=\"text-align: justify;\"><em>4 wrze\u015bnia 1939 roku maj\u0105tek firmy \u2013 got\u00f3wka, konta bankowe, zbo\u017ce w elewatorach, wyposa\u017cenie firmy \u2013 oraz ca\u0142e mienie w mieszkaniu, kt\u00f3re wynajmowa\u0142 przy Gustav-Radde-Weg, zosta\u0142o przez w\u0142adze niemieckie skonfiskowane, a Mama z Ojcem zmuszeni do opuszczenia Gda\u0144ska i udania si\u0119 do Gdyni. Mienie przedsi\u0119biorstwa Ojca zosta\u0142o przekazane pod zarz\u0105d Urz\u0119du Powierniczego Gda\u0144sk\u2013Prusy Zachodnie; personalnie obj\u0105\u0142 je Kurt Ette z Gda\u0144ska (w dokumentach archiwalnych znajduje si\u0119 opis dalszych los\u00f3w tego mienia). Mama moja, b\u0119d\u0105c w zaawansowanej ci\u0105\u017cy z moim bratem Andrzejem, postanowi\u0142a po uzyskaniu stosownych przepustek pojecha\u0107 do Wrzeszcza, aby zabra\u0107 zostawion\u0105 w mieszkaniu wyprawk\u0119 niemowl\u0119c\u0105. Po wyja\u015bnieniu celu przyjazdu \u017conie w\u0142a\u015bciciela, Alice Glagau, Mama poprosi\u0142a o umo\u017cliwienie wej\u015bcia do mieszkania dla zabrania przygotowanej wyprawki. W\u0142a\u015bcicielka nie wyrazi\u0142a na to zgody i odes\u0142a\u0142a Mam\u0119 do lokalnego Gestapo, aby tam uzyska\u0142a zgod\u0119. <\/em><\/p>\n<p style=\"text-align: justify;\"><em>Relacj\u0119 mojej Mamy o tre\u015bci rozmowy w Gestapo zapami\u0119ta\u0142em na ca\u0142e \u017cycie.<\/em><\/p>\n<p style=\"text-align: justify;\"><em>Tylko zaawansowana ci\u0105\u017ca uchroni\u0142a J\u0105 przed aresztowaniem. Mama jak najszybciej wyjecha\u0142a do Gdyni, sk\u0105d z Ojcem przez Pozna\u0144 dotarli do Warszawy.<\/em><\/p>\n<p style=\"text-align: justify;\"><em>W trakcie walk o Gda\u0144sk w 1945 roku, kiedy lotnictwo rosyjskie intensywnie bombardowa\u0142o miasto, dom Gustav-Radde-Weg uleg\u0142 niewielkim uszkodzeniom. Bomby lotnicze spad\u0142y na s\u0105siaduj\u0105cy budynek, niszcz\u0105c jego po\u0142ow\u0119 \u2013 szcz\u0119\u015bliwym trafem jeden z \u0142adunk\u00f3w nie eksplodowa\u0142, jednak podmuch po eksplozji zniszczy\u0142 w naszym domu akwaria z rybkami, wszystkie okna, witryny szklane, a tak\u017ce dach budynku. Mieszka\u0144com nic si\u0119 nie sta\u0142o, gdy\u017c znajdowali si\u0119 w specjalnie przygotowanym schronie piwnicznym o grubych, betonowych \u015bcianach i specjalnym wyj\u015bciu ewakuacyjnym, przygotowanym na wypadek zawalenia si\u0119 domu.<\/em><\/p>\n<p style=\"text-align: justify;\"><em>W marcu 1945 roku Armia Czerwona wkroczy\u0142a do Gda\u0144ska. W\u0142a\u015bciciel domu, Alfred Glagau z \u017con\u0105, pozostali na miejscu, jednak zajmuj\u0105cy mieszkanie Rodzic\u00f3w Otto Dietz, szef kantoru wymiany walut Reichsbanku, uciek\u0142 z miasta, zabieraj\u0105c ze sob\u0105 ca\u0142e mienie Rodzic\u00f3w.<\/em><\/p>\n<p style=\"text-align: justify;\"><strong><em>I tu zaczyna si\u0119 tytu\u0142owa brylantowa historia.<\/em><\/strong><\/p>\n<p style=\"text-align: justify;\"><em>Ojciec m\u00f3j w tym samym marcu 1945 roku wr\u00f3ci\u0142 do Gda\u0144ska, aby zorientowa\u0107 si\u0119 w sytuacji przedwojennego mieszkania. Zasta\u0142 je puste; w mieszkaniu nr 2 pozostali w\u0142a\u015bciciel domu z ma\u0142\u017conk\u0105 oraz ich gosposia, Polka o imieniu Helenka. W domu nie by\u0142o wody, nie dzia\u0142a\u0142a kanalizacja, nie by\u0142o ogrzewania ani elektryczno\u015bci. W okolicznych ogr\u00f3dkach i na placach znajdowa\u0142y si\u0119 groby ludzi zmar\u0142ych w czasie obl\u0119\u017cenia Gda\u0144ska. Po zako\u0144czeniu walk specjalne grupy dokonywa\u0142y ich ekshumacji. <\/em><\/p>\n<p style=\"text-align: justify;\"><em>Nieoczekiwanie w swoim mieszkaniu umar\u0142 Alfred Glagau. Jego \u017cona, Alice, by\u0142a zdruzgotana t\u0105 sytuacj\u0105 i niezdoln\u0105 do jakiegokolwiek dzia\u0142ania. Jako \u017ce w tym czasie wci\u0105\u017c nie funkcjonowa\u0142y instytucje zajmuj\u0105ce si\u0119 poch\u00f3wkami zmar\u0142ych, m\u00f3j Ojciec z Helenk\u0105 owin\u0119li cia\u0142o nieboszczyka w koc i pochowali je w pobli\u017cu domu, gdzie spoczywa do dzi\u015b.<\/em><\/p>\n<div id=\"attachment_5814\" style=\"width: 296px\" class=\"wp-caption alignnone\"><a href=\"http:\/\/jarekwasielewski.pl\/zwrzeszcza\/wp-content\/uploads\/2025\/11\/grob_pileckiego_k_deresiewicz.jpg\" target=\"_blank\" rel=\"noopener\"><img loading=\"lazy\" decoding=\"async\" aria-describedby=\"caption-attachment-5814\" class=\"wp-image-5814 \" src=\"http:\/\/jarekwasielewski.pl\/zwrzeszcza\/wp-content\/uploads\/2025\/11\/grob_pileckiego_k_deresiewicz-225x300.jpg\" alt=\"\" width=\"290\" height=\"382\"><\/a><p id=\"caption-attachment-5814\" class=\"wp-caption-text\">Gr\u00f3b z 1945 roku w ogrodzie willi przy ul. Pileckiego (fot. Krzysztof Deresiewicz)<\/p><\/div>\n<p style=\"text-align: justify;\"><em>Zgodnie z postanowieniami konferencji w Poczdamie ludno\u015b\u0107 niemiecka mia\u0142a opu\u015bci\u0107 tereny obj\u0119te przez Polsk\u0119 \u2013 w tym by\u0142e Wolne Miasto Gda\u0144sk. Ludno\u015b\u0107 ta by\u0142a systematycznie przewo\u017cona poci\u0105gami do stref alianckich w Niemczech. Pani Glagau otrzyma\u0142a wezwanie do stawienia si\u0119 w miejscu zgrupowania os\u00f3b do wyjazdu. Przygotowany poci\u0105g czeka\u0142 na specjalnym peronie przy dworcu we Wrzeszczu. Zabra\u0107 ze sob\u0105 mog\u0142a tylko baga\u017c r\u0119czny. Najcenniejsz\u0105 rzecz\u0105, jak\u0105 mia\u0142a, by\u0142a kolekcja pi\u0119ciu brylant\u00f3w, ka\u017cdy o \u015brednicy 1,5 cm. Zdaj\u0105c sobie spraw\u0119, \u017ce mo\u017ce by\u0107 w trakcie podr\u00f3\u017cy rewidowana, ukry\u0142a brylanty we w\u0142osach obwi\u0105zanych chust\u0105. W ten spos\u00f3b bezpiecznie przewioz\u0142a je do alianckiej strefy alianckiej, gdzie pozosta\u0142a do ko\u0144ca swego \u017cycia i sk\u0105d sporadycznie pisywa\u0142a do swojej by\u0142ej gosposi, Helenki. W\u0142adze niemieckie wyp\u0142aci\u0142y jej odszkodowanie za utracony dom w Gda\u0144sku, za\u015b owe brylanty pozwoli\u0142y jej na spokojne \u017cycie. Do Gda\u0144ska nigdy nie przyjecha\u0142a. <\/em><\/p>\n<p style=\"text-align: justify;\"><em>Sprawa mienia utraconego przez obywateli polskich nigdy nie znalaz\u0142a rozwi\u0105zania. W 1947 roku moi Rodzice zwracali si\u0119 do Biura Rewindykacji i Odszkodowa\u0144 Wojennych w Warszawie o rewindykacj\u0119 mienia osobistego i odszkodowanie. Otrzymali odpowied\u017a, i\u017c w\u0142adze ameryka\u0144skie odm\u00f3wi\u0142y prawa rewindykacji przedmiot\u00f3w z by\u0142ego Wolnego Miasta Gda\u0144ska. W ten spos\u00f3b Rodzice moi zostali z niczym.<\/em><\/p>\n<p style=\"text-align: justify;\"><em>Ja po 66 latach szcz\u0119\u015bliwego zamieszkiwania w tym najpi\u0119kniejszym dla mnie miejscu, powr\u00f3ci\u0142em do miejsca mego urodzenia. Dom przy ul. Szczepana Pileckiego 7 przeszed\u0142 kilka lat temu generalny remont pod nadzorem konserwatorskim, dzi\u0119ki czemu zn\u00f3w cieszy swoim wygl\u0105dem.<\/em><\/p>\n<p>Krzysztof Deresiewicz<\/p>\n<hr>\n<p style=\"text-align: center;\"><strong>Czy masz ju\u017c moj\u0105 now\u0105 ksi\u0105\u017ck\u0119? Je\u015bli nie, to kliknij w ok\u0142adk\u0119 i kup:<\/strong><\/p>\n<p><a href=\"https:\/\/jarekwasielewski.pl\/produkt\/wrzeszcz-dla-poczatkujacych-i-srednio-zaawansowanych\/\"><img loading=\"lazy\" decoding=\"async\" class=\"aligncenter wp-image-5728 \" src=\"http:\/\/jarekwasielewski.pl\/zwrzeszcza\/wp-content\/uploads\/2024\/02\/j_wasielewski_wrzeszcz_okladka-201x300.jpg\" alt=\"\" width=\"251\" height=\"375\" srcset=\"https:\/\/jarekwasielewski.pl\/zwrzeszcza\/wp-content\/uploads\/2024\/02\/j_wasielewski_wrzeszcz_okladka-201x300.jpg 201w, https:\/\/jarekwasielewski.pl\/zwrzeszcza\/wp-content\/uploads\/2024\/02\/j_wasielewski_wrzeszcz_okladka-686x1024.jpg 686w, https:\/\/jarekwasielewski.pl\/zwrzeszcza\/wp-content\/uploads\/2024\/02\/j_wasielewski_wrzeszcz_okladka-768x1147.jpg 768w, https:\/\/jarekwasielewski.pl\/zwrzeszcza\/wp-content\/uploads\/2024\/02\/j_wasielewski_wrzeszcz_okladka.jpg 1000w\" sizes=\"auto, (max-width: 251px) 100vw, 251px\" \/><\/a><\/p>\n","protected":false},"excerpt":{"rendered":"<p>Jaki\u015b czas temu od jednego ze sta\u0142ych czytelnik\u00f3w &#8211; pana Krzysztofa Deresiewicza &#8211; otrzyma\u0142em tak\u0105 oto opowie\u015b\u0107:<\/p>\n","protected":false},"author":1,"featured_media":5813,"comment_status":"open","ping_status":"open","sticky":false,"template":"","format":"standard","meta":{"ngg_post_thumbnail":0,"footnotes":""},"categories":[11,8],"tags":[],"class_list":["post-5810","post","type-post","status-publish","format-standard","has-post-thumbnail","hentry","category-wspomnienia","category-wszystkie"],"yoast_head":"<!-- This site is optimized with the Yoast SEO plugin v27.3 - https:\/\/yoast.com\/product\/yoast-seo-wordpress\/ -->\n<title>\u201eBrylanty Pani Glagau\u201d - opowiada Krzysztof Deresiewicz - Wrzeszcz Jarka Wasielewskiego<\/title>\n<meta name=\"description\" content=\"Nades\u0142ana przez pana Krzysztofa Deresiewicza niezwyk\u0142a historia willi przy ul. Pileckiego 7 i jej mieszka\u0144c\u00f3w, w tym m.in. pochowanego w ogrodzie weterana Wielkiej Wojny. W tle dziejowa zawierucha, wysiedlenie Polak\u00f3w oraz tytu\u0142owy brylant.\" \/>\n<meta name=\"robots\" content=\"index, follow, max-snippet:-1, max-image-preview:large, max-video-preview:-1\" \/>\n<link rel=\"canonical\" href=\"https:\/\/jarekwasielewski.pl\/zwrzeszcza\/2025\/11\/brylanty-pani-glagau-opowiada-krzysztof-deresiewicz\/\" \/>\n<meta property=\"og:locale\" content=\"pl_PL\" \/>\n<meta property=\"og:type\" content=\"article\" \/>\n<meta property=\"og:title\" content=\"\u201eBrylanty Pani Glagau\u201d - opowiada Krzysztof Deresiewicz - Wrzeszcz Jarka Wasielewskiego\" \/>\n<meta property=\"og:description\" content=\"Nades\u0142ana przez pana Krzysztofa Deresiewicza niezwyk\u0142a historia willi przy ul. Pileckiego 7 i jej mieszka\u0144c\u00f3w, w tym m.in. pochowanego w ogrodzie weterana Wielkiej Wojny. W tle dziejowa zawierucha, wysiedlenie Polak\u00f3w oraz tytu\u0142owy brylant.\" \/>\n<meta property=\"og:url\" content=\"https:\/\/jarekwasielewski.pl\/zwrzeszcza\/2025\/11\/brylanty-pani-glagau-opowiada-krzysztof-deresiewicz\/\" \/>\n<meta property=\"og:site_name\" content=\"Wrzeszcz Jarka Wasielewskiego\" \/>\n<meta property=\"article:published_time\" content=\"2025-11-12T08:52:51+00:00\" \/>\n<meta property=\"article:modified_time\" content=\"2025-11-12T15:28:18+00:00\" \/>\n<meta property=\"og:image\" content=\"http:\/\/jarekwasielewski.pl\/zwrzeszcza\/wp-content\/uploads\/2025\/11\/willa_pileckiego_k_deresiewicz.jpg\" \/>\n\t<meta property=\"og:image:width\" content=\"768\" \/>\n\t<meta property=\"og:image:height\" content=\"1024\" \/>\n\t<meta property=\"og:image:type\" content=\"image\/jpeg\" \/>\n<meta name=\"author\" content=\"Jarek Wasielewski\" \/>\n<meta name=\"twitter:card\" content=\"summary_large_image\" \/>\n<meta name=\"twitter:label1\" content=\"Napisane przez\" \/>\n\t<meta name=\"twitter:data1\" content=\"Jarek Wasielewski\" \/>\n\t<meta name=\"twitter:label2\" content=\"Szacowany czas czytania\" \/>\n\t<meta name=\"twitter:data2\" content=\"7 minut\" \/>\n<script type=\"application\/ld+json\" class=\"yoast-schema-graph\">{\"@context\":\"https:\\\/\\\/schema.org\",\"@graph\":[{\"@type\":\"Article\",\"@id\":\"https:\\\/\\\/jarekwasielewski.pl\\\/zwrzeszcza\\\/2025\\\/11\\\/brylanty-pani-glagau-opowiada-krzysztof-deresiewicz\\\/#article\",\"isPartOf\":{\"@id\":\"https:\\\/\\\/jarekwasielewski.pl\\\/zwrzeszcza\\\/2025\\\/11\\\/brylanty-pani-glagau-opowiada-krzysztof-deresiewicz\\\/\"},\"author\":{\"name\":\"Jarek Wasielewski\",\"@id\":\"https:\\\/\\\/jarekwasielewski.pl\\\/zwrzeszcza\\\/#\\\/schema\\\/person\\\/807e6ca1f9fadc1945bd9ac746422589\"},\"headline\":\"\u201eBrylanty Pani Glagau\u201d &#8211; opowiada Krzysztof Deresiewicz\",\"datePublished\":\"2025-11-12T08:52:51+00:00\",\"dateModified\":\"2025-11-12T15:28:18+00:00\",\"mainEntityOfPage\":{\"@id\":\"https:\\\/\\\/jarekwasielewski.pl\\\/zwrzeszcza\\\/2025\\\/11\\\/brylanty-pani-glagau-opowiada-krzysztof-deresiewicz\\\/\"},\"wordCount\":1196,\"commentCount\":0,\"publisher\":{\"@id\":\"https:\\\/\\\/jarekwasielewski.pl\\\/zwrzeszcza\\\/#\\\/schema\\\/person\\\/807e6ca1f9fadc1945bd9ac746422589\"},\"image\":{\"@id\":\"https:\\\/\\\/jarekwasielewski.pl\\\/zwrzeszcza\\\/2025\\\/11\\\/brylanty-pani-glagau-opowiada-krzysztof-deresiewicz\\\/#primaryimage\"},\"thumbnailUrl\":\"https:\\\/\\\/jarekwasielewski.pl\\\/zwrzeszcza\\\/wp-content\\\/uploads\\\/2025\\\/11\\\/willa_pileckiego_k_deresiewicz.jpg\",\"articleSection\":[\"Wspomnienia\",\"Wszystkie\"],\"inLanguage\":\"pl-PL\",\"potentialAction\":[{\"@type\":\"CommentAction\",\"name\":\"Comment\",\"target\":[\"https:\\\/\\\/jarekwasielewski.pl\\\/zwrzeszcza\\\/2025\\\/11\\\/brylanty-pani-glagau-opowiada-krzysztof-deresiewicz\\\/#respond\"]}]},{\"@type\":\"WebPage\",\"@id\":\"https:\\\/\\\/jarekwasielewski.pl\\\/zwrzeszcza\\\/2025\\\/11\\\/brylanty-pani-glagau-opowiada-krzysztof-deresiewicz\\\/\",\"url\":\"https:\\\/\\\/jarekwasielewski.pl\\\/zwrzeszcza\\\/2025\\\/11\\\/brylanty-pani-glagau-opowiada-krzysztof-deresiewicz\\\/\",\"name\":\"\u201eBrylanty Pani Glagau\u201d - opowiada Krzysztof Deresiewicz - Wrzeszcz Jarka Wasielewskiego\",\"isPartOf\":{\"@id\":\"https:\\\/\\\/jarekwasielewski.pl\\\/zwrzeszcza\\\/#website\"},\"primaryImageOfPage\":{\"@id\":\"https:\\\/\\\/jarekwasielewski.pl\\\/zwrzeszcza\\\/2025\\\/11\\\/brylanty-pani-glagau-opowiada-krzysztof-deresiewicz\\\/#primaryimage\"},\"image\":{\"@id\":\"https:\\\/\\\/jarekwasielewski.pl\\\/zwrzeszcza\\\/2025\\\/11\\\/brylanty-pani-glagau-opowiada-krzysztof-deresiewicz\\\/#primaryimage\"},\"thumbnailUrl\":\"https:\\\/\\\/jarekwasielewski.pl\\\/zwrzeszcza\\\/wp-content\\\/uploads\\\/2025\\\/11\\\/willa_pileckiego_k_deresiewicz.jpg\",\"datePublished\":\"2025-11-12T08:52:51+00:00\",\"dateModified\":\"2025-11-12T15:28:18+00:00\",\"description\":\"Nades\u0142ana przez pana Krzysztofa Deresiewicza niezwyk\u0142a historia willi przy ul. Pileckiego 7 i jej mieszka\u0144c\u00f3w, w tym m.in. pochowanego w ogrodzie weterana Wielkiej Wojny. W tle dziejowa zawierucha, wysiedlenie Polak\u00f3w oraz tytu\u0142owy brylant.\",\"breadcrumb\":{\"@id\":\"https:\\\/\\\/jarekwasielewski.pl\\\/zwrzeszcza\\\/2025\\\/11\\\/brylanty-pani-glagau-opowiada-krzysztof-deresiewicz\\\/#breadcrumb\"},\"inLanguage\":\"pl-PL\",\"potentialAction\":[{\"@type\":\"ReadAction\",\"target\":[\"https:\\\/\\\/jarekwasielewski.pl\\\/zwrzeszcza\\\/2025\\\/11\\\/brylanty-pani-glagau-opowiada-krzysztof-deresiewicz\\\/\"]}]},{\"@type\":\"ImageObject\",\"inLanguage\":\"pl-PL\",\"@id\":\"https:\\\/\\\/jarekwasielewski.pl\\\/zwrzeszcza\\\/2025\\\/11\\\/brylanty-pani-glagau-opowiada-krzysztof-deresiewicz\\\/#primaryimage\",\"url\":\"https:\\\/\\\/jarekwasielewski.pl\\\/zwrzeszcza\\\/wp-content\\\/uploads\\\/2025\\\/11\\\/willa_pileckiego_k_deresiewicz.jpg\",\"contentUrl\":\"https:\\\/\\\/jarekwasielewski.pl\\\/zwrzeszcza\\\/wp-content\\\/uploads\\\/2025\\\/11\\\/willa_pileckiego_k_deresiewicz.jpg\",\"width\":768,\"height\":1024},{\"@type\":\"BreadcrumbList\",\"@id\":\"https:\\\/\\\/jarekwasielewski.pl\\\/zwrzeszcza\\\/2025\\\/11\\\/brylanty-pani-glagau-opowiada-krzysztof-deresiewicz\\\/#breadcrumb\",\"itemListElement\":[{\"@type\":\"ListItem\",\"position\":1,\"name\":\"Strona g\u0142\u00f3wna\",\"item\":\"https:\\\/\\\/jarekwasielewski.pl\\\/zwrzeszcza\\\/\"},{\"@type\":\"ListItem\",\"position\":2,\"name\":\"\u201eBrylanty Pani Glagau\u201d &#8211; opowiada Krzysztof Deresiewicz\"}]},{\"@type\":\"WebSite\",\"@id\":\"https:\\\/\\\/jarekwasielewski.pl\\\/zwrzeszcza\\\/#website\",\"url\":\"https:\\\/\\\/jarekwasielewski.pl\\\/zwrzeszcza\\\/\",\"name\":\"Wrzeszcza Jarka Wasielewskiego\",\"description\":\"Blog Jarka Wasielewskiego o Wrzeszczu\",\"publisher\":{\"@id\":\"https:\\\/\\\/jarekwasielewski.pl\\\/zwrzeszcza\\\/#\\\/schema\\\/person\\\/807e6ca1f9fadc1945bd9ac746422589\"},\"potentialAction\":[{\"@type\":\"SearchAction\",\"target\":{\"@type\":\"EntryPoint\",\"urlTemplate\":\"https:\\\/\\\/jarekwasielewski.pl\\\/zwrzeszcza\\\/?s={search_term_string}\"},\"query-input\":{\"@type\":\"PropertyValueSpecification\",\"valueRequired\":true,\"valueName\":\"search_term_string\"}}],\"inLanguage\":\"pl-PL\"},{\"@type\":[\"Person\",\"Organization\"],\"@id\":\"https:\\\/\\\/jarekwasielewski.pl\\\/zwrzeszcza\\\/#\\\/schema\\\/person\\\/807e6ca1f9fadc1945bd9ac746422589\",\"name\":\"Jarek Wasielewski\",\"image\":{\"@type\":\"ImageObject\",\"inLanguage\":\"pl-PL\",\"@id\":\"http:\\\/\\\/jarekwasielewski.pl\\\/zwrzeszcza\\\/wp-content\\\/uploads\\\/2021\\\/09\\\/jw.png\",\"url\":\"http:\\\/\\\/jarekwasielewski.pl\\\/zwrzeszcza\\\/wp-content\\\/uploads\\\/2021\\\/09\\\/jw.png\",\"contentUrl\":\"http:\\\/\\\/jarekwasielewski.pl\\\/zwrzeszcza\\\/wp-content\\\/uploads\\\/2021\\\/09\\\/jw.png\",\"width\":715,\"height\":630,\"caption\":\"Jarek Wasielewski\"},\"logo\":{\"@id\":\"http:\\\/\\\/jarekwasielewski.pl\\\/zwrzeszcza\\\/wp-content\\\/uploads\\\/2021\\\/09\\\/jw.png\"},\"sameAs\":[\"http:\\\/\\\/jarekwasielewski.pl\\\/zwrzeszcza\"]}]}<\/script>\n<!-- \/ Yoast SEO plugin. -->","yoast_head_json":{"title":"\u201eBrylanty Pani Glagau\u201d - opowiada Krzysztof Deresiewicz - Wrzeszcz Jarka Wasielewskiego","description":"Nades\u0142ana przez pana Krzysztofa Deresiewicza niezwyk\u0142a historia willi przy ul. Pileckiego 7 i jej mieszka\u0144c\u00f3w, w tym m.in. pochowanego w ogrodzie weterana Wielkiej Wojny. W tle dziejowa zawierucha, wysiedlenie Polak\u00f3w oraz tytu\u0142owy brylant.","robots":{"index":"index","follow":"follow","max-snippet":"max-snippet:-1","max-image-preview":"max-image-preview:large","max-video-preview":"max-video-preview:-1"},"canonical":"https:\/\/jarekwasielewski.pl\/zwrzeszcza\/2025\/11\/brylanty-pani-glagau-opowiada-krzysztof-deresiewicz\/","og_locale":"pl_PL","og_type":"article","og_title":"\u201eBrylanty Pani Glagau\u201d - opowiada Krzysztof Deresiewicz - Wrzeszcz Jarka Wasielewskiego","og_description":"Nades\u0142ana przez pana Krzysztofa Deresiewicza niezwyk\u0142a historia willi przy ul. Pileckiego 7 i jej mieszka\u0144c\u00f3w, w tym m.in. pochowanego w ogrodzie weterana Wielkiej Wojny. W tle dziejowa zawierucha, wysiedlenie Polak\u00f3w oraz tytu\u0142owy brylant.","og_url":"https:\/\/jarekwasielewski.pl\/zwrzeszcza\/2025\/11\/brylanty-pani-glagau-opowiada-krzysztof-deresiewicz\/","og_site_name":"Wrzeszcz Jarka Wasielewskiego","article_published_time":"2025-11-12T08:52:51+00:00","article_modified_time":"2025-11-12T15:28:18+00:00","og_image":[{"width":768,"height":1024,"url":"http:\/\/jarekwasielewski.pl\/zwrzeszcza\/wp-content\/uploads\/2025\/11\/willa_pileckiego_k_deresiewicz.jpg","type":"image\/jpeg"}],"author":"Jarek Wasielewski","twitter_card":"summary_large_image","twitter_misc":{"Napisane przez":"Jarek Wasielewski","Szacowany czas czytania":"7 minut"},"schema":{"@context":"https:\/\/schema.org","@graph":[{"@type":"Article","@id":"https:\/\/jarekwasielewski.pl\/zwrzeszcza\/2025\/11\/brylanty-pani-glagau-opowiada-krzysztof-deresiewicz\/#article","isPartOf":{"@id":"https:\/\/jarekwasielewski.pl\/zwrzeszcza\/2025\/11\/brylanty-pani-glagau-opowiada-krzysztof-deresiewicz\/"},"author":{"name":"Jarek Wasielewski","@id":"https:\/\/jarekwasielewski.pl\/zwrzeszcza\/#\/schema\/person\/807e6ca1f9fadc1945bd9ac746422589"},"headline":"\u201eBrylanty Pani Glagau\u201d &#8211; opowiada Krzysztof Deresiewicz","datePublished":"2025-11-12T08:52:51+00:00","dateModified":"2025-11-12T15:28:18+00:00","mainEntityOfPage":{"@id":"https:\/\/jarekwasielewski.pl\/zwrzeszcza\/2025\/11\/brylanty-pani-glagau-opowiada-krzysztof-deresiewicz\/"},"wordCount":1196,"commentCount":0,"publisher":{"@id":"https:\/\/jarekwasielewski.pl\/zwrzeszcza\/#\/schema\/person\/807e6ca1f9fadc1945bd9ac746422589"},"image":{"@id":"https:\/\/jarekwasielewski.pl\/zwrzeszcza\/2025\/11\/brylanty-pani-glagau-opowiada-krzysztof-deresiewicz\/#primaryimage"},"thumbnailUrl":"https:\/\/jarekwasielewski.pl\/zwrzeszcza\/wp-content\/uploads\/2025\/11\/willa_pileckiego_k_deresiewicz.jpg","articleSection":["Wspomnienia","Wszystkie"],"inLanguage":"pl-PL","potentialAction":[{"@type":"CommentAction","name":"Comment","target":["https:\/\/jarekwasielewski.pl\/zwrzeszcza\/2025\/11\/brylanty-pani-glagau-opowiada-krzysztof-deresiewicz\/#respond"]}]},{"@type":"WebPage","@id":"https:\/\/jarekwasielewski.pl\/zwrzeszcza\/2025\/11\/brylanty-pani-glagau-opowiada-krzysztof-deresiewicz\/","url":"https:\/\/jarekwasielewski.pl\/zwrzeszcza\/2025\/11\/brylanty-pani-glagau-opowiada-krzysztof-deresiewicz\/","name":"\u201eBrylanty Pani Glagau\u201d - opowiada Krzysztof Deresiewicz - Wrzeszcz Jarka Wasielewskiego","isPartOf":{"@id":"https:\/\/jarekwasielewski.pl\/zwrzeszcza\/#website"},"primaryImageOfPage":{"@id":"https:\/\/jarekwasielewski.pl\/zwrzeszcza\/2025\/11\/brylanty-pani-glagau-opowiada-krzysztof-deresiewicz\/#primaryimage"},"image":{"@id":"https:\/\/jarekwasielewski.pl\/zwrzeszcza\/2025\/11\/brylanty-pani-glagau-opowiada-krzysztof-deresiewicz\/#primaryimage"},"thumbnailUrl":"https:\/\/jarekwasielewski.pl\/zwrzeszcza\/wp-content\/uploads\/2025\/11\/willa_pileckiego_k_deresiewicz.jpg","datePublished":"2025-11-12T08:52:51+00:00","dateModified":"2025-11-12T15:28:18+00:00","description":"Nades\u0142ana przez pana Krzysztofa Deresiewicza niezwyk\u0142a historia willi przy ul. Pileckiego 7 i jej mieszka\u0144c\u00f3w, w tym m.in. pochowanego w ogrodzie weterana Wielkiej Wojny. W tle dziejowa zawierucha, wysiedlenie Polak\u00f3w oraz tytu\u0142owy brylant.","breadcrumb":{"@id":"https:\/\/jarekwasielewski.pl\/zwrzeszcza\/2025\/11\/brylanty-pani-glagau-opowiada-krzysztof-deresiewicz\/#breadcrumb"},"inLanguage":"pl-PL","potentialAction":[{"@type":"ReadAction","target":["https:\/\/jarekwasielewski.pl\/zwrzeszcza\/2025\/11\/brylanty-pani-glagau-opowiada-krzysztof-deresiewicz\/"]}]},{"@type":"ImageObject","inLanguage":"pl-PL","@id":"https:\/\/jarekwasielewski.pl\/zwrzeszcza\/2025\/11\/brylanty-pani-glagau-opowiada-krzysztof-deresiewicz\/#primaryimage","url":"https:\/\/jarekwasielewski.pl\/zwrzeszcza\/wp-content\/uploads\/2025\/11\/willa_pileckiego_k_deresiewicz.jpg","contentUrl":"https:\/\/jarekwasielewski.pl\/zwrzeszcza\/wp-content\/uploads\/2025\/11\/willa_pileckiego_k_deresiewicz.jpg","width":768,"height":1024},{"@type":"BreadcrumbList","@id":"https:\/\/jarekwasielewski.pl\/zwrzeszcza\/2025\/11\/brylanty-pani-glagau-opowiada-krzysztof-deresiewicz\/#breadcrumb","itemListElement":[{"@type":"ListItem","position":1,"name":"Strona g\u0142\u00f3wna","item":"https:\/\/jarekwasielewski.pl\/zwrzeszcza\/"},{"@type":"ListItem","position":2,"name":"\u201eBrylanty Pani Glagau\u201d &#8211; opowiada Krzysztof Deresiewicz"}]},{"@type":"WebSite","@id":"https:\/\/jarekwasielewski.pl\/zwrzeszcza\/#website","url":"https:\/\/jarekwasielewski.pl\/zwrzeszcza\/","name":"Wrzeszcza Jarka Wasielewskiego","description":"Blog Jarka Wasielewskiego o Wrzeszczu","publisher":{"@id":"https:\/\/jarekwasielewski.pl\/zwrzeszcza\/#\/schema\/person\/807e6ca1f9fadc1945bd9ac746422589"},"potentialAction":[{"@type":"SearchAction","target":{"@type":"EntryPoint","urlTemplate":"https:\/\/jarekwasielewski.pl\/zwrzeszcza\/?s={search_term_string}"},"query-input":{"@type":"PropertyValueSpecification","valueRequired":true,"valueName":"search_term_string"}}],"inLanguage":"pl-PL"},{"@type":["Person","Organization"],"@id":"https:\/\/jarekwasielewski.pl\/zwrzeszcza\/#\/schema\/person\/807e6ca1f9fadc1945bd9ac746422589","name":"Jarek Wasielewski","image":{"@type":"ImageObject","inLanguage":"pl-PL","@id":"http:\/\/jarekwasielewski.pl\/zwrzeszcza\/wp-content\/uploads\/2021\/09\/jw.png","url":"http:\/\/jarekwasielewski.pl\/zwrzeszcza\/wp-content\/uploads\/2021\/09\/jw.png","contentUrl":"http:\/\/jarekwasielewski.pl\/zwrzeszcza\/wp-content\/uploads\/2021\/09\/jw.png","width":715,"height":630,"caption":"Jarek Wasielewski"},"logo":{"@id":"http:\/\/jarekwasielewski.pl\/zwrzeszcza\/wp-content\/uploads\/2021\/09\/jw.png"},"sameAs":["http:\/\/jarekwasielewski.pl\/zwrzeszcza"]}]}},"_links":{"self":[{"href":"https:\/\/jarekwasielewski.pl\/zwrzeszcza\/wp-json\/wp\/v2\/posts\/5810","targetHints":{"allow":["GET"]}}],"collection":[{"href":"https:\/\/jarekwasielewski.pl\/zwrzeszcza\/wp-json\/wp\/v2\/posts"}],"about":[{"href":"https:\/\/jarekwasielewski.pl\/zwrzeszcza\/wp-json\/wp\/v2\/types\/post"}],"author":[{"embeddable":true,"href":"https:\/\/jarekwasielewski.pl\/zwrzeszcza\/wp-json\/wp\/v2\/users\/1"}],"replies":[{"embeddable":true,"href":"https:\/\/jarekwasielewski.pl\/zwrzeszcza\/wp-json\/wp\/v2\/comments?post=5810"}],"version-history":[{"count":6,"href":"https:\/\/jarekwasielewski.pl\/zwrzeszcza\/wp-json\/wp\/v2\/posts\/5810\/revisions"}],"predecessor-version":[{"id":5822,"href":"https:\/\/jarekwasielewski.pl\/zwrzeszcza\/wp-json\/wp\/v2\/posts\/5810\/revisions\/5822"}],"wp:featuredmedia":[{"embeddable":true,"href":"https:\/\/jarekwasielewski.pl\/zwrzeszcza\/wp-json\/wp\/v2\/media\/5813"}],"wp:attachment":[{"href":"https:\/\/jarekwasielewski.pl\/zwrzeszcza\/wp-json\/wp\/v2\/media?parent=5810"}],"wp:term":[{"taxonomy":"category","embeddable":true,"href":"https:\/\/jarekwasielewski.pl\/zwrzeszcza\/wp-json\/wp\/v2\/categories?post=5810"},{"taxonomy":"post_tag","embeddable":true,"href":"https:\/\/jarekwasielewski.pl\/zwrzeszcza\/wp-json\/wp\/v2\/tags?post=5810"}],"curies":[{"name":"wp","href":"https:\/\/api.w.org\/{rel}","templated":true}]}}