{"id":54,"date":"2013-09-19T14:47:00","date_gmt":"2013-09-19T14:47:00","guid":{"rendered":"http:\/\/jotwu.16mb.com\/zwrzeszcza\/uncategorized\/wrzeszczanscy-huzarzy-smierci-na-filmie\/"},"modified":"2014-12-15T10:56:10","modified_gmt":"2014-12-15T10:56:10","slug":"wrzeszczanscy-huzarzy-smierci-na-filmie","status":"publish","type":"post","link":"https:\/\/jarekwasielewski.pl\/zwrzeszcza\/2013\/09\/wrzeszczanscy-huzarzy-smierci-na-filmie\/","title":{"rendered":"Wrzeszcza\u0144scy Huzarzy \u015amierci na filmie"},"content":{"rendered":"<p style=\"text-align: justify;\">Niedawno na YouTubie pojawi\u0142 si\u0119 sensacyjny filmik. Ma nieca\u0142e 5 minut i na pierwszy rzut oka niby nie pokazuje niczego specjalnego &#8211; jacy\u015b \u017co\u0142nierze paraduj\u0105 na koniach na jakim\u015b polu&#8230; Nie s\u0105 to jednak zwykli \u017co\u0142nierze, ani zwyk\u0142a parada; r\u00f3wnie\u017c miejsce trudno nazwa\u0107 zwyczajnym.<\/p>\n<p style=\"text-align: justify;\">Na filmie uwieczniono parad\u0119 s\u0142ynnych Huzar\u00f3w \u015amierci, skoszarowanych w Strzy\u017cy! I to paraduj\u0105cych nie byle gdzie, bowiem na miejskim poligonie (<i>Grosser Exerzierplatz<\/i> &#8211; Wielki Plac \u0106wicze\u0144), a wi\u0119c w miejscu, gdzie p\u00f3\u017aniej powsta\u0142o lotnisko, a gdzie dzi\u015b stoi dzielnica Zaspa! Huzarzy paraduj\u0105 przed samym cesarzem niemieckim Wilhelmem II oraz jego synem i nast\u0119pc\u0105 tronu (<i>Kronprinzem<\/i>) Wilhelmem Hohenzollernem. Dla niewtajemniczonych: ten ostatni w okresie od pa\u017adziernika 1911 do stycznia 1914 mieszka\u0142 przy dzisiejszej al. Grunwaldzkiej, mniej wi\u0119cej w miejscu dzisiejszego Hotelu Szyd\u0142owski (formalnie <i>Kronprinz <\/i>dowodzi\u0142 1. Przybocznym Pu\u0142kiem Huzar\u00f3w). A \u017ceby by\u0142o jeszcze ciekawiej, na filmie uwieczniono tak\u017ce same koszary (2:53) oraz moment odjazdu VIP-\u00f3w &#8211; tym razem nie konno, lecz eleganckim automobilem.<\/p>\n<p style=\"text-align: justify;\"><a href=\"https:\/\/www.youtube.com\/v\/NOULi12qRbc\" target=\"_blank\">Obejrzyj filmik<\/a><\/p>\n<p style=\"text-align: justify;\">Chocia\u017c nie jestem fanem militari\u00f3w &#8211; a ju\u017c na pewno nie militari\u00f3w pruskich &#8211; to jednak ruchomy obraz z wrzeszcza\u0144skiego poligonu oraz strzy\u017ca\u0144skich koszar robi na mnie wra\u017cenie. A na Was?<\/p>\n","protected":false},"excerpt":{"rendered":"<p>Niedawno na YouTubie pojawi\u0142 si\u0119 sensacyjny filmik. Ma nieca\u0142e 5 minut i na pierwszy rzut oka niby nie pokazuje niczego specjalnego &#8211; jacy\u015b \u017co\u0142nierze paraduj\u0105 na koniach na jakim\u015b polu&#8230; Nie s\u0105 to jednak zwykli \u017co\u0142nierze, ani zwyk\u0142a parada; r\u00f3wnie\u017c miejsce trudno nazwa\u0107 zwyczajnym. Na filmie uwieczniono parad\u0119 s\u0142ynnych Huzar\u00f3w \u015amierci, skoszarowanych w Strzy\u017cy! I&hellip;<\/p>\n","protected":false},"author":2,"featured_media":894,"comment_status":"open","ping_status":"open","sticky":false,"template":"","format":"standard","meta":{"ngg_post_thumbnail":0,"footnotes":""},"categories":[7,8],"tags":[],"class_list":["post-54","post","type-post","status-publish","format-standard","has-post-thumbnail","hentry","category-przed-1945","category-wszystkie"],"yoast_head":"<!-- This site is optimized with the Yoast SEO plugin v27.3 - https:\/\/yoast.com\/product\/yoast-seo-wordpress\/ -->\n<title>Wrzeszcza\u0144scy Huzarzy \u015amierci na filmie - Wrzeszcz Jarka Wasielewskiego<\/title>\n<meta name=\"robots\" content=\"index, follow, max-snippet:-1, max-image-preview:large, max-video-preview:-1\" \/>\n<link rel=\"canonical\" href=\"https:\/\/jarekwasielewski.pl\/zwrzeszcza\/2013\/09\/wrzeszczanscy-huzarzy-smierci-na-filmie\/\" \/>\n<meta property=\"og:locale\" content=\"pl_PL\" \/>\n<meta property=\"og:type\" content=\"article\" \/>\n<meta property=\"og:title\" content=\"Wrzeszcza\u0144scy Huzarzy \u015amierci na filmie - Wrzeszcz Jarka Wasielewskiego\" \/>\n<meta property=\"og:description\" content=\"Niedawno na YouTubie pojawi\u0142 si\u0119 sensacyjny filmik. Ma nieca\u0142e 5 minut i na pierwszy rzut oka niby nie pokazuje niczego specjalnego &#8211; jacy\u015b \u017co\u0142nierze paraduj\u0105 na koniach na jakim\u015b polu&#8230; Nie s\u0105 to jednak zwykli \u017co\u0142nierze, ani zwyk\u0142a parada; r\u00f3wnie\u017c miejsce trudno nazwa\u0107 zwyczajnym. Na filmie uwieczniono parad\u0119 s\u0142ynnych Huzar\u00f3w \u015amierci, skoszarowanych w Strzy\u017cy! I&hellip;\" \/>\n<meta property=\"og:url\" content=\"https:\/\/jarekwasielewski.pl\/zwrzeszcza\/2013\/09\/wrzeszczanscy-huzarzy-smierci-na-filmie\/\" \/>\n<meta property=\"og:site_name\" content=\"Wrzeszcz Jarka Wasielewskiego\" \/>\n<meta property=\"article:published_time\" content=\"2013-09-19T14:47:00+00:00\" \/>\n<meta property=\"article:modified_time\" content=\"2014-12-15T10:56:10+00:00\" \/>\n<meta property=\"og:image\" content=\"https:\/\/jarekwasielewski.pl\/zwrzeszcza\/wp-content\/uploads\/2013\/09\/gdansk_film_huzarzy.jpg\" \/>\n\t<meta property=\"og:image:width\" content=\"460\" \/>\n\t<meta property=\"og:image:height\" content=\"260\" \/>\n\t<meta property=\"og:image:type\" content=\"image\/jpeg\" \/>\n<meta name=\"author\" content=\"Jarek Wasielewski\" \/>\n<meta name=\"twitter:card\" content=\"summary_large_image\" \/>\n<meta name=\"twitter:label1\" content=\"Napisane przez\" \/>\n\t<meta name=\"twitter:data1\" content=\"Jarek Wasielewski\" \/>\n\t<meta name=\"twitter:label2\" content=\"Szacowany czas czytania\" \/>\n\t<meta name=\"twitter:data2\" content=\"1 minuta\" \/>\n<script type=\"application\/ld+json\" class=\"yoast-schema-graph\">{\"@context\":\"https:\\\/\\\/schema.org\",\"@graph\":[{\"@type\":\"Article\",\"@id\":\"https:\\\/\\\/jarekwasielewski.pl\\\/zwrzeszcza\\\/2013\\\/09\\\/wrzeszczanscy-huzarzy-smierci-na-filmie\\\/#article\",\"isPartOf\":{\"@id\":\"https:\\\/\\\/jarekwasielewski.pl\\\/zwrzeszcza\\\/2013\\\/09\\\/wrzeszczanscy-huzarzy-smierci-na-filmie\\\/\"},\"author\":{\"name\":\"Jarek Wasielewski\",\"@id\":\"https:\\\/\\\/jarekwasielewski.pl\\\/zwrzeszcza\\\/#\\\/schema\\\/person\\\/d2582ae2f5d0ea9c9154fd6e4bcb3976\"},\"headline\":\"Wrzeszcza\u0144scy Huzarzy \u015amierci na filmie\",\"datePublished\":\"2013-09-19T14:47:00+00:00\",\"dateModified\":\"2014-12-15T10:56:10+00:00\",\"mainEntityOfPage\":{\"@id\":\"https:\\\/\\\/jarekwasielewski.pl\\\/zwrzeszcza\\\/2013\\\/09\\\/wrzeszczanscy-huzarzy-smierci-na-filmie\\\/\"},\"wordCount\":217,\"commentCount\":6,\"publisher\":{\"@id\":\"https:\\\/\\\/jarekwasielewski.pl\\\/zwrzeszcza\\\/#\\\/schema\\\/person\\\/807e6ca1f9fadc1945bd9ac746422589\"},\"image\":{\"@id\":\"https:\\\/\\\/jarekwasielewski.pl\\\/zwrzeszcza\\\/2013\\\/09\\\/wrzeszczanscy-huzarzy-smierci-na-filmie\\\/#primaryimage\"},\"thumbnailUrl\":\"https:\\\/\\\/jarekwasielewski.pl\\\/zwrzeszcza\\\/wp-content\\\/uploads\\\/2013\\\/09\\\/gdansk_film_huzarzy.jpg\",\"articleSection\":[\"Przed 1945\",\"Wszystkie\"],\"inLanguage\":\"pl-PL\",\"potentialAction\":[{\"@type\":\"CommentAction\",\"name\":\"Comment\",\"target\":[\"https:\\\/\\\/jarekwasielewski.pl\\\/zwrzeszcza\\\/2013\\\/09\\\/wrzeszczanscy-huzarzy-smierci-na-filmie\\\/#respond\"]}]},{\"@type\":\"WebPage\",\"@id\":\"https:\\\/\\\/jarekwasielewski.pl\\\/zwrzeszcza\\\/2013\\\/09\\\/wrzeszczanscy-huzarzy-smierci-na-filmie\\\/\",\"url\":\"https:\\\/\\\/jarekwasielewski.pl\\\/zwrzeszcza\\\/2013\\\/09\\\/wrzeszczanscy-huzarzy-smierci-na-filmie\\\/\",\"name\":\"Wrzeszcza\u0144scy Huzarzy \u015amierci na filmie - Wrzeszcz Jarka Wasielewskiego\",\"isPartOf\":{\"@id\":\"https:\\\/\\\/jarekwasielewski.pl\\\/zwrzeszcza\\\/#website\"},\"primaryImageOfPage\":{\"@id\":\"https:\\\/\\\/jarekwasielewski.pl\\\/zwrzeszcza\\\/2013\\\/09\\\/wrzeszczanscy-huzarzy-smierci-na-filmie\\\/#primaryimage\"},\"image\":{\"@id\":\"https:\\\/\\\/jarekwasielewski.pl\\\/zwrzeszcza\\\/2013\\\/09\\\/wrzeszczanscy-huzarzy-smierci-na-filmie\\\/#primaryimage\"},\"thumbnailUrl\":\"https:\\\/\\\/jarekwasielewski.pl\\\/zwrzeszcza\\\/wp-content\\\/uploads\\\/2013\\\/09\\\/gdansk_film_huzarzy.jpg\",\"datePublished\":\"2013-09-19T14:47:00+00:00\",\"dateModified\":\"2014-12-15T10:56:10+00:00\",\"breadcrumb\":{\"@id\":\"https:\\\/\\\/jarekwasielewski.pl\\\/zwrzeszcza\\\/2013\\\/09\\\/wrzeszczanscy-huzarzy-smierci-na-filmie\\\/#breadcrumb\"},\"inLanguage\":\"pl-PL\",\"potentialAction\":[{\"@type\":\"ReadAction\",\"target\":[\"https:\\\/\\\/jarekwasielewski.pl\\\/zwrzeszcza\\\/2013\\\/09\\\/wrzeszczanscy-huzarzy-smierci-na-filmie\\\/\"]}]},{\"@type\":\"ImageObject\",\"inLanguage\":\"pl-PL\",\"@id\":\"https:\\\/\\\/jarekwasielewski.pl\\\/zwrzeszcza\\\/2013\\\/09\\\/wrzeszczanscy-huzarzy-smierci-na-filmie\\\/#primaryimage\",\"url\":\"https:\\\/\\\/jarekwasielewski.pl\\\/zwrzeszcza\\\/wp-content\\\/uploads\\\/2013\\\/09\\\/gdansk_film_huzarzy.jpg\",\"contentUrl\":\"https:\\\/\\\/jarekwasielewski.pl\\\/zwrzeszcza\\\/wp-content\\\/uploads\\\/2013\\\/09\\\/gdansk_film_huzarzy.jpg\",\"width\":460,\"height\":260},{\"@type\":\"BreadcrumbList\",\"@id\":\"https:\\\/\\\/jarekwasielewski.pl\\\/zwrzeszcza\\\/2013\\\/09\\\/wrzeszczanscy-huzarzy-smierci-na-filmie\\\/#breadcrumb\",\"itemListElement\":[{\"@type\":\"ListItem\",\"position\":1,\"name\":\"Strona g\u0142\u00f3wna\",\"item\":\"https:\\\/\\\/jarekwasielewski.pl\\\/zwrzeszcza\\\/\"},{\"@type\":\"ListItem\",\"position\":2,\"name\":\"Wrzeszcza\u0144scy Huzarzy \u015amierci na filmie\"}]},{\"@type\":\"WebSite\",\"@id\":\"https:\\\/\\\/jarekwasielewski.pl\\\/zwrzeszcza\\\/#website\",\"url\":\"https:\\\/\\\/jarekwasielewski.pl\\\/zwrzeszcza\\\/\",\"name\":\"Wrzeszcza Jarka Wasielewskiego\",\"description\":\"Blog Jarka Wasielewskiego o Wrzeszczu\",\"publisher\":{\"@id\":\"https:\\\/\\\/jarekwasielewski.pl\\\/zwrzeszcza\\\/#\\\/schema\\\/person\\\/807e6ca1f9fadc1945bd9ac746422589\"},\"potentialAction\":[{\"@type\":\"SearchAction\",\"target\":{\"@type\":\"EntryPoint\",\"urlTemplate\":\"https:\\\/\\\/jarekwasielewski.pl\\\/zwrzeszcza\\\/?s={search_term_string}\"},\"query-input\":{\"@type\":\"PropertyValueSpecification\",\"valueRequired\":true,\"valueName\":\"search_term_string\"}}],\"inLanguage\":\"pl-PL\"},{\"@type\":[\"Person\",\"Organization\"],\"@id\":\"https:\\\/\\\/jarekwasielewski.pl\\\/zwrzeszcza\\\/#\\\/schema\\\/person\\\/807e6ca1f9fadc1945bd9ac746422589\",\"name\":\"Jarek Wasielewski\",\"image\":{\"@type\":\"ImageObject\",\"inLanguage\":\"pl-PL\",\"@id\":\"http:\\\/\\\/jarekwasielewski.pl\\\/zwrzeszcza\\\/wp-content\\\/uploads\\\/2021\\\/09\\\/jw.png\",\"url\":\"http:\\\/\\\/jarekwasielewski.pl\\\/zwrzeszcza\\\/wp-content\\\/uploads\\\/2021\\\/09\\\/jw.png\",\"contentUrl\":\"http:\\\/\\\/jarekwasielewski.pl\\\/zwrzeszcza\\\/wp-content\\\/uploads\\\/2021\\\/09\\\/jw.png\",\"width\":715,\"height\":630,\"caption\":\"Jarek Wasielewski\"},\"logo\":{\"@id\":\"http:\\\/\\\/jarekwasielewski.pl\\\/zwrzeszcza\\\/wp-content\\\/uploads\\\/2021\\\/09\\\/jw.png\"},\"sameAs\":[\"http:\\\/\\\/jarekwasielewski.pl\\\/zwrzeszcza\"]},{\"@type\":\"Person\",\"@id\":\"https:\\\/\\\/jarekwasielewski.pl\\\/zwrzeszcza\\\/#\\\/schema\\\/person\\\/d2582ae2f5d0ea9c9154fd6e4bcb3976\",\"name\":\"Jarek Wasielewski\",\"image\":{\"@type\":\"ImageObject\",\"inLanguage\":\"pl-PL\",\"@id\":\"https:\\\/\\\/secure.gravatar.com\\\/avatar\\\/?s=96&d=mm&r=g\",\"url\":\"https:\\\/\\\/secure.gravatar.com\\\/avatar\\\/?s=96&d=mm&r=g\",\"contentUrl\":\"https:\\\/\\\/secure.gravatar.com\\\/avatar\\\/?s=96&d=mm&r=g\",\"caption\":\"Jarek Wasielewski\"}}]}<\/script>\n<!-- \/ Yoast SEO plugin. -->","yoast_head_json":{"title":"Wrzeszcza\u0144scy Huzarzy \u015amierci na filmie - Wrzeszcz Jarka Wasielewskiego","robots":{"index":"index","follow":"follow","max-snippet":"max-snippet:-1","max-image-preview":"max-image-preview:large","max-video-preview":"max-video-preview:-1"},"canonical":"https:\/\/jarekwasielewski.pl\/zwrzeszcza\/2013\/09\/wrzeszczanscy-huzarzy-smierci-na-filmie\/","og_locale":"pl_PL","og_type":"article","og_title":"Wrzeszcza\u0144scy Huzarzy \u015amierci na filmie - Wrzeszcz Jarka Wasielewskiego","og_description":"Niedawno na YouTubie pojawi\u0142 si\u0119 sensacyjny filmik. Ma nieca\u0142e 5 minut i na pierwszy rzut oka niby nie pokazuje niczego specjalnego &#8211; jacy\u015b \u017co\u0142nierze paraduj\u0105 na koniach na jakim\u015b polu&#8230; Nie s\u0105 to jednak zwykli \u017co\u0142nierze, ani zwyk\u0142a parada; r\u00f3wnie\u017c miejsce trudno nazwa\u0107 zwyczajnym. Na filmie uwieczniono parad\u0119 s\u0142ynnych Huzar\u00f3w \u015amierci, skoszarowanych w Strzy\u017cy! I&hellip;","og_url":"https:\/\/jarekwasielewski.pl\/zwrzeszcza\/2013\/09\/wrzeszczanscy-huzarzy-smierci-na-filmie\/","og_site_name":"Wrzeszcz Jarka Wasielewskiego","article_published_time":"2013-09-19T14:47:00+00:00","article_modified_time":"2014-12-15T10:56:10+00:00","og_image":[{"width":460,"height":260,"url":"https:\/\/jarekwasielewski.pl\/zwrzeszcza\/wp-content\/uploads\/2013\/09\/gdansk_film_huzarzy.jpg","type":"image\/jpeg"}],"author":"Jarek Wasielewski","twitter_card":"summary_large_image","twitter_misc":{"Napisane przez":"Jarek Wasielewski","Szacowany czas czytania":"1 minuta"},"schema":{"@context":"https:\/\/schema.org","@graph":[{"@type":"Article","@id":"https:\/\/jarekwasielewski.pl\/zwrzeszcza\/2013\/09\/wrzeszczanscy-huzarzy-smierci-na-filmie\/#article","isPartOf":{"@id":"https:\/\/jarekwasielewski.pl\/zwrzeszcza\/2013\/09\/wrzeszczanscy-huzarzy-smierci-na-filmie\/"},"author":{"name":"Jarek Wasielewski","@id":"https:\/\/jarekwasielewski.pl\/zwrzeszcza\/#\/schema\/person\/d2582ae2f5d0ea9c9154fd6e4bcb3976"},"headline":"Wrzeszcza\u0144scy Huzarzy \u015amierci na filmie","datePublished":"2013-09-19T14:47:00+00:00","dateModified":"2014-12-15T10:56:10+00:00","mainEntityOfPage":{"@id":"https:\/\/jarekwasielewski.pl\/zwrzeszcza\/2013\/09\/wrzeszczanscy-huzarzy-smierci-na-filmie\/"},"wordCount":217,"commentCount":6,"publisher":{"@id":"https:\/\/jarekwasielewski.pl\/zwrzeszcza\/#\/schema\/person\/807e6ca1f9fadc1945bd9ac746422589"},"image":{"@id":"https:\/\/jarekwasielewski.pl\/zwrzeszcza\/2013\/09\/wrzeszczanscy-huzarzy-smierci-na-filmie\/#primaryimage"},"thumbnailUrl":"https:\/\/jarekwasielewski.pl\/zwrzeszcza\/wp-content\/uploads\/2013\/09\/gdansk_film_huzarzy.jpg","articleSection":["Przed 1945","Wszystkie"],"inLanguage":"pl-PL","potentialAction":[{"@type":"CommentAction","name":"Comment","target":["https:\/\/jarekwasielewski.pl\/zwrzeszcza\/2013\/09\/wrzeszczanscy-huzarzy-smierci-na-filmie\/#respond"]}]},{"@type":"WebPage","@id":"https:\/\/jarekwasielewski.pl\/zwrzeszcza\/2013\/09\/wrzeszczanscy-huzarzy-smierci-na-filmie\/","url":"https:\/\/jarekwasielewski.pl\/zwrzeszcza\/2013\/09\/wrzeszczanscy-huzarzy-smierci-na-filmie\/","name":"Wrzeszcza\u0144scy Huzarzy \u015amierci na filmie - Wrzeszcz Jarka Wasielewskiego","isPartOf":{"@id":"https:\/\/jarekwasielewski.pl\/zwrzeszcza\/#website"},"primaryImageOfPage":{"@id":"https:\/\/jarekwasielewski.pl\/zwrzeszcza\/2013\/09\/wrzeszczanscy-huzarzy-smierci-na-filmie\/#primaryimage"},"image":{"@id":"https:\/\/jarekwasielewski.pl\/zwrzeszcza\/2013\/09\/wrzeszczanscy-huzarzy-smierci-na-filmie\/#primaryimage"},"thumbnailUrl":"https:\/\/jarekwasielewski.pl\/zwrzeszcza\/wp-content\/uploads\/2013\/09\/gdansk_film_huzarzy.jpg","datePublished":"2013-09-19T14:47:00+00:00","dateModified":"2014-12-15T10:56:10+00:00","breadcrumb":{"@id":"https:\/\/jarekwasielewski.pl\/zwrzeszcza\/2013\/09\/wrzeszczanscy-huzarzy-smierci-na-filmie\/#breadcrumb"},"inLanguage":"pl-PL","potentialAction":[{"@type":"ReadAction","target":["https:\/\/jarekwasielewski.pl\/zwrzeszcza\/2013\/09\/wrzeszczanscy-huzarzy-smierci-na-filmie\/"]}]},{"@type":"ImageObject","inLanguage":"pl-PL","@id":"https:\/\/jarekwasielewski.pl\/zwrzeszcza\/2013\/09\/wrzeszczanscy-huzarzy-smierci-na-filmie\/#primaryimage","url":"https:\/\/jarekwasielewski.pl\/zwrzeszcza\/wp-content\/uploads\/2013\/09\/gdansk_film_huzarzy.jpg","contentUrl":"https:\/\/jarekwasielewski.pl\/zwrzeszcza\/wp-content\/uploads\/2013\/09\/gdansk_film_huzarzy.jpg","width":460,"height":260},{"@type":"BreadcrumbList","@id":"https:\/\/jarekwasielewski.pl\/zwrzeszcza\/2013\/09\/wrzeszczanscy-huzarzy-smierci-na-filmie\/#breadcrumb","itemListElement":[{"@type":"ListItem","position":1,"name":"Strona g\u0142\u00f3wna","item":"https:\/\/jarekwasielewski.pl\/zwrzeszcza\/"},{"@type":"ListItem","position":2,"name":"Wrzeszcza\u0144scy Huzarzy \u015amierci na filmie"}]},{"@type":"WebSite","@id":"https:\/\/jarekwasielewski.pl\/zwrzeszcza\/#website","url":"https:\/\/jarekwasielewski.pl\/zwrzeszcza\/","name":"Wrzeszcza Jarka Wasielewskiego","description":"Blog Jarka Wasielewskiego o Wrzeszczu","publisher":{"@id":"https:\/\/jarekwasielewski.pl\/zwrzeszcza\/#\/schema\/person\/807e6ca1f9fadc1945bd9ac746422589"},"potentialAction":[{"@type":"SearchAction","target":{"@type":"EntryPoint","urlTemplate":"https:\/\/jarekwasielewski.pl\/zwrzeszcza\/?s={search_term_string}"},"query-input":{"@type":"PropertyValueSpecification","valueRequired":true,"valueName":"search_term_string"}}],"inLanguage":"pl-PL"},{"@type":["Person","Organization"],"@id":"https:\/\/jarekwasielewski.pl\/zwrzeszcza\/#\/schema\/person\/807e6ca1f9fadc1945bd9ac746422589","name":"Jarek Wasielewski","image":{"@type":"ImageObject","inLanguage":"pl-PL","@id":"http:\/\/jarekwasielewski.pl\/zwrzeszcza\/wp-content\/uploads\/2021\/09\/jw.png","url":"http:\/\/jarekwasielewski.pl\/zwrzeszcza\/wp-content\/uploads\/2021\/09\/jw.png","contentUrl":"http:\/\/jarekwasielewski.pl\/zwrzeszcza\/wp-content\/uploads\/2021\/09\/jw.png","width":715,"height":630,"caption":"Jarek Wasielewski"},"logo":{"@id":"http:\/\/jarekwasielewski.pl\/zwrzeszcza\/wp-content\/uploads\/2021\/09\/jw.png"},"sameAs":["http:\/\/jarekwasielewski.pl\/zwrzeszcza"]},{"@type":"Person","@id":"https:\/\/jarekwasielewski.pl\/zwrzeszcza\/#\/schema\/person\/d2582ae2f5d0ea9c9154fd6e4bcb3976","name":"Jarek Wasielewski","image":{"@type":"ImageObject","inLanguage":"pl-PL","@id":"https:\/\/secure.gravatar.com\/avatar\/?s=96&d=mm&r=g","url":"https:\/\/secure.gravatar.com\/avatar\/?s=96&d=mm&r=g","contentUrl":"https:\/\/secure.gravatar.com\/avatar\/?s=96&d=mm&r=g","caption":"Jarek Wasielewski"}}]}},"_links":{"self":[{"href":"https:\/\/jarekwasielewski.pl\/zwrzeszcza\/wp-json\/wp\/v2\/posts\/54","targetHints":{"allow":["GET"]}}],"collection":[{"href":"https:\/\/jarekwasielewski.pl\/zwrzeszcza\/wp-json\/wp\/v2\/posts"}],"about":[{"href":"https:\/\/jarekwasielewski.pl\/zwrzeszcza\/wp-json\/wp\/v2\/types\/post"}],"author":[{"embeddable":true,"href":"https:\/\/jarekwasielewski.pl\/zwrzeszcza\/wp-json\/wp\/v2\/users\/2"}],"replies":[{"embeddable":true,"href":"https:\/\/jarekwasielewski.pl\/zwrzeszcza\/wp-json\/wp\/v2\/comments?post=54"}],"version-history":[{"count":0,"href":"https:\/\/jarekwasielewski.pl\/zwrzeszcza\/wp-json\/wp\/v2\/posts\/54\/revisions"}],"wp:featuredmedia":[{"embeddable":true,"href":"https:\/\/jarekwasielewski.pl\/zwrzeszcza\/wp-json\/wp\/v2\/media\/894"}],"wp:attachment":[{"href":"https:\/\/jarekwasielewski.pl\/zwrzeszcza\/wp-json\/wp\/v2\/media?parent=54"}],"wp:term":[{"taxonomy":"category","embeddable":true,"href":"https:\/\/jarekwasielewski.pl\/zwrzeszcza\/wp-json\/wp\/v2\/categories?post=54"},{"taxonomy":"post_tag","embeddable":true,"href":"https:\/\/jarekwasielewski.pl\/zwrzeszcza\/wp-json\/wp\/v2\/tags?post=54"}],"curies":[{"name":"wp","href":"https:\/\/api.w.org\/{rel}","templated":true}]}}