{"id":4837,"date":"2021-09-07T20:40:14","date_gmt":"2021-09-07T18:40:14","guid":{"rendered":"http:\/\/jarekwasielewski.pl\/zwrzeszcza\/?p=4837"},"modified":"2023-01-22T23:26:10","modified_gmt":"2023-01-22T22:26:10","slug":"centrum-chrzescijanskie-przy-leczkowa","status":"publish","type":"post","link":"https:\/\/jarekwasielewski.pl\/zwrzeszcza\/2021\/09\/centrum-chrzescijanskie-przy-leczkowa\/","title":{"rendered":"Centrum Chrze\u015bcija\u0144skie przy Leczkowa"},"content":{"rendered":"<p style=\"text-align: justify;\">W Gda\u0144sku buduje si\u0119 sporo i du\u017cej cz\u0119\u015bci tych inwestycji towarzysz\u0105 flesze i fanfary. Nie zawsze przek\u0142ada si\u0119 to na jako\u015b\u0107 architektoniczn\u0105 czy miastotw\u00f3rcz\u0105 efektu ko\u0144cowego, ale co zrobi\u0107. Tymczasem s\u0105 te\u017c inwestycje, z kt\u00f3rymi dzieje si\u0119 odwrotnie &#8211; s\u0105 ciekawe, r\u00f3wnie\u017c pod wzgl\u0119dem architektury, ale nigdzie o nich nie wyczytacie.<\/p>\n<p><!--more--><\/p>\n<p style=\"text-align: justify;\">Tak\u0105 inwestycj\u0105 jest realizowana od kilku miesi\u0119cy budowa przy ul. Konrada Leczkowa 27. C\u00f3\u017c to si\u0119 tam wydarza?<\/p>\n<div id=\"attachment_4844\" style=\"width: 810px\" class=\"wp-caption alignnone\"><a href=\"http:\/\/jarekwasielewski.pl\/zwrzeszcza\/wp-content\/uploads\/2021\/09\/wrzeszcz_leczkowa_zbor_budowa_sierpien_2021.jpg\" target=\"_blank\" rel=\"noopener\"><img loading=\"lazy\" decoding=\"async\" aria-describedby=\"caption-attachment-4844\" class=\"wp-image-4844\" src=\"http:\/\/jarekwasielewski.pl\/zwrzeszcza\/wp-content\/uploads\/2021\/09\/wrzeszcz_leczkowa_zbor_budowa_sierpien_2021-300x204.jpg\" alt=\"\" width=\"800\" height=\"543\" srcset=\"https:\/\/jarekwasielewski.pl\/zwrzeszcza\/wp-content\/uploads\/2021\/09\/wrzeszcz_leczkowa_zbor_budowa_sierpien_2021-300x204.jpg 300w, https:\/\/jarekwasielewski.pl\/zwrzeszcza\/wp-content\/uploads\/2021\/09\/wrzeszcz_leczkowa_zbor_budowa_sierpien_2021-1024x695.jpg 1024w, https:\/\/jarekwasielewski.pl\/zwrzeszcza\/wp-content\/uploads\/2021\/09\/wrzeszcz_leczkowa_zbor_budowa_sierpien_2021-768x521.jpg 768w, https:\/\/jarekwasielewski.pl\/zwrzeszcza\/wp-content\/uploads\/2021\/09\/wrzeszcz_leczkowa_zbor_budowa_sierpien_2021.jpg 1200w\" sizes=\"auto, (max-width: 800px) 100vw, 800px\" \/><\/a><p id=\"caption-attachment-4844\" class=\"wp-caption-text\">Budowa przy ul. Leczkowa 27 (facebook.com\/baptpl)<\/p><\/div>\n<p style=\"text-align: justify;\">Ot\u00f3\u017c od maja br. trwa budowa siedziby dla <b>Ko\u015bcio\u0142a Chrze\u015bcijan Baptyst\u00f3w, Drugiego Zboru w Gda\u0144sku<\/b>. Wsp\u00f3lnota ta istnieje <b>od ponad 20 lat<\/b>, pierwotnie dzia\u0142a\u0142a przy ul. Wyspia\u0144skiego 28, ale wraz ze wzrostem liczebno\u015bci zacz\u0119\u0142a w\u0142asne \u201ew\u0119dr\u00f3wki po <b>Wrzeszczu<\/b>\u201d (m.in. korzysta\u0142a z sali konferencyjnej w Manhattanie). Wznoszony budynek zaprojektowa\u0142 <b>Piotr Klecan<\/b> ze <a href=\"http:\/\/www.atelier-sa.com\/pl\/\" target=\"_blank\" rel=\"noopener\">Studia Architektonicznego Atelier<\/a>, absolwent Politechniki Gda\u0144skiej, kt\u00f3ry zreszt\u0105 mieszka\u0142 we Wrzeszczu. Powierzchnia u\u017cytkowa budowanego obiektu przekroczy 430m2; jego wymiary to 25 x 19 x 12 metr\u00f3w; <strong>wie\u017ca<\/strong> b\u0119dzie wysoka na <strong>15 m<\/strong>.<\/p>\n<p><a href=\"http:\/\/jarekwasielewski.pl\/zwrzeszcza\/wp-content\/uploads\/2021\/09\/wrzeszcz_leczkowa_zbor_wizualizacja_1.jpg\" target=\"_blank\" rel=\"noopener\"><img loading=\"lazy\" decoding=\"async\" class=\"alignnone wp-image-4839\" src=\"http:\/\/jarekwasielewski.pl\/zwrzeszcza\/wp-content\/uploads\/2021\/09\/wrzeszcz_leczkowa_zbor_wizualizacja_1-300x194.jpg\" alt=\"\" width=\"800\" height=\"516\" srcset=\"https:\/\/jarekwasielewski.pl\/zwrzeszcza\/wp-content\/uploads\/2021\/09\/wrzeszcz_leczkowa_zbor_wizualizacja_1-300x194.jpg 300w, https:\/\/jarekwasielewski.pl\/zwrzeszcza\/wp-content\/uploads\/2021\/09\/wrzeszcz_leczkowa_zbor_wizualizacja_1-1024x660.jpg 1024w, https:\/\/jarekwasielewski.pl\/zwrzeszcza\/wp-content\/uploads\/2021\/09\/wrzeszcz_leczkowa_zbor_wizualizacja_1-768x495.jpg 768w, https:\/\/jarekwasielewski.pl\/zwrzeszcza\/wp-content\/uploads\/2021\/09\/wrzeszcz_leczkowa_zbor_wizualizacja_1.jpg 1200w\" sizes=\"auto, (max-width: 800px) 100vw, 800px\" \/><\/a><\/p>\n<p style=\"text-align: justify;\">Nie wiem, jak Wam, ale mnie osobi\u015bcie projekt ten bardzo si\u0119 podoba. Jest i klasyczna ceg\u0142a, i nowoczesne przeszklenie, jest zachowana skala i proporcje. No i dach jest na swoim miejscu&#8230; \ud83d\ude09<\/p>\n<p style=\"text-align: justify;\">Jak poinformowa\u0142 mnie Pastor Adrian Str\u00f3\u017cek, w tym roku planowane jest osi\u0105gni\u0119cie stanu surowego zamkni\u0119tego, za\u015b <b>prace wyko\u0144czeniowe<\/b> &#8211; w <b>2022<\/b>. Wed\u0142ug s\u0142\u00f3w Pastora b\u0119dzie to nie tylko \u015bwi\u0105tynia, ale <b>budynek wielofunkcyjny<\/b>, s\u0142u\u017c\u0105cy <b>tak\u017ce lokalnej spo\u0142eczno\u015bci<\/b> niezwi\u0105zanej z ko\u015bcio\u0142em. To t\u0142umaczy nazw\u0119 powstaj\u0105cego obiektu \u2013 <strong>Centrum Chrze\u015bcija\u0144skie<\/strong>.<\/p>\n<p><a href=\"http:\/\/jarekwasielewski.pl\/zwrzeszcza\/wp-content\/uploads\/2021\/09\/wrzeszcz_leczkowa_zbor_wizualizacja_2.jpg\" target=\"_blank\" rel=\"noopener\"><img loading=\"lazy\" decoding=\"async\" class=\"alignnone wp-image-4841\" src=\"http:\/\/jarekwasielewski.pl\/zwrzeszcza\/wp-content\/uploads\/2021\/09\/wrzeszcz_leczkowa_zbor_wizualizacja_2-300x193.jpg\" alt=\"\" width=\"800\" height=\"514\" srcset=\"https:\/\/jarekwasielewski.pl\/zwrzeszcza\/wp-content\/uploads\/2021\/09\/wrzeszcz_leczkowa_zbor_wizualizacja_2-300x193.jpg 300w, https:\/\/jarekwasielewski.pl\/zwrzeszcza\/wp-content\/uploads\/2021\/09\/wrzeszcz_leczkowa_zbor_wizualizacja_2-1024x658.jpg 1024w, https:\/\/jarekwasielewski.pl\/zwrzeszcza\/wp-content\/uploads\/2021\/09\/wrzeszcz_leczkowa_zbor_wizualizacja_2-768x493.jpg 768w, https:\/\/jarekwasielewski.pl\/zwrzeszcza\/wp-content\/uploads\/2021\/09\/wrzeszcz_leczkowa_zbor_wizualizacja_2.jpg 1200w\" sizes=\"auto, (max-width: 800px) 100vw, 800px\" \/><\/a><\/p>\n<p><a href=\"http:\/\/jarekwasielewski.pl\/zwrzeszcza\/wp-content\/uploads\/2021\/09\/wrzeszcz_leczkowa_zbor_wizualizacja_3.jpg\" target=\"_blank\" rel=\"noopener\"><img loading=\"lazy\" decoding=\"async\" class=\"alignnone wp-image-4842\" src=\"http:\/\/jarekwasielewski.pl\/zwrzeszcza\/wp-content\/uploads\/2021\/09\/wrzeszcz_leczkowa_zbor_wizualizacja_3-300x192.jpg\" alt=\"\" width=\"800\" height=\"513\" srcset=\"https:\/\/jarekwasielewski.pl\/zwrzeszcza\/wp-content\/uploads\/2021\/09\/wrzeszcz_leczkowa_zbor_wizualizacja_3-300x192.jpg 300w, https:\/\/jarekwasielewski.pl\/zwrzeszcza\/wp-content\/uploads\/2021\/09\/wrzeszcz_leczkowa_zbor_wizualizacja_3-1024x656.jpg 1024w, https:\/\/jarekwasielewski.pl\/zwrzeszcza\/wp-content\/uploads\/2021\/09\/wrzeszcz_leczkowa_zbor_wizualizacja_3-768x492.jpg 768w, https:\/\/jarekwasielewski.pl\/zwrzeszcza\/wp-content\/uploads\/2021\/09\/wrzeszcz_leczkowa_zbor_wizualizacja_3.jpg 1200w\" sizes=\"auto, (max-width: 800px) 100vw, 800px\" \/><\/a><\/p>\n<p style=\"text-align: justify;\">Post\u0119py prac mo\u017cna \u015bledzi\u0107 na <a href=\"https:\/\/www.facebook.com\/baptpl\/\" target=\"_blank\" rel=\"noopener\">fejsbukowym profilu Ko\u015bcio\u0142a<\/a>.<\/p>\n<p>Ja osobi\u015bcie trzymam za ten obiekt kciuki \ud83d\ude42<\/p>\n","protected":false},"excerpt":{"rendered":"<p>W Gda\u0144sku buduje si\u0119 sporo i du\u017cej cz\u0119\u015bci tych inwestycji towarzysz\u0105 flesze i fanfary. Nie zawsze przek\u0142ada si\u0119 to na jako\u015b\u0107 architektoniczn\u0105 czy miastotw\u00f3rcz\u0105 efektu ko\u0144cowego, ale co zrobi\u0107. Tymczasem s\u0105 te\u017c inwestycje, z kt\u00f3rymi dzieje si\u0119 odwrotnie &#8211; s\u0105 ciekawe, r\u00f3wnie\u017c pod wzgl\u0119dem architektury, ale nigdzie o nich nie wyczytacie.<\/p>\n","protected":false},"author":1,"featured_media":4839,"comment_status":"open","ping_status":"open","sticky":false,"template":"","format":"standard","meta":{"ngg_post_thumbnail":0,"footnotes":""},"categories":[3,8],"tags":[],"class_list":["post-4837","post","type-post","status-publish","format-standard","has-post-thumbnail","hentry","category-aktualnosci","category-wszystkie"],"yoast_head":"<!-- This site is optimized with the Yoast SEO plugin v27.3 - https:\/\/yoast.com\/product\/yoast-seo-wordpress\/ -->\n<title>Centrum Chrze\u015bcija\u0144skie przy Leczkowa - Wrzeszcz Jarka Wasielewskiego<\/title>\n<meta name=\"robots\" content=\"index, follow, max-snippet:-1, max-image-preview:large, max-video-preview:-1\" \/>\n<link rel=\"canonical\" href=\"https:\/\/jarekwasielewski.pl\/zwrzeszcza\/2021\/09\/centrum-chrzescijanskie-przy-leczkowa\/\" \/>\n<meta property=\"og:locale\" content=\"pl_PL\" \/>\n<meta property=\"og:type\" content=\"article\" \/>\n<meta property=\"og:title\" content=\"Centrum Chrze\u015bcija\u0144skie przy Leczkowa - Wrzeszcz Jarka Wasielewskiego\" \/>\n<meta property=\"og:description\" content=\"W Gda\u0144sku buduje si\u0119 sporo i du\u017cej cz\u0119\u015bci tych inwestycji towarzysz\u0105 flesze i fanfary. Nie zawsze przek\u0142ada si\u0119 to na jako\u015b\u0107 architektoniczn\u0105 czy miastotw\u00f3rcz\u0105 efektu ko\u0144cowego, ale co zrobi\u0107. Tymczasem s\u0105 te\u017c inwestycje, z kt\u00f3rymi dzieje si\u0119 odwrotnie &#8211; s\u0105 ciekawe, r\u00f3wnie\u017c pod wzgl\u0119dem architektury, ale nigdzie o nich nie wyczytacie.\" \/>\n<meta property=\"og:url\" content=\"https:\/\/jarekwasielewski.pl\/zwrzeszcza\/2021\/09\/centrum-chrzescijanskie-przy-leczkowa\/\" \/>\n<meta property=\"og:site_name\" content=\"Wrzeszcz Jarka Wasielewskiego\" \/>\n<meta property=\"article:published_time\" content=\"2021-09-07T18:40:14+00:00\" \/>\n<meta property=\"article:modified_time\" content=\"2023-01-22T22:26:10+00:00\" \/>\n<meta property=\"og:image\" content=\"https:\/\/jarekwasielewski.pl\/zwrzeszcza\/wp-content\/uploads\/2021\/09\/wrzeszcz_leczkowa_zbor_wizualizacja_1.jpg\" \/>\n\t<meta property=\"og:image:width\" content=\"1200\" \/>\n\t<meta property=\"og:image:height\" content=\"774\" \/>\n\t<meta property=\"og:image:type\" content=\"image\/jpeg\" \/>\n<meta name=\"author\" content=\"Jarek Wasielewski\" \/>\n<meta name=\"twitter:card\" content=\"summary_large_image\" \/>\n<meta name=\"twitter:label1\" content=\"Napisane przez\" \/>\n\t<meta name=\"twitter:data1\" content=\"Jarek Wasielewski\" \/>\n\t<meta name=\"twitter:label2\" content=\"Szacowany czas czytania\" \/>\n\t<meta name=\"twitter:data2\" content=\"2 minuty\" \/>\n<script type=\"application\/ld+json\" class=\"yoast-schema-graph\">{\"@context\":\"https:\\\/\\\/schema.org\",\"@graph\":[{\"@type\":\"Article\",\"@id\":\"https:\\\/\\\/jarekwasielewski.pl\\\/zwrzeszcza\\\/2021\\\/09\\\/centrum-chrzescijanskie-przy-leczkowa\\\/#article\",\"isPartOf\":{\"@id\":\"https:\\\/\\\/jarekwasielewski.pl\\\/zwrzeszcza\\\/2021\\\/09\\\/centrum-chrzescijanskie-przy-leczkowa\\\/\"},\"author\":{\"name\":\"Jarek Wasielewski\",\"@id\":\"https:\\\/\\\/jarekwasielewski.pl\\\/zwrzeszcza\\\/#\\\/schema\\\/person\\\/807e6ca1f9fadc1945bd9ac746422589\"},\"headline\":\"Centrum Chrze\u015bcija\u0144skie przy Leczkowa\",\"datePublished\":\"2021-09-07T18:40:14+00:00\",\"dateModified\":\"2023-01-22T22:26:10+00:00\",\"mainEntityOfPage\":{\"@id\":\"https:\\\/\\\/jarekwasielewski.pl\\\/zwrzeszcza\\\/2021\\\/09\\\/centrum-chrzescijanskie-przy-leczkowa\\\/\"},\"wordCount\":316,\"commentCount\":2,\"publisher\":{\"@id\":\"https:\\\/\\\/jarekwasielewski.pl\\\/zwrzeszcza\\\/#\\\/schema\\\/person\\\/807e6ca1f9fadc1945bd9ac746422589\"},\"image\":{\"@id\":\"https:\\\/\\\/jarekwasielewski.pl\\\/zwrzeszcza\\\/2021\\\/09\\\/centrum-chrzescijanskie-przy-leczkowa\\\/#primaryimage\"},\"thumbnailUrl\":\"https:\\\/\\\/jarekwasielewski.pl\\\/zwrzeszcza\\\/wp-content\\\/uploads\\\/2021\\\/09\\\/wrzeszcz_leczkowa_zbor_wizualizacja_1.jpg\",\"articleSection\":[\"Aktualno\u015bci\",\"Wszystkie\"],\"inLanguage\":\"pl-PL\",\"potentialAction\":[{\"@type\":\"CommentAction\",\"name\":\"Comment\",\"target\":[\"https:\\\/\\\/jarekwasielewski.pl\\\/zwrzeszcza\\\/2021\\\/09\\\/centrum-chrzescijanskie-przy-leczkowa\\\/#respond\"]}]},{\"@type\":\"WebPage\",\"@id\":\"https:\\\/\\\/jarekwasielewski.pl\\\/zwrzeszcza\\\/2021\\\/09\\\/centrum-chrzescijanskie-przy-leczkowa\\\/\",\"url\":\"https:\\\/\\\/jarekwasielewski.pl\\\/zwrzeszcza\\\/2021\\\/09\\\/centrum-chrzescijanskie-przy-leczkowa\\\/\",\"name\":\"Centrum Chrze\u015bcija\u0144skie przy Leczkowa - Wrzeszcz Jarka Wasielewskiego\",\"isPartOf\":{\"@id\":\"https:\\\/\\\/jarekwasielewski.pl\\\/zwrzeszcza\\\/#website\"},\"primaryImageOfPage\":{\"@id\":\"https:\\\/\\\/jarekwasielewski.pl\\\/zwrzeszcza\\\/2021\\\/09\\\/centrum-chrzescijanskie-przy-leczkowa\\\/#primaryimage\"},\"image\":{\"@id\":\"https:\\\/\\\/jarekwasielewski.pl\\\/zwrzeszcza\\\/2021\\\/09\\\/centrum-chrzescijanskie-przy-leczkowa\\\/#primaryimage\"},\"thumbnailUrl\":\"https:\\\/\\\/jarekwasielewski.pl\\\/zwrzeszcza\\\/wp-content\\\/uploads\\\/2021\\\/09\\\/wrzeszcz_leczkowa_zbor_wizualizacja_1.jpg\",\"datePublished\":\"2021-09-07T18:40:14+00:00\",\"dateModified\":\"2023-01-22T22:26:10+00:00\",\"breadcrumb\":{\"@id\":\"https:\\\/\\\/jarekwasielewski.pl\\\/zwrzeszcza\\\/2021\\\/09\\\/centrum-chrzescijanskie-przy-leczkowa\\\/#breadcrumb\"},\"inLanguage\":\"pl-PL\",\"potentialAction\":[{\"@type\":\"ReadAction\",\"target\":[\"https:\\\/\\\/jarekwasielewski.pl\\\/zwrzeszcza\\\/2021\\\/09\\\/centrum-chrzescijanskie-przy-leczkowa\\\/\"]}]},{\"@type\":\"ImageObject\",\"inLanguage\":\"pl-PL\",\"@id\":\"https:\\\/\\\/jarekwasielewski.pl\\\/zwrzeszcza\\\/2021\\\/09\\\/centrum-chrzescijanskie-przy-leczkowa\\\/#primaryimage\",\"url\":\"https:\\\/\\\/jarekwasielewski.pl\\\/zwrzeszcza\\\/wp-content\\\/uploads\\\/2021\\\/09\\\/wrzeszcz_leczkowa_zbor_wizualizacja_1.jpg\",\"contentUrl\":\"https:\\\/\\\/jarekwasielewski.pl\\\/zwrzeszcza\\\/wp-content\\\/uploads\\\/2021\\\/09\\\/wrzeszcz_leczkowa_zbor_wizualizacja_1.jpg\",\"width\":1200,\"height\":774},{\"@type\":\"BreadcrumbList\",\"@id\":\"https:\\\/\\\/jarekwasielewski.pl\\\/zwrzeszcza\\\/2021\\\/09\\\/centrum-chrzescijanskie-przy-leczkowa\\\/#breadcrumb\",\"itemListElement\":[{\"@type\":\"ListItem\",\"position\":1,\"name\":\"Strona g\u0142\u00f3wna\",\"item\":\"https:\\\/\\\/jarekwasielewski.pl\\\/zwrzeszcza\\\/\"},{\"@type\":\"ListItem\",\"position\":2,\"name\":\"Centrum Chrze\u015bcija\u0144skie przy Leczkowa\"}]},{\"@type\":\"WebSite\",\"@id\":\"https:\\\/\\\/jarekwasielewski.pl\\\/zwrzeszcza\\\/#website\",\"url\":\"https:\\\/\\\/jarekwasielewski.pl\\\/zwrzeszcza\\\/\",\"name\":\"Wrzeszcza Jarka Wasielewskiego\",\"description\":\"Blog Jarka Wasielewskiego o Wrzeszczu\",\"publisher\":{\"@id\":\"https:\\\/\\\/jarekwasielewski.pl\\\/zwrzeszcza\\\/#\\\/schema\\\/person\\\/807e6ca1f9fadc1945bd9ac746422589\"},\"potentialAction\":[{\"@type\":\"SearchAction\",\"target\":{\"@type\":\"EntryPoint\",\"urlTemplate\":\"https:\\\/\\\/jarekwasielewski.pl\\\/zwrzeszcza\\\/?s={search_term_string}\"},\"query-input\":{\"@type\":\"PropertyValueSpecification\",\"valueRequired\":true,\"valueName\":\"search_term_string\"}}],\"inLanguage\":\"pl-PL\"},{\"@type\":[\"Person\",\"Organization\"],\"@id\":\"https:\\\/\\\/jarekwasielewski.pl\\\/zwrzeszcza\\\/#\\\/schema\\\/person\\\/807e6ca1f9fadc1945bd9ac746422589\",\"name\":\"Jarek Wasielewski\",\"image\":{\"@type\":\"ImageObject\",\"inLanguage\":\"pl-PL\",\"@id\":\"http:\\\/\\\/jarekwasielewski.pl\\\/zwrzeszcza\\\/wp-content\\\/uploads\\\/2021\\\/09\\\/jw.png\",\"url\":\"http:\\\/\\\/jarekwasielewski.pl\\\/zwrzeszcza\\\/wp-content\\\/uploads\\\/2021\\\/09\\\/jw.png\",\"contentUrl\":\"http:\\\/\\\/jarekwasielewski.pl\\\/zwrzeszcza\\\/wp-content\\\/uploads\\\/2021\\\/09\\\/jw.png\",\"width\":715,\"height\":630,\"caption\":\"Jarek Wasielewski\"},\"logo\":{\"@id\":\"http:\\\/\\\/jarekwasielewski.pl\\\/zwrzeszcza\\\/wp-content\\\/uploads\\\/2021\\\/09\\\/jw.png\"},\"sameAs\":[\"http:\\\/\\\/jarekwasielewski.pl\\\/zwrzeszcza\"]}]}<\/script>\n<!-- \/ Yoast SEO plugin. -->","yoast_head_json":{"title":"Centrum Chrze\u015bcija\u0144skie przy Leczkowa - Wrzeszcz Jarka Wasielewskiego","robots":{"index":"index","follow":"follow","max-snippet":"max-snippet:-1","max-image-preview":"max-image-preview:large","max-video-preview":"max-video-preview:-1"},"canonical":"https:\/\/jarekwasielewski.pl\/zwrzeszcza\/2021\/09\/centrum-chrzescijanskie-przy-leczkowa\/","og_locale":"pl_PL","og_type":"article","og_title":"Centrum Chrze\u015bcija\u0144skie przy Leczkowa - Wrzeszcz Jarka Wasielewskiego","og_description":"W Gda\u0144sku buduje si\u0119 sporo i du\u017cej cz\u0119\u015bci tych inwestycji towarzysz\u0105 flesze i fanfary. Nie zawsze przek\u0142ada si\u0119 to na jako\u015b\u0107 architektoniczn\u0105 czy miastotw\u00f3rcz\u0105 efektu ko\u0144cowego, ale co zrobi\u0107. Tymczasem s\u0105 te\u017c inwestycje, z kt\u00f3rymi dzieje si\u0119 odwrotnie &#8211; s\u0105 ciekawe, r\u00f3wnie\u017c pod wzgl\u0119dem architektury, ale nigdzie o nich nie wyczytacie.","og_url":"https:\/\/jarekwasielewski.pl\/zwrzeszcza\/2021\/09\/centrum-chrzescijanskie-przy-leczkowa\/","og_site_name":"Wrzeszcz Jarka Wasielewskiego","article_published_time":"2021-09-07T18:40:14+00:00","article_modified_time":"2023-01-22T22:26:10+00:00","og_image":[{"width":1200,"height":774,"url":"https:\/\/jarekwasielewski.pl\/zwrzeszcza\/wp-content\/uploads\/2021\/09\/wrzeszcz_leczkowa_zbor_wizualizacja_1.jpg","type":"image\/jpeg"}],"author":"Jarek Wasielewski","twitter_card":"summary_large_image","twitter_misc":{"Napisane przez":"Jarek Wasielewski","Szacowany czas czytania":"2 minuty"},"schema":{"@context":"https:\/\/schema.org","@graph":[{"@type":"Article","@id":"https:\/\/jarekwasielewski.pl\/zwrzeszcza\/2021\/09\/centrum-chrzescijanskie-przy-leczkowa\/#article","isPartOf":{"@id":"https:\/\/jarekwasielewski.pl\/zwrzeszcza\/2021\/09\/centrum-chrzescijanskie-przy-leczkowa\/"},"author":{"name":"Jarek Wasielewski","@id":"https:\/\/jarekwasielewski.pl\/zwrzeszcza\/#\/schema\/person\/807e6ca1f9fadc1945bd9ac746422589"},"headline":"Centrum Chrze\u015bcija\u0144skie przy Leczkowa","datePublished":"2021-09-07T18:40:14+00:00","dateModified":"2023-01-22T22:26:10+00:00","mainEntityOfPage":{"@id":"https:\/\/jarekwasielewski.pl\/zwrzeszcza\/2021\/09\/centrum-chrzescijanskie-przy-leczkowa\/"},"wordCount":316,"commentCount":2,"publisher":{"@id":"https:\/\/jarekwasielewski.pl\/zwrzeszcza\/#\/schema\/person\/807e6ca1f9fadc1945bd9ac746422589"},"image":{"@id":"https:\/\/jarekwasielewski.pl\/zwrzeszcza\/2021\/09\/centrum-chrzescijanskie-przy-leczkowa\/#primaryimage"},"thumbnailUrl":"https:\/\/jarekwasielewski.pl\/zwrzeszcza\/wp-content\/uploads\/2021\/09\/wrzeszcz_leczkowa_zbor_wizualizacja_1.jpg","articleSection":["Aktualno\u015bci","Wszystkie"],"inLanguage":"pl-PL","potentialAction":[{"@type":"CommentAction","name":"Comment","target":["https:\/\/jarekwasielewski.pl\/zwrzeszcza\/2021\/09\/centrum-chrzescijanskie-przy-leczkowa\/#respond"]}]},{"@type":"WebPage","@id":"https:\/\/jarekwasielewski.pl\/zwrzeszcza\/2021\/09\/centrum-chrzescijanskie-przy-leczkowa\/","url":"https:\/\/jarekwasielewski.pl\/zwrzeszcza\/2021\/09\/centrum-chrzescijanskie-przy-leczkowa\/","name":"Centrum Chrze\u015bcija\u0144skie przy Leczkowa - Wrzeszcz Jarka Wasielewskiego","isPartOf":{"@id":"https:\/\/jarekwasielewski.pl\/zwrzeszcza\/#website"},"primaryImageOfPage":{"@id":"https:\/\/jarekwasielewski.pl\/zwrzeszcza\/2021\/09\/centrum-chrzescijanskie-przy-leczkowa\/#primaryimage"},"image":{"@id":"https:\/\/jarekwasielewski.pl\/zwrzeszcza\/2021\/09\/centrum-chrzescijanskie-przy-leczkowa\/#primaryimage"},"thumbnailUrl":"https:\/\/jarekwasielewski.pl\/zwrzeszcza\/wp-content\/uploads\/2021\/09\/wrzeszcz_leczkowa_zbor_wizualizacja_1.jpg","datePublished":"2021-09-07T18:40:14+00:00","dateModified":"2023-01-22T22:26:10+00:00","breadcrumb":{"@id":"https:\/\/jarekwasielewski.pl\/zwrzeszcza\/2021\/09\/centrum-chrzescijanskie-przy-leczkowa\/#breadcrumb"},"inLanguage":"pl-PL","potentialAction":[{"@type":"ReadAction","target":["https:\/\/jarekwasielewski.pl\/zwrzeszcza\/2021\/09\/centrum-chrzescijanskie-przy-leczkowa\/"]}]},{"@type":"ImageObject","inLanguage":"pl-PL","@id":"https:\/\/jarekwasielewski.pl\/zwrzeszcza\/2021\/09\/centrum-chrzescijanskie-przy-leczkowa\/#primaryimage","url":"https:\/\/jarekwasielewski.pl\/zwrzeszcza\/wp-content\/uploads\/2021\/09\/wrzeszcz_leczkowa_zbor_wizualizacja_1.jpg","contentUrl":"https:\/\/jarekwasielewski.pl\/zwrzeszcza\/wp-content\/uploads\/2021\/09\/wrzeszcz_leczkowa_zbor_wizualizacja_1.jpg","width":1200,"height":774},{"@type":"BreadcrumbList","@id":"https:\/\/jarekwasielewski.pl\/zwrzeszcza\/2021\/09\/centrum-chrzescijanskie-przy-leczkowa\/#breadcrumb","itemListElement":[{"@type":"ListItem","position":1,"name":"Strona g\u0142\u00f3wna","item":"https:\/\/jarekwasielewski.pl\/zwrzeszcza\/"},{"@type":"ListItem","position":2,"name":"Centrum Chrze\u015bcija\u0144skie przy Leczkowa"}]},{"@type":"WebSite","@id":"https:\/\/jarekwasielewski.pl\/zwrzeszcza\/#website","url":"https:\/\/jarekwasielewski.pl\/zwrzeszcza\/","name":"Wrzeszcza Jarka Wasielewskiego","description":"Blog Jarka Wasielewskiego o Wrzeszczu","publisher":{"@id":"https:\/\/jarekwasielewski.pl\/zwrzeszcza\/#\/schema\/person\/807e6ca1f9fadc1945bd9ac746422589"},"potentialAction":[{"@type":"SearchAction","target":{"@type":"EntryPoint","urlTemplate":"https:\/\/jarekwasielewski.pl\/zwrzeszcza\/?s={search_term_string}"},"query-input":{"@type":"PropertyValueSpecification","valueRequired":true,"valueName":"search_term_string"}}],"inLanguage":"pl-PL"},{"@type":["Person","Organization"],"@id":"https:\/\/jarekwasielewski.pl\/zwrzeszcza\/#\/schema\/person\/807e6ca1f9fadc1945bd9ac746422589","name":"Jarek Wasielewski","image":{"@type":"ImageObject","inLanguage":"pl-PL","@id":"http:\/\/jarekwasielewski.pl\/zwrzeszcza\/wp-content\/uploads\/2021\/09\/jw.png","url":"http:\/\/jarekwasielewski.pl\/zwrzeszcza\/wp-content\/uploads\/2021\/09\/jw.png","contentUrl":"http:\/\/jarekwasielewski.pl\/zwrzeszcza\/wp-content\/uploads\/2021\/09\/jw.png","width":715,"height":630,"caption":"Jarek Wasielewski"},"logo":{"@id":"http:\/\/jarekwasielewski.pl\/zwrzeszcza\/wp-content\/uploads\/2021\/09\/jw.png"},"sameAs":["http:\/\/jarekwasielewski.pl\/zwrzeszcza"]}]}},"_links":{"self":[{"href":"https:\/\/jarekwasielewski.pl\/zwrzeszcza\/wp-json\/wp\/v2\/posts\/4837","targetHints":{"allow":["GET"]}}],"collection":[{"href":"https:\/\/jarekwasielewski.pl\/zwrzeszcza\/wp-json\/wp\/v2\/posts"}],"about":[{"href":"https:\/\/jarekwasielewski.pl\/zwrzeszcza\/wp-json\/wp\/v2\/types\/post"}],"author":[{"embeddable":true,"href":"https:\/\/jarekwasielewski.pl\/zwrzeszcza\/wp-json\/wp\/v2\/users\/1"}],"replies":[{"embeddable":true,"href":"https:\/\/jarekwasielewski.pl\/zwrzeszcza\/wp-json\/wp\/v2\/comments?post=4837"}],"version-history":[{"count":0,"href":"https:\/\/jarekwasielewski.pl\/zwrzeszcza\/wp-json\/wp\/v2\/posts\/4837\/revisions"}],"wp:featuredmedia":[{"embeddable":true,"href":"https:\/\/jarekwasielewski.pl\/zwrzeszcza\/wp-json\/wp\/v2\/media\/4839"}],"wp:attachment":[{"href":"https:\/\/jarekwasielewski.pl\/zwrzeszcza\/wp-json\/wp\/v2\/media?parent=4837"}],"wp:term":[{"taxonomy":"category","embeddable":true,"href":"https:\/\/jarekwasielewski.pl\/zwrzeszcza\/wp-json\/wp\/v2\/categories?post=4837"},{"taxonomy":"post_tag","embeddable":true,"href":"https:\/\/jarekwasielewski.pl\/zwrzeszcza\/wp-json\/wp\/v2\/tags?post=4837"}],"curies":[{"name":"wp","href":"https:\/\/api.w.org\/{rel}","templated":true}]}}