{"id":4641,"date":"2021-05-04T10:00:31","date_gmt":"2021-05-04T08:00:31","guid":{"rendered":"http:\/\/jarekwasielewski.pl\/zwrzeszcza\/?p=4641"},"modified":"2023-11-13T12:44:45","modified_gmt":"2023-11-13T11:44:45","slug":"blok-mieszkalny-z-1930-przy-ul-mickiewicza","status":"publish","type":"post","link":"https:\/\/jarekwasielewski.pl\/zwrzeszcza\/2021\/05\/blok-mieszkalny-z-1930-przy-ul-mickiewicza\/","title":{"rendered":"Blok mieszkalny z 1930 przy ul. Mickiewicza"},"content":{"rendered":"<p style=\"text-align: justify;\">W latach Wolnego Miasta Gda\u0144ska (1920-1939) Dolny Wrzeszcz by\u0142 wielkim placem budowy. Nowe bloki, kamienice i pojedyncze domy stawia\u0142y zar\u00f3wno sp\u00f3\u0142dzielnie mieszkaniowe, w\u0142adze miejskie, jak i prywatni inwestorzy.<\/p>\n<p><!--more--><\/p>\n<p style=\"text-align: justify;\">Zabudowywano kwarta\u0142y przy nowowytyczanych ulicach, ale tak\u017ce puste parcele przy tych ju\u017c istniej\u0105cych. Jedn\u0105 z takich inwestycji by\u0142a budowa przy dzisiejszej ul. Adama Mickiewicza, w\u00f3wczas <em>B\u00e4renweg.<\/em><\/p>\n<p style=\"text-align: justify;\">Wkr\u00f3tce po oddaniu <a href=\"http:\/\/jarekwasielewski.pl\/zwrzeszcza\/2014\/06\/poczta-przy-ul-mickiewicza-na-sprzedaz\/\">charakterystycznego ceglanego budynku poczty<\/a>, po drugiej stronie ulicy, na rogu z ul. Zbyszka z Bogda\u0144ca (w\u00f3wczas <em>Westerzeile)<\/em> powsta\u0142 nowoczesny blok mieszkalny (dzisiejszy adres: ul. Mickiewicza 8-14).<\/p>\n<div id=\"attachment_4664\" style=\"width: 506px\" class=\"wp-caption aligncenter\"><a href=\"http:\/\/jarekwasielewski.pl\/zwrzeszcza\/wp-content\/uploads\/2021\/04\/wrzeszcz_mickiewicza_dsz_9_1930.jpg\" target=\"_blank\" rel=\"noopener\"><img loading=\"lazy\" decoding=\"async\" aria-describedby=\"caption-attachment-4664\" class=\"wp-image-4664\" src=\"http:\/\/jarekwasielewski.pl\/zwrzeszcza\/wp-content\/uploads\/2021\/04\/wrzeszcz_mickiewicza_dsz_9_1930-300x192.jpg\" alt=\"\" width=\"500\" height=\"320\" srcset=\"https:\/\/jarekwasielewski.pl\/zwrzeszcza\/wp-content\/uploads\/2021\/04\/wrzeszcz_mickiewicza_dsz_9_1930-300x192.jpg 300w, https:\/\/jarekwasielewski.pl\/zwrzeszcza\/wp-content\/uploads\/2021\/04\/wrzeszcz_mickiewicza_dsz_9_1930-768x491.jpg 768w, https:\/\/jarekwasielewski.pl\/zwrzeszcza\/wp-content\/uploads\/2021\/04\/wrzeszcz_mickiewicza_dsz_9_1930.jpg 996w\" sizes=\"auto, (max-width: 500px) 100vw, 500px\" \/><\/a><p id=\"caption-attachment-4664\" class=\"wp-caption-text\">\u017ar\u00f3d\u0142o: <em>Danziger Sonntags Zeitung<\/em> 9\/1930<\/p><\/div>\n<p style=\"text-align: justify;\">Na zlecenie brze\u017anie\u0144skiego fabrykanta Reinholda Brambacha (<em>Dampfs\u00e4gewerk Brambach und Sohn<\/em> \u2013 tartak parowy i wytw\u00f3rnia tarcicy) firma Reinharda Patzwaldta z Brze\u017ana zbudowa\u0142a czteroklatkowy budynek z 42 mieszkaniami dwupokojowymi, ka\u017cde z du\u017c\u0105 o\u015bwietlon\u0105 kuchni\u0105, \u0142azienk\u0105 oraz w\u0142asnym ogrzewaniem. Naro\u017cne mieszkania wyposa\u017cono w spore loggie, podkre\u015blaj\u0105c w ten spos\u00f3b naro\u017cny charakter budynku. Na parterze budynku z kolei zlokalizowano cztery sklepy, w tym piekarni\u0119 i sklep mi\u0119sny.<\/p>\n<div id=\"attachment_4661\" style=\"width: 406px\" class=\"wp-caption aligncenter\"><img loading=\"lazy\" decoding=\"async\" aria-describedby=\"caption-attachment-4661\" class=\"wp-image-4661\" src=\"http:\/\/jarekwasielewski.pl\/zwrzeszcza\/wp-content\/uploads\/2021\/04\/rpatzwaldt_adresbuch_1931-300x133.jpg\" alt=\"\" width=\"400\" height=\"177\" srcset=\"https:\/\/jarekwasielewski.pl\/zwrzeszcza\/wp-content\/uploads\/2021\/04\/rpatzwaldt_adresbuch_1931-300x133.jpg 300w, https:\/\/jarekwasielewski.pl\/zwrzeszcza\/wp-content\/uploads\/2021\/04\/rpatzwaldt_adresbuch_1931.jpg 681w\" sizes=\"auto, (max-width: 400px) 100vw, 400px\" \/><p id=\"caption-attachment-4661\" class=\"wp-caption-text\">Reklama firmy budowlanej Patzwaldta w ksi\u0119dze adresowej Gda\u0144ska z 1931<\/p><\/div>\n<p style=\"text-align: justify;\">Budynek oddano do u\u017cytku pod koniec marca 1930 roku. Prasa zwraca\u0142a uwag\u0119 na kolorow\u0105 elewacj\u0119, ale niestety z czarno-bia\u0142ego zdj\u0119cia trudno si\u0119 jej domy\u015bli\u0107.<\/p>\n<p>Budynek zosta\u0142 zniszczony podczas wojny:<\/p>\n<div id=\"attachment_4689\" style=\"width: 487px\" class=\"wp-caption alignnone\"><a href=\"http:\/\/jarekwasielewski.pl\/zwrzeszcza\/wp-content\/uploads\/2021\/05\/wrzeszcz_mickiewicza_zniszczenia_wojenne.jpg\" target=\"_blank\" rel=\"noopener\"><img loading=\"lazy\" decoding=\"async\" aria-describedby=\"caption-attachment-4689\" class=\"wp-image-4689 \" src=\"http:\/\/jarekwasielewski.pl\/zwrzeszcza\/wp-content\/uploads\/2021\/05\/wrzeszcz_mickiewicza_zniszczenia_wojenne.jpg\" alt=\"\" width=\"481\" height=\"531\" srcset=\"https:\/\/jarekwasielewski.pl\/zwrzeszcza\/wp-content\/uploads\/2021\/05\/wrzeszcz_mickiewicza_zniszczenia_wojenne.jpg 726w, https:\/\/jarekwasielewski.pl\/zwrzeszcza\/wp-content\/uploads\/2021\/05\/wrzeszcz_mickiewicza_zniszczenia_wojenne-272x300.jpg 272w\" sizes=\"auto, (max-width: 481px) 100vw, 481px\" \/><\/a><p id=\"caption-attachment-4689\" class=\"wp-caption-text\">Ulica Mickiewicza w 1947 roku (zbiory prywatne)<\/p><\/div>\n<p style=\"text-align: justify;\">Podczas jego odbudowy zabudowano loggie, dzi\u0119ki czemu zwi\u0119kszono powierzchnie mieszka\u0144.<\/p>\n","protected":false},"excerpt":{"rendered":"<p>W latach Wolnego Miasta Gda\u0144ska (1920-1939) Dolny Wrzeszcz by\u0142 wielkim placem budowy. Nowe bloki, kamienice i pojedyncze domy stawia\u0142y zar\u00f3wno sp\u00f3\u0142dzielnie mieszkaniowe, w\u0142adze miejskie, jak i prywatni inwestorzy.<\/p>\n","protected":false},"author":1,"featured_media":4664,"comment_status":"open","ping_status":"open","sticky":false,"template":"","format":"standard","meta":{"ngg_post_thumbnail":0,"footnotes":""},"categories":[7,8],"tags":[],"class_list":["post-4641","post","type-post","status-publish","format-standard","has-post-thumbnail","hentry","category-przed-1945","category-wszystkie"],"yoast_head":"<!-- This site is optimized with the Yoast SEO plugin v27.3 - https:\/\/yoast.com\/product\/yoast-seo-wordpress\/ -->\n<title>Blok mieszkalny z 1930 przy ul. Mickiewicza - Wrzeszcz Jarka Wasielewskiego<\/title>\n<meta name=\"robots\" content=\"index, follow, max-snippet:-1, max-image-preview:large, max-video-preview:-1\" \/>\n<link rel=\"canonical\" href=\"https:\/\/jarekwasielewski.pl\/zwrzeszcza\/2021\/05\/blok-mieszkalny-z-1930-przy-ul-mickiewicza\/\" \/>\n<meta property=\"og:locale\" content=\"pl_PL\" \/>\n<meta property=\"og:type\" content=\"article\" \/>\n<meta property=\"og:title\" content=\"Blok mieszkalny z 1930 przy ul. Mickiewicza - Wrzeszcz Jarka Wasielewskiego\" \/>\n<meta property=\"og:description\" content=\"W latach Wolnego Miasta Gda\u0144ska (1920-1939) Dolny Wrzeszcz by\u0142 wielkim placem budowy. Nowe bloki, kamienice i pojedyncze domy stawia\u0142y zar\u00f3wno sp\u00f3\u0142dzielnie mieszkaniowe, w\u0142adze miejskie, jak i prywatni inwestorzy.\" \/>\n<meta property=\"og:url\" content=\"https:\/\/jarekwasielewski.pl\/zwrzeszcza\/2021\/05\/blok-mieszkalny-z-1930-przy-ul-mickiewicza\/\" \/>\n<meta property=\"og:site_name\" content=\"Wrzeszcz Jarka Wasielewskiego\" \/>\n<meta property=\"article:published_time\" content=\"2021-05-04T08:00:31+00:00\" \/>\n<meta property=\"article:modified_time\" content=\"2023-11-13T11:44:45+00:00\" \/>\n<meta property=\"og:image\" content=\"https:\/\/jarekwasielewski.pl\/zwrzeszcza\/wp-content\/uploads\/2021\/04\/wrzeszcz_mickiewicza_dsz_9_1930.jpg\" \/>\n\t<meta property=\"og:image:width\" content=\"996\" \/>\n\t<meta property=\"og:image:height\" content=\"637\" \/>\n\t<meta property=\"og:image:type\" content=\"image\/jpeg\" \/>\n<meta name=\"author\" content=\"Jarek Wasielewski\" \/>\n<meta name=\"twitter:card\" content=\"summary_large_image\" \/>\n<meta name=\"twitter:label1\" content=\"Napisane przez\" \/>\n\t<meta name=\"twitter:data1\" content=\"Jarek Wasielewski\" \/>\n\t<meta name=\"twitter:label2\" content=\"Szacowany czas czytania\" \/>\n\t<meta name=\"twitter:data2\" content=\"2 minuty\" \/>\n<script type=\"application\/ld+json\" class=\"yoast-schema-graph\">{\"@context\":\"https:\\\/\\\/schema.org\",\"@graph\":[{\"@type\":\"Article\",\"@id\":\"https:\\\/\\\/jarekwasielewski.pl\\\/zwrzeszcza\\\/2021\\\/05\\\/blok-mieszkalny-z-1930-przy-ul-mickiewicza\\\/#article\",\"isPartOf\":{\"@id\":\"https:\\\/\\\/jarekwasielewski.pl\\\/zwrzeszcza\\\/2021\\\/05\\\/blok-mieszkalny-z-1930-przy-ul-mickiewicza\\\/\"},\"author\":{\"name\":\"Jarek Wasielewski\",\"@id\":\"https:\\\/\\\/jarekwasielewski.pl\\\/zwrzeszcza\\\/#\\\/schema\\\/person\\\/807e6ca1f9fadc1945bd9ac746422589\"},\"headline\":\"Blok mieszkalny z 1930 przy ul. Mickiewicza\",\"datePublished\":\"2021-05-04T08:00:31+00:00\",\"dateModified\":\"2023-11-13T11:44:45+00:00\",\"mainEntityOfPage\":{\"@id\":\"https:\\\/\\\/jarekwasielewski.pl\\\/zwrzeszcza\\\/2021\\\/05\\\/blok-mieszkalny-z-1930-przy-ul-mickiewicza\\\/\"},\"wordCount\":270,\"commentCount\":2,\"publisher\":{\"@id\":\"https:\\\/\\\/jarekwasielewski.pl\\\/zwrzeszcza\\\/#\\\/schema\\\/person\\\/807e6ca1f9fadc1945bd9ac746422589\"},\"image\":{\"@id\":\"https:\\\/\\\/jarekwasielewski.pl\\\/zwrzeszcza\\\/2021\\\/05\\\/blok-mieszkalny-z-1930-przy-ul-mickiewicza\\\/#primaryimage\"},\"thumbnailUrl\":\"https:\\\/\\\/jarekwasielewski.pl\\\/zwrzeszcza\\\/wp-content\\\/uploads\\\/2021\\\/04\\\/wrzeszcz_mickiewicza_dsz_9_1930.jpg\",\"articleSection\":[\"Przed 1945\",\"Wszystkie\"],\"inLanguage\":\"pl-PL\",\"potentialAction\":[{\"@type\":\"CommentAction\",\"name\":\"Comment\",\"target\":[\"https:\\\/\\\/jarekwasielewski.pl\\\/zwrzeszcza\\\/2021\\\/05\\\/blok-mieszkalny-z-1930-przy-ul-mickiewicza\\\/#respond\"]}]},{\"@type\":\"WebPage\",\"@id\":\"https:\\\/\\\/jarekwasielewski.pl\\\/zwrzeszcza\\\/2021\\\/05\\\/blok-mieszkalny-z-1930-przy-ul-mickiewicza\\\/\",\"url\":\"https:\\\/\\\/jarekwasielewski.pl\\\/zwrzeszcza\\\/2021\\\/05\\\/blok-mieszkalny-z-1930-przy-ul-mickiewicza\\\/\",\"name\":\"Blok mieszkalny z 1930 przy ul. Mickiewicza - Wrzeszcz Jarka Wasielewskiego\",\"isPartOf\":{\"@id\":\"https:\\\/\\\/jarekwasielewski.pl\\\/zwrzeszcza\\\/#website\"},\"primaryImageOfPage\":{\"@id\":\"https:\\\/\\\/jarekwasielewski.pl\\\/zwrzeszcza\\\/2021\\\/05\\\/blok-mieszkalny-z-1930-przy-ul-mickiewicza\\\/#primaryimage\"},\"image\":{\"@id\":\"https:\\\/\\\/jarekwasielewski.pl\\\/zwrzeszcza\\\/2021\\\/05\\\/blok-mieszkalny-z-1930-przy-ul-mickiewicza\\\/#primaryimage\"},\"thumbnailUrl\":\"https:\\\/\\\/jarekwasielewski.pl\\\/zwrzeszcza\\\/wp-content\\\/uploads\\\/2021\\\/04\\\/wrzeszcz_mickiewicza_dsz_9_1930.jpg\",\"datePublished\":\"2021-05-04T08:00:31+00:00\",\"dateModified\":\"2023-11-13T11:44:45+00:00\",\"breadcrumb\":{\"@id\":\"https:\\\/\\\/jarekwasielewski.pl\\\/zwrzeszcza\\\/2021\\\/05\\\/blok-mieszkalny-z-1930-przy-ul-mickiewicza\\\/#breadcrumb\"},\"inLanguage\":\"pl-PL\",\"potentialAction\":[{\"@type\":\"ReadAction\",\"target\":[\"https:\\\/\\\/jarekwasielewski.pl\\\/zwrzeszcza\\\/2021\\\/05\\\/blok-mieszkalny-z-1930-przy-ul-mickiewicza\\\/\"]}]},{\"@type\":\"ImageObject\",\"inLanguage\":\"pl-PL\",\"@id\":\"https:\\\/\\\/jarekwasielewski.pl\\\/zwrzeszcza\\\/2021\\\/05\\\/blok-mieszkalny-z-1930-przy-ul-mickiewicza\\\/#primaryimage\",\"url\":\"https:\\\/\\\/jarekwasielewski.pl\\\/zwrzeszcza\\\/wp-content\\\/uploads\\\/2021\\\/04\\\/wrzeszcz_mickiewicza_dsz_9_1930.jpg\",\"contentUrl\":\"https:\\\/\\\/jarekwasielewski.pl\\\/zwrzeszcza\\\/wp-content\\\/uploads\\\/2021\\\/04\\\/wrzeszcz_mickiewicza_dsz_9_1930.jpg\",\"width\":996,\"height\":637},{\"@type\":\"BreadcrumbList\",\"@id\":\"https:\\\/\\\/jarekwasielewski.pl\\\/zwrzeszcza\\\/2021\\\/05\\\/blok-mieszkalny-z-1930-przy-ul-mickiewicza\\\/#breadcrumb\",\"itemListElement\":[{\"@type\":\"ListItem\",\"position\":1,\"name\":\"Strona g\u0142\u00f3wna\",\"item\":\"https:\\\/\\\/jarekwasielewski.pl\\\/zwrzeszcza\\\/\"},{\"@type\":\"ListItem\",\"position\":2,\"name\":\"Blok mieszkalny z 1930 przy ul. Mickiewicza\"}]},{\"@type\":\"WebSite\",\"@id\":\"https:\\\/\\\/jarekwasielewski.pl\\\/zwrzeszcza\\\/#website\",\"url\":\"https:\\\/\\\/jarekwasielewski.pl\\\/zwrzeszcza\\\/\",\"name\":\"Wrzeszcza Jarka Wasielewskiego\",\"description\":\"Blog Jarka Wasielewskiego o Wrzeszczu\",\"publisher\":{\"@id\":\"https:\\\/\\\/jarekwasielewski.pl\\\/zwrzeszcza\\\/#\\\/schema\\\/person\\\/807e6ca1f9fadc1945bd9ac746422589\"},\"potentialAction\":[{\"@type\":\"SearchAction\",\"target\":{\"@type\":\"EntryPoint\",\"urlTemplate\":\"https:\\\/\\\/jarekwasielewski.pl\\\/zwrzeszcza\\\/?s={search_term_string}\"},\"query-input\":{\"@type\":\"PropertyValueSpecification\",\"valueRequired\":true,\"valueName\":\"search_term_string\"}}],\"inLanguage\":\"pl-PL\"},{\"@type\":[\"Person\",\"Organization\"],\"@id\":\"https:\\\/\\\/jarekwasielewski.pl\\\/zwrzeszcza\\\/#\\\/schema\\\/person\\\/807e6ca1f9fadc1945bd9ac746422589\",\"name\":\"Jarek Wasielewski\",\"image\":{\"@type\":\"ImageObject\",\"inLanguage\":\"pl-PL\",\"@id\":\"http:\\\/\\\/jarekwasielewski.pl\\\/zwrzeszcza\\\/wp-content\\\/uploads\\\/2021\\\/09\\\/jw.png\",\"url\":\"http:\\\/\\\/jarekwasielewski.pl\\\/zwrzeszcza\\\/wp-content\\\/uploads\\\/2021\\\/09\\\/jw.png\",\"contentUrl\":\"http:\\\/\\\/jarekwasielewski.pl\\\/zwrzeszcza\\\/wp-content\\\/uploads\\\/2021\\\/09\\\/jw.png\",\"width\":715,\"height\":630,\"caption\":\"Jarek Wasielewski\"},\"logo\":{\"@id\":\"http:\\\/\\\/jarekwasielewski.pl\\\/zwrzeszcza\\\/wp-content\\\/uploads\\\/2021\\\/09\\\/jw.png\"},\"sameAs\":[\"http:\\\/\\\/jarekwasielewski.pl\\\/zwrzeszcza\"]}]}<\/script>\n<!-- \/ Yoast SEO plugin. -->","yoast_head_json":{"title":"Blok mieszkalny z 1930 przy ul. Mickiewicza - Wrzeszcz Jarka Wasielewskiego","robots":{"index":"index","follow":"follow","max-snippet":"max-snippet:-1","max-image-preview":"max-image-preview:large","max-video-preview":"max-video-preview:-1"},"canonical":"https:\/\/jarekwasielewski.pl\/zwrzeszcza\/2021\/05\/blok-mieszkalny-z-1930-przy-ul-mickiewicza\/","og_locale":"pl_PL","og_type":"article","og_title":"Blok mieszkalny z 1930 przy ul. Mickiewicza - Wrzeszcz Jarka Wasielewskiego","og_description":"W latach Wolnego Miasta Gda\u0144ska (1920-1939) Dolny Wrzeszcz by\u0142 wielkim placem budowy. Nowe bloki, kamienice i pojedyncze domy stawia\u0142y zar\u00f3wno sp\u00f3\u0142dzielnie mieszkaniowe, w\u0142adze miejskie, jak i prywatni inwestorzy.","og_url":"https:\/\/jarekwasielewski.pl\/zwrzeszcza\/2021\/05\/blok-mieszkalny-z-1930-przy-ul-mickiewicza\/","og_site_name":"Wrzeszcz Jarka Wasielewskiego","article_published_time":"2021-05-04T08:00:31+00:00","article_modified_time":"2023-11-13T11:44:45+00:00","og_image":[{"width":996,"height":637,"url":"https:\/\/jarekwasielewski.pl\/zwrzeszcza\/wp-content\/uploads\/2021\/04\/wrzeszcz_mickiewicza_dsz_9_1930.jpg","type":"image\/jpeg"}],"author":"Jarek Wasielewski","twitter_card":"summary_large_image","twitter_misc":{"Napisane przez":"Jarek Wasielewski","Szacowany czas czytania":"2 minuty"},"schema":{"@context":"https:\/\/schema.org","@graph":[{"@type":"Article","@id":"https:\/\/jarekwasielewski.pl\/zwrzeszcza\/2021\/05\/blok-mieszkalny-z-1930-przy-ul-mickiewicza\/#article","isPartOf":{"@id":"https:\/\/jarekwasielewski.pl\/zwrzeszcza\/2021\/05\/blok-mieszkalny-z-1930-przy-ul-mickiewicza\/"},"author":{"name":"Jarek Wasielewski","@id":"https:\/\/jarekwasielewski.pl\/zwrzeszcza\/#\/schema\/person\/807e6ca1f9fadc1945bd9ac746422589"},"headline":"Blok mieszkalny z 1930 przy ul. Mickiewicza","datePublished":"2021-05-04T08:00:31+00:00","dateModified":"2023-11-13T11:44:45+00:00","mainEntityOfPage":{"@id":"https:\/\/jarekwasielewski.pl\/zwrzeszcza\/2021\/05\/blok-mieszkalny-z-1930-przy-ul-mickiewicza\/"},"wordCount":270,"commentCount":2,"publisher":{"@id":"https:\/\/jarekwasielewski.pl\/zwrzeszcza\/#\/schema\/person\/807e6ca1f9fadc1945bd9ac746422589"},"image":{"@id":"https:\/\/jarekwasielewski.pl\/zwrzeszcza\/2021\/05\/blok-mieszkalny-z-1930-przy-ul-mickiewicza\/#primaryimage"},"thumbnailUrl":"https:\/\/jarekwasielewski.pl\/zwrzeszcza\/wp-content\/uploads\/2021\/04\/wrzeszcz_mickiewicza_dsz_9_1930.jpg","articleSection":["Przed 1945","Wszystkie"],"inLanguage":"pl-PL","potentialAction":[{"@type":"CommentAction","name":"Comment","target":["https:\/\/jarekwasielewski.pl\/zwrzeszcza\/2021\/05\/blok-mieszkalny-z-1930-przy-ul-mickiewicza\/#respond"]}]},{"@type":"WebPage","@id":"https:\/\/jarekwasielewski.pl\/zwrzeszcza\/2021\/05\/blok-mieszkalny-z-1930-przy-ul-mickiewicza\/","url":"https:\/\/jarekwasielewski.pl\/zwrzeszcza\/2021\/05\/blok-mieszkalny-z-1930-przy-ul-mickiewicza\/","name":"Blok mieszkalny z 1930 przy ul. Mickiewicza - Wrzeszcz Jarka Wasielewskiego","isPartOf":{"@id":"https:\/\/jarekwasielewski.pl\/zwrzeszcza\/#website"},"primaryImageOfPage":{"@id":"https:\/\/jarekwasielewski.pl\/zwrzeszcza\/2021\/05\/blok-mieszkalny-z-1930-przy-ul-mickiewicza\/#primaryimage"},"image":{"@id":"https:\/\/jarekwasielewski.pl\/zwrzeszcza\/2021\/05\/blok-mieszkalny-z-1930-przy-ul-mickiewicza\/#primaryimage"},"thumbnailUrl":"https:\/\/jarekwasielewski.pl\/zwrzeszcza\/wp-content\/uploads\/2021\/04\/wrzeszcz_mickiewicza_dsz_9_1930.jpg","datePublished":"2021-05-04T08:00:31+00:00","dateModified":"2023-11-13T11:44:45+00:00","breadcrumb":{"@id":"https:\/\/jarekwasielewski.pl\/zwrzeszcza\/2021\/05\/blok-mieszkalny-z-1930-przy-ul-mickiewicza\/#breadcrumb"},"inLanguage":"pl-PL","potentialAction":[{"@type":"ReadAction","target":["https:\/\/jarekwasielewski.pl\/zwrzeszcza\/2021\/05\/blok-mieszkalny-z-1930-przy-ul-mickiewicza\/"]}]},{"@type":"ImageObject","inLanguage":"pl-PL","@id":"https:\/\/jarekwasielewski.pl\/zwrzeszcza\/2021\/05\/blok-mieszkalny-z-1930-przy-ul-mickiewicza\/#primaryimage","url":"https:\/\/jarekwasielewski.pl\/zwrzeszcza\/wp-content\/uploads\/2021\/04\/wrzeszcz_mickiewicza_dsz_9_1930.jpg","contentUrl":"https:\/\/jarekwasielewski.pl\/zwrzeszcza\/wp-content\/uploads\/2021\/04\/wrzeszcz_mickiewicza_dsz_9_1930.jpg","width":996,"height":637},{"@type":"BreadcrumbList","@id":"https:\/\/jarekwasielewski.pl\/zwrzeszcza\/2021\/05\/blok-mieszkalny-z-1930-przy-ul-mickiewicza\/#breadcrumb","itemListElement":[{"@type":"ListItem","position":1,"name":"Strona g\u0142\u00f3wna","item":"https:\/\/jarekwasielewski.pl\/zwrzeszcza\/"},{"@type":"ListItem","position":2,"name":"Blok mieszkalny z 1930 przy ul. Mickiewicza"}]},{"@type":"WebSite","@id":"https:\/\/jarekwasielewski.pl\/zwrzeszcza\/#website","url":"https:\/\/jarekwasielewski.pl\/zwrzeszcza\/","name":"Wrzeszcza Jarka Wasielewskiego","description":"Blog Jarka Wasielewskiego o Wrzeszczu","publisher":{"@id":"https:\/\/jarekwasielewski.pl\/zwrzeszcza\/#\/schema\/person\/807e6ca1f9fadc1945bd9ac746422589"},"potentialAction":[{"@type":"SearchAction","target":{"@type":"EntryPoint","urlTemplate":"https:\/\/jarekwasielewski.pl\/zwrzeszcza\/?s={search_term_string}"},"query-input":{"@type":"PropertyValueSpecification","valueRequired":true,"valueName":"search_term_string"}}],"inLanguage":"pl-PL"},{"@type":["Person","Organization"],"@id":"https:\/\/jarekwasielewski.pl\/zwrzeszcza\/#\/schema\/person\/807e6ca1f9fadc1945bd9ac746422589","name":"Jarek Wasielewski","image":{"@type":"ImageObject","inLanguage":"pl-PL","@id":"http:\/\/jarekwasielewski.pl\/zwrzeszcza\/wp-content\/uploads\/2021\/09\/jw.png","url":"http:\/\/jarekwasielewski.pl\/zwrzeszcza\/wp-content\/uploads\/2021\/09\/jw.png","contentUrl":"http:\/\/jarekwasielewski.pl\/zwrzeszcza\/wp-content\/uploads\/2021\/09\/jw.png","width":715,"height":630,"caption":"Jarek Wasielewski"},"logo":{"@id":"http:\/\/jarekwasielewski.pl\/zwrzeszcza\/wp-content\/uploads\/2021\/09\/jw.png"},"sameAs":["http:\/\/jarekwasielewski.pl\/zwrzeszcza"]}]}},"_links":{"self":[{"href":"https:\/\/jarekwasielewski.pl\/zwrzeszcza\/wp-json\/wp\/v2\/posts\/4641","targetHints":{"allow":["GET"]}}],"collection":[{"href":"https:\/\/jarekwasielewski.pl\/zwrzeszcza\/wp-json\/wp\/v2\/posts"}],"about":[{"href":"https:\/\/jarekwasielewski.pl\/zwrzeszcza\/wp-json\/wp\/v2\/types\/post"}],"author":[{"embeddable":true,"href":"https:\/\/jarekwasielewski.pl\/zwrzeszcza\/wp-json\/wp\/v2\/users\/1"}],"replies":[{"embeddable":true,"href":"https:\/\/jarekwasielewski.pl\/zwrzeszcza\/wp-json\/wp\/v2\/comments?post=4641"}],"version-history":[{"count":1,"href":"https:\/\/jarekwasielewski.pl\/zwrzeszcza\/wp-json\/wp\/v2\/posts\/4641\/revisions"}],"predecessor-version":[{"id":5662,"href":"https:\/\/jarekwasielewski.pl\/zwrzeszcza\/wp-json\/wp\/v2\/posts\/4641\/revisions\/5662"}],"wp:featuredmedia":[{"embeddable":true,"href":"https:\/\/jarekwasielewski.pl\/zwrzeszcza\/wp-json\/wp\/v2\/media\/4664"}],"wp:attachment":[{"href":"https:\/\/jarekwasielewski.pl\/zwrzeszcza\/wp-json\/wp\/v2\/media?parent=4641"}],"wp:term":[{"taxonomy":"category","embeddable":true,"href":"https:\/\/jarekwasielewski.pl\/zwrzeszcza\/wp-json\/wp\/v2\/categories?post=4641"},{"taxonomy":"post_tag","embeddable":true,"href":"https:\/\/jarekwasielewski.pl\/zwrzeszcza\/wp-json\/wp\/v2\/tags?post=4641"}],"curies":[{"name":"wp","href":"https:\/\/api.w.org\/{rel}","templated":true}]}}