{"id":4534,"date":"2021-03-09T20:06:02","date_gmt":"2021-03-09T19:06:02","guid":{"rendered":"http:\/\/jarekwasielewski.pl\/zwrzeszcza\/?p=4534"},"modified":"2023-11-13T12:43:35","modified_gmt":"2023-11-13T11:43:35","slug":"3-pocztowkowe-cymelia-z-aukcji-internetowych","status":"publish","type":"post","link":"https:\/\/jarekwasielewski.pl\/zwrzeszcza\/2021\/03\/3-pocztowkowe-cymelia-z-aukcji-internetowych\/","title":{"rendered":"3 poczt\u00f3wkowe cymelia z aukcji internetowych"},"content":{"rendered":"<p style=\"text-align: justify;\">Niemiecki eBay &#8211; a w\u0142a\u015bciwie jego u\u017cytkownicy &#8211; nie przestaj\u0105 mnie zaskakiwa\u0107. W ostatnich tygodniach na tym portalu aukcyjnym pojawi\u0142y si\u0119 2 fantastyczne poczt\u00f3wki z Dolnego Wrzeszcza.<\/p>\n<p><!--more--><\/p>\n<p style=\"text-align: justify;\"><a href=\"https:\/\/www.ebay.de\/itm\/XX13014-Danzig-Kolonialwaren-Marienstrase-Paul-Diebig-Foto-AK-1911\/383963217306?hash=item5965fdbd9a%3Ag%3AOFoAAOSwdGtgLm08\" target=\"_blank\" rel=\"noopener\">Pierwsza<\/a>, wys\u0142ana w 1911 roku, przedstawia sklep kolonialny Paula Diebiga na <strong>rogu dzisiejszych ulic Wajdeloty i Wary\u0144skiego<\/strong>:<\/p>\n<p style=\"text-align: justify;\"><img loading=\"lazy\" decoding=\"async\" class=\"alignnone wp-image-4538 size-full\" src=\"http:\/\/jarekwasielewski.pl\/zwrzeszcza\/wp-content\/uploads\/2021\/03\/wrzeszcz_marienstrasse_paul_diebig_1911.jpg\" alt=\"\" width=\"1000\" height=\"635\" srcset=\"https:\/\/jarekwasielewski.pl\/zwrzeszcza\/wp-content\/uploads\/2021\/03\/wrzeszcz_marienstrasse_paul_diebig_1911.jpg 1000w, https:\/\/jarekwasielewski.pl\/zwrzeszcza\/wp-content\/uploads\/2021\/03\/wrzeszcz_marienstrasse_paul_diebig_1911-300x191.jpg 300w, https:\/\/jarekwasielewski.pl\/zwrzeszcza\/wp-content\/uploads\/2021\/03\/wrzeszcz_marienstrasse_paul_diebig_1911-768x488.jpg 768w\" sizes=\"auto, (max-width: 1000px) 100vw, 1000px\" \/><\/p>\n<p>Co warte podkre\u015blenia: poczt\u00f3wka prezentuje <strong>nieistniej\u0105c\u0105 dzi\u015b kamienic\u0119<\/strong> &#8211; w jej miejscu stoi charakterystyczna ruinka pomalowana na r\u00f3\u017cowo, w kt\u00f3rej od lat dzia\u0142a sklep ze starociami <em>Emalia<\/em>:<\/p>\n<p><a href=\"http:\/\/jarekwasielewski.pl\/zwrzeszcza\/wp-content\/uploads\/2021\/03\/wrzeszcz_warynskiego_30_emalia.jpg\" target=\"_blank\" rel=\"noopener\"><img loading=\"lazy\" decoding=\"async\" class=\"alignnone wp-image-4795\" src=\"http:\/\/jarekwasielewski.pl\/zwrzeszcza\/wp-content\/uploads\/2021\/03\/wrzeszcz_warynskiego_30_emalia-300x200.jpg\" alt=\"\" width=\"800\" height=\"534\" srcset=\"https:\/\/jarekwasielewski.pl\/zwrzeszcza\/wp-content\/uploads\/2021\/03\/wrzeszcz_warynskiego_30_emalia-300x200.jpg 300w, https:\/\/jarekwasielewski.pl\/zwrzeszcza\/wp-content\/uploads\/2021\/03\/wrzeszcz_warynskiego_30_emalia-768x512.jpg 768w, https:\/\/jarekwasielewski.pl\/zwrzeszcza\/wp-content\/uploads\/2021\/03\/wrzeszcz_warynskiego_30_emalia.jpg 1000w\" sizes=\"auto, (max-width: 800px) 100vw, 800px\" \/><\/a><br \/>\n&nbsp;<\/p>\n<p style=\"text-align: justify;\">Nic dziwnego zatem, \u017ce widok\u00f3wka ta zosta\u0142a sprzedana za &#8222;jedyne&#8221; <strong>45,50 euro<\/strong>.<\/p>\n<p style=\"text-align: justify;\"><a href=\"https:\/\/www.ebay.de\/itm\/Danzig-Langfuhr-Stempel-Oliva-1921-Heute-Gda-sk-Polen\/174652951277?hash=item28aa208aed%3Ag%3A0foAAOSw~UJgN65W\" target=\"_blank\" rel=\"noopener\">Drugi widok<\/a> jest prawie r\u00f3wnie sensacyjny &#8211; ot\u00f3\u017c to uj\u0119cie wykonane z dzisiejszego ronda im. G\u00fcntera Grassa, widok w kierunku Ku\u017aniczek, ok. 1921 roku:<\/p>\n<p style=\"text-align: justify;\"><img loading=\"lazy\" decoding=\"async\" class=\"alignnone wp-image-4539\" src=\"http:\/\/jarekwasielewski.pl\/zwrzeszcza\/wp-content\/uploads\/2021\/03\/wrzeszcz_marienstrasse_rondo_1921-150x150.jpg\" alt=\"\" width=\"1000\" height=\"626\" srcset=\"https:\/\/jarekwasielewski.pl\/zwrzeszcza\/wp-content\/uploads\/2021\/03\/wrzeszcz_marienstrasse_rondo_1921-300x188.jpg 300w, https:\/\/jarekwasielewski.pl\/zwrzeszcza\/wp-content\/uploads\/2021\/03\/wrzeszcz_marienstrasse_rondo_1921-1024x641.jpg 1024w, https:\/\/jarekwasielewski.pl\/zwrzeszcza\/wp-content\/uploads\/2021\/03\/wrzeszcz_marienstrasse_rondo_1921-768x480.jpg 768w, https:\/\/jarekwasielewski.pl\/zwrzeszcza\/wp-content\/uploads\/2021\/03\/wrzeszcz_marienstrasse_rondo_1921-1536x961.jpg 1536w, https:\/\/jarekwasielewski.pl\/zwrzeszcza\/wp-content\/uploads\/2021\/03\/wrzeszcz_marienstrasse_rondo_1921.jpg 1600w\" sizes=\"auto, (max-width: 1000px) 100vw, 1000px\" \/><\/p>\n<p style=\"text-align: justify;\">Szcz\u0119\u015bliwy nabywca zap\u0142aci\u0142 za t\u0119 widok\u00f3wk\u0119 &#8222;zaledwie&#8221; <strong>187 euro<\/strong>!<\/p>\n<p style=\"text-align: justify;\">Jakby tych cud\u00f3w by\u0142o ma\u0142o, <a href=\"https:\/\/www.ebay.de\/itm\/Alte-AK-Danzig-Gdansk-Langfuhr-Am-Johannisberg-Dr-Trenkler-gelaufen-1908-\/294036568050\" target=\"_blank\" rel=\"noopener\">wystawiono tam na sprzeda\u017c tak\u017ce poczt\u00f3wk\u0119 z 1906 roku<\/a>, prezentuj\u0105c\u0105 fragment dzisiejszej ul. Sob\u00f3tki z&#8230; budynkiem u jej wylotu, czyli stoj\u0105cym przy dzisiejszej al. Grunwaldzkiej:<\/p>\n<p><img loading=\"lazy\" decoding=\"async\" class=\"alignnone wp-image-4549\" src=\"http:\/\/jarekwasielewski.pl\/zwrzeszcza\/wp-content\/uploads\/2021\/03\/wrzeszcz_sobotki_1906-150x150.jpg\" alt=\"\" width=\"1000\" height=\"639\" srcset=\"https:\/\/jarekwasielewski.pl\/zwrzeszcza\/wp-content\/uploads\/2021\/03\/wrzeszcz_sobotki_1906-300x192.jpg 300w, https:\/\/jarekwasielewski.pl\/zwrzeszcza\/wp-content\/uploads\/2021\/03\/wrzeszcz_sobotki_1906-1024x655.jpg 1024w, https:\/\/jarekwasielewski.pl\/zwrzeszcza\/wp-content\/uploads\/2021\/03\/wrzeszcz_sobotki_1906-768x491.jpg 768w, https:\/\/jarekwasielewski.pl\/zwrzeszcza\/wp-content\/uploads\/2021\/03\/wrzeszcz_sobotki_1906.jpg 1516w\" sizes=\"auto, (max-width: 1000px) 100vw, 1000px\" \/><\/p>\n<p style=\"text-align: justify;\">&nbsp;<\/p>\n<p><img loading=\"lazy\" decoding=\"async\" class=\"wp-image-4542 size-full aligncenter\" src=\"http:\/\/jarekwasielewski.pl\/zwrzeszcza\/wp-content\/uploads\/2021\/03\/wrzeszcz_sobotki_1908_detal.jpg\" alt=\"\" width=\"307\" height=\"277\" srcset=\"https:\/\/jarekwasielewski.pl\/zwrzeszcza\/wp-content\/uploads\/2021\/03\/wrzeszcz_sobotki_1908_detal.jpg 307w, https:\/\/jarekwasielewski.pl\/zwrzeszcza\/wp-content\/uploads\/2021\/03\/wrzeszcz_sobotki_1908_detal-300x271.jpg 300w\" sizes=\"auto, (max-width: 307px) 100vw, 307px\" \/><\/p>\n<p style=\"text-align: justify;\">Dzi\u015b tego budynku oczywi\u015bcie ju\u017c nie ma, w jego miejscu biegnie jezdnia w kierunku Oliwy, natomiast na jego wysoko\u015bci jest <a href=\"http:\/\/jarekwasielewski.pl\/zwrzeszcza\/2015\/07\/plac-anny-walentynowicz-czyli-skwerek-zamiast-kina\/\">plac Anny Walentynowicz, o kt\u00f3rym pisa\u0142em kilka lat temu<\/a>.<\/p>\n<p>Widok\u00f3wka &#8222;posz\u0142a&#8221; za <strong>304 euro<\/strong>!<\/p>\n<p style=\"text-align: justify;\"><strong>S\u0142owem: potr\u00f3jny zachwyt!<\/strong><\/p>\n<p style=\"text-align: justify;\">&nbsp;<\/p>\n","protected":false},"excerpt":{"rendered":"<p>Niemiecki eBay &#8211; a w\u0142a\u015bciwie jego u\u017cytkownicy &#8211; nie przestaj\u0105 mnie zaskakiwa\u0107. W ostatnich tygodniach na tym portalu aukcyjnym pojawi\u0142y si\u0119 2 fantastyczne poczt\u00f3wki z Dolnego Wrzeszcza.<\/p>\n","protected":false},"author":1,"featured_media":4539,"comment_status":"open","ping_status":"open","sticky":false,"template":"","format":"standard","meta":{"ngg_post_thumbnail":0,"footnotes":""},"categories":[18,7,8],"tags":[],"class_list":["post-4534","post","type-post","status-publish","format-standard","has-post-thumbnail","hentry","category-pocztowki","category-przed-1945","category-wszystkie"],"yoast_head":"<!-- This site is optimized with the Yoast SEO plugin v27.3 - https:\/\/yoast.com\/product\/yoast-seo-wordpress\/ -->\n<title>3 poczt\u00f3wkowe cymelia z aukcji internetowych - Wrzeszcz Jarka Wasielewskiego<\/title>\n<meta name=\"robots\" content=\"index, follow, max-snippet:-1, max-image-preview:large, max-video-preview:-1\" \/>\n<link rel=\"canonical\" href=\"https:\/\/jarekwasielewski.pl\/zwrzeszcza\/2021\/03\/3-pocztowkowe-cymelia-z-aukcji-internetowych\/\" \/>\n<meta property=\"og:locale\" content=\"pl_PL\" \/>\n<meta property=\"og:type\" content=\"article\" \/>\n<meta property=\"og:title\" content=\"3 poczt\u00f3wkowe cymelia z aukcji internetowych - Wrzeszcz Jarka Wasielewskiego\" \/>\n<meta property=\"og:description\" content=\"Niemiecki eBay &#8211; a w\u0142a\u015bciwie jego u\u017cytkownicy &#8211; nie przestaj\u0105 mnie zaskakiwa\u0107. W ostatnich tygodniach na tym portalu aukcyjnym pojawi\u0142y si\u0119 2 fantastyczne poczt\u00f3wki z Dolnego Wrzeszcza.\" \/>\n<meta property=\"og:url\" content=\"https:\/\/jarekwasielewski.pl\/zwrzeszcza\/2021\/03\/3-pocztowkowe-cymelia-z-aukcji-internetowych\/\" \/>\n<meta property=\"og:site_name\" content=\"Wrzeszcz Jarka Wasielewskiego\" \/>\n<meta property=\"article:published_time\" content=\"2021-03-09T19:06:02+00:00\" \/>\n<meta property=\"article:modified_time\" content=\"2023-11-13T11:43:35+00:00\" \/>\n<meta property=\"og:image\" content=\"https:\/\/jarekwasielewski.pl\/zwrzeszcza\/wp-content\/uploads\/2021\/03\/wrzeszcz_marienstrasse_rondo_1921.jpg\" \/>\n\t<meta property=\"og:image:width\" content=\"1600\" \/>\n\t<meta property=\"og:image:height\" content=\"1001\" \/>\n\t<meta property=\"og:image:type\" content=\"image\/jpeg\" \/>\n<meta name=\"author\" content=\"Jarek Wasielewski\" \/>\n<meta name=\"twitter:card\" content=\"summary_large_image\" \/>\n<meta name=\"twitter:label1\" content=\"Napisane przez\" \/>\n\t<meta name=\"twitter:data1\" content=\"Jarek Wasielewski\" \/>\n\t<meta name=\"twitter:label2\" content=\"Szacowany czas czytania\" \/>\n\t<meta name=\"twitter:data2\" content=\"3 minuty\" \/>\n<script type=\"application\/ld+json\" class=\"yoast-schema-graph\">{\"@context\":\"https:\\\/\\\/schema.org\",\"@graph\":[{\"@type\":\"Article\",\"@id\":\"https:\\\/\\\/jarekwasielewski.pl\\\/zwrzeszcza\\\/2021\\\/03\\\/3-pocztowkowe-cymelia-z-aukcji-internetowych\\\/#article\",\"isPartOf\":{\"@id\":\"https:\\\/\\\/jarekwasielewski.pl\\\/zwrzeszcza\\\/2021\\\/03\\\/3-pocztowkowe-cymelia-z-aukcji-internetowych\\\/\"},\"author\":{\"name\":\"Jarek Wasielewski\",\"@id\":\"https:\\\/\\\/jarekwasielewski.pl\\\/zwrzeszcza\\\/#\\\/schema\\\/person\\\/807e6ca1f9fadc1945bd9ac746422589\"},\"headline\":\"3 poczt\u00f3wkowe cymelia z aukcji internetowych\",\"datePublished\":\"2021-03-09T19:06:02+00:00\",\"dateModified\":\"2023-11-13T11:43:35+00:00\",\"mainEntityOfPage\":{\"@id\":\"https:\\\/\\\/jarekwasielewski.pl\\\/zwrzeszcza\\\/2021\\\/03\\\/3-pocztowkowe-cymelia-z-aukcji-internetowych\\\/\"},\"wordCount\":223,\"commentCount\":2,\"publisher\":{\"@id\":\"https:\\\/\\\/jarekwasielewski.pl\\\/zwrzeszcza\\\/#\\\/schema\\\/person\\\/807e6ca1f9fadc1945bd9ac746422589\"},\"image\":{\"@id\":\"https:\\\/\\\/jarekwasielewski.pl\\\/zwrzeszcza\\\/2021\\\/03\\\/3-pocztowkowe-cymelia-z-aukcji-internetowych\\\/#primaryimage\"},\"thumbnailUrl\":\"https:\\\/\\\/jarekwasielewski.pl\\\/zwrzeszcza\\\/wp-content\\\/uploads\\\/2021\\\/03\\\/wrzeszcz_marienstrasse_rondo_1921.jpg\",\"articleSection\":[\"Poczt\u00f3wki\",\"Przed 1945\",\"Wszystkie\"],\"inLanguage\":\"pl-PL\",\"potentialAction\":[{\"@type\":\"CommentAction\",\"name\":\"Comment\",\"target\":[\"https:\\\/\\\/jarekwasielewski.pl\\\/zwrzeszcza\\\/2021\\\/03\\\/3-pocztowkowe-cymelia-z-aukcji-internetowych\\\/#respond\"]}]},{\"@type\":\"WebPage\",\"@id\":\"https:\\\/\\\/jarekwasielewski.pl\\\/zwrzeszcza\\\/2021\\\/03\\\/3-pocztowkowe-cymelia-z-aukcji-internetowych\\\/\",\"url\":\"https:\\\/\\\/jarekwasielewski.pl\\\/zwrzeszcza\\\/2021\\\/03\\\/3-pocztowkowe-cymelia-z-aukcji-internetowych\\\/\",\"name\":\"3 poczt\u00f3wkowe cymelia z aukcji internetowych - Wrzeszcz Jarka Wasielewskiego\",\"isPartOf\":{\"@id\":\"https:\\\/\\\/jarekwasielewski.pl\\\/zwrzeszcza\\\/#website\"},\"primaryImageOfPage\":{\"@id\":\"https:\\\/\\\/jarekwasielewski.pl\\\/zwrzeszcza\\\/2021\\\/03\\\/3-pocztowkowe-cymelia-z-aukcji-internetowych\\\/#primaryimage\"},\"image\":{\"@id\":\"https:\\\/\\\/jarekwasielewski.pl\\\/zwrzeszcza\\\/2021\\\/03\\\/3-pocztowkowe-cymelia-z-aukcji-internetowych\\\/#primaryimage\"},\"thumbnailUrl\":\"https:\\\/\\\/jarekwasielewski.pl\\\/zwrzeszcza\\\/wp-content\\\/uploads\\\/2021\\\/03\\\/wrzeszcz_marienstrasse_rondo_1921.jpg\",\"datePublished\":\"2021-03-09T19:06:02+00:00\",\"dateModified\":\"2023-11-13T11:43:35+00:00\",\"breadcrumb\":{\"@id\":\"https:\\\/\\\/jarekwasielewski.pl\\\/zwrzeszcza\\\/2021\\\/03\\\/3-pocztowkowe-cymelia-z-aukcji-internetowych\\\/#breadcrumb\"},\"inLanguage\":\"pl-PL\",\"potentialAction\":[{\"@type\":\"ReadAction\",\"target\":[\"https:\\\/\\\/jarekwasielewski.pl\\\/zwrzeszcza\\\/2021\\\/03\\\/3-pocztowkowe-cymelia-z-aukcji-internetowych\\\/\"]}]},{\"@type\":\"ImageObject\",\"inLanguage\":\"pl-PL\",\"@id\":\"https:\\\/\\\/jarekwasielewski.pl\\\/zwrzeszcza\\\/2021\\\/03\\\/3-pocztowkowe-cymelia-z-aukcji-internetowych\\\/#primaryimage\",\"url\":\"https:\\\/\\\/jarekwasielewski.pl\\\/zwrzeszcza\\\/wp-content\\\/uploads\\\/2021\\\/03\\\/wrzeszcz_marienstrasse_rondo_1921.jpg\",\"contentUrl\":\"https:\\\/\\\/jarekwasielewski.pl\\\/zwrzeszcza\\\/wp-content\\\/uploads\\\/2021\\\/03\\\/wrzeszcz_marienstrasse_rondo_1921.jpg\",\"width\":1600,\"height\":1001},{\"@type\":\"BreadcrumbList\",\"@id\":\"https:\\\/\\\/jarekwasielewski.pl\\\/zwrzeszcza\\\/2021\\\/03\\\/3-pocztowkowe-cymelia-z-aukcji-internetowych\\\/#breadcrumb\",\"itemListElement\":[{\"@type\":\"ListItem\",\"position\":1,\"name\":\"Strona g\u0142\u00f3wna\",\"item\":\"https:\\\/\\\/jarekwasielewski.pl\\\/zwrzeszcza\\\/\"},{\"@type\":\"ListItem\",\"position\":2,\"name\":\"3 poczt\u00f3wkowe cymelia z aukcji internetowych\"}]},{\"@type\":\"WebSite\",\"@id\":\"https:\\\/\\\/jarekwasielewski.pl\\\/zwrzeszcza\\\/#website\",\"url\":\"https:\\\/\\\/jarekwasielewski.pl\\\/zwrzeszcza\\\/\",\"name\":\"Wrzeszcza Jarka Wasielewskiego\",\"description\":\"Blog Jarka Wasielewskiego o Wrzeszczu\",\"publisher\":{\"@id\":\"https:\\\/\\\/jarekwasielewski.pl\\\/zwrzeszcza\\\/#\\\/schema\\\/person\\\/807e6ca1f9fadc1945bd9ac746422589\"},\"potentialAction\":[{\"@type\":\"SearchAction\",\"target\":{\"@type\":\"EntryPoint\",\"urlTemplate\":\"https:\\\/\\\/jarekwasielewski.pl\\\/zwrzeszcza\\\/?s={search_term_string}\"},\"query-input\":{\"@type\":\"PropertyValueSpecification\",\"valueRequired\":true,\"valueName\":\"search_term_string\"}}],\"inLanguage\":\"pl-PL\"},{\"@type\":[\"Person\",\"Organization\"],\"@id\":\"https:\\\/\\\/jarekwasielewski.pl\\\/zwrzeszcza\\\/#\\\/schema\\\/person\\\/807e6ca1f9fadc1945bd9ac746422589\",\"name\":\"Jarek Wasielewski\",\"image\":{\"@type\":\"ImageObject\",\"inLanguage\":\"pl-PL\",\"@id\":\"http:\\\/\\\/jarekwasielewski.pl\\\/zwrzeszcza\\\/wp-content\\\/uploads\\\/2021\\\/09\\\/jw.png\",\"url\":\"http:\\\/\\\/jarekwasielewski.pl\\\/zwrzeszcza\\\/wp-content\\\/uploads\\\/2021\\\/09\\\/jw.png\",\"contentUrl\":\"http:\\\/\\\/jarekwasielewski.pl\\\/zwrzeszcza\\\/wp-content\\\/uploads\\\/2021\\\/09\\\/jw.png\",\"width\":715,\"height\":630,\"caption\":\"Jarek Wasielewski\"},\"logo\":{\"@id\":\"http:\\\/\\\/jarekwasielewski.pl\\\/zwrzeszcza\\\/wp-content\\\/uploads\\\/2021\\\/09\\\/jw.png\"},\"sameAs\":[\"http:\\\/\\\/jarekwasielewski.pl\\\/zwrzeszcza\"]}]}<\/script>\n<!-- \/ Yoast SEO plugin. -->","yoast_head_json":{"title":"3 poczt\u00f3wkowe cymelia z aukcji internetowych - Wrzeszcz Jarka Wasielewskiego","robots":{"index":"index","follow":"follow","max-snippet":"max-snippet:-1","max-image-preview":"max-image-preview:large","max-video-preview":"max-video-preview:-1"},"canonical":"https:\/\/jarekwasielewski.pl\/zwrzeszcza\/2021\/03\/3-pocztowkowe-cymelia-z-aukcji-internetowych\/","og_locale":"pl_PL","og_type":"article","og_title":"3 poczt\u00f3wkowe cymelia z aukcji internetowych - Wrzeszcz Jarka Wasielewskiego","og_description":"Niemiecki eBay &#8211; a w\u0142a\u015bciwie jego u\u017cytkownicy &#8211; nie przestaj\u0105 mnie zaskakiwa\u0107. W ostatnich tygodniach na tym portalu aukcyjnym pojawi\u0142y si\u0119 2 fantastyczne poczt\u00f3wki z Dolnego Wrzeszcza.","og_url":"https:\/\/jarekwasielewski.pl\/zwrzeszcza\/2021\/03\/3-pocztowkowe-cymelia-z-aukcji-internetowych\/","og_site_name":"Wrzeszcz Jarka Wasielewskiego","article_published_time":"2021-03-09T19:06:02+00:00","article_modified_time":"2023-11-13T11:43:35+00:00","og_image":[{"width":1600,"height":1001,"url":"https:\/\/jarekwasielewski.pl\/zwrzeszcza\/wp-content\/uploads\/2021\/03\/wrzeszcz_marienstrasse_rondo_1921.jpg","type":"image\/jpeg"}],"author":"Jarek Wasielewski","twitter_card":"summary_large_image","twitter_misc":{"Napisane przez":"Jarek Wasielewski","Szacowany czas czytania":"3 minuty"},"schema":{"@context":"https:\/\/schema.org","@graph":[{"@type":"Article","@id":"https:\/\/jarekwasielewski.pl\/zwrzeszcza\/2021\/03\/3-pocztowkowe-cymelia-z-aukcji-internetowych\/#article","isPartOf":{"@id":"https:\/\/jarekwasielewski.pl\/zwrzeszcza\/2021\/03\/3-pocztowkowe-cymelia-z-aukcji-internetowych\/"},"author":{"name":"Jarek Wasielewski","@id":"https:\/\/jarekwasielewski.pl\/zwrzeszcza\/#\/schema\/person\/807e6ca1f9fadc1945bd9ac746422589"},"headline":"3 poczt\u00f3wkowe cymelia z aukcji internetowych","datePublished":"2021-03-09T19:06:02+00:00","dateModified":"2023-11-13T11:43:35+00:00","mainEntityOfPage":{"@id":"https:\/\/jarekwasielewski.pl\/zwrzeszcza\/2021\/03\/3-pocztowkowe-cymelia-z-aukcji-internetowych\/"},"wordCount":223,"commentCount":2,"publisher":{"@id":"https:\/\/jarekwasielewski.pl\/zwrzeszcza\/#\/schema\/person\/807e6ca1f9fadc1945bd9ac746422589"},"image":{"@id":"https:\/\/jarekwasielewski.pl\/zwrzeszcza\/2021\/03\/3-pocztowkowe-cymelia-z-aukcji-internetowych\/#primaryimage"},"thumbnailUrl":"https:\/\/jarekwasielewski.pl\/zwrzeszcza\/wp-content\/uploads\/2021\/03\/wrzeszcz_marienstrasse_rondo_1921.jpg","articleSection":["Poczt\u00f3wki","Przed 1945","Wszystkie"],"inLanguage":"pl-PL","potentialAction":[{"@type":"CommentAction","name":"Comment","target":["https:\/\/jarekwasielewski.pl\/zwrzeszcza\/2021\/03\/3-pocztowkowe-cymelia-z-aukcji-internetowych\/#respond"]}]},{"@type":"WebPage","@id":"https:\/\/jarekwasielewski.pl\/zwrzeszcza\/2021\/03\/3-pocztowkowe-cymelia-z-aukcji-internetowych\/","url":"https:\/\/jarekwasielewski.pl\/zwrzeszcza\/2021\/03\/3-pocztowkowe-cymelia-z-aukcji-internetowych\/","name":"3 poczt\u00f3wkowe cymelia z aukcji internetowych - Wrzeszcz Jarka Wasielewskiego","isPartOf":{"@id":"https:\/\/jarekwasielewski.pl\/zwrzeszcza\/#website"},"primaryImageOfPage":{"@id":"https:\/\/jarekwasielewski.pl\/zwrzeszcza\/2021\/03\/3-pocztowkowe-cymelia-z-aukcji-internetowych\/#primaryimage"},"image":{"@id":"https:\/\/jarekwasielewski.pl\/zwrzeszcza\/2021\/03\/3-pocztowkowe-cymelia-z-aukcji-internetowych\/#primaryimage"},"thumbnailUrl":"https:\/\/jarekwasielewski.pl\/zwrzeszcza\/wp-content\/uploads\/2021\/03\/wrzeszcz_marienstrasse_rondo_1921.jpg","datePublished":"2021-03-09T19:06:02+00:00","dateModified":"2023-11-13T11:43:35+00:00","breadcrumb":{"@id":"https:\/\/jarekwasielewski.pl\/zwrzeszcza\/2021\/03\/3-pocztowkowe-cymelia-z-aukcji-internetowych\/#breadcrumb"},"inLanguage":"pl-PL","potentialAction":[{"@type":"ReadAction","target":["https:\/\/jarekwasielewski.pl\/zwrzeszcza\/2021\/03\/3-pocztowkowe-cymelia-z-aukcji-internetowych\/"]}]},{"@type":"ImageObject","inLanguage":"pl-PL","@id":"https:\/\/jarekwasielewski.pl\/zwrzeszcza\/2021\/03\/3-pocztowkowe-cymelia-z-aukcji-internetowych\/#primaryimage","url":"https:\/\/jarekwasielewski.pl\/zwrzeszcza\/wp-content\/uploads\/2021\/03\/wrzeszcz_marienstrasse_rondo_1921.jpg","contentUrl":"https:\/\/jarekwasielewski.pl\/zwrzeszcza\/wp-content\/uploads\/2021\/03\/wrzeszcz_marienstrasse_rondo_1921.jpg","width":1600,"height":1001},{"@type":"BreadcrumbList","@id":"https:\/\/jarekwasielewski.pl\/zwrzeszcza\/2021\/03\/3-pocztowkowe-cymelia-z-aukcji-internetowych\/#breadcrumb","itemListElement":[{"@type":"ListItem","position":1,"name":"Strona g\u0142\u00f3wna","item":"https:\/\/jarekwasielewski.pl\/zwrzeszcza\/"},{"@type":"ListItem","position":2,"name":"3 poczt\u00f3wkowe cymelia z aukcji internetowych"}]},{"@type":"WebSite","@id":"https:\/\/jarekwasielewski.pl\/zwrzeszcza\/#website","url":"https:\/\/jarekwasielewski.pl\/zwrzeszcza\/","name":"Wrzeszcza Jarka Wasielewskiego","description":"Blog Jarka Wasielewskiego o Wrzeszczu","publisher":{"@id":"https:\/\/jarekwasielewski.pl\/zwrzeszcza\/#\/schema\/person\/807e6ca1f9fadc1945bd9ac746422589"},"potentialAction":[{"@type":"SearchAction","target":{"@type":"EntryPoint","urlTemplate":"https:\/\/jarekwasielewski.pl\/zwrzeszcza\/?s={search_term_string}"},"query-input":{"@type":"PropertyValueSpecification","valueRequired":true,"valueName":"search_term_string"}}],"inLanguage":"pl-PL"},{"@type":["Person","Organization"],"@id":"https:\/\/jarekwasielewski.pl\/zwrzeszcza\/#\/schema\/person\/807e6ca1f9fadc1945bd9ac746422589","name":"Jarek Wasielewski","image":{"@type":"ImageObject","inLanguage":"pl-PL","@id":"http:\/\/jarekwasielewski.pl\/zwrzeszcza\/wp-content\/uploads\/2021\/09\/jw.png","url":"http:\/\/jarekwasielewski.pl\/zwrzeszcza\/wp-content\/uploads\/2021\/09\/jw.png","contentUrl":"http:\/\/jarekwasielewski.pl\/zwrzeszcza\/wp-content\/uploads\/2021\/09\/jw.png","width":715,"height":630,"caption":"Jarek Wasielewski"},"logo":{"@id":"http:\/\/jarekwasielewski.pl\/zwrzeszcza\/wp-content\/uploads\/2021\/09\/jw.png"},"sameAs":["http:\/\/jarekwasielewski.pl\/zwrzeszcza"]}]}},"_links":{"self":[{"href":"https:\/\/jarekwasielewski.pl\/zwrzeszcza\/wp-json\/wp\/v2\/posts\/4534","targetHints":{"allow":["GET"]}}],"collection":[{"href":"https:\/\/jarekwasielewski.pl\/zwrzeszcza\/wp-json\/wp\/v2\/posts"}],"about":[{"href":"https:\/\/jarekwasielewski.pl\/zwrzeszcza\/wp-json\/wp\/v2\/types\/post"}],"author":[{"embeddable":true,"href":"https:\/\/jarekwasielewski.pl\/zwrzeszcza\/wp-json\/wp\/v2\/users\/1"}],"replies":[{"embeddable":true,"href":"https:\/\/jarekwasielewski.pl\/zwrzeszcza\/wp-json\/wp\/v2\/comments?post=4534"}],"version-history":[{"count":2,"href":"https:\/\/jarekwasielewski.pl\/zwrzeszcza\/wp-json\/wp\/v2\/posts\/4534\/revisions"}],"predecessor-version":[{"id":5660,"href":"https:\/\/jarekwasielewski.pl\/zwrzeszcza\/wp-json\/wp\/v2\/posts\/4534\/revisions\/5660"}],"wp:featuredmedia":[{"embeddable":true,"href":"https:\/\/jarekwasielewski.pl\/zwrzeszcza\/wp-json\/wp\/v2\/media\/4539"}],"wp:attachment":[{"href":"https:\/\/jarekwasielewski.pl\/zwrzeszcza\/wp-json\/wp\/v2\/media?parent=4534"}],"wp:term":[{"taxonomy":"category","embeddable":true,"href":"https:\/\/jarekwasielewski.pl\/zwrzeszcza\/wp-json\/wp\/v2\/categories?post=4534"},{"taxonomy":"post_tag","embeddable":true,"href":"https:\/\/jarekwasielewski.pl\/zwrzeszcza\/wp-json\/wp\/v2\/tags?post=4534"}],"curies":[{"name":"wp","href":"https:\/\/api.w.org\/{rel}","templated":true}]}}