{"id":4367,"date":"2020-12-01T09:00:49","date_gmt":"2020-12-01T08:00:49","guid":{"rendered":"http:\/\/jarekwasielewski.pl\/zwrzeszcza\/?p=4367"},"modified":"2023-11-13T17:36:25","modified_gmt":"2023-11-13T16:36:25","slug":"jak-bardzo-zmienil-sie-wrzeszcz-w-ostatnich-latach","status":"publish","type":"post","link":"https:\/\/jarekwasielewski.pl\/zwrzeszcza\/2020\/12\/jak-bardzo-zmienil-sie-wrzeszcz-w-ostatnich-latach\/","title":{"rendered":"Jak bardzo zmieni\u0142 si\u0119 Wrzeszcz w ostatnich latach?"},"content":{"rendered":"<p style=\"text-align: justify;\">Wrzeszcz &#8211; a przynajmniej jego fragmenty &#8211; zmienia si\u0119 bardzo szybko. Niby wszyscy to wiemy, obserwujemy nowe inwestycje na co dzie\u0144, jednak chyba nie do ko\u0144ca zdajemy sobie spraw\u0119, ze skali tych zmian.<\/p>\n<p><!--more--><\/p>\n<p style=\"text-align: justify;\">Ostatnio zajrza\u0142em do zdj\u0119\u0107, jakie zrobi\u0142em na przestrzeni ostatnich lat w\u0142\u00f3cz\u0105c si\u0119 po naszej dzielnicy. Czasem a\u017c trudno uwierzy\u0107, \u017ce tak te miejsca wygl\u0105da\u0142y jeszcze niedawno&#8230;<\/p>\n<p style=\"text-align: justify;\">Nieczynny <a href=\"http:\/\/jarekwasielewski.pl\/zwrzeszcza\/2014\/09\/w-piwnicach-wrzeszczanskiego-browaru\/\">browar<\/a> jesieni\u0105 2006 roku:<\/p>\n<p style=\"text-align: justify;\"><a href=\"http:\/\/jarekwasielewski.pl\/zwrzeszcza\/wp-content\/uploads\/2020\/11\/wrzeszcz_zmiany_1.jpg\" target=\"_blank\" rel=\"noopener noreferrer\"><img loading=\"lazy\" decoding=\"async\" class=\"alignnone wp-image-4368 size-full\" src=\"http:\/\/jarekwasielewski.pl\/zwrzeszcza\/wp-content\/uploads\/2020\/11\/wrzeszcz_zmiany_1.jpg\" alt=\"\" width=\"1000\" height=\"750\" srcset=\"https:\/\/jarekwasielewski.pl\/zwrzeszcza\/wp-content\/uploads\/2020\/11\/wrzeszcz_zmiany_1.jpg 1000w, https:\/\/jarekwasielewski.pl\/zwrzeszcza\/wp-content\/uploads\/2020\/11\/wrzeszcz_zmiany_1-300x225.jpg 300w, https:\/\/jarekwasielewski.pl\/zwrzeszcza\/wp-content\/uploads\/2020\/11\/wrzeszcz_zmiany_1-768x576.jpg 768w\" sizes=\"auto, (max-width: 1000px) 100vw, 1000px\" \/><\/a><\/p>\n<p style=\"text-align: justify;\">Wej\u015bcie na stacj\u0119 <a href=\"https:\/\/www.trojmiasto.pl\/wiadomosci\/Historia-wrzeszczanskich-dworcow-kolejowych-n129757.html\" target=\"_blank\" rel=\"noopener noreferrer\">Gda\u0144sk Wrzeszcz<\/a> od strony ul. Kili\u0144skiego w lutym 2013:<\/p>\n<p style=\"text-align: justify;\"><a href=\"http:\/\/jarekwasielewski.pl\/zwrzeszcza\/wp-content\/uploads\/2020\/11\/wrzeszcz_zmiany_2.jpg\" target=\"_blank\" rel=\"noopener noreferrer\"><img loading=\"lazy\" decoding=\"async\" class=\"alignnone wp-image-4369 size-full\" src=\"http:\/\/jarekwasielewski.pl\/zwrzeszcza\/wp-content\/uploads\/2020\/11\/wrzeszcz_zmiany_2.jpg\" alt=\"\" width=\"1000\" height=\"750\" srcset=\"https:\/\/jarekwasielewski.pl\/zwrzeszcza\/wp-content\/uploads\/2020\/11\/wrzeszcz_zmiany_2.jpg 1000w, https:\/\/jarekwasielewski.pl\/zwrzeszcza\/wp-content\/uploads\/2020\/11\/wrzeszcz_zmiany_2-300x225.jpg 300w, https:\/\/jarekwasielewski.pl\/zwrzeszcza\/wp-content\/uploads\/2020\/11\/wrzeszcz_zmiany_2-768x576.jpg 768w\" sizes=\"auto, (max-width: 1000px) 100vw, 1000px\" \/><\/a><\/p>\n<p style=\"text-align: justify;\">Rondo Grassa &#8211; jeszcze bez nazwy, przed tzw. rewitalizacj\u0105 <a href=\"http:\/\/jarekwasielewski.pl\/zwrzeszcza\/2015\/05\/ulica-wajdeloty-na-pocztowce-za-700-zl\/\">ul. Wajdeloty<\/a> i <a href=\"http:\/\/jarekwasielewski.pl\/zwrzeszcza\/2014\/06\/streetwaves-2014-czyli-kosmici-w-dolnym-wrzeszczu\/\">wysypem hipsteriady<\/a> &#8211; jesieni\u0105 2006:<\/p>\n<p style=\"text-align: justify;\"><a href=\"http:\/\/jarekwasielewski.pl\/zwrzeszcza\/wp-content\/uploads\/2020\/11\/wrzeszcz_zmiany_3.jpg\" target=\"_blank\" rel=\"noopener noreferrer\"><img loading=\"lazy\" decoding=\"async\" class=\"alignnone wp-image-4370 size-full\" src=\"http:\/\/jarekwasielewski.pl\/zwrzeszcza\/wp-content\/uploads\/2020\/11\/wrzeszcz_zmiany_3.jpg\" alt=\"\" width=\"1000\" height=\"750\" srcset=\"https:\/\/jarekwasielewski.pl\/zwrzeszcza\/wp-content\/uploads\/2020\/11\/wrzeszcz_zmiany_3.jpg 1000w, https:\/\/jarekwasielewski.pl\/zwrzeszcza\/wp-content\/uploads\/2020\/11\/wrzeszcz_zmiany_3-300x225.jpg 300w, https:\/\/jarekwasielewski.pl\/zwrzeszcza\/wp-content\/uploads\/2020\/11\/wrzeszcz_zmiany_3-768x576.jpg 768w\" sizes=\"auto, (max-width: 1000px) 100vw, 1000px\" \/><\/a><\/p>\n<p style=\"text-align: justify;\"><a href=\"http:\/\/jarekwasielewski.pl\/zwrzeszcza\/2014\/05\/requiem-dla-indianskiej-wioski\/\">Tzw. india\u0144ska wioska<\/a> na chwil\u0119 przed rozbi\u00f3rk\u0105, maj 2014:<\/p>\n<p style=\"text-align: justify;\"><a href=\"http:\/\/jarekwasielewski.pl\/zwrzeszcza\/wp-content\/uploads\/2020\/11\/wrzeszcz_zmiany_4.jpg\" target=\"_blank\" rel=\"noopener noreferrer\"><img loading=\"lazy\" decoding=\"async\" class=\"alignnone wp-image-4371 size-full\" src=\"http:\/\/jarekwasielewski.pl\/zwrzeszcza\/wp-content\/uploads\/2020\/11\/wrzeszcz_zmiany_4.jpg\" alt=\"\" width=\"1000\" height=\"667\" srcset=\"https:\/\/jarekwasielewski.pl\/zwrzeszcza\/wp-content\/uploads\/2020\/11\/wrzeszcz_zmiany_4.jpg 1000w, https:\/\/jarekwasielewski.pl\/zwrzeszcza\/wp-content\/uploads\/2020\/11\/wrzeszcz_zmiany_4-300x200.jpg 300w, https:\/\/jarekwasielewski.pl\/zwrzeszcza\/wp-content\/uploads\/2020\/11\/wrzeszcz_zmiany_4-768x512.jpg 768w\" sizes=\"auto, (max-width: 1000px) 100vw, 1000px\" \/><\/a><\/p>\n<p style=\"text-align: justify;\">Budowa <a href=\"http:\/\/jarekwasielewski.pl\/zwrzeszcza\/2014\/03\/otwarcie-centrum-biurowego-neptun-we-wrzeszczu\/\">wie\u017cowca\/biurowca Neptun<\/a> w miejscu dawnego <a href=\"http:\/\/jarekwasielewski.pl\/zwrzeszcza\/2013\/10\/historia-wrzeszczanskiego-harrodsa\/\">PeDeTu<\/a>, luty 2013:<\/p>\n<p style=\"text-align: justify;\"><a href=\"http:\/\/jarekwasielewski.pl\/zwrzeszcza\/wp-content\/uploads\/2020\/11\/wrzeszcz_zmiany_5.jpg\" target=\"_blank\" rel=\"noopener noreferrer\"><img loading=\"lazy\" decoding=\"async\" class=\"alignnone wp-image-4372 \" src=\"http:\/\/jarekwasielewski.pl\/zwrzeszcza\/wp-content\/uploads\/2020\/11\/wrzeszcz_zmiany_5.jpg\" alt=\"\" width=\"506\" height=\"674\" srcset=\"https:\/\/jarekwasielewski.pl\/zwrzeszcza\/wp-content\/uploads\/2020\/11\/wrzeszcz_zmiany_5.jpg 750w, https:\/\/jarekwasielewski.pl\/zwrzeszcza\/wp-content\/uploads\/2020\/11\/wrzeszcz_zmiany_5-225x300.jpg 225w\" sizes=\"auto, (max-width: 506px) 100vw, 506px\" \/><\/a><\/p>\n<p style=\"text-align: justify;\">Boisko <a href=\"http:\/\/jarekwasielewski.pl\/zwrzeszcza\/2015\/06\/nielegalna-zwirownia-na-zabytkowym-terenie-ks-gedanii\/\">Gedanii<\/a> w listopadzie 2004 roku:<\/p>\n<p style=\"text-align: justify;\"><a href=\"http:\/\/jarekwasielewski.pl\/zwrzeszcza\/wp-content\/uploads\/2020\/11\/wrzeszcz_zmiany_6.jpg\" target=\"_blank\" rel=\"noopener noreferrer\"><img loading=\"lazy\" decoding=\"async\" class=\"alignnone wp-image-4373 size-full\" src=\"http:\/\/jarekwasielewski.pl\/zwrzeszcza\/wp-content\/uploads\/2020\/11\/wrzeszcz_zmiany_6.jpg\" alt=\"\" width=\"1000\" height=\"750\" srcset=\"https:\/\/jarekwasielewski.pl\/zwrzeszcza\/wp-content\/uploads\/2020\/11\/wrzeszcz_zmiany_6.jpg 1000w, https:\/\/jarekwasielewski.pl\/zwrzeszcza\/wp-content\/uploads\/2020\/11\/wrzeszcz_zmiany_6-300x225.jpg 300w, https:\/\/jarekwasielewski.pl\/zwrzeszcza\/wp-content\/uploads\/2020\/11\/wrzeszcz_zmiany_6-768x576.jpg 768w\" sizes=\"auto, (max-width: 1000px) 100vw, 1000px\" \/><\/a><\/p>\n<p style=\"text-align: justify;\"><a href=\"http:\/\/jarekwasielewski.pl\/zwrzeszcza\/2013\/09\/wrzeszczanscy-huzarzy-smierci-na-filmie\/\">Koszary<\/a> przy ul. S\u0142owackiego w grudniu 2005 roku:<\/p>\n<p style=\"text-align: justify;\"><a href=\"http:\/\/jarekwasielewski.pl\/zwrzeszcza\/wp-content\/uploads\/2020\/11\/wrzeszcz_zmiany_7.jpg\" target=\"_blank\" rel=\"noopener noreferrer\"><img loading=\"lazy\" decoding=\"async\" class=\"alignnone wp-image-4374 size-full\" src=\"http:\/\/jarekwasielewski.pl\/zwrzeszcza\/wp-content\/uploads\/2020\/11\/wrzeszcz_zmiany_7.jpg\" alt=\"\" width=\"1000\" height=\"750\" srcset=\"https:\/\/jarekwasielewski.pl\/zwrzeszcza\/wp-content\/uploads\/2020\/11\/wrzeszcz_zmiany_7.jpg 1000w, https:\/\/jarekwasielewski.pl\/zwrzeszcza\/wp-content\/uploads\/2020\/11\/wrzeszcz_zmiany_7-300x225.jpg 300w, https:\/\/jarekwasielewski.pl\/zwrzeszcza\/wp-content\/uploads\/2020\/11\/wrzeszcz_zmiany_7-768x576.jpg 768w\" sizes=\"auto, (max-width: 1000px) 100vw, 1000px\" \/><\/a><\/p>\n<p style=\"text-align: justify;\"><a href=\"https:\/\/historia.trojmiasto.pl\/Kiedys-pruskie-wojska-potem-zaglebie-handlu-dzis-meble-n111981.html\" target=\"_blank\" rel=\"noopener noreferrer\">Centrum handlowe przy al. Grunwaldzkiej 211<\/a>, wrzesie\u0144 2012:<\/p>\n<p style=\"text-align: justify;\"><a href=\"http:\/\/jarekwasielewski.pl\/zwrzeszcza\/wp-content\/uploads\/2020\/11\/wrzeszcz_zmiany_8.jpg\" target=\"_blank\" rel=\"noopener noreferrer\"><img loading=\"lazy\" decoding=\"async\" class=\"alignnone wp-image-4375 size-full\" src=\"http:\/\/jarekwasielewski.pl\/zwrzeszcza\/wp-content\/uploads\/2020\/11\/wrzeszcz_zmiany_8.jpg\" alt=\"\" width=\"1000\" height=\"750\" srcset=\"https:\/\/jarekwasielewski.pl\/zwrzeszcza\/wp-content\/uploads\/2020\/11\/wrzeszcz_zmiany_8.jpg 1000w, https:\/\/jarekwasielewski.pl\/zwrzeszcza\/wp-content\/uploads\/2020\/11\/wrzeszcz_zmiany_8-300x225.jpg 300w, https:\/\/jarekwasielewski.pl\/zwrzeszcza\/wp-content\/uploads\/2020\/11\/wrzeszcz_zmiany_8-768x576.jpg 768w\" sizes=\"auto, (max-width: 1000px) 100vw, 1000px\" \/><\/a><\/p>\n<p style=\"text-align: justify;\"><a href=\"http:\/\/jarekwasielewski.pl\/zwrzeszcza\/2014\/06\/poczta-przy-ul-mickiewicza-na-sprzedaz\/\">Poczta<\/a> przy ul. Mickiewicza w czerwcu 2011:<\/p>\n<p style=\"text-align: justify;\"><a href=\"http:\/\/jarekwasielewski.pl\/zwrzeszcza\/wp-content\/uploads\/2020\/11\/wrzeszcz_zmiany_9.jpg\" target=\"_blank\" rel=\"noopener noreferrer\"><img loading=\"lazy\" decoding=\"async\" class=\"alignnone wp-image-4376 size-full\" src=\"http:\/\/jarekwasielewski.pl\/zwrzeszcza\/wp-content\/uploads\/2020\/11\/wrzeszcz_zmiany_9.jpg\" alt=\"\" width=\"1000\" height=\"750\" srcset=\"https:\/\/jarekwasielewski.pl\/zwrzeszcza\/wp-content\/uploads\/2020\/11\/wrzeszcz_zmiany_9.jpg 1000w, https:\/\/jarekwasielewski.pl\/zwrzeszcza\/wp-content\/uploads\/2020\/11\/wrzeszcz_zmiany_9-300x225.jpg 300w, https:\/\/jarekwasielewski.pl\/zwrzeszcza\/wp-content\/uploads\/2020\/11\/wrzeszcz_zmiany_9-768x576.jpg 768w\" sizes=\"auto, (max-width: 1000px) 100vw, 1000px\" \/><\/a><\/p>\n<p style=\"text-align: justify;\">Parafrazuj\u0105c nadu\u017cywany cytat: <strong>Spieszmy si\u0119 kocha\u0107 stary Wrzeszcz, tak szybko odchodzi&#8230;<\/strong><\/p>\n<p style=\"text-align: justify;\">&nbsp;<\/p>\n","protected":false},"excerpt":{"rendered":"<p>Wrzeszcz &#8211; a przynajmniej jego fragmenty &#8211; zmienia si\u0119 bardzo szybko. Niby wszyscy to wiemy, obserwujemy nowe inwestycje na co dzie\u0144, jednak chyba nie do ko\u0144ca zdajemy sobie spraw\u0119, ze skali tych zmian.<\/p>\n","protected":false},"author":1,"featured_media":4368,"comment_status":"open","ping_status":"open","sticky":false,"template":"","format":"standard","meta":{"ngg_post_thumbnail":0,"footnotes":""},"categories":[3,8],"tags":[],"class_list":["post-4367","post","type-post","status-publish","format-standard","has-post-thumbnail","hentry","category-aktualnosci","category-wszystkie"],"yoast_head":"<!-- This site is optimized with the Yoast SEO plugin v27.3 - https:\/\/yoast.com\/product\/yoast-seo-wordpress\/ -->\n<title>Jak bardzo zmieni\u0142 si\u0119 Wrzeszcz w ostatnich latach? - Wrzeszcz Jarka Wasielewskiego<\/title>\n<meta name=\"robots\" content=\"index, follow, max-snippet:-1, max-image-preview:large, max-video-preview:-1\" \/>\n<link rel=\"canonical\" href=\"https:\/\/jarekwasielewski.pl\/zwrzeszcza\/2020\/12\/jak-bardzo-zmienil-sie-wrzeszcz-w-ostatnich-latach\/\" \/>\n<meta property=\"og:locale\" content=\"pl_PL\" \/>\n<meta property=\"og:type\" content=\"article\" \/>\n<meta property=\"og:title\" content=\"Jak bardzo zmieni\u0142 si\u0119 Wrzeszcz w ostatnich latach? - Wrzeszcz Jarka Wasielewskiego\" \/>\n<meta property=\"og:description\" content=\"Wrzeszcz &#8211; a przynajmniej jego fragmenty &#8211; zmienia si\u0119 bardzo szybko. Niby wszyscy to wiemy, obserwujemy nowe inwestycje na co dzie\u0144, jednak chyba nie do ko\u0144ca zdajemy sobie spraw\u0119, ze skali tych zmian.\" \/>\n<meta property=\"og:url\" content=\"https:\/\/jarekwasielewski.pl\/zwrzeszcza\/2020\/12\/jak-bardzo-zmienil-sie-wrzeszcz-w-ostatnich-latach\/\" \/>\n<meta property=\"og:site_name\" content=\"Wrzeszcz Jarka Wasielewskiego\" \/>\n<meta property=\"article:published_time\" content=\"2020-12-01T08:00:49+00:00\" \/>\n<meta property=\"article:modified_time\" content=\"2023-11-13T16:36:25+00:00\" \/>\n<meta property=\"og:image\" content=\"https:\/\/jarekwasielewski.pl\/zwrzeszcza\/wp-content\/uploads\/2020\/11\/wrzeszcz_zmiany_1.jpg\" \/>\n\t<meta property=\"og:image:width\" content=\"1000\" \/>\n\t<meta property=\"og:image:height\" content=\"750\" \/>\n\t<meta property=\"og:image:type\" content=\"image\/jpeg\" \/>\n<meta name=\"author\" content=\"Jarek Wasielewski\" \/>\n<meta name=\"twitter:card\" content=\"summary_large_image\" \/>\n<meta name=\"twitter:label1\" content=\"Napisane przez\" \/>\n\t<meta name=\"twitter:data1\" content=\"Jarek Wasielewski\" \/>\n\t<meta name=\"twitter:label2\" content=\"Szacowany czas czytania\" \/>\n\t<meta name=\"twitter:data2\" content=\"3 minuty\" \/>\n<script type=\"application\/ld+json\" class=\"yoast-schema-graph\">{\"@context\":\"https:\\\/\\\/schema.org\",\"@graph\":[{\"@type\":\"Article\",\"@id\":\"https:\\\/\\\/jarekwasielewski.pl\\\/zwrzeszcza\\\/2020\\\/12\\\/jak-bardzo-zmienil-sie-wrzeszcz-w-ostatnich-latach\\\/#article\",\"isPartOf\":{\"@id\":\"https:\\\/\\\/jarekwasielewski.pl\\\/zwrzeszcza\\\/2020\\\/12\\\/jak-bardzo-zmienil-sie-wrzeszcz-w-ostatnich-latach\\\/\"},\"author\":{\"name\":\"Jarek Wasielewski\",\"@id\":\"https:\\\/\\\/jarekwasielewski.pl\\\/zwrzeszcza\\\/#\\\/schema\\\/person\\\/807e6ca1f9fadc1945bd9ac746422589\"},\"headline\":\"Jak bardzo zmieni\u0142 si\u0119 Wrzeszcz w ostatnich latach?\",\"datePublished\":\"2020-12-01T08:00:49+00:00\",\"dateModified\":\"2023-11-13T16:36:25+00:00\",\"mainEntityOfPage\":{\"@id\":\"https:\\\/\\\/jarekwasielewski.pl\\\/zwrzeszcza\\\/2020\\\/12\\\/jak-bardzo-zmienil-sie-wrzeszcz-w-ostatnich-latach\\\/\"},\"wordCount\":167,\"commentCount\":4,\"publisher\":{\"@id\":\"https:\\\/\\\/jarekwasielewski.pl\\\/zwrzeszcza\\\/#\\\/schema\\\/person\\\/807e6ca1f9fadc1945bd9ac746422589\"},\"image\":{\"@id\":\"https:\\\/\\\/jarekwasielewski.pl\\\/zwrzeszcza\\\/2020\\\/12\\\/jak-bardzo-zmienil-sie-wrzeszcz-w-ostatnich-latach\\\/#primaryimage\"},\"thumbnailUrl\":\"https:\\\/\\\/jarekwasielewski.pl\\\/zwrzeszcza\\\/wp-content\\\/uploads\\\/2020\\\/11\\\/wrzeszcz_zmiany_1.jpg\",\"articleSection\":[\"Aktualno\u015bci\",\"Wszystkie\"],\"inLanguage\":\"pl-PL\",\"potentialAction\":[{\"@type\":\"CommentAction\",\"name\":\"Comment\",\"target\":[\"https:\\\/\\\/jarekwasielewski.pl\\\/zwrzeszcza\\\/2020\\\/12\\\/jak-bardzo-zmienil-sie-wrzeszcz-w-ostatnich-latach\\\/#respond\"]}]},{\"@type\":\"WebPage\",\"@id\":\"https:\\\/\\\/jarekwasielewski.pl\\\/zwrzeszcza\\\/2020\\\/12\\\/jak-bardzo-zmienil-sie-wrzeszcz-w-ostatnich-latach\\\/\",\"url\":\"https:\\\/\\\/jarekwasielewski.pl\\\/zwrzeszcza\\\/2020\\\/12\\\/jak-bardzo-zmienil-sie-wrzeszcz-w-ostatnich-latach\\\/\",\"name\":\"Jak bardzo zmieni\u0142 si\u0119 Wrzeszcz w ostatnich latach? - Wrzeszcz Jarka Wasielewskiego\",\"isPartOf\":{\"@id\":\"https:\\\/\\\/jarekwasielewski.pl\\\/zwrzeszcza\\\/#website\"},\"primaryImageOfPage\":{\"@id\":\"https:\\\/\\\/jarekwasielewski.pl\\\/zwrzeszcza\\\/2020\\\/12\\\/jak-bardzo-zmienil-sie-wrzeszcz-w-ostatnich-latach\\\/#primaryimage\"},\"image\":{\"@id\":\"https:\\\/\\\/jarekwasielewski.pl\\\/zwrzeszcza\\\/2020\\\/12\\\/jak-bardzo-zmienil-sie-wrzeszcz-w-ostatnich-latach\\\/#primaryimage\"},\"thumbnailUrl\":\"https:\\\/\\\/jarekwasielewski.pl\\\/zwrzeszcza\\\/wp-content\\\/uploads\\\/2020\\\/11\\\/wrzeszcz_zmiany_1.jpg\",\"datePublished\":\"2020-12-01T08:00:49+00:00\",\"dateModified\":\"2023-11-13T16:36:25+00:00\",\"breadcrumb\":{\"@id\":\"https:\\\/\\\/jarekwasielewski.pl\\\/zwrzeszcza\\\/2020\\\/12\\\/jak-bardzo-zmienil-sie-wrzeszcz-w-ostatnich-latach\\\/#breadcrumb\"},\"inLanguage\":\"pl-PL\",\"potentialAction\":[{\"@type\":\"ReadAction\",\"target\":[\"https:\\\/\\\/jarekwasielewski.pl\\\/zwrzeszcza\\\/2020\\\/12\\\/jak-bardzo-zmienil-sie-wrzeszcz-w-ostatnich-latach\\\/\"]}]},{\"@type\":\"ImageObject\",\"inLanguage\":\"pl-PL\",\"@id\":\"https:\\\/\\\/jarekwasielewski.pl\\\/zwrzeszcza\\\/2020\\\/12\\\/jak-bardzo-zmienil-sie-wrzeszcz-w-ostatnich-latach\\\/#primaryimage\",\"url\":\"https:\\\/\\\/jarekwasielewski.pl\\\/zwrzeszcza\\\/wp-content\\\/uploads\\\/2020\\\/11\\\/wrzeszcz_zmiany_1.jpg\",\"contentUrl\":\"https:\\\/\\\/jarekwasielewski.pl\\\/zwrzeszcza\\\/wp-content\\\/uploads\\\/2020\\\/11\\\/wrzeszcz_zmiany_1.jpg\",\"width\":1000,\"height\":750},{\"@type\":\"BreadcrumbList\",\"@id\":\"https:\\\/\\\/jarekwasielewski.pl\\\/zwrzeszcza\\\/2020\\\/12\\\/jak-bardzo-zmienil-sie-wrzeszcz-w-ostatnich-latach\\\/#breadcrumb\",\"itemListElement\":[{\"@type\":\"ListItem\",\"position\":1,\"name\":\"Strona g\u0142\u00f3wna\",\"item\":\"https:\\\/\\\/jarekwasielewski.pl\\\/zwrzeszcza\\\/\"},{\"@type\":\"ListItem\",\"position\":2,\"name\":\"Jak bardzo zmieni\u0142 si\u0119 Wrzeszcz w ostatnich latach?\"}]},{\"@type\":\"WebSite\",\"@id\":\"https:\\\/\\\/jarekwasielewski.pl\\\/zwrzeszcza\\\/#website\",\"url\":\"https:\\\/\\\/jarekwasielewski.pl\\\/zwrzeszcza\\\/\",\"name\":\"Wrzeszcza Jarka Wasielewskiego\",\"description\":\"Blog Jarka Wasielewskiego o Wrzeszczu\",\"publisher\":{\"@id\":\"https:\\\/\\\/jarekwasielewski.pl\\\/zwrzeszcza\\\/#\\\/schema\\\/person\\\/807e6ca1f9fadc1945bd9ac746422589\"},\"potentialAction\":[{\"@type\":\"SearchAction\",\"target\":{\"@type\":\"EntryPoint\",\"urlTemplate\":\"https:\\\/\\\/jarekwasielewski.pl\\\/zwrzeszcza\\\/?s={search_term_string}\"},\"query-input\":{\"@type\":\"PropertyValueSpecification\",\"valueRequired\":true,\"valueName\":\"search_term_string\"}}],\"inLanguage\":\"pl-PL\"},{\"@type\":[\"Person\",\"Organization\"],\"@id\":\"https:\\\/\\\/jarekwasielewski.pl\\\/zwrzeszcza\\\/#\\\/schema\\\/person\\\/807e6ca1f9fadc1945bd9ac746422589\",\"name\":\"Jarek Wasielewski\",\"image\":{\"@type\":\"ImageObject\",\"inLanguage\":\"pl-PL\",\"@id\":\"http:\\\/\\\/jarekwasielewski.pl\\\/zwrzeszcza\\\/wp-content\\\/uploads\\\/2021\\\/09\\\/jw.png\",\"url\":\"http:\\\/\\\/jarekwasielewski.pl\\\/zwrzeszcza\\\/wp-content\\\/uploads\\\/2021\\\/09\\\/jw.png\",\"contentUrl\":\"http:\\\/\\\/jarekwasielewski.pl\\\/zwrzeszcza\\\/wp-content\\\/uploads\\\/2021\\\/09\\\/jw.png\",\"width\":715,\"height\":630,\"caption\":\"Jarek Wasielewski\"},\"logo\":{\"@id\":\"http:\\\/\\\/jarekwasielewski.pl\\\/zwrzeszcza\\\/wp-content\\\/uploads\\\/2021\\\/09\\\/jw.png\"},\"sameAs\":[\"http:\\\/\\\/jarekwasielewski.pl\\\/zwrzeszcza\"]}]}<\/script>\n<!-- \/ Yoast SEO plugin. -->","yoast_head_json":{"title":"Jak bardzo zmieni\u0142 si\u0119 Wrzeszcz w ostatnich latach? - Wrzeszcz Jarka Wasielewskiego","robots":{"index":"index","follow":"follow","max-snippet":"max-snippet:-1","max-image-preview":"max-image-preview:large","max-video-preview":"max-video-preview:-1"},"canonical":"https:\/\/jarekwasielewski.pl\/zwrzeszcza\/2020\/12\/jak-bardzo-zmienil-sie-wrzeszcz-w-ostatnich-latach\/","og_locale":"pl_PL","og_type":"article","og_title":"Jak bardzo zmieni\u0142 si\u0119 Wrzeszcz w ostatnich latach? - Wrzeszcz Jarka Wasielewskiego","og_description":"Wrzeszcz &#8211; a przynajmniej jego fragmenty &#8211; zmienia si\u0119 bardzo szybko. Niby wszyscy to wiemy, obserwujemy nowe inwestycje na co dzie\u0144, jednak chyba nie do ko\u0144ca zdajemy sobie spraw\u0119, ze skali tych zmian.","og_url":"https:\/\/jarekwasielewski.pl\/zwrzeszcza\/2020\/12\/jak-bardzo-zmienil-sie-wrzeszcz-w-ostatnich-latach\/","og_site_name":"Wrzeszcz Jarka Wasielewskiego","article_published_time":"2020-12-01T08:00:49+00:00","article_modified_time":"2023-11-13T16:36:25+00:00","og_image":[{"width":1000,"height":750,"url":"https:\/\/jarekwasielewski.pl\/zwrzeszcza\/wp-content\/uploads\/2020\/11\/wrzeszcz_zmiany_1.jpg","type":"image\/jpeg"}],"author":"Jarek Wasielewski","twitter_card":"summary_large_image","twitter_misc":{"Napisane przez":"Jarek Wasielewski","Szacowany czas czytania":"3 minuty"},"schema":{"@context":"https:\/\/schema.org","@graph":[{"@type":"Article","@id":"https:\/\/jarekwasielewski.pl\/zwrzeszcza\/2020\/12\/jak-bardzo-zmienil-sie-wrzeszcz-w-ostatnich-latach\/#article","isPartOf":{"@id":"https:\/\/jarekwasielewski.pl\/zwrzeszcza\/2020\/12\/jak-bardzo-zmienil-sie-wrzeszcz-w-ostatnich-latach\/"},"author":{"name":"Jarek Wasielewski","@id":"https:\/\/jarekwasielewski.pl\/zwrzeszcza\/#\/schema\/person\/807e6ca1f9fadc1945bd9ac746422589"},"headline":"Jak bardzo zmieni\u0142 si\u0119 Wrzeszcz w ostatnich latach?","datePublished":"2020-12-01T08:00:49+00:00","dateModified":"2023-11-13T16:36:25+00:00","mainEntityOfPage":{"@id":"https:\/\/jarekwasielewski.pl\/zwrzeszcza\/2020\/12\/jak-bardzo-zmienil-sie-wrzeszcz-w-ostatnich-latach\/"},"wordCount":167,"commentCount":4,"publisher":{"@id":"https:\/\/jarekwasielewski.pl\/zwrzeszcza\/#\/schema\/person\/807e6ca1f9fadc1945bd9ac746422589"},"image":{"@id":"https:\/\/jarekwasielewski.pl\/zwrzeszcza\/2020\/12\/jak-bardzo-zmienil-sie-wrzeszcz-w-ostatnich-latach\/#primaryimage"},"thumbnailUrl":"https:\/\/jarekwasielewski.pl\/zwrzeszcza\/wp-content\/uploads\/2020\/11\/wrzeszcz_zmiany_1.jpg","articleSection":["Aktualno\u015bci","Wszystkie"],"inLanguage":"pl-PL","potentialAction":[{"@type":"CommentAction","name":"Comment","target":["https:\/\/jarekwasielewski.pl\/zwrzeszcza\/2020\/12\/jak-bardzo-zmienil-sie-wrzeszcz-w-ostatnich-latach\/#respond"]}]},{"@type":"WebPage","@id":"https:\/\/jarekwasielewski.pl\/zwrzeszcza\/2020\/12\/jak-bardzo-zmienil-sie-wrzeszcz-w-ostatnich-latach\/","url":"https:\/\/jarekwasielewski.pl\/zwrzeszcza\/2020\/12\/jak-bardzo-zmienil-sie-wrzeszcz-w-ostatnich-latach\/","name":"Jak bardzo zmieni\u0142 si\u0119 Wrzeszcz w ostatnich latach? - Wrzeszcz Jarka Wasielewskiego","isPartOf":{"@id":"https:\/\/jarekwasielewski.pl\/zwrzeszcza\/#website"},"primaryImageOfPage":{"@id":"https:\/\/jarekwasielewski.pl\/zwrzeszcza\/2020\/12\/jak-bardzo-zmienil-sie-wrzeszcz-w-ostatnich-latach\/#primaryimage"},"image":{"@id":"https:\/\/jarekwasielewski.pl\/zwrzeszcza\/2020\/12\/jak-bardzo-zmienil-sie-wrzeszcz-w-ostatnich-latach\/#primaryimage"},"thumbnailUrl":"https:\/\/jarekwasielewski.pl\/zwrzeszcza\/wp-content\/uploads\/2020\/11\/wrzeszcz_zmiany_1.jpg","datePublished":"2020-12-01T08:00:49+00:00","dateModified":"2023-11-13T16:36:25+00:00","breadcrumb":{"@id":"https:\/\/jarekwasielewski.pl\/zwrzeszcza\/2020\/12\/jak-bardzo-zmienil-sie-wrzeszcz-w-ostatnich-latach\/#breadcrumb"},"inLanguage":"pl-PL","potentialAction":[{"@type":"ReadAction","target":["https:\/\/jarekwasielewski.pl\/zwrzeszcza\/2020\/12\/jak-bardzo-zmienil-sie-wrzeszcz-w-ostatnich-latach\/"]}]},{"@type":"ImageObject","inLanguage":"pl-PL","@id":"https:\/\/jarekwasielewski.pl\/zwrzeszcza\/2020\/12\/jak-bardzo-zmienil-sie-wrzeszcz-w-ostatnich-latach\/#primaryimage","url":"https:\/\/jarekwasielewski.pl\/zwrzeszcza\/wp-content\/uploads\/2020\/11\/wrzeszcz_zmiany_1.jpg","contentUrl":"https:\/\/jarekwasielewski.pl\/zwrzeszcza\/wp-content\/uploads\/2020\/11\/wrzeszcz_zmiany_1.jpg","width":1000,"height":750},{"@type":"BreadcrumbList","@id":"https:\/\/jarekwasielewski.pl\/zwrzeszcza\/2020\/12\/jak-bardzo-zmienil-sie-wrzeszcz-w-ostatnich-latach\/#breadcrumb","itemListElement":[{"@type":"ListItem","position":1,"name":"Strona g\u0142\u00f3wna","item":"https:\/\/jarekwasielewski.pl\/zwrzeszcza\/"},{"@type":"ListItem","position":2,"name":"Jak bardzo zmieni\u0142 si\u0119 Wrzeszcz w ostatnich latach?"}]},{"@type":"WebSite","@id":"https:\/\/jarekwasielewski.pl\/zwrzeszcza\/#website","url":"https:\/\/jarekwasielewski.pl\/zwrzeszcza\/","name":"Wrzeszcza Jarka Wasielewskiego","description":"Blog Jarka Wasielewskiego o Wrzeszczu","publisher":{"@id":"https:\/\/jarekwasielewski.pl\/zwrzeszcza\/#\/schema\/person\/807e6ca1f9fadc1945bd9ac746422589"},"potentialAction":[{"@type":"SearchAction","target":{"@type":"EntryPoint","urlTemplate":"https:\/\/jarekwasielewski.pl\/zwrzeszcza\/?s={search_term_string}"},"query-input":{"@type":"PropertyValueSpecification","valueRequired":true,"valueName":"search_term_string"}}],"inLanguage":"pl-PL"},{"@type":["Person","Organization"],"@id":"https:\/\/jarekwasielewski.pl\/zwrzeszcza\/#\/schema\/person\/807e6ca1f9fadc1945bd9ac746422589","name":"Jarek Wasielewski","image":{"@type":"ImageObject","inLanguage":"pl-PL","@id":"http:\/\/jarekwasielewski.pl\/zwrzeszcza\/wp-content\/uploads\/2021\/09\/jw.png","url":"http:\/\/jarekwasielewski.pl\/zwrzeszcza\/wp-content\/uploads\/2021\/09\/jw.png","contentUrl":"http:\/\/jarekwasielewski.pl\/zwrzeszcza\/wp-content\/uploads\/2021\/09\/jw.png","width":715,"height":630,"caption":"Jarek Wasielewski"},"logo":{"@id":"http:\/\/jarekwasielewski.pl\/zwrzeszcza\/wp-content\/uploads\/2021\/09\/jw.png"},"sameAs":["http:\/\/jarekwasielewski.pl\/zwrzeszcza"]}]}},"_links":{"self":[{"href":"https:\/\/jarekwasielewski.pl\/zwrzeszcza\/wp-json\/wp\/v2\/posts\/4367","targetHints":{"allow":["GET"]}}],"collection":[{"href":"https:\/\/jarekwasielewski.pl\/zwrzeszcza\/wp-json\/wp\/v2\/posts"}],"about":[{"href":"https:\/\/jarekwasielewski.pl\/zwrzeszcza\/wp-json\/wp\/v2\/types\/post"}],"author":[{"embeddable":true,"href":"https:\/\/jarekwasielewski.pl\/zwrzeszcza\/wp-json\/wp\/v2\/users\/1"}],"replies":[{"embeddable":true,"href":"https:\/\/jarekwasielewski.pl\/zwrzeszcza\/wp-json\/wp\/v2\/comments?post=4367"}],"version-history":[{"count":1,"href":"https:\/\/jarekwasielewski.pl\/zwrzeszcza\/wp-json\/wp\/v2\/posts\/4367\/revisions"}],"predecessor-version":[{"id":5678,"href":"https:\/\/jarekwasielewski.pl\/zwrzeszcza\/wp-json\/wp\/v2\/posts\/4367\/revisions\/5678"}],"wp:featuredmedia":[{"embeddable":true,"href":"https:\/\/jarekwasielewski.pl\/zwrzeszcza\/wp-json\/wp\/v2\/media\/4368"}],"wp:attachment":[{"href":"https:\/\/jarekwasielewski.pl\/zwrzeszcza\/wp-json\/wp\/v2\/media?parent=4367"}],"wp:term":[{"taxonomy":"category","embeddable":true,"href":"https:\/\/jarekwasielewski.pl\/zwrzeszcza\/wp-json\/wp\/v2\/categories?post=4367"},{"taxonomy":"post_tag","embeddable":true,"href":"https:\/\/jarekwasielewski.pl\/zwrzeszcza\/wp-json\/wp\/v2\/tags?post=4367"}],"curies":[{"name":"wp","href":"https:\/\/api.w.org\/{rel}","templated":true}]}}