{"id":3771,"date":"2019-07-21T10:34:09","date_gmt":"2019-07-21T08:34:09","guid":{"rendered":"http:\/\/jarekwasielewski.pl\/zwrzeszcza\/?p=3771"},"modified":"2020-07-16T10:54:01","modified_gmt":"2020-07-16T08:54:01","slug":"z-wizyta-w-starym-sobieskim-na-szubienicznej-gorze","status":"publish","type":"post","link":"https:\/\/jarekwasielewski.pl\/zwrzeszcza\/2019\/07\/z-wizyta-w-starym-sobieskim-na-szubienicznej-gorze\/","title":{"rendered":"Z wizyt\u0105 w Starym Sobieskim na Szubienicznej G\u00f3rze"},"content":{"rendered":"<p style=\"text-align: justify;\"><a href=\"http:\/\/jarekwasielewski.pl\/zwrzeszcza\/2018\/07\/stary-sobieski-szubieniczna-gora-i-piekne-widoki\/\">Rok temu pisa\u0142em<\/a> o nowym punkcie widokowym na Szubienicznej G\u00f3rze oraz planowanym udost\u0119pnieniu do zwiedzania nieczynnego od dw\u00f3ch dekad zbiornika wodoci\u0105gowego zwanego Starym Sobieskim. W zesz\u0142\u0105 niedziel\u0119 w ko\u0144cu wszed\u0142em do \u015brodka.<\/p>\n<p style=\"text-align: justify;\">Gwoli przypomnienia: zbiornik wodoci\u0105gowy Stary Sobieski oddano w 1911 roku. Przez ponad osiem dekad utrzymywa\u0142 stabilne ci\u015bnienie w miejskiej sieci wodoci\u0105gowej, s\u0142u\u017c\u0105c zarazem jako rezerwuar wody dla mieszka\u0144c\u00f3w p\u00f3\u0142nocnych dzielnic Gda\u0144ska, czyli Wrzeszcza, Oliwy, Jelitkowa, Brze\u017ana i Nowego Portu. T\u0119 ogromn\u0105, podziemn\u0105 budowl\u0119 na rzucie ko\u0142a, wkomponowan\u0105 w zachodnie zbocze G\u00f3ry Szubienicznej, w ca\u0142o\u015bci wykonano z \u017celbetu. Wed\u0142ug znawc\u00f3w jest to unikatowy zabytek sztuki in\u017cynieryjnej; jego wyposa\u017cenie zachowa\u0142o si\u0119 w zaskakuj\u0105co dobrym stanie. Ostatnio obiekt wyremontowano, zaopatrzono w ekspozycj\u0119 historyczn\u0105 &#8211; zar\u00f3wno plansze z reprodukcjami, jak i oryginalne dokumenty oraz autentyczne artefakty pochodz\u0105ce m.in. z wykopalisk &#8211; oraz zadbano o przewodnika. Oto wyb\u00f3r zdj\u0119\u0107 z mojej w nim wizyty:<\/p>\nngg_shortcode_0_placeholder\n<p style=\"text-align: justify;\">Dodam tylko, \u017ce w zewn\u0119trznym pier\u015bcieniu panuj\u0105 <a href=\"https:\/\/www.facebook.com\/zwrzeszcza\/videos\/487377355352411\/\" target=\"_blank\" rel=\"noopener noreferrer\">niesamowite warunki akustyczne<\/a>. Wi\u0119cej nie napisz\u0119, ani nie poka\u017c\u0119 &#8211; p\u00f3jd\u017acie tam i przekonajcie si\u0119 sami \ud83d\ude42 Na wizyt\u0119 w Starym Sobieskim mo\u017cecie zapisa\u0107 si\u0119 <a href=\"http:\/\/www.giwk.pl\/gdanskiszlakwodociagowy\/zapisynaobiektygsw\/zapisyzwss.html\" target=\"_blank\" rel=\"noopener noreferrer\">tutaj<\/a> (cena biletu to tylko 5 z\u0142). Warto!<\/p>\n<h3 style=\"text-align: justify;\">&nbsp;<\/h3>\n","protected":false},"excerpt":{"rendered":"<p>Rok temu pisa\u0142em o nowym punkcie widokowym na Szubienicznej G\u00f3rze oraz planowanym udost\u0119pnieniu do zwiedzania nieczynnego od dw\u00f3ch dekad zbiornika wodoci\u0105gowego zwanego Starym Sobieskim. W zesz\u0142\u0105 niedziel\u0119 w ko\u0144cu wszed\u0142em do \u015brodka. Gwoli przypomnienia: zbiornik wodoci\u0105gowy Stary Sobieski oddano w 1911 roku. Przez ponad osiem dekad utrzymywa\u0142 stabilne ci\u015bnienie w miejskiej sieci wodoci\u0105gowej, s\u0142u\u017c\u0105c zarazem&hellip;<\/p>\n","protected":false},"author":1,"featured_media":3795,"comment_status":"open","ping_status":"open","sticky":false,"template":"","format":"standard","meta":{"ngg_post_thumbnail":0,"footnotes":""},"categories":[3,8],"tags":[],"class_list":["post-3771","post","type-post","status-publish","format-standard","has-post-thumbnail","hentry","category-aktualnosci","category-wszystkie"],"yoast_head":"<!-- This site is optimized with the Yoast SEO plugin v27.3 - https:\/\/yoast.com\/product\/yoast-seo-wordpress\/ -->\n<title>Z wizyt\u0105 w Starym Sobieskim na Szubienicznej G\u00f3rze - Wrzeszcz Jarka Wasielewskiego<\/title>\n<meta name=\"robots\" content=\"index, follow, max-snippet:-1, max-image-preview:large, max-video-preview:-1\" \/>\n<link rel=\"canonical\" href=\"https:\/\/jarekwasielewski.pl\/zwrzeszcza\/2019\/07\/z-wizyta-w-starym-sobieskim-na-szubienicznej-gorze\/\" \/>\n<meta property=\"og:locale\" content=\"pl_PL\" \/>\n<meta property=\"og:type\" content=\"article\" \/>\n<meta property=\"og:title\" content=\"Z wizyt\u0105 w Starym Sobieskim na Szubienicznej G\u00f3rze - Wrzeszcz Jarka Wasielewskiego\" \/>\n<meta property=\"og:description\" content=\"Rok temu pisa\u0142em o nowym punkcie widokowym na Szubienicznej G\u00f3rze oraz planowanym udost\u0119pnieniu do zwiedzania nieczynnego od dw\u00f3ch dekad zbiornika wodoci\u0105gowego zwanego Starym Sobieskim. W zesz\u0142\u0105 niedziel\u0119 w ko\u0144cu wszed\u0142em do \u015brodka. Gwoli przypomnienia: zbiornik wodoci\u0105gowy Stary Sobieski oddano w 1911 roku. Przez ponad osiem dekad utrzymywa\u0142 stabilne ci\u015bnienie w miejskiej sieci wodoci\u0105gowej, s\u0142u\u017c\u0105c zarazem&hellip;\" \/>\n<meta property=\"og:url\" content=\"https:\/\/jarekwasielewski.pl\/zwrzeszcza\/2019\/07\/z-wizyta-w-starym-sobieskim-na-szubienicznej-gorze\/\" \/>\n<meta property=\"og:site_name\" content=\"Wrzeszcz Jarka Wasielewskiego\" \/>\n<meta property=\"article:published_time\" content=\"2019-07-21T08:34:09+00:00\" \/>\n<meta property=\"article:modified_time\" content=\"2020-07-16T08:54:01+00:00\" \/>\n<meta property=\"og:image\" content=\"https:\/\/jarekwasielewski.pl\/zwrzeszcza\/wp-content\/uploads\/2019\/07\/wrzeszcz_stary_sobieski_02.jpg\" \/>\n\t<meta property=\"og:image:width\" content=\"1000\" \/>\n\t<meta property=\"og:image:height\" content=\"667\" \/>\n\t<meta property=\"og:image:type\" content=\"image\/jpeg\" \/>\n<meta name=\"author\" content=\"Jarek Wasielewski\" \/>\n<meta name=\"twitter:card\" content=\"summary_large_image\" \/>\n<meta name=\"twitter:label1\" content=\"Napisane przez\" \/>\n\t<meta name=\"twitter:data1\" content=\"Jarek Wasielewski\" \/>\n\t<meta name=\"twitter:label2\" content=\"Szacowany czas czytania\" \/>\n\t<meta name=\"twitter:data2\" content=\"1 minuta\" \/>\n<script type=\"application\/ld+json\" class=\"yoast-schema-graph\">{\"@context\":\"https:\\\/\\\/schema.org\",\"@graph\":[{\"@type\":\"Article\",\"@id\":\"https:\\\/\\\/jarekwasielewski.pl\\\/zwrzeszcza\\\/2019\\\/07\\\/z-wizyta-w-starym-sobieskim-na-szubienicznej-gorze\\\/#article\",\"isPartOf\":{\"@id\":\"https:\\\/\\\/jarekwasielewski.pl\\\/zwrzeszcza\\\/2019\\\/07\\\/z-wizyta-w-starym-sobieskim-na-szubienicznej-gorze\\\/\"},\"author\":{\"name\":\"Jarek Wasielewski\",\"@id\":\"https:\\\/\\\/jarekwasielewski.pl\\\/zwrzeszcza\\\/#\\\/schema\\\/person\\\/807e6ca1f9fadc1945bd9ac746422589\"},\"headline\":\"Z wizyt\u0105 w Starym Sobieskim na Szubienicznej G\u00f3rze\",\"datePublished\":\"2019-07-21T08:34:09+00:00\",\"dateModified\":\"2020-07-16T08:54:01+00:00\",\"mainEntityOfPage\":{\"@id\":\"https:\\\/\\\/jarekwasielewski.pl\\\/zwrzeszcza\\\/2019\\\/07\\\/z-wizyta-w-starym-sobieskim-na-szubienicznej-gorze\\\/\"},\"wordCount\":240,\"commentCount\":1,\"publisher\":{\"@id\":\"https:\\\/\\\/jarekwasielewski.pl\\\/zwrzeszcza\\\/#\\\/schema\\\/person\\\/807e6ca1f9fadc1945bd9ac746422589\"},\"image\":{\"@id\":\"https:\\\/\\\/jarekwasielewski.pl\\\/zwrzeszcza\\\/2019\\\/07\\\/z-wizyta-w-starym-sobieskim-na-szubienicznej-gorze\\\/#primaryimage\"},\"thumbnailUrl\":\"https:\\\/\\\/jarekwasielewski.pl\\\/zwrzeszcza\\\/wp-content\\\/uploads\\\/2019\\\/07\\\/wrzeszcz_stary_sobieski_02.jpg\",\"articleSection\":[\"Aktualno\u015bci\",\"Wszystkie\"],\"inLanguage\":\"pl-PL\",\"potentialAction\":[{\"@type\":\"CommentAction\",\"name\":\"Comment\",\"target\":[\"https:\\\/\\\/jarekwasielewski.pl\\\/zwrzeszcza\\\/2019\\\/07\\\/z-wizyta-w-starym-sobieskim-na-szubienicznej-gorze\\\/#respond\"]}]},{\"@type\":\"WebPage\",\"@id\":\"https:\\\/\\\/jarekwasielewski.pl\\\/zwrzeszcza\\\/2019\\\/07\\\/z-wizyta-w-starym-sobieskim-na-szubienicznej-gorze\\\/\",\"url\":\"https:\\\/\\\/jarekwasielewski.pl\\\/zwrzeszcza\\\/2019\\\/07\\\/z-wizyta-w-starym-sobieskim-na-szubienicznej-gorze\\\/\",\"name\":\"Z wizyt\u0105 w Starym Sobieskim na Szubienicznej G\u00f3rze - Wrzeszcz Jarka Wasielewskiego\",\"isPartOf\":{\"@id\":\"https:\\\/\\\/jarekwasielewski.pl\\\/zwrzeszcza\\\/#website\"},\"primaryImageOfPage\":{\"@id\":\"https:\\\/\\\/jarekwasielewski.pl\\\/zwrzeszcza\\\/2019\\\/07\\\/z-wizyta-w-starym-sobieskim-na-szubienicznej-gorze\\\/#primaryimage\"},\"image\":{\"@id\":\"https:\\\/\\\/jarekwasielewski.pl\\\/zwrzeszcza\\\/2019\\\/07\\\/z-wizyta-w-starym-sobieskim-na-szubienicznej-gorze\\\/#primaryimage\"},\"thumbnailUrl\":\"https:\\\/\\\/jarekwasielewski.pl\\\/zwrzeszcza\\\/wp-content\\\/uploads\\\/2019\\\/07\\\/wrzeszcz_stary_sobieski_02.jpg\",\"datePublished\":\"2019-07-21T08:34:09+00:00\",\"dateModified\":\"2020-07-16T08:54:01+00:00\",\"breadcrumb\":{\"@id\":\"https:\\\/\\\/jarekwasielewski.pl\\\/zwrzeszcza\\\/2019\\\/07\\\/z-wizyta-w-starym-sobieskim-na-szubienicznej-gorze\\\/#breadcrumb\"},\"inLanguage\":\"pl-PL\",\"potentialAction\":[{\"@type\":\"ReadAction\",\"target\":[\"https:\\\/\\\/jarekwasielewski.pl\\\/zwrzeszcza\\\/2019\\\/07\\\/z-wizyta-w-starym-sobieskim-na-szubienicznej-gorze\\\/\"]}]},{\"@type\":\"ImageObject\",\"inLanguage\":\"pl-PL\",\"@id\":\"https:\\\/\\\/jarekwasielewski.pl\\\/zwrzeszcza\\\/2019\\\/07\\\/z-wizyta-w-starym-sobieskim-na-szubienicznej-gorze\\\/#primaryimage\",\"url\":\"https:\\\/\\\/jarekwasielewski.pl\\\/zwrzeszcza\\\/wp-content\\\/uploads\\\/2019\\\/07\\\/wrzeszcz_stary_sobieski_02.jpg\",\"contentUrl\":\"https:\\\/\\\/jarekwasielewski.pl\\\/zwrzeszcza\\\/wp-content\\\/uploads\\\/2019\\\/07\\\/wrzeszcz_stary_sobieski_02.jpg\",\"width\":1000,\"height\":667},{\"@type\":\"BreadcrumbList\",\"@id\":\"https:\\\/\\\/jarekwasielewski.pl\\\/zwrzeszcza\\\/2019\\\/07\\\/z-wizyta-w-starym-sobieskim-na-szubienicznej-gorze\\\/#breadcrumb\",\"itemListElement\":[{\"@type\":\"ListItem\",\"position\":1,\"name\":\"Strona g\u0142\u00f3wna\",\"item\":\"https:\\\/\\\/jarekwasielewski.pl\\\/zwrzeszcza\\\/\"},{\"@type\":\"ListItem\",\"position\":2,\"name\":\"Z wizyt\u0105 w Starym Sobieskim na Szubienicznej G\u00f3rze\"}]},{\"@type\":\"WebSite\",\"@id\":\"https:\\\/\\\/jarekwasielewski.pl\\\/zwrzeszcza\\\/#website\",\"url\":\"https:\\\/\\\/jarekwasielewski.pl\\\/zwrzeszcza\\\/\",\"name\":\"Wrzeszcza Jarka Wasielewskiego\",\"description\":\"Blog Jarka Wasielewskiego o Wrzeszczu\",\"publisher\":{\"@id\":\"https:\\\/\\\/jarekwasielewski.pl\\\/zwrzeszcza\\\/#\\\/schema\\\/person\\\/807e6ca1f9fadc1945bd9ac746422589\"},\"potentialAction\":[{\"@type\":\"SearchAction\",\"target\":{\"@type\":\"EntryPoint\",\"urlTemplate\":\"https:\\\/\\\/jarekwasielewski.pl\\\/zwrzeszcza\\\/?s={search_term_string}\"},\"query-input\":{\"@type\":\"PropertyValueSpecification\",\"valueRequired\":true,\"valueName\":\"search_term_string\"}}],\"inLanguage\":\"pl-PL\"},{\"@type\":[\"Person\",\"Organization\"],\"@id\":\"https:\\\/\\\/jarekwasielewski.pl\\\/zwrzeszcza\\\/#\\\/schema\\\/person\\\/807e6ca1f9fadc1945bd9ac746422589\",\"name\":\"Jarek Wasielewski\",\"image\":{\"@type\":\"ImageObject\",\"inLanguage\":\"pl-PL\",\"@id\":\"http:\\\/\\\/jarekwasielewski.pl\\\/zwrzeszcza\\\/wp-content\\\/uploads\\\/2021\\\/09\\\/jw.png\",\"url\":\"http:\\\/\\\/jarekwasielewski.pl\\\/zwrzeszcza\\\/wp-content\\\/uploads\\\/2021\\\/09\\\/jw.png\",\"contentUrl\":\"http:\\\/\\\/jarekwasielewski.pl\\\/zwrzeszcza\\\/wp-content\\\/uploads\\\/2021\\\/09\\\/jw.png\",\"width\":715,\"height\":630,\"caption\":\"Jarek Wasielewski\"},\"logo\":{\"@id\":\"http:\\\/\\\/jarekwasielewski.pl\\\/zwrzeszcza\\\/wp-content\\\/uploads\\\/2021\\\/09\\\/jw.png\"},\"sameAs\":[\"http:\\\/\\\/jarekwasielewski.pl\\\/zwrzeszcza\"]}]}<\/script>\n<!-- \/ Yoast SEO plugin. -->","yoast_head_json":{"title":"Z wizyt\u0105 w Starym Sobieskim na Szubienicznej G\u00f3rze - Wrzeszcz Jarka Wasielewskiego","robots":{"index":"index","follow":"follow","max-snippet":"max-snippet:-1","max-image-preview":"max-image-preview:large","max-video-preview":"max-video-preview:-1"},"canonical":"https:\/\/jarekwasielewski.pl\/zwrzeszcza\/2019\/07\/z-wizyta-w-starym-sobieskim-na-szubienicznej-gorze\/","og_locale":"pl_PL","og_type":"article","og_title":"Z wizyt\u0105 w Starym Sobieskim na Szubienicznej G\u00f3rze - Wrzeszcz Jarka Wasielewskiego","og_description":"Rok temu pisa\u0142em o nowym punkcie widokowym na Szubienicznej G\u00f3rze oraz planowanym udost\u0119pnieniu do zwiedzania nieczynnego od dw\u00f3ch dekad zbiornika wodoci\u0105gowego zwanego Starym Sobieskim. W zesz\u0142\u0105 niedziel\u0119 w ko\u0144cu wszed\u0142em do \u015brodka. Gwoli przypomnienia: zbiornik wodoci\u0105gowy Stary Sobieski oddano w 1911 roku. Przez ponad osiem dekad utrzymywa\u0142 stabilne ci\u015bnienie w miejskiej sieci wodoci\u0105gowej, s\u0142u\u017c\u0105c zarazem&hellip;","og_url":"https:\/\/jarekwasielewski.pl\/zwrzeszcza\/2019\/07\/z-wizyta-w-starym-sobieskim-na-szubienicznej-gorze\/","og_site_name":"Wrzeszcz Jarka Wasielewskiego","article_published_time":"2019-07-21T08:34:09+00:00","article_modified_time":"2020-07-16T08:54:01+00:00","og_image":[{"width":1000,"height":667,"url":"https:\/\/jarekwasielewski.pl\/zwrzeszcza\/wp-content\/uploads\/2019\/07\/wrzeszcz_stary_sobieski_02.jpg","type":"image\/jpeg"}],"author":"Jarek Wasielewski","twitter_card":"summary_large_image","twitter_misc":{"Napisane przez":"Jarek Wasielewski","Szacowany czas czytania":"1 minuta"},"schema":{"@context":"https:\/\/schema.org","@graph":[{"@type":"Article","@id":"https:\/\/jarekwasielewski.pl\/zwrzeszcza\/2019\/07\/z-wizyta-w-starym-sobieskim-na-szubienicznej-gorze\/#article","isPartOf":{"@id":"https:\/\/jarekwasielewski.pl\/zwrzeszcza\/2019\/07\/z-wizyta-w-starym-sobieskim-na-szubienicznej-gorze\/"},"author":{"name":"Jarek Wasielewski","@id":"https:\/\/jarekwasielewski.pl\/zwrzeszcza\/#\/schema\/person\/807e6ca1f9fadc1945bd9ac746422589"},"headline":"Z wizyt\u0105 w Starym Sobieskim na Szubienicznej G\u00f3rze","datePublished":"2019-07-21T08:34:09+00:00","dateModified":"2020-07-16T08:54:01+00:00","mainEntityOfPage":{"@id":"https:\/\/jarekwasielewski.pl\/zwrzeszcza\/2019\/07\/z-wizyta-w-starym-sobieskim-na-szubienicznej-gorze\/"},"wordCount":240,"commentCount":1,"publisher":{"@id":"https:\/\/jarekwasielewski.pl\/zwrzeszcza\/#\/schema\/person\/807e6ca1f9fadc1945bd9ac746422589"},"image":{"@id":"https:\/\/jarekwasielewski.pl\/zwrzeszcza\/2019\/07\/z-wizyta-w-starym-sobieskim-na-szubienicznej-gorze\/#primaryimage"},"thumbnailUrl":"https:\/\/jarekwasielewski.pl\/zwrzeszcza\/wp-content\/uploads\/2019\/07\/wrzeszcz_stary_sobieski_02.jpg","articleSection":["Aktualno\u015bci","Wszystkie"],"inLanguage":"pl-PL","potentialAction":[{"@type":"CommentAction","name":"Comment","target":["https:\/\/jarekwasielewski.pl\/zwrzeszcza\/2019\/07\/z-wizyta-w-starym-sobieskim-na-szubienicznej-gorze\/#respond"]}]},{"@type":"WebPage","@id":"https:\/\/jarekwasielewski.pl\/zwrzeszcza\/2019\/07\/z-wizyta-w-starym-sobieskim-na-szubienicznej-gorze\/","url":"https:\/\/jarekwasielewski.pl\/zwrzeszcza\/2019\/07\/z-wizyta-w-starym-sobieskim-na-szubienicznej-gorze\/","name":"Z wizyt\u0105 w Starym Sobieskim na Szubienicznej G\u00f3rze - Wrzeszcz Jarka Wasielewskiego","isPartOf":{"@id":"https:\/\/jarekwasielewski.pl\/zwrzeszcza\/#website"},"primaryImageOfPage":{"@id":"https:\/\/jarekwasielewski.pl\/zwrzeszcza\/2019\/07\/z-wizyta-w-starym-sobieskim-na-szubienicznej-gorze\/#primaryimage"},"image":{"@id":"https:\/\/jarekwasielewski.pl\/zwrzeszcza\/2019\/07\/z-wizyta-w-starym-sobieskim-na-szubienicznej-gorze\/#primaryimage"},"thumbnailUrl":"https:\/\/jarekwasielewski.pl\/zwrzeszcza\/wp-content\/uploads\/2019\/07\/wrzeszcz_stary_sobieski_02.jpg","datePublished":"2019-07-21T08:34:09+00:00","dateModified":"2020-07-16T08:54:01+00:00","breadcrumb":{"@id":"https:\/\/jarekwasielewski.pl\/zwrzeszcza\/2019\/07\/z-wizyta-w-starym-sobieskim-na-szubienicznej-gorze\/#breadcrumb"},"inLanguage":"pl-PL","potentialAction":[{"@type":"ReadAction","target":["https:\/\/jarekwasielewski.pl\/zwrzeszcza\/2019\/07\/z-wizyta-w-starym-sobieskim-na-szubienicznej-gorze\/"]}]},{"@type":"ImageObject","inLanguage":"pl-PL","@id":"https:\/\/jarekwasielewski.pl\/zwrzeszcza\/2019\/07\/z-wizyta-w-starym-sobieskim-na-szubienicznej-gorze\/#primaryimage","url":"https:\/\/jarekwasielewski.pl\/zwrzeszcza\/wp-content\/uploads\/2019\/07\/wrzeszcz_stary_sobieski_02.jpg","contentUrl":"https:\/\/jarekwasielewski.pl\/zwrzeszcza\/wp-content\/uploads\/2019\/07\/wrzeszcz_stary_sobieski_02.jpg","width":1000,"height":667},{"@type":"BreadcrumbList","@id":"https:\/\/jarekwasielewski.pl\/zwrzeszcza\/2019\/07\/z-wizyta-w-starym-sobieskim-na-szubienicznej-gorze\/#breadcrumb","itemListElement":[{"@type":"ListItem","position":1,"name":"Strona g\u0142\u00f3wna","item":"https:\/\/jarekwasielewski.pl\/zwrzeszcza\/"},{"@type":"ListItem","position":2,"name":"Z wizyt\u0105 w Starym Sobieskim na Szubienicznej G\u00f3rze"}]},{"@type":"WebSite","@id":"https:\/\/jarekwasielewski.pl\/zwrzeszcza\/#website","url":"https:\/\/jarekwasielewski.pl\/zwrzeszcza\/","name":"Wrzeszcza Jarka Wasielewskiego","description":"Blog Jarka Wasielewskiego o Wrzeszczu","publisher":{"@id":"https:\/\/jarekwasielewski.pl\/zwrzeszcza\/#\/schema\/person\/807e6ca1f9fadc1945bd9ac746422589"},"potentialAction":[{"@type":"SearchAction","target":{"@type":"EntryPoint","urlTemplate":"https:\/\/jarekwasielewski.pl\/zwrzeszcza\/?s={search_term_string}"},"query-input":{"@type":"PropertyValueSpecification","valueRequired":true,"valueName":"search_term_string"}}],"inLanguage":"pl-PL"},{"@type":["Person","Organization"],"@id":"https:\/\/jarekwasielewski.pl\/zwrzeszcza\/#\/schema\/person\/807e6ca1f9fadc1945bd9ac746422589","name":"Jarek Wasielewski","image":{"@type":"ImageObject","inLanguage":"pl-PL","@id":"http:\/\/jarekwasielewski.pl\/zwrzeszcza\/wp-content\/uploads\/2021\/09\/jw.png","url":"http:\/\/jarekwasielewski.pl\/zwrzeszcza\/wp-content\/uploads\/2021\/09\/jw.png","contentUrl":"http:\/\/jarekwasielewski.pl\/zwrzeszcza\/wp-content\/uploads\/2021\/09\/jw.png","width":715,"height":630,"caption":"Jarek Wasielewski"},"logo":{"@id":"http:\/\/jarekwasielewski.pl\/zwrzeszcza\/wp-content\/uploads\/2021\/09\/jw.png"},"sameAs":["http:\/\/jarekwasielewski.pl\/zwrzeszcza"]}]}},"_links":{"self":[{"href":"https:\/\/jarekwasielewski.pl\/zwrzeszcza\/wp-json\/wp\/v2\/posts\/3771","targetHints":{"allow":["GET"]}}],"collection":[{"href":"https:\/\/jarekwasielewski.pl\/zwrzeszcza\/wp-json\/wp\/v2\/posts"}],"about":[{"href":"https:\/\/jarekwasielewski.pl\/zwrzeszcza\/wp-json\/wp\/v2\/types\/post"}],"author":[{"embeddable":true,"href":"https:\/\/jarekwasielewski.pl\/zwrzeszcza\/wp-json\/wp\/v2\/users\/1"}],"replies":[{"embeddable":true,"href":"https:\/\/jarekwasielewski.pl\/zwrzeszcza\/wp-json\/wp\/v2\/comments?post=3771"}],"version-history":[{"count":0,"href":"https:\/\/jarekwasielewski.pl\/zwrzeszcza\/wp-json\/wp\/v2\/posts\/3771\/revisions"}],"wp:featuredmedia":[{"embeddable":true,"href":"https:\/\/jarekwasielewski.pl\/zwrzeszcza\/wp-json\/wp\/v2\/media\/3795"}],"wp:attachment":[{"href":"https:\/\/jarekwasielewski.pl\/zwrzeszcza\/wp-json\/wp\/v2\/media?parent=3771"}],"wp:term":[{"taxonomy":"category","embeddable":true,"href":"https:\/\/jarekwasielewski.pl\/zwrzeszcza\/wp-json\/wp\/v2\/categories?post=3771"},{"taxonomy":"post_tag","embeddable":true,"href":"https:\/\/jarekwasielewski.pl\/zwrzeszcza\/wp-json\/wp\/v2\/tags?post=3771"}],"curies":[{"name":"wp","href":"https:\/\/api.w.org\/{rel}","templated":true}]}}