{"id":3598,"date":"2019-03-01T00:05:22","date_gmt":"2019-02-28T23:05:22","guid":{"rendered":"http:\/\/jarekwasielewski.pl\/zwrzeszcza\/?p=3598"},"modified":"2023-11-13T12:35:35","modified_gmt":"2023-11-13T11:35:35","slug":"wojenny-wrzeszcz-na-kolorowym-filmie","status":"publish","type":"post","link":"https:\/\/jarekwasielewski.pl\/zwrzeszcza\/2019\/03\/wojenny-wrzeszcz-na-kolorowym-filmie\/","title":{"rendered":"Wojenny Wrzeszcz na kolorowym filmie!"},"content":{"rendered":"<p style=\"text-align: justify;\">Nieco ponad dwa lata temu na YouTube\u2019owym kanale kolo\u0144skiej Weltfilmerbe opublikowany zosta\u0142&nbsp;<a href=\"http:\/\/jarekwasielewski.pl\/zwrzeszcza\/2016\/10\/wrzeszcz-na-sensacyjnym-filmie-z-1940-roku\/\">film z prywatnego archiwum, ukazuj\u0105cy Gda\u0144sk \u2013 oraz Wrzeszcz \u2013 w roku 1940<\/a>. Film \u2013 co zrozumia\u0142e \u2013 wzbudzi\u0142 wielk\u0105 sensacj\u0119 \u2013 <a href=\"http:\/\/jarekwasielewski.pl\/zwrzeszcza\/2016\/10\/wrzeszcz-na-sensacyjnym-filmie-z-1940-roku\/\">tutaj mo\u017cesz przeczyta\u0107 moj\u0105 analiz\u0119<\/a>.<\/p>\n<p style=\"text-align: justify;\">Okazuje si\u0119, \u017ce jest ci\u0105g dalszy!<\/p>\n<p style=\"text-align: justify;\">Trzy tygodnie temu na tym samym kanale pojawi\u0142o si\u0119 inne nagranie z tego samego rodzinnego archiwum, tym razem wykonane zim\u0105 1941 roku jedynie we Wrzeszczu. Jest to nagranie \u2013 trzymajcie si\u0119 mocno \u2013 w kolorze!<\/p>\n<p><iframe loading=\"lazy\" src=\"https:\/\/www.youtube.com\/embed\/hfUffDa5HyI\" width=\"560\" height=\"315\" frameborder=\"0\" allowfullscreen=\"allowfullscreen\"><\/iframe><\/p>\n<p style=\"text-align: justify;\">Film ma prawie 8 minut. Co na nim widzimy? Przede wszystkim zimowe impresje: \u015bnieg, du\u017co \u015bniegu, troch\u0119 drzew \u2013 i ich dwoje, para m\u0142odych, zakochanych gda\u0144skich Niemc\u00f3w, filmuj\u0105cych siebie nawzajem z zimowym <em>entourage&#8217;u<\/em>. Uj\u0119cia te poprzetykane s\u0105 widokami Wrzeszcza &#8211; i to jakimi!<\/p>\n<p style=\"text-align: justify;\">No to po kolei:<\/p>\n<p style=\"text-align: justify;\">Najpierw widzimy (podaj\u0119 wsp\u00f3\u0142czesne nazwy) Park Uphagena wraz ze stoj\u0105cym w nim <a href=\"http:\/\/jarekwasielewski.pl\/zwrzeszcza\/2015\/03\/pocztowkowe-cymelia-na-niemieckim-ebayu\/\">pomnikiem<\/a> i pobliskimi domami przy ul. Jana Uphagena (0:44-0:50):<\/p>\n<p><a href=\"http:\/\/jarekwasielewski.pl\/zwrzeszcza\/wp-content\/uploads\/2019\/02\/wrzeszcz_film_kolorowy_1941_1.png\" target=\"_blank\" rel=\"noopener noreferrer\"><img loading=\"lazy\" decoding=\"async\" class=\"aligncenter wp-image-3601\" src=\"http:\/\/jarekwasielewski.pl\/zwrzeszcza\/wp-content\/uploads\/2019\/02\/wrzeszcz_film_kolorowy_1941_1-300x168.png\" alt=\"\" width=\"600\" height=\"336\" srcset=\"https:\/\/jarekwasielewski.pl\/zwrzeszcza\/wp-content\/uploads\/2019\/02\/wrzeszcz_film_kolorowy_1941_1-300x168.png 300w, https:\/\/jarekwasielewski.pl\/zwrzeszcza\/wp-content\/uploads\/2019\/02\/wrzeszcz_film_kolorowy_1941_1-768x430.png 768w, https:\/\/jarekwasielewski.pl\/zwrzeszcza\/wp-content\/uploads\/2019\/02\/wrzeszcz_film_kolorowy_1941_1.png 897w\" sizes=\"auto, (max-width: 600px) 100vw, 600px\" \/><\/a>Nast\u0119pnie mamy migawki z kampusu Politechniki Gda\u0144skiej (wida\u0107 gmach g\u0142\u00f3wny i wie\u017c\u0119 ci\u015bnie\u0144) (0:58-1:15):<\/p>\n<p><a href=\"http:\/\/jarekwasielewski.pl\/zwrzeszcza\/wp-content\/uploads\/2019\/02\/wrzeszcz_film_kolorowy_1941_2.png\" target=\"_blank\" rel=\"noopener noreferrer\"><img loading=\"lazy\" decoding=\"async\" class=\"aligncenter wp-image-3602\" src=\"http:\/\/jarekwasielewski.pl\/zwrzeszcza\/wp-content\/uploads\/2019\/02\/wrzeszcz_film_kolorowy_1941_2-300x170.png\" alt=\"\" width=\"600\" height=\"339\" srcset=\"https:\/\/jarekwasielewski.pl\/zwrzeszcza\/wp-content\/uploads\/2019\/02\/wrzeszcz_film_kolorowy_1941_2-300x170.png 300w, https:\/\/jarekwasielewski.pl\/zwrzeszcza\/wp-content\/uploads\/2019\/02\/wrzeszcz_film_kolorowy_1941_2-768x434.png 768w, https:\/\/jarekwasielewski.pl\/zwrzeszcza\/wp-content\/uploads\/2019\/02\/wrzeszcz_film_kolorowy_1941_2-460x260.png 460w, https:\/\/jarekwasielewski.pl\/zwrzeszcza\/wp-content\/uploads\/2019\/02\/wrzeszcz_film_kolorowy_1941_2.png 895w\" sizes=\"auto, (max-width: 600px) 100vw, 600px\" \/><\/a> <a href=\"http:\/\/jarekwasielewski.pl\/zwrzeszcza\/wp-content\/uploads\/2019\/02\/wrzeszcz_film_kolorowy_1941_3.png\" target=\"_blank\" rel=\"noopener noreferrer\"><img loading=\"lazy\" decoding=\"async\" class=\"aligncenter wp-image-3603\" src=\"http:\/\/jarekwasielewski.pl\/zwrzeszcza\/wp-content\/uploads\/2019\/02\/wrzeszcz_film_kolorowy_1941_3-300x168.png\" alt=\"\" width=\"600\" height=\"337\" srcset=\"https:\/\/jarekwasielewski.pl\/zwrzeszcza\/wp-content\/uploads\/2019\/02\/wrzeszcz_film_kolorowy_1941_3-300x168.png 300w, https:\/\/jarekwasielewski.pl\/zwrzeszcza\/wp-content\/uploads\/2019\/02\/wrzeszcz_film_kolorowy_1941_3-768x431.png 768w, https:\/\/jarekwasielewski.pl\/zwrzeszcza\/wp-content\/uploads\/2019\/02\/wrzeszcz_film_kolorowy_1941_3.png 896w\" sizes=\"auto, (max-width: 600px) 100vw, 600px\" \/><\/a>Dalej wci\u0105\u017c jest PG \u2013 dzisiejszy Klub Kwadratowa (1:24-1:32):<\/p>\n<p><a href=\"http:\/\/jarekwasielewski.pl\/zwrzeszcza\/wp-content\/uploads\/2019\/02\/wrzeszcz_film_kolorowy_1941_4.png\" target=\"_blank\" rel=\"noopener noreferrer\"><img loading=\"lazy\" decoding=\"async\" class=\"aligncenter wp-image-3604\" src=\"http:\/\/jarekwasielewski.pl\/zwrzeszcza\/wp-content\/uploads\/2019\/02\/wrzeszcz_film_kolorowy_1941_4-300x169.png\" alt=\"\" width=\"600\" height=\"337\" srcset=\"https:\/\/jarekwasielewski.pl\/zwrzeszcza\/wp-content\/uploads\/2019\/02\/wrzeszcz_film_kolorowy_1941_4-300x169.png 300w, https:\/\/jarekwasielewski.pl\/zwrzeszcza\/wp-content\/uploads\/2019\/02\/wrzeszcz_film_kolorowy_1941_4-768x432.png 768w, https:\/\/jarekwasielewski.pl\/zwrzeszcza\/wp-content\/uploads\/2019\/02\/wrzeszcz_film_kolorowy_1941_4.png 897w\" sizes=\"auto, (max-width: 600px) 100vw, 600px\" \/><\/a>Nast\u0119pnie zagl\u0105damy do Parku Ja\u015bkowej Doliny \u2013 domy\u015blam si\u0119, \u017ce s\u0105 to okolice Gaju Gutenberga oraz Festynowa \u0141\u0105ka (2:20-3:09):<\/p>\n<p><a href=\"http:\/\/jarekwasielewski.pl\/zwrzeszcza\/wp-content\/uploads\/2019\/02\/wrzeszcz_film_kolorowy_1941_5.png\" target=\"_blank\" rel=\"noopener noreferrer\"><img loading=\"lazy\" decoding=\"async\" class=\"aligncenter wp-image-3605\" src=\"http:\/\/jarekwasielewski.pl\/zwrzeszcza\/wp-content\/uploads\/2019\/02\/wrzeszcz_film_kolorowy_1941_5-300x170.png\" alt=\"\" width=\"600\" height=\"339\" srcset=\"https:\/\/jarekwasielewski.pl\/zwrzeszcza\/wp-content\/uploads\/2019\/02\/wrzeszcz_film_kolorowy_1941_5-300x170.png 300w, https:\/\/jarekwasielewski.pl\/zwrzeszcza\/wp-content\/uploads\/2019\/02\/wrzeszcz_film_kolorowy_1941_5-768x434.png 768w, https:\/\/jarekwasielewski.pl\/zwrzeszcza\/wp-content\/uploads\/2019\/02\/wrzeszcz_film_kolorowy_1941_5-460x260.png 460w, https:\/\/jarekwasielewski.pl\/zwrzeszcza\/wp-content\/uploads\/2019\/02\/wrzeszcz_film_kolorowy_1941_5.png 893w\" sizes=\"auto, (max-width: 600px) 100vw, 600px\" \/><\/a><\/p>\n<p><a href=\"http:\/\/jarekwasielewski.pl\/zwrzeszcza\/wp-content\/uploads\/2019\/02\/wrzeszcz_film_kolorowy_1941_6.png\" target=\"_blank\" rel=\"noopener noreferrer\"><img loading=\"lazy\" decoding=\"async\" class=\"aligncenter wp-image-3606\" src=\"http:\/\/jarekwasielewski.pl\/zwrzeszcza\/wp-content\/uploads\/2019\/02\/wrzeszcz_film_kolorowy_1941_6-300x170.png\" alt=\"\" width=\"600\" height=\"340\" srcset=\"https:\/\/jarekwasielewski.pl\/zwrzeszcza\/wp-content\/uploads\/2019\/02\/wrzeszcz_film_kolorowy_1941_6-300x170.png 300w, https:\/\/jarekwasielewski.pl\/zwrzeszcza\/wp-content\/uploads\/2019\/02\/wrzeszcz_film_kolorowy_1941_6-768x435.png 768w, https:\/\/jarekwasielewski.pl\/zwrzeszcza\/wp-content\/uploads\/2019\/02\/wrzeszcz_film_kolorowy_1941_6-220x126.png 220w, https:\/\/jarekwasielewski.pl\/zwrzeszcza\/wp-content\/uploads\/2019\/02\/wrzeszcz_film_kolorowy_1941_6-460x260.png 460w, https:\/\/jarekwasielewski.pl\/zwrzeszcza\/wp-content\/uploads\/2019\/02\/wrzeszcz_film_kolorowy_1941_6.png 890w\" sizes=\"auto, (max-width: 600px) 100vw, 600px\" \/><\/a>Kolejne uj\u0119cie prezentuje al. Grunwaldzk\u0105 na wysoko\u015bci Rynku \u2013 jest to widok w kierunku centrum Gda\u0144ska, po lewej widzimy Hotel Tite&#8217;s, a w \u015brodku &#8211; naro\u017cne kamienice u wylotu ul. Marii Konopnickiej (3:10-3:27):<\/p>\n<p><a href=\"http:\/\/jarekwasielewski.pl\/zwrzeszcza\/wp-content\/uploads\/2019\/02\/wrzeszcz_film_kolorowy_1941_7.png\" target=\"_blank\" rel=\"noopener noreferrer\"><img loading=\"lazy\" decoding=\"async\" class=\"aligncenter wp-image-3607\" src=\"http:\/\/jarekwasielewski.pl\/zwrzeszcza\/wp-content\/uploads\/2019\/02\/wrzeszcz_film_kolorowy_1941_7-300x169.png\" alt=\"\" width=\"600\" height=\"338\" srcset=\"https:\/\/jarekwasielewski.pl\/zwrzeszcza\/wp-content\/uploads\/2019\/02\/wrzeszcz_film_kolorowy_1941_7-300x169.png 300w, https:\/\/jarekwasielewski.pl\/zwrzeszcza\/wp-content\/uploads\/2019\/02\/wrzeszcz_film_kolorowy_1941_7-768x433.png 768w, https:\/\/jarekwasielewski.pl\/zwrzeszcza\/wp-content\/uploads\/2019\/02\/wrzeszcz_film_kolorowy_1941_7-460x260.png 460w, https:\/\/jarekwasielewski.pl\/zwrzeszcza\/wp-content\/uploads\/2019\/02\/wrzeszcz_film_kolorowy_1941_7.png 896w\" sizes=\"auto, (max-width: 600px) 100vw, 600px\" \/><\/a>Dalej widzimy panoram\u0119 Wrzeszcza ze Wzg\u00f3rza Zinglera \u2013 wida\u0107 m.in. wszystkie trzy ko\u015bcio\u0142y! (4:16-4:25):<\/p>\n<p><a href=\"http:\/\/jarekwasielewski.pl\/zwrzeszcza\/wp-content\/uploads\/2019\/02\/wrzeszcz_film_kolorowy_1941_8.png\" target=\"_blank\" rel=\"noopener noreferrer\"><img loading=\"lazy\" decoding=\"async\" class=\"aligncenter wp-image-3608\" src=\"http:\/\/jarekwasielewski.pl\/zwrzeszcza\/wp-content\/uploads\/2019\/02\/wrzeszcz_film_kolorowy_1941_8-300x168.png\" alt=\"\" width=\"600\" height=\"336\" srcset=\"https:\/\/jarekwasielewski.pl\/zwrzeszcza\/wp-content\/uploads\/2019\/02\/wrzeszcz_film_kolorowy_1941_8-300x168.png 300w, https:\/\/jarekwasielewski.pl\/zwrzeszcza\/wp-content\/uploads\/2019\/02\/wrzeszcz_film_kolorowy_1941_8-768x431.png 768w, https:\/\/jarekwasielewski.pl\/zwrzeszcza\/wp-content\/uploads\/2019\/02\/wrzeszcz_film_kolorowy_1941_8.png 899w\" sizes=\"auto, (max-width: 600px) 100vw, 600px\" \/><\/a>Potem zn\u00f3w zagl\u0105damy do Parku Ja\u015bkowej Doliny (4:26-5:27):<\/p>\n<p><a href=\"http:\/\/jarekwasielewski.pl\/zwrzeszcza\/wp-content\/uploads\/2019\/02\/wrzeszcz_film_kolorowy_1941_9.png\" target=\"_blank\" rel=\"noopener noreferrer\"><img loading=\"lazy\" decoding=\"async\" class=\"aligncenter wp-image-3609\" src=\"http:\/\/jarekwasielewski.pl\/zwrzeszcza\/wp-content\/uploads\/2019\/02\/wrzeszcz_film_kolorowy_1941_9-300x168.png\" alt=\"\" width=\"600\" height=\"336\" srcset=\"https:\/\/jarekwasielewski.pl\/zwrzeszcza\/wp-content\/uploads\/2019\/02\/wrzeszcz_film_kolorowy_1941_9-300x168.png 300w, https:\/\/jarekwasielewski.pl\/zwrzeszcza\/wp-content\/uploads\/2019\/02\/wrzeszcz_film_kolorowy_1941_9-768x430.png 768w, https:\/\/jarekwasielewski.pl\/zwrzeszcza\/wp-content\/uploads\/2019\/02\/wrzeszcz_film_kolorowy_1941_9.png 896w\" sizes=\"auto, (max-width: 600px) 100vw, 600px\" \/><\/a>Od 5:28 do ko\u0144ca widzimy ju\u017c tylko zimow\u0105 pla\u017c\u0119, prawdopodobnie w Jelitkowie \u2013 pod koniec filmu nasza para spaceruje po molo, kt\u00f3re zostanie zniszczone 4 lata p\u00f3\u017aniej.<\/p>\n<p style=\"text-align: justify;\">\u017beby nie by\u0142o, powt\u00f3rz\u0119 i pogrubi\u0119 nawet font: <strong>ten film to absolutna sensacja!<\/strong><\/p>\n<p style=\"text-align: justify;\">Ciekaw jestem, co jeszcze \u201ewyp\u0142ynie\u201d z tego archiwum? \ud83d\ude00<\/p>\n<h3 style=\"text-align: center;\">&nbsp;<\/h3>\n","protected":false},"excerpt":{"rendered":"<p>Nieco ponad dwa lata temu na YouTube\u2019owym kanale kolo\u0144skiej Weltfilmerbe opublikowany zosta\u0142&nbsp;film z prywatnego archiwum, ukazuj\u0105cy Gda\u0144sk \u2013 oraz Wrzeszcz \u2013 w roku 1940. Film \u2013 co zrozumia\u0142e \u2013 wzbudzi\u0142 wielk\u0105 sensacj\u0119 \u2013 tutaj mo\u017cesz przeczyta\u0107 moj\u0105 analiz\u0119. Okazuje si\u0119, \u017ce jest ci\u0105g dalszy! Trzy tygodnie temu na tym samym kanale pojawi\u0142o si\u0119 inne nagranie&hellip;<\/p>\n","protected":false},"author":1,"featured_media":3608,"comment_status":"open","ping_status":"open","sticky":false,"template":"","format":"standard","meta":{"ngg_post_thumbnail":0,"footnotes":""},"categories":[1,7,8],"tags":[],"class_list":["post-3598","post","type-post","status-publish","format-standard","has-post-thumbnail","hentry","category-najpopularniejsze","category-przed-1945","category-wszystkie"],"yoast_head":"<!-- This site is optimized with the Yoast SEO plugin v27.3 - https:\/\/yoast.com\/product\/yoast-seo-wordpress\/ -->\n<title>Wojenny Wrzeszcz na kolorowym filmie! - Wrzeszcz Jarka Wasielewskiego<\/title>\n<meta name=\"robots\" content=\"index, follow, max-snippet:-1, max-image-preview:large, max-video-preview:-1\" \/>\n<link rel=\"canonical\" href=\"https:\/\/jarekwasielewski.pl\/zwrzeszcza\/2019\/03\/wojenny-wrzeszcz-na-kolorowym-filmie\/\" \/>\n<meta property=\"og:locale\" content=\"pl_PL\" \/>\n<meta property=\"og:type\" content=\"article\" \/>\n<meta property=\"og:title\" content=\"Wojenny Wrzeszcz na kolorowym filmie! - Wrzeszcz Jarka Wasielewskiego\" \/>\n<meta property=\"og:description\" content=\"Nieco ponad dwa lata temu na YouTube\u2019owym kanale kolo\u0144skiej Weltfilmerbe opublikowany zosta\u0142&nbsp;film z prywatnego archiwum, ukazuj\u0105cy Gda\u0144sk \u2013 oraz Wrzeszcz \u2013 w roku 1940. Film \u2013 co zrozumia\u0142e \u2013 wzbudzi\u0142 wielk\u0105 sensacj\u0119 \u2013 tutaj mo\u017cesz przeczyta\u0107 moj\u0105 analiz\u0119. Okazuje si\u0119, \u017ce jest ci\u0105g dalszy! Trzy tygodnie temu na tym samym kanale pojawi\u0142o si\u0119 inne nagranie&hellip;\" \/>\n<meta property=\"og:url\" content=\"https:\/\/jarekwasielewski.pl\/zwrzeszcza\/2019\/03\/wojenny-wrzeszcz-na-kolorowym-filmie\/\" \/>\n<meta property=\"og:site_name\" content=\"Wrzeszcz Jarka Wasielewskiego\" \/>\n<meta property=\"article:published_time\" content=\"2019-02-28T23:05:22+00:00\" \/>\n<meta property=\"article:modified_time\" content=\"2023-11-13T11:35:35+00:00\" \/>\n<meta property=\"og:image\" content=\"https:\/\/jarekwasielewski.pl\/zwrzeszcza\/wp-content\/uploads\/2019\/02\/wrzeszcz_film_kolorowy_1941_8.png\" \/>\n\t<meta property=\"og:image:width\" content=\"899\" \/>\n\t<meta property=\"og:image:height\" content=\"504\" \/>\n\t<meta property=\"og:image:type\" content=\"image\/png\" \/>\n<meta name=\"author\" content=\"Jarek Wasielewski\" \/>\n<meta name=\"twitter:card\" content=\"summary_large_image\" \/>\n<meta name=\"twitter:label1\" content=\"Napisane przez\" \/>\n\t<meta name=\"twitter:data1\" content=\"Jarek Wasielewski\" \/>\n\t<meta name=\"twitter:label2\" content=\"Szacowany czas czytania\" \/>\n\t<meta name=\"twitter:data2\" content=\"4 minuty\" \/>\n<script type=\"application\/ld+json\" class=\"yoast-schema-graph\">{\"@context\":\"https:\\\/\\\/schema.org\",\"@graph\":[{\"@type\":\"Article\",\"@id\":\"https:\\\/\\\/jarekwasielewski.pl\\\/zwrzeszcza\\\/2019\\\/03\\\/wojenny-wrzeszcz-na-kolorowym-filmie\\\/#article\",\"isPartOf\":{\"@id\":\"https:\\\/\\\/jarekwasielewski.pl\\\/zwrzeszcza\\\/2019\\\/03\\\/wojenny-wrzeszcz-na-kolorowym-filmie\\\/\"},\"author\":{\"name\":\"Jarek Wasielewski\",\"@id\":\"https:\\\/\\\/jarekwasielewski.pl\\\/zwrzeszcza\\\/#\\\/schema\\\/person\\\/807e6ca1f9fadc1945bd9ac746422589\"},\"headline\":\"Wojenny Wrzeszcz na kolorowym filmie!\",\"datePublished\":\"2019-02-28T23:05:22+00:00\",\"dateModified\":\"2023-11-13T11:35:35+00:00\",\"mainEntityOfPage\":{\"@id\":\"https:\\\/\\\/jarekwasielewski.pl\\\/zwrzeszcza\\\/2019\\\/03\\\/wojenny-wrzeszcz-na-kolorowym-filmie\\\/\"},\"wordCount\":326,\"commentCount\":3,\"publisher\":{\"@id\":\"https:\\\/\\\/jarekwasielewski.pl\\\/zwrzeszcza\\\/#\\\/schema\\\/person\\\/807e6ca1f9fadc1945bd9ac746422589\"},\"image\":{\"@id\":\"https:\\\/\\\/jarekwasielewski.pl\\\/zwrzeszcza\\\/2019\\\/03\\\/wojenny-wrzeszcz-na-kolorowym-filmie\\\/#primaryimage\"},\"thumbnailUrl\":\"https:\\\/\\\/jarekwasielewski.pl\\\/zwrzeszcza\\\/wp-content\\\/uploads\\\/2019\\\/02\\\/wrzeszcz_film_kolorowy_1941_8.png\",\"articleSection\":[\"Najpopularniejsze\",\"Przed 1945\",\"Wszystkie\"],\"inLanguage\":\"pl-PL\",\"potentialAction\":[{\"@type\":\"CommentAction\",\"name\":\"Comment\",\"target\":[\"https:\\\/\\\/jarekwasielewski.pl\\\/zwrzeszcza\\\/2019\\\/03\\\/wojenny-wrzeszcz-na-kolorowym-filmie\\\/#respond\"]}]},{\"@type\":\"WebPage\",\"@id\":\"https:\\\/\\\/jarekwasielewski.pl\\\/zwrzeszcza\\\/2019\\\/03\\\/wojenny-wrzeszcz-na-kolorowym-filmie\\\/\",\"url\":\"https:\\\/\\\/jarekwasielewski.pl\\\/zwrzeszcza\\\/2019\\\/03\\\/wojenny-wrzeszcz-na-kolorowym-filmie\\\/\",\"name\":\"Wojenny Wrzeszcz na kolorowym filmie! - Wrzeszcz Jarka Wasielewskiego\",\"isPartOf\":{\"@id\":\"https:\\\/\\\/jarekwasielewski.pl\\\/zwrzeszcza\\\/#website\"},\"primaryImageOfPage\":{\"@id\":\"https:\\\/\\\/jarekwasielewski.pl\\\/zwrzeszcza\\\/2019\\\/03\\\/wojenny-wrzeszcz-na-kolorowym-filmie\\\/#primaryimage\"},\"image\":{\"@id\":\"https:\\\/\\\/jarekwasielewski.pl\\\/zwrzeszcza\\\/2019\\\/03\\\/wojenny-wrzeszcz-na-kolorowym-filmie\\\/#primaryimage\"},\"thumbnailUrl\":\"https:\\\/\\\/jarekwasielewski.pl\\\/zwrzeszcza\\\/wp-content\\\/uploads\\\/2019\\\/02\\\/wrzeszcz_film_kolorowy_1941_8.png\",\"datePublished\":\"2019-02-28T23:05:22+00:00\",\"dateModified\":\"2023-11-13T11:35:35+00:00\",\"breadcrumb\":{\"@id\":\"https:\\\/\\\/jarekwasielewski.pl\\\/zwrzeszcza\\\/2019\\\/03\\\/wojenny-wrzeszcz-na-kolorowym-filmie\\\/#breadcrumb\"},\"inLanguage\":\"pl-PL\",\"potentialAction\":[{\"@type\":\"ReadAction\",\"target\":[\"https:\\\/\\\/jarekwasielewski.pl\\\/zwrzeszcza\\\/2019\\\/03\\\/wojenny-wrzeszcz-na-kolorowym-filmie\\\/\"]}]},{\"@type\":\"ImageObject\",\"inLanguage\":\"pl-PL\",\"@id\":\"https:\\\/\\\/jarekwasielewski.pl\\\/zwrzeszcza\\\/2019\\\/03\\\/wojenny-wrzeszcz-na-kolorowym-filmie\\\/#primaryimage\",\"url\":\"https:\\\/\\\/jarekwasielewski.pl\\\/zwrzeszcza\\\/wp-content\\\/uploads\\\/2019\\\/02\\\/wrzeszcz_film_kolorowy_1941_8.png\",\"contentUrl\":\"https:\\\/\\\/jarekwasielewski.pl\\\/zwrzeszcza\\\/wp-content\\\/uploads\\\/2019\\\/02\\\/wrzeszcz_film_kolorowy_1941_8.png\",\"width\":899,\"height\":504},{\"@type\":\"BreadcrumbList\",\"@id\":\"https:\\\/\\\/jarekwasielewski.pl\\\/zwrzeszcza\\\/2019\\\/03\\\/wojenny-wrzeszcz-na-kolorowym-filmie\\\/#breadcrumb\",\"itemListElement\":[{\"@type\":\"ListItem\",\"position\":1,\"name\":\"Strona g\u0142\u00f3wna\",\"item\":\"https:\\\/\\\/jarekwasielewski.pl\\\/zwrzeszcza\\\/\"},{\"@type\":\"ListItem\",\"position\":2,\"name\":\"Wojenny Wrzeszcz na kolorowym filmie!\"}]},{\"@type\":\"WebSite\",\"@id\":\"https:\\\/\\\/jarekwasielewski.pl\\\/zwrzeszcza\\\/#website\",\"url\":\"https:\\\/\\\/jarekwasielewski.pl\\\/zwrzeszcza\\\/\",\"name\":\"Wrzeszcza Jarka Wasielewskiego\",\"description\":\"Blog Jarka Wasielewskiego o Wrzeszczu\",\"publisher\":{\"@id\":\"https:\\\/\\\/jarekwasielewski.pl\\\/zwrzeszcza\\\/#\\\/schema\\\/person\\\/807e6ca1f9fadc1945bd9ac746422589\"},\"potentialAction\":[{\"@type\":\"SearchAction\",\"target\":{\"@type\":\"EntryPoint\",\"urlTemplate\":\"https:\\\/\\\/jarekwasielewski.pl\\\/zwrzeszcza\\\/?s={search_term_string}\"},\"query-input\":{\"@type\":\"PropertyValueSpecification\",\"valueRequired\":true,\"valueName\":\"search_term_string\"}}],\"inLanguage\":\"pl-PL\"},{\"@type\":[\"Person\",\"Organization\"],\"@id\":\"https:\\\/\\\/jarekwasielewski.pl\\\/zwrzeszcza\\\/#\\\/schema\\\/person\\\/807e6ca1f9fadc1945bd9ac746422589\",\"name\":\"Jarek Wasielewski\",\"image\":{\"@type\":\"ImageObject\",\"inLanguage\":\"pl-PL\",\"@id\":\"http:\\\/\\\/jarekwasielewski.pl\\\/zwrzeszcza\\\/wp-content\\\/uploads\\\/2021\\\/09\\\/jw.png\",\"url\":\"http:\\\/\\\/jarekwasielewski.pl\\\/zwrzeszcza\\\/wp-content\\\/uploads\\\/2021\\\/09\\\/jw.png\",\"contentUrl\":\"http:\\\/\\\/jarekwasielewski.pl\\\/zwrzeszcza\\\/wp-content\\\/uploads\\\/2021\\\/09\\\/jw.png\",\"width\":715,\"height\":630,\"caption\":\"Jarek Wasielewski\"},\"logo\":{\"@id\":\"http:\\\/\\\/jarekwasielewski.pl\\\/zwrzeszcza\\\/wp-content\\\/uploads\\\/2021\\\/09\\\/jw.png\"},\"sameAs\":[\"http:\\\/\\\/jarekwasielewski.pl\\\/zwrzeszcza\"]}]}<\/script>\n<!-- \/ Yoast SEO plugin. -->","yoast_head_json":{"title":"Wojenny Wrzeszcz na kolorowym filmie! - Wrzeszcz Jarka Wasielewskiego","robots":{"index":"index","follow":"follow","max-snippet":"max-snippet:-1","max-image-preview":"max-image-preview:large","max-video-preview":"max-video-preview:-1"},"canonical":"https:\/\/jarekwasielewski.pl\/zwrzeszcza\/2019\/03\/wojenny-wrzeszcz-na-kolorowym-filmie\/","og_locale":"pl_PL","og_type":"article","og_title":"Wojenny Wrzeszcz na kolorowym filmie! - Wrzeszcz Jarka Wasielewskiego","og_description":"Nieco ponad dwa lata temu na YouTube\u2019owym kanale kolo\u0144skiej Weltfilmerbe opublikowany zosta\u0142&nbsp;film z prywatnego archiwum, ukazuj\u0105cy Gda\u0144sk \u2013 oraz Wrzeszcz \u2013 w roku 1940. Film \u2013 co zrozumia\u0142e \u2013 wzbudzi\u0142 wielk\u0105 sensacj\u0119 \u2013 tutaj mo\u017cesz przeczyta\u0107 moj\u0105 analiz\u0119. Okazuje si\u0119, \u017ce jest ci\u0105g dalszy! Trzy tygodnie temu na tym samym kanale pojawi\u0142o si\u0119 inne nagranie&hellip;","og_url":"https:\/\/jarekwasielewski.pl\/zwrzeszcza\/2019\/03\/wojenny-wrzeszcz-na-kolorowym-filmie\/","og_site_name":"Wrzeszcz Jarka Wasielewskiego","article_published_time":"2019-02-28T23:05:22+00:00","article_modified_time":"2023-11-13T11:35:35+00:00","og_image":[{"width":899,"height":504,"url":"https:\/\/jarekwasielewski.pl\/zwrzeszcza\/wp-content\/uploads\/2019\/02\/wrzeszcz_film_kolorowy_1941_8.png","type":"image\/png"}],"author":"Jarek Wasielewski","twitter_card":"summary_large_image","twitter_misc":{"Napisane przez":"Jarek Wasielewski","Szacowany czas czytania":"4 minuty"},"schema":{"@context":"https:\/\/schema.org","@graph":[{"@type":"Article","@id":"https:\/\/jarekwasielewski.pl\/zwrzeszcza\/2019\/03\/wojenny-wrzeszcz-na-kolorowym-filmie\/#article","isPartOf":{"@id":"https:\/\/jarekwasielewski.pl\/zwrzeszcza\/2019\/03\/wojenny-wrzeszcz-na-kolorowym-filmie\/"},"author":{"name":"Jarek Wasielewski","@id":"https:\/\/jarekwasielewski.pl\/zwrzeszcza\/#\/schema\/person\/807e6ca1f9fadc1945bd9ac746422589"},"headline":"Wojenny Wrzeszcz na kolorowym filmie!","datePublished":"2019-02-28T23:05:22+00:00","dateModified":"2023-11-13T11:35:35+00:00","mainEntityOfPage":{"@id":"https:\/\/jarekwasielewski.pl\/zwrzeszcza\/2019\/03\/wojenny-wrzeszcz-na-kolorowym-filmie\/"},"wordCount":326,"commentCount":3,"publisher":{"@id":"https:\/\/jarekwasielewski.pl\/zwrzeszcza\/#\/schema\/person\/807e6ca1f9fadc1945bd9ac746422589"},"image":{"@id":"https:\/\/jarekwasielewski.pl\/zwrzeszcza\/2019\/03\/wojenny-wrzeszcz-na-kolorowym-filmie\/#primaryimage"},"thumbnailUrl":"https:\/\/jarekwasielewski.pl\/zwrzeszcza\/wp-content\/uploads\/2019\/02\/wrzeszcz_film_kolorowy_1941_8.png","articleSection":["Najpopularniejsze","Przed 1945","Wszystkie"],"inLanguage":"pl-PL","potentialAction":[{"@type":"CommentAction","name":"Comment","target":["https:\/\/jarekwasielewski.pl\/zwrzeszcza\/2019\/03\/wojenny-wrzeszcz-na-kolorowym-filmie\/#respond"]}]},{"@type":"WebPage","@id":"https:\/\/jarekwasielewski.pl\/zwrzeszcza\/2019\/03\/wojenny-wrzeszcz-na-kolorowym-filmie\/","url":"https:\/\/jarekwasielewski.pl\/zwrzeszcza\/2019\/03\/wojenny-wrzeszcz-na-kolorowym-filmie\/","name":"Wojenny Wrzeszcz na kolorowym filmie! - Wrzeszcz Jarka Wasielewskiego","isPartOf":{"@id":"https:\/\/jarekwasielewski.pl\/zwrzeszcza\/#website"},"primaryImageOfPage":{"@id":"https:\/\/jarekwasielewski.pl\/zwrzeszcza\/2019\/03\/wojenny-wrzeszcz-na-kolorowym-filmie\/#primaryimage"},"image":{"@id":"https:\/\/jarekwasielewski.pl\/zwrzeszcza\/2019\/03\/wojenny-wrzeszcz-na-kolorowym-filmie\/#primaryimage"},"thumbnailUrl":"https:\/\/jarekwasielewski.pl\/zwrzeszcza\/wp-content\/uploads\/2019\/02\/wrzeszcz_film_kolorowy_1941_8.png","datePublished":"2019-02-28T23:05:22+00:00","dateModified":"2023-11-13T11:35:35+00:00","breadcrumb":{"@id":"https:\/\/jarekwasielewski.pl\/zwrzeszcza\/2019\/03\/wojenny-wrzeszcz-na-kolorowym-filmie\/#breadcrumb"},"inLanguage":"pl-PL","potentialAction":[{"@type":"ReadAction","target":["https:\/\/jarekwasielewski.pl\/zwrzeszcza\/2019\/03\/wojenny-wrzeszcz-na-kolorowym-filmie\/"]}]},{"@type":"ImageObject","inLanguage":"pl-PL","@id":"https:\/\/jarekwasielewski.pl\/zwrzeszcza\/2019\/03\/wojenny-wrzeszcz-na-kolorowym-filmie\/#primaryimage","url":"https:\/\/jarekwasielewski.pl\/zwrzeszcza\/wp-content\/uploads\/2019\/02\/wrzeszcz_film_kolorowy_1941_8.png","contentUrl":"https:\/\/jarekwasielewski.pl\/zwrzeszcza\/wp-content\/uploads\/2019\/02\/wrzeszcz_film_kolorowy_1941_8.png","width":899,"height":504},{"@type":"BreadcrumbList","@id":"https:\/\/jarekwasielewski.pl\/zwrzeszcza\/2019\/03\/wojenny-wrzeszcz-na-kolorowym-filmie\/#breadcrumb","itemListElement":[{"@type":"ListItem","position":1,"name":"Strona g\u0142\u00f3wna","item":"https:\/\/jarekwasielewski.pl\/zwrzeszcza\/"},{"@type":"ListItem","position":2,"name":"Wojenny Wrzeszcz na kolorowym filmie!"}]},{"@type":"WebSite","@id":"https:\/\/jarekwasielewski.pl\/zwrzeszcza\/#website","url":"https:\/\/jarekwasielewski.pl\/zwrzeszcza\/","name":"Wrzeszcza Jarka Wasielewskiego","description":"Blog Jarka Wasielewskiego o Wrzeszczu","publisher":{"@id":"https:\/\/jarekwasielewski.pl\/zwrzeszcza\/#\/schema\/person\/807e6ca1f9fadc1945bd9ac746422589"},"potentialAction":[{"@type":"SearchAction","target":{"@type":"EntryPoint","urlTemplate":"https:\/\/jarekwasielewski.pl\/zwrzeszcza\/?s={search_term_string}"},"query-input":{"@type":"PropertyValueSpecification","valueRequired":true,"valueName":"search_term_string"}}],"inLanguage":"pl-PL"},{"@type":["Person","Organization"],"@id":"https:\/\/jarekwasielewski.pl\/zwrzeszcza\/#\/schema\/person\/807e6ca1f9fadc1945bd9ac746422589","name":"Jarek Wasielewski","image":{"@type":"ImageObject","inLanguage":"pl-PL","@id":"http:\/\/jarekwasielewski.pl\/zwrzeszcza\/wp-content\/uploads\/2021\/09\/jw.png","url":"http:\/\/jarekwasielewski.pl\/zwrzeszcza\/wp-content\/uploads\/2021\/09\/jw.png","contentUrl":"http:\/\/jarekwasielewski.pl\/zwrzeszcza\/wp-content\/uploads\/2021\/09\/jw.png","width":715,"height":630,"caption":"Jarek Wasielewski"},"logo":{"@id":"http:\/\/jarekwasielewski.pl\/zwrzeszcza\/wp-content\/uploads\/2021\/09\/jw.png"},"sameAs":["http:\/\/jarekwasielewski.pl\/zwrzeszcza"]}]}},"_links":{"self":[{"href":"https:\/\/jarekwasielewski.pl\/zwrzeszcza\/wp-json\/wp\/v2\/posts\/3598","targetHints":{"allow":["GET"]}}],"collection":[{"href":"https:\/\/jarekwasielewski.pl\/zwrzeszcza\/wp-json\/wp\/v2\/posts"}],"about":[{"href":"https:\/\/jarekwasielewski.pl\/zwrzeszcza\/wp-json\/wp\/v2\/types\/post"}],"author":[{"embeddable":true,"href":"https:\/\/jarekwasielewski.pl\/zwrzeszcza\/wp-json\/wp\/v2\/users\/1"}],"replies":[{"embeddable":true,"href":"https:\/\/jarekwasielewski.pl\/zwrzeszcza\/wp-json\/wp\/v2\/comments?post=3598"}],"version-history":[{"count":1,"href":"https:\/\/jarekwasielewski.pl\/zwrzeszcza\/wp-json\/wp\/v2\/posts\/3598\/revisions"}],"predecessor-version":[{"id":5654,"href":"https:\/\/jarekwasielewski.pl\/zwrzeszcza\/wp-json\/wp\/v2\/posts\/3598\/revisions\/5654"}],"wp:featuredmedia":[{"embeddable":true,"href":"https:\/\/jarekwasielewski.pl\/zwrzeszcza\/wp-json\/wp\/v2\/media\/3608"}],"wp:attachment":[{"href":"https:\/\/jarekwasielewski.pl\/zwrzeszcza\/wp-json\/wp\/v2\/media?parent=3598"}],"wp:term":[{"taxonomy":"category","embeddable":true,"href":"https:\/\/jarekwasielewski.pl\/zwrzeszcza\/wp-json\/wp\/v2\/categories?post=3598"},{"taxonomy":"post_tag","embeddable":true,"href":"https:\/\/jarekwasielewski.pl\/zwrzeszcza\/wp-json\/wp\/v2\/tags?post=3598"}],"curies":[{"name":"wp","href":"https:\/\/api.w.org\/{rel}","templated":true}]}}