{"id":3107,"date":"2018-03-20T12:30:27","date_gmt":"2018-03-20T11:30:27","guid":{"rendered":"http:\/\/jarekwasielewski.pl\/zwrzeszcza\/?p=3107"},"modified":"2023-11-13T12:32:11","modified_gmt":"2023-11-13T11:32:11","slug":"powojenny-wrzeszcz-na-zdjeciach-z-domowego-archiwum","status":"publish","type":"post","link":"https:\/\/jarekwasielewski.pl\/zwrzeszcza\/2018\/03\/powojenny-wrzeszcz-na-zdjeciach-z-domowego-archiwum\/","title":{"rendered":"Powojenny Wrzeszcz na zdj\u0119ciach z domowego archiwum"},"content":{"rendered":"<p style=\"text-align: justify;\">Najprzyjemniejszym elementem ca\u0142ej przygody z histori\u0105 Wrzeszcza jest mo\u017cliwo\u015b\u0107 dzielenia si\u0119 swoj\u0105 wiedz\u0105 z mieszka\u0144cami &#8211; zar\u00f3wno poprzez publikacje, jak i podczas prelekcji. Najwi\u0119cej satysfakcji za\u015b przynosz\u0105 sytuacje, w kt\u00f3rych publiczno\u015b\u0107 rewan\u017cuje si\u0119 opowie\u015bci\u0105 o swoim w\u0142asnym dawnym Wrzeszczu. Jedn\u0105 z takich os\u00f3b jest pani Ewa Gutarowska.<\/p>\n<p style=\"text-align: justify;\">Pani Ewa przes\u0142a\u0142a mi wyb\u00f3r zdj\u0119\u0107 z rodzinnego archiwum &#8211; typowe migawki ze spacer\u00f3w z dzie\u0107mi czy pami\u0105tkowe zdj\u0119cia z okazji pierwszej komunii. Ale gdzie\u015b w tle tej rodzinnej od\u015bwi\u0119tno\u015bci wida\u0107 fragmenty Wrzeszcza z tamtych lat. Z nadsy\u0142anych przez p. Ew\u0119 zdj\u0119\u0107 wybra\u0142em kilka najciekawszych i &#8211; oczywi\u015bcie za jej zgod\u0105 &#8211; prezentuje je wraz z opisem:<\/p>\nngg_shortcode_0_placeholder\n<p><strong>Pani Ewo, serdecznie dzi\u0119kuj\u0119!<\/strong><\/p>\n<p>Je\u017celi potraficie doda\u0107 co\u015b do tych opis\u00f3w &#8211; zapraszam do komentowania!<\/p>\n<p>A je\u017celi chcieliby\u015bcie podzieli\u0107 si\u0119 w\u0142asnymi archiwami, prosz\u0119 o kontakt.<\/p>\n","protected":false},"excerpt":{"rendered":"<p>Najprzyjemniejszym elementem ca\u0142ej przygody z histori\u0105 Wrzeszcza jest mo\u017cliwo\u015b\u0107 dzielenia si\u0119 swoj\u0105 wiedz\u0105 z mieszka\u0144cami &#8211; zar\u00f3wno poprzez publikacje, jak i podczas prelekcji. Najwi\u0119cej satysfakcji za\u015b przynosz\u0105 sytuacje, w kt\u00f3rych publiczno\u015b\u0107 rewan\u017cuje si\u0119 opowie\u015bci\u0105 o swoim w\u0142asnym dawnym Wrzeszczu. Jedn\u0105 z takich os\u00f3b jest pani Ewa Gutarowska. Pani Ewa przes\u0142a\u0142a mi wyb\u00f3r zdj\u0119\u0107 z rodzinnego&hellip;<\/p>\n","protected":false},"author":1,"featured_media":3170,"comment_status":"open","ping_status":"open","sticky":false,"template":"","format":"standard","meta":{"ngg_post_thumbnail":0,"footnotes":""},"categories":[6,8],"tags":[],"class_list":["post-3107","post","type-post","status-publish","format-standard","has-post-thumbnail","hentry","category-po-1945","category-wszystkie"],"yoast_head":"<!-- This site is optimized with the Yoast SEO plugin v27.3 - https:\/\/yoast.com\/product\/yoast-seo-wordpress\/ -->\n<title>Powojenny Wrzeszcz na zdj\u0119ciach z domowego archiwum - Wrzeszcz Jarka Wasielewskiego<\/title>\n<meta name=\"robots\" content=\"index, follow, max-snippet:-1, max-image-preview:large, max-video-preview:-1\" \/>\n<link rel=\"canonical\" href=\"https:\/\/jarekwasielewski.pl\/zwrzeszcza\/2018\/03\/powojenny-wrzeszcz-na-zdjeciach-z-domowego-archiwum\/\" \/>\n<meta property=\"og:locale\" content=\"pl_PL\" \/>\n<meta property=\"og:type\" content=\"article\" \/>\n<meta property=\"og:title\" content=\"Powojenny Wrzeszcz na zdj\u0119ciach z domowego archiwum - Wrzeszcz Jarka Wasielewskiego\" \/>\n<meta property=\"og:description\" content=\"Najprzyjemniejszym elementem ca\u0142ej przygody z histori\u0105 Wrzeszcza jest mo\u017cliwo\u015b\u0107 dzielenia si\u0119 swoj\u0105 wiedz\u0105 z mieszka\u0144cami &#8211; zar\u00f3wno poprzez publikacje, jak i podczas prelekcji. Najwi\u0119cej satysfakcji za\u015b przynosz\u0105 sytuacje, w kt\u00f3rych publiczno\u015b\u0107 rewan\u017cuje si\u0119 opowie\u015bci\u0105 o swoim w\u0142asnym dawnym Wrzeszczu. Jedn\u0105 z takich os\u00f3b jest pani Ewa Gutarowska. Pani Ewa przes\u0142a\u0142a mi wyb\u00f3r zdj\u0119\u0107 z rodzinnego&hellip;\" \/>\n<meta property=\"og:url\" content=\"https:\/\/jarekwasielewski.pl\/zwrzeszcza\/2018\/03\/powojenny-wrzeszcz-na-zdjeciach-z-domowego-archiwum\/\" \/>\n<meta property=\"og:site_name\" content=\"Wrzeszcz Jarka Wasielewskiego\" \/>\n<meta property=\"article:published_time\" content=\"2018-03-20T11:30:27+00:00\" \/>\n<meta property=\"article:modified_time\" content=\"2023-11-13T11:32:11+00:00\" \/>\n<meta property=\"og:image\" content=\"https:\/\/jarekwasielewski.pl\/zwrzeszcza\/wp-content\/uploads\/2018\/03\/wrzeszcz_e_gutarowska_8.jpg\" \/>\n\t<meta property=\"og:image:width\" content=\"503\" \/>\n\t<meta property=\"og:image:height\" content=\"750\" \/>\n\t<meta property=\"og:image:type\" content=\"image\/jpeg\" \/>\n<meta name=\"author\" content=\"Jarek Wasielewski\" \/>\n<meta name=\"twitter:card\" content=\"summary_large_image\" \/>\n<meta name=\"twitter:label1\" content=\"Napisane przez\" \/>\n\t<meta name=\"twitter:data1\" content=\"Jarek Wasielewski\" \/>\n\t<meta name=\"twitter:label2\" content=\"Szacowany czas czytania\" \/>\n\t<meta name=\"twitter:data2\" content=\"1 minuta\" \/>\n<script type=\"application\/ld+json\" class=\"yoast-schema-graph\">{\"@context\":\"https:\\\/\\\/schema.org\",\"@graph\":[{\"@type\":\"Article\",\"@id\":\"https:\\\/\\\/jarekwasielewski.pl\\\/zwrzeszcza\\\/2018\\\/03\\\/powojenny-wrzeszcz-na-zdjeciach-z-domowego-archiwum\\\/#article\",\"isPartOf\":{\"@id\":\"https:\\\/\\\/jarekwasielewski.pl\\\/zwrzeszcza\\\/2018\\\/03\\\/powojenny-wrzeszcz-na-zdjeciach-z-domowego-archiwum\\\/\"},\"author\":{\"name\":\"Jarek Wasielewski\",\"@id\":\"https:\\\/\\\/jarekwasielewski.pl\\\/zwrzeszcza\\\/#\\\/schema\\\/person\\\/807e6ca1f9fadc1945bd9ac746422589\"},\"headline\":\"Powojenny Wrzeszcz na zdj\u0119ciach z domowego archiwum\",\"datePublished\":\"2018-03-20T11:30:27+00:00\",\"dateModified\":\"2023-11-13T11:32:11+00:00\",\"mainEntityOfPage\":{\"@id\":\"https:\\\/\\\/jarekwasielewski.pl\\\/zwrzeszcza\\\/2018\\\/03\\\/powojenny-wrzeszcz-na-zdjeciach-z-domowego-archiwum\\\/\"},\"wordCount\":222,\"commentCount\":0,\"publisher\":{\"@id\":\"https:\\\/\\\/jarekwasielewski.pl\\\/zwrzeszcza\\\/#\\\/schema\\\/person\\\/807e6ca1f9fadc1945bd9ac746422589\"},\"image\":{\"@id\":\"https:\\\/\\\/jarekwasielewski.pl\\\/zwrzeszcza\\\/2018\\\/03\\\/powojenny-wrzeszcz-na-zdjeciach-z-domowego-archiwum\\\/#primaryimage\"},\"thumbnailUrl\":\"https:\\\/\\\/jarekwasielewski.pl\\\/zwrzeszcza\\\/wp-content\\\/uploads\\\/2018\\\/03\\\/wrzeszcz_e_gutarowska_8.jpg\",\"articleSection\":[\"Po 1945\",\"Wszystkie\"],\"inLanguage\":\"pl-PL\",\"potentialAction\":[{\"@type\":\"CommentAction\",\"name\":\"Comment\",\"target\":[\"https:\\\/\\\/jarekwasielewski.pl\\\/zwrzeszcza\\\/2018\\\/03\\\/powojenny-wrzeszcz-na-zdjeciach-z-domowego-archiwum\\\/#respond\"]}]},{\"@type\":\"WebPage\",\"@id\":\"https:\\\/\\\/jarekwasielewski.pl\\\/zwrzeszcza\\\/2018\\\/03\\\/powojenny-wrzeszcz-na-zdjeciach-z-domowego-archiwum\\\/\",\"url\":\"https:\\\/\\\/jarekwasielewski.pl\\\/zwrzeszcza\\\/2018\\\/03\\\/powojenny-wrzeszcz-na-zdjeciach-z-domowego-archiwum\\\/\",\"name\":\"Powojenny Wrzeszcz na zdj\u0119ciach z domowego archiwum - Wrzeszcz Jarka Wasielewskiego\",\"isPartOf\":{\"@id\":\"https:\\\/\\\/jarekwasielewski.pl\\\/zwrzeszcza\\\/#website\"},\"primaryImageOfPage\":{\"@id\":\"https:\\\/\\\/jarekwasielewski.pl\\\/zwrzeszcza\\\/2018\\\/03\\\/powojenny-wrzeszcz-na-zdjeciach-z-domowego-archiwum\\\/#primaryimage\"},\"image\":{\"@id\":\"https:\\\/\\\/jarekwasielewski.pl\\\/zwrzeszcza\\\/2018\\\/03\\\/powojenny-wrzeszcz-na-zdjeciach-z-domowego-archiwum\\\/#primaryimage\"},\"thumbnailUrl\":\"https:\\\/\\\/jarekwasielewski.pl\\\/zwrzeszcza\\\/wp-content\\\/uploads\\\/2018\\\/03\\\/wrzeszcz_e_gutarowska_8.jpg\",\"datePublished\":\"2018-03-20T11:30:27+00:00\",\"dateModified\":\"2023-11-13T11:32:11+00:00\",\"breadcrumb\":{\"@id\":\"https:\\\/\\\/jarekwasielewski.pl\\\/zwrzeszcza\\\/2018\\\/03\\\/powojenny-wrzeszcz-na-zdjeciach-z-domowego-archiwum\\\/#breadcrumb\"},\"inLanguage\":\"pl-PL\",\"potentialAction\":[{\"@type\":\"ReadAction\",\"target\":[\"https:\\\/\\\/jarekwasielewski.pl\\\/zwrzeszcza\\\/2018\\\/03\\\/powojenny-wrzeszcz-na-zdjeciach-z-domowego-archiwum\\\/\"]}]},{\"@type\":\"ImageObject\",\"inLanguage\":\"pl-PL\",\"@id\":\"https:\\\/\\\/jarekwasielewski.pl\\\/zwrzeszcza\\\/2018\\\/03\\\/powojenny-wrzeszcz-na-zdjeciach-z-domowego-archiwum\\\/#primaryimage\",\"url\":\"https:\\\/\\\/jarekwasielewski.pl\\\/zwrzeszcza\\\/wp-content\\\/uploads\\\/2018\\\/03\\\/wrzeszcz_e_gutarowska_8.jpg\",\"contentUrl\":\"https:\\\/\\\/jarekwasielewski.pl\\\/zwrzeszcza\\\/wp-content\\\/uploads\\\/2018\\\/03\\\/wrzeszcz_e_gutarowska_8.jpg\",\"width\":503,\"height\":750},{\"@type\":\"BreadcrumbList\",\"@id\":\"https:\\\/\\\/jarekwasielewski.pl\\\/zwrzeszcza\\\/2018\\\/03\\\/powojenny-wrzeszcz-na-zdjeciach-z-domowego-archiwum\\\/#breadcrumb\",\"itemListElement\":[{\"@type\":\"ListItem\",\"position\":1,\"name\":\"Strona g\u0142\u00f3wna\",\"item\":\"https:\\\/\\\/jarekwasielewski.pl\\\/zwrzeszcza\\\/\"},{\"@type\":\"ListItem\",\"position\":2,\"name\":\"Powojenny Wrzeszcz na zdj\u0119ciach z domowego archiwum\"}]},{\"@type\":\"WebSite\",\"@id\":\"https:\\\/\\\/jarekwasielewski.pl\\\/zwrzeszcza\\\/#website\",\"url\":\"https:\\\/\\\/jarekwasielewski.pl\\\/zwrzeszcza\\\/\",\"name\":\"Wrzeszcza Jarka Wasielewskiego\",\"description\":\"Blog Jarka Wasielewskiego o Wrzeszczu\",\"publisher\":{\"@id\":\"https:\\\/\\\/jarekwasielewski.pl\\\/zwrzeszcza\\\/#\\\/schema\\\/person\\\/807e6ca1f9fadc1945bd9ac746422589\"},\"potentialAction\":[{\"@type\":\"SearchAction\",\"target\":{\"@type\":\"EntryPoint\",\"urlTemplate\":\"https:\\\/\\\/jarekwasielewski.pl\\\/zwrzeszcza\\\/?s={search_term_string}\"},\"query-input\":{\"@type\":\"PropertyValueSpecification\",\"valueRequired\":true,\"valueName\":\"search_term_string\"}}],\"inLanguage\":\"pl-PL\"},{\"@type\":[\"Person\",\"Organization\"],\"@id\":\"https:\\\/\\\/jarekwasielewski.pl\\\/zwrzeszcza\\\/#\\\/schema\\\/person\\\/807e6ca1f9fadc1945bd9ac746422589\",\"name\":\"Jarek Wasielewski\",\"image\":{\"@type\":\"ImageObject\",\"inLanguage\":\"pl-PL\",\"@id\":\"http:\\\/\\\/jarekwasielewski.pl\\\/zwrzeszcza\\\/wp-content\\\/uploads\\\/2021\\\/09\\\/jw.png\",\"url\":\"http:\\\/\\\/jarekwasielewski.pl\\\/zwrzeszcza\\\/wp-content\\\/uploads\\\/2021\\\/09\\\/jw.png\",\"contentUrl\":\"http:\\\/\\\/jarekwasielewski.pl\\\/zwrzeszcza\\\/wp-content\\\/uploads\\\/2021\\\/09\\\/jw.png\",\"width\":715,\"height\":630,\"caption\":\"Jarek Wasielewski\"},\"logo\":{\"@id\":\"http:\\\/\\\/jarekwasielewski.pl\\\/zwrzeszcza\\\/wp-content\\\/uploads\\\/2021\\\/09\\\/jw.png\"},\"sameAs\":[\"http:\\\/\\\/jarekwasielewski.pl\\\/zwrzeszcza\"]}]}<\/script>\n<!-- \/ Yoast SEO plugin. -->","yoast_head_json":{"title":"Powojenny Wrzeszcz na zdj\u0119ciach z domowego archiwum - Wrzeszcz Jarka Wasielewskiego","robots":{"index":"index","follow":"follow","max-snippet":"max-snippet:-1","max-image-preview":"max-image-preview:large","max-video-preview":"max-video-preview:-1"},"canonical":"https:\/\/jarekwasielewski.pl\/zwrzeszcza\/2018\/03\/powojenny-wrzeszcz-na-zdjeciach-z-domowego-archiwum\/","og_locale":"pl_PL","og_type":"article","og_title":"Powojenny Wrzeszcz na zdj\u0119ciach z domowego archiwum - Wrzeszcz Jarka Wasielewskiego","og_description":"Najprzyjemniejszym elementem ca\u0142ej przygody z histori\u0105 Wrzeszcza jest mo\u017cliwo\u015b\u0107 dzielenia si\u0119 swoj\u0105 wiedz\u0105 z mieszka\u0144cami &#8211; zar\u00f3wno poprzez publikacje, jak i podczas prelekcji. Najwi\u0119cej satysfakcji za\u015b przynosz\u0105 sytuacje, w kt\u00f3rych publiczno\u015b\u0107 rewan\u017cuje si\u0119 opowie\u015bci\u0105 o swoim w\u0142asnym dawnym Wrzeszczu. Jedn\u0105 z takich os\u00f3b jest pani Ewa Gutarowska. Pani Ewa przes\u0142a\u0142a mi wyb\u00f3r zdj\u0119\u0107 z rodzinnego&hellip;","og_url":"https:\/\/jarekwasielewski.pl\/zwrzeszcza\/2018\/03\/powojenny-wrzeszcz-na-zdjeciach-z-domowego-archiwum\/","og_site_name":"Wrzeszcz Jarka Wasielewskiego","article_published_time":"2018-03-20T11:30:27+00:00","article_modified_time":"2023-11-13T11:32:11+00:00","og_image":[{"width":503,"height":750,"url":"https:\/\/jarekwasielewski.pl\/zwrzeszcza\/wp-content\/uploads\/2018\/03\/wrzeszcz_e_gutarowska_8.jpg","type":"image\/jpeg"}],"author":"Jarek Wasielewski","twitter_card":"summary_large_image","twitter_misc":{"Napisane przez":"Jarek Wasielewski","Szacowany czas czytania":"1 minuta"},"schema":{"@context":"https:\/\/schema.org","@graph":[{"@type":"Article","@id":"https:\/\/jarekwasielewski.pl\/zwrzeszcza\/2018\/03\/powojenny-wrzeszcz-na-zdjeciach-z-domowego-archiwum\/#article","isPartOf":{"@id":"https:\/\/jarekwasielewski.pl\/zwrzeszcza\/2018\/03\/powojenny-wrzeszcz-na-zdjeciach-z-domowego-archiwum\/"},"author":{"name":"Jarek Wasielewski","@id":"https:\/\/jarekwasielewski.pl\/zwrzeszcza\/#\/schema\/person\/807e6ca1f9fadc1945bd9ac746422589"},"headline":"Powojenny Wrzeszcz na zdj\u0119ciach z domowego archiwum","datePublished":"2018-03-20T11:30:27+00:00","dateModified":"2023-11-13T11:32:11+00:00","mainEntityOfPage":{"@id":"https:\/\/jarekwasielewski.pl\/zwrzeszcza\/2018\/03\/powojenny-wrzeszcz-na-zdjeciach-z-domowego-archiwum\/"},"wordCount":222,"commentCount":0,"publisher":{"@id":"https:\/\/jarekwasielewski.pl\/zwrzeszcza\/#\/schema\/person\/807e6ca1f9fadc1945bd9ac746422589"},"image":{"@id":"https:\/\/jarekwasielewski.pl\/zwrzeszcza\/2018\/03\/powojenny-wrzeszcz-na-zdjeciach-z-domowego-archiwum\/#primaryimage"},"thumbnailUrl":"https:\/\/jarekwasielewski.pl\/zwrzeszcza\/wp-content\/uploads\/2018\/03\/wrzeszcz_e_gutarowska_8.jpg","articleSection":["Po 1945","Wszystkie"],"inLanguage":"pl-PL","potentialAction":[{"@type":"CommentAction","name":"Comment","target":["https:\/\/jarekwasielewski.pl\/zwrzeszcza\/2018\/03\/powojenny-wrzeszcz-na-zdjeciach-z-domowego-archiwum\/#respond"]}]},{"@type":"WebPage","@id":"https:\/\/jarekwasielewski.pl\/zwrzeszcza\/2018\/03\/powojenny-wrzeszcz-na-zdjeciach-z-domowego-archiwum\/","url":"https:\/\/jarekwasielewski.pl\/zwrzeszcza\/2018\/03\/powojenny-wrzeszcz-na-zdjeciach-z-domowego-archiwum\/","name":"Powojenny Wrzeszcz na zdj\u0119ciach z domowego archiwum - Wrzeszcz Jarka Wasielewskiego","isPartOf":{"@id":"https:\/\/jarekwasielewski.pl\/zwrzeszcza\/#website"},"primaryImageOfPage":{"@id":"https:\/\/jarekwasielewski.pl\/zwrzeszcza\/2018\/03\/powojenny-wrzeszcz-na-zdjeciach-z-domowego-archiwum\/#primaryimage"},"image":{"@id":"https:\/\/jarekwasielewski.pl\/zwrzeszcza\/2018\/03\/powojenny-wrzeszcz-na-zdjeciach-z-domowego-archiwum\/#primaryimage"},"thumbnailUrl":"https:\/\/jarekwasielewski.pl\/zwrzeszcza\/wp-content\/uploads\/2018\/03\/wrzeszcz_e_gutarowska_8.jpg","datePublished":"2018-03-20T11:30:27+00:00","dateModified":"2023-11-13T11:32:11+00:00","breadcrumb":{"@id":"https:\/\/jarekwasielewski.pl\/zwrzeszcza\/2018\/03\/powojenny-wrzeszcz-na-zdjeciach-z-domowego-archiwum\/#breadcrumb"},"inLanguage":"pl-PL","potentialAction":[{"@type":"ReadAction","target":["https:\/\/jarekwasielewski.pl\/zwrzeszcza\/2018\/03\/powojenny-wrzeszcz-na-zdjeciach-z-domowego-archiwum\/"]}]},{"@type":"ImageObject","inLanguage":"pl-PL","@id":"https:\/\/jarekwasielewski.pl\/zwrzeszcza\/2018\/03\/powojenny-wrzeszcz-na-zdjeciach-z-domowego-archiwum\/#primaryimage","url":"https:\/\/jarekwasielewski.pl\/zwrzeszcza\/wp-content\/uploads\/2018\/03\/wrzeszcz_e_gutarowska_8.jpg","contentUrl":"https:\/\/jarekwasielewski.pl\/zwrzeszcza\/wp-content\/uploads\/2018\/03\/wrzeszcz_e_gutarowska_8.jpg","width":503,"height":750},{"@type":"BreadcrumbList","@id":"https:\/\/jarekwasielewski.pl\/zwrzeszcza\/2018\/03\/powojenny-wrzeszcz-na-zdjeciach-z-domowego-archiwum\/#breadcrumb","itemListElement":[{"@type":"ListItem","position":1,"name":"Strona g\u0142\u00f3wna","item":"https:\/\/jarekwasielewski.pl\/zwrzeszcza\/"},{"@type":"ListItem","position":2,"name":"Powojenny Wrzeszcz na zdj\u0119ciach z domowego archiwum"}]},{"@type":"WebSite","@id":"https:\/\/jarekwasielewski.pl\/zwrzeszcza\/#website","url":"https:\/\/jarekwasielewski.pl\/zwrzeszcza\/","name":"Wrzeszcza Jarka Wasielewskiego","description":"Blog Jarka Wasielewskiego o Wrzeszczu","publisher":{"@id":"https:\/\/jarekwasielewski.pl\/zwrzeszcza\/#\/schema\/person\/807e6ca1f9fadc1945bd9ac746422589"},"potentialAction":[{"@type":"SearchAction","target":{"@type":"EntryPoint","urlTemplate":"https:\/\/jarekwasielewski.pl\/zwrzeszcza\/?s={search_term_string}"},"query-input":{"@type":"PropertyValueSpecification","valueRequired":true,"valueName":"search_term_string"}}],"inLanguage":"pl-PL"},{"@type":["Person","Organization"],"@id":"https:\/\/jarekwasielewski.pl\/zwrzeszcza\/#\/schema\/person\/807e6ca1f9fadc1945bd9ac746422589","name":"Jarek Wasielewski","image":{"@type":"ImageObject","inLanguage":"pl-PL","@id":"http:\/\/jarekwasielewski.pl\/zwrzeszcza\/wp-content\/uploads\/2021\/09\/jw.png","url":"http:\/\/jarekwasielewski.pl\/zwrzeszcza\/wp-content\/uploads\/2021\/09\/jw.png","contentUrl":"http:\/\/jarekwasielewski.pl\/zwrzeszcza\/wp-content\/uploads\/2021\/09\/jw.png","width":715,"height":630,"caption":"Jarek Wasielewski"},"logo":{"@id":"http:\/\/jarekwasielewski.pl\/zwrzeszcza\/wp-content\/uploads\/2021\/09\/jw.png"},"sameAs":["http:\/\/jarekwasielewski.pl\/zwrzeszcza"]}]}},"_links":{"self":[{"href":"https:\/\/jarekwasielewski.pl\/zwrzeszcza\/wp-json\/wp\/v2\/posts\/3107","targetHints":{"allow":["GET"]}}],"collection":[{"href":"https:\/\/jarekwasielewski.pl\/zwrzeszcza\/wp-json\/wp\/v2\/posts"}],"about":[{"href":"https:\/\/jarekwasielewski.pl\/zwrzeszcza\/wp-json\/wp\/v2\/types\/post"}],"author":[{"embeddable":true,"href":"https:\/\/jarekwasielewski.pl\/zwrzeszcza\/wp-json\/wp\/v2\/users\/1"}],"replies":[{"embeddable":true,"href":"https:\/\/jarekwasielewski.pl\/zwrzeszcza\/wp-json\/wp\/v2\/comments?post=3107"}],"version-history":[{"count":1,"href":"https:\/\/jarekwasielewski.pl\/zwrzeszcza\/wp-json\/wp\/v2\/posts\/3107\/revisions"}],"predecessor-version":[{"id":5649,"href":"https:\/\/jarekwasielewski.pl\/zwrzeszcza\/wp-json\/wp\/v2\/posts\/3107\/revisions\/5649"}],"wp:featuredmedia":[{"embeddable":true,"href":"https:\/\/jarekwasielewski.pl\/zwrzeszcza\/wp-json\/wp\/v2\/media\/3170"}],"wp:attachment":[{"href":"https:\/\/jarekwasielewski.pl\/zwrzeszcza\/wp-json\/wp\/v2\/media?parent=3107"}],"wp:term":[{"taxonomy":"category","embeddable":true,"href":"https:\/\/jarekwasielewski.pl\/zwrzeszcza\/wp-json\/wp\/v2\/categories?post=3107"},{"taxonomy":"post_tag","embeddable":true,"href":"https:\/\/jarekwasielewski.pl\/zwrzeszcza\/wp-json\/wp\/v2\/tags?post=3107"}],"curies":[{"name":"wp","href":"https:\/\/api.w.org\/{rel}","templated":true}]}}