{"id":30,"date":"2014-02-24T09:05:00","date_gmt":"2014-02-24T09:05:00","guid":{"rendered":"http:\/\/jotwu.16mb.com\/zwrzeszcza\/uncategorized\/wycieczka-do-lesnej-chatki\/"},"modified":"2023-11-13T15:44:47","modified_gmt":"2023-11-13T14:44:47","slug":"wycieczka-do-lesnej-chatki","status":"publish","type":"post","link":"https:\/\/jarekwasielewski.pl\/zwrzeszcza\/2014\/02\/wycieczka-do-lesnej-chatki\/","title":{"rendered":"Wycieczka do Le\u015bnej Chatki"},"content":{"rendered":"<p style=\"text-align: justify;\">Czekaj\u0105c na druk albumu <i>Wrzeszcz na dawnej poczt\u00f3wce<\/i> postanowi\u0142em wzi\u0105\u0107 oddech, odpocz\u0105\u0107 troch\u0119 od opatrzonych ju\u017c widok\u00f3w i dla odmiany obejrze\u0107 sobie co\u015b &#8222;nowego&#8221;. Pretekstu dostarczy\u0142 mi Tomek Dom\u017calski, zbieracz poczt\u00f3wek (jak sam zaznacza: jeszcze nie kolekcjoner), kt\u00f3ry u\u017cyczy\u0142 kilku pere\u0142ek do ww. wydawnictwa, oraz pi\u0119kna, wiosenna ju\u017c w\u0142a\u015bciwie pogoda. Ot\u00f3\u017c niedawno Tomek kupi\u0142 na internetowej aukcji niezwykle rzadk\u0105 poczt\u00f3wk\u0119 okolicy, kt\u00f3r\u0105 zajmiemy si\u0119 &#8211; tzn. Jan Daniluk i ja &#8211; najprawdopodobniej w drugim tomie:<\/p>\n<div id=\"attachment_908\" style=\"width: 306px\" class=\"wp-caption aligncenter\"><a href=\"http:\/\/jarekwasielewski.pl\/zwrzeszcza\/wp-content\/uploads\/2014\/02\/langfuhr_waldhaeuschen_1915.jpg\"><img loading=\"lazy\" decoding=\"async\" aria-describedby=\"caption-attachment-908\" class=\"size-medium wp-image-908\" src=\"http:\/\/jarekwasielewski.pl\/zwrzeszcza\/wp-content\/uploads\/2014\/02\/langfuhr_waldhaeuschen_1915-300x190.jpg\" alt=\"\u017ar\u00f3d\u0142o: serwis aukcyjny Allegro.pl\" width=\"300\" height=\"190\" srcset=\"https:\/\/jarekwasielewski.pl\/zwrzeszcza\/wp-content\/uploads\/2014\/02\/langfuhr_waldhaeuschen_1915-300x190.jpg 300w, https:\/\/jarekwasielewski.pl\/zwrzeszcza\/wp-content\/uploads\/2014\/02\/langfuhr_waldhaeuschen_1915.jpg 806w\" sizes=\"auto, (max-width: 300px) 100vw, 300px\" \/><\/a><p id=\"caption-attachment-908\" class=\"wp-caption-text\">\u017ar\u00f3d\u0142o: serwis aukcyjny Allegro.pl<\/p><\/div>\n<p style=\"text-align: justify;\">Tymczasem poszli\u015bmy z Tomkiem zobaczy\u0107, jak to miejsce wygl\u0105da dzi\u015b. Poczt\u00f3wka przedstawia zbudowan\u0105 jeszcze w XIX wieku gospod\u0119 <i>Le\u015bna chatka <\/i>((<i>Zum) Waldh\u00e4uschen<\/i>). Gospoda le\u017ca\u0142a na gruntach wsi \u015awi\u0119ta Studzienka (<i>Heiligenbrunn<\/i>), w s\u0105siedztwie dworu o tej samej nazwie. Jej przedwojenny adres to <i>St. Michaelsweg<\/i> 28, obecny: <a href=\"http:\/\/mapa.targeo.pl\/Punkt_20,19,18.6067736,54.3705274?l=3cc6777cdace38ad\" target=\"_blank\" rel=\"noopener\">ul. Traugutta 100<\/a>.&nbsp;By\u0142a to jedna z kilku plenerowych restauracji, dzia\u0142aj\u0105cych w tej malowniczej okolicy; dla przyk\u0142adu: na przeciwko gospody (patrz\u0105c w kierunku po\u0142udniowym) dzia\u0142a\u0142 lokal <i>Caf\u00e9 K\u00f6nigsh\u00f6he<\/i>. W\u0142a\u015bciciele <i>Waldh\u00e4uschen <\/i>zmieniali si\u0119 praktycznie co kilka lat, jednak restauracja po\u0142o\u017cona w s\u0105siedztwie modnego parku Ja\u015bkowej Doliny prosperowa\u0142a; zamkni\u0119to j\u0105 dopiero na pocz\u0105tku lat 20. XX wieku, sam budynek zamieniaj\u0105c na dom mieszkalny. Powy\u017csza poczt\u00f3wka przedstawia stan z ok. 1915 roku.<\/p>\n<p>Budynek przetrwa\u0142 w ca\u0142o\u015bci do dzi\u015b, chocia\u017c lata przer\u00f3bek sprawi\u0142y, \u017ce wygl\u0105da wyra\u017anie inaczej. Zdegradowany zosta\u0142 tak\u017ce sam taras restauracyjny (zdaje si\u0119, \u017ce po wojnie dzia\u0142a\u0142a tam szklarnia), przebudowano r\u00f3wnie\u017c widoczne po lewej stronie zabudowania gospodarcze. Mimo to ca\u0142o\u015b\u0107 prezentuje si\u0119 nie najgorzej, co zreszt\u0105 mo\u017cecie oceni\u0107 sami:<\/p>\n<p style=\"text-align: justify;\"><a href=\"http:\/\/jarekwasielewski.pl\/zwrzeszcza\/wp-content\/uploads\/2014\/02\/langfuhr_waldhaeuschen_2014a.jpg\"><img loading=\"lazy\" decoding=\"async\" class=\"aligncenter size-medium wp-image-909\" src=\"http:\/\/jarekwasielewski.pl\/zwrzeszcza\/wp-content\/uploads\/2014\/02\/langfuhr_waldhaeuschen_2014a-300x200.jpg\" alt=\"langfuhr_waldhaeuschen_2014a\" width=\"300\" height=\"200\" srcset=\"https:\/\/jarekwasielewski.pl\/zwrzeszcza\/wp-content\/uploads\/2014\/02\/langfuhr_waldhaeuschen_2014a-300x200.jpg 300w, https:\/\/jarekwasielewski.pl\/zwrzeszcza\/wp-content\/uploads\/2014\/02\/langfuhr_waldhaeuschen_2014a.jpg 700w\" sizes=\"auto, (max-width: 300px) 100vw, 300px\" \/><\/a><\/p>\n<p style=\"text-align: justify;\"><a href=\"http:\/\/jarekwasielewski.pl\/zwrzeszcza\/wp-content\/uploads\/2014\/02\/langfuhr_waldhaeuschen_2014b.jpg\"><img loading=\"lazy\" decoding=\"async\" class=\"aligncenter size-medium wp-image-910\" src=\"http:\/\/jarekwasielewski.pl\/zwrzeszcza\/wp-content\/uploads\/2014\/02\/langfuhr_waldhaeuschen_2014b-200x300.jpg\" alt=\"langfuhr_waldhaeuschen_2014b\" width=\"200\" height=\"300\" srcset=\"https:\/\/jarekwasielewski.pl\/zwrzeszcza\/wp-content\/uploads\/2014\/02\/langfuhr_waldhaeuschen_2014b-200x300.jpg 200w, https:\/\/jarekwasielewski.pl\/zwrzeszcza\/wp-content\/uploads\/2014\/02\/langfuhr_waldhaeuschen_2014b.jpg 450w\" sizes=\"auto, (max-width: 200px) 100vw, 200px\" \/><\/a><\/p>\n<p style=\"text-align: justify;\">I jeszcze ma\u0142e por\u00f3wnanie, dla u\u0142atwienia:<\/p>\n<p style=\"text-align: justify;\"><a href=\"http:\/\/jarekwasielewski.pl\/zwrzeszcza\/wp-content\/uploads\/2014\/02\/langfuhr_waldhaeuschen_porownanie.jpg\"><img loading=\"lazy\" decoding=\"async\" class=\"aligncenter size-medium wp-image-911\" src=\"http:\/\/jarekwasielewski.pl\/zwrzeszcza\/wp-content\/uploads\/2014\/02\/langfuhr_waldhaeuschen_porownanie-231x300.jpg\" alt=\"langfuhr_waldhaeuschen_porownanie\" width=\"231\" height=\"300\" srcset=\"https:\/\/jarekwasielewski.pl\/zwrzeszcza\/wp-content\/uploads\/2014\/02\/langfuhr_waldhaeuschen_porownanie-231x300.jpg 231w, https:\/\/jarekwasielewski.pl\/zwrzeszcza\/wp-content\/uploads\/2014\/02\/langfuhr_waldhaeuschen_porownanie.jpg 789w\" sizes=\"auto, (max-width: 231px) 100vw, 231px\" \/><\/a><\/p>\n<p style=\"text-align: justify;\">Jako rasowy dolnowrzeszczanin z rado\u015bci\u0105 i pokor\u0105 powt\u00f3rz\u0119: G\u00f3rny Wrzeszcz to dla mnie kraina wci\u0105\u017c w du\u017cej mierze tajemnicza. Co oznacza na pewno jedno: niepr\u0119dko sko\u0144cz\u0105 mi si\u0119 miejsca do eksplorowania i zg\u0142\u0119biania. Co Wam &#8211; moim czytelnikom &#8211; mo\u017ce wyj\u015b\u0107 tylko na dobre&#8230; \ud83d\ude09<\/p>\n","protected":false},"excerpt":{"rendered":"<p>Czekaj\u0105c na druk albumu Wrzeszcz na dawnej poczt\u00f3wce postanowi\u0142em wzi\u0105\u0107 oddech, odpocz\u0105\u0107 troch\u0119 od opatrzonych ju\u017c widok\u00f3w i dla odmiany obejrze\u0107 sobie co\u015b &#8222;nowego&#8221;. Pretekstu dostarczy\u0142 mi Tomek Dom\u017calski, zbieracz poczt\u00f3wek (jak sam zaznacza: jeszcze nie kolekcjoner), kt\u00f3ry u\u017cyczy\u0142 kilku pere\u0142ek do ww. wydawnictwa, oraz pi\u0119kna, wiosenna ju\u017c w\u0142a\u015bciwie pogoda. Ot\u00f3\u017c niedawno Tomek kupi\u0142 na&hellip;<\/p>\n","protected":false},"author":2,"featured_media":908,"comment_status":"open","ping_status":"open","sticky":false,"template":"","format":"standard","meta":{"ngg_post_thumbnail":0,"footnotes":""},"categories":[18,7,8],"tags":[],"class_list":["post-30","post","type-post","status-publish","format-standard","has-post-thumbnail","hentry","category-pocztowki","category-przed-1945","category-wszystkie"],"yoast_head":"<!-- This site is optimized with the Yoast SEO plugin v27.3 - https:\/\/yoast.com\/product\/yoast-seo-wordpress\/ -->\n<title>Wycieczka do Le\u015bnej Chatki - Wrzeszcz Jarka Wasielewskiego<\/title>\n<meta name=\"robots\" content=\"index, follow, max-snippet:-1, max-image-preview:large, max-video-preview:-1\" \/>\n<link rel=\"canonical\" href=\"https:\/\/jarekwasielewski.pl\/zwrzeszcza\/2014\/02\/wycieczka-do-lesnej-chatki\/\" \/>\n<meta property=\"og:locale\" content=\"pl_PL\" \/>\n<meta property=\"og:type\" content=\"article\" \/>\n<meta property=\"og:title\" content=\"Wycieczka do Le\u015bnej Chatki - Wrzeszcz Jarka Wasielewskiego\" \/>\n<meta property=\"og:description\" content=\"Czekaj\u0105c na druk albumu Wrzeszcz na dawnej poczt\u00f3wce postanowi\u0142em wzi\u0105\u0107 oddech, odpocz\u0105\u0107 troch\u0119 od opatrzonych ju\u017c widok\u00f3w i dla odmiany obejrze\u0107 sobie co\u015b &#8222;nowego&#8221;. Pretekstu dostarczy\u0142 mi Tomek Dom\u017calski, zbieracz poczt\u00f3wek (jak sam zaznacza: jeszcze nie kolekcjoner), kt\u00f3ry u\u017cyczy\u0142 kilku pere\u0142ek do ww. wydawnictwa, oraz pi\u0119kna, wiosenna ju\u017c w\u0142a\u015bciwie pogoda. Ot\u00f3\u017c niedawno Tomek kupi\u0142 na&hellip;\" \/>\n<meta property=\"og:url\" content=\"https:\/\/jarekwasielewski.pl\/zwrzeszcza\/2014\/02\/wycieczka-do-lesnej-chatki\/\" \/>\n<meta property=\"og:site_name\" content=\"Wrzeszcz Jarka Wasielewskiego\" \/>\n<meta property=\"article:published_time\" content=\"2014-02-24T09:05:00+00:00\" \/>\n<meta property=\"article:modified_time\" content=\"2023-11-13T14:44:47+00:00\" \/>\n<meta property=\"og:image\" content=\"https:\/\/jarekwasielewski.pl\/zwrzeszcza\/wp-content\/uploads\/2014\/02\/langfuhr_waldhaeuschen_1915.jpg\" \/>\n\t<meta property=\"og:image:width\" content=\"806\" \/>\n\t<meta property=\"og:image:height\" content=\"513\" \/>\n\t<meta property=\"og:image:type\" content=\"image\/jpeg\" \/>\n<meta name=\"author\" content=\"Jarek Wasielewski\" \/>\n<meta name=\"twitter:card\" content=\"summary_large_image\" \/>\n<meta name=\"twitter:label1\" content=\"Napisane przez\" \/>\n\t<meta name=\"twitter:data1\" content=\"Jarek Wasielewski\" \/>\n\t<meta name=\"twitter:label2\" content=\"Szacowany czas czytania\" \/>\n\t<meta name=\"twitter:data2\" content=\"3 minuty\" \/>\n<script type=\"application\/ld+json\" class=\"yoast-schema-graph\">{\"@context\":\"https:\\\/\\\/schema.org\",\"@graph\":[{\"@type\":\"Article\",\"@id\":\"https:\\\/\\\/jarekwasielewski.pl\\\/zwrzeszcza\\\/2014\\\/02\\\/wycieczka-do-lesnej-chatki\\\/#article\",\"isPartOf\":{\"@id\":\"https:\\\/\\\/jarekwasielewski.pl\\\/zwrzeszcza\\\/2014\\\/02\\\/wycieczka-do-lesnej-chatki\\\/\"},\"author\":{\"name\":\"Jarek Wasielewski\",\"@id\":\"https:\\\/\\\/jarekwasielewski.pl\\\/zwrzeszcza\\\/#\\\/schema\\\/person\\\/d2582ae2f5d0ea9c9154fd6e4bcb3976\"},\"headline\":\"Wycieczka do Le\u015bnej Chatki\",\"datePublished\":\"2014-02-24T09:05:00+00:00\",\"dateModified\":\"2023-11-13T14:44:47+00:00\",\"mainEntityOfPage\":{\"@id\":\"https:\\\/\\\/jarekwasielewski.pl\\\/zwrzeszcza\\\/2014\\\/02\\\/wycieczka-do-lesnej-chatki\\\/\"},\"wordCount\":371,\"commentCount\":2,\"publisher\":{\"@id\":\"https:\\\/\\\/jarekwasielewski.pl\\\/zwrzeszcza\\\/#\\\/schema\\\/person\\\/807e6ca1f9fadc1945bd9ac746422589\"},\"image\":{\"@id\":\"https:\\\/\\\/jarekwasielewski.pl\\\/zwrzeszcza\\\/2014\\\/02\\\/wycieczka-do-lesnej-chatki\\\/#primaryimage\"},\"thumbnailUrl\":\"https:\\\/\\\/jarekwasielewski.pl\\\/zwrzeszcza\\\/wp-content\\\/uploads\\\/2014\\\/02\\\/langfuhr_waldhaeuschen_1915.jpg\",\"articleSection\":[\"Poczt\u00f3wki\",\"Przed 1945\",\"Wszystkie\"],\"inLanguage\":\"pl-PL\",\"potentialAction\":[{\"@type\":\"CommentAction\",\"name\":\"Comment\",\"target\":[\"https:\\\/\\\/jarekwasielewski.pl\\\/zwrzeszcza\\\/2014\\\/02\\\/wycieczka-do-lesnej-chatki\\\/#respond\"]}]},{\"@type\":\"WebPage\",\"@id\":\"https:\\\/\\\/jarekwasielewski.pl\\\/zwrzeszcza\\\/2014\\\/02\\\/wycieczka-do-lesnej-chatki\\\/\",\"url\":\"https:\\\/\\\/jarekwasielewski.pl\\\/zwrzeszcza\\\/2014\\\/02\\\/wycieczka-do-lesnej-chatki\\\/\",\"name\":\"Wycieczka do Le\u015bnej Chatki - Wrzeszcz Jarka Wasielewskiego\",\"isPartOf\":{\"@id\":\"https:\\\/\\\/jarekwasielewski.pl\\\/zwrzeszcza\\\/#website\"},\"primaryImageOfPage\":{\"@id\":\"https:\\\/\\\/jarekwasielewski.pl\\\/zwrzeszcza\\\/2014\\\/02\\\/wycieczka-do-lesnej-chatki\\\/#primaryimage\"},\"image\":{\"@id\":\"https:\\\/\\\/jarekwasielewski.pl\\\/zwrzeszcza\\\/2014\\\/02\\\/wycieczka-do-lesnej-chatki\\\/#primaryimage\"},\"thumbnailUrl\":\"https:\\\/\\\/jarekwasielewski.pl\\\/zwrzeszcza\\\/wp-content\\\/uploads\\\/2014\\\/02\\\/langfuhr_waldhaeuschen_1915.jpg\",\"datePublished\":\"2014-02-24T09:05:00+00:00\",\"dateModified\":\"2023-11-13T14:44:47+00:00\",\"breadcrumb\":{\"@id\":\"https:\\\/\\\/jarekwasielewski.pl\\\/zwrzeszcza\\\/2014\\\/02\\\/wycieczka-do-lesnej-chatki\\\/#breadcrumb\"},\"inLanguage\":\"pl-PL\",\"potentialAction\":[{\"@type\":\"ReadAction\",\"target\":[\"https:\\\/\\\/jarekwasielewski.pl\\\/zwrzeszcza\\\/2014\\\/02\\\/wycieczka-do-lesnej-chatki\\\/\"]}]},{\"@type\":\"ImageObject\",\"inLanguage\":\"pl-PL\",\"@id\":\"https:\\\/\\\/jarekwasielewski.pl\\\/zwrzeszcza\\\/2014\\\/02\\\/wycieczka-do-lesnej-chatki\\\/#primaryimage\",\"url\":\"https:\\\/\\\/jarekwasielewski.pl\\\/zwrzeszcza\\\/wp-content\\\/uploads\\\/2014\\\/02\\\/langfuhr_waldhaeuschen_1915.jpg\",\"contentUrl\":\"https:\\\/\\\/jarekwasielewski.pl\\\/zwrzeszcza\\\/wp-content\\\/uploads\\\/2014\\\/02\\\/langfuhr_waldhaeuschen_1915.jpg\",\"width\":806,\"height\":513,\"caption\":\"\u017ar\u00f3d\u0142o: serwis aukcyjny Allegro.pl\"},{\"@type\":\"BreadcrumbList\",\"@id\":\"https:\\\/\\\/jarekwasielewski.pl\\\/zwrzeszcza\\\/2014\\\/02\\\/wycieczka-do-lesnej-chatki\\\/#breadcrumb\",\"itemListElement\":[{\"@type\":\"ListItem\",\"position\":1,\"name\":\"Strona g\u0142\u00f3wna\",\"item\":\"https:\\\/\\\/jarekwasielewski.pl\\\/zwrzeszcza\\\/\"},{\"@type\":\"ListItem\",\"position\":2,\"name\":\"Wycieczka do Le\u015bnej Chatki\"}]},{\"@type\":\"WebSite\",\"@id\":\"https:\\\/\\\/jarekwasielewski.pl\\\/zwrzeszcza\\\/#website\",\"url\":\"https:\\\/\\\/jarekwasielewski.pl\\\/zwrzeszcza\\\/\",\"name\":\"Wrzeszcza Jarka Wasielewskiego\",\"description\":\"Blog Jarka Wasielewskiego o Wrzeszczu\",\"publisher\":{\"@id\":\"https:\\\/\\\/jarekwasielewski.pl\\\/zwrzeszcza\\\/#\\\/schema\\\/person\\\/807e6ca1f9fadc1945bd9ac746422589\"},\"potentialAction\":[{\"@type\":\"SearchAction\",\"target\":{\"@type\":\"EntryPoint\",\"urlTemplate\":\"https:\\\/\\\/jarekwasielewski.pl\\\/zwrzeszcza\\\/?s={search_term_string}\"},\"query-input\":{\"@type\":\"PropertyValueSpecification\",\"valueRequired\":true,\"valueName\":\"search_term_string\"}}],\"inLanguage\":\"pl-PL\"},{\"@type\":[\"Person\",\"Organization\"],\"@id\":\"https:\\\/\\\/jarekwasielewski.pl\\\/zwrzeszcza\\\/#\\\/schema\\\/person\\\/807e6ca1f9fadc1945bd9ac746422589\",\"name\":\"Jarek Wasielewski\",\"image\":{\"@type\":\"ImageObject\",\"inLanguage\":\"pl-PL\",\"@id\":\"http:\\\/\\\/jarekwasielewski.pl\\\/zwrzeszcza\\\/wp-content\\\/uploads\\\/2021\\\/09\\\/jw.png\",\"url\":\"http:\\\/\\\/jarekwasielewski.pl\\\/zwrzeszcza\\\/wp-content\\\/uploads\\\/2021\\\/09\\\/jw.png\",\"contentUrl\":\"http:\\\/\\\/jarekwasielewski.pl\\\/zwrzeszcza\\\/wp-content\\\/uploads\\\/2021\\\/09\\\/jw.png\",\"width\":715,\"height\":630,\"caption\":\"Jarek Wasielewski\"},\"logo\":{\"@id\":\"http:\\\/\\\/jarekwasielewski.pl\\\/zwrzeszcza\\\/wp-content\\\/uploads\\\/2021\\\/09\\\/jw.png\"},\"sameAs\":[\"http:\\\/\\\/jarekwasielewski.pl\\\/zwrzeszcza\"]},{\"@type\":\"Person\",\"@id\":\"https:\\\/\\\/jarekwasielewski.pl\\\/zwrzeszcza\\\/#\\\/schema\\\/person\\\/d2582ae2f5d0ea9c9154fd6e4bcb3976\",\"name\":\"Jarek Wasielewski\",\"image\":{\"@type\":\"ImageObject\",\"inLanguage\":\"pl-PL\",\"@id\":\"https:\\\/\\\/secure.gravatar.com\\\/avatar\\\/?s=96&d=mm&r=g\",\"url\":\"https:\\\/\\\/secure.gravatar.com\\\/avatar\\\/?s=96&d=mm&r=g\",\"contentUrl\":\"https:\\\/\\\/secure.gravatar.com\\\/avatar\\\/?s=96&d=mm&r=g\",\"caption\":\"Jarek Wasielewski\"}}]}<\/script>\n<!-- \/ Yoast SEO plugin. -->","yoast_head_json":{"title":"Wycieczka do Le\u015bnej Chatki - Wrzeszcz Jarka Wasielewskiego","robots":{"index":"index","follow":"follow","max-snippet":"max-snippet:-1","max-image-preview":"max-image-preview:large","max-video-preview":"max-video-preview:-1"},"canonical":"https:\/\/jarekwasielewski.pl\/zwrzeszcza\/2014\/02\/wycieczka-do-lesnej-chatki\/","og_locale":"pl_PL","og_type":"article","og_title":"Wycieczka do Le\u015bnej Chatki - Wrzeszcz Jarka Wasielewskiego","og_description":"Czekaj\u0105c na druk albumu Wrzeszcz na dawnej poczt\u00f3wce postanowi\u0142em wzi\u0105\u0107 oddech, odpocz\u0105\u0107 troch\u0119 od opatrzonych ju\u017c widok\u00f3w i dla odmiany obejrze\u0107 sobie co\u015b &#8222;nowego&#8221;. Pretekstu dostarczy\u0142 mi Tomek Dom\u017calski, zbieracz poczt\u00f3wek (jak sam zaznacza: jeszcze nie kolekcjoner), kt\u00f3ry u\u017cyczy\u0142 kilku pere\u0142ek do ww. wydawnictwa, oraz pi\u0119kna, wiosenna ju\u017c w\u0142a\u015bciwie pogoda. Ot\u00f3\u017c niedawno Tomek kupi\u0142 na&hellip;","og_url":"https:\/\/jarekwasielewski.pl\/zwrzeszcza\/2014\/02\/wycieczka-do-lesnej-chatki\/","og_site_name":"Wrzeszcz Jarka Wasielewskiego","article_published_time":"2014-02-24T09:05:00+00:00","article_modified_time":"2023-11-13T14:44:47+00:00","og_image":[{"width":806,"height":513,"url":"https:\/\/jarekwasielewski.pl\/zwrzeszcza\/wp-content\/uploads\/2014\/02\/langfuhr_waldhaeuschen_1915.jpg","type":"image\/jpeg"}],"author":"Jarek Wasielewski","twitter_card":"summary_large_image","twitter_misc":{"Napisane przez":"Jarek Wasielewski","Szacowany czas czytania":"3 minuty"},"schema":{"@context":"https:\/\/schema.org","@graph":[{"@type":"Article","@id":"https:\/\/jarekwasielewski.pl\/zwrzeszcza\/2014\/02\/wycieczka-do-lesnej-chatki\/#article","isPartOf":{"@id":"https:\/\/jarekwasielewski.pl\/zwrzeszcza\/2014\/02\/wycieczka-do-lesnej-chatki\/"},"author":{"name":"Jarek Wasielewski","@id":"https:\/\/jarekwasielewski.pl\/zwrzeszcza\/#\/schema\/person\/d2582ae2f5d0ea9c9154fd6e4bcb3976"},"headline":"Wycieczka do Le\u015bnej Chatki","datePublished":"2014-02-24T09:05:00+00:00","dateModified":"2023-11-13T14:44:47+00:00","mainEntityOfPage":{"@id":"https:\/\/jarekwasielewski.pl\/zwrzeszcza\/2014\/02\/wycieczka-do-lesnej-chatki\/"},"wordCount":371,"commentCount":2,"publisher":{"@id":"https:\/\/jarekwasielewski.pl\/zwrzeszcza\/#\/schema\/person\/807e6ca1f9fadc1945bd9ac746422589"},"image":{"@id":"https:\/\/jarekwasielewski.pl\/zwrzeszcza\/2014\/02\/wycieczka-do-lesnej-chatki\/#primaryimage"},"thumbnailUrl":"https:\/\/jarekwasielewski.pl\/zwrzeszcza\/wp-content\/uploads\/2014\/02\/langfuhr_waldhaeuschen_1915.jpg","articleSection":["Poczt\u00f3wki","Przed 1945","Wszystkie"],"inLanguage":"pl-PL","potentialAction":[{"@type":"CommentAction","name":"Comment","target":["https:\/\/jarekwasielewski.pl\/zwrzeszcza\/2014\/02\/wycieczka-do-lesnej-chatki\/#respond"]}]},{"@type":"WebPage","@id":"https:\/\/jarekwasielewski.pl\/zwrzeszcza\/2014\/02\/wycieczka-do-lesnej-chatki\/","url":"https:\/\/jarekwasielewski.pl\/zwrzeszcza\/2014\/02\/wycieczka-do-lesnej-chatki\/","name":"Wycieczka do Le\u015bnej Chatki - Wrzeszcz Jarka Wasielewskiego","isPartOf":{"@id":"https:\/\/jarekwasielewski.pl\/zwrzeszcza\/#website"},"primaryImageOfPage":{"@id":"https:\/\/jarekwasielewski.pl\/zwrzeszcza\/2014\/02\/wycieczka-do-lesnej-chatki\/#primaryimage"},"image":{"@id":"https:\/\/jarekwasielewski.pl\/zwrzeszcza\/2014\/02\/wycieczka-do-lesnej-chatki\/#primaryimage"},"thumbnailUrl":"https:\/\/jarekwasielewski.pl\/zwrzeszcza\/wp-content\/uploads\/2014\/02\/langfuhr_waldhaeuschen_1915.jpg","datePublished":"2014-02-24T09:05:00+00:00","dateModified":"2023-11-13T14:44:47+00:00","breadcrumb":{"@id":"https:\/\/jarekwasielewski.pl\/zwrzeszcza\/2014\/02\/wycieczka-do-lesnej-chatki\/#breadcrumb"},"inLanguage":"pl-PL","potentialAction":[{"@type":"ReadAction","target":["https:\/\/jarekwasielewski.pl\/zwrzeszcza\/2014\/02\/wycieczka-do-lesnej-chatki\/"]}]},{"@type":"ImageObject","inLanguage":"pl-PL","@id":"https:\/\/jarekwasielewski.pl\/zwrzeszcza\/2014\/02\/wycieczka-do-lesnej-chatki\/#primaryimage","url":"https:\/\/jarekwasielewski.pl\/zwrzeszcza\/wp-content\/uploads\/2014\/02\/langfuhr_waldhaeuschen_1915.jpg","contentUrl":"https:\/\/jarekwasielewski.pl\/zwrzeszcza\/wp-content\/uploads\/2014\/02\/langfuhr_waldhaeuschen_1915.jpg","width":806,"height":513,"caption":"\u017ar\u00f3d\u0142o: serwis aukcyjny Allegro.pl"},{"@type":"BreadcrumbList","@id":"https:\/\/jarekwasielewski.pl\/zwrzeszcza\/2014\/02\/wycieczka-do-lesnej-chatki\/#breadcrumb","itemListElement":[{"@type":"ListItem","position":1,"name":"Strona g\u0142\u00f3wna","item":"https:\/\/jarekwasielewski.pl\/zwrzeszcza\/"},{"@type":"ListItem","position":2,"name":"Wycieczka do Le\u015bnej Chatki"}]},{"@type":"WebSite","@id":"https:\/\/jarekwasielewski.pl\/zwrzeszcza\/#website","url":"https:\/\/jarekwasielewski.pl\/zwrzeszcza\/","name":"Wrzeszcza Jarka Wasielewskiego","description":"Blog Jarka Wasielewskiego o Wrzeszczu","publisher":{"@id":"https:\/\/jarekwasielewski.pl\/zwrzeszcza\/#\/schema\/person\/807e6ca1f9fadc1945bd9ac746422589"},"potentialAction":[{"@type":"SearchAction","target":{"@type":"EntryPoint","urlTemplate":"https:\/\/jarekwasielewski.pl\/zwrzeszcza\/?s={search_term_string}"},"query-input":{"@type":"PropertyValueSpecification","valueRequired":true,"valueName":"search_term_string"}}],"inLanguage":"pl-PL"},{"@type":["Person","Organization"],"@id":"https:\/\/jarekwasielewski.pl\/zwrzeszcza\/#\/schema\/person\/807e6ca1f9fadc1945bd9ac746422589","name":"Jarek Wasielewski","image":{"@type":"ImageObject","inLanguage":"pl-PL","@id":"http:\/\/jarekwasielewski.pl\/zwrzeszcza\/wp-content\/uploads\/2021\/09\/jw.png","url":"http:\/\/jarekwasielewski.pl\/zwrzeszcza\/wp-content\/uploads\/2021\/09\/jw.png","contentUrl":"http:\/\/jarekwasielewski.pl\/zwrzeszcza\/wp-content\/uploads\/2021\/09\/jw.png","width":715,"height":630,"caption":"Jarek Wasielewski"},"logo":{"@id":"http:\/\/jarekwasielewski.pl\/zwrzeszcza\/wp-content\/uploads\/2021\/09\/jw.png"},"sameAs":["http:\/\/jarekwasielewski.pl\/zwrzeszcza"]},{"@type":"Person","@id":"https:\/\/jarekwasielewski.pl\/zwrzeszcza\/#\/schema\/person\/d2582ae2f5d0ea9c9154fd6e4bcb3976","name":"Jarek Wasielewski","image":{"@type":"ImageObject","inLanguage":"pl-PL","@id":"https:\/\/secure.gravatar.com\/avatar\/?s=96&d=mm&r=g","url":"https:\/\/secure.gravatar.com\/avatar\/?s=96&d=mm&r=g","contentUrl":"https:\/\/secure.gravatar.com\/avatar\/?s=96&d=mm&r=g","caption":"Jarek Wasielewski"}}]}},"_links":{"self":[{"href":"https:\/\/jarekwasielewski.pl\/zwrzeszcza\/wp-json\/wp\/v2\/posts\/30","targetHints":{"allow":["GET"]}}],"collection":[{"href":"https:\/\/jarekwasielewski.pl\/zwrzeszcza\/wp-json\/wp\/v2\/posts"}],"about":[{"href":"https:\/\/jarekwasielewski.pl\/zwrzeszcza\/wp-json\/wp\/v2\/types\/post"}],"author":[{"embeddable":true,"href":"https:\/\/jarekwasielewski.pl\/zwrzeszcza\/wp-json\/wp\/v2\/users\/2"}],"replies":[{"embeddable":true,"href":"https:\/\/jarekwasielewski.pl\/zwrzeszcza\/wp-json\/wp\/v2\/comments?post=30"}],"version-history":[{"count":2,"href":"https:\/\/jarekwasielewski.pl\/zwrzeszcza\/wp-json\/wp\/v2\/posts\/30\/revisions"}],"predecessor-version":[{"id":5671,"href":"https:\/\/jarekwasielewski.pl\/zwrzeszcza\/wp-json\/wp\/v2\/posts\/30\/revisions\/5671"}],"wp:featuredmedia":[{"embeddable":true,"href":"https:\/\/jarekwasielewski.pl\/zwrzeszcza\/wp-json\/wp\/v2\/media\/908"}],"wp:attachment":[{"href":"https:\/\/jarekwasielewski.pl\/zwrzeszcza\/wp-json\/wp\/v2\/media?parent=30"}],"wp:term":[{"taxonomy":"category","embeddable":true,"href":"https:\/\/jarekwasielewski.pl\/zwrzeszcza\/wp-json\/wp\/v2\/categories?post=30"},{"taxonomy":"post_tag","embeddable":true,"href":"https:\/\/jarekwasielewski.pl\/zwrzeszcza\/wp-json\/wp\/v2\/tags?post=30"}],"curies":[{"name":"wp","href":"https:\/\/api.w.org\/{rel}","templated":true}]}}