{"id":2942,"date":"2017-05-19T11:52:50","date_gmt":"2017-05-19T11:52:50","guid":{"rendered":"http:\/\/jarekwasielewski.pl\/zwrzeszcza\/?p=2942"},"modified":"2017-05-19T11:59:49","modified_gmt":"2017-05-19T11:59:49","slug":"widoki-z-parku-jaskowej-doliny","status":"publish","type":"post","link":"https:\/\/jarekwasielewski.pl\/zwrzeszcza\/2017\/05\/widoki-z-parku-jaskowej-doliny\/","title":{"rendered":"Wrzeszcz widziany z lasu"},"content":{"rendered":"<p style=\"text-align: justify;\">Od jesieni ubieg\u0142ego roku w Oliwie i we Wrzeszczu tworzone s\u0105 nowe tzw. osie widokowe. Wycina si\u0119 lub przycina wybrane drzewa i ods\u0142ania niedost\u0119pne do tej pory widoki na miasto.&nbsp;We Wrzeszczu jak dot\u0105d powsta\u0142y cztery takie osie &#8211; trzy w Parku Ja\u015bkowej Doliny&nbsp;oraz jedna w Anio\u0142kach. Jest to nawi\u0105zanie do <a href=\"http:\/\/jarekwasielewski.pl\/zwrzeszcza\/2016\/01\/panorama-wrzeszcza-sprzed-ponad-120-lat\/\">przedwojennych&nbsp;punkt\u00f3w widokowych z panoram\u0105 Gda\u0144ska<\/a>. Nawi\u0105zanie skromne &#8211; ale lepsze takie ni\u017c \u017cadne.<\/p>\n<p style=\"text-align: justify;\">Kilka dni temu poszed\u0142em do lasu znale\u017a\u0107 te miejsca i przekona\u0107 si\u0119 o widokach na w\u0142asne oczy. Znalaz\u0142em dwa z trzech. Po pierwsze &#8211; \u015alimak:&nbsp;<\/p>\n<p><a href=\"http:\/\/jarekwasielewski.pl\/zwrzeszcza\/wp-content\/uploads\/2017\/05\/wrzeszcz_slimak.jpg\" target=\"_blank\" rel=\"attachment wp-att-2943 noopener noreferrer\"><img loading=\"lazy\" decoding=\"async\" class=\"aligncenter wp-image-2943 size-medium\" src=\"http:\/\/jarekwasielewski.pl\/zwrzeszcza\/wp-content\/uploads\/2017\/05\/wrzeszcz_slimak-300x200.jpg\" alt=\"\" width=\"300\" height=\"200\" srcset=\"https:\/\/jarekwasielewski.pl\/zwrzeszcza\/wp-content\/uploads\/2017\/05\/wrzeszcz_slimak-300x200.jpg 300w, https:\/\/jarekwasielewski.pl\/zwrzeszcza\/wp-content\/uploads\/2017\/05\/wrzeszcz_slimak-768x512.jpg 768w, https:\/\/jarekwasielewski.pl\/zwrzeszcza\/wp-content\/uploads\/2017\/05\/wrzeszcz_slimak.jpg 900w\" sizes=\"auto, (max-width: 300px) 100vw, 300px\" \/><\/a><\/p>\n<p>&#8230;z kt\u00f3rego wida\u0107 Wrzeszcz, M\u0142yniska i Nowy Port:<\/p>\n<p><a href=\"http:\/\/jarekwasielewski.pl\/zwrzeszcza\/wp-content\/uploads\/2017\/05\/wrzeszcz_slimak_widok_1.jpg\" target=\"_blank\" rel=\"attachment wp-att-2944 noopener noreferrer\"><img loading=\"lazy\" decoding=\"async\" class=\"aligncenter wp-image-2944 size-medium\" src=\"http:\/\/jarekwasielewski.pl\/zwrzeszcza\/wp-content\/uploads\/2017\/05\/wrzeszcz_slimak_widok_1-300x200.jpg\" alt=\"\" width=\"300\" height=\"200\" srcset=\"https:\/\/jarekwasielewski.pl\/zwrzeszcza\/wp-content\/uploads\/2017\/05\/wrzeszcz_slimak_widok_1-300x200.jpg 300w, https:\/\/jarekwasielewski.pl\/zwrzeszcza\/wp-content\/uploads\/2017\/05\/wrzeszcz_slimak_widok_1-768x512.jpg 768w, https:\/\/jarekwasielewski.pl\/zwrzeszcza\/wp-content\/uploads\/2017\/05\/wrzeszcz_slimak_widok_1.jpg 900w\" sizes=\"auto, (max-width: 300px) 100vw, 300px\" \/><\/a> <a href=\"http:\/\/jarekwasielewski.pl\/zwrzeszcza\/wp-content\/uploads\/2017\/05\/wrzeszcz_slimak_widok_2.jpg\" target=\"_blank\" rel=\"attachment wp-att-2945 noopener noreferrer\"><img loading=\"lazy\" decoding=\"async\" class=\"aligncenter wp-image-2945 size-medium\" src=\"http:\/\/jarekwasielewski.pl\/zwrzeszcza\/wp-content\/uploads\/2017\/05\/wrzeszcz_slimak_widok_2-200x300.jpg\" alt=\"\" width=\"200\" height=\"300\" srcset=\"https:\/\/jarekwasielewski.pl\/zwrzeszcza\/wp-content\/uploads\/2017\/05\/wrzeszcz_slimak_widok_2-200x300.jpg 200w, https:\/\/jarekwasielewski.pl\/zwrzeszcza\/wp-content\/uploads\/2017\/05\/wrzeszcz_slimak_widok_2.jpg 567w\" sizes=\"auto, (max-width: 200px) 100vw, 200px\" \/><\/a><\/p>\n<p>a pod drugie punkt na wzg\u00f3rzu nad ul. Podle\u015bn\u0105, z kt\u00f3rego wida\u0107 Wrzeszcz, Zasp\u0119 i Przymorze:<\/p>\n<p><a href=\"http:\/\/jarekwasielewski.pl\/zwrzeszcza\/wp-content\/uploads\/2017\/05\/wrzeszcz_podle\u015bna_widok.jpg\" target=\"_blank\" rel=\"attachment wp-att-2946 noopener noreferrer\"><img loading=\"lazy\" decoding=\"async\" class=\"aligncenter wp-image-2946 size-medium\" src=\"http:\/\/jarekwasielewski.pl\/zwrzeszcza\/wp-content\/uploads\/2017\/05\/wrzeszcz_podle\u015bna_widok-300x200.jpg\" alt=\"\" width=\"300\" height=\"200\" srcset=\"https:\/\/jarekwasielewski.pl\/zwrzeszcza\/wp-content\/uploads\/2017\/05\/wrzeszcz_podle\u015bna_widok-300x200.jpg 300w, https:\/\/jarekwasielewski.pl\/zwrzeszcza\/wp-content\/uploads\/2017\/05\/wrzeszcz_podle\u015bna_widok-768x512.jpg 768w, https:\/\/jarekwasielewski.pl\/zwrzeszcza\/wp-content\/uploads\/2017\/05\/wrzeszcz_podle\u015bna_widok.jpg 900w\" sizes=\"auto, (max-width: 300px) 100vw, 300px\" \/><\/a><\/p>\n<p style=\"text-align: justify;\">Wra\u017cenia wzrokowe s\u0105 mi\u0142e, ale nie sza\u0142owe&nbsp;&#8211; to nie s\u0105 panoramy czy nawet p\u00f3\u0142-panoramy, lecz w\u0105skie zaledwie przecinki. Nie towarzyszy im te\u017c \u017cadna infrastruktura w postaci chocia\u017cby najprostszych \u0142awek. Poza tym w terenie brakuje oznaczenia dr\u00f3g doj\u015bcia do ww. punkt\u00f3w, za\u015b w Internecie nie spos\u00f3b znale\u017a\u0107 przejrzystej informacji z dok\u0142adnymi wsp\u00f3\u0142rz\u0119dnymi na mapie. (Dlatego te\u017c prezentuj\u0119 tu tylko dwa z trzech widok\u00f3w.)<\/p>\n<p style=\"text-align: justify;\">Ale na pocz\u0105tek dobre i to.<\/p>\n<p style=\"text-align: justify;\"><strong>S\u0142owa uznania dla pana Witolda Paw\u0142a Burkiewicza, pomys\u0142odawcy akcji &#8222;Spojrzenie na Gda\u0144sk&#8221;. Mam nadziej\u0119, \u017ce&nbsp;poci\u0105gnie ona dalsze &#8211; tym razem z zaanga\u017cowaniem tzw. czynnik\u00f3w oficjalnych oraz odpowiednich finans\u00f3w, dzi\u0119ki czemu uda si\u0119 przywr\u00f3ci\u0107 Parkowi Ja\u015bkowej Doliny jego pierwotny, miejski, rekreacyjny charakter.<\/strong><\/p>\n","protected":false},"excerpt":{"rendered":"<p>Od jesieni ubieg\u0142ego roku w Oliwie i we Wrzeszczu tworzone s\u0105 nowe tzw. osie widokowe. Wycina si\u0119 lub przycina wybrane drzewa i ods\u0142ania niedost\u0119pne do tej pory widoki na miasto.&nbsp;We Wrzeszczu jak dot\u0105d powsta\u0142y cztery takie osie &#8211; trzy w Parku Ja\u015bkowej Doliny&nbsp;oraz jedna w Anio\u0142kach. Jest to nawi\u0105zanie do przedwojennych&nbsp;punkt\u00f3w widokowych z panoram\u0105 Gda\u0144ska.&hellip;<\/p>\n","protected":false},"author":1,"featured_media":2944,"comment_status":"open","ping_status":"open","sticky":false,"template":"","format":"standard","meta":{"ngg_post_thumbnail":0,"footnotes":""},"categories":[3,8],"tags":[],"class_list":["post-2942","post","type-post","status-publish","format-standard","has-post-thumbnail","hentry","category-aktualnosci","category-wszystkie"],"yoast_head":"<!-- This site is optimized with the Yoast SEO plugin v27.3 - https:\/\/yoast.com\/product\/yoast-seo-wordpress\/ -->\n<title>Wrzeszcz widziany z lasu - Wrzeszcz Jarka Wasielewskiego<\/title>\n<meta name=\"robots\" content=\"index, follow, max-snippet:-1, max-image-preview:large, max-video-preview:-1\" \/>\n<link rel=\"canonical\" href=\"https:\/\/jarekwasielewski.pl\/zwrzeszcza\/2017\/05\/widoki-z-parku-jaskowej-doliny\/\" \/>\n<meta property=\"og:locale\" content=\"pl_PL\" \/>\n<meta property=\"og:type\" content=\"article\" \/>\n<meta property=\"og:title\" content=\"Wrzeszcz widziany z lasu - Wrzeszcz Jarka Wasielewskiego\" \/>\n<meta property=\"og:description\" content=\"Od jesieni ubieg\u0142ego roku w Oliwie i we Wrzeszczu tworzone s\u0105 nowe tzw. osie widokowe. Wycina si\u0119 lub przycina wybrane drzewa i ods\u0142ania niedost\u0119pne do tej pory widoki na miasto.&nbsp;We Wrzeszczu jak dot\u0105d powsta\u0142y cztery takie osie &#8211; trzy w Parku Ja\u015bkowej Doliny&nbsp;oraz jedna w Anio\u0142kach. Jest to nawi\u0105zanie do przedwojennych&nbsp;punkt\u00f3w widokowych z panoram\u0105 Gda\u0144ska.&hellip;\" \/>\n<meta property=\"og:url\" content=\"https:\/\/jarekwasielewski.pl\/zwrzeszcza\/2017\/05\/widoki-z-parku-jaskowej-doliny\/\" \/>\n<meta property=\"og:site_name\" content=\"Wrzeszcz Jarka Wasielewskiego\" \/>\n<meta property=\"article:published_time\" content=\"2017-05-19T11:52:50+00:00\" \/>\n<meta property=\"article:modified_time\" content=\"2017-05-19T11:59:49+00:00\" \/>\n<meta property=\"og:image\" content=\"https:\/\/jarekwasielewski.pl\/zwrzeszcza\/wp-content\/uploads\/2017\/05\/wrzeszcz_slimak_widok_1.jpg\" \/>\n\t<meta property=\"og:image:width\" content=\"900\" \/>\n\t<meta property=\"og:image:height\" content=\"600\" \/>\n\t<meta property=\"og:image:type\" content=\"image\/jpeg\" \/>\n<meta name=\"author\" content=\"Jarek Wasielewski\" \/>\n<meta name=\"twitter:card\" content=\"summary_large_image\" \/>\n<meta name=\"twitter:label1\" content=\"Napisane przez\" \/>\n\t<meta name=\"twitter:data1\" content=\"Jarek Wasielewski\" \/>\n\t<meta name=\"twitter:label2\" content=\"Szacowany czas czytania\" \/>\n\t<meta name=\"twitter:data2\" content=\"1 minuta\" \/>\n<script type=\"application\/ld+json\" class=\"yoast-schema-graph\">{\"@context\":\"https:\\\/\\\/schema.org\",\"@graph\":[{\"@type\":\"Article\",\"@id\":\"https:\\\/\\\/jarekwasielewski.pl\\\/zwrzeszcza\\\/2017\\\/05\\\/widoki-z-parku-jaskowej-doliny\\\/#article\",\"isPartOf\":{\"@id\":\"https:\\\/\\\/jarekwasielewski.pl\\\/zwrzeszcza\\\/2017\\\/05\\\/widoki-z-parku-jaskowej-doliny\\\/\"},\"author\":{\"name\":\"Jarek Wasielewski\",\"@id\":\"https:\\\/\\\/jarekwasielewski.pl\\\/zwrzeszcza\\\/#\\\/schema\\\/person\\\/807e6ca1f9fadc1945bd9ac746422589\"},\"headline\":\"Wrzeszcz widziany z lasu\",\"datePublished\":\"2017-05-19T11:52:50+00:00\",\"dateModified\":\"2017-05-19T11:59:49+00:00\",\"mainEntityOfPage\":{\"@id\":\"https:\\\/\\\/jarekwasielewski.pl\\\/zwrzeszcza\\\/2017\\\/05\\\/widoki-z-parku-jaskowej-doliny\\\/\"},\"wordCount\":281,\"commentCount\":3,\"publisher\":{\"@id\":\"https:\\\/\\\/jarekwasielewski.pl\\\/zwrzeszcza\\\/#\\\/schema\\\/person\\\/807e6ca1f9fadc1945bd9ac746422589\"},\"image\":{\"@id\":\"https:\\\/\\\/jarekwasielewski.pl\\\/zwrzeszcza\\\/2017\\\/05\\\/widoki-z-parku-jaskowej-doliny\\\/#primaryimage\"},\"thumbnailUrl\":\"https:\\\/\\\/jarekwasielewski.pl\\\/zwrzeszcza\\\/wp-content\\\/uploads\\\/2017\\\/05\\\/wrzeszcz_slimak_widok_1.jpg\",\"articleSection\":[\"Aktualno\u015bci\",\"Wszystkie\"],\"inLanguage\":\"pl-PL\",\"potentialAction\":[{\"@type\":\"CommentAction\",\"name\":\"Comment\",\"target\":[\"https:\\\/\\\/jarekwasielewski.pl\\\/zwrzeszcza\\\/2017\\\/05\\\/widoki-z-parku-jaskowej-doliny\\\/#respond\"]}]},{\"@type\":\"WebPage\",\"@id\":\"https:\\\/\\\/jarekwasielewski.pl\\\/zwrzeszcza\\\/2017\\\/05\\\/widoki-z-parku-jaskowej-doliny\\\/\",\"url\":\"https:\\\/\\\/jarekwasielewski.pl\\\/zwrzeszcza\\\/2017\\\/05\\\/widoki-z-parku-jaskowej-doliny\\\/\",\"name\":\"Wrzeszcz widziany z lasu - Wrzeszcz Jarka Wasielewskiego\",\"isPartOf\":{\"@id\":\"https:\\\/\\\/jarekwasielewski.pl\\\/zwrzeszcza\\\/#website\"},\"primaryImageOfPage\":{\"@id\":\"https:\\\/\\\/jarekwasielewski.pl\\\/zwrzeszcza\\\/2017\\\/05\\\/widoki-z-parku-jaskowej-doliny\\\/#primaryimage\"},\"image\":{\"@id\":\"https:\\\/\\\/jarekwasielewski.pl\\\/zwrzeszcza\\\/2017\\\/05\\\/widoki-z-parku-jaskowej-doliny\\\/#primaryimage\"},\"thumbnailUrl\":\"https:\\\/\\\/jarekwasielewski.pl\\\/zwrzeszcza\\\/wp-content\\\/uploads\\\/2017\\\/05\\\/wrzeszcz_slimak_widok_1.jpg\",\"datePublished\":\"2017-05-19T11:52:50+00:00\",\"dateModified\":\"2017-05-19T11:59:49+00:00\",\"breadcrumb\":{\"@id\":\"https:\\\/\\\/jarekwasielewski.pl\\\/zwrzeszcza\\\/2017\\\/05\\\/widoki-z-parku-jaskowej-doliny\\\/#breadcrumb\"},\"inLanguage\":\"pl-PL\",\"potentialAction\":[{\"@type\":\"ReadAction\",\"target\":[\"https:\\\/\\\/jarekwasielewski.pl\\\/zwrzeszcza\\\/2017\\\/05\\\/widoki-z-parku-jaskowej-doliny\\\/\"]}]},{\"@type\":\"ImageObject\",\"inLanguage\":\"pl-PL\",\"@id\":\"https:\\\/\\\/jarekwasielewski.pl\\\/zwrzeszcza\\\/2017\\\/05\\\/widoki-z-parku-jaskowej-doliny\\\/#primaryimage\",\"url\":\"https:\\\/\\\/jarekwasielewski.pl\\\/zwrzeszcza\\\/wp-content\\\/uploads\\\/2017\\\/05\\\/wrzeszcz_slimak_widok_1.jpg\",\"contentUrl\":\"https:\\\/\\\/jarekwasielewski.pl\\\/zwrzeszcza\\\/wp-content\\\/uploads\\\/2017\\\/05\\\/wrzeszcz_slimak_widok_1.jpg\",\"width\":900,\"height\":600},{\"@type\":\"BreadcrumbList\",\"@id\":\"https:\\\/\\\/jarekwasielewski.pl\\\/zwrzeszcza\\\/2017\\\/05\\\/widoki-z-parku-jaskowej-doliny\\\/#breadcrumb\",\"itemListElement\":[{\"@type\":\"ListItem\",\"position\":1,\"name\":\"Strona g\u0142\u00f3wna\",\"item\":\"https:\\\/\\\/jarekwasielewski.pl\\\/zwrzeszcza\\\/\"},{\"@type\":\"ListItem\",\"position\":2,\"name\":\"Wrzeszcz widziany z lasu\"}]},{\"@type\":\"WebSite\",\"@id\":\"https:\\\/\\\/jarekwasielewski.pl\\\/zwrzeszcza\\\/#website\",\"url\":\"https:\\\/\\\/jarekwasielewski.pl\\\/zwrzeszcza\\\/\",\"name\":\"Wrzeszcza Jarka Wasielewskiego\",\"description\":\"Blog Jarka Wasielewskiego o Wrzeszczu\",\"publisher\":{\"@id\":\"https:\\\/\\\/jarekwasielewski.pl\\\/zwrzeszcza\\\/#\\\/schema\\\/person\\\/807e6ca1f9fadc1945bd9ac746422589\"},\"potentialAction\":[{\"@type\":\"SearchAction\",\"target\":{\"@type\":\"EntryPoint\",\"urlTemplate\":\"https:\\\/\\\/jarekwasielewski.pl\\\/zwrzeszcza\\\/?s={search_term_string}\"},\"query-input\":{\"@type\":\"PropertyValueSpecification\",\"valueRequired\":true,\"valueName\":\"search_term_string\"}}],\"inLanguage\":\"pl-PL\"},{\"@type\":[\"Person\",\"Organization\"],\"@id\":\"https:\\\/\\\/jarekwasielewski.pl\\\/zwrzeszcza\\\/#\\\/schema\\\/person\\\/807e6ca1f9fadc1945bd9ac746422589\",\"name\":\"Jarek Wasielewski\",\"image\":{\"@type\":\"ImageObject\",\"inLanguage\":\"pl-PL\",\"@id\":\"http:\\\/\\\/jarekwasielewski.pl\\\/zwrzeszcza\\\/wp-content\\\/uploads\\\/2021\\\/09\\\/jw.png\",\"url\":\"http:\\\/\\\/jarekwasielewski.pl\\\/zwrzeszcza\\\/wp-content\\\/uploads\\\/2021\\\/09\\\/jw.png\",\"contentUrl\":\"http:\\\/\\\/jarekwasielewski.pl\\\/zwrzeszcza\\\/wp-content\\\/uploads\\\/2021\\\/09\\\/jw.png\",\"width\":715,\"height\":630,\"caption\":\"Jarek Wasielewski\"},\"logo\":{\"@id\":\"http:\\\/\\\/jarekwasielewski.pl\\\/zwrzeszcza\\\/wp-content\\\/uploads\\\/2021\\\/09\\\/jw.png\"},\"sameAs\":[\"http:\\\/\\\/jarekwasielewski.pl\\\/zwrzeszcza\"]}]}<\/script>\n<!-- \/ Yoast SEO plugin. -->","yoast_head_json":{"title":"Wrzeszcz widziany z lasu - Wrzeszcz Jarka Wasielewskiego","robots":{"index":"index","follow":"follow","max-snippet":"max-snippet:-1","max-image-preview":"max-image-preview:large","max-video-preview":"max-video-preview:-1"},"canonical":"https:\/\/jarekwasielewski.pl\/zwrzeszcza\/2017\/05\/widoki-z-parku-jaskowej-doliny\/","og_locale":"pl_PL","og_type":"article","og_title":"Wrzeszcz widziany z lasu - Wrzeszcz Jarka Wasielewskiego","og_description":"Od jesieni ubieg\u0142ego roku w Oliwie i we Wrzeszczu tworzone s\u0105 nowe tzw. osie widokowe. Wycina si\u0119 lub przycina wybrane drzewa i ods\u0142ania niedost\u0119pne do tej pory widoki na miasto.&nbsp;We Wrzeszczu jak dot\u0105d powsta\u0142y cztery takie osie &#8211; trzy w Parku Ja\u015bkowej Doliny&nbsp;oraz jedna w Anio\u0142kach. Jest to nawi\u0105zanie do przedwojennych&nbsp;punkt\u00f3w widokowych z panoram\u0105 Gda\u0144ska.&hellip;","og_url":"https:\/\/jarekwasielewski.pl\/zwrzeszcza\/2017\/05\/widoki-z-parku-jaskowej-doliny\/","og_site_name":"Wrzeszcz Jarka Wasielewskiego","article_published_time":"2017-05-19T11:52:50+00:00","article_modified_time":"2017-05-19T11:59:49+00:00","og_image":[{"width":900,"height":600,"url":"https:\/\/jarekwasielewski.pl\/zwrzeszcza\/wp-content\/uploads\/2017\/05\/wrzeszcz_slimak_widok_1.jpg","type":"image\/jpeg"}],"author":"Jarek Wasielewski","twitter_card":"summary_large_image","twitter_misc":{"Napisane przez":"Jarek Wasielewski","Szacowany czas czytania":"1 minuta"},"schema":{"@context":"https:\/\/schema.org","@graph":[{"@type":"Article","@id":"https:\/\/jarekwasielewski.pl\/zwrzeszcza\/2017\/05\/widoki-z-parku-jaskowej-doliny\/#article","isPartOf":{"@id":"https:\/\/jarekwasielewski.pl\/zwrzeszcza\/2017\/05\/widoki-z-parku-jaskowej-doliny\/"},"author":{"name":"Jarek Wasielewski","@id":"https:\/\/jarekwasielewski.pl\/zwrzeszcza\/#\/schema\/person\/807e6ca1f9fadc1945bd9ac746422589"},"headline":"Wrzeszcz widziany z lasu","datePublished":"2017-05-19T11:52:50+00:00","dateModified":"2017-05-19T11:59:49+00:00","mainEntityOfPage":{"@id":"https:\/\/jarekwasielewski.pl\/zwrzeszcza\/2017\/05\/widoki-z-parku-jaskowej-doliny\/"},"wordCount":281,"commentCount":3,"publisher":{"@id":"https:\/\/jarekwasielewski.pl\/zwrzeszcza\/#\/schema\/person\/807e6ca1f9fadc1945bd9ac746422589"},"image":{"@id":"https:\/\/jarekwasielewski.pl\/zwrzeszcza\/2017\/05\/widoki-z-parku-jaskowej-doliny\/#primaryimage"},"thumbnailUrl":"https:\/\/jarekwasielewski.pl\/zwrzeszcza\/wp-content\/uploads\/2017\/05\/wrzeszcz_slimak_widok_1.jpg","articleSection":["Aktualno\u015bci","Wszystkie"],"inLanguage":"pl-PL","potentialAction":[{"@type":"CommentAction","name":"Comment","target":["https:\/\/jarekwasielewski.pl\/zwrzeszcza\/2017\/05\/widoki-z-parku-jaskowej-doliny\/#respond"]}]},{"@type":"WebPage","@id":"https:\/\/jarekwasielewski.pl\/zwrzeszcza\/2017\/05\/widoki-z-parku-jaskowej-doliny\/","url":"https:\/\/jarekwasielewski.pl\/zwrzeszcza\/2017\/05\/widoki-z-parku-jaskowej-doliny\/","name":"Wrzeszcz widziany z lasu - Wrzeszcz Jarka Wasielewskiego","isPartOf":{"@id":"https:\/\/jarekwasielewski.pl\/zwrzeszcza\/#website"},"primaryImageOfPage":{"@id":"https:\/\/jarekwasielewski.pl\/zwrzeszcza\/2017\/05\/widoki-z-parku-jaskowej-doliny\/#primaryimage"},"image":{"@id":"https:\/\/jarekwasielewski.pl\/zwrzeszcza\/2017\/05\/widoki-z-parku-jaskowej-doliny\/#primaryimage"},"thumbnailUrl":"https:\/\/jarekwasielewski.pl\/zwrzeszcza\/wp-content\/uploads\/2017\/05\/wrzeszcz_slimak_widok_1.jpg","datePublished":"2017-05-19T11:52:50+00:00","dateModified":"2017-05-19T11:59:49+00:00","breadcrumb":{"@id":"https:\/\/jarekwasielewski.pl\/zwrzeszcza\/2017\/05\/widoki-z-parku-jaskowej-doliny\/#breadcrumb"},"inLanguage":"pl-PL","potentialAction":[{"@type":"ReadAction","target":["https:\/\/jarekwasielewski.pl\/zwrzeszcza\/2017\/05\/widoki-z-parku-jaskowej-doliny\/"]}]},{"@type":"ImageObject","inLanguage":"pl-PL","@id":"https:\/\/jarekwasielewski.pl\/zwrzeszcza\/2017\/05\/widoki-z-parku-jaskowej-doliny\/#primaryimage","url":"https:\/\/jarekwasielewski.pl\/zwrzeszcza\/wp-content\/uploads\/2017\/05\/wrzeszcz_slimak_widok_1.jpg","contentUrl":"https:\/\/jarekwasielewski.pl\/zwrzeszcza\/wp-content\/uploads\/2017\/05\/wrzeszcz_slimak_widok_1.jpg","width":900,"height":600},{"@type":"BreadcrumbList","@id":"https:\/\/jarekwasielewski.pl\/zwrzeszcza\/2017\/05\/widoki-z-parku-jaskowej-doliny\/#breadcrumb","itemListElement":[{"@type":"ListItem","position":1,"name":"Strona g\u0142\u00f3wna","item":"https:\/\/jarekwasielewski.pl\/zwrzeszcza\/"},{"@type":"ListItem","position":2,"name":"Wrzeszcz widziany z lasu"}]},{"@type":"WebSite","@id":"https:\/\/jarekwasielewski.pl\/zwrzeszcza\/#website","url":"https:\/\/jarekwasielewski.pl\/zwrzeszcza\/","name":"Wrzeszcza Jarka Wasielewskiego","description":"Blog Jarka Wasielewskiego o Wrzeszczu","publisher":{"@id":"https:\/\/jarekwasielewski.pl\/zwrzeszcza\/#\/schema\/person\/807e6ca1f9fadc1945bd9ac746422589"},"potentialAction":[{"@type":"SearchAction","target":{"@type":"EntryPoint","urlTemplate":"https:\/\/jarekwasielewski.pl\/zwrzeszcza\/?s={search_term_string}"},"query-input":{"@type":"PropertyValueSpecification","valueRequired":true,"valueName":"search_term_string"}}],"inLanguage":"pl-PL"},{"@type":["Person","Organization"],"@id":"https:\/\/jarekwasielewski.pl\/zwrzeszcza\/#\/schema\/person\/807e6ca1f9fadc1945bd9ac746422589","name":"Jarek Wasielewski","image":{"@type":"ImageObject","inLanguage":"pl-PL","@id":"http:\/\/jarekwasielewski.pl\/zwrzeszcza\/wp-content\/uploads\/2021\/09\/jw.png","url":"http:\/\/jarekwasielewski.pl\/zwrzeszcza\/wp-content\/uploads\/2021\/09\/jw.png","contentUrl":"http:\/\/jarekwasielewski.pl\/zwrzeszcza\/wp-content\/uploads\/2021\/09\/jw.png","width":715,"height":630,"caption":"Jarek Wasielewski"},"logo":{"@id":"http:\/\/jarekwasielewski.pl\/zwrzeszcza\/wp-content\/uploads\/2021\/09\/jw.png"},"sameAs":["http:\/\/jarekwasielewski.pl\/zwrzeszcza"]}]}},"_links":{"self":[{"href":"https:\/\/jarekwasielewski.pl\/zwrzeszcza\/wp-json\/wp\/v2\/posts\/2942","targetHints":{"allow":["GET"]}}],"collection":[{"href":"https:\/\/jarekwasielewski.pl\/zwrzeszcza\/wp-json\/wp\/v2\/posts"}],"about":[{"href":"https:\/\/jarekwasielewski.pl\/zwrzeszcza\/wp-json\/wp\/v2\/types\/post"}],"author":[{"embeddable":true,"href":"https:\/\/jarekwasielewski.pl\/zwrzeszcza\/wp-json\/wp\/v2\/users\/1"}],"replies":[{"embeddable":true,"href":"https:\/\/jarekwasielewski.pl\/zwrzeszcza\/wp-json\/wp\/v2\/comments?post=2942"}],"version-history":[{"count":0,"href":"https:\/\/jarekwasielewski.pl\/zwrzeszcza\/wp-json\/wp\/v2\/posts\/2942\/revisions"}],"wp:featuredmedia":[{"embeddable":true,"href":"https:\/\/jarekwasielewski.pl\/zwrzeszcza\/wp-json\/wp\/v2\/media\/2944"}],"wp:attachment":[{"href":"https:\/\/jarekwasielewski.pl\/zwrzeszcza\/wp-json\/wp\/v2\/media?parent=2942"}],"wp:term":[{"taxonomy":"category","embeddable":true,"href":"https:\/\/jarekwasielewski.pl\/zwrzeszcza\/wp-json\/wp\/v2\/categories?post=2942"},{"taxonomy":"post_tag","embeddable":true,"href":"https:\/\/jarekwasielewski.pl\/zwrzeszcza\/wp-json\/wp\/v2\/tags?post=2942"}],"curies":[{"name":"wp","href":"https:\/\/api.w.org\/{rel}","templated":true}]}}