{"id":2868,"date":"2017-02-23T19:05:42","date_gmt":"2017-02-23T19:05:42","guid":{"rendered":"http:\/\/jarekwasielewski.pl\/zwrzeszcza\/?p=2868"},"modified":"2024-05-12T23:02:37","modified_gmt":"2024-05-12T21:02:37","slug":"moja-tysiaclatka-czyli-sp-nr-64-im-marii-curie-sklodowskiej","status":"publish","type":"post","link":"https:\/\/jarekwasielewski.pl\/zwrzeszcza\/2017\/02\/moja-tysiaclatka-czyli-sp-nr-64-im-marii-curie-sklodowskiej\/","title":{"rendered":"Moja \u201etysi\u0105clatka\u201d, czyli SP nr 64 im. Marii Sk\u0142odowskiej-Curie"},"content":{"rendered":"<p><img loading=\"lazy\" decoding=\"async\" class=\"alignnone wp-image-5766 size-full\" src=\"http:\/\/jarekwasielewski.pl\/zwrzeszcza\/wp-content\/uploads\/2020\/09\/tekst_przeniesiony.png\" alt=\"\" width=\"600\" height=\"600\" srcset=\"https:\/\/jarekwasielewski.pl\/zwrzeszcza\/wp-content\/uploads\/2020\/09\/tekst_przeniesiony.png 600w, https:\/\/jarekwasielewski.pl\/zwrzeszcza\/wp-content\/uploads\/2020\/09\/tekst_przeniesiony-300x300.png 300w, https:\/\/jarekwasielewski.pl\/zwrzeszcza\/wp-content\/uploads\/2020\/09\/tekst_przeniesiony-150x150.png 150w, https:\/\/jarekwasielewski.pl\/zwrzeszcza\/wp-content\/uploads\/2020\/09\/tekst_przeniesiony-50x50.png 50w\" sizes=\"auto, (max-width: 600px) 100vw, 600px\" \/><\/p>\n<p style=\"text-align: justify;\">Kilka archiwalnych zdj\u0119\u0107:<\/p>\n<div id=\"attachment_2880\" style=\"width: 369px\" class=\"wp-caption aligncenter\"><a href=\"http:\/\/jarekwasielewski.pl\/zwrzeszcza\/wp-content\/uploads\/2017\/02\/wrzeszcz_sp64_db_1967_3.jpg\" target=\"_blank\" rel=\"attachment wp-att-2880 noopener noreferrer\"><img loading=\"lazy\" decoding=\"async\" aria-describedby=\"caption-attachment-2880\" class=\"wp-image-2880 \" src=\"http:\/\/jarekwasielewski.pl\/zwrzeszcza\/wp-content\/uploads\/2017\/02\/wrzeszcz_sp64_db_1967_3-274x300.jpg\" width=\"363\" height=\"396\"><\/a><p id=\"caption-attachment-2880\" class=\"wp-caption-text\">Wn\u0119trze szko\u0142y, widoczne plakaty prezentuj\u0105ce atrakcje Francji (Dziennik Ba\u0142tycki z 1967 | bibliotekacyfrowa.eu)<\/p><\/div>\n<p style=\"text-align: justify;\">&nbsp;<\/p>\n<div id=\"attachment_2879\" style=\"width: 492px\" class=\"wp-caption aligncenter\"><a href=\"http:\/\/jarekwasielewski.pl\/zwrzeszcza\/wp-content\/uploads\/2017\/02\/wrzeszcz_sp64_db_1967_2.jpg\" target=\"_blank\" rel=\"attachment wp-att-2879 noopener noreferrer\"><img loading=\"lazy\" decoding=\"async\" aria-describedby=\"caption-attachment-2879\" class=\"wp-image-2879 \" src=\"http:\/\/jarekwasielewski.pl\/zwrzeszcza\/wp-content\/uploads\/2017\/02\/wrzeszcz_sp64_db_1967_2-300x138.jpg\" width=\"486\" height=\"232\"><\/a><p id=\"caption-attachment-2879\" class=\"wp-caption-text\">Szko\u0142a widziana od frontu (Dziennik Ba\u0142tycki z 1961 | bibliotekacyfrowa.eu)<\/p><\/div>\n<div id=\"attachment_2877\" style=\"width: 490px\" class=\"wp-caption aligncenter\"><a href=\"http:\/\/jarekwasielewski.pl\/zwrzeszcza\/wp-content\/uploads\/2017\/02\/wrzeszcz_sp64_db_1961_2.jpg\" target=\"_blank\" rel=\"attachment wp-att-2877 noopener noreferrer\"><img loading=\"lazy\" decoding=\"async\" aria-describedby=\"caption-attachment-2877\" class=\"wp-image-2877 \" src=\"http:\/\/jarekwasielewski.pl\/zwrzeszcza\/wp-content\/uploads\/2017\/02\/wrzeszcz_sp64_db_1961_2-300x236.jpg\" width=\"484\" height=\"384\"><\/a><p id=\"caption-attachment-2877\" class=\"wp-caption-text\">Szko\u0142a widziana od frontu (Dziennik Ba\u0142tycki z 1967 | bibliotekacyfrowa.eu)<\/p><\/div>\n<div id=\"attachment_2876\" style=\"width: 490px\" class=\"wp-caption aligncenter\"><a href=\"http:\/\/jarekwasielewski.pl\/zwrzeszcza\/wp-content\/uploads\/2017\/02\/wrzeszcz_sp64_db_1961.jpg\" target=\"_blank\" rel=\"attachment wp-att-2876 noopener noreferrer\"><img loading=\"lazy\" decoding=\"async\" aria-describedby=\"caption-attachment-2876\" class=\"wp-image-2876 \" src=\"http:\/\/jarekwasielewski.pl\/zwrzeszcza\/wp-content\/uploads\/2017\/02\/wrzeszcz_sp64_db_1961-300x167.jpg\" width=\"484\" height=\"277\"><\/a><p id=\"caption-attachment-2876\" class=\"wp-caption-text\">Zaplecze SP 64, widoczna sala gimnastyczna (Dziennik Ba\u0142tycki z 1967 | bibliotekacyfrowa.eu)<\/p><\/div>\n<p style=\"text-align: justify;\">&nbsp;<\/p>\n<div id=\"attachment_2878\" style=\"width: 493px\" class=\"wp-caption aligncenter\"><a href=\"http:\/\/jarekwasielewski.pl\/zwrzeszcza\/wp-content\/uploads\/2017\/02\/wrzeszcz_sp64_db_1967.jpg\" target=\"_blank\" rel=\"noopener noreferrer\"><img loading=\"lazy\" decoding=\"async\" aria-describedby=\"caption-attachment-2878\" class=\"wp-image-2878 \" src=\"http:\/\/jarekwasielewski.pl\/zwrzeszcza\/wp-content\/uploads\/2017\/02\/wrzeszcz_sp64_db_1967-300x134.jpg\" width=\"487\" height=\"226\"><\/a><p id=\"caption-attachment-2878\" class=\"wp-caption-text\">Przekazanie sztandaru i ods\u0142oni\u0119cie popiersia Marii Curie-Sk\u0142odowskiej, 7 XI 1967 (Dziennik Ba\u0142ycki | bibliotekacyfrowa.eu)<\/p><\/div>\n<p style=\"text-align: justify;\"><em>Kilka s\u0142\u00f3w &#8222;od siebie&#8221;:<\/em><\/p>\n<p style=\"text-align: justify;\">Ucz\u0119szcza\u0142em do tej szko\u0142y w latach 1990-1998. O francuskich wsp\u00f3\u0142fundatorach wci\u0105\u017c pami\u0119tano, pierwszym j\u0119zykiem obcym, jakiego tam uczono, by\u0142 w\u0142a\u015bnie francuski (klasy 5-8). Nauczyciele byli bardzo r\u00f3\u017cni &#8211; tych kiepskich przemilcz\u0119, natomiast najlepiej wspominam: p. Danut\u0119 Zimn\u0105 (przedmiot zwany ZPT; uczy\u0142a prawie od samego pocz\u0105tku, bo zdaje si\u0119, \u017ce od 1963 roku!), p. Chodorowsk\u0105 (geografia), p. Czes\u0142aw\u0119 Ho\u0142ub (chemia), p. Teres\u0119 Sty\u015b (historia) oraz p. S\u0142awomira Gumi\u0144skiego (j\u0119zyk francuski). Sam budynek by\u0142 wtedy dosy\u0107 zaniedbany &#8211; najbardziej pami\u0119tam \u015bmierdz\u0105ce&nbsp;toalety bez ciep\u0142ej wody&#8230; Ale takie ju\u017c m\u00f3j rocznik mia\u0142 szcz\u0119\u015bcie: podstaw\u00f3wki, szko\u0142y \u015brednie i wy\u017csze uczelnie zacz\u0119to remontowa\u0107 wkr\u00f3tce po tym, jak zako\u0144czyli\u015bmy w nich nauk\u0119&#8230; \ud83d\ude09 Wraz z reform\u0105 o\u015bwiaty w 1999 roku SP nr 64 zamieniono w Gimnazjum nr 12.<\/p>\n<div id=\"attachment_2872\" style=\"width: 306px\" class=\"wp-caption aligncenter\"><a href=\"http:\/\/jarekwasielewski.pl\/zwrzeszcza\/wp-content\/uploads\/2017\/02\/wrzeszcz_sp64_2.jpg\" target=\"_blank\" rel=\"attachment wp-att-2872 noopener noreferrer\"><img loading=\"lazy\" decoding=\"async\" aria-describedby=\"caption-attachment-2872\" class=\"wp-image-2872 size-medium\" src=\"http:\/\/jarekwasielewski.pl\/zwrzeszcza\/wp-content\/uploads\/2017\/02\/wrzeszcz_sp64_2-300x225.jpg\" width=\"300\" height=\"225\" srcset=\"https:\/\/jarekwasielewski.pl\/zwrzeszcza\/wp-content\/uploads\/2017\/02\/wrzeszcz_sp64_2-300x225.jpg 300w, https:\/\/jarekwasielewski.pl\/zwrzeszcza\/wp-content\/uploads\/2017\/02\/wrzeszcz_sp64_2-768x576.jpg 768w, https:\/\/jarekwasielewski.pl\/zwrzeszcza\/wp-content\/uploads\/2017\/02\/wrzeszcz_sp64_2.jpg 800w\" sizes=\"auto, (max-width: 300px) 100vw, 300px\" \/><\/a><p id=\"caption-attachment-2872\" class=\"wp-caption-text\">Wn\u0119trze szko\u0142y (2012)<\/p><\/div>\n<div id=\"attachment_2873\" style=\"width: 306px\" class=\"wp-caption aligncenter\"><a href=\"http:\/\/jarekwasielewski.pl\/zwrzeszcza\/wp-content\/uploads\/2017\/02\/wrzeszcz_sp64_3.jpg\" target=\"_blank\" rel=\"attachment wp-att-2873 noopener noreferrer\"><img loading=\"lazy\" decoding=\"async\" aria-describedby=\"caption-attachment-2873\" class=\"wp-image-2873 size-medium\" src=\"http:\/\/jarekwasielewski.pl\/zwrzeszcza\/wp-content\/uploads\/2017\/02\/wrzeszcz_sp64_3-300x225.jpg\" width=\"300\" height=\"225\" srcset=\"https:\/\/jarekwasielewski.pl\/zwrzeszcza\/wp-content\/uploads\/2017\/02\/wrzeszcz_sp64_3-300x225.jpg 300w, https:\/\/jarekwasielewski.pl\/zwrzeszcza\/wp-content\/uploads\/2017\/02\/wrzeszcz_sp64_3-768x576.jpg 768w, https:\/\/jarekwasielewski.pl\/zwrzeszcza\/wp-content\/uploads\/2017\/02\/wrzeszcz_sp64_3.jpg 800w\" sizes=\"auto, (max-width: 300px) 100vw, 300px\" \/><\/a><p id=\"caption-attachment-2873\" class=\"wp-caption-text\">Zaplecze szko\u0142y, sala gimnastyczna&nbsp;(2012)<\/p><\/div>\n<div id=\"attachment_2874\" style=\"width: 306px\" class=\"wp-caption aligncenter\"><a href=\"http:\/\/jarekwasielewski.pl\/zwrzeszcza\/wp-content\/uploads\/2017\/02\/wrzeszcz_sp64_4.jpg\" target=\"_blank\" rel=\"attachment wp-att-2874 noopener noreferrer\"><img loading=\"lazy\" decoding=\"async\" aria-describedby=\"caption-attachment-2874\" class=\"wp-image-2874 size-medium\" src=\"http:\/\/jarekwasielewski.pl\/zwrzeszcza\/wp-content\/uploads\/2017\/02\/wrzeszcz_sp64_4-300x225.jpg\" width=\"300\" height=\"225\" srcset=\"https:\/\/jarekwasielewski.pl\/zwrzeszcza\/wp-content\/uploads\/2017\/02\/wrzeszcz_sp64_4-300x225.jpg 300w, https:\/\/jarekwasielewski.pl\/zwrzeszcza\/wp-content\/uploads\/2017\/02\/wrzeszcz_sp64_4-768x576.jpg 768w, https:\/\/jarekwasielewski.pl\/zwrzeszcza\/wp-content\/uploads\/2017\/02\/wrzeszcz_sp64_4.jpg 800w\" sizes=\"auto, (max-width: 300px) 100vw, 300px\" \/><\/a><p id=\"caption-attachment-2874\" class=\"wp-caption-text\">Korytarz na parterze&nbsp;(2012)<\/p><\/div>\n<div id=\"attachment_2875\" style=\"width: 231px\" class=\"wp-caption aligncenter\"><a href=\"http:\/\/jarekwasielewski.pl\/zwrzeszcza\/wp-content\/uploads\/2017\/02\/wrzeszcz_sp64_5.jpg\" target=\"_blank\" rel=\"attachment wp-att-2875 noopener noreferrer\"><img loading=\"lazy\" decoding=\"async\" aria-describedby=\"caption-attachment-2875\" class=\"wp-image-2875 size-medium\" src=\"http:\/\/jarekwasielewski.pl\/zwrzeszcza\/wp-content\/uploads\/2017\/02\/wrzeszcz_sp64_5-225x300.jpg\" width=\"225\" height=\"300\" srcset=\"https:\/\/jarekwasielewski.pl\/zwrzeszcza\/wp-content\/uploads\/2017\/02\/wrzeszcz_sp64_5-225x300.jpg 225w, https:\/\/jarekwasielewski.pl\/zwrzeszcza\/wp-content\/uploads\/2017\/02\/wrzeszcz_sp64_5.jpg 450w\" sizes=\"auto, (max-width: 225px) 100vw, 225px\" \/><\/a><p id=\"caption-attachment-2875\" class=\"wp-caption-text\">Popiersie Marii Sk\u0142odowskiej-Curie ufundowane przez za\u0142og\u0119 kopalni w\u0119gla \u201eCzelad\u017a\u201d w 1967 roku (2012)<\/p><\/div>\n","protected":false},"excerpt":{"rendered":"<p>Kilka archiwalnych zdj\u0119\u0107: &nbsp; &nbsp; Kilka s\u0142\u00f3w &#8222;od siebie&#8221;: Ucz\u0119szcza\u0142em do tej szko\u0142y w latach 1990-1998. O francuskich wsp\u00f3\u0142fundatorach wci\u0105\u017c pami\u0119tano, pierwszym j\u0119zykiem obcym, jakiego tam uczono, by\u0142 w\u0142a\u015bnie francuski (klasy 5-8). Nauczyciele byli bardzo r\u00f3\u017cni &#8211; tych kiepskich przemilcz\u0119, natomiast najlepiej wspominam: p. Danut\u0119 Zimn\u0105 (przedmiot zwany ZPT; uczy\u0142a prawie od samego pocz\u0105tku, bo&hellip;<\/p>\n","protected":false},"author":1,"featured_media":2870,"comment_status":"open","ping_status":"open","sticky":false,"template":"","format":"standard","meta":{"ngg_post_thumbnail":0,"footnotes":""},"categories":[3,1,6,8],"tags":[],"class_list":["post-2868","post","type-post","status-publish","format-standard","has-post-thumbnail","hentry","category-aktualnosci","category-najpopularniejsze","category-po-1945","category-wszystkie"],"yoast_head":"<!-- This site is optimized with the Yoast SEO plugin v27.3 - https:\/\/yoast.com\/product\/yoast-seo-wordpress\/ -->\n<title>Moja \u201etysi\u0105clatka\u201d, czyli SP nr 64 im. Marii Sk\u0142odowskiej-Curie - Wrzeszcz Jarka Wasielewskiego<\/title>\n<meta name=\"robots\" content=\"index, follow, max-snippet:-1, max-image-preview:large, max-video-preview:-1\" \/>\n<link rel=\"canonical\" href=\"https:\/\/jarekwasielewski.pl\/zwrzeszcza\/2017\/02\/moja-tysiaclatka-czyli-sp-nr-64-im-marii-curie-sklodowskiej\/\" \/>\n<meta property=\"og:locale\" content=\"pl_PL\" \/>\n<meta property=\"og:type\" content=\"article\" \/>\n<meta property=\"og:title\" content=\"Moja \u201etysi\u0105clatka\u201d, czyli SP nr 64 im. Marii Sk\u0142odowskiej-Curie - Wrzeszcz Jarka Wasielewskiego\" \/>\n<meta property=\"og:description\" content=\"Kilka archiwalnych zdj\u0119\u0107: &nbsp; &nbsp; Kilka s\u0142\u00f3w &#8222;od siebie&#8221;: Ucz\u0119szcza\u0142em do tej szko\u0142y w latach 1990-1998. O francuskich wsp\u00f3\u0142fundatorach wci\u0105\u017c pami\u0119tano, pierwszym j\u0119zykiem obcym, jakiego tam uczono, by\u0142 w\u0142a\u015bnie francuski (klasy 5-8). Nauczyciele byli bardzo r\u00f3\u017cni &#8211; tych kiepskich przemilcz\u0119, natomiast najlepiej wspominam: p. Danut\u0119 Zimn\u0105 (przedmiot zwany ZPT; uczy\u0142a prawie od samego pocz\u0105tku, bo&hellip;\" \/>\n<meta property=\"og:url\" content=\"https:\/\/jarekwasielewski.pl\/zwrzeszcza\/2017\/02\/moja-tysiaclatka-czyli-sp-nr-64-im-marii-curie-sklodowskiej\/\" \/>\n<meta property=\"og:site_name\" content=\"Wrzeszcz Jarka Wasielewskiego\" \/>\n<meta property=\"article:published_time\" content=\"2017-02-23T19:05:42+00:00\" \/>\n<meta property=\"article:modified_time\" content=\"2024-05-12T21:02:37+00:00\" \/>\n<meta property=\"og:image\" content=\"http:\/\/jarekwasielewski.pl\/zwrzeszcza\/wp-content\/uploads\/2017\/02\/wrzeszcz_sp64_1.jpg\" \/>\n\t<meta property=\"og:image:width\" content=\"800\" \/>\n\t<meta property=\"og:image:height\" content=\"533\" \/>\n\t<meta property=\"og:image:type\" content=\"image\/jpeg\" \/>\n<meta name=\"author\" content=\"Jarek Wasielewski\" \/>\n<meta name=\"twitter:card\" content=\"summary_large_image\" \/>\n<meta name=\"twitter:label1\" content=\"Napisane przez\" \/>\n\t<meta name=\"twitter:data1\" content=\"Jarek Wasielewski\" \/>\n\t<meta name=\"twitter:label2\" content=\"Szacowany czas czytania\" \/>\n\t<meta name=\"twitter:data2\" content=\"4 minuty\" \/>\n<script type=\"application\/ld+json\" class=\"yoast-schema-graph\">{\"@context\":\"https:\\\/\\\/schema.org\",\"@graph\":[{\"@type\":\"Article\",\"@id\":\"https:\\\/\\\/jarekwasielewski.pl\\\/zwrzeszcza\\\/2017\\\/02\\\/moja-tysiaclatka-czyli-sp-nr-64-im-marii-curie-sklodowskiej\\\/#article\",\"isPartOf\":{\"@id\":\"https:\\\/\\\/jarekwasielewski.pl\\\/zwrzeszcza\\\/2017\\\/02\\\/moja-tysiaclatka-czyli-sp-nr-64-im-marii-curie-sklodowskiej\\\/\"},\"author\":{\"name\":\"Jarek Wasielewski\",\"@id\":\"https:\\\/\\\/jarekwasielewski.pl\\\/zwrzeszcza\\\/#\\\/schema\\\/person\\\/807e6ca1f9fadc1945bd9ac746422589\"},\"headline\":\"Moja \u201etysi\u0105clatka\u201d, czyli SP nr 64 im. Marii Sk\u0142odowskiej-Curie\",\"datePublished\":\"2017-02-23T19:05:42+00:00\",\"dateModified\":\"2024-05-12T21:02:37+00:00\",\"mainEntityOfPage\":{\"@id\":\"https:\\\/\\\/jarekwasielewski.pl\\\/zwrzeszcza\\\/2017\\\/02\\\/moja-tysiaclatka-czyli-sp-nr-64-im-marii-curie-sklodowskiej\\\/\"},\"wordCount\":323,\"commentCount\":11,\"publisher\":{\"@id\":\"https:\\\/\\\/jarekwasielewski.pl\\\/zwrzeszcza\\\/#\\\/schema\\\/person\\\/807e6ca1f9fadc1945bd9ac746422589\"},\"image\":{\"@id\":\"https:\\\/\\\/jarekwasielewski.pl\\\/zwrzeszcza\\\/2017\\\/02\\\/moja-tysiaclatka-czyli-sp-nr-64-im-marii-curie-sklodowskiej\\\/#primaryimage\"},\"thumbnailUrl\":\"https:\\\/\\\/jarekwasielewski.pl\\\/zwrzeszcza\\\/wp-content\\\/uploads\\\/2017\\\/02\\\/wrzeszcz_sp64_1.jpg\",\"articleSection\":[\"Aktualno\u015bci\",\"Najpopularniejsze\",\"Po 1945\",\"Wszystkie\"],\"inLanguage\":\"pl-PL\",\"potentialAction\":[{\"@type\":\"CommentAction\",\"name\":\"Comment\",\"target\":[\"https:\\\/\\\/jarekwasielewski.pl\\\/zwrzeszcza\\\/2017\\\/02\\\/moja-tysiaclatka-czyli-sp-nr-64-im-marii-curie-sklodowskiej\\\/#respond\"]}]},{\"@type\":\"WebPage\",\"@id\":\"https:\\\/\\\/jarekwasielewski.pl\\\/zwrzeszcza\\\/2017\\\/02\\\/moja-tysiaclatka-czyli-sp-nr-64-im-marii-curie-sklodowskiej\\\/\",\"url\":\"https:\\\/\\\/jarekwasielewski.pl\\\/zwrzeszcza\\\/2017\\\/02\\\/moja-tysiaclatka-czyli-sp-nr-64-im-marii-curie-sklodowskiej\\\/\",\"name\":\"Moja \u201etysi\u0105clatka\u201d, czyli SP nr 64 im. Marii Sk\u0142odowskiej-Curie - Wrzeszcz Jarka Wasielewskiego\",\"isPartOf\":{\"@id\":\"https:\\\/\\\/jarekwasielewski.pl\\\/zwrzeszcza\\\/#website\"},\"primaryImageOfPage\":{\"@id\":\"https:\\\/\\\/jarekwasielewski.pl\\\/zwrzeszcza\\\/2017\\\/02\\\/moja-tysiaclatka-czyli-sp-nr-64-im-marii-curie-sklodowskiej\\\/#primaryimage\"},\"image\":{\"@id\":\"https:\\\/\\\/jarekwasielewski.pl\\\/zwrzeszcza\\\/2017\\\/02\\\/moja-tysiaclatka-czyli-sp-nr-64-im-marii-curie-sklodowskiej\\\/#primaryimage\"},\"thumbnailUrl\":\"https:\\\/\\\/jarekwasielewski.pl\\\/zwrzeszcza\\\/wp-content\\\/uploads\\\/2017\\\/02\\\/wrzeszcz_sp64_1.jpg\",\"datePublished\":\"2017-02-23T19:05:42+00:00\",\"dateModified\":\"2024-05-12T21:02:37+00:00\",\"breadcrumb\":{\"@id\":\"https:\\\/\\\/jarekwasielewski.pl\\\/zwrzeszcza\\\/2017\\\/02\\\/moja-tysiaclatka-czyli-sp-nr-64-im-marii-curie-sklodowskiej\\\/#breadcrumb\"},\"inLanguage\":\"pl-PL\",\"potentialAction\":[{\"@type\":\"ReadAction\",\"target\":[\"https:\\\/\\\/jarekwasielewski.pl\\\/zwrzeszcza\\\/2017\\\/02\\\/moja-tysiaclatka-czyli-sp-nr-64-im-marii-curie-sklodowskiej\\\/\"]}]},{\"@type\":\"ImageObject\",\"inLanguage\":\"pl-PL\",\"@id\":\"https:\\\/\\\/jarekwasielewski.pl\\\/zwrzeszcza\\\/2017\\\/02\\\/moja-tysiaclatka-czyli-sp-nr-64-im-marii-curie-sklodowskiej\\\/#primaryimage\",\"url\":\"https:\\\/\\\/jarekwasielewski.pl\\\/zwrzeszcza\\\/wp-content\\\/uploads\\\/2017\\\/02\\\/wrzeszcz_sp64_1.jpg\",\"contentUrl\":\"https:\\\/\\\/jarekwasielewski.pl\\\/zwrzeszcza\\\/wp-content\\\/uploads\\\/2017\\\/02\\\/wrzeszcz_sp64_1.jpg\",\"width\":800,\"height\":533},{\"@type\":\"BreadcrumbList\",\"@id\":\"https:\\\/\\\/jarekwasielewski.pl\\\/zwrzeszcza\\\/2017\\\/02\\\/moja-tysiaclatka-czyli-sp-nr-64-im-marii-curie-sklodowskiej\\\/#breadcrumb\",\"itemListElement\":[{\"@type\":\"ListItem\",\"position\":1,\"name\":\"Strona g\u0142\u00f3wna\",\"item\":\"https:\\\/\\\/jarekwasielewski.pl\\\/zwrzeszcza\\\/\"},{\"@type\":\"ListItem\",\"position\":2,\"name\":\"Moja \u201etysi\u0105clatka\u201d, czyli SP nr 64 im. Marii Sk\u0142odowskiej-Curie\"}]},{\"@type\":\"WebSite\",\"@id\":\"https:\\\/\\\/jarekwasielewski.pl\\\/zwrzeszcza\\\/#website\",\"url\":\"https:\\\/\\\/jarekwasielewski.pl\\\/zwrzeszcza\\\/\",\"name\":\"Wrzeszcza Jarka Wasielewskiego\",\"description\":\"Blog Jarka Wasielewskiego o Wrzeszczu\",\"publisher\":{\"@id\":\"https:\\\/\\\/jarekwasielewski.pl\\\/zwrzeszcza\\\/#\\\/schema\\\/person\\\/807e6ca1f9fadc1945bd9ac746422589\"},\"potentialAction\":[{\"@type\":\"SearchAction\",\"target\":{\"@type\":\"EntryPoint\",\"urlTemplate\":\"https:\\\/\\\/jarekwasielewski.pl\\\/zwrzeszcza\\\/?s={search_term_string}\"},\"query-input\":{\"@type\":\"PropertyValueSpecification\",\"valueRequired\":true,\"valueName\":\"search_term_string\"}}],\"inLanguage\":\"pl-PL\"},{\"@type\":[\"Person\",\"Organization\"],\"@id\":\"https:\\\/\\\/jarekwasielewski.pl\\\/zwrzeszcza\\\/#\\\/schema\\\/person\\\/807e6ca1f9fadc1945bd9ac746422589\",\"name\":\"Jarek Wasielewski\",\"image\":{\"@type\":\"ImageObject\",\"inLanguage\":\"pl-PL\",\"@id\":\"http:\\\/\\\/jarekwasielewski.pl\\\/zwrzeszcza\\\/wp-content\\\/uploads\\\/2021\\\/09\\\/jw.png\",\"url\":\"http:\\\/\\\/jarekwasielewski.pl\\\/zwrzeszcza\\\/wp-content\\\/uploads\\\/2021\\\/09\\\/jw.png\",\"contentUrl\":\"http:\\\/\\\/jarekwasielewski.pl\\\/zwrzeszcza\\\/wp-content\\\/uploads\\\/2021\\\/09\\\/jw.png\",\"width\":715,\"height\":630,\"caption\":\"Jarek Wasielewski\"},\"logo\":{\"@id\":\"http:\\\/\\\/jarekwasielewski.pl\\\/zwrzeszcza\\\/wp-content\\\/uploads\\\/2021\\\/09\\\/jw.png\"},\"sameAs\":[\"http:\\\/\\\/jarekwasielewski.pl\\\/zwrzeszcza\"]}]}<\/script>\n<!-- \/ Yoast SEO plugin. -->","yoast_head_json":{"title":"Moja \u201etysi\u0105clatka\u201d, czyli SP nr 64 im. Marii Sk\u0142odowskiej-Curie - Wrzeszcz Jarka Wasielewskiego","robots":{"index":"index","follow":"follow","max-snippet":"max-snippet:-1","max-image-preview":"max-image-preview:large","max-video-preview":"max-video-preview:-1"},"canonical":"https:\/\/jarekwasielewski.pl\/zwrzeszcza\/2017\/02\/moja-tysiaclatka-czyli-sp-nr-64-im-marii-curie-sklodowskiej\/","og_locale":"pl_PL","og_type":"article","og_title":"Moja \u201etysi\u0105clatka\u201d, czyli SP nr 64 im. Marii Sk\u0142odowskiej-Curie - Wrzeszcz Jarka Wasielewskiego","og_description":"Kilka archiwalnych zdj\u0119\u0107: &nbsp; &nbsp; Kilka s\u0142\u00f3w &#8222;od siebie&#8221;: Ucz\u0119szcza\u0142em do tej szko\u0142y w latach 1990-1998. O francuskich wsp\u00f3\u0142fundatorach wci\u0105\u017c pami\u0119tano, pierwszym j\u0119zykiem obcym, jakiego tam uczono, by\u0142 w\u0142a\u015bnie francuski (klasy 5-8). Nauczyciele byli bardzo r\u00f3\u017cni &#8211; tych kiepskich przemilcz\u0119, natomiast najlepiej wspominam: p. Danut\u0119 Zimn\u0105 (przedmiot zwany ZPT; uczy\u0142a prawie od samego pocz\u0105tku, bo&hellip;","og_url":"https:\/\/jarekwasielewski.pl\/zwrzeszcza\/2017\/02\/moja-tysiaclatka-czyli-sp-nr-64-im-marii-curie-sklodowskiej\/","og_site_name":"Wrzeszcz Jarka Wasielewskiego","article_published_time":"2017-02-23T19:05:42+00:00","article_modified_time":"2024-05-12T21:02:37+00:00","og_image":[{"width":800,"height":533,"url":"http:\/\/jarekwasielewski.pl\/zwrzeszcza\/wp-content\/uploads\/2017\/02\/wrzeszcz_sp64_1.jpg","type":"image\/jpeg"}],"author":"Jarek Wasielewski","twitter_card":"summary_large_image","twitter_misc":{"Napisane przez":"Jarek Wasielewski","Szacowany czas czytania":"4 minuty"},"schema":{"@context":"https:\/\/schema.org","@graph":[{"@type":"Article","@id":"https:\/\/jarekwasielewski.pl\/zwrzeszcza\/2017\/02\/moja-tysiaclatka-czyli-sp-nr-64-im-marii-curie-sklodowskiej\/#article","isPartOf":{"@id":"https:\/\/jarekwasielewski.pl\/zwrzeszcza\/2017\/02\/moja-tysiaclatka-czyli-sp-nr-64-im-marii-curie-sklodowskiej\/"},"author":{"name":"Jarek Wasielewski","@id":"https:\/\/jarekwasielewski.pl\/zwrzeszcza\/#\/schema\/person\/807e6ca1f9fadc1945bd9ac746422589"},"headline":"Moja \u201etysi\u0105clatka\u201d, czyli SP nr 64 im. Marii Sk\u0142odowskiej-Curie","datePublished":"2017-02-23T19:05:42+00:00","dateModified":"2024-05-12T21:02:37+00:00","mainEntityOfPage":{"@id":"https:\/\/jarekwasielewski.pl\/zwrzeszcza\/2017\/02\/moja-tysiaclatka-czyli-sp-nr-64-im-marii-curie-sklodowskiej\/"},"wordCount":323,"commentCount":11,"publisher":{"@id":"https:\/\/jarekwasielewski.pl\/zwrzeszcza\/#\/schema\/person\/807e6ca1f9fadc1945bd9ac746422589"},"image":{"@id":"https:\/\/jarekwasielewski.pl\/zwrzeszcza\/2017\/02\/moja-tysiaclatka-czyli-sp-nr-64-im-marii-curie-sklodowskiej\/#primaryimage"},"thumbnailUrl":"https:\/\/jarekwasielewski.pl\/zwrzeszcza\/wp-content\/uploads\/2017\/02\/wrzeszcz_sp64_1.jpg","articleSection":["Aktualno\u015bci","Najpopularniejsze","Po 1945","Wszystkie"],"inLanguage":"pl-PL","potentialAction":[{"@type":"CommentAction","name":"Comment","target":["https:\/\/jarekwasielewski.pl\/zwrzeszcza\/2017\/02\/moja-tysiaclatka-czyli-sp-nr-64-im-marii-curie-sklodowskiej\/#respond"]}]},{"@type":"WebPage","@id":"https:\/\/jarekwasielewski.pl\/zwrzeszcza\/2017\/02\/moja-tysiaclatka-czyli-sp-nr-64-im-marii-curie-sklodowskiej\/","url":"https:\/\/jarekwasielewski.pl\/zwrzeszcza\/2017\/02\/moja-tysiaclatka-czyli-sp-nr-64-im-marii-curie-sklodowskiej\/","name":"Moja \u201etysi\u0105clatka\u201d, czyli SP nr 64 im. Marii Sk\u0142odowskiej-Curie - Wrzeszcz Jarka Wasielewskiego","isPartOf":{"@id":"https:\/\/jarekwasielewski.pl\/zwrzeszcza\/#website"},"primaryImageOfPage":{"@id":"https:\/\/jarekwasielewski.pl\/zwrzeszcza\/2017\/02\/moja-tysiaclatka-czyli-sp-nr-64-im-marii-curie-sklodowskiej\/#primaryimage"},"image":{"@id":"https:\/\/jarekwasielewski.pl\/zwrzeszcza\/2017\/02\/moja-tysiaclatka-czyli-sp-nr-64-im-marii-curie-sklodowskiej\/#primaryimage"},"thumbnailUrl":"https:\/\/jarekwasielewski.pl\/zwrzeszcza\/wp-content\/uploads\/2017\/02\/wrzeszcz_sp64_1.jpg","datePublished":"2017-02-23T19:05:42+00:00","dateModified":"2024-05-12T21:02:37+00:00","breadcrumb":{"@id":"https:\/\/jarekwasielewski.pl\/zwrzeszcza\/2017\/02\/moja-tysiaclatka-czyli-sp-nr-64-im-marii-curie-sklodowskiej\/#breadcrumb"},"inLanguage":"pl-PL","potentialAction":[{"@type":"ReadAction","target":["https:\/\/jarekwasielewski.pl\/zwrzeszcza\/2017\/02\/moja-tysiaclatka-czyli-sp-nr-64-im-marii-curie-sklodowskiej\/"]}]},{"@type":"ImageObject","inLanguage":"pl-PL","@id":"https:\/\/jarekwasielewski.pl\/zwrzeszcza\/2017\/02\/moja-tysiaclatka-czyli-sp-nr-64-im-marii-curie-sklodowskiej\/#primaryimage","url":"https:\/\/jarekwasielewski.pl\/zwrzeszcza\/wp-content\/uploads\/2017\/02\/wrzeszcz_sp64_1.jpg","contentUrl":"https:\/\/jarekwasielewski.pl\/zwrzeszcza\/wp-content\/uploads\/2017\/02\/wrzeszcz_sp64_1.jpg","width":800,"height":533},{"@type":"BreadcrumbList","@id":"https:\/\/jarekwasielewski.pl\/zwrzeszcza\/2017\/02\/moja-tysiaclatka-czyli-sp-nr-64-im-marii-curie-sklodowskiej\/#breadcrumb","itemListElement":[{"@type":"ListItem","position":1,"name":"Strona g\u0142\u00f3wna","item":"https:\/\/jarekwasielewski.pl\/zwrzeszcza\/"},{"@type":"ListItem","position":2,"name":"Moja \u201etysi\u0105clatka\u201d, czyli SP nr 64 im. Marii Sk\u0142odowskiej-Curie"}]},{"@type":"WebSite","@id":"https:\/\/jarekwasielewski.pl\/zwrzeszcza\/#website","url":"https:\/\/jarekwasielewski.pl\/zwrzeszcza\/","name":"Wrzeszcza Jarka Wasielewskiego","description":"Blog Jarka Wasielewskiego o Wrzeszczu","publisher":{"@id":"https:\/\/jarekwasielewski.pl\/zwrzeszcza\/#\/schema\/person\/807e6ca1f9fadc1945bd9ac746422589"},"potentialAction":[{"@type":"SearchAction","target":{"@type":"EntryPoint","urlTemplate":"https:\/\/jarekwasielewski.pl\/zwrzeszcza\/?s={search_term_string}"},"query-input":{"@type":"PropertyValueSpecification","valueRequired":true,"valueName":"search_term_string"}}],"inLanguage":"pl-PL"},{"@type":["Person","Organization"],"@id":"https:\/\/jarekwasielewski.pl\/zwrzeszcza\/#\/schema\/person\/807e6ca1f9fadc1945bd9ac746422589","name":"Jarek Wasielewski","image":{"@type":"ImageObject","inLanguage":"pl-PL","@id":"http:\/\/jarekwasielewski.pl\/zwrzeszcza\/wp-content\/uploads\/2021\/09\/jw.png","url":"http:\/\/jarekwasielewski.pl\/zwrzeszcza\/wp-content\/uploads\/2021\/09\/jw.png","contentUrl":"http:\/\/jarekwasielewski.pl\/zwrzeszcza\/wp-content\/uploads\/2021\/09\/jw.png","width":715,"height":630,"caption":"Jarek Wasielewski"},"logo":{"@id":"http:\/\/jarekwasielewski.pl\/zwrzeszcza\/wp-content\/uploads\/2021\/09\/jw.png"},"sameAs":["http:\/\/jarekwasielewski.pl\/zwrzeszcza"]}]}},"_links":{"self":[{"href":"https:\/\/jarekwasielewski.pl\/zwrzeszcza\/wp-json\/wp\/v2\/posts\/2868","targetHints":{"allow":["GET"]}}],"collection":[{"href":"https:\/\/jarekwasielewski.pl\/zwrzeszcza\/wp-json\/wp\/v2\/posts"}],"about":[{"href":"https:\/\/jarekwasielewski.pl\/zwrzeszcza\/wp-json\/wp\/v2\/types\/post"}],"author":[{"embeddable":true,"href":"https:\/\/jarekwasielewski.pl\/zwrzeszcza\/wp-json\/wp\/v2\/users\/1"}],"replies":[{"embeddable":true,"href":"https:\/\/jarekwasielewski.pl\/zwrzeszcza\/wp-json\/wp\/v2\/comments?post=2868"}],"version-history":[{"count":4,"href":"https:\/\/jarekwasielewski.pl\/zwrzeszcza\/wp-json\/wp\/v2\/posts\/2868\/revisions"}],"predecessor-version":[{"id":5772,"href":"https:\/\/jarekwasielewski.pl\/zwrzeszcza\/wp-json\/wp\/v2\/posts\/2868\/revisions\/5772"}],"wp:featuredmedia":[{"embeddable":true,"href":"https:\/\/jarekwasielewski.pl\/zwrzeszcza\/wp-json\/wp\/v2\/media\/2870"}],"wp:attachment":[{"href":"https:\/\/jarekwasielewski.pl\/zwrzeszcza\/wp-json\/wp\/v2\/media?parent=2868"}],"wp:term":[{"taxonomy":"category","embeddable":true,"href":"https:\/\/jarekwasielewski.pl\/zwrzeszcza\/wp-json\/wp\/v2\/categories?post=2868"},{"taxonomy":"post_tag","embeddable":true,"href":"https:\/\/jarekwasielewski.pl\/zwrzeszcza\/wp-json\/wp\/v2\/tags?post=2868"}],"curies":[{"name":"wp","href":"https:\/\/api.w.org\/{rel}","templated":true}]}}