{"id":2763,"date":"2016-12-19T10:28:25","date_gmt":"2016-12-19T10:28:25","guid":{"rendered":"http:\/\/jarekwasielewski.pl\/zwrzeszcza\/?p=2763"},"modified":"2023-11-13T12:29:51","modified_gmt":"2023-11-13T11:29:51","slug":"drob-duzo-drobiu-na-pograniczu-wrzeszcza-i-zaspy","status":"publish","type":"post","link":"https:\/\/jarekwasielewski.pl\/zwrzeszcza\/2016\/12\/drob-duzo-drobiu-na-pograniczu-wrzeszcza-i-zaspy\/","title":{"rendered":"Dr\u00f3b, du\u017co drobiu na pograniczu Wrzeszcza i Zaspy"},"content":{"rendered":"<p style=\"text-align: justify;\">Du\u017ca cz\u0119\u015b\u0107 mojego najnowszego artyku\u0142u w czasopi\u015bmie <em>30 dni<\/em> (pope\u0142nionego wsp\u00f3lnie z Janem Danilukiem), po\u015bwi\u0119conego historii obozu pracy przymusowej <em>Narvik<\/em>&nbsp;dotyczy jego powojennych los\u00f3w. Przez kilka dekad baraki wykorzystywane by\u0142y w rozmaitych celach: jako budynki biurowe, przemys\u0142owe, ale tak\u017ce \u2013 co dzi\u015b s\u0142usznie szokuje \u2013 mieszkalne.<\/p>\n<p style=\"text-align: justify;\">Podobnie dzia\u0142o si\u0119 z innymi barakami o wojennej proweniencji w Gda\u0144sku, na przyk\u0142ad tymi, kt\u00f3re nale\u017ca\u0142y niegdy\u015b do s\u0105siaduj\u0105cych ze sob\u0105 oboz\u00f3w pracy przymusowej na pograniczu dzisiejszego Dolnego Wrzeszcza i Zaspy. Mam tu na my\u015bli <em>Schichau-Wohnlager Ferdinand I<\/em> i<em> II&nbsp;<\/em>powy\u017cej ul. Wincentego Pstrowskiego i pomi\u0119dzy ul. Boles\u0142awa Chrobrego a al. gen. J\u00f3zefa Hallera. Po 1945 roku w barakach m.in. zakwaterowano ludzi oraz&nbsp;utworzono co najmniej jeden&nbsp;zak\u0142ad przemys\u0142owy: \u201epensjonat kurcz\u0105t\u201d.<\/p>\n<p style=\"text-align: center;\"><a href=\"http:\/\/jarekwasielewski.pl\/zwrzeszcza\/wp-content\/uploads\/2016\/12\/oboz_wrzeszcz_chrobrego_barak_2.jpg\" target=\"_blank\" rel=\"noopener noreferrer\"><img loading=\"lazy\" decoding=\"async\" class=\"aligncenter wp-image-2788 size-medium\" src=\"http:\/\/jarekwasielewski.pl\/zwrzeszcza\/wp-content\/uploads\/2016\/12\/oboz_wrzeszcz_chrobrego_barak_2-300x200.jpg\" width=\"300\" height=\"200\" srcset=\"https:\/\/jarekwasielewski.pl\/zwrzeszcza\/wp-content\/uploads\/2016\/12\/oboz_wrzeszcz_chrobrego_barak_2-300x200.jpg 300w, https:\/\/jarekwasielewski.pl\/zwrzeszcza\/wp-content\/uploads\/2016\/12\/oboz_wrzeszcz_chrobrego_barak_2-768x512.jpg 768w, https:\/\/jarekwasielewski.pl\/zwrzeszcza\/wp-content\/uploads\/2016\/12\/oboz_wrzeszcz_chrobrego_barak_2.jpg 900w\" sizes=\"auto, (max-width: 300px) 100vw, 300px\" \/><\/a>Ostatni barak na terenie dawnego&nbsp;<em>Schichau-Wohnlager Ferdinand<\/em><\/p>\n<p style=\"text-align: center;\"><a href=\"http:\/\/jarekwasielewski.pl\/zwrzeszcza\/wp-content\/uploads\/2016\/12\/oboz_wrzeszcz_chrobrego_barak_1.jpg\" target=\"_blank\" rel=\"noopener noreferrer\"><img loading=\"lazy\" decoding=\"async\" class=\"aligncenter wp-image-2789 size-medium\" src=\"http:\/\/jarekwasielewski.pl\/zwrzeszcza\/wp-content\/uploads\/2016\/12\/oboz_wrzeszcz_chrobrego_barak_1-300x200.jpg\" width=\"300\" height=\"200\" srcset=\"https:\/\/jarekwasielewski.pl\/zwrzeszcza\/wp-content\/uploads\/2016\/12\/oboz_wrzeszcz_chrobrego_barak_1-300x200.jpg 300w, https:\/\/jarekwasielewski.pl\/zwrzeszcza\/wp-content\/uploads\/2016\/12\/oboz_wrzeszcz_chrobrego_barak_1-768x512.jpg 768w, https:\/\/jarekwasielewski.pl\/zwrzeszcza\/wp-content\/uploads\/2016\/12\/oboz_wrzeszcz_chrobrego_barak_1.jpg 900w\" sizes=\"auto, (max-width: 300px) 100vw, 300px\" \/><\/a>Ostatni barak na terenie dawnego&nbsp;<em>Schichau-Wohnlager Ferdinand<\/em><\/p>\n<p style=\"text-align: justify;\">Tak\u0105 \u017cartobliw\u0105 nazw\u0119 lokalna prasa nada\u0142a&nbsp;zak\u0142adowi, do kt\u00f3rego po przyp\u0142yni\u0119ciu do gda\u0144skiego portu trafia\u0142y dostawy rasowych kurcz\u0105t z UNRRY.<\/p>\n<p style=\"text-align: justify;\">Wyja\u015bnienie dla niezorientowanych: UNRRA (<em>United Nations Relief and Rehabilitation Administration<\/em>, czyli Administracja Narod\u00f3w Zjednoczonych do Spraw Pomocy i Odbudowy) by\u0142a organizacj\u0105 nios\u0105c\u0105 pomoc pa\u0144stwom w Europie i Azji, g\u0142\u00f3wnie tym, kt\u00f3re dotkni\u0119te by\u0142y zniszczeniami wojennymi. W Polsce UNRRA rozpocz\u0119\u0142a dzia\u0142alno\u015b\u0107 z chwil\u0105 cz\u0119\u015bciowego oswobodzenia kraju spod niemieckiej okupacji, a zako\u0144czy\u0142a z ko\u0144cem 1946 roku.<\/p>\n<p style=\"text-align: justify;\">To w\u0142a\u015bnie g\u0142\u00f3wnie przez porty w Gda\u0144sku i Gdyni dostarczano nam pomoc, na kt\u00f3r\u0105 sk\u0142ada\u0142y si\u0119 m.in. \u017cywno\u015b\u0107, \u015brodki czysto\u015bci, odzie\u017c, narz\u0119dzia i maszyny rolnicze, samochody, tabor kolejowy oraz \u017cywy inwentarz (gdyby kto\u015b nie wiedzia\u0142, to w\u0142a\u015bnie do tego nawi\u0105zuje s\u0142ynne Pawlakowe \u201e<em>Naszemu s\u0105siadowi ogiera ukradli, a taki by\u0142 \u0142adny, ameryka\u0144ski! Szkoda!<\/em>&#8221; w <em>Samych swoich&nbsp;<\/em>;)). Przyp\u0142ywaj\u0105ce z USA w elektrycznie ogrzewanych klatkach leghorny, karmazyny i sussexy \u2013 przez pras\u0119 nazywane pieszczotliwie <em>unraczkami<\/em> \u2013 trafia\u0142y w\u0142a\u015bnie na pogranicze Wrzeszcza i Zaspy. W \u201ebaraku szumi\u0105cym ptasim \u015bwiergotem\u201d dokonywano ich selekcji (padni\u0119te w transporcie utylizowano, a chore trafia\u0142y do \u201eptasiej infirmerii\u201d), sk\u0105d po kilku dniach rozwo\u017cone by\u0142y samochodami do miejsca przeznaczenia, kt\u00f3rymi by\u0142y gospodarstwa hodowlane zar\u00f3wno na Pomorzu, jak i w innych regionach Polski.<\/p>\n<p style=\"text-align: justify;\">W za\u0142o\u017ceniu ka\u017cdy pisklak mia\u0142 by\u0107 zal\u0105\u017ckiem przysz\u0142ej hodowli rasowego drobiu, przetrzebionego przez wojn\u0119. Tylko do czerwca 1946 roku piskl\u0105t przyby\u0142o a\u017c 38 tysi\u0119cy. Ciekawe czy i w jakim procencie dr\u00f3b \u201eprodukowany\u201d obecnie w naszym kraju wywodzi si\u0119 z tych <em>unraczk\u00f3w<\/em>?<\/p>\n<p style=\"text-align: justify;\">\u201eDrobiowa\u201d historia barak\u00f3w dawnego obozu na pewno nie sko\u0144czy\u0142a si\u0119 wraz z misj\u0105 UNRRY. W kolejnych latach dzia\u0142a\u0142a w nich Rejonowa Tuczarnia Drobiu na Zaspie, kt\u00f3ra podlega\u0142a Wojew\u00f3dzkiemu Przedsi\u0119biorstwu Jajczarsko-Drobiarskiemu z siedzib\u0105 tam\u017ce.<\/p>\n<p style=\"text-align: center;\"><a href=\"http:\/\/jarekwasielewski.pl\/zwrzeszcza\/wp-content\/uploads\/2016\/12\/tuczarnia_drobiu_wrzeszcz_anons_1950.jpg\" target=\"_blank\" rel=\"noopener noreferrer\"><img loading=\"lazy\" decoding=\"async\" class=\"aligncenter wp-image-2781 size-medium\" src=\"http:\/\/jarekwasielewski.pl\/zwrzeszcza\/wp-content\/uploads\/2016\/12\/tuczarnia_drobiu_wrzeszcz_anons_1950-300x90.jpg\" width=\"300\" height=\"90\" srcset=\"https:\/\/jarekwasielewski.pl\/zwrzeszcza\/wp-content\/uploads\/2016\/12\/tuczarnia_drobiu_wrzeszcz_anons_1950-300x90.jpg 300w, https:\/\/jarekwasielewski.pl\/zwrzeszcza\/wp-content\/uploads\/2016\/12\/tuczarnia_drobiu_wrzeszcz_anons_1950.jpg 550w\" sizes=\"auto, (max-width: 300px) 100vw, 300px\" \/><\/a>Anons w <em>Dzienniku Ba\u0142tyckim<\/em> z listopada1950 roku<\/p>\n<p style=\"text-align: center;\"><a href=\"http:\/\/jarekwasielewski.pl\/zwrzeszcza\/wp-content\/uploads\/2016\/12\/tuczarnia_drobiu_wrzeszcz_anons_1960.jpg\" target=\"_blank\" rel=\"noopener noreferrer\"><img loading=\"lazy\" decoding=\"async\" class=\"aligncenter wp-image-2782 size-medium\" src=\"http:\/\/jarekwasielewski.pl\/zwrzeszcza\/wp-content\/uploads\/2016\/12\/tuczarnia_drobiu_wrzeszcz_anons_1960-300x114.jpg\" width=\"300\" height=\"114\" srcset=\"https:\/\/jarekwasielewski.pl\/zwrzeszcza\/wp-content\/uploads\/2016\/12\/tuczarnia_drobiu_wrzeszcz_anons_1960-300x114.jpg 300w, https:\/\/jarekwasielewski.pl\/zwrzeszcza\/wp-content\/uploads\/2016\/12\/tuczarnia_drobiu_wrzeszcz_anons_1960.jpg 600w\" sizes=\"auto, (max-width: 300px) 100vw, 300px\" \/><\/a>Anons w <em>Dzienniku Ba\u0142tyckim<\/em> ze stycznia 1960 roku<\/p>\n<p style=\"text-align: justify;\">Wiadomo tak\u017ce o istnieniu Gda\u0144skiego Przedsi\u0119biorstwa Wyl\u0119gu Drobiu oraz Inspektoracie Rejonowym Zjednoczenia Przemys\u0142u Jajczarsko-Drobiarskiego &#8211; jakie jednak by\u0142o powi\u0105zanie i hierarchia ww. instytucji wyja\u015bni\u0107 nie jestem w stanie, tak samo jak ze 100-procentow\u0105 pewno\u015bci\u0105 nie mog\u0119 potwierdzi\u0107, \u017ce tak\u017ce&nbsp;one mie\u015bci\u0142y si\u0119 w ww. barakach.<\/p>\n<p style=\"text-align: justify;\">Wiadomo za to, \u017ce pod Wojew\u00f3dzkie Przedsi\u0119biorstwo Jajczarsko-Drobiarskie podlega\u0142y fermy kurze na Pomorzu (ok. 40% z nich znajdowa\u0142o si\u0119 w obr\u0119bie Tr\u00f3jmiasta). Dr\u00f3b, kt\u00f3ry trafia\u0142 na Zasp\u0119 za po\u015brednictwem Centrali Importowo-Eksportowej Artyku\u0142\u00f3w i Przetwor\u00f3w Pochodzenia Zwierz\u0119cego &#8222;ANIMEX&#8221; eksportowano za granic\u0119. Jaja trafia\u0142y g\u0142\u00f3wnie do kraj\u00f3w afryka\u0144skich, Wenezueli i RFN, a dr\u00f3b g\u0142\u00f3wnie do tego ostatniego kraju.<\/p>\n<p style=\"text-align: justify;\">Niestety, nie uda\u0142o mi si\u0119 ustali\u0107, do kt\u00f3rego roku dzia\u0142a\u0142y ww. zak\u0142ady.<\/p>\n<p style=\"text-align: justify;\"><strong>Je\u017celi macie jakiekolwiek informacje na temat zak\u0142ad\u00f3w opisanych w tym tek\u015bcie b\u0105d\u017a jakichkolwiek innych dzia\u0142aj\u0105cych po wojnie w dawnym obozie <em>Schichau-Wohnlager Ferdinand I<\/em> i <em>II<\/em>, prosz\u0119 o kontakt.<\/strong><\/p>\n","protected":false},"excerpt":{"rendered":"<p>Du\u017ca cz\u0119\u015b\u0107 mojego najnowszego artyku\u0142u w czasopi\u015bmie 30 dni (pope\u0142nionego wsp\u00f3lnie z Janem Danilukiem), po\u015bwi\u0119conego historii obozu pracy przymusowej Narvik&nbsp;dotyczy jego powojennych los\u00f3w. Przez kilka dekad baraki wykorzystywane by\u0142y w rozmaitych celach: jako budynki biurowe, przemys\u0142owe, ale tak\u017ce \u2013 co dzi\u015b s\u0142usznie szokuje \u2013 mieszkalne. Podobnie dzia\u0142o si\u0119 z innymi barakami o wojennej proweniencji w&hellip;<\/p>\n","protected":false},"author":1,"featured_media":2788,"comment_status":"open","ping_status":"open","sticky":false,"template":"","format":"standard","meta":{"ngg_post_thumbnail":0,"footnotes":""},"categories":[6,7,8],"tags":[],"class_list":["post-2763","post","type-post","status-publish","format-standard","has-post-thumbnail","hentry","category-po-1945","category-przed-1945","category-wszystkie"],"yoast_head":"<!-- This site is optimized with the Yoast SEO plugin v27.3 - https:\/\/yoast.com\/product\/yoast-seo-wordpress\/ -->\n<title>Dr\u00f3b, du\u017co drobiu na pograniczu Wrzeszcza i Zaspy - Wrzeszcz Jarka Wasielewskiego<\/title>\n<meta name=\"robots\" content=\"index, follow, max-snippet:-1, max-image-preview:large, max-video-preview:-1\" \/>\n<link rel=\"canonical\" href=\"https:\/\/jarekwasielewski.pl\/zwrzeszcza\/2016\/12\/drob-duzo-drobiu-na-pograniczu-wrzeszcza-i-zaspy\/\" \/>\n<meta property=\"og:locale\" content=\"pl_PL\" \/>\n<meta property=\"og:type\" content=\"article\" \/>\n<meta property=\"og:title\" content=\"Dr\u00f3b, du\u017co drobiu na pograniczu Wrzeszcza i Zaspy - Wrzeszcz Jarka Wasielewskiego\" \/>\n<meta property=\"og:description\" content=\"Du\u017ca cz\u0119\u015b\u0107 mojego najnowszego artyku\u0142u w czasopi\u015bmie 30 dni (pope\u0142nionego wsp\u00f3lnie z Janem Danilukiem), po\u015bwi\u0119conego historii obozu pracy przymusowej Narvik&nbsp;dotyczy jego powojennych los\u00f3w. Przez kilka dekad baraki wykorzystywane by\u0142y w rozmaitych celach: jako budynki biurowe, przemys\u0142owe, ale tak\u017ce \u2013 co dzi\u015b s\u0142usznie szokuje \u2013 mieszkalne. Podobnie dzia\u0142o si\u0119 z innymi barakami o wojennej proweniencji w&hellip;\" \/>\n<meta property=\"og:url\" content=\"https:\/\/jarekwasielewski.pl\/zwrzeszcza\/2016\/12\/drob-duzo-drobiu-na-pograniczu-wrzeszcza-i-zaspy\/\" \/>\n<meta property=\"og:site_name\" content=\"Wrzeszcz Jarka Wasielewskiego\" \/>\n<meta property=\"article:published_time\" content=\"2016-12-19T10:28:25+00:00\" \/>\n<meta property=\"article:modified_time\" content=\"2023-11-13T11:29:51+00:00\" \/>\n<meta property=\"og:image\" content=\"https:\/\/jarekwasielewski.pl\/zwrzeszcza\/wp-content\/uploads\/2016\/12\/oboz_wrzeszcz_chrobrego_barak_2.jpg\" \/>\n\t<meta property=\"og:image:width\" content=\"900\" \/>\n\t<meta property=\"og:image:height\" content=\"600\" \/>\n\t<meta property=\"og:image:type\" content=\"image\/jpeg\" \/>\n<meta name=\"author\" content=\"Jarek Wasielewski\" \/>\n<meta name=\"twitter:card\" content=\"summary_large_image\" \/>\n<meta name=\"twitter:label1\" content=\"Napisane przez\" \/>\n\t<meta name=\"twitter:data1\" content=\"Jarek Wasielewski\" \/>\n\t<meta name=\"twitter:label2\" content=\"Szacowany czas czytania\" \/>\n\t<meta name=\"twitter:data2\" content=\"5 minut\" \/>\n<script type=\"application\/ld+json\" class=\"yoast-schema-graph\">{\"@context\":\"https:\\\/\\\/schema.org\",\"@graph\":[{\"@type\":\"Article\",\"@id\":\"https:\\\/\\\/jarekwasielewski.pl\\\/zwrzeszcza\\\/2016\\\/12\\\/drob-duzo-drobiu-na-pograniczu-wrzeszcza-i-zaspy\\\/#article\",\"isPartOf\":{\"@id\":\"https:\\\/\\\/jarekwasielewski.pl\\\/zwrzeszcza\\\/2016\\\/12\\\/drob-duzo-drobiu-na-pograniczu-wrzeszcza-i-zaspy\\\/\"},\"author\":{\"name\":\"Jarek Wasielewski\",\"@id\":\"https:\\\/\\\/jarekwasielewski.pl\\\/zwrzeszcza\\\/#\\\/schema\\\/person\\\/807e6ca1f9fadc1945bd9ac746422589\"},\"headline\":\"Dr\u00f3b, du\u017co drobiu na pograniczu Wrzeszcza i Zaspy\",\"datePublished\":\"2016-12-19T10:28:25+00:00\",\"dateModified\":\"2023-11-13T11:29:51+00:00\",\"mainEntityOfPage\":{\"@id\":\"https:\\\/\\\/jarekwasielewski.pl\\\/zwrzeszcza\\\/2016\\\/12\\\/drob-duzo-drobiu-na-pograniczu-wrzeszcza-i-zaspy\\\/\"},\"wordCount\":711,\"commentCount\":26,\"publisher\":{\"@id\":\"https:\\\/\\\/jarekwasielewski.pl\\\/zwrzeszcza\\\/#\\\/schema\\\/person\\\/807e6ca1f9fadc1945bd9ac746422589\"},\"image\":{\"@id\":\"https:\\\/\\\/jarekwasielewski.pl\\\/zwrzeszcza\\\/2016\\\/12\\\/drob-duzo-drobiu-na-pograniczu-wrzeszcza-i-zaspy\\\/#primaryimage\"},\"thumbnailUrl\":\"https:\\\/\\\/jarekwasielewski.pl\\\/zwrzeszcza\\\/wp-content\\\/uploads\\\/2016\\\/12\\\/oboz_wrzeszcz_chrobrego_barak_2.jpg\",\"articleSection\":[\"Po 1945\",\"Przed 1945\",\"Wszystkie\"],\"inLanguage\":\"pl-PL\",\"potentialAction\":[{\"@type\":\"CommentAction\",\"name\":\"Comment\",\"target\":[\"https:\\\/\\\/jarekwasielewski.pl\\\/zwrzeszcza\\\/2016\\\/12\\\/drob-duzo-drobiu-na-pograniczu-wrzeszcza-i-zaspy\\\/#respond\"]}]},{\"@type\":\"WebPage\",\"@id\":\"https:\\\/\\\/jarekwasielewski.pl\\\/zwrzeszcza\\\/2016\\\/12\\\/drob-duzo-drobiu-na-pograniczu-wrzeszcza-i-zaspy\\\/\",\"url\":\"https:\\\/\\\/jarekwasielewski.pl\\\/zwrzeszcza\\\/2016\\\/12\\\/drob-duzo-drobiu-na-pograniczu-wrzeszcza-i-zaspy\\\/\",\"name\":\"Dr\u00f3b, du\u017co drobiu na pograniczu Wrzeszcza i Zaspy - Wrzeszcz Jarka Wasielewskiego\",\"isPartOf\":{\"@id\":\"https:\\\/\\\/jarekwasielewski.pl\\\/zwrzeszcza\\\/#website\"},\"primaryImageOfPage\":{\"@id\":\"https:\\\/\\\/jarekwasielewski.pl\\\/zwrzeszcza\\\/2016\\\/12\\\/drob-duzo-drobiu-na-pograniczu-wrzeszcza-i-zaspy\\\/#primaryimage\"},\"image\":{\"@id\":\"https:\\\/\\\/jarekwasielewski.pl\\\/zwrzeszcza\\\/2016\\\/12\\\/drob-duzo-drobiu-na-pograniczu-wrzeszcza-i-zaspy\\\/#primaryimage\"},\"thumbnailUrl\":\"https:\\\/\\\/jarekwasielewski.pl\\\/zwrzeszcza\\\/wp-content\\\/uploads\\\/2016\\\/12\\\/oboz_wrzeszcz_chrobrego_barak_2.jpg\",\"datePublished\":\"2016-12-19T10:28:25+00:00\",\"dateModified\":\"2023-11-13T11:29:51+00:00\",\"breadcrumb\":{\"@id\":\"https:\\\/\\\/jarekwasielewski.pl\\\/zwrzeszcza\\\/2016\\\/12\\\/drob-duzo-drobiu-na-pograniczu-wrzeszcza-i-zaspy\\\/#breadcrumb\"},\"inLanguage\":\"pl-PL\",\"potentialAction\":[{\"@type\":\"ReadAction\",\"target\":[\"https:\\\/\\\/jarekwasielewski.pl\\\/zwrzeszcza\\\/2016\\\/12\\\/drob-duzo-drobiu-na-pograniczu-wrzeszcza-i-zaspy\\\/\"]}]},{\"@type\":\"ImageObject\",\"inLanguage\":\"pl-PL\",\"@id\":\"https:\\\/\\\/jarekwasielewski.pl\\\/zwrzeszcza\\\/2016\\\/12\\\/drob-duzo-drobiu-na-pograniczu-wrzeszcza-i-zaspy\\\/#primaryimage\",\"url\":\"https:\\\/\\\/jarekwasielewski.pl\\\/zwrzeszcza\\\/wp-content\\\/uploads\\\/2016\\\/12\\\/oboz_wrzeszcz_chrobrego_barak_2.jpg\",\"contentUrl\":\"https:\\\/\\\/jarekwasielewski.pl\\\/zwrzeszcza\\\/wp-content\\\/uploads\\\/2016\\\/12\\\/oboz_wrzeszcz_chrobrego_barak_2.jpg\",\"width\":900,\"height\":600},{\"@type\":\"BreadcrumbList\",\"@id\":\"https:\\\/\\\/jarekwasielewski.pl\\\/zwrzeszcza\\\/2016\\\/12\\\/drob-duzo-drobiu-na-pograniczu-wrzeszcza-i-zaspy\\\/#breadcrumb\",\"itemListElement\":[{\"@type\":\"ListItem\",\"position\":1,\"name\":\"Strona g\u0142\u00f3wna\",\"item\":\"https:\\\/\\\/jarekwasielewski.pl\\\/zwrzeszcza\\\/\"},{\"@type\":\"ListItem\",\"position\":2,\"name\":\"Dr\u00f3b, du\u017co drobiu na pograniczu Wrzeszcza i Zaspy\"}]},{\"@type\":\"WebSite\",\"@id\":\"https:\\\/\\\/jarekwasielewski.pl\\\/zwrzeszcza\\\/#website\",\"url\":\"https:\\\/\\\/jarekwasielewski.pl\\\/zwrzeszcza\\\/\",\"name\":\"Wrzeszcza Jarka Wasielewskiego\",\"description\":\"Blog Jarka Wasielewskiego o Wrzeszczu\",\"publisher\":{\"@id\":\"https:\\\/\\\/jarekwasielewski.pl\\\/zwrzeszcza\\\/#\\\/schema\\\/person\\\/807e6ca1f9fadc1945bd9ac746422589\"},\"potentialAction\":[{\"@type\":\"SearchAction\",\"target\":{\"@type\":\"EntryPoint\",\"urlTemplate\":\"https:\\\/\\\/jarekwasielewski.pl\\\/zwrzeszcza\\\/?s={search_term_string}\"},\"query-input\":{\"@type\":\"PropertyValueSpecification\",\"valueRequired\":true,\"valueName\":\"search_term_string\"}}],\"inLanguage\":\"pl-PL\"},{\"@type\":[\"Person\",\"Organization\"],\"@id\":\"https:\\\/\\\/jarekwasielewski.pl\\\/zwrzeszcza\\\/#\\\/schema\\\/person\\\/807e6ca1f9fadc1945bd9ac746422589\",\"name\":\"Jarek Wasielewski\",\"image\":{\"@type\":\"ImageObject\",\"inLanguage\":\"pl-PL\",\"@id\":\"http:\\\/\\\/jarekwasielewski.pl\\\/zwrzeszcza\\\/wp-content\\\/uploads\\\/2021\\\/09\\\/jw.png\",\"url\":\"http:\\\/\\\/jarekwasielewski.pl\\\/zwrzeszcza\\\/wp-content\\\/uploads\\\/2021\\\/09\\\/jw.png\",\"contentUrl\":\"http:\\\/\\\/jarekwasielewski.pl\\\/zwrzeszcza\\\/wp-content\\\/uploads\\\/2021\\\/09\\\/jw.png\",\"width\":715,\"height\":630,\"caption\":\"Jarek Wasielewski\"},\"logo\":{\"@id\":\"http:\\\/\\\/jarekwasielewski.pl\\\/zwrzeszcza\\\/wp-content\\\/uploads\\\/2021\\\/09\\\/jw.png\"},\"sameAs\":[\"http:\\\/\\\/jarekwasielewski.pl\\\/zwrzeszcza\"]}]}<\/script>\n<!-- \/ Yoast SEO plugin. -->","yoast_head_json":{"title":"Dr\u00f3b, du\u017co drobiu na pograniczu Wrzeszcza i Zaspy - Wrzeszcz Jarka Wasielewskiego","robots":{"index":"index","follow":"follow","max-snippet":"max-snippet:-1","max-image-preview":"max-image-preview:large","max-video-preview":"max-video-preview:-1"},"canonical":"https:\/\/jarekwasielewski.pl\/zwrzeszcza\/2016\/12\/drob-duzo-drobiu-na-pograniczu-wrzeszcza-i-zaspy\/","og_locale":"pl_PL","og_type":"article","og_title":"Dr\u00f3b, du\u017co drobiu na pograniczu Wrzeszcza i Zaspy - Wrzeszcz Jarka Wasielewskiego","og_description":"Du\u017ca cz\u0119\u015b\u0107 mojego najnowszego artyku\u0142u w czasopi\u015bmie 30 dni (pope\u0142nionego wsp\u00f3lnie z Janem Danilukiem), po\u015bwi\u0119conego historii obozu pracy przymusowej Narvik&nbsp;dotyczy jego powojennych los\u00f3w. Przez kilka dekad baraki wykorzystywane by\u0142y w rozmaitych celach: jako budynki biurowe, przemys\u0142owe, ale tak\u017ce \u2013 co dzi\u015b s\u0142usznie szokuje \u2013 mieszkalne. Podobnie dzia\u0142o si\u0119 z innymi barakami o wojennej proweniencji w&hellip;","og_url":"https:\/\/jarekwasielewski.pl\/zwrzeszcza\/2016\/12\/drob-duzo-drobiu-na-pograniczu-wrzeszcza-i-zaspy\/","og_site_name":"Wrzeszcz Jarka Wasielewskiego","article_published_time":"2016-12-19T10:28:25+00:00","article_modified_time":"2023-11-13T11:29:51+00:00","og_image":[{"width":900,"height":600,"url":"https:\/\/jarekwasielewski.pl\/zwrzeszcza\/wp-content\/uploads\/2016\/12\/oboz_wrzeszcz_chrobrego_barak_2.jpg","type":"image\/jpeg"}],"author":"Jarek Wasielewski","twitter_card":"summary_large_image","twitter_misc":{"Napisane przez":"Jarek Wasielewski","Szacowany czas czytania":"5 minut"},"schema":{"@context":"https:\/\/schema.org","@graph":[{"@type":"Article","@id":"https:\/\/jarekwasielewski.pl\/zwrzeszcza\/2016\/12\/drob-duzo-drobiu-na-pograniczu-wrzeszcza-i-zaspy\/#article","isPartOf":{"@id":"https:\/\/jarekwasielewski.pl\/zwrzeszcza\/2016\/12\/drob-duzo-drobiu-na-pograniczu-wrzeszcza-i-zaspy\/"},"author":{"name":"Jarek Wasielewski","@id":"https:\/\/jarekwasielewski.pl\/zwrzeszcza\/#\/schema\/person\/807e6ca1f9fadc1945bd9ac746422589"},"headline":"Dr\u00f3b, du\u017co drobiu na pograniczu Wrzeszcza i Zaspy","datePublished":"2016-12-19T10:28:25+00:00","dateModified":"2023-11-13T11:29:51+00:00","mainEntityOfPage":{"@id":"https:\/\/jarekwasielewski.pl\/zwrzeszcza\/2016\/12\/drob-duzo-drobiu-na-pograniczu-wrzeszcza-i-zaspy\/"},"wordCount":711,"commentCount":26,"publisher":{"@id":"https:\/\/jarekwasielewski.pl\/zwrzeszcza\/#\/schema\/person\/807e6ca1f9fadc1945bd9ac746422589"},"image":{"@id":"https:\/\/jarekwasielewski.pl\/zwrzeszcza\/2016\/12\/drob-duzo-drobiu-na-pograniczu-wrzeszcza-i-zaspy\/#primaryimage"},"thumbnailUrl":"https:\/\/jarekwasielewski.pl\/zwrzeszcza\/wp-content\/uploads\/2016\/12\/oboz_wrzeszcz_chrobrego_barak_2.jpg","articleSection":["Po 1945","Przed 1945","Wszystkie"],"inLanguage":"pl-PL","potentialAction":[{"@type":"CommentAction","name":"Comment","target":["https:\/\/jarekwasielewski.pl\/zwrzeszcza\/2016\/12\/drob-duzo-drobiu-na-pograniczu-wrzeszcza-i-zaspy\/#respond"]}]},{"@type":"WebPage","@id":"https:\/\/jarekwasielewski.pl\/zwrzeszcza\/2016\/12\/drob-duzo-drobiu-na-pograniczu-wrzeszcza-i-zaspy\/","url":"https:\/\/jarekwasielewski.pl\/zwrzeszcza\/2016\/12\/drob-duzo-drobiu-na-pograniczu-wrzeszcza-i-zaspy\/","name":"Dr\u00f3b, du\u017co drobiu na pograniczu Wrzeszcza i Zaspy - Wrzeszcz Jarka Wasielewskiego","isPartOf":{"@id":"https:\/\/jarekwasielewski.pl\/zwrzeszcza\/#website"},"primaryImageOfPage":{"@id":"https:\/\/jarekwasielewski.pl\/zwrzeszcza\/2016\/12\/drob-duzo-drobiu-na-pograniczu-wrzeszcza-i-zaspy\/#primaryimage"},"image":{"@id":"https:\/\/jarekwasielewski.pl\/zwrzeszcza\/2016\/12\/drob-duzo-drobiu-na-pograniczu-wrzeszcza-i-zaspy\/#primaryimage"},"thumbnailUrl":"https:\/\/jarekwasielewski.pl\/zwrzeszcza\/wp-content\/uploads\/2016\/12\/oboz_wrzeszcz_chrobrego_barak_2.jpg","datePublished":"2016-12-19T10:28:25+00:00","dateModified":"2023-11-13T11:29:51+00:00","breadcrumb":{"@id":"https:\/\/jarekwasielewski.pl\/zwrzeszcza\/2016\/12\/drob-duzo-drobiu-na-pograniczu-wrzeszcza-i-zaspy\/#breadcrumb"},"inLanguage":"pl-PL","potentialAction":[{"@type":"ReadAction","target":["https:\/\/jarekwasielewski.pl\/zwrzeszcza\/2016\/12\/drob-duzo-drobiu-na-pograniczu-wrzeszcza-i-zaspy\/"]}]},{"@type":"ImageObject","inLanguage":"pl-PL","@id":"https:\/\/jarekwasielewski.pl\/zwrzeszcza\/2016\/12\/drob-duzo-drobiu-na-pograniczu-wrzeszcza-i-zaspy\/#primaryimage","url":"https:\/\/jarekwasielewski.pl\/zwrzeszcza\/wp-content\/uploads\/2016\/12\/oboz_wrzeszcz_chrobrego_barak_2.jpg","contentUrl":"https:\/\/jarekwasielewski.pl\/zwrzeszcza\/wp-content\/uploads\/2016\/12\/oboz_wrzeszcz_chrobrego_barak_2.jpg","width":900,"height":600},{"@type":"BreadcrumbList","@id":"https:\/\/jarekwasielewski.pl\/zwrzeszcza\/2016\/12\/drob-duzo-drobiu-na-pograniczu-wrzeszcza-i-zaspy\/#breadcrumb","itemListElement":[{"@type":"ListItem","position":1,"name":"Strona g\u0142\u00f3wna","item":"https:\/\/jarekwasielewski.pl\/zwrzeszcza\/"},{"@type":"ListItem","position":2,"name":"Dr\u00f3b, du\u017co drobiu na pograniczu Wrzeszcza i Zaspy"}]},{"@type":"WebSite","@id":"https:\/\/jarekwasielewski.pl\/zwrzeszcza\/#website","url":"https:\/\/jarekwasielewski.pl\/zwrzeszcza\/","name":"Wrzeszcza Jarka Wasielewskiego","description":"Blog Jarka Wasielewskiego o Wrzeszczu","publisher":{"@id":"https:\/\/jarekwasielewski.pl\/zwrzeszcza\/#\/schema\/person\/807e6ca1f9fadc1945bd9ac746422589"},"potentialAction":[{"@type":"SearchAction","target":{"@type":"EntryPoint","urlTemplate":"https:\/\/jarekwasielewski.pl\/zwrzeszcza\/?s={search_term_string}"},"query-input":{"@type":"PropertyValueSpecification","valueRequired":true,"valueName":"search_term_string"}}],"inLanguage":"pl-PL"},{"@type":["Person","Organization"],"@id":"https:\/\/jarekwasielewski.pl\/zwrzeszcza\/#\/schema\/person\/807e6ca1f9fadc1945bd9ac746422589","name":"Jarek Wasielewski","image":{"@type":"ImageObject","inLanguage":"pl-PL","@id":"http:\/\/jarekwasielewski.pl\/zwrzeszcza\/wp-content\/uploads\/2021\/09\/jw.png","url":"http:\/\/jarekwasielewski.pl\/zwrzeszcza\/wp-content\/uploads\/2021\/09\/jw.png","contentUrl":"http:\/\/jarekwasielewski.pl\/zwrzeszcza\/wp-content\/uploads\/2021\/09\/jw.png","width":715,"height":630,"caption":"Jarek Wasielewski"},"logo":{"@id":"http:\/\/jarekwasielewski.pl\/zwrzeszcza\/wp-content\/uploads\/2021\/09\/jw.png"},"sameAs":["http:\/\/jarekwasielewski.pl\/zwrzeszcza"]}]}},"_links":{"self":[{"href":"https:\/\/jarekwasielewski.pl\/zwrzeszcza\/wp-json\/wp\/v2\/posts\/2763","targetHints":{"allow":["GET"]}}],"collection":[{"href":"https:\/\/jarekwasielewski.pl\/zwrzeszcza\/wp-json\/wp\/v2\/posts"}],"about":[{"href":"https:\/\/jarekwasielewski.pl\/zwrzeszcza\/wp-json\/wp\/v2\/types\/post"}],"author":[{"embeddable":true,"href":"https:\/\/jarekwasielewski.pl\/zwrzeszcza\/wp-json\/wp\/v2\/users\/1"}],"replies":[{"embeddable":true,"href":"https:\/\/jarekwasielewski.pl\/zwrzeszcza\/wp-json\/wp\/v2\/comments?post=2763"}],"version-history":[{"count":1,"href":"https:\/\/jarekwasielewski.pl\/zwrzeszcza\/wp-json\/wp\/v2\/posts\/2763\/revisions"}],"predecessor-version":[{"id":5645,"href":"https:\/\/jarekwasielewski.pl\/zwrzeszcza\/wp-json\/wp\/v2\/posts\/2763\/revisions\/5645"}],"wp:featuredmedia":[{"embeddable":true,"href":"https:\/\/jarekwasielewski.pl\/zwrzeszcza\/wp-json\/wp\/v2\/media\/2788"}],"wp:attachment":[{"href":"https:\/\/jarekwasielewski.pl\/zwrzeszcza\/wp-json\/wp\/v2\/media?parent=2763"}],"wp:term":[{"taxonomy":"category","embeddable":true,"href":"https:\/\/jarekwasielewski.pl\/zwrzeszcza\/wp-json\/wp\/v2\/categories?post=2763"},{"taxonomy":"post_tag","embeddable":true,"href":"https:\/\/jarekwasielewski.pl\/zwrzeszcza\/wp-json\/wp\/v2\/tags?post=2763"}],"curies":[{"name":"wp","href":"https:\/\/api.w.org\/{rel}","templated":true}]}}