{"id":26,"date":"2014-03-27T21:52:00","date_gmt":"2014-03-27T21:52:00","guid":{"rendered":"http:\/\/jotwu.16mb.com\/zwrzeszcza\/uncategorized\/otwarcie-centrum-biurowego-neptun-we-wrzeszczu\/"},"modified":"2023-11-13T12:12:49","modified_gmt":"2023-11-13T11:12:49","slug":"otwarcie-centrum-biurowego-neptun-we-wrzeszczu","status":"publish","type":"post","link":"https:\/\/jarekwasielewski.pl\/zwrzeszcza\/2014\/03\/otwarcie-centrum-biurowego-neptun-we-wrzeszczu\/","title":{"rendered":"Otwarcie Centrum Biurowego Neptun we Wrzeszczu"},"content":{"rendered":"<p style=\"text-align: justify;\">No i sta\u0142o si\u0119. Czy nam si\u0119 to podoba, czy nie, 27 marca 2014 roku zapisze si\u0119 w historii Wrzeszcza jako dzie\u0144, w kt\u00f3rym oficjalnie oddano do u\u017cytku Centrum Biurowe Neptun &#8211; najwy\u017cszy budynek biurowy w mie\u015bcie. Prawie 85-metrowy kolos powsta\u0142 <a href=\"http:\/\/www.zwrzeszcza.pl\/2013\/10\/historia-wrzeszczanskiego-harrodsa.html\" target=\"_blank\" rel=\"noopener\">na dzia\u0142ce przez ponad p\u00f3\u0142 wieku zajmowanej przez Dom Towarowy &#8222;Neptun&#8221; (popularny Pedet)<\/a>. Nowy obiekt ma 19 kondygnacji, prawie 16 tysi\u0119cy metr\u00f3w kwadratowych powierzchni biurowej oraz trzykondygnacyjny parking podziemny.<\/p>\n<div id=\"attachment_1414\" style=\"width: 205px\" class=\"wp-caption aligncenter\"><a href=\"http:\/\/jarekwasielewski.pl\/zwrzeszcza\/wp-content\/uploads\/2014\/03\/cb_neptun_wizualizacja.jpg\"><img loading=\"lazy\" decoding=\"async\" aria-describedby=\"caption-attachment-1414\" class=\"size-medium wp-image-1414\" src=\"http:\/\/jarekwasielewski.pl\/zwrzeszcza\/wp-content\/uploads\/2014\/03\/cb_neptun_wizualizacja-199x300.jpg\" alt=\"fot. materia\u0142y prasowe\" width=\"199\" height=\"300\" srcset=\"https:\/\/jarekwasielewski.pl\/zwrzeszcza\/wp-content\/uploads\/2014\/03\/cb_neptun_wizualizacja-199x300.jpg 199w, https:\/\/jarekwasielewski.pl\/zwrzeszcza\/wp-content\/uploads\/2014\/03\/cb_neptun_wizualizacja.jpg 333w\" sizes=\"auto, (max-width: 199px) 100vw, 199px\" \/><\/a><p id=\"caption-attachment-1414\" class=\"wp-caption-text\">fot. materia\u0142y prasowe<\/p><\/div>\n<p style=\"text-align: justify;\">Przyznam uczciwie, \u017ce nigdy nie by\u0142em wielkim fanem tego budynku, chocia\u017c nie zbulwersowa\u0142 mnie on a\u017c tak, jak nies\u0142awne Quattro Towers przy ul. Partyzant\u00f3w. Jak na m\u00f3j wrzeszcza\u0144ski gust, CB Neptun jest zbyt wysokie i zbyt szklane, do tego przy wiej\u0105cym wietrze podobno wydaje dziwne d\u017awi\u0119ki. Jednak z zaproszenia inwestora &#8211; firmy Hines Polska &#8211; skorzysta\u0142em, najzwyczajniej w \u015bwiecie b\u0119d\u0105c ciekawym widok\u00f3w Gda\u0144ska, jakie rozpo\u015bcieraj\u0105 si\u0119 z samej g\u00f3ry.&nbsp;Ale zanim dojd\u0119 do widok\u00f3w, kilka s\u0142\u00f3w o wn\u0119trzu. No c\u00f3\u017c, jest \u015bwiatowo, nowocze\u015bnie i sterylnie:<\/p>\nngg_shortcode_0_placeholder\n<p style=\"text-align: justify;\">Poza Janem Danilukiem i mn\u0105 uroczysto\u015b\u0107 otwarcia na 18. pi\u0119trze zgromadzi\u0142a sporo innych wa\u017cnych (jak si\u0119 domy\u015blam) go\u015bci, do kotleta pi\u0119knie przygrywa\u0142 &#8211; i \u015bpiewa\u0142 &#8211; Zbigniew Zamachowski,&nbsp;a uroczystego przeci\u0119cia wst\u0119gi i ods\u0142oni\u0119cia okien dokonali wsp\u00f3lnie przedstawiciele inwestora, projektanta i wykonawcy, przy nieodzownej pomocy prezydenta Adamowicza:<\/p>\nngg_shortcode_1_placeholder\n<p style=\"text-align: justify;\">No w\u0142a\u015bnie. Zas\u0142ony opad\u0142y i oczom go\u015bci ukaza\u0142a si\u0119&#8230; mg\u0142a. Dziwnym trafem akurat dzi\u015b rozpostar\u0142a si\u0119 ona nad miastem i nie spos\u00f3b by\u0142o zobaczy\u0107 zbyt wiele:<\/p>\nngg_shortcode_2_placeholder\n<p style=\"text-align: justify;\">Pojedli, popili i poszli, na drog\u0119 dostaj\u0105c najlepszy z mo\u017cliwych prezent\u00f3w &#8211; nowy wrzeszcza\u0144ski bestseller w wersji <i>limited edyszon<\/i> \ud83d\ude09<\/p>\n<p style=\"text-align: justify;\"><a href=\"http:\/\/jarekwasielewski.pl\/zwrzeszcza\/wp-content\/uploads\/2014\/03\/cb_neptun_13.jpg\"><img loading=\"lazy\" decoding=\"async\" class=\"aligncenter size-medium wp-image-1448\" src=\"http:\/\/jarekwasielewski.pl\/zwrzeszcza\/wp-content\/uploads\/2014\/03\/cb_neptun_13-300x207.jpg\" alt=\"cb_neptun_13\" width=\"300\" height=\"207\" srcset=\"https:\/\/jarekwasielewski.pl\/zwrzeszcza\/wp-content\/uploads\/2014\/03\/cb_neptun_13-300x207.jpg 300w, https:\/\/jarekwasielewski.pl\/zwrzeszcza\/wp-content\/uploads\/2014\/03\/cb_neptun_13.jpg 800w\" sizes=\"auto, (max-width: 300px) 100vw, 300px\" \/><\/a><br \/>\nNo c\u00f3\u017c, mi\u0142e jest \u017cycie lokalnego celebryty, jednak zdj\u0119\u0107 Wrzeszcza z wysoko\u015bci 85 metr\u00f3w jak nie by\u0142o, tak nie ma&#8230;<\/p>\n","protected":false},"excerpt":{"rendered":"<p>No i sta\u0142o si\u0119. Czy nam si\u0119 to podoba, czy nie, 27 marca 2014 roku zapisze si\u0119 w historii Wrzeszcza jako dzie\u0144, w kt\u00f3rym oficjalnie oddano do u\u017cytku Centrum Biurowe Neptun &#8211; najwy\u017cszy budynek biurowy w mie\u015bcie. Prawie 85-metrowy kolos powsta\u0142 na dzia\u0142ce przez ponad p\u00f3\u0142 wieku zajmowanej przez Dom Towarowy &#8222;Neptun&#8221; (popularny Pedet). Nowy&hellip;<\/p>\n","protected":false},"author":2,"featured_media":1414,"comment_status":"open","ping_status":"open","sticky":false,"template":"","format":"standard","meta":{"ngg_post_thumbnail":0,"footnotes":""},"categories":[3,8],"tags":[],"class_list":["post-26","post","type-post","status-publish","format-standard","has-post-thumbnail","hentry","category-aktualnosci","category-wszystkie"],"yoast_head":"<!-- This site is optimized with the Yoast SEO plugin v27.3 - https:\/\/yoast.com\/product\/yoast-seo-wordpress\/ -->\n<title>Otwarcie Centrum Biurowego Neptun we Wrzeszczu - Wrzeszcz Jarka Wasielewskiego<\/title>\n<meta name=\"robots\" content=\"index, follow, max-snippet:-1, max-image-preview:large, max-video-preview:-1\" \/>\n<link rel=\"canonical\" href=\"https:\/\/jarekwasielewski.pl\/zwrzeszcza\/2014\/03\/otwarcie-centrum-biurowego-neptun-we-wrzeszczu\/\" \/>\n<meta property=\"og:locale\" content=\"pl_PL\" \/>\n<meta property=\"og:type\" content=\"article\" \/>\n<meta property=\"og:title\" content=\"Otwarcie Centrum Biurowego Neptun we Wrzeszczu - Wrzeszcz Jarka Wasielewskiego\" \/>\n<meta property=\"og:description\" content=\"No i sta\u0142o si\u0119. Czy nam si\u0119 to podoba, czy nie, 27 marca 2014 roku zapisze si\u0119 w historii Wrzeszcza jako dzie\u0144, w kt\u00f3rym oficjalnie oddano do u\u017cytku Centrum Biurowe Neptun &#8211; najwy\u017cszy budynek biurowy w mie\u015bcie. Prawie 85-metrowy kolos powsta\u0142 na dzia\u0142ce przez ponad p\u00f3\u0142 wieku zajmowanej przez Dom Towarowy &#8222;Neptun&#8221; (popularny Pedet). Nowy&hellip;\" \/>\n<meta property=\"og:url\" content=\"https:\/\/jarekwasielewski.pl\/zwrzeszcza\/2014\/03\/otwarcie-centrum-biurowego-neptun-we-wrzeszczu\/\" \/>\n<meta property=\"og:site_name\" content=\"Wrzeszcz Jarka Wasielewskiego\" \/>\n<meta property=\"article:published_time\" content=\"2014-03-27T21:52:00+00:00\" \/>\n<meta property=\"article:modified_time\" content=\"2023-11-13T11:12:49+00:00\" \/>\n<meta property=\"og:image\" content=\"https:\/\/jarekwasielewski.pl\/zwrzeszcza\/wp-content\/uploads\/2014\/03\/cb_neptun_wizualizacja.jpg\" \/>\n\t<meta property=\"og:image:width\" content=\"333\" \/>\n\t<meta property=\"og:image:height\" content=\"500\" \/>\n\t<meta property=\"og:image:type\" content=\"image\/jpeg\" \/>\n<meta name=\"author\" content=\"Jarek Wasielewski\" \/>\n<meta name=\"twitter:card\" content=\"summary_large_image\" \/>\n<meta name=\"twitter:label1\" content=\"Napisane przez\" \/>\n\t<meta name=\"twitter:data1\" content=\"Jarek Wasielewski\" \/>\n\t<meta name=\"twitter:label2\" content=\"Szacowany czas czytania\" \/>\n\t<meta name=\"twitter:data2\" content=\"3 minuty\" \/>\n<script type=\"application\/ld+json\" class=\"yoast-schema-graph\">{\"@context\":\"https:\\\/\\\/schema.org\",\"@graph\":[{\"@type\":\"Article\",\"@id\":\"https:\\\/\\\/jarekwasielewski.pl\\\/zwrzeszcza\\\/2014\\\/03\\\/otwarcie-centrum-biurowego-neptun-we-wrzeszczu\\\/#article\",\"isPartOf\":{\"@id\":\"https:\\\/\\\/jarekwasielewski.pl\\\/zwrzeszcza\\\/2014\\\/03\\\/otwarcie-centrum-biurowego-neptun-we-wrzeszczu\\\/\"},\"author\":{\"name\":\"Jarek Wasielewski\",\"@id\":\"https:\\\/\\\/jarekwasielewski.pl\\\/zwrzeszcza\\\/#\\\/schema\\\/person\\\/d2582ae2f5d0ea9c9154fd6e4bcb3976\"},\"headline\":\"Otwarcie Centrum Biurowego Neptun we Wrzeszczu\",\"datePublished\":\"2014-03-27T21:52:00+00:00\",\"dateModified\":\"2023-11-13T11:12:49+00:00\",\"mainEntityOfPage\":{\"@id\":\"https:\\\/\\\/jarekwasielewski.pl\\\/zwrzeszcza\\\/2014\\\/03\\\/otwarcie-centrum-biurowego-neptun-we-wrzeszczu\\\/\"},\"wordCount\":372,\"commentCount\":1,\"publisher\":{\"@id\":\"https:\\\/\\\/jarekwasielewski.pl\\\/zwrzeszcza\\\/#\\\/schema\\\/person\\\/807e6ca1f9fadc1945bd9ac746422589\"},\"image\":{\"@id\":\"https:\\\/\\\/jarekwasielewski.pl\\\/zwrzeszcza\\\/2014\\\/03\\\/otwarcie-centrum-biurowego-neptun-we-wrzeszczu\\\/#primaryimage\"},\"thumbnailUrl\":\"https:\\\/\\\/jarekwasielewski.pl\\\/zwrzeszcza\\\/wp-content\\\/uploads\\\/2014\\\/03\\\/cb_neptun_wizualizacja.jpg\",\"articleSection\":[\"Aktualno\u015bci\",\"Wszystkie\"],\"inLanguage\":\"pl-PL\",\"potentialAction\":[{\"@type\":\"CommentAction\",\"name\":\"Comment\",\"target\":[\"https:\\\/\\\/jarekwasielewski.pl\\\/zwrzeszcza\\\/2014\\\/03\\\/otwarcie-centrum-biurowego-neptun-we-wrzeszczu\\\/#respond\"]}]},{\"@type\":\"WebPage\",\"@id\":\"https:\\\/\\\/jarekwasielewski.pl\\\/zwrzeszcza\\\/2014\\\/03\\\/otwarcie-centrum-biurowego-neptun-we-wrzeszczu\\\/\",\"url\":\"https:\\\/\\\/jarekwasielewski.pl\\\/zwrzeszcza\\\/2014\\\/03\\\/otwarcie-centrum-biurowego-neptun-we-wrzeszczu\\\/\",\"name\":\"Otwarcie Centrum Biurowego Neptun we Wrzeszczu - Wrzeszcz Jarka Wasielewskiego\",\"isPartOf\":{\"@id\":\"https:\\\/\\\/jarekwasielewski.pl\\\/zwrzeszcza\\\/#website\"},\"primaryImageOfPage\":{\"@id\":\"https:\\\/\\\/jarekwasielewski.pl\\\/zwrzeszcza\\\/2014\\\/03\\\/otwarcie-centrum-biurowego-neptun-we-wrzeszczu\\\/#primaryimage\"},\"image\":{\"@id\":\"https:\\\/\\\/jarekwasielewski.pl\\\/zwrzeszcza\\\/2014\\\/03\\\/otwarcie-centrum-biurowego-neptun-we-wrzeszczu\\\/#primaryimage\"},\"thumbnailUrl\":\"https:\\\/\\\/jarekwasielewski.pl\\\/zwrzeszcza\\\/wp-content\\\/uploads\\\/2014\\\/03\\\/cb_neptun_wizualizacja.jpg\",\"datePublished\":\"2014-03-27T21:52:00+00:00\",\"dateModified\":\"2023-11-13T11:12:49+00:00\",\"breadcrumb\":{\"@id\":\"https:\\\/\\\/jarekwasielewski.pl\\\/zwrzeszcza\\\/2014\\\/03\\\/otwarcie-centrum-biurowego-neptun-we-wrzeszczu\\\/#breadcrumb\"},\"inLanguage\":\"pl-PL\",\"potentialAction\":[{\"@type\":\"ReadAction\",\"target\":[\"https:\\\/\\\/jarekwasielewski.pl\\\/zwrzeszcza\\\/2014\\\/03\\\/otwarcie-centrum-biurowego-neptun-we-wrzeszczu\\\/\"]}]},{\"@type\":\"ImageObject\",\"inLanguage\":\"pl-PL\",\"@id\":\"https:\\\/\\\/jarekwasielewski.pl\\\/zwrzeszcza\\\/2014\\\/03\\\/otwarcie-centrum-biurowego-neptun-we-wrzeszczu\\\/#primaryimage\",\"url\":\"https:\\\/\\\/jarekwasielewski.pl\\\/zwrzeszcza\\\/wp-content\\\/uploads\\\/2014\\\/03\\\/cb_neptun_wizualizacja.jpg\",\"contentUrl\":\"https:\\\/\\\/jarekwasielewski.pl\\\/zwrzeszcza\\\/wp-content\\\/uploads\\\/2014\\\/03\\\/cb_neptun_wizualizacja.jpg\",\"width\":333,\"height\":500,\"caption\":\"fot. materia\u0142y prasowe\"},{\"@type\":\"BreadcrumbList\",\"@id\":\"https:\\\/\\\/jarekwasielewski.pl\\\/zwrzeszcza\\\/2014\\\/03\\\/otwarcie-centrum-biurowego-neptun-we-wrzeszczu\\\/#breadcrumb\",\"itemListElement\":[{\"@type\":\"ListItem\",\"position\":1,\"name\":\"Strona g\u0142\u00f3wna\",\"item\":\"https:\\\/\\\/jarekwasielewski.pl\\\/zwrzeszcza\\\/\"},{\"@type\":\"ListItem\",\"position\":2,\"name\":\"Otwarcie Centrum Biurowego Neptun we Wrzeszczu\"}]},{\"@type\":\"WebSite\",\"@id\":\"https:\\\/\\\/jarekwasielewski.pl\\\/zwrzeszcza\\\/#website\",\"url\":\"https:\\\/\\\/jarekwasielewski.pl\\\/zwrzeszcza\\\/\",\"name\":\"Wrzeszcza Jarka Wasielewskiego\",\"description\":\"Blog Jarka Wasielewskiego o Wrzeszczu\",\"publisher\":{\"@id\":\"https:\\\/\\\/jarekwasielewski.pl\\\/zwrzeszcza\\\/#\\\/schema\\\/person\\\/807e6ca1f9fadc1945bd9ac746422589\"},\"potentialAction\":[{\"@type\":\"SearchAction\",\"target\":{\"@type\":\"EntryPoint\",\"urlTemplate\":\"https:\\\/\\\/jarekwasielewski.pl\\\/zwrzeszcza\\\/?s={search_term_string}\"},\"query-input\":{\"@type\":\"PropertyValueSpecification\",\"valueRequired\":true,\"valueName\":\"search_term_string\"}}],\"inLanguage\":\"pl-PL\"},{\"@type\":[\"Person\",\"Organization\"],\"@id\":\"https:\\\/\\\/jarekwasielewski.pl\\\/zwrzeszcza\\\/#\\\/schema\\\/person\\\/807e6ca1f9fadc1945bd9ac746422589\",\"name\":\"Jarek Wasielewski\",\"image\":{\"@type\":\"ImageObject\",\"inLanguage\":\"pl-PL\",\"@id\":\"http:\\\/\\\/jarekwasielewski.pl\\\/zwrzeszcza\\\/wp-content\\\/uploads\\\/2021\\\/09\\\/jw.png\",\"url\":\"http:\\\/\\\/jarekwasielewski.pl\\\/zwrzeszcza\\\/wp-content\\\/uploads\\\/2021\\\/09\\\/jw.png\",\"contentUrl\":\"http:\\\/\\\/jarekwasielewski.pl\\\/zwrzeszcza\\\/wp-content\\\/uploads\\\/2021\\\/09\\\/jw.png\",\"width\":715,\"height\":630,\"caption\":\"Jarek Wasielewski\"},\"logo\":{\"@id\":\"http:\\\/\\\/jarekwasielewski.pl\\\/zwrzeszcza\\\/wp-content\\\/uploads\\\/2021\\\/09\\\/jw.png\"},\"sameAs\":[\"http:\\\/\\\/jarekwasielewski.pl\\\/zwrzeszcza\"]},{\"@type\":\"Person\",\"@id\":\"https:\\\/\\\/jarekwasielewski.pl\\\/zwrzeszcza\\\/#\\\/schema\\\/person\\\/d2582ae2f5d0ea9c9154fd6e4bcb3976\",\"name\":\"Jarek Wasielewski\",\"image\":{\"@type\":\"ImageObject\",\"inLanguage\":\"pl-PL\",\"@id\":\"https:\\\/\\\/secure.gravatar.com\\\/avatar\\\/?s=96&d=mm&r=g\",\"url\":\"https:\\\/\\\/secure.gravatar.com\\\/avatar\\\/?s=96&d=mm&r=g\",\"contentUrl\":\"https:\\\/\\\/secure.gravatar.com\\\/avatar\\\/?s=96&d=mm&r=g\",\"caption\":\"Jarek Wasielewski\"}}]}<\/script>\n<!-- \/ Yoast SEO plugin. -->","yoast_head_json":{"title":"Otwarcie Centrum Biurowego Neptun we Wrzeszczu - Wrzeszcz Jarka Wasielewskiego","robots":{"index":"index","follow":"follow","max-snippet":"max-snippet:-1","max-image-preview":"max-image-preview:large","max-video-preview":"max-video-preview:-1"},"canonical":"https:\/\/jarekwasielewski.pl\/zwrzeszcza\/2014\/03\/otwarcie-centrum-biurowego-neptun-we-wrzeszczu\/","og_locale":"pl_PL","og_type":"article","og_title":"Otwarcie Centrum Biurowego Neptun we Wrzeszczu - Wrzeszcz Jarka Wasielewskiego","og_description":"No i sta\u0142o si\u0119. Czy nam si\u0119 to podoba, czy nie, 27 marca 2014 roku zapisze si\u0119 w historii Wrzeszcza jako dzie\u0144, w kt\u00f3rym oficjalnie oddano do u\u017cytku Centrum Biurowe Neptun &#8211; najwy\u017cszy budynek biurowy w mie\u015bcie. Prawie 85-metrowy kolos powsta\u0142 na dzia\u0142ce przez ponad p\u00f3\u0142 wieku zajmowanej przez Dom Towarowy &#8222;Neptun&#8221; (popularny Pedet). Nowy&hellip;","og_url":"https:\/\/jarekwasielewski.pl\/zwrzeszcza\/2014\/03\/otwarcie-centrum-biurowego-neptun-we-wrzeszczu\/","og_site_name":"Wrzeszcz Jarka Wasielewskiego","article_published_time":"2014-03-27T21:52:00+00:00","article_modified_time":"2023-11-13T11:12:49+00:00","og_image":[{"width":333,"height":500,"url":"https:\/\/jarekwasielewski.pl\/zwrzeszcza\/wp-content\/uploads\/2014\/03\/cb_neptun_wizualizacja.jpg","type":"image\/jpeg"}],"author":"Jarek Wasielewski","twitter_card":"summary_large_image","twitter_misc":{"Napisane przez":"Jarek Wasielewski","Szacowany czas czytania":"3 minuty"},"schema":{"@context":"https:\/\/schema.org","@graph":[{"@type":"Article","@id":"https:\/\/jarekwasielewski.pl\/zwrzeszcza\/2014\/03\/otwarcie-centrum-biurowego-neptun-we-wrzeszczu\/#article","isPartOf":{"@id":"https:\/\/jarekwasielewski.pl\/zwrzeszcza\/2014\/03\/otwarcie-centrum-biurowego-neptun-we-wrzeszczu\/"},"author":{"name":"Jarek Wasielewski","@id":"https:\/\/jarekwasielewski.pl\/zwrzeszcza\/#\/schema\/person\/d2582ae2f5d0ea9c9154fd6e4bcb3976"},"headline":"Otwarcie Centrum Biurowego Neptun we Wrzeszczu","datePublished":"2014-03-27T21:52:00+00:00","dateModified":"2023-11-13T11:12:49+00:00","mainEntityOfPage":{"@id":"https:\/\/jarekwasielewski.pl\/zwrzeszcza\/2014\/03\/otwarcie-centrum-biurowego-neptun-we-wrzeszczu\/"},"wordCount":372,"commentCount":1,"publisher":{"@id":"https:\/\/jarekwasielewski.pl\/zwrzeszcza\/#\/schema\/person\/807e6ca1f9fadc1945bd9ac746422589"},"image":{"@id":"https:\/\/jarekwasielewski.pl\/zwrzeszcza\/2014\/03\/otwarcie-centrum-biurowego-neptun-we-wrzeszczu\/#primaryimage"},"thumbnailUrl":"https:\/\/jarekwasielewski.pl\/zwrzeszcza\/wp-content\/uploads\/2014\/03\/cb_neptun_wizualizacja.jpg","articleSection":["Aktualno\u015bci","Wszystkie"],"inLanguage":"pl-PL","potentialAction":[{"@type":"CommentAction","name":"Comment","target":["https:\/\/jarekwasielewski.pl\/zwrzeszcza\/2014\/03\/otwarcie-centrum-biurowego-neptun-we-wrzeszczu\/#respond"]}]},{"@type":"WebPage","@id":"https:\/\/jarekwasielewski.pl\/zwrzeszcza\/2014\/03\/otwarcie-centrum-biurowego-neptun-we-wrzeszczu\/","url":"https:\/\/jarekwasielewski.pl\/zwrzeszcza\/2014\/03\/otwarcie-centrum-biurowego-neptun-we-wrzeszczu\/","name":"Otwarcie Centrum Biurowego Neptun we Wrzeszczu - Wrzeszcz Jarka Wasielewskiego","isPartOf":{"@id":"https:\/\/jarekwasielewski.pl\/zwrzeszcza\/#website"},"primaryImageOfPage":{"@id":"https:\/\/jarekwasielewski.pl\/zwrzeszcza\/2014\/03\/otwarcie-centrum-biurowego-neptun-we-wrzeszczu\/#primaryimage"},"image":{"@id":"https:\/\/jarekwasielewski.pl\/zwrzeszcza\/2014\/03\/otwarcie-centrum-biurowego-neptun-we-wrzeszczu\/#primaryimage"},"thumbnailUrl":"https:\/\/jarekwasielewski.pl\/zwrzeszcza\/wp-content\/uploads\/2014\/03\/cb_neptun_wizualizacja.jpg","datePublished":"2014-03-27T21:52:00+00:00","dateModified":"2023-11-13T11:12:49+00:00","breadcrumb":{"@id":"https:\/\/jarekwasielewski.pl\/zwrzeszcza\/2014\/03\/otwarcie-centrum-biurowego-neptun-we-wrzeszczu\/#breadcrumb"},"inLanguage":"pl-PL","potentialAction":[{"@type":"ReadAction","target":["https:\/\/jarekwasielewski.pl\/zwrzeszcza\/2014\/03\/otwarcie-centrum-biurowego-neptun-we-wrzeszczu\/"]}]},{"@type":"ImageObject","inLanguage":"pl-PL","@id":"https:\/\/jarekwasielewski.pl\/zwrzeszcza\/2014\/03\/otwarcie-centrum-biurowego-neptun-we-wrzeszczu\/#primaryimage","url":"https:\/\/jarekwasielewski.pl\/zwrzeszcza\/wp-content\/uploads\/2014\/03\/cb_neptun_wizualizacja.jpg","contentUrl":"https:\/\/jarekwasielewski.pl\/zwrzeszcza\/wp-content\/uploads\/2014\/03\/cb_neptun_wizualizacja.jpg","width":333,"height":500,"caption":"fot. materia\u0142y prasowe"},{"@type":"BreadcrumbList","@id":"https:\/\/jarekwasielewski.pl\/zwrzeszcza\/2014\/03\/otwarcie-centrum-biurowego-neptun-we-wrzeszczu\/#breadcrumb","itemListElement":[{"@type":"ListItem","position":1,"name":"Strona g\u0142\u00f3wna","item":"https:\/\/jarekwasielewski.pl\/zwrzeszcza\/"},{"@type":"ListItem","position":2,"name":"Otwarcie Centrum Biurowego Neptun we Wrzeszczu"}]},{"@type":"WebSite","@id":"https:\/\/jarekwasielewski.pl\/zwrzeszcza\/#website","url":"https:\/\/jarekwasielewski.pl\/zwrzeszcza\/","name":"Wrzeszcza Jarka Wasielewskiego","description":"Blog Jarka Wasielewskiego o Wrzeszczu","publisher":{"@id":"https:\/\/jarekwasielewski.pl\/zwrzeszcza\/#\/schema\/person\/807e6ca1f9fadc1945bd9ac746422589"},"potentialAction":[{"@type":"SearchAction","target":{"@type":"EntryPoint","urlTemplate":"https:\/\/jarekwasielewski.pl\/zwrzeszcza\/?s={search_term_string}"},"query-input":{"@type":"PropertyValueSpecification","valueRequired":true,"valueName":"search_term_string"}}],"inLanguage":"pl-PL"},{"@type":["Person","Organization"],"@id":"https:\/\/jarekwasielewski.pl\/zwrzeszcza\/#\/schema\/person\/807e6ca1f9fadc1945bd9ac746422589","name":"Jarek Wasielewski","image":{"@type":"ImageObject","inLanguage":"pl-PL","@id":"http:\/\/jarekwasielewski.pl\/zwrzeszcza\/wp-content\/uploads\/2021\/09\/jw.png","url":"http:\/\/jarekwasielewski.pl\/zwrzeszcza\/wp-content\/uploads\/2021\/09\/jw.png","contentUrl":"http:\/\/jarekwasielewski.pl\/zwrzeszcza\/wp-content\/uploads\/2021\/09\/jw.png","width":715,"height":630,"caption":"Jarek Wasielewski"},"logo":{"@id":"http:\/\/jarekwasielewski.pl\/zwrzeszcza\/wp-content\/uploads\/2021\/09\/jw.png"},"sameAs":["http:\/\/jarekwasielewski.pl\/zwrzeszcza"]},{"@type":"Person","@id":"https:\/\/jarekwasielewski.pl\/zwrzeszcza\/#\/schema\/person\/d2582ae2f5d0ea9c9154fd6e4bcb3976","name":"Jarek Wasielewski","image":{"@type":"ImageObject","inLanguage":"pl-PL","@id":"https:\/\/secure.gravatar.com\/avatar\/?s=96&d=mm&r=g","url":"https:\/\/secure.gravatar.com\/avatar\/?s=96&d=mm&r=g","contentUrl":"https:\/\/secure.gravatar.com\/avatar\/?s=96&d=mm&r=g","caption":"Jarek Wasielewski"}}]}},"_links":{"self":[{"href":"https:\/\/jarekwasielewski.pl\/zwrzeszcza\/wp-json\/wp\/v2\/posts\/26","targetHints":{"allow":["GET"]}}],"collection":[{"href":"https:\/\/jarekwasielewski.pl\/zwrzeszcza\/wp-json\/wp\/v2\/posts"}],"about":[{"href":"https:\/\/jarekwasielewski.pl\/zwrzeszcza\/wp-json\/wp\/v2\/types\/post"}],"author":[{"embeddable":true,"href":"https:\/\/jarekwasielewski.pl\/zwrzeszcza\/wp-json\/wp\/v2\/users\/2"}],"replies":[{"embeddable":true,"href":"https:\/\/jarekwasielewski.pl\/zwrzeszcza\/wp-json\/wp\/v2\/comments?post=26"}],"version-history":[{"count":1,"href":"https:\/\/jarekwasielewski.pl\/zwrzeszcza\/wp-json\/wp\/v2\/posts\/26\/revisions"}],"predecessor-version":[{"id":5626,"href":"https:\/\/jarekwasielewski.pl\/zwrzeszcza\/wp-json\/wp\/v2\/posts\/26\/revisions\/5626"}],"wp:featuredmedia":[{"embeddable":true,"href":"https:\/\/jarekwasielewski.pl\/zwrzeszcza\/wp-json\/wp\/v2\/media\/1414"}],"wp:attachment":[{"href":"https:\/\/jarekwasielewski.pl\/zwrzeszcza\/wp-json\/wp\/v2\/media?parent=26"}],"wp:term":[{"taxonomy":"category","embeddable":true,"href":"https:\/\/jarekwasielewski.pl\/zwrzeszcza\/wp-json\/wp\/v2\/categories?post=26"},{"taxonomy":"post_tag","embeddable":true,"href":"https:\/\/jarekwasielewski.pl\/zwrzeszcza\/wp-json\/wp\/v2\/tags?post=26"}],"curies":[{"name":"wp","href":"https:\/\/api.w.org\/{rel}","templated":true}]}}