{"id":2574,"date":"2016-04-20T21:01:58","date_gmt":"2016-04-20T21:01:58","guid":{"rendered":"http:\/\/jarekwasielewski.pl\/zwrzeszcza\/?p=2574"},"modified":"2016-04-20T21:01:58","modified_gmt":"2016-04-20T21:01:58","slug":"10-lat-temu-wszystko-sie-zaczelo-czyli-projekt-dolny-wrzeszcz","status":"publish","type":"post","link":"https:\/\/jarekwasielewski.pl\/zwrzeszcza\/2016\/04\/10-lat-temu-wszystko-sie-zaczelo-czyli-projekt-dolny-wrzeszcz\/","title":{"rendered":"10 lat temu wszystko si\u0119 zacz\u0119\u0142o, czyli Projekt Dolny Wrzeszcz"},"content":{"rendered":"<p style=\"text-align: justify;\">Dzi\u015b o p\u00f3\u0142nocy mija r\u00f3wne 10 lat od momentu uruchomienia naszej &#8211; tj. Janka Daniluka i mojej &#8211; wsp\u00f3lnej strony internetowej o nieco pompatycznej nazwie <em>Projekt Dolny Wrzeszcz &#8211; Niezale\u017cna Inicjatywa Historyczna<\/em>.<\/p>\n<div id=\"attachment_2612\" style=\"width: 306px\" class=\"wp-caption alignnone\"><a href=\"http:\/\/jarekwasielewski.pl\/zwrzeszcza\/wp-content\/uploads\/2016\/04\/projekt_dolny_wrzeszcz_2.png\" target=\"_blank\"><img loading=\"lazy\" decoding=\"async\" aria-describedby=\"caption-attachment-2612\" class=\"wp-image-2612 size-medium\" src=\"http:\/\/jarekwasielewski.pl\/zwrzeszcza\/wp-content\/uploads\/2016\/04\/projekt_dolny_wrzeszcz_2-300x249.png\" alt=\"projekt_dolny_wrzeszcz_2\" width=\"300\" height=\"249\" srcset=\"https:\/\/jarekwasielewski.pl\/zwrzeszcza\/wp-content\/uploads\/2016\/04\/projekt_dolny_wrzeszcz_2-300x249.png 300w, https:\/\/jarekwasielewski.pl\/zwrzeszcza\/wp-content\/uploads\/2016\/04\/projekt_dolny_wrzeszcz_2-768x638.png 768w, https:\/\/jarekwasielewski.pl\/zwrzeszcza\/wp-content\/uploads\/2016\/04\/projekt_dolny_wrzeszcz_2.png 890w\" sizes=\"auto, (max-width: 300px) 100vw, 300px\" \/><\/a><p id=\"caption-attachment-2612\" class=\"wp-caption-text\">Skrin strony Projekt Dolny Wrzeszcz (2011)<\/p><\/div>\n<p style=\"text-align: justify;\">By\u0142a to pr\u00f3ba zape\u0142nienia ra\u017c\u0105cej luki w dziejopisarstwie gda\u0144skim \u2013 pr\u00f3ba przyj\u0119ta z du\u017cym entuzjazmem, bowiem w pierwsze 48 godzin zanotowa\u0142a a\u017c 1500 wej\u015b\u0107. Od tego nasza przygoda z histori\u0105 Wrzeszcza si\u0119 zacz\u0119\u0142a, ale nijak nie przewidywali\u015bmy, gdzie nas to wszystko zaprowadzi&#8230;<\/p>\n<p style=\"text-align: justify;\">Strona powoli, acz stanowczo p\u0119cznia\u0142a od nowych informacji, zdj\u0119\u0107 i ciekawostek, zyskuj\u0105c sobie sta\u0142\u0105, \u017cyczliw\u0105 publiczno\u015b\u0107. Z czasem przysz\u0142o zaproszenie do napisania hase\u0142 do <a href=\"http:\/\/www.gedanopedia.pl\/gdansk\/?title=Strona_g%C5%82%C3%B3wna\" target=\"_blank\"><em>Encyklopedii Gda\u0144ska<\/em><\/a> (cz\u0119\u015b\u0107 napisali\u015bmy razem, cz\u0119\u015b\u0107 osobno), zacz\u0119li\u015bmy publikowa\u0107 artyku\u0142y w czasopi\u015bmie <em>30 Dni<\/em> i kilku innych, mieli\u015bmy tak\u017ce przyjemno\u015b\u0107 opowiada\u0107 o historii Wrzeszcza w mediach oraz na spotkaniach z mieszka\u0144cami Gda\u0144ska.<\/p>\n<p style=\"text-align: justify;\">Zgromadzona wiedza osi\u0105gn\u0119\u0142a mas\u0119 krytyczn\u0105 i w pi\u0119\u0107 i p\u00f3\u0142 roku po premierze strony <a href=\"http:\/\/dolnywrzeszcz.pl\/\" target=\"_blank\">dolnywrzeszcz.pl<\/a> zamkn\u0119li\u015bmy Projekt. W jego miejsce w 2012 roku powsta\u0142a prawdziwa, papierowa ksi\u0105\u017cka <em><a href=\"http:\/\/maszoperia.org\/trojmiasto\/281-dolny-wrzeszcz-i-zaspa-gdaskie-dzielnice-9788563709011.html\" target=\"_blank\">Dolny Wrzeszcz i Zaspa<\/a><\/em>, wydana przez Wydawnictwo Oskar w serii <em>Gda\u0144skie Dzielnice<\/em>.<\/p>\n<p style=\"text-align: justify;\">Da\u0142o nam to poczucie spe\u0142nienia, ale tylko na chwil\u0119. Wkr\u00f3tce wyprawili\u015bmy si\u0119 w zaro\u015bni\u0119te chaszczami dzieje tego drugiego Wrzeszcza, G\u00f3rnego. Owocem tego by\u0142 m.in. wydany dwa lata temu we wsp\u00f3\u0142pracy z Krzysztofem Grynderem album <em><a href=\"https:\/\/www.facebook.com\/wrzeszcz.na.dawnej.pocztowce\/\" target=\"_blank\">Wrzeszcz na dawnej poczt\u00f3wce. Spacer pierwszy<\/a><\/em>. Pierwszy, bowiem zgodnie z zapowiedzi\u0105 b\u0119d\u0105 kolejne \u2013 w\u0142a\u015bnie <a href=\"http:\/\/jarekwasielewski.pl\/zwrzeszcza\/2016\/04\/co-z-drugim-tomem-wrzeszcza-na-dawnej-pocztowce\/\">pracujemy nad drugim tomem<\/a>. Je\u015bli wszystko p\u00f3jdzie po naszej my\u015bli, jesieni\u0105 tego roku trafi on na p\u00f3\u0142ki ksi\u0119gar\u0144. Trzymajcie kciuki!<\/p>\n<p style=\"text-align: justify;\">Tych, kt\u00f3rzy nie pami\u0119taj\u0105 wiosny 2006 roku i tego, co dzia\u0142o si\u0119 p\u00f3\u017aniej, zapraszamy na stron\u0119 <a href=\"http:\/\/dolnywrzeszcz.pl\/pdw.htm\" target=\"_blank\">dolnywrzeszcz.pl<\/a>, gdzie przypominamy w skr\u00f3cie histori\u0119 Projektu Dolny Wrzeszcz \ud83d\ude42<\/p>\n<p style=\"text-align: justify;\">Jan Daniluk, Jarek Wasielewski<\/p>\n<hr \/>\n<p style=\"text-align: justify;\"><em>Wpis opublikowany\u00a0jednocze\u015bnie na stronie\u00a0<\/em><a href=\"http:\/\/www.jandaniluk.pl\/pl\/\" target=\"_blank\">www.jandaniluk.pl<\/a><em> oraz\u00a0<\/em><a href=\"http:\/\/jarekwasielewski.pl\/zwrzeszcza\/\" target=\"_blank\">jarekwasielewski.pl\/zwrzeszcza<\/a><\/p>\n","protected":false},"excerpt":{"rendered":"<p>Dzi\u015b o p\u00f3\u0142nocy mija r\u00f3wne 10 lat od momentu uruchomienia naszej &#8211; tj. Janka Daniluka i mojej &#8211; wsp\u00f3lnej strony internetowej o nieco pompatycznej nazwie Projekt Dolny Wrzeszcz &#8211; Niezale\u017cna Inicjatywa Historyczna. By\u0142a to pr\u00f3ba zape\u0142nienia ra\u017c\u0105cej luki w dziejopisarstwie gda\u0144skim \u2013 pr\u00f3ba przyj\u0119ta z du\u017cym entuzjazmem, bowiem w pierwsze 48 godzin zanotowa\u0142a a\u017c 1500&hellip;<\/p>\n","protected":false},"author":1,"featured_media":2611,"comment_status":"closed","ping_status":"closed","sticky":false,"template":"","format":"standard","meta":{"ngg_post_thumbnail":0,"footnotes":""},"categories":[3,8],"tags":[],"class_list":["post-2574","post","type-post","status-publish","format-standard","has-post-thumbnail","hentry","category-aktualnosci","category-wszystkie"],"yoast_head":"<!-- This site is optimized with the Yoast SEO plugin v27.3 - https:\/\/yoast.com\/product\/yoast-seo-wordpress\/ -->\n<title>10 lat temu wszystko si\u0119 zacz\u0119\u0142o, czyli Projekt Dolny Wrzeszcz - Wrzeszcz Jarka Wasielewskiego<\/title>\n<meta name=\"robots\" content=\"index, follow, max-snippet:-1, max-image-preview:large, max-video-preview:-1\" \/>\n<link rel=\"canonical\" href=\"https:\/\/jarekwasielewski.pl\/zwrzeszcza\/2016\/04\/10-lat-temu-wszystko-sie-zaczelo-czyli-projekt-dolny-wrzeszcz\/\" \/>\n<meta property=\"og:locale\" content=\"pl_PL\" \/>\n<meta property=\"og:type\" content=\"article\" \/>\n<meta property=\"og:title\" content=\"10 lat temu wszystko si\u0119 zacz\u0119\u0142o, czyli Projekt Dolny Wrzeszcz - Wrzeszcz Jarka Wasielewskiego\" \/>\n<meta property=\"og:description\" content=\"Dzi\u015b o p\u00f3\u0142nocy mija r\u00f3wne 10 lat od momentu uruchomienia naszej &#8211; tj. Janka Daniluka i mojej &#8211; wsp\u00f3lnej strony internetowej o nieco pompatycznej nazwie Projekt Dolny Wrzeszcz &#8211; Niezale\u017cna Inicjatywa Historyczna. By\u0142a to pr\u00f3ba zape\u0142nienia ra\u017c\u0105cej luki w dziejopisarstwie gda\u0144skim \u2013 pr\u00f3ba przyj\u0119ta z du\u017cym entuzjazmem, bowiem w pierwsze 48 godzin zanotowa\u0142a a\u017c 1500&hellip;\" \/>\n<meta property=\"og:url\" content=\"https:\/\/jarekwasielewski.pl\/zwrzeszcza\/2016\/04\/10-lat-temu-wszystko-sie-zaczelo-czyli-projekt-dolny-wrzeszcz\/\" \/>\n<meta property=\"og:site_name\" content=\"Wrzeszcz Jarka Wasielewskiego\" \/>\n<meta property=\"article:published_time\" content=\"2016-04-20T21:01:58+00:00\" \/>\n<meta property=\"og:image\" content=\"https:\/\/jarekwasielewski.pl\/zwrzeszcza\/wp-content\/uploads\/2016\/04\/projekt_dolny_wrzeszcz_1.png\" \/>\n\t<meta property=\"og:image:width\" content=\"794\" \/>\n\t<meta property=\"og:image:height\" content=\"432\" \/>\n\t<meta property=\"og:image:type\" content=\"image\/png\" \/>\n<meta name=\"author\" content=\"Jarek Wasielewski\" \/>\n<meta name=\"twitter:card\" content=\"summary_large_image\" \/>\n<meta name=\"twitter:label1\" content=\"Napisane przez\" \/>\n\t<meta name=\"twitter:data1\" content=\"Jarek Wasielewski\" \/>\n\t<meta name=\"twitter:label2\" content=\"Szacowany czas czytania\" \/>\n\t<meta name=\"twitter:data2\" content=\"2 minuty\" \/>\n<script type=\"application\/ld+json\" class=\"yoast-schema-graph\">{\"@context\":\"https:\\\/\\\/schema.org\",\"@graph\":[{\"@type\":\"Article\",\"@id\":\"https:\\\/\\\/jarekwasielewski.pl\\\/zwrzeszcza\\\/2016\\\/04\\\/10-lat-temu-wszystko-sie-zaczelo-czyli-projekt-dolny-wrzeszcz\\\/#article\",\"isPartOf\":{\"@id\":\"https:\\\/\\\/jarekwasielewski.pl\\\/zwrzeszcza\\\/2016\\\/04\\\/10-lat-temu-wszystko-sie-zaczelo-czyli-projekt-dolny-wrzeszcz\\\/\"},\"author\":{\"name\":\"Jarek Wasielewski\",\"@id\":\"https:\\\/\\\/jarekwasielewski.pl\\\/zwrzeszcza\\\/#\\\/schema\\\/person\\\/807e6ca1f9fadc1945bd9ac746422589\"},\"headline\":\"10 lat temu wszystko si\u0119 zacz\u0119\u0142o, czyli Projekt Dolny Wrzeszcz\",\"datePublished\":\"2016-04-20T21:01:58+00:00\",\"mainEntityOfPage\":{\"@id\":\"https:\\\/\\\/jarekwasielewski.pl\\\/zwrzeszcza\\\/2016\\\/04\\\/10-lat-temu-wszystko-sie-zaczelo-czyli-projekt-dolny-wrzeszcz\\\/\"},\"wordCount\":355,\"publisher\":{\"@id\":\"https:\\\/\\\/jarekwasielewski.pl\\\/zwrzeszcza\\\/#\\\/schema\\\/person\\\/807e6ca1f9fadc1945bd9ac746422589\"},\"image\":{\"@id\":\"https:\\\/\\\/jarekwasielewski.pl\\\/zwrzeszcza\\\/2016\\\/04\\\/10-lat-temu-wszystko-sie-zaczelo-czyli-projekt-dolny-wrzeszcz\\\/#primaryimage\"},\"thumbnailUrl\":\"https:\\\/\\\/jarekwasielewski.pl\\\/zwrzeszcza\\\/wp-content\\\/uploads\\\/2016\\\/04\\\/projekt_dolny_wrzeszcz_1.png\",\"articleSection\":[\"Aktualno\u015bci\",\"Wszystkie\"],\"inLanguage\":\"pl-PL\"},{\"@type\":\"WebPage\",\"@id\":\"https:\\\/\\\/jarekwasielewski.pl\\\/zwrzeszcza\\\/2016\\\/04\\\/10-lat-temu-wszystko-sie-zaczelo-czyli-projekt-dolny-wrzeszcz\\\/\",\"url\":\"https:\\\/\\\/jarekwasielewski.pl\\\/zwrzeszcza\\\/2016\\\/04\\\/10-lat-temu-wszystko-sie-zaczelo-czyli-projekt-dolny-wrzeszcz\\\/\",\"name\":\"10 lat temu wszystko si\u0119 zacz\u0119\u0142o, czyli Projekt Dolny Wrzeszcz - Wrzeszcz Jarka Wasielewskiego\",\"isPartOf\":{\"@id\":\"https:\\\/\\\/jarekwasielewski.pl\\\/zwrzeszcza\\\/#website\"},\"primaryImageOfPage\":{\"@id\":\"https:\\\/\\\/jarekwasielewski.pl\\\/zwrzeszcza\\\/2016\\\/04\\\/10-lat-temu-wszystko-sie-zaczelo-czyli-projekt-dolny-wrzeszcz\\\/#primaryimage\"},\"image\":{\"@id\":\"https:\\\/\\\/jarekwasielewski.pl\\\/zwrzeszcza\\\/2016\\\/04\\\/10-lat-temu-wszystko-sie-zaczelo-czyli-projekt-dolny-wrzeszcz\\\/#primaryimage\"},\"thumbnailUrl\":\"https:\\\/\\\/jarekwasielewski.pl\\\/zwrzeszcza\\\/wp-content\\\/uploads\\\/2016\\\/04\\\/projekt_dolny_wrzeszcz_1.png\",\"datePublished\":\"2016-04-20T21:01:58+00:00\",\"breadcrumb\":{\"@id\":\"https:\\\/\\\/jarekwasielewski.pl\\\/zwrzeszcza\\\/2016\\\/04\\\/10-lat-temu-wszystko-sie-zaczelo-czyli-projekt-dolny-wrzeszcz\\\/#breadcrumb\"},\"inLanguage\":\"pl-PL\",\"potentialAction\":[{\"@type\":\"ReadAction\",\"target\":[\"https:\\\/\\\/jarekwasielewski.pl\\\/zwrzeszcza\\\/2016\\\/04\\\/10-lat-temu-wszystko-sie-zaczelo-czyli-projekt-dolny-wrzeszcz\\\/\"]}]},{\"@type\":\"ImageObject\",\"inLanguage\":\"pl-PL\",\"@id\":\"https:\\\/\\\/jarekwasielewski.pl\\\/zwrzeszcza\\\/2016\\\/04\\\/10-lat-temu-wszystko-sie-zaczelo-czyli-projekt-dolny-wrzeszcz\\\/#primaryimage\",\"url\":\"https:\\\/\\\/jarekwasielewski.pl\\\/zwrzeszcza\\\/wp-content\\\/uploads\\\/2016\\\/04\\\/projekt_dolny_wrzeszcz_1.png\",\"contentUrl\":\"https:\\\/\\\/jarekwasielewski.pl\\\/zwrzeszcza\\\/wp-content\\\/uploads\\\/2016\\\/04\\\/projekt_dolny_wrzeszcz_1.png\",\"width\":794,\"height\":432},{\"@type\":\"BreadcrumbList\",\"@id\":\"https:\\\/\\\/jarekwasielewski.pl\\\/zwrzeszcza\\\/2016\\\/04\\\/10-lat-temu-wszystko-sie-zaczelo-czyli-projekt-dolny-wrzeszcz\\\/#breadcrumb\",\"itemListElement\":[{\"@type\":\"ListItem\",\"position\":1,\"name\":\"Strona g\u0142\u00f3wna\",\"item\":\"https:\\\/\\\/jarekwasielewski.pl\\\/zwrzeszcza\\\/\"},{\"@type\":\"ListItem\",\"position\":2,\"name\":\"10 lat temu wszystko si\u0119 zacz\u0119\u0142o, czyli Projekt Dolny Wrzeszcz\"}]},{\"@type\":\"WebSite\",\"@id\":\"https:\\\/\\\/jarekwasielewski.pl\\\/zwrzeszcza\\\/#website\",\"url\":\"https:\\\/\\\/jarekwasielewski.pl\\\/zwrzeszcza\\\/\",\"name\":\"Wrzeszcza Jarka Wasielewskiego\",\"description\":\"Blog Jarka Wasielewskiego o Wrzeszczu\",\"publisher\":{\"@id\":\"https:\\\/\\\/jarekwasielewski.pl\\\/zwrzeszcza\\\/#\\\/schema\\\/person\\\/807e6ca1f9fadc1945bd9ac746422589\"},\"potentialAction\":[{\"@type\":\"SearchAction\",\"target\":{\"@type\":\"EntryPoint\",\"urlTemplate\":\"https:\\\/\\\/jarekwasielewski.pl\\\/zwrzeszcza\\\/?s={search_term_string}\"},\"query-input\":{\"@type\":\"PropertyValueSpecification\",\"valueRequired\":true,\"valueName\":\"search_term_string\"}}],\"inLanguage\":\"pl-PL\"},{\"@type\":[\"Person\",\"Organization\"],\"@id\":\"https:\\\/\\\/jarekwasielewski.pl\\\/zwrzeszcza\\\/#\\\/schema\\\/person\\\/807e6ca1f9fadc1945bd9ac746422589\",\"name\":\"Jarek Wasielewski\",\"image\":{\"@type\":\"ImageObject\",\"inLanguage\":\"pl-PL\",\"@id\":\"http:\\\/\\\/jarekwasielewski.pl\\\/zwrzeszcza\\\/wp-content\\\/uploads\\\/2021\\\/09\\\/jw.png\",\"url\":\"http:\\\/\\\/jarekwasielewski.pl\\\/zwrzeszcza\\\/wp-content\\\/uploads\\\/2021\\\/09\\\/jw.png\",\"contentUrl\":\"http:\\\/\\\/jarekwasielewski.pl\\\/zwrzeszcza\\\/wp-content\\\/uploads\\\/2021\\\/09\\\/jw.png\",\"width\":715,\"height\":630,\"caption\":\"Jarek Wasielewski\"},\"logo\":{\"@id\":\"http:\\\/\\\/jarekwasielewski.pl\\\/zwrzeszcza\\\/wp-content\\\/uploads\\\/2021\\\/09\\\/jw.png\"},\"sameAs\":[\"http:\\\/\\\/jarekwasielewski.pl\\\/zwrzeszcza\"]}]}<\/script>\n<!-- \/ Yoast SEO plugin. -->","yoast_head_json":{"title":"10 lat temu wszystko si\u0119 zacz\u0119\u0142o, czyli Projekt Dolny Wrzeszcz - Wrzeszcz Jarka Wasielewskiego","robots":{"index":"index","follow":"follow","max-snippet":"max-snippet:-1","max-image-preview":"max-image-preview:large","max-video-preview":"max-video-preview:-1"},"canonical":"https:\/\/jarekwasielewski.pl\/zwrzeszcza\/2016\/04\/10-lat-temu-wszystko-sie-zaczelo-czyli-projekt-dolny-wrzeszcz\/","og_locale":"pl_PL","og_type":"article","og_title":"10 lat temu wszystko si\u0119 zacz\u0119\u0142o, czyli Projekt Dolny Wrzeszcz - Wrzeszcz Jarka Wasielewskiego","og_description":"Dzi\u015b o p\u00f3\u0142nocy mija r\u00f3wne 10 lat od momentu uruchomienia naszej &#8211; tj. Janka Daniluka i mojej &#8211; wsp\u00f3lnej strony internetowej o nieco pompatycznej nazwie Projekt Dolny Wrzeszcz &#8211; Niezale\u017cna Inicjatywa Historyczna. By\u0142a to pr\u00f3ba zape\u0142nienia ra\u017c\u0105cej luki w dziejopisarstwie gda\u0144skim \u2013 pr\u00f3ba przyj\u0119ta z du\u017cym entuzjazmem, bowiem w pierwsze 48 godzin zanotowa\u0142a a\u017c 1500&hellip;","og_url":"https:\/\/jarekwasielewski.pl\/zwrzeszcza\/2016\/04\/10-lat-temu-wszystko-sie-zaczelo-czyli-projekt-dolny-wrzeszcz\/","og_site_name":"Wrzeszcz Jarka Wasielewskiego","article_published_time":"2016-04-20T21:01:58+00:00","og_image":[{"width":794,"height":432,"url":"https:\/\/jarekwasielewski.pl\/zwrzeszcza\/wp-content\/uploads\/2016\/04\/projekt_dolny_wrzeszcz_1.png","type":"image\/png"}],"author":"Jarek Wasielewski","twitter_card":"summary_large_image","twitter_misc":{"Napisane przez":"Jarek Wasielewski","Szacowany czas czytania":"2 minuty"},"schema":{"@context":"https:\/\/schema.org","@graph":[{"@type":"Article","@id":"https:\/\/jarekwasielewski.pl\/zwrzeszcza\/2016\/04\/10-lat-temu-wszystko-sie-zaczelo-czyli-projekt-dolny-wrzeszcz\/#article","isPartOf":{"@id":"https:\/\/jarekwasielewski.pl\/zwrzeszcza\/2016\/04\/10-lat-temu-wszystko-sie-zaczelo-czyli-projekt-dolny-wrzeszcz\/"},"author":{"name":"Jarek Wasielewski","@id":"https:\/\/jarekwasielewski.pl\/zwrzeszcza\/#\/schema\/person\/807e6ca1f9fadc1945bd9ac746422589"},"headline":"10 lat temu wszystko si\u0119 zacz\u0119\u0142o, czyli Projekt Dolny Wrzeszcz","datePublished":"2016-04-20T21:01:58+00:00","mainEntityOfPage":{"@id":"https:\/\/jarekwasielewski.pl\/zwrzeszcza\/2016\/04\/10-lat-temu-wszystko-sie-zaczelo-czyli-projekt-dolny-wrzeszcz\/"},"wordCount":355,"publisher":{"@id":"https:\/\/jarekwasielewski.pl\/zwrzeszcza\/#\/schema\/person\/807e6ca1f9fadc1945bd9ac746422589"},"image":{"@id":"https:\/\/jarekwasielewski.pl\/zwrzeszcza\/2016\/04\/10-lat-temu-wszystko-sie-zaczelo-czyli-projekt-dolny-wrzeszcz\/#primaryimage"},"thumbnailUrl":"https:\/\/jarekwasielewski.pl\/zwrzeszcza\/wp-content\/uploads\/2016\/04\/projekt_dolny_wrzeszcz_1.png","articleSection":["Aktualno\u015bci","Wszystkie"],"inLanguage":"pl-PL"},{"@type":"WebPage","@id":"https:\/\/jarekwasielewski.pl\/zwrzeszcza\/2016\/04\/10-lat-temu-wszystko-sie-zaczelo-czyli-projekt-dolny-wrzeszcz\/","url":"https:\/\/jarekwasielewski.pl\/zwrzeszcza\/2016\/04\/10-lat-temu-wszystko-sie-zaczelo-czyli-projekt-dolny-wrzeszcz\/","name":"10 lat temu wszystko si\u0119 zacz\u0119\u0142o, czyli Projekt Dolny Wrzeszcz - Wrzeszcz Jarka Wasielewskiego","isPartOf":{"@id":"https:\/\/jarekwasielewski.pl\/zwrzeszcza\/#website"},"primaryImageOfPage":{"@id":"https:\/\/jarekwasielewski.pl\/zwrzeszcza\/2016\/04\/10-lat-temu-wszystko-sie-zaczelo-czyli-projekt-dolny-wrzeszcz\/#primaryimage"},"image":{"@id":"https:\/\/jarekwasielewski.pl\/zwrzeszcza\/2016\/04\/10-lat-temu-wszystko-sie-zaczelo-czyli-projekt-dolny-wrzeszcz\/#primaryimage"},"thumbnailUrl":"https:\/\/jarekwasielewski.pl\/zwrzeszcza\/wp-content\/uploads\/2016\/04\/projekt_dolny_wrzeszcz_1.png","datePublished":"2016-04-20T21:01:58+00:00","breadcrumb":{"@id":"https:\/\/jarekwasielewski.pl\/zwrzeszcza\/2016\/04\/10-lat-temu-wszystko-sie-zaczelo-czyli-projekt-dolny-wrzeszcz\/#breadcrumb"},"inLanguage":"pl-PL","potentialAction":[{"@type":"ReadAction","target":["https:\/\/jarekwasielewski.pl\/zwrzeszcza\/2016\/04\/10-lat-temu-wszystko-sie-zaczelo-czyli-projekt-dolny-wrzeszcz\/"]}]},{"@type":"ImageObject","inLanguage":"pl-PL","@id":"https:\/\/jarekwasielewski.pl\/zwrzeszcza\/2016\/04\/10-lat-temu-wszystko-sie-zaczelo-czyli-projekt-dolny-wrzeszcz\/#primaryimage","url":"https:\/\/jarekwasielewski.pl\/zwrzeszcza\/wp-content\/uploads\/2016\/04\/projekt_dolny_wrzeszcz_1.png","contentUrl":"https:\/\/jarekwasielewski.pl\/zwrzeszcza\/wp-content\/uploads\/2016\/04\/projekt_dolny_wrzeszcz_1.png","width":794,"height":432},{"@type":"BreadcrumbList","@id":"https:\/\/jarekwasielewski.pl\/zwrzeszcza\/2016\/04\/10-lat-temu-wszystko-sie-zaczelo-czyli-projekt-dolny-wrzeszcz\/#breadcrumb","itemListElement":[{"@type":"ListItem","position":1,"name":"Strona g\u0142\u00f3wna","item":"https:\/\/jarekwasielewski.pl\/zwrzeszcza\/"},{"@type":"ListItem","position":2,"name":"10 lat temu wszystko si\u0119 zacz\u0119\u0142o, czyli Projekt Dolny Wrzeszcz"}]},{"@type":"WebSite","@id":"https:\/\/jarekwasielewski.pl\/zwrzeszcza\/#website","url":"https:\/\/jarekwasielewski.pl\/zwrzeszcza\/","name":"Wrzeszcza Jarka Wasielewskiego","description":"Blog Jarka Wasielewskiego o Wrzeszczu","publisher":{"@id":"https:\/\/jarekwasielewski.pl\/zwrzeszcza\/#\/schema\/person\/807e6ca1f9fadc1945bd9ac746422589"},"potentialAction":[{"@type":"SearchAction","target":{"@type":"EntryPoint","urlTemplate":"https:\/\/jarekwasielewski.pl\/zwrzeszcza\/?s={search_term_string}"},"query-input":{"@type":"PropertyValueSpecification","valueRequired":true,"valueName":"search_term_string"}}],"inLanguage":"pl-PL"},{"@type":["Person","Organization"],"@id":"https:\/\/jarekwasielewski.pl\/zwrzeszcza\/#\/schema\/person\/807e6ca1f9fadc1945bd9ac746422589","name":"Jarek Wasielewski","image":{"@type":"ImageObject","inLanguage":"pl-PL","@id":"http:\/\/jarekwasielewski.pl\/zwrzeszcza\/wp-content\/uploads\/2021\/09\/jw.png","url":"http:\/\/jarekwasielewski.pl\/zwrzeszcza\/wp-content\/uploads\/2021\/09\/jw.png","contentUrl":"http:\/\/jarekwasielewski.pl\/zwrzeszcza\/wp-content\/uploads\/2021\/09\/jw.png","width":715,"height":630,"caption":"Jarek Wasielewski"},"logo":{"@id":"http:\/\/jarekwasielewski.pl\/zwrzeszcza\/wp-content\/uploads\/2021\/09\/jw.png"},"sameAs":["http:\/\/jarekwasielewski.pl\/zwrzeszcza"]}]}},"_links":{"self":[{"href":"https:\/\/jarekwasielewski.pl\/zwrzeszcza\/wp-json\/wp\/v2\/posts\/2574","targetHints":{"allow":["GET"]}}],"collection":[{"href":"https:\/\/jarekwasielewski.pl\/zwrzeszcza\/wp-json\/wp\/v2\/posts"}],"about":[{"href":"https:\/\/jarekwasielewski.pl\/zwrzeszcza\/wp-json\/wp\/v2\/types\/post"}],"author":[{"embeddable":true,"href":"https:\/\/jarekwasielewski.pl\/zwrzeszcza\/wp-json\/wp\/v2\/users\/1"}],"replies":[{"embeddable":true,"href":"https:\/\/jarekwasielewski.pl\/zwrzeszcza\/wp-json\/wp\/v2\/comments?post=2574"}],"version-history":[{"count":0,"href":"https:\/\/jarekwasielewski.pl\/zwrzeszcza\/wp-json\/wp\/v2\/posts\/2574\/revisions"}],"wp:featuredmedia":[{"embeddable":true,"href":"https:\/\/jarekwasielewski.pl\/zwrzeszcza\/wp-json\/wp\/v2\/media\/2611"}],"wp:attachment":[{"href":"https:\/\/jarekwasielewski.pl\/zwrzeszcza\/wp-json\/wp\/v2\/media?parent=2574"}],"wp:term":[{"taxonomy":"category","embeddable":true,"href":"https:\/\/jarekwasielewski.pl\/zwrzeszcza\/wp-json\/wp\/v2\/categories?post=2574"},{"taxonomy":"post_tag","embeddable":true,"href":"https:\/\/jarekwasielewski.pl\/zwrzeszcza\/wp-json\/wp\/v2\/tags?post=2574"}],"curies":[{"name":"wp","href":"https:\/\/api.w.org\/{rel}","templated":true}]}}