{"id":2568,"date":"2016-09-14T19:21:35","date_gmt":"2016-09-14T17:21:35","guid":{"rendered":"http:\/\/jarekwasielewski.pl\/zwrzeszcza\/?p=2568"},"modified":"2019-01-14T11:58:38","modified_gmt":"2019-01-14T10:58:38","slug":"ktokolwiek-widzial-gdanski-strazak-ferdinand-hemke","status":"publish","type":"post","link":"https:\/\/jarekwasielewski.pl\/zwrzeszcza\/2016\/09\/ktokolwiek-widzial-gdanski-strazak-ferdinand-hemke\/","title":{"rendered":"Ktokolwiek widzia\u0142&#8230; Gda\u0144ski stra\u017cak Ferdinand Hemke"},"content":{"rendered":"<p style=\"text-align: justify;\">Kilka miesi\u0119cy temu przy okazji prac nad drugim tomem albumu <em>Wrzeszcz na dawnej poczt\u00f3wce<\/em>, w kt\u00f3rym zapuszczamy si\u0119 m.in. w okolice ul. Partyzant\u00f3w, odwiedzi\u0142em Komend\u0119 Wojew\u00f3dzkiej Pa\u0144stwowej Stra\u017cy Po\u017carnej w Gda\u0144sku. W jej archiwum znalaz\u0142em m.in. trzy zdj\u0119cia przedstawiaj\u0105ce&nbsp;przedwojennego gda\u0144skiego stra\u017caka o nazwisku Ferdinand Hemke. Fotografie pokazuj\u0105 go w r\u00f3\u017cnych okresach s\u0142u\u017cby:<\/p>\nngg_shortcode_0_placeholder\n<p style=\"text-align: justify;\"><a href=\"http:\/\/forum.dawnygdansk.pl\/viewtopic.php?t=5529&amp;postdays=0&amp;postorder=asc&amp;start=20\" target=\"_blank\" rel=\"noopener\">Wojtek Gruszczy\u0144ski odszyfrowa\u0142<\/a> z munduru odznaczenia, jakie zdoby\u0142 pan Hemke.&nbsp;<em>Verdienstkreuz Kriegshilfsdienst 1916<\/em> by\u0142o odznaczeniem wojennym przyznawanym bez wzgl\u0119du na stopie\u0144. <em>Zentenarmedaille<\/em> przyznawano szeroko poj\u0119tym urz\u0119dnikom mundurowym oraz weteranom wojen pruskich, kt\u00f3re doprowadzi\u0142y do zjednoczenia Niemiec. Natomiast <em>Erinnerungszeichen f\u00fcr Verdienste um das Feuerl\u00f6schwesen<\/em> przyznawano w Gda\u0144sku za 25 lat s\u0142u\u017cby lub wykazanie si\u0119 szczeg\u00f3lnym m\u0119stwem podczas pe\u0142nienia s\u0142u\u017cby stra\u017cackiej.<\/p>\n<p style=\"text-align: justify;\">Jest mo\u017cliwie, \u017ce pan Hemke by\u0142 oficerem stra\u017cy po\u017carnej w stopniu kapitana, jednak ta informacja wymaga potwierdzenia.<\/p>\n<p style=\"text-align: justify;\"><strong>Je\u017celi zetkn\u0119li\u015bcie si\u0119 z tym nazwiskiem i potraficie cokolwiek na jego temat powiedzie\u0107, albo je\u015bli potrafcie odczyta\u0107 z fotografii stopie\u0144 stra\u017cacki, bardzo prosz\u0119 o kontakt.<\/strong><\/p>\n","protected":false},"excerpt":{"rendered":"<p>Kilka miesi\u0119cy temu przy okazji prac nad drugim tomem albumu Wrzeszcz na dawnej poczt\u00f3wce, w kt\u00f3rym zapuszczamy si\u0119 m.in. w okolice ul. Partyzant\u00f3w, odwiedzi\u0142em Komend\u0119 Wojew\u00f3dzkiej Pa\u0144stwowej Stra\u017cy Po\u017carnej w Gda\u0144sku. W jej archiwum znalaz\u0142em m.in. trzy zdj\u0119cia przedstawiaj\u0105ce&nbsp;przedwojennego gda\u0144skiego stra\u017caka o nazwisku Ferdinand Hemke. Fotografie pokazuj\u0105 go w r\u00f3\u017cnych okresach s\u0142u\u017cby: &#8222;] Wojtek Gruszczy\u0144ski&hellip;<\/p>\n","protected":false},"author":1,"featured_media":2688,"comment_status":"closed","ping_status":"closed","sticky":false,"template":"","format":"standard","meta":{"ngg_post_thumbnail":0,"footnotes":""},"categories":[7,8],"tags":[],"class_list":["post-2568","post","type-post","status-publish","format-standard","has-post-thumbnail","hentry","category-przed-1945","category-wszystkie"],"yoast_head":"<!-- This site is optimized with the Yoast SEO plugin v27.3 - https:\/\/yoast.com\/product\/yoast-seo-wordpress\/ -->\n<title>Ktokolwiek widzia\u0142... Gda\u0144ski stra\u017cak Ferdinand Hemke - Wrzeszcz Jarka Wasielewskiego<\/title>\n<meta name=\"robots\" content=\"index, follow, max-snippet:-1, max-image-preview:large, max-video-preview:-1\" \/>\n<link rel=\"canonical\" href=\"https:\/\/jarekwasielewski.pl\/zwrzeszcza\/2016\/09\/ktokolwiek-widzial-gdanski-strazak-ferdinand-hemke\/\" \/>\n<meta property=\"og:locale\" content=\"pl_PL\" \/>\n<meta property=\"og:type\" content=\"article\" \/>\n<meta property=\"og:title\" content=\"Ktokolwiek widzia\u0142... Gda\u0144ski stra\u017cak Ferdinand Hemke - Wrzeszcz Jarka Wasielewskiego\" \/>\n<meta property=\"og:description\" content=\"Kilka miesi\u0119cy temu przy okazji prac nad drugim tomem albumu Wrzeszcz na dawnej poczt\u00f3wce, w kt\u00f3rym zapuszczamy si\u0119 m.in. w okolice ul. Partyzant\u00f3w, odwiedzi\u0142em Komend\u0119 Wojew\u00f3dzkiej Pa\u0144stwowej Stra\u017cy Po\u017carnej w Gda\u0144sku. W jej archiwum znalaz\u0142em m.in. trzy zdj\u0119cia przedstawiaj\u0105ce&nbsp;przedwojennego gda\u0144skiego stra\u017caka o nazwisku Ferdinand Hemke. Fotografie pokazuj\u0105 go w r\u00f3\u017cnych okresach s\u0142u\u017cby: &#8222;] Wojtek Gruszczy\u0144ski&hellip;\" \/>\n<meta property=\"og:url\" content=\"https:\/\/jarekwasielewski.pl\/zwrzeszcza\/2016\/09\/ktokolwiek-widzial-gdanski-strazak-ferdinand-hemke\/\" \/>\n<meta property=\"og:site_name\" content=\"Wrzeszcz Jarka Wasielewskiego\" \/>\n<meta property=\"article:published_time\" content=\"2016-09-14T17:21:35+00:00\" \/>\n<meta property=\"article:modified_time\" content=\"2019-01-14T10:58:38+00:00\" \/>\n<meta property=\"og:image\" content=\"https:\/\/jarekwasielewski.pl\/zwrzeszcza\/wp-content\/uploads\/2016\/09\/hemke.jpg\" \/>\n\t<meta property=\"og:image:width\" content=\"600\" \/>\n\t<meta property=\"og:image:height\" content=\"403\" \/>\n\t<meta property=\"og:image:type\" content=\"image\/jpeg\" \/>\n<meta name=\"author\" content=\"Jarek Wasielewski\" \/>\n<meta name=\"twitter:card\" content=\"summary_large_image\" \/>\n<meta name=\"twitter:label1\" content=\"Napisane przez\" \/>\n\t<meta name=\"twitter:data1\" content=\"Jarek Wasielewski\" \/>\n\t<meta name=\"twitter:label2\" content=\"Szacowany czas czytania\" \/>\n\t<meta name=\"twitter:data2\" content=\"1 minuta\" \/>\n<script type=\"application\/ld+json\" class=\"yoast-schema-graph\">{\"@context\":\"https:\\\/\\\/schema.org\",\"@graph\":[{\"@type\":\"Article\",\"@id\":\"https:\\\/\\\/jarekwasielewski.pl\\\/zwrzeszcza\\\/2016\\\/09\\\/ktokolwiek-widzial-gdanski-strazak-ferdinand-hemke\\\/#article\",\"isPartOf\":{\"@id\":\"https:\\\/\\\/jarekwasielewski.pl\\\/zwrzeszcza\\\/2016\\\/09\\\/ktokolwiek-widzial-gdanski-strazak-ferdinand-hemke\\\/\"},\"author\":{\"name\":\"Jarek Wasielewski\",\"@id\":\"https:\\\/\\\/jarekwasielewski.pl\\\/zwrzeszcza\\\/#\\\/schema\\\/person\\\/807e6ca1f9fadc1945bd9ac746422589\"},\"headline\":\"Ktokolwiek widzia\u0142&#8230; Gda\u0144ski stra\u017cak Ferdinand Hemke\",\"datePublished\":\"2016-09-14T17:21:35+00:00\",\"dateModified\":\"2019-01-14T10:58:38+00:00\",\"mainEntityOfPage\":{\"@id\":\"https:\\\/\\\/jarekwasielewski.pl\\\/zwrzeszcza\\\/2016\\\/09\\\/ktokolwiek-widzial-gdanski-strazak-ferdinand-hemke\\\/\"},\"wordCount\":220,\"publisher\":{\"@id\":\"https:\\\/\\\/jarekwasielewski.pl\\\/zwrzeszcza\\\/#\\\/schema\\\/person\\\/807e6ca1f9fadc1945bd9ac746422589\"},\"image\":{\"@id\":\"https:\\\/\\\/jarekwasielewski.pl\\\/zwrzeszcza\\\/2016\\\/09\\\/ktokolwiek-widzial-gdanski-strazak-ferdinand-hemke\\\/#primaryimage\"},\"thumbnailUrl\":\"https:\\\/\\\/jarekwasielewski.pl\\\/zwrzeszcza\\\/wp-content\\\/uploads\\\/2016\\\/09\\\/hemke.jpg\",\"articleSection\":[\"Przed 1945\",\"Wszystkie\"],\"inLanguage\":\"pl-PL\"},{\"@type\":\"WebPage\",\"@id\":\"https:\\\/\\\/jarekwasielewski.pl\\\/zwrzeszcza\\\/2016\\\/09\\\/ktokolwiek-widzial-gdanski-strazak-ferdinand-hemke\\\/\",\"url\":\"https:\\\/\\\/jarekwasielewski.pl\\\/zwrzeszcza\\\/2016\\\/09\\\/ktokolwiek-widzial-gdanski-strazak-ferdinand-hemke\\\/\",\"name\":\"Ktokolwiek widzia\u0142... Gda\u0144ski stra\u017cak Ferdinand Hemke - Wrzeszcz Jarka Wasielewskiego\",\"isPartOf\":{\"@id\":\"https:\\\/\\\/jarekwasielewski.pl\\\/zwrzeszcza\\\/#website\"},\"primaryImageOfPage\":{\"@id\":\"https:\\\/\\\/jarekwasielewski.pl\\\/zwrzeszcza\\\/2016\\\/09\\\/ktokolwiek-widzial-gdanski-strazak-ferdinand-hemke\\\/#primaryimage\"},\"image\":{\"@id\":\"https:\\\/\\\/jarekwasielewski.pl\\\/zwrzeszcza\\\/2016\\\/09\\\/ktokolwiek-widzial-gdanski-strazak-ferdinand-hemke\\\/#primaryimage\"},\"thumbnailUrl\":\"https:\\\/\\\/jarekwasielewski.pl\\\/zwrzeszcza\\\/wp-content\\\/uploads\\\/2016\\\/09\\\/hemke.jpg\",\"datePublished\":\"2016-09-14T17:21:35+00:00\",\"dateModified\":\"2019-01-14T10:58:38+00:00\",\"breadcrumb\":{\"@id\":\"https:\\\/\\\/jarekwasielewski.pl\\\/zwrzeszcza\\\/2016\\\/09\\\/ktokolwiek-widzial-gdanski-strazak-ferdinand-hemke\\\/#breadcrumb\"},\"inLanguage\":\"pl-PL\",\"potentialAction\":[{\"@type\":\"ReadAction\",\"target\":[\"https:\\\/\\\/jarekwasielewski.pl\\\/zwrzeszcza\\\/2016\\\/09\\\/ktokolwiek-widzial-gdanski-strazak-ferdinand-hemke\\\/\"]}]},{\"@type\":\"ImageObject\",\"inLanguage\":\"pl-PL\",\"@id\":\"https:\\\/\\\/jarekwasielewski.pl\\\/zwrzeszcza\\\/2016\\\/09\\\/ktokolwiek-widzial-gdanski-strazak-ferdinand-hemke\\\/#primaryimage\",\"url\":\"https:\\\/\\\/jarekwasielewski.pl\\\/zwrzeszcza\\\/wp-content\\\/uploads\\\/2016\\\/09\\\/hemke.jpg\",\"contentUrl\":\"https:\\\/\\\/jarekwasielewski.pl\\\/zwrzeszcza\\\/wp-content\\\/uploads\\\/2016\\\/09\\\/hemke.jpg\",\"width\":600,\"height\":403},{\"@type\":\"BreadcrumbList\",\"@id\":\"https:\\\/\\\/jarekwasielewski.pl\\\/zwrzeszcza\\\/2016\\\/09\\\/ktokolwiek-widzial-gdanski-strazak-ferdinand-hemke\\\/#breadcrumb\",\"itemListElement\":[{\"@type\":\"ListItem\",\"position\":1,\"name\":\"Strona g\u0142\u00f3wna\",\"item\":\"https:\\\/\\\/jarekwasielewski.pl\\\/zwrzeszcza\\\/\"},{\"@type\":\"ListItem\",\"position\":2,\"name\":\"Ktokolwiek widzia\u0142&#8230; Gda\u0144ski stra\u017cak Ferdinand Hemke\"}]},{\"@type\":\"WebSite\",\"@id\":\"https:\\\/\\\/jarekwasielewski.pl\\\/zwrzeszcza\\\/#website\",\"url\":\"https:\\\/\\\/jarekwasielewski.pl\\\/zwrzeszcza\\\/\",\"name\":\"Wrzeszcza Jarka Wasielewskiego\",\"description\":\"Blog Jarka Wasielewskiego o Wrzeszczu\",\"publisher\":{\"@id\":\"https:\\\/\\\/jarekwasielewski.pl\\\/zwrzeszcza\\\/#\\\/schema\\\/person\\\/807e6ca1f9fadc1945bd9ac746422589\"},\"potentialAction\":[{\"@type\":\"SearchAction\",\"target\":{\"@type\":\"EntryPoint\",\"urlTemplate\":\"https:\\\/\\\/jarekwasielewski.pl\\\/zwrzeszcza\\\/?s={search_term_string}\"},\"query-input\":{\"@type\":\"PropertyValueSpecification\",\"valueRequired\":true,\"valueName\":\"search_term_string\"}}],\"inLanguage\":\"pl-PL\"},{\"@type\":[\"Person\",\"Organization\"],\"@id\":\"https:\\\/\\\/jarekwasielewski.pl\\\/zwrzeszcza\\\/#\\\/schema\\\/person\\\/807e6ca1f9fadc1945bd9ac746422589\",\"name\":\"Jarek Wasielewski\",\"image\":{\"@type\":\"ImageObject\",\"inLanguage\":\"pl-PL\",\"@id\":\"http:\\\/\\\/jarekwasielewski.pl\\\/zwrzeszcza\\\/wp-content\\\/uploads\\\/2021\\\/09\\\/jw.png\",\"url\":\"http:\\\/\\\/jarekwasielewski.pl\\\/zwrzeszcza\\\/wp-content\\\/uploads\\\/2021\\\/09\\\/jw.png\",\"contentUrl\":\"http:\\\/\\\/jarekwasielewski.pl\\\/zwrzeszcza\\\/wp-content\\\/uploads\\\/2021\\\/09\\\/jw.png\",\"width\":715,\"height\":630,\"caption\":\"Jarek Wasielewski\"},\"logo\":{\"@id\":\"http:\\\/\\\/jarekwasielewski.pl\\\/zwrzeszcza\\\/wp-content\\\/uploads\\\/2021\\\/09\\\/jw.png\"},\"sameAs\":[\"http:\\\/\\\/jarekwasielewski.pl\\\/zwrzeszcza\"]}]}<\/script>\n<!-- \/ Yoast SEO plugin. -->","yoast_head_json":{"title":"Ktokolwiek widzia\u0142... Gda\u0144ski stra\u017cak Ferdinand Hemke - Wrzeszcz Jarka Wasielewskiego","robots":{"index":"index","follow":"follow","max-snippet":"max-snippet:-1","max-image-preview":"max-image-preview:large","max-video-preview":"max-video-preview:-1"},"canonical":"https:\/\/jarekwasielewski.pl\/zwrzeszcza\/2016\/09\/ktokolwiek-widzial-gdanski-strazak-ferdinand-hemke\/","og_locale":"pl_PL","og_type":"article","og_title":"Ktokolwiek widzia\u0142... Gda\u0144ski stra\u017cak Ferdinand Hemke - Wrzeszcz Jarka Wasielewskiego","og_description":"Kilka miesi\u0119cy temu przy okazji prac nad drugim tomem albumu Wrzeszcz na dawnej poczt\u00f3wce, w kt\u00f3rym zapuszczamy si\u0119 m.in. w okolice ul. Partyzant\u00f3w, odwiedzi\u0142em Komend\u0119 Wojew\u00f3dzkiej Pa\u0144stwowej Stra\u017cy Po\u017carnej w Gda\u0144sku. W jej archiwum znalaz\u0142em m.in. trzy zdj\u0119cia przedstawiaj\u0105ce&nbsp;przedwojennego gda\u0144skiego stra\u017caka o nazwisku Ferdinand Hemke. Fotografie pokazuj\u0105 go w r\u00f3\u017cnych okresach s\u0142u\u017cby: &#8222;] Wojtek Gruszczy\u0144ski&hellip;","og_url":"https:\/\/jarekwasielewski.pl\/zwrzeszcza\/2016\/09\/ktokolwiek-widzial-gdanski-strazak-ferdinand-hemke\/","og_site_name":"Wrzeszcz Jarka Wasielewskiego","article_published_time":"2016-09-14T17:21:35+00:00","article_modified_time":"2019-01-14T10:58:38+00:00","og_image":[{"width":600,"height":403,"url":"https:\/\/jarekwasielewski.pl\/zwrzeszcza\/wp-content\/uploads\/2016\/09\/hemke.jpg","type":"image\/jpeg"}],"author":"Jarek Wasielewski","twitter_card":"summary_large_image","twitter_misc":{"Napisane przez":"Jarek Wasielewski","Szacowany czas czytania":"1 minuta"},"schema":{"@context":"https:\/\/schema.org","@graph":[{"@type":"Article","@id":"https:\/\/jarekwasielewski.pl\/zwrzeszcza\/2016\/09\/ktokolwiek-widzial-gdanski-strazak-ferdinand-hemke\/#article","isPartOf":{"@id":"https:\/\/jarekwasielewski.pl\/zwrzeszcza\/2016\/09\/ktokolwiek-widzial-gdanski-strazak-ferdinand-hemke\/"},"author":{"name":"Jarek Wasielewski","@id":"https:\/\/jarekwasielewski.pl\/zwrzeszcza\/#\/schema\/person\/807e6ca1f9fadc1945bd9ac746422589"},"headline":"Ktokolwiek widzia\u0142&#8230; Gda\u0144ski stra\u017cak Ferdinand Hemke","datePublished":"2016-09-14T17:21:35+00:00","dateModified":"2019-01-14T10:58:38+00:00","mainEntityOfPage":{"@id":"https:\/\/jarekwasielewski.pl\/zwrzeszcza\/2016\/09\/ktokolwiek-widzial-gdanski-strazak-ferdinand-hemke\/"},"wordCount":220,"publisher":{"@id":"https:\/\/jarekwasielewski.pl\/zwrzeszcza\/#\/schema\/person\/807e6ca1f9fadc1945bd9ac746422589"},"image":{"@id":"https:\/\/jarekwasielewski.pl\/zwrzeszcza\/2016\/09\/ktokolwiek-widzial-gdanski-strazak-ferdinand-hemke\/#primaryimage"},"thumbnailUrl":"https:\/\/jarekwasielewski.pl\/zwrzeszcza\/wp-content\/uploads\/2016\/09\/hemke.jpg","articleSection":["Przed 1945","Wszystkie"],"inLanguage":"pl-PL"},{"@type":"WebPage","@id":"https:\/\/jarekwasielewski.pl\/zwrzeszcza\/2016\/09\/ktokolwiek-widzial-gdanski-strazak-ferdinand-hemke\/","url":"https:\/\/jarekwasielewski.pl\/zwrzeszcza\/2016\/09\/ktokolwiek-widzial-gdanski-strazak-ferdinand-hemke\/","name":"Ktokolwiek widzia\u0142... Gda\u0144ski stra\u017cak Ferdinand Hemke - Wrzeszcz Jarka Wasielewskiego","isPartOf":{"@id":"https:\/\/jarekwasielewski.pl\/zwrzeszcza\/#website"},"primaryImageOfPage":{"@id":"https:\/\/jarekwasielewski.pl\/zwrzeszcza\/2016\/09\/ktokolwiek-widzial-gdanski-strazak-ferdinand-hemke\/#primaryimage"},"image":{"@id":"https:\/\/jarekwasielewski.pl\/zwrzeszcza\/2016\/09\/ktokolwiek-widzial-gdanski-strazak-ferdinand-hemke\/#primaryimage"},"thumbnailUrl":"https:\/\/jarekwasielewski.pl\/zwrzeszcza\/wp-content\/uploads\/2016\/09\/hemke.jpg","datePublished":"2016-09-14T17:21:35+00:00","dateModified":"2019-01-14T10:58:38+00:00","breadcrumb":{"@id":"https:\/\/jarekwasielewski.pl\/zwrzeszcza\/2016\/09\/ktokolwiek-widzial-gdanski-strazak-ferdinand-hemke\/#breadcrumb"},"inLanguage":"pl-PL","potentialAction":[{"@type":"ReadAction","target":["https:\/\/jarekwasielewski.pl\/zwrzeszcza\/2016\/09\/ktokolwiek-widzial-gdanski-strazak-ferdinand-hemke\/"]}]},{"@type":"ImageObject","inLanguage":"pl-PL","@id":"https:\/\/jarekwasielewski.pl\/zwrzeszcza\/2016\/09\/ktokolwiek-widzial-gdanski-strazak-ferdinand-hemke\/#primaryimage","url":"https:\/\/jarekwasielewski.pl\/zwrzeszcza\/wp-content\/uploads\/2016\/09\/hemke.jpg","contentUrl":"https:\/\/jarekwasielewski.pl\/zwrzeszcza\/wp-content\/uploads\/2016\/09\/hemke.jpg","width":600,"height":403},{"@type":"BreadcrumbList","@id":"https:\/\/jarekwasielewski.pl\/zwrzeszcza\/2016\/09\/ktokolwiek-widzial-gdanski-strazak-ferdinand-hemke\/#breadcrumb","itemListElement":[{"@type":"ListItem","position":1,"name":"Strona g\u0142\u00f3wna","item":"https:\/\/jarekwasielewski.pl\/zwrzeszcza\/"},{"@type":"ListItem","position":2,"name":"Ktokolwiek widzia\u0142&#8230; Gda\u0144ski stra\u017cak Ferdinand Hemke"}]},{"@type":"WebSite","@id":"https:\/\/jarekwasielewski.pl\/zwrzeszcza\/#website","url":"https:\/\/jarekwasielewski.pl\/zwrzeszcza\/","name":"Wrzeszcza Jarka Wasielewskiego","description":"Blog Jarka Wasielewskiego o Wrzeszczu","publisher":{"@id":"https:\/\/jarekwasielewski.pl\/zwrzeszcza\/#\/schema\/person\/807e6ca1f9fadc1945bd9ac746422589"},"potentialAction":[{"@type":"SearchAction","target":{"@type":"EntryPoint","urlTemplate":"https:\/\/jarekwasielewski.pl\/zwrzeszcza\/?s={search_term_string}"},"query-input":{"@type":"PropertyValueSpecification","valueRequired":true,"valueName":"search_term_string"}}],"inLanguage":"pl-PL"},{"@type":["Person","Organization"],"@id":"https:\/\/jarekwasielewski.pl\/zwrzeszcza\/#\/schema\/person\/807e6ca1f9fadc1945bd9ac746422589","name":"Jarek Wasielewski","image":{"@type":"ImageObject","inLanguage":"pl-PL","@id":"http:\/\/jarekwasielewski.pl\/zwrzeszcza\/wp-content\/uploads\/2021\/09\/jw.png","url":"http:\/\/jarekwasielewski.pl\/zwrzeszcza\/wp-content\/uploads\/2021\/09\/jw.png","contentUrl":"http:\/\/jarekwasielewski.pl\/zwrzeszcza\/wp-content\/uploads\/2021\/09\/jw.png","width":715,"height":630,"caption":"Jarek Wasielewski"},"logo":{"@id":"http:\/\/jarekwasielewski.pl\/zwrzeszcza\/wp-content\/uploads\/2021\/09\/jw.png"},"sameAs":["http:\/\/jarekwasielewski.pl\/zwrzeszcza"]}]}},"_links":{"self":[{"href":"https:\/\/jarekwasielewski.pl\/zwrzeszcza\/wp-json\/wp\/v2\/posts\/2568","targetHints":{"allow":["GET"]}}],"collection":[{"href":"https:\/\/jarekwasielewski.pl\/zwrzeszcza\/wp-json\/wp\/v2\/posts"}],"about":[{"href":"https:\/\/jarekwasielewski.pl\/zwrzeszcza\/wp-json\/wp\/v2\/types\/post"}],"author":[{"embeddable":true,"href":"https:\/\/jarekwasielewski.pl\/zwrzeszcza\/wp-json\/wp\/v2\/users\/1"}],"replies":[{"embeddable":true,"href":"https:\/\/jarekwasielewski.pl\/zwrzeszcza\/wp-json\/wp\/v2\/comments?post=2568"}],"version-history":[{"count":0,"href":"https:\/\/jarekwasielewski.pl\/zwrzeszcza\/wp-json\/wp\/v2\/posts\/2568\/revisions"}],"wp:featuredmedia":[{"embeddable":true,"href":"https:\/\/jarekwasielewski.pl\/zwrzeszcza\/wp-json\/wp\/v2\/media\/2688"}],"wp:attachment":[{"href":"https:\/\/jarekwasielewski.pl\/zwrzeszcza\/wp-json\/wp\/v2\/media?parent=2568"}],"wp:term":[{"taxonomy":"category","embeddable":true,"href":"https:\/\/jarekwasielewski.pl\/zwrzeszcza\/wp-json\/wp\/v2\/categories?post=2568"},{"taxonomy":"post_tag","embeddable":true,"href":"https:\/\/jarekwasielewski.pl\/zwrzeszcza\/wp-json\/wp\/v2\/tags?post=2568"}],"curies":[{"name":"wp","href":"https:\/\/api.w.org\/{rel}","templated":true}]}}