{"id":2490,"date":"2016-02-02T15:14:39","date_gmt":"2016-02-02T14:14:39","guid":{"rendered":"http:\/\/jarekwasielewski.pl\/zwrzeszcza\/?p=2490"},"modified":"2023-11-13T12:27:32","modified_gmt":"2023-11-13T11:27:32","slug":"upamietnijmy-znanych-wrzeszczan","status":"publish","type":"post","link":"https:\/\/jarekwasielewski.pl\/zwrzeszcza\/2016\/02\/upamietnijmy-znanych-wrzeszczan\/","title":{"rendered":"Upami\u0119tnijmy znanych Wrzeszczan!"},"content":{"rendered":"<p style=\"text-align: justify;\">Niedawno u\u015bwiadomi\u0142em sobie, \u017ce we Wrzeszczu &#8211; i ca\u0142ym Gda\u0144sku &#8211; brakuje&nbsp;oznacze\u0144 miejsc, w kt\u00f3rych mieszkali znani, wa\u017cni lub zas\u0142u\u017ceni dla miasta ludzie. Nie chodzi mi o tablice-pomniki, ale o estetyczne tablice informacyjne, kt\u00f3re m\u00f3wi\u0142by o zwi\u0105zku danej lokalizacji ze \u201es\u0142awn\u0105\u201d osob\u0105. Taki system dzia\u0142a chocia\u017cby w Wielkiej Brytanii \u2013 np. w Londynie napotka\u0107&nbsp;mo\u017cna liczne <a href=\"https:\/\/pl.wikipedia.org\/wiki\/Niebieska_tablica\" target=\"_blank\" rel=\"noopener\"><em>blue plaques<\/em><\/a>, czyli niebieskie tablice, pe\u0142ni\u0105ce opisan\u0105 przeze mnie funkcj\u0119.<\/p>\n<div id=\"attachment_2492\" style=\"width: 306px\" class=\"wp-caption aligncenter\"><img loading=\"lazy\" decoding=\"async\" aria-describedby=\"caption-attachment-2492\" class=\"wp-image-2492 size-medium\" src=\"http:\/\/jarekwasielewski.pl\/zwrzeszcza\/wp-content\/uploads\/2016\/02\/Dickens_Plaque_1338-300x275.jpg\" alt=\"Dickens_Plaque_1338\" width=\"300\" height=\"275\" srcset=\"https:\/\/jarekwasielewski.pl\/zwrzeszcza\/wp-content\/uploads\/2016\/02\/Dickens_Plaque_1338-300x275.jpg 300w, https:\/\/jarekwasielewski.pl\/zwrzeszcza\/wp-content\/uploads\/2016\/02\/Dickens_Plaque_1338-768x705.jpg 768w, https:\/\/jarekwasielewski.pl\/zwrzeszcza\/wp-content\/uploads\/2016\/02\/Dickens_Plaque_1338.jpg 837w\" sizes=\"auto, (max-width: 300px) 100vw, 300px\" \/><p id=\"caption-attachment-2492\" class=\"wp-caption-text\">(Wikimedia Commons)<\/p><\/div>\n<p style=\"text-align: justify;\">Owszem, spaceruj\u0105c&nbsp;po Wrzeszczu mo\u017cna napotka\u0107 tablice pami\u0105tkowe, z tym, \u017ce po\u015bwi\u0119cone s\u0105 osobom, o kt\u00f3re mia\u0142 si\u0119 kto upomnie\u0107. W tym gronie s\u0105&nbsp;m.in.&nbsp;<a href=\"http:\/\/www.gedanopedia.pl\/gdansk\/?title=JARZYN%C3%93WNA-SOBCZAK_JANINA\" target=\"_blank\" rel=\"noopener\">Janina Jarzyn\u00f3wna-Sobczak<\/a> (ul. Ja\u015bkowa Dolina 11), <a href=\"http:\/\/www.gedanopedia.pl\/gdansk\/?title=RYBICKI_ARKADIUSZ\" target=\"_blank\" rel=\"noopener\">Arkadiusz Rybicki<\/a> (ul. Sienkiewicza 10) czy <a href=\"http:\/\/www.gedanopedia.pl\/gdansk\/?title=WALENTYNOWICZ_ANNA\" target=\"_blank\" rel=\"noopener\">Anna Walentynowicz<\/a> (al. Grunwaldzka 49). To dobrze, ale moim zdaniem wci\u0105\u017c za ma\u0142o. Nasze miasto wsp\u00f3\u0142tworzy\u0142o przecie\u017c wi\u0119cej znanych Wrzeszczan, a o wielu z nich dzi\u015b si\u0119 nie pami\u0119ta. Dlatego warto by podj\u0105\u0107 bardziej zorganizowany i obiektywny wysi\u0142ek.<\/p>\n<p style=\"text-align: justify;\">Kryterium doboru by\u0142oby proste: osoba musia\u0142a zas\u0142u\u017cy\u0107 si\u0119 jako\u015b dla Gda\u0144ska, albo&nbsp;tego wsp\u00f3\u0142czesnego, albo&nbsp;przedwojennego, kt\u00f3rego jeste\u015bmy przecie\u017c spadkobiercami. W ten spos\u00f3b w\u015br\u00f3d upami\u0119tnionych tabliczk\u0105 byliby zar\u00f3wno Niemcy, jak np.&nbsp;<a href=\"http:\/\/www.gedanopedia.pl\/gdansk\/?title=BIELEFELDT_ADOLPH\" target=\"_blank\" rel=\"noopener\">Adolf Bielefeldt<\/a> (ul. Podle\u015bna), <a href=\"http:\/\/www.gedanopedia.pl\/gdansk\/?title=CARSTEN_ALBERT\" target=\"_blank\" rel=\"noopener\">Albert Carsten<\/a> (ul. Batorego), czy <a href=\"http:\/\/www.gedanopedia.pl\/gdansk\/?title=HELLINGRATH_BERTHOLD_FRANZ\" target=\"_blank\" rel=\"noopener\">Berthold Hellingrath<\/a> (ul. Fiszera), jak i Polacy, jak np. <a href=\"http:\/\/www.gedanopedia.pl\/gdansk\/?title=PNIEWSKI_W%C5%81ADYS%C5%81AW\" target=\"_blank\" rel=\"noopener\">W\u0142adys\u0142aw Pniewski<\/a> (ul. Grunwaldzka 132), <a href=\"http:\/\/www.gedanopedia.pl\/gdansk\/?title=OSTROWSKA_R%C3%93%C5%BBA\" target=\"_blank\" rel=\"noopener\">R\u00f3\u017ca Ostrowska<\/a>&nbsp;(ul. Partyzant\u00f3w) czy&nbsp;<a href=\"http:\/\/www.gedanopedia.pl\/gdansk\/?title=FAC_BOLES%C5%81AW\" target=\"_blank\" rel=\"noopener\">Boles\u0142aw Fac<\/a> (ul. Lelewela).<\/p>\n<p style=\"text-align: justify;\">Umieszczenie tabliczek by\u0142oby doskona\u0142\u0105 okazj\u0105 do przypomnienia mieszka\u0144com o znanych postaciach zwi\u0105zanych z Gda\u0144skiem,&nbsp;a jednocze\u015bnie pomog\u0142oby&nbsp;przybli\u017cy\u0107 sam\u0105 jego histori\u0119.<\/p>\n<p style=\"text-align: justify;\">Co o tym my\u015blicie?<\/p>\n","protected":false},"excerpt":{"rendered":"<p>Niedawno u\u015bwiadomi\u0142em sobie, \u017ce we Wrzeszczu &#8211; i ca\u0142ym Gda\u0144sku &#8211; brakuje&nbsp;oznacze\u0144 miejsc, w kt\u00f3rych mieszkali znani, wa\u017cni lub zas\u0142u\u017ceni dla miasta ludzie. Nie chodzi mi o tablice-pomniki, ale o estetyczne tablice informacyjne, kt\u00f3re m\u00f3wi\u0142by o zwi\u0105zku danej lokalizacji ze \u201es\u0142awn\u0105\u201d osob\u0105. Taki system dzia\u0142a chocia\u017cby w Wielkiej Brytanii \u2013 np. w Londynie napotka\u0107&nbsp;mo\u017cna liczne&hellip;<\/p>\n","protected":false},"author":1,"featured_media":2491,"comment_status":"closed","ping_status":"closed","sticky":false,"template":"","format":"standard","meta":{"ngg_post_thumbnail":0,"footnotes":""},"categories":[3,8],"tags":[],"class_list":["post-2490","post","type-post","status-publish","format-standard","has-post-thumbnail","hentry","category-aktualnosci","category-wszystkie"],"yoast_head":"<!-- This site is optimized with the Yoast SEO plugin v27.3 - https:\/\/yoast.com\/product\/yoast-seo-wordpress\/ -->\n<title>Upami\u0119tnijmy znanych Wrzeszczan! - Wrzeszcz Jarka Wasielewskiego<\/title>\n<meta name=\"robots\" content=\"index, follow, max-snippet:-1, max-image-preview:large, max-video-preview:-1\" \/>\n<link rel=\"canonical\" href=\"https:\/\/jarekwasielewski.pl\/zwrzeszcza\/2016\/02\/upamietnijmy-znanych-wrzeszczan\/\" \/>\n<meta property=\"og:locale\" content=\"pl_PL\" \/>\n<meta property=\"og:type\" content=\"article\" \/>\n<meta property=\"og:title\" content=\"Upami\u0119tnijmy znanych Wrzeszczan! - Wrzeszcz Jarka Wasielewskiego\" \/>\n<meta property=\"og:description\" content=\"Niedawno u\u015bwiadomi\u0142em sobie, \u017ce we Wrzeszczu &#8211; i ca\u0142ym Gda\u0144sku &#8211; brakuje&nbsp;oznacze\u0144 miejsc, w kt\u00f3rych mieszkali znani, wa\u017cni lub zas\u0142u\u017ceni dla miasta ludzie. Nie chodzi mi o tablice-pomniki, ale o estetyczne tablice informacyjne, kt\u00f3re m\u00f3wi\u0142by o zwi\u0105zku danej lokalizacji ze \u201es\u0142awn\u0105\u201d osob\u0105. Taki system dzia\u0142a chocia\u017cby w Wielkiej Brytanii \u2013 np. w Londynie napotka\u0107&nbsp;mo\u017cna liczne&hellip;\" \/>\n<meta property=\"og:url\" content=\"https:\/\/jarekwasielewski.pl\/zwrzeszcza\/2016\/02\/upamietnijmy-znanych-wrzeszczan\/\" \/>\n<meta property=\"og:site_name\" content=\"Wrzeszcz Jarka Wasielewskiego\" \/>\n<meta property=\"article:published_time\" content=\"2016-02-02T14:14:39+00:00\" \/>\n<meta property=\"article:modified_time\" content=\"2023-11-13T11:27:32+00:00\" \/>\n<meta property=\"og:image\" content=\"https:\/\/jarekwasielewski.pl\/zwrzeszcza\/wp-content\/uploads\/2016\/02\/Ian_Fleming_-_22_Ebury_Street_Blue_Plaque.jpg\" \/>\n\t<meta property=\"og:image:width\" content=\"1097\" \/>\n\t<meta property=\"og:image:height\" content=\"922\" \/>\n\t<meta property=\"og:image:type\" content=\"image\/jpeg\" \/>\n<meta name=\"author\" content=\"Jarek Wasielewski\" \/>\n<meta name=\"twitter:card\" content=\"summary_large_image\" \/>\n<meta name=\"twitter:label1\" content=\"Napisane przez\" \/>\n\t<meta name=\"twitter:data1\" content=\"Jarek Wasielewski\" \/>\n\t<meta name=\"twitter:label2\" content=\"Szacowany czas czytania\" \/>\n\t<meta name=\"twitter:data2\" content=\"2 minuty\" \/>\n<script type=\"application\/ld+json\" class=\"yoast-schema-graph\">{\"@context\":\"https:\\\/\\\/schema.org\",\"@graph\":[{\"@type\":\"Article\",\"@id\":\"https:\\\/\\\/jarekwasielewski.pl\\\/zwrzeszcza\\\/2016\\\/02\\\/upamietnijmy-znanych-wrzeszczan\\\/#article\",\"isPartOf\":{\"@id\":\"https:\\\/\\\/jarekwasielewski.pl\\\/zwrzeszcza\\\/2016\\\/02\\\/upamietnijmy-znanych-wrzeszczan\\\/\"},\"author\":{\"name\":\"Jarek Wasielewski\",\"@id\":\"https:\\\/\\\/jarekwasielewski.pl\\\/zwrzeszcza\\\/#\\\/schema\\\/person\\\/807e6ca1f9fadc1945bd9ac746422589\"},\"headline\":\"Upami\u0119tnijmy znanych Wrzeszczan!\",\"datePublished\":\"2016-02-02T14:14:39+00:00\",\"dateModified\":\"2023-11-13T11:27:32+00:00\",\"mainEntityOfPage\":{\"@id\":\"https:\\\/\\\/jarekwasielewski.pl\\\/zwrzeszcza\\\/2016\\\/02\\\/upamietnijmy-znanych-wrzeszczan\\\/\"},\"wordCount\":310,\"publisher\":{\"@id\":\"https:\\\/\\\/jarekwasielewski.pl\\\/zwrzeszcza\\\/#\\\/schema\\\/person\\\/807e6ca1f9fadc1945bd9ac746422589\"},\"image\":{\"@id\":\"https:\\\/\\\/jarekwasielewski.pl\\\/zwrzeszcza\\\/2016\\\/02\\\/upamietnijmy-znanych-wrzeszczan\\\/#primaryimage\"},\"thumbnailUrl\":\"https:\\\/\\\/jarekwasielewski.pl\\\/zwrzeszcza\\\/wp-content\\\/uploads\\\/2016\\\/02\\\/Ian_Fleming_-_22_Ebury_Street_Blue_Plaque.jpg\",\"articleSection\":[\"Aktualno\u015bci\",\"Wszystkie\"],\"inLanguage\":\"pl-PL\"},{\"@type\":\"WebPage\",\"@id\":\"https:\\\/\\\/jarekwasielewski.pl\\\/zwrzeszcza\\\/2016\\\/02\\\/upamietnijmy-znanych-wrzeszczan\\\/\",\"url\":\"https:\\\/\\\/jarekwasielewski.pl\\\/zwrzeszcza\\\/2016\\\/02\\\/upamietnijmy-znanych-wrzeszczan\\\/\",\"name\":\"Upami\u0119tnijmy znanych Wrzeszczan! - Wrzeszcz Jarka Wasielewskiego\",\"isPartOf\":{\"@id\":\"https:\\\/\\\/jarekwasielewski.pl\\\/zwrzeszcza\\\/#website\"},\"primaryImageOfPage\":{\"@id\":\"https:\\\/\\\/jarekwasielewski.pl\\\/zwrzeszcza\\\/2016\\\/02\\\/upamietnijmy-znanych-wrzeszczan\\\/#primaryimage\"},\"image\":{\"@id\":\"https:\\\/\\\/jarekwasielewski.pl\\\/zwrzeszcza\\\/2016\\\/02\\\/upamietnijmy-znanych-wrzeszczan\\\/#primaryimage\"},\"thumbnailUrl\":\"https:\\\/\\\/jarekwasielewski.pl\\\/zwrzeszcza\\\/wp-content\\\/uploads\\\/2016\\\/02\\\/Ian_Fleming_-_22_Ebury_Street_Blue_Plaque.jpg\",\"datePublished\":\"2016-02-02T14:14:39+00:00\",\"dateModified\":\"2023-11-13T11:27:32+00:00\",\"breadcrumb\":{\"@id\":\"https:\\\/\\\/jarekwasielewski.pl\\\/zwrzeszcza\\\/2016\\\/02\\\/upamietnijmy-znanych-wrzeszczan\\\/#breadcrumb\"},\"inLanguage\":\"pl-PL\",\"potentialAction\":[{\"@type\":\"ReadAction\",\"target\":[\"https:\\\/\\\/jarekwasielewski.pl\\\/zwrzeszcza\\\/2016\\\/02\\\/upamietnijmy-znanych-wrzeszczan\\\/\"]}]},{\"@type\":\"ImageObject\",\"inLanguage\":\"pl-PL\",\"@id\":\"https:\\\/\\\/jarekwasielewski.pl\\\/zwrzeszcza\\\/2016\\\/02\\\/upamietnijmy-znanych-wrzeszczan\\\/#primaryimage\",\"url\":\"https:\\\/\\\/jarekwasielewski.pl\\\/zwrzeszcza\\\/wp-content\\\/uploads\\\/2016\\\/02\\\/Ian_Fleming_-_22_Ebury_Street_Blue_Plaque.jpg\",\"contentUrl\":\"https:\\\/\\\/jarekwasielewski.pl\\\/zwrzeszcza\\\/wp-content\\\/uploads\\\/2016\\\/02\\\/Ian_Fleming_-_22_Ebury_Street_Blue_Plaque.jpg\",\"width\":1097,\"height\":922},{\"@type\":\"BreadcrumbList\",\"@id\":\"https:\\\/\\\/jarekwasielewski.pl\\\/zwrzeszcza\\\/2016\\\/02\\\/upamietnijmy-znanych-wrzeszczan\\\/#breadcrumb\",\"itemListElement\":[{\"@type\":\"ListItem\",\"position\":1,\"name\":\"Strona g\u0142\u00f3wna\",\"item\":\"https:\\\/\\\/jarekwasielewski.pl\\\/zwrzeszcza\\\/\"},{\"@type\":\"ListItem\",\"position\":2,\"name\":\"Upami\u0119tnijmy znanych Wrzeszczan!\"}]},{\"@type\":\"WebSite\",\"@id\":\"https:\\\/\\\/jarekwasielewski.pl\\\/zwrzeszcza\\\/#website\",\"url\":\"https:\\\/\\\/jarekwasielewski.pl\\\/zwrzeszcza\\\/\",\"name\":\"Wrzeszcza Jarka Wasielewskiego\",\"description\":\"Blog Jarka Wasielewskiego o Wrzeszczu\",\"publisher\":{\"@id\":\"https:\\\/\\\/jarekwasielewski.pl\\\/zwrzeszcza\\\/#\\\/schema\\\/person\\\/807e6ca1f9fadc1945bd9ac746422589\"},\"potentialAction\":[{\"@type\":\"SearchAction\",\"target\":{\"@type\":\"EntryPoint\",\"urlTemplate\":\"https:\\\/\\\/jarekwasielewski.pl\\\/zwrzeszcza\\\/?s={search_term_string}\"},\"query-input\":{\"@type\":\"PropertyValueSpecification\",\"valueRequired\":true,\"valueName\":\"search_term_string\"}}],\"inLanguage\":\"pl-PL\"},{\"@type\":[\"Person\",\"Organization\"],\"@id\":\"https:\\\/\\\/jarekwasielewski.pl\\\/zwrzeszcza\\\/#\\\/schema\\\/person\\\/807e6ca1f9fadc1945bd9ac746422589\",\"name\":\"Jarek Wasielewski\",\"image\":{\"@type\":\"ImageObject\",\"inLanguage\":\"pl-PL\",\"@id\":\"http:\\\/\\\/jarekwasielewski.pl\\\/zwrzeszcza\\\/wp-content\\\/uploads\\\/2021\\\/09\\\/jw.png\",\"url\":\"http:\\\/\\\/jarekwasielewski.pl\\\/zwrzeszcza\\\/wp-content\\\/uploads\\\/2021\\\/09\\\/jw.png\",\"contentUrl\":\"http:\\\/\\\/jarekwasielewski.pl\\\/zwrzeszcza\\\/wp-content\\\/uploads\\\/2021\\\/09\\\/jw.png\",\"width\":715,\"height\":630,\"caption\":\"Jarek Wasielewski\"},\"logo\":{\"@id\":\"http:\\\/\\\/jarekwasielewski.pl\\\/zwrzeszcza\\\/wp-content\\\/uploads\\\/2021\\\/09\\\/jw.png\"},\"sameAs\":[\"http:\\\/\\\/jarekwasielewski.pl\\\/zwrzeszcza\"]}]}<\/script>\n<!-- \/ Yoast SEO plugin. -->","yoast_head_json":{"title":"Upami\u0119tnijmy znanych Wrzeszczan! - Wrzeszcz Jarka Wasielewskiego","robots":{"index":"index","follow":"follow","max-snippet":"max-snippet:-1","max-image-preview":"max-image-preview:large","max-video-preview":"max-video-preview:-1"},"canonical":"https:\/\/jarekwasielewski.pl\/zwrzeszcza\/2016\/02\/upamietnijmy-znanych-wrzeszczan\/","og_locale":"pl_PL","og_type":"article","og_title":"Upami\u0119tnijmy znanych Wrzeszczan! - Wrzeszcz Jarka Wasielewskiego","og_description":"Niedawno u\u015bwiadomi\u0142em sobie, \u017ce we Wrzeszczu &#8211; i ca\u0142ym Gda\u0144sku &#8211; brakuje&nbsp;oznacze\u0144 miejsc, w kt\u00f3rych mieszkali znani, wa\u017cni lub zas\u0142u\u017ceni dla miasta ludzie. Nie chodzi mi o tablice-pomniki, ale o estetyczne tablice informacyjne, kt\u00f3re m\u00f3wi\u0142by o zwi\u0105zku danej lokalizacji ze \u201es\u0142awn\u0105\u201d osob\u0105. Taki system dzia\u0142a chocia\u017cby w Wielkiej Brytanii \u2013 np. w Londynie napotka\u0107&nbsp;mo\u017cna liczne&hellip;","og_url":"https:\/\/jarekwasielewski.pl\/zwrzeszcza\/2016\/02\/upamietnijmy-znanych-wrzeszczan\/","og_site_name":"Wrzeszcz Jarka Wasielewskiego","article_published_time":"2016-02-02T14:14:39+00:00","article_modified_time":"2023-11-13T11:27:32+00:00","og_image":[{"width":1097,"height":922,"url":"https:\/\/jarekwasielewski.pl\/zwrzeszcza\/wp-content\/uploads\/2016\/02\/Ian_Fleming_-_22_Ebury_Street_Blue_Plaque.jpg","type":"image\/jpeg"}],"author":"Jarek Wasielewski","twitter_card":"summary_large_image","twitter_misc":{"Napisane przez":"Jarek Wasielewski","Szacowany czas czytania":"2 minuty"},"schema":{"@context":"https:\/\/schema.org","@graph":[{"@type":"Article","@id":"https:\/\/jarekwasielewski.pl\/zwrzeszcza\/2016\/02\/upamietnijmy-znanych-wrzeszczan\/#article","isPartOf":{"@id":"https:\/\/jarekwasielewski.pl\/zwrzeszcza\/2016\/02\/upamietnijmy-znanych-wrzeszczan\/"},"author":{"name":"Jarek Wasielewski","@id":"https:\/\/jarekwasielewski.pl\/zwrzeszcza\/#\/schema\/person\/807e6ca1f9fadc1945bd9ac746422589"},"headline":"Upami\u0119tnijmy znanych Wrzeszczan!","datePublished":"2016-02-02T14:14:39+00:00","dateModified":"2023-11-13T11:27:32+00:00","mainEntityOfPage":{"@id":"https:\/\/jarekwasielewski.pl\/zwrzeszcza\/2016\/02\/upamietnijmy-znanych-wrzeszczan\/"},"wordCount":310,"publisher":{"@id":"https:\/\/jarekwasielewski.pl\/zwrzeszcza\/#\/schema\/person\/807e6ca1f9fadc1945bd9ac746422589"},"image":{"@id":"https:\/\/jarekwasielewski.pl\/zwrzeszcza\/2016\/02\/upamietnijmy-znanych-wrzeszczan\/#primaryimage"},"thumbnailUrl":"https:\/\/jarekwasielewski.pl\/zwrzeszcza\/wp-content\/uploads\/2016\/02\/Ian_Fleming_-_22_Ebury_Street_Blue_Plaque.jpg","articleSection":["Aktualno\u015bci","Wszystkie"],"inLanguage":"pl-PL"},{"@type":"WebPage","@id":"https:\/\/jarekwasielewski.pl\/zwrzeszcza\/2016\/02\/upamietnijmy-znanych-wrzeszczan\/","url":"https:\/\/jarekwasielewski.pl\/zwrzeszcza\/2016\/02\/upamietnijmy-znanych-wrzeszczan\/","name":"Upami\u0119tnijmy znanych Wrzeszczan! - Wrzeszcz Jarka Wasielewskiego","isPartOf":{"@id":"https:\/\/jarekwasielewski.pl\/zwrzeszcza\/#website"},"primaryImageOfPage":{"@id":"https:\/\/jarekwasielewski.pl\/zwrzeszcza\/2016\/02\/upamietnijmy-znanych-wrzeszczan\/#primaryimage"},"image":{"@id":"https:\/\/jarekwasielewski.pl\/zwrzeszcza\/2016\/02\/upamietnijmy-znanych-wrzeszczan\/#primaryimage"},"thumbnailUrl":"https:\/\/jarekwasielewski.pl\/zwrzeszcza\/wp-content\/uploads\/2016\/02\/Ian_Fleming_-_22_Ebury_Street_Blue_Plaque.jpg","datePublished":"2016-02-02T14:14:39+00:00","dateModified":"2023-11-13T11:27:32+00:00","breadcrumb":{"@id":"https:\/\/jarekwasielewski.pl\/zwrzeszcza\/2016\/02\/upamietnijmy-znanych-wrzeszczan\/#breadcrumb"},"inLanguage":"pl-PL","potentialAction":[{"@type":"ReadAction","target":["https:\/\/jarekwasielewski.pl\/zwrzeszcza\/2016\/02\/upamietnijmy-znanych-wrzeszczan\/"]}]},{"@type":"ImageObject","inLanguage":"pl-PL","@id":"https:\/\/jarekwasielewski.pl\/zwrzeszcza\/2016\/02\/upamietnijmy-znanych-wrzeszczan\/#primaryimage","url":"https:\/\/jarekwasielewski.pl\/zwrzeszcza\/wp-content\/uploads\/2016\/02\/Ian_Fleming_-_22_Ebury_Street_Blue_Plaque.jpg","contentUrl":"https:\/\/jarekwasielewski.pl\/zwrzeszcza\/wp-content\/uploads\/2016\/02\/Ian_Fleming_-_22_Ebury_Street_Blue_Plaque.jpg","width":1097,"height":922},{"@type":"BreadcrumbList","@id":"https:\/\/jarekwasielewski.pl\/zwrzeszcza\/2016\/02\/upamietnijmy-znanych-wrzeszczan\/#breadcrumb","itemListElement":[{"@type":"ListItem","position":1,"name":"Strona g\u0142\u00f3wna","item":"https:\/\/jarekwasielewski.pl\/zwrzeszcza\/"},{"@type":"ListItem","position":2,"name":"Upami\u0119tnijmy znanych Wrzeszczan!"}]},{"@type":"WebSite","@id":"https:\/\/jarekwasielewski.pl\/zwrzeszcza\/#website","url":"https:\/\/jarekwasielewski.pl\/zwrzeszcza\/","name":"Wrzeszcza Jarka Wasielewskiego","description":"Blog Jarka Wasielewskiego o Wrzeszczu","publisher":{"@id":"https:\/\/jarekwasielewski.pl\/zwrzeszcza\/#\/schema\/person\/807e6ca1f9fadc1945bd9ac746422589"},"potentialAction":[{"@type":"SearchAction","target":{"@type":"EntryPoint","urlTemplate":"https:\/\/jarekwasielewski.pl\/zwrzeszcza\/?s={search_term_string}"},"query-input":{"@type":"PropertyValueSpecification","valueRequired":true,"valueName":"search_term_string"}}],"inLanguage":"pl-PL"},{"@type":["Person","Organization"],"@id":"https:\/\/jarekwasielewski.pl\/zwrzeszcza\/#\/schema\/person\/807e6ca1f9fadc1945bd9ac746422589","name":"Jarek Wasielewski","image":{"@type":"ImageObject","inLanguage":"pl-PL","@id":"http:\/\/jarekwasielewski.pl\/zwrzeszcza\/wp-content\/uploads\/2021\/09\/jw.png","url":"http:\/\/jarekwasielewski.pl\/zwrzeszcza\/wp-content\/uploads\/2021\/09\/jw.png","contentUrl":"http:\/\/jarekwasielewski.pl\/zwrzeszcza\/wp-content\/uploads\/2021\/09\/jw.png","width":715,"height":630,"caption":"Jarek Wasielewski"},"logo":{"@id":"http:\/\/jarekwasielewski.pl\/zwrzeszcza\/wp-content\/uploads\/2021\/09\/jw.png"},"sameAs":["http:\/\/jarekwasielewski.pl\/zwrzeszcza"]}]}},"_links":{"self":[{"href":"https:\/\/jarekwasielewski.pl\/zwrzeszcza\/wp-json\/wp\/v2\/posts\/2490","targetHints":{"allow":["GET"]}}],"collection":[{"href":"https:\/\/jarekwasielewski.pl\/zwrzeszcza\/wp-json\/wp\/v2\/posts"}],"about":[{"href":"https:\/\/jarekwasielewski.pl\/zwrzeszcza\/wp-json\/wp\/v2\/types\/post"}],"author":[{"embeddable":true,"href":"https:\/\/jarekwasielewski.pl\/zwrzeszcza\/wp-json\/wp\/v2\/users\/1"}],"replies":[{"embeddable":true,"href":"https:\/\/jarekwasielewski.pl\/zwrzeszcza\/wp-json\/wp\/v2\/comments?post=2490"}],"version-history":[{"count":1,"href":"https:\/\/jarekwasielewski.pl\/zwrzeszcza\/wp-json\/wp\/v2\/posts\/2490\/revisions"}],"predecessor-version":[{"id":5643,"href":"https:\/\/jarekwasielewski.pl\/zwrzeszcza\/wp-json\/wp\/v2\/posts\/2490\/revisions\/5643"}],"wp:featuredmedia":[{"embeddable":true,"href":"https:\/\/jarekwasielewski.pl\/zwrzeszcza\/wp-json\/wp\/v2\/media\/2491"}],"wp:attachment":[{"href":"https:\/\/jarekwasielewski.pl\/zwrzeszcza\/wp-json\/wp\/v2\/media?parent=2490"}],"wp:term":[{"taxonomy":"category","embeddable":true,"href":"https:\/\/jarekwasielewski.pl\/zwrzeszcza\/wp-json\/wp\/v2\/categories?post=2490"},{"taxonomy":"post_tag","embeddable":true,"href":"https:\/\/jarekwasielewski.pl\/zwrzeszcza\/wp-json\/wp\/v2\/tags?post=2490"}],"curies":[{"name":"wp","href":"https:\/\/api.w.org\/{rel}","templated":true}]}}