{"id":2462,"date":"2016-01-22T12:46:33","date_gmt":"2016-01-22T11:46:33","guid":{"rendered":"http:\/\/jarekwasielewski.pl\/zwrzeszcza\/?p=2462"},"modified":"2023-11-13T12:27:04","modified_gmt":"2023-11-13T11:27:04","slug":"panorama-wrzeszcza-sprzed-ponad-120-lat","status":"publish","type":"post","link":"https:\/\/jarekwasielewski.pl\/zwrzeszcza\/2016\/01\/panorama-wrzeszcza-sprzed-ponad-120-lat\/","title":{"rendered":"Panorama Wrzeszcza sprzed ponad 120 lat"},"content":{"rendered":"<p style=\"text-align: justify;\">W <a href=\"http:\/\/pbc.gda.pl\/dlibra\" target=\"_blank\" rel=\"noopener\">Pomorskiej Bibliotece Cyfrowej<\/a> wypatrzy\u0142em ostatnio dwie bardzo ciekawe fotografie Wrzeszcza. Wykona\u0142 je ok. 1893 roku niejaki <a href=\"https:\/\/de.wikipedia.org\/wiki\/Wilhelm_Dreesen\" target=\"_blank\" rel=\"noopener\">Wilhelm Dreesen<\/a>. Chcia\u0142bym dzi\u015b Wam zaprezentowa\u0107 pierwsz\u0105 z nich.<\/p>\n<div id=\"attachment_2463\" style=\"width: 306px\" class=\"wp-caption aligncenter\"><a href=\"http:\/\/jarekwasielewski.pl\/zwrzeszcza\/wp-content\/uploads\/2016\/01\/wrzeszcz_widok_dreesen_1893.jpg\"><img loading=\"lazy\" decoding=\"async\" aria-describedby=\"caption-attachment-2463\" class=\"wp-image-2463 size-medium\" src=\"http:\/\/jarekwasielewski.pl\/zwrzeszcza\/wp-content\/uploads\/2016\/01\/wrzeszcz_widok_dreesen_1893-300x216.jpg\" alt=\"wrzeszcz_widok_dreesen_1893\" width=\"300\" height=\"216\" srcset=\"https:\/\/jarekwasielewski.pl\/zwrzeszcza\/wp-content\/uploads\/2016\/01\/wrzeszcz_widok_dreesen_1893-300x216.jpg 300w, https:\/\/jarekwasielewski.pl\/zwrzeszcza\/wp-content\/uploads\/2016\/01\/wrzeszcz_widok_dreesen_1893-768x554.jpg 768w, https:\/\/jarekwasielewski.pl\/zwrzeszcza\/wp-content\/uploads\/2016\/01\/wrzeszcz_widok_dreesen_1893-1024x738.jpg 1024w, https:\/\/jarekwasielewski.pl\/zwrzeszcza\/wp-content\/uploads\/2016\/01\/wrzeszcz_widok_dreesen_1893.jpg 1200w\" sizes=\"auto, (max-width: 300px) 100vw, 300px\" \/><\/a><p id=\"caption-attachment-2463\" class=\"wp-caption-text\">(\u017ar\u00f3d\u0142o: pbc.gda.pl)<\/p><\/div>\n<p style=\"text-align: justify;\">Zdj\u0119cie zrobiono <a href=\"https:\/\/goo.gl\/maps\/8spAYULQRNR2\" target=\"_blank\" rel=\"noopener\">z G\u00f3ry Jana<\/a>. Widoki z tego wzniesienia pojawia\u0142y si\u0119 na dziesi\u0105tkach poczt\u00f3wek, jednak zazwyczaj s\u0105 one p\u00f3\u017aniejsze i ukazuj\u0105 ju\u017c prawie ukszta\u0142towan\u0105 dzielnic\u0119. Tymczasem omawiana tutaj fotografia to rzadki obrazek ukazuj\u0105cy ostatnie lata&nbsp;wiejskiego Wrzeszcza, w kt\u00f3rym zacz\u0119\u0142y ju\u017c powstawa\u0107 wielkomiejskie urz\u0105dzenia:<\/p>\n<p style=\"text-align: justify;\"><a href=\"http:\/\/jarekwasielewski.pl\/zwrzeszcza\/wp-content\/uploads\/2016\/01\/wrzeszcz_widok_dreesen_1893_opis.jpg\"><img loading=\"lazy\" decoding=\"async\" class=\"aligncenter wp-image-2464 size-medium\" src=\"http:\/\/jarekwasielewski.pl\/zwrzeszcza\/wp-content\/uploads\/2016\/01\/wrzeszcz_widok_dreesen_1893_opis-300x216.jpg\" alt=\"wrzeszcz_widok_dreesen_1893_opis\" width=\"300\" height=\"216\" srcset=\"https:\/\/jarekwasielewski.pl\/zwrzeszcza\/wp-content\/uploads\/2016\/01\/wrzeszcz_widok_dreesen_1893_opis-300x216.jpg 300w, https:\/\/jarekwasielewski.pl\/zwrzeszcza\/wp-content\/uploads\/2016\/01\/wrzeszcz_widok_dreesen_1893_opis-768x554.jpg 768w, https:\/\/jarekwasielewski.pl\/zwrzeszcza\/wp-content\/uploads\/2016\/01\/wrzeszcz_widok_dreesen_1893_opis-1024x738.jpg 1024w, https:\/\/jarekwasielewski.pl\/zwrzeszcza\/wp-content\/uploads\/2016\/01\/wrzeszcz_widok_dreesen_1893_opis.jpg 1200w\" sizes=\"auto, (max-width: 300px) 100vw, 300px\" \/><\/a><\/p>\n<p style=\"text-align: justify;\">W \u015brodku zdj\u0119cia wida\u0107 kominy browaru na Ku\u017aniczkach (1), nieco ni\u017cej, ukosem stoj\u0105cy budynek szkolny przy dzisiejszej ul. Dmowskiego (2), po lewej widzimy pod\u0142u\u017cne hale zajezdni tramwajowej przy dzisiejszej ul. Partyzant\u00f3w (3). Wida\u0107 tak\u017ce domki wzd\u0142u\u017c ulicy Brzozowej&nbsp;(4), a bli\u017cej nas &#8211;&nbsp;m.in. okaza\u0142\u0105 kamienic\u0119 na rogu ulic Ja\u015bkowa Dolina i Matejki (5).<\/p>\n<p style=\"text-align: justify;\">Bardzo ciekawe jest tak\u017ce&nbsp;to, czego na zdj\u0119ciu nie wida\u0107. Przypominam, jest rok ok. 1893 i Wrzeszcz ko\u0144czy si\u0119 na browarze. Dalej ju\u017c nic nie ma, jak okiem si\u0119gn\u0105\u0107 ci\u0105gn\u0105 si\u0119 \u0142\u0105ki, urozmaicane czasem niewielkimi laskami. Wi\u0119ksza cz\u0119\u015b\u0107 przestrzeni, kt\u00f3r\u0105 nazywamy dzi\u015b Dolny Wrzeszczem praktycznie jeszcze nie istnieje!<\/p>\n<p style=\"text-align: justify;\">Jestem ciekaw, jakie inne wrzeszcza\u0144skie obiekty&nbsp;wypatrzycie na tym zdj\u0119ciu \ud83d\ude42<\/p>\n<p style=\"text-align: justify;\">PS. Poczytajcie tak\u017ce o innym zdj\u0119ciu Wrzeszcza na prze\u0142omie epok:<\/p>\n<p style=\"text-align: justify;\"><a href=\"http:\/\/jarekwasielewski.pl\/zwrzeszcza\/2015\/11\/niezwykle-zdjecie-wrzeszcza-na-przelomie-epok\/\"><img loading=\"lazy\" decoding=\"async\" class=\"aligncenter wp-image-2310 size-medium\" src=\"http:\/\/jarekwasielewski.pl\/zwrzeszcza\/wp-content\/uploads\/2015\/11\/langfuhr_klempnerei_elendt-300x203.jpg\" alt=\"langfuhr_klempnerei_elendt\" width=\"300\" height=\"203\" srcset=\"https:\/\/jarekwasielewski.pl\/zwrzeszcza\/wp-content\/uploads\/2015\/11\/langfuhr_klempnerei_elendt-300x203.jpg 300w, https:\/\/jarekwasielewski.pl\/zwrzeszcza\/wp-content\/uploads\/2015\/11\/langfuhr_klempnerei_elendt-1024x694.jpg 1024w, https:\/\/jarekwasielewski.pl\/zwrzeszcza\/wp-content\/uploads\/2015\/11\/langfuhr_klempnerei_elendt.jpg 1200w\" sizes=\"auto, (max-width: 300px) 100vw, 300px\" \/><\/a><\/p>\n","protected":false},"excerpt":{"rendered":"<p>W Pomorskiej Bibliotece Cyfrowej wypatrzy\u0142em ostatnio dwie bardzo ciekawe fotografie Wrzeszcza. Wykona\u0142 je ok. 1893 roku niejaki Wilhelm Dreesen. Chcia\u0142bym dzi\u015b Wam zaprezentowa\u0107 pierwsz\u0105 z nich. Zdj\u0119cie zrobiono z G\u00f3ry Jana. Widoki z tego wzniesienia pojawia\u0142y si\u0119 na dziesi\u0105tkach poczt\u00f3wek, jednak zazwyczaj s\u0105 one p\u00f3\u017aniejsze i ukazuj\u0105 ju\u017c prawie ukszta\u0142towan\u0105 dzielnic\u0119. Tymczasem omawiana tutaj fotografia&hellip;<\/p>\n","protected":false},"author":1,"featured_media":2463,"comment_status":"open","ping_status":"closed","sticky":false,"template":"","format":"standard","meta":{"ngg_post_thumbnail":0,"footnotes":""},"categories":[7,8],"tags":[],"class_list":["post-2462","post","type-post","status-publish","format-standard","has-post-thumbnail","hentry","category-przed-1945","category-wszystkie"],"yoast_head":"<!-- This site is optimized with the Yoast SEO plugin v27.3 - https:\/\/yoast.com\/product\/yoast-seo-wordpress\/ -->\n<title>Panorama Wrzeszcza sprzed ponad 120 lat - Wrzeszcz Jarka Wasielewskiego<\/title>\n<meta name=\"robots\" content=\"index, follow, max-snippet:-1, max-image-preview:large, max-video-preview:-1\" \/>\n<link rel=\"canonical\" href=\"https:\/\/jarekwasielewski.pl\/zwrzeszcza\/2016\/01\/panorama-wrzeszcza-sprzed-ponad-120-lat\/\" \/>\n<meta property=\"og:locale\" content=\"pl_PL\" \/>\n<meta property=\"og:type\" content=\"article\" \/>\n<meta property=\"og:title\" content=\"Panorama Wrzeszcza sprzed ponad 120 lat - Wrzeszcz Jarka Wasielewskiego\" \/>\n<meta property=\"og:description\" content=\"W Pomorskiej Bibliotece Cyfrowej wypatrzy\u0142em ostatnio dwie bardzo ciekawe fotografie Wrzeszcza. Wykona\u0142 je ok. 1893 roku niejaki Wilhelm Dreesen. Chcia\u0142bym dzi\u015b Wam zaprezentowa\u0107 pierwsz\u0105 z nich. Zdj\u0119cie zrobiono z G\u00f3ry Jana. Widoki z tego wzniesienia pojawia\u0142y si\u0119 na dziesi\u0105tkach poczt\u00f3wek, jednak zazwyczaj s\u0105 one p\u00f3\u017aniejsze i ukazuj\u0105 ju\u017c prawie ukszta\u0142towan\u0105 dzielnic\u0119. Tymczasem omawiana tutaj fotografia&hellip;\" \/>\n<meta property=\"og:url\" content=\"https:\/\/jarekwasielewski.pl\/zwrzeszcza\/2016\/01\/panorama-wrzeszcza-sprzed-ponad-120-lat\/\" \/>\n<meta property=\"og:site_name\" content=\"Wrzeszcz Jarka Wasielewskiego\" \/>\n<meta property=\"article:published_time\" content=\"2016-01-22T11:46:33+00:00\" \/>\n<meta property=\"article:modified_time\" content=\"2023-11-13T11:27:04+00:00\" \/>\n<meta property=\"og:image\" content=\"https:\/\/jarekwasielewski.pl\/zwrzeszcza\/wp-content\/uploads\/2016\/01\/wrzeszcz_widok_dreesen_1893.jpg\" \/>\n\t<meta property=\"og:image:width\" content=\"1200\" \/>\n\t<meta property=\"og:image:height\" content=\"865\" \/>\n\t<meta property=\"og:image:type\" content=\"image\/jpeg\" \/>\n<meta name=\"author\" content=\"Jarek Wasielewski\" \/>\n<meta name=\"twitter:card\" content=\"summary_large_image\" \/>\n<meta name=\"twitter:label1\" content=\"Napisane przez\" \/>\n\t<meta name=\"twitter:data1\" content=\"Jarek Wasielewski\" \/>\n\t<meta name=\"twitter:label2\" content=\"Szacowany czas czytania\" \/>\n\t<meta name=\"twitter:data2\" content=\"3 minuty\" \/>\n<script type=\"application\/ld+json\" class=\"yoast-schema-graph\">{\"@context\":\"https:\\\/\\\/schema.org\",\"@graph\":[{\"@type\":\"Article\",\"@id\":\"https:\\\/\\\/jarekwasielewski.pl\\\/zwrzeszcza\\\/2016\\\/01\\\/panorama-wrzeszcza-sprzed-ponad-120-lat\\\/#article\",\"isPartOf\":{\"@id\":\"https:\\\/\\\/jarekwasielewski.pl\\\/zwrzeszcza\\\/2016\\\/01\\\/panorama-wrzeszcza-sprzed-ponad-120-lat\\\/\"},\"author\":{\"name\":\"Jarek Wasielewski\",\"@id\":\"https:\\\/\\\/jarekwasielewski.pl\\\/zwrzeszcza\\\/#\\\/schema\\\/person\\\/807e6ca1f9fadc1945bd9ac746422589\"},\"headline\":\"Panorama Wrzeszcza sprzed ponad 120 lat\",\"datePublished\":\"2016-01-22T11:46:33+00:00\",\"dateModified\":\"2023-11-13T11:27:04+00:00\",\"mainEntityOfPage\":{\"@id\":\"https:\\\/\\\/jarekwasielewski.pl\\\/zwrzeszcza\\\/2016\\\/01\\\/panorama-wrzeszcza-sprzed-ponad-120-lat\\\/\"},\"wordCount\":245,\"commentCount\":6,\"publisher\":{\"@id\":\"https:\\\/\\\/jarekwasielewski.pl\\\/zwrzeszcza\\\/#\\\/schema\\\/person\\\/807e6ca1f9fadc1945bd9ac746422589\"},\"image\":{\"@id\":\"https:\\\/\\\/jarekwasielewski.pl\\\/zwrzeszcza\\\/2016\\\/01\\\/panorama-wrzeszcza-sprzed-ponad-120-lat\\\/#primaryimage\"},\"thumbnailUrl\":\"https:\\\/\\\/jarekwasielewski.pl\\\/zwrzeszcza\\\/wp-content\\\/uploads\\\/2016\\\/01\\\/wrzeszcz_widok_dreesen_1893.jpg\",\"articleSection\":[\"Przed 1945\",\"Wszystkie\"],\"inLanguage\":\"pl-PL\",\"potentialAction\":[{\"@type\":\"CommentAction\",\"name\":\"Comment\",\"target\":[\"https:\\\/\\\/jarekwasielewski.pl\\\/zwrzeszcza\\\/2016\\\/01\\\/panorama-wrzeszcza-sprzed-ponad-120-lat\\\/#respond\"]}]},{\"@type\":\"WebPage\",\"@id\":\"https:\\\/\\\/jarekwasielewski.pl\\\/zwrzeszcza\\\/2016\\\/01\\\/panorama-wrzeszcza-sprzed-ponad-120-lat\\\/\",\"url\":\"https:\\\/\\\/jarekwasielewski.pl\\\/zwrzeszcza\\\/2016\\\/01\\\/panorama-wrzeszcza-sprzed-ponad-120-lat\\\/\",\"name\":\"Panorama Wrzeszcza sprzed ponad 120 lat - Wrzeszcz Jarka Wasielewskiego\",\"isPartOf\":{\"@id\":\"https:\\\/\\\/jarekwasielewski.pl\\\/zwrzeszcza\\\/#website\"},\"primaryImageOfPage\":{\"@id\":\"https:\\\/\\\/jarekwasielewski.pl\\\/zwrzeszcza\\\/2016\\\/01\\\/panorama-wrzeszcza-sprzed-ponad-120-lat\\\/#primaryimage\"},\"image\":{\"@id\":\"https:\\\/\\\/jarekwasielewski.pl\\\/zwrzeszcza\\\/2016\\\/01\\\/panorama-wrzeszcza-sprzed-ponad-120-lat\\\/#primaryimage\"},\"thumbnailUrl\":\"https:\\\/\\\/jarekwasielewski.pl\\\/zwrzeszcza\\\/wp-content\\\/uploads\\\/2016\\\/01\\\/wrzeszcz_widok_dreesen_1893.jpg\",\"datePublished\":\"2016-01-22T11:46:33+00:00\",\"dateModified\":\"2023-11-13T11:27:04+00:00\",\"breadcrumb\":{\"@id\":\"https:\\\/\\\/jarekwasielewski.pl\\\/zwrzeszcza\\\/2016\\\/01\\\/panorama-wrzeszcza-sprzed-ponad-120-lat\\\/#breadcrumb\"},\"inLanguage\":\"pl-PL\",\"potentialAction\":[{\"@type\":\"ReadAction\",\"target\":[\"https:\\\/\\\/jarekwasielewski.pl\\\/zwrzeszcza\\\/2016\\\/01\\\/panorama-wrzeszcza-sprzed-ponad-120-lat\\\/\"]}]},{\"@type\":\"ImageObject\",\"inLanguage\":\"pl-PL\",\"@id\":\"https:\\\/\\\/jarekwasielewski.pl\\\/zwrzeszcza\\\/2016\\\/01\\\/panorama-wrzeszcza-sprzed-ponad-120-lat\\\/#primaryimage\",\"url\":\"https:\\\/\\\/jarekwasielewski.pl\\\/zwrzeszcza\\\/wp-content\\\/uploads\\\/2016\\\/01\\\/wrzeszcz_widok_dreesen_1893.jpg\",\"contentUrl\":\"https:\\\/\\\/jarekwasielewski.pl\\\/zwrzeszcza\\\/wp-content\\\/uploads\\\/2016\\\/01\\\/wrzeszcz_widok_dreesen_1893.jpg\",\"width\":1200,\"height\":865},{\"@type\":\"BreadcrumbList\",\"@id\":\"https:\\\/\\\/jarekwasielewski.pl\\\/zwrzeszcza\\\/2016\\\/01\\\/panorama-wrzeszcza-sprzed-ponad-120-lat\\\/#breadcrumb\",\"itemListElement\":[{\"@type\":\"ListItem\",\"position\":1,\"name\":\"Strona g\u0142\u00f3wna\",\"item\":\"https:\\\/\\\/jarekwasielewski.pl\\\/zwrzeszcza\\\/\"},{\"@type\":\"ListItem\",\"position\":2,\"name\":\"Panorama Wrzeszcza sprzed ponad 120 lat\"}]},{\"@type\":\"WebSite\",\"@id\":\"https:\\\/\\\/jarekwasielewski.pl\\\/zwrzeszcza\\\/#website\",\"url\":\"https:\\\/\\\/jarekwasielewski.pl\\\/zwrzeszcza\\\/\",\"name\":\"Wrzeszcza Jarka Wasielewskiego\",\"description\":\"Blog Jarka Wasielewskiego o Wrzeszczu\",\"publisher\":{\"@id\":\"https:\\\/\\\/jarekwasielewski.pl\\\/zwrzeszcza\\\/#\\\/schema\\\/person\\\/807e6ca1f9fadc1945bd9ac746422589\"},\"potentialAction\":[{\"@type\":\"SearchAction\",\"target\":{\"@type\":\"EntryPoint\",\"urlTemplate\":\"https:\\\/\\\/jarekwasielewski.pl\\\/zwrzeszcza\\\/?s={search_term_string}\"},\"query-input\":{\"@type\":\"PropertyValueSpecification\",\"valueRequired\":true,\"valueName\":\"search_term_string\"}}],\"inLanguage\":\"pl-PL\"},{\"@type\":[\"Person\",\"Organization\"],\"@id\":\"https:\\\/\\\/jarekwasielewski.pl\\\/zwrzeszcza\\\/#\\\/schema\\\/person\\\/807e6ca1f9fadc1945bd9ac746422589\",\"name\":\"Jarek Wasielewski\",\"image\":{\"@type\":\"ImageObject\",\"inLanguage\":\"pl-PL\",\"@id\":\"http:\\\/\\\/jarekwasielewski.pl\\\/zwrzeszcza\\\/wp-content\\\/uploads\\\/2021\\\/09\\\/jw.png\",\"url\":\"http:\\\/\\\/jarekwasielewski.pl\\\/zwrzeszcza\\\/wp-content\\\/uploads\\\/2021\\\/09\\\/jw.png\",\"contentUrl\":\"http:\\\/\\\/jarekwasielewski.pl\\\/zwrzeszcza\\\/wp-content\\\/uploads\\\/2021\\\/09\\\/jw.png\",\"width\":715,\"height\":630,\"caption\":\"Jarek Wasielewski\"},\"logo\":{\"@id\":\"http:\\\/\\\/jarekwasielewski.pl\\\/zwrzeszcza\\\/wp-content\\\/uploads\\\/2021\\\/09\\\/jw.png\"},\"sameAs\":[\"http:\\\/\\\/jarekwasielewski.pl\\\/zwrzeszcza\"]}]}<\/script>\n<!-- \/ Yoast SEO plugin. -->","yoast_head_json":{"title":"Panorama Wrzeszcza sprzed ponad 120 lat - Wrzeszcz Jarka Wasielewskiego","robots":{"index":"index","follow":"follow","max-snippet":"max-snippet:-1","max-image-preview":"max-image-preview:large","max-video-preview":"max-video-preview:-1"},"canonical":"https:\/\/jarekwasielewski.pl\/zwrzeszcza\/2016\/01\/panorama-wrzeszcza-sprzed-ponad-120-lat\/","og_locale":"pl_PL","og_type":"article","og_title":"Panorama Wrzeszcza sprzed ponad 120 lat - Wrzeszcz Jarka Wasielewskiego","og_description":"W Pomorskiej Bibliotece Cyfrowej wypatrzy\u0142em ostatnio dwie bardzo ciekawe fotografie Wrzeszcza. Wykona\u0142 je ok. 1893 roku niejaki Wilhelm Dreesen. Chcia\u0142bym dzi\u015b Wam zaprezentowa\u0107 pierwsz\u0105 z nich. Zdj\u0119cie zrobiono z G\u00f3ry Jana. Widoki z tego wzniesienia pojawia\u0142y si\u0119 na dziesi\u0105tkach poczt\u00f3wek, jednak zazwyczaj s\u0105 one p\u00f3\u017aniejsze i ukazuj\u0105 ju\u017c prawie ukszta\u0142towan\u0105 dzielnic\u0119. Tymczasem omawiana tutaj fotografia&hellip;","og_url":"https:\/\/jarekwasielewski.pl\/zwrzeszcza\/2016\/01\/panorama-wrzeszcza-sprzed-ponad-120-lat\/","og_site_name":"Wrzeszcz Jarka Wasielewskiego","article_published_time":"2016-01-22T11:46:33+00:00","article_modified_time":"2023-11-13T11:27:04+00:00","og_image":[{"width":1200,"height":865,"url":"https:\/\/jarekwasielewski.pl\/zwrzeszcza\/wp-content\/uploads\/2016\/01\/wrzeszcz_widok_dreesen_1893.jpg","type":"image\/jpeg"}],"author":"Jarek Wasielewski","twitter_card":"summary_large_image","twitter_misc":{"Napisane przez":"Jarek Wasielewski","Szacowany czas czytania":"3 minuty"},"schema":{"@context":"https:\/\/schema.org","@graph":[{"@type":"Article","@id":"https:\/\/jarekwasielewski.pl\/zwrzeszcza\/2016\/01\/panorama-wrzeszcza-sprzed-ponad-120-lat\/#article","isPartOf":{"@id":"https:\/\/jarekwasielewski.pl\/zwrzeszcza\/2016\/01\/panorama-wrzeszcza-sprzed-ponad-120-lat\/"},"author":{"name":"Jarek Wasielewski","@id":"https:\/\/jarekwasielewski.pl\/zwrzeszcza\/#\/schema\/person\/807e6ca1f9fadc1945bd9ac746422589"},"headline":"Panorama Wrzeszcza sprzed ponad 120 lat","datePublished":"2016-01-22T11:46:33+00:00","dateModified":"2023-11-13T11:27:04+00:00","mainEntityOfPage":{"@id":"https:\/\/jarekwasielewski.pl\/zwrzeszcza\/2016\/01\/panorama-wrzeszcza-sprzed-ponad-120-lat\/"},"wordCount":245,"commentCount":6,"publisher":{"@id":"https:\/\/jarekwasielewski.pl\/zwrzeszcza\/#\/schema\/person\/807e6ca1f9fadc1945bd9ac746422589"},"image":{"@id":"https:\/\/jarekwasielewski.pl\/zwrzeszcza\/2016\/01\/panorama-wrzeszcza-sprzed-ponad-120-lat\/#primaryimage"},"thumbnailUrl":"https:\/\/jarekwasielewski.pl\/zwrzeszcza\/wp-content\/uploads\/2016\/01\/wrzeszcz_widok_dreesen_1893.jpg","articleSection":["Przed 1945","Wszystkie"],"inLanguage":"pl-PL","potentialAction":[{"@type":"CommentAction","name":"Comment","target":["https:\/\/jarekwasielewski.pl\/zwrzeszcza\/2016\/01\/panorama-wrzeszcza-sprzed-ponad-120-lat\/#respond"]}]},{"@type":"WebPage","@id":"https:\/\/jarekwasielewski.pl\/zwrzeszcza\/2016\/01\/panorama-wrzeszcza-sprzed-ponad-120-lat\/","url":"https:\/\/jarekwasielewski.pl\/zwrzeszcza\/2016\/01\/panorama-wrzeszcza-sprzed-ponad-120-lat\/","name":"Panorama Wrzeszcza sprzed ponad 120 lat - Wrzeszcz Jarka Wasielewskiego","isPartOf":{"@id":"https:\/\/jarekwasielewski.pl\/zwrzeszcza\/#website"},"primaryImageOfPage":{"@id":"https:\/\/jarekwasielewski.pl\/zwrzeszcza\/2016\/01\/panorama-wrzeszcza-sprzed-ponad-120-lat\/#primaryimage"},"image":{"@id":"https:\/\/jarekwasielewski.pl\/zwrzeszcza\/2016\/01\/panorama-wrzeszcza-sprzed-ponad-120-lat\/#primaryimage"},"thumbnailUrl":"https:\/\/jarekwasielewski.pl\/zwrzeszcza\/wp-content\/uploads\/2016\/01\/wrzeszcz_widok_dreesen_1893.jpg","datePublished":"2016-01-22T11:46:33+00:00","dateModified":"2023-11-13T11:27:04+00:00","breadcrumb":{"@id":"https:\/\/jarekwasielewski.pl\/zwrzeszcza\/2016\/01\/panorama-wrzeszcza-sprzed-ponad-120-lat\/#breadcrumb"},"inLanguage":"pl-PL","potentialAction":[{"@type":"ReadAction","target":["https:\/\/jarekwasielewski.pl\/zwrzeszcza\/2016\/01\/panorama-wrzeszcza-sprzed-ponad-120-lat\/"]}]},{"@type":"ImageObject","inLanguage":"pl-PL","@id":"https:\/\/jarekwasielewski.pl\/zwrzeszcza\/2016\/01\/panorama-wrzeszcza-sprzed-ponad-120-lat\/#primaryimage","url":"https:\/\/jarekwasielewski.pl\/zwrzeszcza\/wp-content\/uploads\/2016\/01\/wrzeszcz_widok_dreesen_1893.jpg","contentUrl":"https:\/\/jarekwasielewski.pl\/zwrzeszcza\/wp-content\/uploads\/2016\/01\/wrzeszcz_widok_dreesen_1893.jpg","width":1200,"height":865},{"@type":"BreadcrumbList","@id":"https:\/\/jarekwasielewski.pl\/zwrzeszcza\/2016\/01\/panorama-wrzeszcza-sprzed-ponad-120-lat\/#breadcrumb","itemListElement":[{"@type":"ListItem","position":1,"name":"Strona g\u0142\u00f3wna","item":"https:\/\/jarekwasielewski.pl\/zwrzeszcza\/"},{"@type":"ListItem","position":2,"name":"Panorama Wrzeszcza sprzed ponad 120 lat"}]},{"@type":"WebSite","@id":"https:\/\/jarekwasielewski.pl\/zwrzeszcza\/#website","url":"https:\/\/jarekwasielewski.pl\/zwrzeszcza\/","name":"Wrzeszcza Jarka Wasielewskiego","description":"Blog Jarka Wasielewskiego o Wrzeszczu","publisher":{"@id":"https:\/\/jarekwasielewski.pl\/zwrzeszcza\/#\/schema\/person\/807e6ca1f9fadc1945bd9ac746422589"},"potentialAction":[{"@type":"SearchAction","target":{"@type":"EntryPoint","urlTemplate":"https:\/\/jarekwasielewski.pl\/zwrzeszcza\/?s={search_term_string}"},"query-input":{"@type":"PropertyValueSpecification","valueRequired":true,"valueName":"search_term_string"}}],"inLanguage":"pl-PL"},{"@type":["Person","Organization"],"@id":"https:\/\/jarekwasielewski.pl\/zwrzeszcza\/#\/schema\/person\/807e6ca1f9fadc1945bd9ac746422589","name":"Jarek Wasielewski","image":{"@type":"ImageObject","inLanguage":"pl-PL","@id":"http:\/\/jarekwasielewski.pl\/zwrzeszcza\/wp-content\/uploads\/2021\/09\/jw.png","url":"http:\/\/jarekwasielewski.pl\/zwrzeszcza\/wp-content\/uploads\/2021\/09\/jw.png","contentUrl":"http:\/\/jarekwasielewski.pl\/zwrzeszcza\/wp-content\/uploads\/2021\/09\/jw.png","width":715,"height":630,"caption":"Jarek Wasielewski"},"logo":{"@id":"http:\/\/jarekwasielewski.pl\/zwrzeszcza\/wp-content\/uploads\/2021\/09\/jw.png"},"sameAs":["http:\/\/jarekwasielewski.pl\/zwrzeszcza"]}]}},"_links":{"self":[{"href":"https:\/\/jarekwasielewski.pl\/zwrzeszcza\/wp-json\/wp\/v2\/posts\/2462","targetHints":{"allow":["GET"]}}],"collection":[{"href":"https:\/\/jarekwasielewski.pl\/zwrzeszcza\/wp-json\/wp\/v2\/posts"}],"about":[{"href":"https:\/\/jarekwasielewski.pl\/zwrzeszcza\/wp-json\/wp\/v2\/types\/post"}],"author":[{"embeddable":true,"href":"https:\/\/jarekwasielewski.pl\/zwrzeszcza\/wp-json\/wp\/v2\/users\/1"}],"replies":[{"embeddable":true,"href":"https:\/\/jarekwasielewski.pl\/zwrzeszcza\/wp-json\/wp\/v2\/comments?post=2462"}],"version-history":[{"count":1,"href":"https:\/\/jarekwasielewski.pl\/zwrzeszcza\/wp-json\/wp\/v2\/posts\/2462\/revisions"}],"predecessor-version":[{"id":5642,"href":"https:\/\/jarekwasielewski.pl\/zwrzeszcza\/wp-json\/wp\/v2\/posts\/2462\/revisions\/5642"}],"wp:featuredmedia":[{"embeddable":true,"href":"https:\/\/jarekwasielewski.pl\/zwrzeszcza\/wp-json\/wp\/v2\/media\/2463"}],"wp:attachment":[{"href":"https:\/\/jarekwasielewski.pl\/zwrzeszcza\/wp-json\/wp\/v2\/media?parent=2462"}],"wp:term":[{"taxonomy":"category","embeddable":true,"href":"https:\/\/jarekwasielewski.pl\/zwrzeszcza\/wp-json\/wp\/v2\/categories?post=2462"},{"taxonomy":"post_tag","embeddable":true,"href":"https:\/\/jarekwasielewski.pl\/zwrzeszcza\/wp-json\/wp\/v2\/tags?post=2462"}],"curies":[{"name":"wp","href":"https:\/\/api.w.org\/{rel}","templated":true}]}}