{"id":24,"date":"2014-05-01T21:11:00","date_gmt":"2014-05-01T19:11:00","guid":{"rendered":"http:\/\/jotwu.16mb.com\/zwrzeszcza\/uncategorized\/requiem-dla-indianskiej-wioski\/"},"modified":"2019-01-14T11:49:39","modified_gmt":"2019-01-14T10:49:39","slug":"requiem-dla-indianskiej-wioski","status":"publish","type":"post","link":"https:\/\/jarekwasielewski.pl\/zwrzeszcza\/2014\/05\/requiem-dla-indianskiej-wioski\/","title":{"rendered":"Requiem dla India\u0144skiej Wioski"},"content":{"rendered":"<p style=\"text-align: justify;\">Od lat m\u00f3wi\u0142o si\u0119 o likwidacji <a href=\"http:\/\/mapa.targeo.pl\/Punkt_21,19,18.6024499,54.3845000?l=76e18b5a2e41bd7b\" target=\"_blank\" rel=\"noopener\">osiedla przy ul. Nad stawem<\/a> we Wrzeszczu, nazywanym India\u0144sk\u0105 Wiosk\u0105, ale jako\u015b nikt w to szczeg\u00f3lnie nie wierzy\u0142, a najmniej chyba sami mieszka\u0144cy, kt\u00f3rzy przez dekady zd\u0105\u017cyli si\u0119 tam nie\u017ale zadomowi\u0107. Zmieni\u0142o si\u0119 to dopiero w ostatnich kilku latach, kiedy okolice wrzeszcza\u0144skiego dworca zamieniono w wielki plac budowy.<\/p>\n<p style=\"text-align: justify;\">Ale zacznijmy od pocz\u0105tku.<\/p>\n<p style=\"text-align: justify;\">Zesp\u00f3\u0142 kilkunastu parterowych domk\u00f3w szachulcowych zbudowano w latach 1918-1919. Mia\u0142y to by\u0107 koszary dla dzia\u0142aj\u0105cej na pobliskim lotnisku (dzi\u015b dzielnica Zaspa) szko\u0142y pilot\u00f3w, st\u0105d nazywano je <i>Fliegerkaserne<\/i> (dos\u0142.: Koszary lotnik\u00f3w). Jednak w trakcie budowy okaza\u0142o si\u0119, \u017ce Gda\u0144sk zostanie zdemilitaryzowanym Wolnym Miastem. Wojsko uko\u0144czy\u0142o wi\u0119c inwestycj\u0119 i od razu sprzeda\u0142o j\u0105 miastu, kt\u00f3re z kolei przeznaczy\u0142o budynki na potrzeby \u201ezwyk\u0142ej\u201d, cywilnej ludno\u015bci. W niedosz\u0142ych koszarach zamieszkali g\u0142\u00f3wnie robotnicy; po roku 1945 niemieckoj\u0119zycznych w wi\u0119kszo\u015bci mieszka\u0144c\u00f3w zast\u0105pili g\u0142\u00f3wnie przesiedle\u0144cy z Wile\u0144szczyzny.<\/p>\n<p style=\"text-align: justify;\">Przez dekady jednak charakter okolicy nie zmieni\u0142 si\u0119 prawie wcale.<\/p>\n<p style=\"text-align: justify;\">Mo\u017cna by literacko okre\u015bli\u0107 to miejsce jako le\u017c\u0105ce poza czasem; ni to wie\u015b, ni miasto, zatopione w wielkomiejsko\u015bci nibyidylliczne niewiadomoco. Parterowe domki z du\u017cymi ogrodami, piaszczyste uliczki, klatki z ptactwem, warzywniki \u2013 a po s\u0105siedzku ruchliwa linia kolejowa, zak\u0142ady przemys\u0142owe&#8230; Domy\u015blam si\u0119 jednak, \u017ce codzienno\u015b\u0107 nie by\u0142a tak idylliczna. Cz\u0119\u015b\u0107 mieszka\u0144c\u00f3w india\u0144skiej wioski wyprowadza si\u0119 z niej z ulg\u0105: stan techniczny budynk\u00f3w do najlepszych nie nale\u017cy (chocia\u017c go\u0142ym okiem wida\u0107, \u017ce mieszka\u0144cy o te budynki w miar\u0119 mo\u017cliwo\u015bci dbali), za\u015b wspomniana linia kolejowa oraz jeszcze bardziej ruchliwa ulica Ko\u015bciuszki generuj\u0105 spory ha\u0142as. Zreszt\u0105 india\u0144skiej wioski nie chroni\u0142o \u017cadne prawo: ani plan zagospodarowania przestrzennego, ani wpisanie do rejestru i ewidencji zabytk\u00f3w, czyli formalnie wszystko jest w porz\u0105dku.<\/p>\nngg_shortcode_0_placeholder\n<p style=\"text-align: justify;\">Sprawa nie daje mi jednak spokoju. Niby India\u0144ska Wioska to nie Beverly Hills, a jej mieszka\u0144cy to nie Aborygeni. Cz\u0119\u015b\u0107 z nich zostanie przeniesiona do nowych mieszka\u0144 na Zakoniczynie \u2013 czy osiedle le\u017c\u0105ce dwa rzuty beretem od obwodnicy jest rzeczywi\u015bcie lepsze od nibywioski w \u2013 co by nie m\u00f3wi\u0107 \u2013 centrum Wrzeszcza? Co z rodzinami, kt\u00f3re zamieszkiwa\u0142y wiosk\u0119 przez zasiedzenie, bez um\u00f3w, a kt\u00f3re w zwi\u0105zku z tym nie maj\u0105 prawa do lokalu komunalnego i trafi\u0105 do lokali socjalnych (czytaj: starych ruder) lub \u201epomieszcze\u0144 tymczasowych\u201d (czytaj: kontener\u00f3w)? Co z tak, zdawa\u0142oby si\u0119, trywialn\u0105 rzecz\u0105, jak wi\u0119zi s\u0105siedzkie? Co z lud\u017ami starymi, kt\u00f3rzy mieszkali tam niejednokrotnie od 1945 roku? Co z samymi budynkami, z detalami, elementami wyposa\u017cenia? Tak specyficzna pami\u0105tka po pionierskich czasach gda\u0144skiego lotnictwa a\u017c prosi si\u0119 o jakiekolwiek zachowanie. Piotr Dwojacki z Rady Dzielnicy Dolny Wrzeszcz s\u0142usznie apelowa\u0142 o umo\u017cliwienie wymontowania i zachowania ciekawych, historycznych detali, np. oryginalnych tabliczek, element\u00f3w oznakowania, drzwi, klamek. Ale wygl\u0105da na to, \u017ce wszystko trafi na Szad\u00f3\u0142ki, a co lepsze k\u0105ski dzi\u0119ki pomys\u0142owo\u015bci kilku spryciarzy \u2013 na Allegro.&nbsp; Rozumiem, \u017ce tak ju\u017c jest, \u017ce stare \u2013 i wys\u0142u\u017cone \u2013 musi zrobi\u0107 miejsce nowemu. Nie j\u0119cza\u0142bym, gdyby to nowe by\u0142o lepsze od starego, gdyby w miejscu india\u0144skiej wioski powsta\u0142a warto\u015bciowa zabudowa mieszkalna, tereny rekreacyjne lub cokolwiek podobnego, co w rachunku zysk\u00f3w i strat wysz\u0142o by dzielnicy na plus. Czego\u015b takiego jednak nie widz\u0119. India\u0144ska Wioska zostanie zr\u00f3wnana z ziemi\u0105, a jej mieszka\u0144cy przesiedleni tylko po to, by zrobi\u0107 miejsce na drog\u0119 dojazdow\u0105 do <a title=\"Gnicia Wrzeszcza ci\u0105g dalszy czyli nadchodzi Galeria Metropolia\" href=\"http:\/\/jarekwasielewski.pl\/zwrzeszcza\/2013\/09\/gnicia-wrzeszcza-ciag-dalszy-czyli-nadchodzi-galeria-metropolia\/\" target=\"_blank\" rel=\"noopener\">nowego (trzeciego w dzielnicy!) centrum handlowego<\/a> i s\u0105siaduj\u0105cego z nim hotelu. Zamiast wiekowych cha\u0142upek b\u0119dzie wi\u0119c huk i ha\u0142as, spaliny i smr\u00f3d. Przypomnijmy: wcze\u015bniej na potrzeby owego centrum handlowego (szumnie i i\u015bcie po prowincjonalnemu nazwanego Galeri\u0105 Metropolia) osuszono i zasypano staw browarny, sam\u0105 Strzy\u017c\u0119 zreszt\u0105 te\u017c wci\u0105\u017c si\u0119 przesuwa i wpuszcza w betonowe kana\u0142y (w cywilizowanej Europie zabetonowane niegdy\u015b rzeki i potoki si\u0119 odkrywa&#8230;). Dodatkowo ulica Nad Stawem zostanie po\u0142\u0105czona z ulicami Ko\u015bciuszki oraz Hynka, a ul. Kili\u0144skiego \u2013 <a href=\"http:\/\/dolnywrzeszcz.blogspot.com\/2014\/04\/kilinskiego-dokumenty.html\" target=\"_blank\" rel=\"noopener\">niezgodnie z prawem lokalnym \u2013 poszerzona do trzech pas\u00f3w ruchu<\/a>.<\/p>\n<p style=\"text-align: justify;\"><b>Nie podpisuj\u0119 si\u0119 pod takim rozwojem, bo to \u017caden rozw\u00f3j. Nasze miasto coraz mniej jest dla ludzi, a coraz bardziej dla samochod\u00f3w. Monstrualne biurowce, monstrualne centra handlowe co 500 metr\u00f3w i na wp\u00f3\u0142 dzika deweloperka \u2013 takie b\u0119dzie dziedzictwo naszych czas\u00f3w.&nbsp;<\/b><\/p>\n<p style=\"text-align: justify;\">Wi\u0119cej o historii India\u0144skiej Wioski przeczytacie oczywi\u015bcie w napisanej przeze mnie we wsp\u00f3\u0142pracy z Janem Danilukiem ksi\u0105\u017cce <a href=\"http:\/\/maszoperia.org\/ksiazki\/281-dolny-wrzeszcz-i-zaspa-gdaskie-dzielnice-9788563709011.html\" target=\"_blank\" rel=\"noopener\"><i>Dolny Wrzeszcz i Zaspa<\/i><\/a>, a tak\u017ce <a href=\"http:\/\/ibedeker.pl\/obiekty\/tryptyk-indianskiej-wioski-geneza\/#axzz30StH17bm\" target=\"_blank\" rel=\"noopener\">w tek\u015bcie Jana, opublikowanym na iBedekerze<\/a>.<\/p>\n<p style=\"text-align: justify;\">Wi\u0119cej informacji o prowadzonych we Wrzeszczu inwestycjach znajdziecie tutaj: <a href=\"http:\/\/trojmiasto.gazeta.pl\/trojmiasto\/1,35636,15849501,Rozbiora_legendarna_Wioske_Indian__by_wybudowac_droge.html\" target=\"_blank\" rel=\"noopener\">Gazeta Wyborcza<\/a>, <a href=\"http:\/\/dom.trojmiasto.pl\/Mieszkania-za-grunty-w-Gdansku-n79304.html\" target=\"_blank\" rel=\"noopener\">Tr\u00f3jmiasto.pl 1<\/a>, <a href=\"http:\/\/www.trojmiasto.pl\/wiadomosci\/Wielka-metamorfoza-malej-dzielnicy-n78957.html\" target=\"_blank\" rel=\"noopener\">Tr\u00f3jmiasto.pl 2<\/a><\/p>\n","protected":false},"excerpt":{"rendered":"<p>Od lat m\u00f3wi\u0142o si\u0119 o likwidacji osiedla przy ul. Nad stawem we Wrzeszczu, nazywanym India\u0144sk\u0105 Wiosk\u0105, ale jako\u015b nikt w to szczeg\u00f3lnie nie wierzy\u0142, a najmniej chyba sami mieszka\u0144cy, kt\u00f3rzy przez dekady zd\u0105\u017cyli si\u0119 tam nie\u017ale zadomowi\u0107. Zmieni\u0142o si\u0119 to dopiero w ostatnich kilku latach, kiedy okolice wrzeszcza\u0144skiego dworca zamieniono w wielki plac budowy. Ale&hellip;<\/p>\n","protected":false},"author":2,"featured_media":1607,"comment_status":"open","ping_status":"open","sticky":false,"template":"","format":"standard","meta":{"ngg_post_thumbnail":0,"footnotes":""},"categories":[3,6,7,8],"tags":[],"class_list":["post-24","post","type-post","status-publish","format-standard","has-post-thumbnail","hentry","category-aktualnosci","category-po-1945","category-przed-1945","category-wszystkie"],"yoast_head":"<!-- This site is optimized with the Yoast SEO plugin v27.3 - https:\/\/yoast.com\/product\/yoast-seo-wordpress\/ -->\n<title>Requiem dla India\u0144skiej Wioski - Wrzeszcz Jarka Wasielewskiego<\/title>\n<meta name=\"robots\" content=\"index, follow, max-snippet:-1, max-image-preview:large, max-video-preview:-1\" \/>\n<link rel=\"canonical\" href=\"https:\/\/jarekwasielewski.pl\/zwrzeszcza\/2014\/05\/requiem-dla-indianskiej-wioski\/\" \/>\n<meta property=\"og:locale\" content=\"pl_PL\" \/>\n<meta property=\"og:type\" content=\"article\" \/>\n<meta property=\"og:title\" content=\"Requiem dla India\u0144skiej Wioski - Wrzeszcz Jarka Wasielewskiego\" \/>\n<meta property=\"og:description\" content=\"Od lat m\u00f3wi\u0142o si\u0119 o likwidacji osiedla przy ul. Nad stawem we Wrzeszczu, nazywanym India\u0144sk\u0105 Wiosk\u0105, ale jako\u015b nikt w to szczeg\u00f3lnie nie wierzy\u0142, a najmniej chyba sami mieszka\u0144cy, kt\u00f3rzy przez dekady zd\u0105\u017cyli si\u0119 tam nie\u017ale zadomowi\u0107. Zmieni\u0142o si\u0119 to dopiero w ostatnich kilku latach, kiedy okolice wrzeszcza\u0144skiego dworca zamieniono w wielki plac budowy. Ale&hellip;\" \/>\n<meta property=\"og:url\" content=\"https:\/\/jarekwasielewski.pl\/zwrzeszcza\/2014\/05\/requiem-dla-indianskiej-wioski\/\" \/>\n<meta property=\"og:site_name\" content=\"Wrzeszcz Jarka Wasielewskiego\" \/>\n<meta property=\"article:published_time\" content=\"2014-05-01T19:11:00+00:00\" \/>\n<meta property=\"article:modified_time\" content=\"2019-01-14T10:49:39+00:00\" \/>\n<meta property=\"og:image\" content=\"https:\/\/jarekwasielewski.pl\/zwrzeszcza\/wp-content\/uploads\/ngg_featured\/indianska_wioska_1.JPG\" \/>\n\t<meta property=\"og:image:width\" content=\"600\" \/>\n\t<meta property=\"og:image:height\" content=\"405\" \/>\n\t<meta property=\"og:image:type\" content=\"image\/jpeg\" \/>\n<meta name=\"author\" content=\"Jarek Wasielewski\" \/>\n<meta name=\"twitter:card\" content=\"summary_large_image\" \/>\n<meta name=\"twitter:label1\" content=\"Napisane przez\" \/>\n\t<meta name=\"twitter:data1\" content=\"Jarek Wasielewski\" \/>\n\t<meta name=\"twitter:label2\" content=\"Szacowany czas czytania\" \/>\n\t<meta name=\"twitter:data2\" content=\"4 minuty\" \/>\n<script type=\"application\/ld+json\" class=\"yoast-schema-graph\">{\"@context\":\"https:\\\/\\\/schema.org\",\"@graph\":[{\"@type\":\"Article\",\"@id\":\"https:\\\/\\\/jarekwasielewski.pl\\\/zwrzeszcza\\\/2014\\\/05\\\/requiem-dla-indianskiej-wioski\\\/#article\",\"isPartOf\":{\"@id\":\"https:\\\/\\\/jarekwasielewski.pl\\\/zwrzeszcza\\\/2014\\\/05\\\/requiem-dla-indianskiej-wioski\\\/\"},\"author\":{\"name\":\"Jarek Wasielewski\",\"@id\":\"https:\\\/\\\/jarekwasielewski.pl\\\/zwrzeszcza\\\/#\\\/schema\\\/person\\\/d2582ae2f5d0ea9c9154fd6e4bcb3976\"},\"headline\":\"Requiem dla India\u0144skiej Wioski\",\"datePublished\":\"2014-05-01T19:11:00+00:00\",\"dateModified\":\"2019-01-14T10:49:39+00:00\",\"mainEntityOfPage\":{\"@id\":\"https:\\\/\\\/jarekwasielewski.pl\\\/zwrzeszcza\\\/2014\\\/05\\\/requiem-dla-indianskiej-wioski\\\/\"},\"wordCount\":827,\"commentCount\":3,\"publisher\":{\"@id\":\"https:\\\/\\\/jarekwasielewski.pl\\\/zwrzeszcza\\\/#\\\/schema\\\/person\\\/807e6ca1f9fadc1945bd9ac746422589\"},\"image\":{\"@id\":\"https:\\\/\\\/jarekwasielewski.pl\\\/zwrzeszcza\\\/2014\\\/05\\\/requiem-dla-indianskiej-wioski\\\/#primaryimage\"},\"thumbnailUrl\":\"https:\\\/\\\/jarekwasielewski.pl\\\/zwrzeszcza\\\/wp-content\\\/uploads\\\/ngg_featured\\\/indianska_wioska_1.JPG\",\"articleSection\":[\"Aktualno\u015bci\",\"Po 1945\",\"Przed 1945\",\"Wszystkie\"],\"inLanguage\":\"pl-PL\",\"potentialAction\":[{\"@type\":\"CommentAction\",\"name\":\"Comment\",\"target\":[\"https:\\\/\\\/jarekwasielewski.pl\\\/zwrzeszcza\\\/2014\\\/05\\\/requiem-dla-indianskiej-wioski\\\/#respond\"]}]},{\"@type\":\"WebPage\",\"@id\":\"https:\\\/\\\/jarekwasielewski.pl\\\/zwrzeszcza\\\/2014\\\/05\\\/requiem-dla-indianskiej-wioski\\\/\",\"url\":\"https:\\\/\\\/jarekwasielewski.pl\\\/zwrzeszcza\\\/2014\\\/05\\\/requiem-dla-indianskiej-wioski\\\/\",\"name\":\"Requiem dla India\u0144skiej Wioski - Wrzeszcz Jarka Wasielewskiego\",\"isPartOf\":{\"@id\":\"https:\\\/\\\/jarekwasielewski.pl\\\/zwrzeszcza\\\/#website\"},\"primaryImageOfPage\":{\"@id\":\"https:\\\/\\\/jarekwasielewski.pl\\\/zwrzeszcza\\\/2014\\\/05\\\/requiem-dla-indianskiej-wioski\\\/#primaryimage\"},\"image\":{\"@id\":\"https:\\\/\\\/jarekwasielewski.pl\\\/zwrzeszcza\\\/2014\\\/05\\\/requiem-dla-indianskiej-wioski\\\/#primaryimage\"},\"thumbnailUrl\":\"https:\\\/\\\/jarekwasielewski.pl\\\/zwrzeszcza\\\/wp-content\\\/uploads\\\/ngg_featured\\\/indianska_wioska_1.JPG\",\"datePublished\":\"2014-05-01T19:11:00+00:00\",\"dateModified\":\"2019-01-14T10:49:39+00:00\",\"breadcrumb\":{\"@id\":\"https:\\\/\\\/jarekwasielewski.pl\\\/zwrzeszcza\\\/2014\\\/05\\\/requiem-dla-indianskiej-wioski\\\/#breadcrumb\"},\"inLanguage\":\"pl-PL\",\"potentialAction\":[{\"@type\":\"ReadAction\",\"target\":[\"https:\\\/\\\/jarekwasielewski.pl\\\/zwrzeszcza\\\/2014\\\/05\\\/requiem-dla-indianskiej-wioski\\\/\"]}]},{\"@type\":\"ImageObject\",\"inLanguage\":\"pl-PL\",\"@id\":\"https:\\\/\\\/jarekwasielewski.pl\\\/zwrzeszcza\\\/2014\\\/05\\\/requiem-dla-indianskiej-wioski\\\/#primaryimage\",\"url\":\"https:\\\/\\\/jarekwasielewski.pl\\\/zwrzeszcza\\\/wp-content\\\/uploads\\\/ngg_featured\\\/indianska_wioska_1.JPG\",\"contentUrl\":\"https:\\\/\\\/jarekwasielewski.pl\\\/zwrzeszcza\\\/wp-content\\\/uploads\\\/ngg_featured\\\/indianska_wioska_1.JPG\",\"width\":600,\"height\":405},{\"@type\":\"BreadcrumbList\",\"@id\":\"https:\\\/\\\/jarekwasielewski.pl\\\/zwrzeszcza\\\/2014\\\/05\\\/requiem-dla-indianskiej-wioski\\\/#breadcrumb\",\"itemListElement\":[{\"@type\":\"ListItem\",\"position\":1,\"name\":\"Strona g\u0142\u00f3wna\",\"item\":\"https:\\\/\\\/jarekwasielewski.pl\\\/zwrzeszcza\\\/\"},{\"@type\":\"ListItem\",\"position\":2,\"name\":\"Requiem dla India\u0144skiej Wioski\"}]},{\"@type\":\"WebSite\",\"@id\":\"https:\\\/\\\/jarekwasielewski.pl\\\/zwrzeszcza\\\/#website\",\"url\":\"https:\\\/\\\/jarekwasielewski.pl\\\/zwrzeszcza\\\/\",\"name\":\"Wrzeszcza Jarka Wasielewskiego\",\"description\":\"Blog Jarka Wasielewskiego o Wrzeszczu\",\"publisher\":{\"@id\":\"https:\\\/\\\/jarekwasielewski.pl\\\/zwrzeszcza\\\/#\\\/schema\\\/person\\\/807e6ca1f9fadc1945bd9ac746422589\"},\"potentialAction\":[{\"@type\":\"SearchAction\",\"target\":{\"@type\":\"EntryPoint\",\"urlTemplate\":\"https:\\\/\\\/jarekwasielewski.pl\\\/zwrzeszcza\\\/?s={search_term_string}\"},\"query-input\":{\"@type\":\"PropertyValueSpecification\",\"valueRequired\":true,\"valueName\":\"search_term_string\"}}],\"inLanguage\":\"pl-PL\"},{\"@type\":[\"Person\",\"Organization\"],\"@id\":\"https:\\\/\\\/jarekwasielewski.pl\\\/zwrzeszcza\\\/#\\\/schema\\\/person\\\/807e6ca1f9fadc1945bd9ac746422589\",\"name\":\"Jarek Wasielewski\",\"image\":{\"@type\":\"ImageObject\",\"inLanguage\":\"pl-PL\",\"@id\":\"http:\\\/\\\/jarekwasielewski.pl\\\/zwrzeszcza\\\/wp-content\\\/uploads\\\/2021\\\/09\\\/jw.png\",\"url\":\"http:\\\/\\\/jarekwasielewski.pl\\\/zwrzeszcza\\\/wp-content\\\/uploads\\\/2021\\\/09\\\/jw.png\",\"contentUrl\":\"http:\\\/\\\/jarekwasielewski.pl\\\/zwrzeszcza\\\/wp-content\\\/uploads\\\/2021\\\/09\\\/jw.png\",\"width\":715,\"height\":630,\"caption\":\"Jarek Wasielewski\"},\"logo\":{\"@id\":\"http:\\\/\\\/jarekwasielewski.pl\\\/zwrzeszcza\\\/wp-content\\\/uploads\\\/2021\\\/09\\\/jw.png\"},\"sameAs\":[\"http:\\\/\\\/jarekwasielewski.pl\\\/zwrzeszcza\"]},{\"@type\":\"Person\",\"@id\":\"https:\\\/\\\/jarekwasielewski.pl\\\/zwrzeszcza\\\/#\\\/schema\\\/person\\\/d2582ae2f5d0ea9c9154fd6e4bcb3976\",\"name\":\"Jarek Wasielewski\",\"image\":{\"@type\":\"ImageObject\",\"inLanguage\":\"pl-PL\",\"@id\":\"https:\\\/\\\/secure.gravatar.com\\\/avatar\\\/?s=96&d=mm&r=g\",\"url\":\"https:\\\/\\\/secure.gravatar.com\\\/avatar\\\/?s=96&d=mm&r=g\",\"contentUrl\":\"https:\\\/\\\/secure.gravatar.com\\\/avatar\\\/?s=96&d=mm&r=g\",\"caption\":\"Jarek Wasielewski\"}}]}<\/script>\n<!-- \/ Yoast SEO plugin. -->","yoast_head_json":{"title":"Requiem dla India\u0144skiej Wioski - Wrzeszcz Jarka Wasielewskiego","robots":{"index":"index","follow":"follow","max-snippet":"max-snippet:-1","max-image-preview":"max-image-preview:large","max-video-preview":"max-video-preview:-1"},"canonical":"https:\/\/jarekwasielewski.pl\/zwrzeszcza\/2014\/05\/requiem-dla-indianskiej-wioski\/","og_locale":"pl_PL","og_type":"article","og_title":"Requiem dla India\u0144skiej Wioski - Wrzeszcz Jarka Wasielewskiego","og_description":"Od lat m\u00f3wi\u0142o si\u0119 o likwidacji osiedla przy ul. Nad stawem we Wrzeszczu, nazywanym India\u0144sk\u0105 Wiosk\u0105, ale jako\u015b nikt w to szczeg\u00f3lnie nie wierzy\u0142, a najmniej chyba sami mieszka\u0144cy, kt\u00f3rzy przez dekady zd\u0105\u017cyli si\u0119 tam nie\u017ale zadomowi\u0107. Zmieni\u0142o si\u0119 to dopiero w ostatnich kilku latach, kiedy okolice wrzeszcza\u0144skiego dworca zamieniono w wielki plac budowy. Ale&hellip;","og_url":"https:\/\/jarekwasielewski.pl\/zwrzeszcza\/2014\/05\/requiem-dla-indianskiej-wioski\/","og_site_name":"Wrzeszcz Jarka Wasielewskiego","article_published_time":"2014-05-01T19:11:00+00:00","article_modified_time":"2019-01-14T10:49:39+00:00","og_image":[{"width":600,"height":405,"url":"https:\/\/jarekwasielewski.pl\/zwrzeszcza\/wp-content\/uploads\/ngg_featured\/indianska_wioska_1.JPG","type":"image\/jpeg"}],"author":"Jarek Wasielewski","twitter_card":"summary_large_image","twitter_misc":{"Napisane przez":"Jarek Wasielewski","Szacowany czas czytania":"4 minuty"},"schema":{"@context":"https:\/\/schema.org","@graph":[{"@type":"Article","@id":"https:\/\/jarekwasielewski.pl\/zwrzeszcza\/2014\/05\/requiem-dla-indianskiej-wioski\/#article","isPartOf":{"@id":"https:\/\/jarekwasielewski.pl\/zwrzeszcza\/2014\/05\/requiem-dla-indianskiej-wioski\/"},"author":{"name":"Jarek Wasielewski","@id":"https:\/\/jarekwasielewski.pl\/zwrzeszcza\/#\/schema\/person\/d2582ae2f5d0ea9c9154fd6e4bcb3976"},"headline":"Requiem dla India\u0144skiej Wioski","datePublished":"2014-05-01T19:11:00+00:00","dateModified":"2019-01-14T10:49:39+00:00","mainEntityOfPage":{"@id":"https:\/\/jarekwasielewski.pl\/zwrzeszcza\/2014\/05\/requiem-dla-indianskiej-wioski\/"},"wordCount":827,"commentCount":3,"publisher":{"@id":"https:\/\/jarekwasielewski.pl\/zwrzeszcza\/#\/schema\/person\/807e6ca1f9fadc1945bd9ac746422589"},"image":{"@id":"https:\/\/jarekwasielewski.pl\/zwrzeszcza\/2014\/05\/requiem-dla-indianskiej-wioski\/#primaryimage"},"thumbnailUrl":"https:\/\/jarekwasielewski.pl\/zwrzeszcza\/wp-content\/uploads\/ngg_featured\/indianska_wioska_1.JPG","articleSection":["Aktualno\u015bci","Po 1945","Przed 1945","Wszystkie"],"inLanguage":"pl-PL","potentialAction":[{"@type":"CommentAction","name":"Comment","target":["https:\/\/jarekwasielewski.pl\/zwrzeszcza\/2014\/05\/requiem-dla-indianskiej-wioski\/#respond"]}]},{"@type":"WebPage","@id":"https:\/\/jarekwasielewski.pl\/zwrzeszcza\/2014\/05\/requiem-dla-indianskiej-wioski\/","url":"https:\/\/jarekwasielewski.pl\/zwrzeszcza\/2014\/05\/requiem-dla-indianskiej-wioski\/","name":"Requiem dla India\u0144skiej Wioski - Wrzeszcz Jarka Wasielewskiego","isPartOf":{"@id":"https:\/\/jarekwasielewski.pl\/zwrzeszcza\/#website"},"primaryImageOfPage":{"@id":"https:\/\/jarekwasielewski.pl\/zwrzeszcza\/2014\/05\/requiem-dla-indianskiej-wioski\/#primaryimage"},"image":{"@id":"https:\/\/jarekwasielewski.pl\/zwrzeszcza\/2014\/05\/requiem-dla-indianskiej-wioski\/#primaryimage"},"thumbnailUrl":"https:\/\/jarekwasielewski.pl\/zwrzeszcza\/wp-content\/uploads\/ngg_featured\/indianska_wioska_1.JPG","datePublished":"2014-05-01T19:11:00+00:00","dateModified":"2019-01-14T10:49:39+00:00","breadcrumb":{"@id":"https:\/\/jarekwasielewski.pl\/zwrzeszcza\/2014\/05\/requiem-dla-indianskiej-wioski\/#breadcrumb"},"inLanguage":"pl-PL","potentialAction":[{"@type":"ReadAction","target":["https:\/\/jarekwasielewski.pl\/zwrzeszcza\/2014\/05\/requiem-dla-indianskiej-wioski\/"]}]},{"@type":"ImageObject","inLanguage":"pl-PL","@id":"https:\/\/jarekwasielewski.pl\/zwrzeszcza\/2014\/05\/requiem-dla-indianskiej-wioski\/#primaryimage","url":"https:\/\/jarekwasielewski.pl\/zwrzeszcza\/wp-content\/uploads\/ngg_featured\/indianska_wioska_1.JPG","contentUrl":"https:\/\/jarekwasielewski.pl\/zwrzeszcza\/wp-content\/uploads\/ngg_featured\/indianska_wioska_1.JPG","width":600,"height":405},{"@type":"BreadcrumbList","@id":"https:\/\/jarekwasielewski.pl\/zwrzeszcza\/2014\/05\/requiem-dla-indianskiej-wioski\/#breadcrumb","itemListElement":[{"@type":"ListItem","position":1,"name":"Strona g\u0142\u00f3wna","item":"https:\/\/jarekwasielewski.pl\/zwrzeszcza\/"},{"@type":"ListItem","position":2,"name":"Requiem dla India\u0144skiej Wioski"}]},{"@type":"WebSite","@id":"https:\/\/jarekwasielewski.pl\/zwrzeszcza\/#website","url":"https:\/\/jarekwasielewski.pl\/zwrzeszcza\/","name":"Wrzeszcza Jarka Wasielewskiego","description":"Blog Jarka Wasielewskiego o Wrzeszczu","publisher":{"@id":"https:\/\/jarekwasielewski.pl\/zwrzeszcza\/#\/schema\/person\/807e6ca1f9fadc1945bd9ac746422589"},"potentialAction":[{"@type":"SearchAction","target":{"@type":"EntryPoint","urlTemplate":"https:\/\/jarekwasielewski.pl\/zwrzeszcza\/?s={search_term_string}"},"query-input":{"@type":"PropertyValueSpecification","valueRequired":true,"valueName":"search_term_string"}}],"inLanguage":"pl-PL"},{"@type":["Person","Organization"],"@id":"https:\/\/jarekwasielewski.pl\/zwrzeszcza\/#\/schema\/person\/807e6ca1f9fadc1945bd9ac746422589","name":"Jarek Wasielewski","image":{"@type":"ImageObject","inLanguage":"pl-PL","@id":"http:\/\/jarekwasielewski.pl\/zwrzeszcza\/wp-content\/uploads\/2021\/09\/jw.png","url":"http:\/\/jarekwasielewski.pl\/zwrzeszcza\/wp-content\/uploads\/2021\/09\/jw.png","contentUrl":"http:\/\/jarekwasielewski.pl\/zwrzeszcza\/wp-content\/uploads\/2021\/09\/jw.png","width":715,"height":630,"caption":"Jarek Wasielewski"},"logo":{"@id":"http:\/\/jarekwasielewski.pl\/zwrzeszcza\/wp-content\/uploads\/2021\/09\/jw.png"},"sameAs":["http:\/\/jarekwasielewski.pl\/zwrzeszcza"]},{"@type":"Person","@id":"https:\/\/jarekwasielewski.pl\/zwrzeszcza\/#\/schema\/person\/d2582ae2f5d0ea9c9154fd6e4bcb3976","name":"Jarek Wasielewski","image":{"@type":"ImageObject","inLanguage":"pl-PL","@id":"https:\/\/secure.gravatar.com\/avatar\/?s=96&d=mm&r=g","url":"https:\/\/secure.gravatar.com\/avatar\/?s=96&d=mm&r=g","contentUrl":"https:\/\/secure.gravatar.com\/avatar\/?s=96&d=mm&r=g","caption":"Jarek Wasielewski"}}]}},"_links":{"self":[{"href":"https:\/\/jarekwasielewski.pl\/zwrzeszcza\/wp-json\/wp\/v2\/posts\/24","targetHints":{"allow":["GET"]}}],"collection":[{"href":"https:\/\/jarekwasielewski.pl\/zwrzeszcza\/wp-json\/wp\/v2\/posts"}],"about":[{"href":"https:\/\/jarekwasielewski.pl\/zwrzeszcza\/wp-json\/wp\/v2\/types\/post"}],"author":[{"embeddable":true,"href":"https:\/\/jarekwasielewski.pl\/zwrzeszcza\/wp-json\/wp\/v2\/users\/2"}],"replies":[{"embeddable":true,"href":"https:\/\/jarekwasielewski.pl\/zwrzeszcza\/wp-json\/wp\/v2\/comments?post=24"}],"version-history":[{"count":0,"href":"https:\/\/jarekwasielewski.pl\/zwrzeszcza\/wp-json\/wp\/v2\/posts\/24\/revisions"}],"wp:featuredmedia":[{"embeddable":true,"href":"https:\/\/jarekwasielewski.pl\/zwrzeszcza\/wp-json\/wp\/v2\/media\/1607"}],"wp:attachment":[{"href":"https:\/\/jarekwasielewski.pl\/zwrzeszcza\/wp-json\/wp\/v2\/media?parent=24"}],"wp:term":[{"taxonomy":"category","embeddable":true,"href":"https:\/\/jarekwasielewski.pl\/zwrzeszcza\/wp-json\/wp\/v2\/categories?post=24"},{"taxonomy":"post_tag","embeddable":true,"href":"https:\/\/jarekwasielewski.pl\/zwrzeszcza\/wp-json\/wp\/v2\/tags?post=24"}],"curies":[{"name":"wp","href":"https:\/\/api.w.org\/{rel}","templated":true}]}}