{"id":2368,"date":"2015-12-04T09:13:51","date_gmt":"2015-12-04T08:13:51","guid":{"rendered":"http:\/\/jarekwasielewski.pl\/zwrzeszcza\/?p=2368"},"modified":"2023-11-13T12:26:26","modified_gmt":"2023-11-13T11:26:26","slug":"chodzilem-do-dwojki-czyli-krotki-wpis-wspomnieniowy","status":"publish","type":"post","link":"https:\/\/jarekwasielewski.pl\/zwrzeszcza\/2015\/12\/chodzilem-do-dwojki-czyli-krotki-wpis-wspomnieniowy\/","title":{"rendered":"\u201eDw\u00f3jk\u0119\u201d pami\u0119tam dobrze."},"content":{"rendered":"<p style=\"text-align: justify;\">Jak zapewne wielu z Was wie, uko\u0144czy\u0142em \u201es\u0142ynn\u0105\u201d Dw\u00f3jk\u0119, czyli II LO we Wrzeszczu. Przy okazji 70. urodzin szko\u0142y wraz z Janem Danilukiem napisali\u015bmy tekst o historii budynku szko\u0142y do okoliczno\u015bciowej publikacji.<\/p>\n<p style=\"text-align: justify;\">Przy okazji 75. urodzin &#8222;Dw\u00f3jki&#8221;, poproszono mnie o napisanie osobistego kawa\u0142ka wspomnieniowego. Poni\u017cej &#8222;przedrukowuj\u0119&#8221; opublikowany tam tekst:<\/p>\n<p><em><strong>\u201eDw\u00f3jk\u0119\u201d pami\u0119tam dobrze.<\/strong><\/em><\/p>\n<p style=\"text-align: justify;\"><em>Rocznice takie jak ta do znudzenia okraszane s\u0105 nostalgicznymi wspominkami o wspania\u0142ych czasach i cudownych belfrach, o szkole b\u0119d\u0105cej drugim domem i m\u0105dro\u015bciach objawionych na reszt\u0119 \u017cycia. Co prawda od dawna ju\u017c nie mam problem\u00f3w z cer\u0105 czy z odnajdywaniem si\u0119 w towarzystwie, mimo to jednak nie zamierzam pisa\u0107 tego tekstu r\u00f3\u017cowym fontem. <\/em><\/p>\n<p style=\"text-align: justify;\"><em>Napisz\u0119 jak by\u0142o. <\/em><\/p>\n<p style=\"text-align: justify;\"><em>Pami\u0119tam, \u017ce egzaminy wst\u0119pne by\u0142y trudne, bo przecie\u017c szczytowy rocznik wy\u017cu demograficznego trzeba by\u0142o jako\u015b przesia\u0107. Pami\u0119tam, \u017ce pierwszym skojarzeniem, jakie wzbudzi\u0142 we mnie masywny, przedwojenny gmach \u2013 szczeg\u00f3lnie po dziewi\u0119ciu latach ucz\u0119szczania do lekkiej, jasnej \u201etysi\u0105clatki\u201d przy ul. Wrzeszcza\u0144skiej \u2013 by\u0142a scenografia horroru z Freddym Krugerem. Pami\u0119tam smr\u00f3d potu zmieszanego z kurzem na sali gimnastycznej, kt\u00f3ra robi\u0142a czasem za aul\u0119. Pami\u0119tam archaiczne pracownie, wiekowe komputery (na lekcjach siadali\u015bmy do nich parami!) i jedn\u0105 jedyn\u0105 drukark\u0119 ig\u0142ow\u0105, kt\u00f3ra wydawa\u0142a d\u017awi\u0119ki, od kt\u00f3rych kruszy\u0142y si\u0119 plomby w z\u0119bach; pami\u0119tam szatni\u0119 WF zaimprowizowan\u0105 w dawnym gabinecie lekarskim, liczne dziury w p\u0142ocie, pop\u0119kany asfalt i klepisko zamiast boisk oraz chaszcze zamiast bie\u017cni.<\/em><\/p>\n<p style=\"text-align: justify;\"><em>Pami\u0119tam wysokie aspiracje dyrekcji i jej jeszcze wy\u017csz\u0105 samoocen\u0119. Pami\u0119tam powtarzany do znudzenia slogan \u201eszko\u0142a dla najlepszych\u201d, kt\u00f3ry by\u0142 bardzo grub\u0105 przesad\u0105. Pami\u0119tam przymusowe \u2013 i chyba nawet p\u0142atne \u2013 ukulturalnianie \u015brednio udanym teatrem objazdowym w sali WT. <\/em><\/p>\n<p style=\"text-align: justify;\"><em>Pami\u0119tam szkolny radiow\u0119ze\u0142, z kt\u00f3rego nadawali\u015bmy muzyk\u0119 na przerwach (Janusz, Pawe\u0142, gdzie dzi\u015b jeste\u015bcie?!).<\/em><\/p>\n<p style=\"text-align: justify;\"><em>Pami\u0119tam sal\u0119 302 z muralem Rafa\u0142a Roskowi\u0144skiego i cytatem z Jana Kochanowskiego (<\/em>Nie porzucaj nadzieje, jako\u0107 si\u0119 kolwiek dzieje!<em>). I sklepik z dro\u017cd\u017c\u00f3wkami oraz niepodrabialn\u0105 oran\u017cad\u0105 \u201eSkwar\u201d ko\u0142o sali 010 te\u017c pami\u0119tam. Pami\u0119tam sympatyczne panie z portierni. Pami\u0119tam kluby palacza, zbieraj\u0105ce si\u0119 spontanicznie na przerwach pod filarami b\u0105d\u017a za winklem \u2013 tak\u017ce zim\u0105 (wtedy w Polsce by\u0142y jeszcze zimy!). Pami\u0119tam te\u017c \u2013 przynajmniej fragmentarycznie \u2013 szkolne po\u0142owinki w Kaponierze oraz seryjnie obchodzone \u201eosiemnastki\u201d w klubie Forty, w Bac\u00f3wce, Matriksie, Blue Cafe (czy kto\u015b poza mn\u0105 pami\u0119ta jeszcze te miejsca?).<\/em><\/p>\n<p style=\"text-align: justify;\"><em>Pami\u0119tam tak\u017ce swoich nauczycieli z prze\u0142omu wiek\u00f3w \u2013 ka\u017cdego pami\u0119tam z osobna. Prof. Orze\u0142, kt\u00f3ra pozwala\u0142a nam my\u015ble\u0107 i dyskutowa\u0107, dzi\u0119ki czemu zrozumia\u0142em, \u017ce a) kto czyta, te\u017c \u017cyje wiele razy, b) \u017cycie jest za kr\u00f3tkie na czytanie g\u00f3wnianej literatury. Prof. Walick\u0105, kt\u00f3rej lekcje francuskiego przypomina\u0142y zaj\u0119cia w pruskiej szkole powszechnej (<\/em>masz minus!<em>) i prof. Brzoskowsk\u0105, kt\u00f3rej lekcje francuskiego przypomina\u0142y wiosenne popo\u0142udnie w parku (dzi\u015b nie potrafi\u0119 jednoznacznie stwierdzi\u0107, kt\u00f3ra nauczy\u0142a mnie wi\u0119cej). Prof. Ma\u0142kiewicz, kt\u00f3ra zreszt\u0105 by\u0142a moj\u0105 s\u0105siadk\u0105, a kt\u00f3ra pokaza\u0142a, \u017ce historia to ciekawa, wci\u0105gaj\u0105ca opowie\u015b\u0107, a nie ci\u0105g nazwisk i dat. Prof. Kujaw\u0119, kt\u00f3ry z tym swoim megafonem, fantomem oraz <\/em>chwileczkem, stop!<em> by\u0142 jak ulubiony bohater sitcomu \u2013 na jego \u201ewej\u015bcie\u201d zawsze czeka\u0142em z niecierpliwo\u015bci\u0105. Prof. Salsk\u0105-Moderhak, kt\u00f3ra wspania\u0142omy\u015blnie i bezinteresownie wpuszcza\u0142a mnie \u2013 zatwardzia\u0142ego humanist\u0119! \u2013 na sobotnie zaj\u0119cia dodatkowe z programowania dla mat-fizu, abym m\u00f3g\u0142 \u201eposiedzie\u0107 w Internecie\u201d (!). Prof. Pankowa, kt\u00f3ry miota\u0142 si\u0119 po sali i straszliwie czerwieni\u0142, ale jednocze\u015bnie bardzo si\u0119 stara\u0142, dzi\u0119ki czemu do dzi\u015b pami\u0119tam monolog Hamleta. Prof. Stop\u0119, kt\u00f3ra znad rzutnika z przekrojem pantofelka czy innego plemnika zwraca\u0142a si\u0119 do nas konsekwentnie i z pe\u0142n\u0105 powag\u0105 per pani\/pan, nawet gdy mieli\u015bmy jeszcze po 15 lat. Prof. Go\u0142aszewsk\u0105, kt\u00f3ra w soboty ch\u0119tnych ci\u0105ga\u0142a za sob\u0105 po tr\u00f3jmiejskich lasach lub gda\u0144skich muzeach, a dzi\u0119ki kt\u00f3rej do dzi\u015b pami\u0119tam, \u017ce stolic\u0105 Burundi jest Bu\u017cumbura, a zambo to osoba pochodz\u0105ca od rodzic\u00f3w rasy \u017c\u00f3\u0142tej i czarnej \u2013 chocia\u017c nie do ko\u0144ca wiem, do czego mi ta wiedza by\u0142a (jest?) potrzebna&#8230; Prof. Skalsk\u0105, \u015bwie\u017co po studiach, czasem u\u015bmiechni\u0119t\u0105, a czasem w\u015bciek\u0142\u0105, lecz zawsze pe\u0142n\u0105 zapa\u0142u, kt\u00f3ra z godno\u015bci\u0105 znosi\u0142a moje obra\u017aliwe wr\u0119cz nierozumienie matematyki. Prof. Losiak, kt\u00f3ra m\u00f3wi\u0142a szyfrem bardziej zawi\u0142ym, ni\u017c poezje Norwida, i kt\u00f3ra zawsze kaza\u0142a nam liczy\u0107 zadania \u201ena literkach\u201d. No i prof. Rechowicz, kt\u00f3rej lekcje, no c\u00f3\u017c, m\u00f3wi\u0105c najdelikatniej wi\u0119cej mia\u0142y wsp\u00f3lnego z katechez\u0105, ni\u017c z chemi\u0105.<\/em><\/p>\n<p style=\"text-align: justify;\"><em>Byli jeszcze nauczyciele \u201erezerwowi\u201d, na kr\u00f3tszych b\u0105d\u017a d\u0142u\u017cszych zast\u0119pstwach, czy przy jakiej\u015b tam okazji. Ich tak\u017ce dobrze pami\u0119tam. <\/em><\/p>\n<p style=\"text-align: justify;\"><em>Pami\u0119tam prof. Kakareko, archetyp belfra w najbardziej dostojnym wydaniu, uosobienie historii i posiadacza najbardziej epickich w\u0105s\u00f3w epoki przedhipsterskiej. Prof. Glapi\u0144skiego, kt\u00f3ry raczej nie patrzy\u0142 w oczy i kt\u00f3ry na szcz\u0119\u015bcie nie mia\u0142 z\u0142udze\u0144, \u017ce w czwartej klasie b\u0119d\u0119 m\u0105drzejszy z matematyki, ni\u017c w trzech poprzednich, i po prostu da\u0142 mi spok\u00f3j. Prof. Gli\u0144sk\u0105, kt\u00f3ra jara\u0142a szlugi jak lokomotywa, tolerowa\u0142a nasz dziwny repertuar w radiow\u0119\u017ale i nawet podzieli\u0142a si\u0119 ze mn\u0105 ksi\u0105\u017ckami wielbionego przeze mnie Arthura C. Clarke\u2019a w oryginale (jedn\u0105 z nich wci\u0105\u017c mam na p\u00f3\u0142ce). I wreszcie, pami\u0119tam prof. Ty\u015blewicz, \u201ewielk\u0105 admiratork\u0119 Pi\u0142sudskiego\u201d, kt\u00f3ra nie przepada\u0142a za dziewczynami, za to ch\u0142opcom zawsze zawy\u017ca\u0142a stopnie.<\/em><\/p>\n<p style=\"text-align: justify;\"><em>Tak, \u201eDw\u00f3jk\u0119\u201d pami\u0119tam dobrze.<\/em><\/p>\n<p style=\"text-align: justify;\"><strong><a href=\"http:\/\/jarekwasielewski.pl\/zwrzeszcza\/wp-content\/uploads\/2015\/11\/wrzeszcz_dwojka.jpg\"><img loading=\"lazy\" decoding=\"async\" class=\"aligncenter size-medium wp-image-2369\" src=\"http:\/\/jarekwasielewski.pl\/zwrzeszcza\/wp-content\/uploads\/2015\/11\/wrzeszcz_dwojka-300x225.jpg\" alt=\"wrzeszcz_dwojka\" width=\"300\" height=\"225\" srcset=\"https:\/\/jarekwasielewski.pl\/zwrzeszcza\/wp-content\/uploads\/2015\/11\/wrzeszcz_dwojka-300x225.jpg 300w, https:\/\/jarekwasielewski.pl\/zwrzeszcza\/wp-content\/uploads\/2015\/11\/wrzeszcz_dwojka.jpg 800w\" sizes=\"auto, (max-width: 300px) 100vw, 300px\" \/><\/a><\/strong><\/p>\n","protected":false},"excerpt":{"rendered":"<p>Jak zapewne wielu z Was wie, uko\u0144czy\u0142em \u201es\u0142ynn\u0105\u201d Dw\u00f3jk\u0119, czyli II LO we Wrzeszczu. Przy okazji 70. urodzin szko\u0142y wraz z Janem Danilukiem napisali\u015bmy tekst o historii budynku szko\u0142y do okoliczno\u015bciowej publikacji. Przy okazji 75. urodzin &#8222;Dw\u00f3jki&#8221;, poproszono mnie o napisanie osobistego kawa\u0142ka wspomnieniowego. Poni\u017cej &#8222;przedrukowuj\u0119&#8221; opublikowany tam tekst: \u201eDw\u00f3jk\u0119\u201d pami\u0119tam dobrze. Rocznice takie jak&hellip;<\/p>\n","protected":false},"author":1,"featured_media":2369,"comment_status":"open","ping_status":"closed","sticky":false,"template":"","format":"standard","meta":{"ngg_post_thumbnail":0,"footnotes":""},"categories":[3,11,8],"tags":[],"class_list":["post-2368","post","type-post","status-publish","format-standard","has-post-thumbnail","hentry","category-aktualnosci","category-wspomnienia","category-wszystkie"],"yoast_head":"<!-- This site is optimized with the Yoast SEO plugin v27.3 - https:\/\/yoast.com\/product\/yoast-seo-wordpress\/ -->\n<title>\u201eDw\u00f3jk\u0119\u201d pami\u0119tam dobrze. - Wrzeszcz Jarka Wasielewskiego<\/title>\n<meta name=\"robots\" content=\"index, follow, max-snippet:-1, max-image-preview:large, max-video-preview:-1\" \/>\n<link rel=\"canonical\" href=\"https:\/\/jarekwasielewski.pl\/zwrzeszcza\/2015\/12\/chodzilem-do-dwojki-czyli-krotki-wpis-wspomnieniowy\/\" \/>\n<meta property=\"og:locale\" content=\"pl_PL\" \/>\n<meta property=\"og:type\" content=\"article\" \/>\n<meta property=\"og:title\" content=\"\u201eDw\u00f3jk\u0119\u201d pami\u0119tam dobrze. - Wrzeszcz Jarka Wasielewskiego\" \/>\n<meta property=\"og:description\" content=\"Jak zapewne wielu z Was wie, uko\u0144czy\u0142em \u201es\u0142ynn\u0105\u201d Dw\u00f3jk\u0119, czyli II LO we Wrzeszczu. Przy okazji 70. urodzin szko\u0142y wraz z Janem Danilukiem napisali\u015bmy tekst o historii budynku szko\u0142y do okoliczno\u015bciowej publikacji. Przy okazji 75. urodzin &#8222;Dw\u00f3jki&#8221;, poproszono mnie o napisanie osobistego kawa\u0142ka wspomnieniowego. Poni\u017cej &#8222;przedrukowuj\u0119&#8221; opublikowany tam tekst: \u201eDw\u00f3jk\u0119\u201d pami\u0119tam dobrze. Rocznice takie jak&hellip;\" \/>\n<meta property=\"og:url\" content=\"https:\/\/jarekwasielewski.pl\/zwrzeszcza\/2015\/12\/chodzilem-do-dwojki-czyli-krotki-wpis-wspomnieniowy\/\" \/>\n<meta property=\"og:site_name\" content=\"Wrzeszcz Jarka Wasielewskiego\" \/>\n<meta property=\"article:published_time\" content=\"2015-12-04T08:13:51+00:00\" \/>\n<meta property=\"article:modified_time\" content=\"2023-11-13T11:26:26+00:00\" \/>\n<meta property=\"og:image\" content=\"https:\/\/jarekwasielewski.pl\/zwrzeszcza\/wp-content\/uploads\/2015\/11\/wrzeszcz_dwojka.jpg\" \/>\n\t<meta property=\"og:image:width\" content=\"800\" \/>\n\t<meta property=\"og:image:height\" content=\"600\" \/>\n\t<meta property=\"og:image:type\" content=\"image\/jpeg\" \/>\n<meta name=\"author\" content=\"Jarek Wasielewski\" \/>\n<meta name=\"twitter:card\" content=\"summary_large_image\" \/>\n<meta name=\"twitter:label1\" content=\"Napisane przez\" \/>\n\t<meta name=\"twitter:data1\" content=\"Jarek Wasielewski\" \/>\n\t<meta name=\"twitter:label2\" content=\"Szacowany czas czytania\" \/>\n\t<meta name=\"twitter:data2\" content=\"5 minut\" \/>\n<script type=\"application\/ld+json\" class=\"yoast-schema-graph\">{\"@context\":\"https:\\\/\\\/schema.org\",\"@graph\":[{\"@type\":\"Article\",\"@id\":\"https:\\\/\\\/jarekwasielewski.pl\\\/zwrzeszcza\\\/2015\\\/12\\\/chodzilem-do-dwojki-czyli-krotki-wpis-wspomnieniowy\\\/#article\",\"isPartOf\":{\"@id\":\"https:\\\/\\\/jarekwasielewski.pl\\\/zwrzeszcza\\\/2015\\\/12\\\/chodzilem-do-dwojki-czyli-krotki-wpis-wspomnieniowy\\\/\"},\"author\":{\"name\":\"Jarek Wasielewski\",\"@id\":\"https:\\\/\\\/jarekwasielewski.pl\\\/zwrzeszcza\\\/#\\\/schema\\\/person\\\/807e6ca1f9fadc1945bd9ac746422589\"},\"headline\":\"\u201eDw\u00f3jk\u0119\u201d pami\u0119tam dobrze.\",\"datePublished\":\"2015-12-04T08:13:51+00:00\",\"dateModified\":\"2023-11-13T11:26:26+00:00\",\"mainEntityOfPage\":{\"@id\":\"https:\\\/\\\/jarekwasielewski.pl\\\/zwrzeszcza\\\/2015\\\/12\\\/chodzilem-do-dwojki-czyli-krotki-wpis-wspomnieniowy\\\/\"},\"wordCount\":987,\"commentCount\":2,\"publisher\":{\"@id\":\"https:\\\/\\\/jarekwasielewski.pl\\\/zwrzeszcza\\\/#\\\/schema\\\/person\\\/807e6ca1f9fadc1945bd9ac746422589\"},\"image\":{\"@id\":\"https:\\\/\\\/jarekwasielewski.pl\\\/zwrzeszcza\\\/2015\\\/12\\\/chodzilem-do-dwojki-czyli-krotki-wpis-wspomnieniowy\\\/#primaryimage\"},\"thumbnailUrl\":\"https:\\\/\\\/jarekwasielewski.pl\\\/zwrzeszcza\\\/wp-content\\\/uploads\\\/2015\\\/11\\\/wrzeszcz_dwojka.jpg\",\"articleSection\":[\"Aktualno\u015bci\",\"Wspomnienia\",\"Wszystkie\"],\"inLanguage\":\"pl-PL\",\"potentialAction\":[{\"@type\":\"CommentAction\",\"name\":\"Comment\",\"target\":[\"https:\\\/\\\/jarekwasielewski.pl\\\/zwrzeszcza\\\/2015\\\/12\\\/chodzilem-do-dwojki-czyli-krotki-wpis-wspomnieniowy\\\/#respond\"]}]},{\"@type\":\"WebPage\",\"@id\":\"https:\\\/\\\/jarekwasielewski.pl\\\/zwrzeszcza\\\/2015\\\/12\\\/chodzilem-do-dwojki-czyli-krotki-wpis-wspomnieniowy\\\/\",\"url\":\"https:\\\/\\\/jarekwasielewski.pl\\\/zwrzeszcza\\\/2015\\\/12\\\/chodzilem-do-dwojki-czyli-krotki-wpis-wspomnieniowy\\\/\",\"name\":\"\u201eDw\u00f3jk\u0119\u201d pami\u0119tam dobrze. - Wrzeszcz Jarka Wasielewskiego\",\"isPartOf\":{\"@id\":\"https:\\\/\\\/jarekwasielewski.pl\\\/zwrzeszcza\\\/#website\"},\"primaryImageOfPage\":{\"@id\":\"https:\\\/\\\/jarekwasielewski.pl\\\/zwrzeszcza\\\/2015\\\/12\\\/chodzilem-do-dwojki-czyli-krotki-wpis-wspomnieniowy\\\/#primaryimage\"},\"image\":{\"@id\":\"https:\\\/\\\/jarekwasielewski.pl\\\/zwrzeszcza\\\/2015\\\/12\\\/chodzilem-do-dwojki-czyli-krotki-wpis-wspomnieniowy\\\/#primaryimage\"},\"thumbnailUrl\":\"https:\\\/\\\/jarekwasielewski.pl\\\/zwrzeszcza\\\/wp-content\\\/uploads\\\/2015\\\/11\\\/wrzeszcz_dwojka.jpg\",\"datePublished\":\"2015-12-04T08:13:51+00:00\",\"dateModified\":\"2023-11-13T11:26:26+00:00\",\"breadcrumb\":{\"@id\":\"https:\\\/\\\/jarekwasielewski.pl\\\/zwrzeszcza\\\/2015\\\/12\\\/chodzilem-do-dwojki-czyli-krotki-wpis-wspomnieniowy\\\/#breadcrumb\"},\"inLanguage\":\"pl-PL\",\"potentialAction\":[{\"@type\":\"ReadAction\",\"target\":[\"https:\\\/\\\/jarekwasielewski.pl\\\/zwrzeszcza\\\/2015\\\/12\\\/chodzilem-do-dwojki-czyli-krotki-wpis-wspomnieniowy\\\/\"]}]},{\"@type\":\"ImageObject\",\"inLanguage\":\"pl-PL\",\"@id\":\"https:\\\/\\\/jarekwasielewski.pl\\\/zwrzeszcza\\\/2015\\\/12\\\/chodzilem-do-dwojki-czyli-krotki-wpis-wspomnieniowy\\\/#primaryimage\",\"url\":\"https:\\\/\\\/jarekwasielewski.pl\\\/zwrzeszcza\\\/wp-content\\\/uploads\\\/2015\\\/11\\\/wrzeszcz_dwojka.jpg\",\"contentUrl\":\"https:\\\/\\\/jarekwasielewski.pl\\\/zwrzeszcza\\\/wp-content\\\/uploads\\\/2015\\\/11\\\/wrzeszcz_dwojka.jpg\",\"width\":800,\"height\":600},{\"@type\":\"BreadcrumbList\",\"@id\":\"https:\\\/\\\/jarekwasielewski.pl\\\/zwrzeszcza\\\/2015\\\/12\\\/chodzilem-do-dwojki-czyli-krotki-wpis-wspomnieniowy\\\/#breadcrumb\",\"itemListElement\":[{\"@type\":\"ListItem\",\"position\":1,\"name\":\"Strona g\u0142\u00f3wna\",\"item\":\"https:\\\/\\\/jarekwasielewski.pl\\\/zwrzeszcza\\\/\"},{\"@type\":\"ListItem\",\"position\":2,\"name\":\"\u201eDw\u00f3jk\u0119\u201d pami\u0119tam dobrze.\"}]},{\"@type\":\"WebSite\",\"@id\":\"https:\\\/\\\/jarekwasielewski.pl\\\/zwrzeszcza\\\/#website\",\"url\":\"https:\\\/\\\/jarekwasielewski.pl\\\/zwrzeszcza\\\/\",\"name\":\"Wrzeszcza Jarka Wasielewskiego\",\"description\":\"Blog Jarka Wasielewskiego o Wrzeszczu\",\"publisher\":{\"@id\":\"https:\\\/\\\/jarekwasielewski.pl\\\/zwrzeszcza\\\/#\\\/schema\\\/person\\\/807e6ca1f9fadc1945bd9ac746422589\"},\"potentialAction\":[{\"@type\":\"SearchAction\",\"target\":{\"@type\":\"EntryPoint\",\"urlTemplate\":\"https:\\\/\\\/jarekwasielewski.pl\\\/zwrzeszcza\\\/?s={search_term_string}\"},\"query-input\":{\"@type\":\"PropertyValueSpecification\",\"valueRequired\":true,\"valueName\":\"search_term_string\"}}],\"inLanguage\":\"pl-PL\"},{\"@type\":[\"Person\",\"Organization\"],\"@id\":\"https:\\\/\\\/jarekwasielewski.pl\\\/zwrzeszcza\\\/#\\\/schema\\\/person\\\/807e6ca1f9fadc1945bd9ac746422589\",\"name\":\"Jarek Wasielewski\",\"image\":{\"@type\":\"ImageObject\",\"inLanguage\":\"pl-PL\",\"@id\":\"http:\\\/\\\/jarekwasielewski.pl\\\/zwrzeszcza\\\/wp-content\\\/uploads\\\/2021\\\/09\\\/jw.png\",\"url\":\"http:\\\/\\\/jarekwasielewski.pl\\\/zwrzeszcza\\\/wp-content\\\/uploads\\\/2021\\\/09\\\/jw.png\",\"contentUrl\":\"http:\\\/\\\/jarekwasielewski.pl\\\/zwrzeszcza\\\/wp-content\\\/uploads\\\/2021\\\/09\\\/jw.png\",\"width\":715,\"height\":630,\"caption\":\"Jarek Wasielewski\"},\"logo\":{\"@id\":\"http:\\\/\\\/jarekwasielewski.pl\\\/zwrzeszcza\\\/wp-content\\\/uploads\\\/2021\\\/09\\\/jw.png\"},\"sameAs\":[\"http:\\\/\\\/jarekwasielewski.pl\\\/zwrzeszcza\"]}]}<\/script>\n<!-- \/ Yoast SEO plugin. -->","yoast_head_json":{"title":"\u201eDw\u00f3jk\u0119\u201d pami\u0119tam dobrze. - Wrzeszcz Jarka Wasielewskiego","robots":{"index":"index","follow":"follow","max-snippet":"max-snippet:-1","max-image-preview":"max-image-preview:large","max-video-preview":"max-video-preview:-1"},"canonical":"https:\/\/jarekwasielewski.pl\/zwrzeszcza\/2015\/12\/chodzilem-do-dwojki-czyli-krotki-wpis-wspomnieniowy\/","og_locale":"pl_PL","og_type":"article","og_title":"\u201eDw\u00f3jk\u0119\u201d pami\u0119tam dobrze. - Wrzeszcz Jarka Wasielewskiego","og_description":"Jak zapewne wielu z Was wie, uko\u0144czy\u0142em \u201es\u0142ynn\u0105\u201d Dw\u00f3jk\u0119, czyli II LO we Wrzeszczu. Przy okazji 70. urodzin szko\u0142y wraz z Janem Danilukiem napisali\u015bmy tekst o historii budynku szko\u0142y do okoliczno\u015bciowej publikacji. Przy okazji 75. urodzin &#8222;Dw\u00f3jki&#8221;, poproszono mnie o napisanie osobistego kawa\u0142ka wspomnieniowego. Poni\u017cej &#8222;przedrukowuj\u0119&#8221; opublikowany tam tekst: \u201eDw\u00f3jk\u0119\u201d pami\u0119tam dobrze. Rocznice takie jak&hellip;","og_url":"https:\/\/jarekwasielewski.pl\/zwrzeszcza\/2015\/12\/chodzilem-do-dwojki-czyli-krotki-wpis-wspomnieniowy\/","og_site_name":"Wrzeszcz Jarka Wasielewskiego","article_published_time":"2015-12-04T08:13:51+00:00","article_modified_time":"2023-11-13T11:26:26+00:00","og_image":[{"width":800,"height":600,"url":"https:\/\/jarekwasielewski.pl\/zwrzeszcza\/wp-content\/uploads\/2015\/11\/wrzeszcz_dwojka.jpg","type":"image\/jpeg"}],"author":"Jarek Wasielewski","twitter_card":"summary_large_image","twitter_misc":{"Napisane przez":"Jarek Wasielewski","Szacowany czas czytania":"5 minut"},"schema":{"@context":"https:\/\/schema.org","@graph":[{"@type":"Article","@id":"https:\/\/jarekwasielewski.pl\/zwrzeszcza\/2015\/12\/chodzilem-do-dwojki-czyli-krotki-wpis-wspomnieniowy\/#article","isPartOf":{"@id":"https:\/\/jarekwasielewski.pl\/zwrzeszcza\/2015\/12\/chodzilem-do-dwojki-czyli-krotki-wpis-wspomnieniowy\/"},"author":{"name":"Jarek Wasielewski","@id":"https:\/\/jarekwasielewski.pl\/zwrzeszcza\/#\/schema\/person\/807e6ca1f9fadc1945bd9ac746422589"},"headline":"\u201eDw\u00f3jk\u0119\u201d pami\u0119tam dobrze.","datePublished":"2015-12-04T08:13:51+00:00","dateModified":"2023-11-13T11:26:26+00:00","mainEntityOfPage":{"@id":"https:\/\/jarekwasielewski.pl\/zwrzeszcza\/2015\/12\/chodzilem-do-dwojki-czyli-krotki-wpis-wspomnieniowy\/"},"wordCount":987,"commentCount":2,"publisher":{"@id":"https:\/\/jarekwasielewski.pl\/zwrzeszcza\/#\/schema\/person\/807e6ca1f9fadc1945bd9ac746422589"},"image":{"@id":"https:\/\/jarekwasielewski.pl\/zwrzeszcza\/2015\/12\/chodzilem-do-dwojki-czyli-krotki-wpis-wspomnieniowy\/#primaryimage"},"thumbnailUrl":"https:\/\/jarekwasielewski.pl\/zwrzeszcza\/wp-content\/uploads\/2015\/11\/wrzeszcz_dwojka.jpg","articleSection":["Aktualno\u015bci","Wspomnienia","Wszystkie"],"inLanguage":"pl-PL","potentialAction":[{"@type":"CommentAction","name":"Comment","target":["https:\/\/jarekwasielewski.pl\/zwrzeszcza\/2015\/12\/chodzilem-do-dwojki-czyli-krotki-wpis-wspomnieniowy\/#respond"]}]},{"@type":"WebPage","@id":"https:\/\/jarekwasielewski.pl\/zwrzeszcza\/2015\/12\/chodzilem-do-dwojki-czyli-krotki-wpis-wspomnieniowy\/","url":"https:\/\/jarekwasielewski.pl\/zwrzeszcza\/2015\/12\/chodzilem-do-dwojki-czyli-krotki-wpis-wspomnieniowy\/","name":"\u201eDw\u00f3jk\u0119\u201d pami\u0119tam dobrze. - Wrzeszcz Jarka Wasielewskiego","isPartOf":{"@id":"https:\/\/jarekwasielewski.pl\/zwrzeszcza\/#website"},"primaryImageOfPage":{"@id":"https:\/\/jarekwasielewski.pl\/zwrzeszcza\/2015\/12\/chodzilem-do-dwojki-czyli-krotki-wpis-wspomnieniowy\/#primaryimage"},"image":{"@id":"https:\/\/jarekwasielewski.pl\/zwrzeszcza\/2015\/12\/chodzilem-do-dwojki-czyli-krotki-wpis-wspomnieniowy\/#primaryimage"},"thumbnailUrl":"https:\/\/jarekwasielewski.pl\/zwrzeszcza\/wp-content\/uploads\/2015\/11\/wrzeszcz_dwojka.jpg","datePublished":"2015-12-04T08:13:51+00:00","dateModified":"2023-11-13T11:26:26+00:00","breadcrumb":{"@id":"https:\/\/jarekwasielewski.pl\/zwrzeszcza\/2015\/12\/chodzilem-do-dwojki-czyli-krotki-wpis-wspomnieniowy\/#breadcrumb"},"inLanguage":"pl-PL","potentialAction":[{"@type":"ReadAction","target":["https:\/\/jarekwasielewski.pl\/zwrzeszcza\/2015\/12\/chodzilem-do-dwojki-czyli-krotki-wpis-wspomnieniowy\/"]}]},{"@type":"ImageObject","inLanguage":"pl-PL","@id":"https:\/\/jarekwasielewski.pl\/zwrzeszcza\/2015\/12\/chodzilem-do-dwojki-czyli-krotki-wpis-wspomnieniowy\/#primaryimage","url":"https:\/\/jarekwasielewski.pl\/zwrzeszcza\/wp-content\/uploads\/2015\/11\/wrzeszcz_dwojka.jpg","contentUrl":"https:\/\/jarekwasielewski.pl\/zwrzeszcza\/wp-content\/uploads\/2015\/11\/wrzeszcz_dwojka.jpg","width":800,"height":600},{"@type":"BreadcrumbList","@id":"https:\/\/jarekwasielewski.pl\/zwrzeszcza\/2015\/12\/chodzilem-do-dwojki-czyli-krotki-wpis-wspomnieniowy\/#breadcrumb","itemListElement":[{"@type":"ListItem","position":1,"name":"Strona g\u0142\u00f3wna","item":"https:\/\/jarekwasielewski.pl\/zwrzeszcza\/"},{"@type":"ListItem","position":2,"name":"\u201eDw\u00f3jk\u0119\u201d pami\u0119tam dobrze."}]},{"@type":"WebSite","@id":"https:\/\/jarekwasielewski.pl\/zwrzeszcza\/#website","url":"https:\/\/jarekwasielewski.pl\/zwrzeszcza\/","name":"Wrzeszcza Jarka Wasielewskiego","description":"Blog Jarka Wasielewskiego o Wrzeszczu","publisher":{"@id":"https:\/\/jarekwasielewski.pl\/zwrzeszcza\/#\/schema\/person\/807e6ca1f9fadc1945bd9ac746422589"},"potentialAction":[{"@type":"SearchAction","target":{"@type":"EntryPoint","urlTemplate":"https:\/\/jarekwasielewski.pl\/zwrzeszcza\/?s={search_term_string}"},"query-input":{"@type":"PropertyValueSpecification","valueRequired":true,"valueName":"search_term_string"}}],"inLanguage":"pl-PL"},{"@type":["Person","Organization"],"@id":"https:\/\/jarekwasielewski.pl\/zwrzeszcza\/#\/schema\/person\/807e6ca1f9fadc1945bd9ac746422589","name":"Jarek Wasielewski","image":{"@type":"ImageObject","inLanguage":"pl-PL","@id":"http:\/\/jarekwasielewski.pl\/zwrzeszcza\/wp-content\/uploads\/2021\/09\/jw.png","url":"http:\/\/jarekwasielewski.pl\/zwrzeszcza\/wp-content\/uploads\/2021\/09\/jw.png","contentUrl":"http:\/\/jarekwasielewski.pl\/zwrzeszcza\/wp-content\/uploads\/2021\/09\/jw.png","width":715,"height":630,"caption":"Jarek Wasielewski"},"logo":{"@id":"http:\/\/jarekwasielewski.pl\/zwrzeszcza\/wp-content\/uploads\/2021\/09\/jw.png"},"sameAs":["http:\/\/jarekwasielewski.pl\/zwrzeszcza"]}]}},"_links":{"self":[{"href":"https:\/\/jarekwasielewski.pl\/zwrzeszcza\/wp-json\/wp\/v2\/posts\/2368","targetHints":{"allow":["GET"]}}],"collection":[{"href":"https:\/\/jarekwasielewski.pl\/zwrzeszcza\/wp-json\/wp\/v2\/posts"}],"about":[{"href":"https:\/\/jarekwasielewski.pl\/zwrzeszcza\/wp-json\/wp\/v2\/types\/post"}],"author":[{"embeddable":true,"href":"https:\/\/jarekwasielewski.pl\/zwrzeszcza\/wp-json\/wp\/v2\/users\/1"}],"replies":[{"embeddable":true,"href":"https:\/\/jarekwasielewski.pl\/zwrzeszcza\/wp-json\/wp\/v2\/comments?post=2368"}],"version-history":[{"count":2,"href":"https:\/\/jarekwasielewski.pl\/zwrzeszcza\/wp-json\/wp\/v2\/posts\/2368\/revisions"}],"predecessor-version":[{"id":5641,"href":"https:\/\/jarekwasielewski.pl\/zwrzeszcza\/wp-json\/wp\/v2\/posts\/2368\/revisions\/5641"}],"wp:featuredmedia":[{"embeddable":true,"href":"https:\/\/jarekwasielewski.pl\/zwrzeszcza\/wp-json\/wp\/v2\/media\/2369"}],"wp:attachment":[{"href":"https:\/\/jarekwasielewski.pl\/zwrzeszcza\/wp-json\/wp\/v2\/media?parent=2368"}],"wp:term":[{"taxonomy":"category","embeddable":true,"href":"https:\/\/jarekwasielewski.pl\/zwrzeszcza\/wp-json\/wp\/v2\/categories?post=2368"},{"taxonomy":"post_tag","embeddable":true,"href":"https:\/\/jarekwasielewski.pl\/zwrzeszcza\/wp-json\/wp\/v2\/tags?post=2368"}],"curies":[{"name":"wp","href":"https:\/\/api.w.org\/{rel}","templated":true}]}}