{"id":2260,"date":"2015-09-07T12:53:41","date_gmt":"2015-09-07T12:53:41","guid":{"rendered":"http:\/\/jarekwasielewski.pl\/zwrzeszcza\/?p=2260"},"modified":"2023-11-13T12:19:13","modified_gmt":"2023-11-13T11:19:13","slug":"aleja-grunwaldzka-w-radzieckiej-kronice-wojennej-z-1945-roku","status":"publish","type":"post","link":"https:\/\/jarekwasielewski.pl\/zwrzeszcza\/2015\/09\/aleja-grunwaldzka-w-radzieckiej-kronice-wojennej-z-1945-roku\/","title":{"rendered":"Aleja Grunwaldzka w radzieckiej kronice wojennej z 1945 roku"},"content":{"rendered":"<p style=\"text-align: justify;\"><a href=\"http:\/\/historia.trojmiasto.pl\/Radziecka-kronika-pokazuje-zdobywanie-Gdanska-Sopotu-i-Gdyni-w-marcu-1945-roku-n93542.html\" target=\"_blank\" rel=\"noopener\">Portal Tr\u00f3jmiasto zaprezentowa\u0142 wczoraj radzieck\u0105 kronik\u0119<\/a> wygrzeban\u0105 ze zbior\u00f3w Rosyjskiego Pa\u0144stwowego Archiwum Kino-Foto Dokument\u00f3w, na kt\u00f3rej upami\u0119tniono zdobycie Gda\u0144ska wiosn\u0105 1945 roku przez Armi\u0119 Czerwon\u0105. Film jest czarno-bia\u0142y, w po\u0142owie pozorowany i nie robi a\u017c takiego wra\u017cenia, jak <a href=\"http:\/\/jarekwasielewski.pl\/zwrzeszcza\/2013\/04\/powojenny-zniszczony-gdansk-na-kolorowym-filmie\/\">prezentowany tu kiedy\u015b kolorowy film z 1946-47 roku<\/a>, jednak i tak&nbsp;jest niesamowity. Ot\u00f3\u017c wida\u0107 na nim&nbsp;m.in. lutera\u0144ski Ko\u015bci\u00f3\u0142 Zbawiciela w Sopocie, Zak\u0142ad Balneologiczny, Kasino Hotel oraz budynek dawnego dworca kolejowego tam\u017ce, port w Gdyni, a z uj\u0119\u0107 gda\u0144skich: Baszt\u0119 Bia\u0142\u0105, hotel <em>Danziger Hof<\/em>, Ratusz G\u0142\u00f3wnomiejski, Wysp\u0119 Spichrz\u00f3w, pomnik cesarza Wilhelma I przed Bram\u0105 Wy\u017cynn\u0105, fragment Stoczni Gda\u0144skiej, a tak\u017ce widok na G\u0142\u00f3wne Miasto z lotu ptaka, ukazuj\u0105cy ogrom zniszcze\u0144. W tym miejscu zapytacie: no dobrze, a <strong>czy wida\u0107 tam Wrzeszcz? Tak!<\/strong> Pod koniec trzeciej minuty (3:57-4:00) wida\u0107 skrzy\u017cowanie dzisiejszej al. Grunwaldzkiej z ul. Bohater\u00f3w Getta Warszawskiego:<\/p>\n<p style=\"text-align: justify;\"><a href=\"http:\/\/jarekwasielewski.pl\/zwrzeszcza\/wp-content\/uploads\/2015\/09\/wrzeszcz_kronika_45_hauptstrasse_22.jpg\"><img loading=\"lazy\" decoding=\"async\" class=\"aligncenter size-medium wp-image-2262\" src=\"http:\/\/jarekwasielewski.pl\/zwrzeszcza\/wp-content\/uploads\/2015\/09\/wrzeszcz_kronika_45_hauptstrasse_22-300x201.jpg\" alt=\"wrzeszcz_kronika_45_hauptstrasse_22\" width=\"300\" height=\"201\" srcset=\"https:\/\/jarekwasielewski.pl\/zwrzeszcza\/wp-content\/uploads\/2015\/09\/wrzeszcz_kronika_45_hauptstrasse_22-300x201.jpg 300w, https:\/\/jarekwasielewski.pl\/zwrzeszcza\/wp-content\/uploads\/2015\/09\/wrzeszcz_kronika_45_hauptstrasse_22-1024x686.jpg 1024w, https:\/\/jarekwasielewski.pl\/zwrzeszcza\/wp-content\/uploads\/2015\/09\/wrzeszcz_kronika_45_hauptstrasse_22.jpg 1254w\" sizes=\"auto, (max-width: 300px) 100vw, 300px\" \/><\/a>Widzimy tam poni\u017cszy budynek&nbsp;wraz z fragmentem zadaszenia&nbsp;stacji benzynowej (dzi\u015b pub Stacja DeLuxe):<\/p>\n<div id=\"attachment_2261\" style=\"width: 306px\" class=\"wp-caption aligncenter\"><a href=\"http:\/\/jarekwasielewski.pl\/zwrzeszcza\/wp-content\/uploads\/2015\/09\/wrzeszcz_grunwaldzka_22_google.jpg\"><img loading=\"lazy\" decoding=\"async\" aria-describedby=\"caption-attachment-2261\" class=\"wp-image-2261 size-medium\" src=\"http:\/\/jarekwasielewski.pl\/zwrzeszcza\/wp-content\/uploads\/2015\/09\/wrzeszcz_grunwaldzka_22_google-300x169.jpg\" alt=\"wrzeszcz_grunwaldzka_22_google\" width=\"300\" height=\"169\" srcset=\"https:\/\/jarekwasielewski.pl\/zwrzeszcza\/wp-content\/uploads\/2015\/09\/wrzeszcz_grunwaldzka_22_google-300x169.jpg 300w, https:\/\/jarekwasielewski.pl\/zwrzeszcza\/wp-content\/uploads\/2015\/09\/wrzeszcz_grunwaldzka_22_google-1024x577.jpg 1024w, https:\/\/jarekwasielewski.pl\/zwrzeszcza\/wp-content\/uploads\/2015\/09\/wrzeszcz_grunwaldzka_22_google-460x260.jpg 460w, https:\/\/jarekwasielewski.pl\/zwrzeszcza\/wp-content\/uploads\/2015\/09\/wrzeszcz_grunwaldzka_22_google.jpg 1094w\" sizes=\"auto, (max-width: 300px) 100vw, 300px\" \/><\/a><p id=\"caption-attachment-2261\" class=\"wp-caption-text\">(\u017ar\u00f3d\u0142o: Google Street View)<\/p><\/div>\n<p style=\"text-align: justify;\">Napr\u0119dce zrobi\u0142em taki kola\u017c, ilustruj\u0105cy oryginaln\u0105 klatk\u0119 z radzieckiej kroniki na tle wsp\u00f3\u0142czesnego zdj\u0119cia:<\/p>\n<p style=\"text-align: justify;\"><a href=\"http:\/\/jarekwasielewski.pl\/zwrzeszcza\/wp-content\/uploads\/2015\/09\/wrzeszcz_kronika_45_kolaz.jpg\"><img loading=\"lazy\" decoding=\"async\" class=\"size-medium wp-image-2263 aligncenter\" src=\"http:\/\/jarekwasielewski.pl\/zwrzeszcza\/wp-content\/uploads\/2015\/09\/wrzeszcz_kronika_45_kolaz-300x179.jpg\" alt=\"wrzeszcz_kronika_45_kolaz\" width=\"300\" height=\"179\" srcset=\"https:\/\/jarekwasielewski.pl\/zwrzeszcza\/wp-content\/uploads\/2015\/09\/wrzeszcz_kronika_45_kolaz-300x179.jpg 300w, https:\/\/jarekwasielewski.pl\/zwrzeszcza\/wp-content\/uploads\/2015\/09\/wrzeszcz_kronika_45_kolaz-1024x611.jpg 1024w, https:\/\/jarekwasielewski.pl\/zwrzeszcza\/wp-content\/uploads\/2015\/09\/wrzeszcz_kronika_45_kolaz.jpg 1139w\" sizes=\"auto, (max-width: 300px) 100vw, 300px\" \/><\/a>Po prawej stronie&nbsp;widzimy&nbsp;skrzy\u017cowanie z dzisiejsz\u0105 ul. Miszewskiego oraz&nbsp;p\u0142on\u0105ce budynki we wschodniej pierzei al. Grunwaldzkiej&nbsp;(dzi\u015b w ich miejscu biegnie jezdnia). Domy\u015blam si\u0119, \u017ce te kilka sekund to pewnie skrawek wi\u0119kszej ca\u0142o\u015bci &#8211; mam nadziej\u0119, \u017ce&nbsp;niebawem wyp\u0142yn\u0105 tak\u017ce inne wrzeszcza\u0144skie uj\u0119cia.<\/p>\n","protected":false},"excerpt":{"rendered":"<p>Portal Tr\u00f3jmiasto zaprezentowa\u0142 wczoraj radzieck\u0105 kronik\u0119 wygrzeban\u0105 ze zbior\u00f3w Rosyjskiego Pa\u0144stwowego Archiwum Kino-Foto Dokument\u00f3w, na kt\u00f3rej upami\u0119tniono zdobycie Gda\u0144ska wiosn\u0105 1945 roku przez Armi\u0119 Czerwon\u0105. Film jest czarno-bia\u0142y, w po\u0142owie pozorowany i nie robi a\u017c takiego wra\u017cenia, jak prezentowany tu kiedy\u015b kolorowy film z 1946-47 roku, jednak i tak&nbsp;jest niesamowity. Ot\u00f3\u017c wida\u0107 na nim&nbsp;m.in. lutera\u0144ski&hellip;<\/p>\n","protected":false},"author":1,"featured_media":2262,"comment_status":"open","ping_status":"open","sticky":false,"template":"","format":"standard","meta":{"ngg_post_thumbnail":0,"footnotes":""},"categories":[3,6,8],"tags":[],"class_list":["post-2260","post","type-post","status-publish","format-standard","has-post-thumbnail","hentry","category-aktualnosci","category-po-1945","category-wszystkie"],"yoast_head":"<!-- This site is optimized with the Yoast SEO plugin v27.3 - https:\/\/yoast.com\/product\/yoast-seo-wordpress\/ -->\n<title>Aleja Grunwaldzka w radzieckiej kronice wojennej z 1945 roku - Wrzeszcz Jarka Wasielewskiego<\/title>\n<meta name=\"robots\" content=\"index, follow, max-snippet:-1, max-image-preview:large, max-video-preview:-1\" \/>\n<link rel=\"canonical\" href=\"https:\/\/jarekwasielewski.pl\/zwrzeszcza\/2015\/09\/aleja-grunwaldzka-w-radzieckiej-kronice-wojennej-z-1945-roku\/\" \/>\n<meta property=\"og:locale\" content=\"pl_PL\" \/>\n<meta property=\"og:type\" content=\"article\" \/>\n<meta property=\"og:title\" content=\"Aleja Grunwaldzka w radzieckiej kronice wojennej z 1945 roku - Wrzeszcz Jarka Wasielewskiego\" \/>\n<meta property=\"og:description\" content=\"Portal Tr\u00f3jmiasto zaprezentowa\u0142 wczoraj radzieck\u0105 kronik\u0119 wygrzeban\u0105 ze zbior\u00f3w Rosyjskiego Pa\u0144stwowego Archiwum Kino-Foto Dokument\u00f3w, na kt\u00f3rej upami\u0119tniono zdobycie Gda\u0144ska wiosn\u0105 1945 roku przez Armi\u0119 Czerwon\u0105. Film jest czarno-bia\u0142y, w po\u0142owie pozorowany i nie robi a\u017c takiego wra\u017cenia, jak prezentowany tu kiedy\u015b kolorowy film z 1946-47 roku, jednak i tak&nbsp;jest niesamowity. Ot\u00f3\u017c wida\u0107 na nim&nbsp;m.in. lutera\u0144ski&hellip;\" \/>\n<meta property=\"og:url\" content=\"https:\/\/jarekwasielewski.pl\/zwrzeszcza\/2015\/09\/aleja-grunwaldzka-w-radzieckiej-kronice-wojennej-z-1945-roku\/\" \/>\n<meta property=\"og:site_name\" content=\"Wrzeszcz Jarka Wasielewskiego\" \/>\n<meta property=\"article:published_time\" content=\"2015-09-07T12:53:41+00:00\" \/>\n<meta property=\"article:modified_time\" content=\"2023-11-13T11:19:13+00:00\" \/>\n<meta property=\"og:image\" content=\"https:\/\/jarekwasielewski.pl\/zwrzeszcza\/wp-content\/uploads\/2015\/09\/wrzeszcz_kronika_45_hauptstrasse_22.jpg\" \/>\n\t<meta property=\"og:image:width\" content=\"1254\" \/>\n\t<meta property=\"og:image:height\" content=\"840\" \/>\n\t<meta property=\"og:image:type\" content=\"image\/jpeg\" \/>\n<meta name=\"author\" content=\"Jarek Wasielewski\" \/>\n<meta name=\"twitter:card\" content=\"summary_large_image\" \/>\n<meta name=\"twitter:label1\" content=\"Napisane przez\" \/>\n\t<meta name=\"twitter:data1\" content=\"Jarek Wasielewski\" \/>\n\t<meta name=\"twitter:label2\" content=\"Szacowany czas czytania\" \/>\n\t<meta name=\"twitter:data2\" content=\"2 minuty\" \/>\n<script type=\"application\/ld+json\" class=\"yoast-schema-graph\">{\"@context\":\"https:\\\/\\\/schema.org\",\"@graph\":[{\"@type\":\"Article\",\"@id\":\"https:\\\/\\\/jarekwasielewski.pl\\\/zwrzeszcza\\\/2015\\\/09\\\/aleja-grunwaldzka-w-radzieckiej-kronice-wojennej-z-1945-roku\\\/#article\",\"isPartOf\":{\"@id\":\"https:\\\/\\\/jarekwasielewski.pl\\\/zwrzeszcza\\\/2015\\\/09\\\/aleja-grunwaldzka-w-radzieckiej-kronice-wojennej-z-1945-roku\\\/\"},\"author\":{\"name\":\"Jarek Wasielewski\",\"@id\":\"https:\\\/\\\/jarekwasielewski.pl\\\/zwrzeszcza\\\/#\\\/schema\\\/person\\\/807e6ca1f9fadc1945bd9ac746422589\"},\"headline\":\"Aleja Grunwaldzka w radzieckiej kronice wojennej z 1945 roku\",\"datePublished\":\"2015-09-07T12:53:41+00:00\",\"dateModified\":\"2023-11-13T11:19:13+00:00\",\"mainEntityOfPage\":{\"@id\":\"https:\\\/\\\/jarekwasielewski.pl\\\/zwrzeszcza\\\/2015\\\/09\\\/aleja-grunwaldzka-w-radzieckiej-kronice-wojennej-z-1945-roku\\\/\"},\"wordCount\":279,\"commentCount\":2,\"publisher\":{\"@id\":\"https:\\\/\\\/jarekwasielewski.pl\\\/zwrzeszcza\\\/#\\\/schema\\\/person\\\/807e6ca1f9fadc1945bd9ac746422589\"},\"image\":{\"@id\":\"https:\\\/\\\/jarekwasielewski.pl\\\/zwrzeszcza\\\/2015\\\/09\\\/aleja-grunwaldzka-w-radzieckiej-kronice-wojennej-z-1945-roku\\\/#primaryimage\"},\"thumbnailUrl\":\"https:\\\/\\\/jarekwasielewski.pl\\\/zwrzeszcza\\\/wp-content\\\/uploads\\\/2015\\\/09\\\/wrzeszcz_kronika_45_hauptstrasse_22.jpg\",\"articleSection\":[\"Aktualno\u015bci\",\"Po 1945\",\"Wszystkie\"],\"inLanguage\":\"pl-PL\",\"potentialAction\":[{\"@type\":\"CommentAction\",\"name\":\"Comment\",\"target\":[\"https:\\\/\\\/jarekwasielewski.pl\\\/zwrzeszcza\\\/2015\\\/09\\\/aleja-grunwaldzka-w-radzieckiej-kronice-wojennej-z-1945-roku\\\/#respond\"]}]},{\"@type\":\"WebPage\",\"@id\":\"https:\\\/\\\/jarekwasielewski.pl\\\/zwrzeszcza\\\/2015\\\/09\\\/aleja-grunwaldzka-w-radzieckiej-kronice-wojennej-z-1945-roku\\\/\",\"url\":\"https:\\\/\\\/jarekwasielewski.pl\\\/zwrzeszcza\\\/2015\\\/09\\\/aleja-grunwaldzka-w-radzieckiej-kronice-wojennej-z-1945-roku\\\/\",\"name\":\"Aleja Grunwaldzka w radzieckiej kronice wojennej z 1945 roku - Wrzeszcz Jarka Wasielewskiego\",\"isPartOf\":{\"@id\":\"https:\\\/\\\/jarekwasielewski.pl\\\/zwrzeszcza\\\/#website\"},\"primaryImageOfPage\":{\"@id\":\"https:\\\/\\\/jarekwasielewski.pl\\\/zwrzeszcza\\\/2015\\\/09\\\/aleja-grunwaldzka-w-radzieckiej-kronice-wojennej-z-1945-roku\\\/#primaryimage\"},\"image\":{\"@id\":\"https:\\\/\\\/jarekwasielewski.pl\\\/zwrzeszcza\\\/2015\\\/09\\\/aleja-grunwaldzka-w-radzieckiej-kronice-wojennej-z-1945-roku\\\/#primaryimage\"},\"thumbnailUrl\":\"https:\\\/\\\/jarekwasielewski.pl\\\/zwrzeszcza\\\/wp-content\\\/uploads\\\/2015\\\/09\\\/wrzeszcz_kronika_45_hauptstrasse_22.jpg\",\"datePublished\":\"2015-09-07T12:53:41+00:00\",\"dateModified\":\"2023-11-13T11:19:13+00:00\",\"breadcrumb\":{\"@id\":\"https:\\\/\\\/jarekwasielewski.pl\\\/zwrzeszcza\\\/2015\\\/09\\\/aleja-grunwaldzka-w-radzieckiej-kronice-wojennej-z-1945-roku\\\/#breadcrumb\"},\"inLanguage\":\"pl-PL\",\"potentialAction\":[{\"@type\":\"ReadAction\",\"target\":[\"https:\\\/\\\/jarekwasielewski.pl\\\/zwrzeszcza\\\/2015\\\/09\\\/aleja-grunwaldzka-w-radzieckiej-kronice-wojennej-z-1945-roku\\\/\"]}]},{\"@type\":\"ImageObject\",\"inLanguage\":\"pl-PL\",\"@id\":\"https:\\\/\\\/jarekwasielewski.pl\\\/zwrzeszcza\\\/2015\\\/09\\\/aleja-grunwaldzka-w-radzieckiej-kronice-wojennej-z-1945-roku\\\/#primaryimage\",\"url\":\"https:\\\/\\\/jarekwasielewski.pl\\\/zwrzeszcza\\\/wp-content\\\/uploads\\\/2015\\\/09\\\/wrzeszcz_kronika_45_hauptstrasse_22.jpg\",\"contentUrl\":\"https:\\\/\\\/jarekwasielewski.pl\\\/zwrzeszcza\\\/wp-content\\\/uploads\\\/2015\\\/09\\\/wrzeszcz_kronika_45_hauptstrasse_22.jpg\",\"width\":1254,\"height\":840},{\"@type\":\"BreadcrumbList\",\"@id\":\"https:\\\/\\\/jarekwasielewski.pl\\\/zwrzeszcza\\\/2015\\\/09\\\/aleja-grunwaldzka-w-radzieckiej-kronice-wojennej-z-1945-roku\\\/#breadcrumb\",\"itemListElement\":[{\"@type\":\"ListItem\",\"position\":1,\"name\":\"Strona g\u0142\u00f3wna\",\"item\":\"https:\\\/\\\/jarekwasielewski.pl\\\/zwrzeszcza\\\/\"},{\"@type\":\"ListItem\",\"position\":2,\"name\":\"Aleja Grunwaldzka w radzieckiej kronice wojennej z 1945 roku\"}]},{\"@type\":\"WebSite\",\"@id\":\"https:\\\/\\\/jarekwasielewski.pl\\\/zwrzeszcza\\\/#website\",\"url\":\"https:\\\/\\\/jarekwasielewski.pl\\\/zwrzeszcza\\\/\",\"name\":\"Wrzeszcza Jarka Wasielewskiego\",\"description\":\"Blog Jarka Wasielewskiego o Wrzeszczu\",\"publisher\":{\"@id\":\"https:\\\/\\\/jarekwasielewski.pl\\\/zwrzeszcza\\\/#\\\/schema\\\/person\\\/807e6ca1f9fadc1945bd9ac746422589\"},\"potentialAction\":[{\"@type\":\"SearchAction\",\"target\":{\"@type\":\"EntryPoint\",\"urlTemplate\":\"https:\\\/\\\/jarekwasielewski.pl\\\/zwrzeszcza\\\/?s={search_term_string}\"},\"query-input\":{\"@type\":\"PropertyValueSpecification\",\"valueRequired\":true,\"valueName\":\"search_term_string\"}}],\"inLanguage\":\"pl-PL\"},{\"@type\":[\"Person\",\"Organization\"],\"@id\":\"https:\\\/\\\/jarekwasielewski.pl\\\/zwrzeszcza\\\/#\\\/schema\\\/person\\\/807e6ca1f9fadc1945bd9ac746422589\",\"name\":\"Jarek Wasielewski\",\"image\":{\"@type\":\"ImageObject\",\"inLanguage\":\"pl-PL\",\"@id\":\"http:\\\/\\\/jarekwasielewski.pl\\\/zwrzeszcza\\\/wp-content\\\/uploads\\\/2021\\\/09\\\/jw.png\",\"url\":\"http:\\\/\\\/jarekwasielewski.pl\\\/zwrzeszcza\\\/wp-content\\\/uploads\\\/2021\\\/09\\\/jw.png\",\"contentUrl\":\"http:\\\/\\\/jarekwasielewski.pl\\\/zwrzeszcza\\\/wp-content\\\/uploads\\\/2021\\\/09\\\/jw.png\",\"width\":715,\"height\":630,\"caption\":\"Jarek Wasielewski\"},\"logo\":{\"@id\":\"http:\\\/\\\/jarekwasielewski.pl\\\/zwrzeszcza\\\/wp-content\\\/uploads\\\/2021\\\/09\\\/jw.png\"},\"sameAs\":[\"http:\\\/\\\/jarekwasielewski.pl\\\/zwrzeszcza\"]}]}<\/script>\n<!-- \/ Yoast SEO plugin. -->","yoast_head_json":{"title":"Aleja Grunwaldzka w radzieckiej kronice wojennej z 1945 roku - Wrzeszcz Jarka Wasielewskiego","robots":{"index":"index","follow":"follow","max-snippet":"max-snippet:-1","max-image-preview":"max-image-preview:large","max-video-preview":"max-video-preview:-1"},"canonical":"https:\/\/jarekwasielewski.pl\/zwrzeszcza\/2015\/09\/aleja-grunwaldzka-w-radzieckiej-kronice-wojennej-z-1945-roku\/","og_locale":"pl_PL","og_type":"article","og_title":"Aleja Grunwaldzka w radzieckiej kronice wojennej z 1945 roku - Wrzeszcz Jarka Wasielewskiego","og_description":"Portal Tr\u00f3jmiasto zaprezentowa\u0142 wczoraj radzieck\u0105 kronik\u0119 wygrzeban\u0105 ze zbior\u00f3w Rosyjskiego Pa\u0144stwowego Archiwum Kino-Foto Dokument\u00f3w, na kt\u00f3rej upami\u0119tniono zdobycie Gda\u0144ska wiosn\u0105 1945 roku przez Armi\u0119 Czerwon\u0105. Film jest czarno-bia\u0142y, w po\u0142owie pozorowany i nie robi a\u017c takiego wra\u017cenia, jak prezentowany tu kiedy\u015b kolorowy film z 1946-47 roku, jednak i tak&nbsp;jest niesamowity. Ot\u00f3\u017c wida\u0107 na nim&nbsp;m.in. lutera\u0144ski&hellip;","og_url":"https:\/\/jarekwasielewski.pl\/zwrzeszcza\/2015\/09\/aleja-grunwaldzka-w-radzieckiej-kronice-wojennej-z-1945-roku\/","og_site_name":"Wrzeszcz Jarka Wasielewskiego","article_published_time":"2015-09-07T12:53:41+00:00","article_modified_time":"2023-11-13T11:19:13+00:00","og_image":[{"width":1254,"height":840,"url":"https:\/\/jarekwasielewski.pl\/zwrzeszcza\/wp-content\/uploads\/2015\/09\/wrzeszcz_kronika_45_hauptstrasse_22.jpg","type":"image\/jpeg"}],"author":"Jarek Wasielewski","twitter_card":"summary_large_image","twitter_misc":{"Napisane przez":"Jarek Wasielewski","Szacowany czas czytania":"2 minuty"},"schema":{"@context":"https:\/\/schema.org","@graph":[{"@type":"Article","@id":"https:\/\/jarekwasielewski.pl\/zwrzeszcza\/2015\/09\/aleja-grunwaldzka-w-radzieckiej-kronice-wojennej-z-1945-roku\/#article","isPartOf":{"@id":"https:\/\/jarekwasielewski.pl\/zwrzeszcza\/2015\/09\/aleja-grunwaldzka-w-radzieckiej-kronice-wojennej-z-1945-roku\/"},"author":{"name":"Jarek Wasielewski","@id":"https:\/\/jarekwasielewski.pl\/zwrzeszcza\/#\/schema\/person\/807e6ca1f9fadc1945bd9ac746422589"},"headline":"Aleja Grunwaldzka w radzieckiej kronice wojennej z 1945 roku","datePublished":"2015-09-07T12:53:41+00:00","dateModified":"2023-11-13T11:19:13+00:00","mainEntityOfPage":{"@id":"https:\/\/jarekwasielewski.pl\/zwrzeszcza\/2015\/09\/aleja-grunwaldzka-w-radzieckiej-kronice-wojennej-z-1945-roku\/"},"wordCount":279,"commentCount":2,"publisher":{"@id":"https:\/\/jarekwasielewski.pl\/zwrzeszcza\/#\/schema\/person\/807e6ca1f9fadc1945bd9ac746422589"},"image":{"@id":"https:\/\/jarekwasielewski.pl\/zwrzeszcza\/2015\/09\/aleja-grunwaldzka-w-radzieckiej-kronice-wojennej-z-1945-roku\/#primaryimage"},"thumbnailUrl":"https:\/\/jarekwasielewski.pl\/zwrzeszcza\/wp-content\/uploads\/2015\/09\/wrzeszcz_kronika_45_hauptstrasse_22.jpg","articleSection":["Aktualno\u015bci","Po 1945","Wszystkie"],"inLanguage":"pl-PL","potentialAction":[{"@type":"CommentAction","name":"Comment","target":["https:\/\/jarekwasielewski.pl\/zwrzeszcza\/2015\/09\/aleja-grunwaldzka-w-radzieckiej-kronice-wojennej-z-1945-roku\/#respond"]}]},{"@type":"WebPage","@id":"https:\/\/jarekwasielewski.pl\/zwrzeszcza\/2015\/09\/aleja-grunwaldzka-w-radzieckiej-kronice-wojennej-z-1945-roku\/","url":"https:\/\/jarekwasielewski.pl\/zwrzeszcza\/2015\/09\/aleja-grunwaldzka-w-radzieckiej-kronice-wojennej-z-1945-roku\/","name":"Aleja Grunwaldzka w radzieckiej kronice wojennej z 1945 roku - Wrzeszcz Jarka Wasielewskiego","isPartOf":{"@id":"https:\/\/jarekwasielewski.pl\/zwrzeszcza\/#website"},"primaryImageOfPage":{"@id":"https:\/\/jarekwasielewski.pl\/zwrzeszcza\/2015\/09\/aleja-grunwaldzka-w-radzieckiej-kronice-wojennej-z-1945-roku\/#primaryimage"},"image":{"@id":"https:\/\/jarekwasielewski.pl\/zwrzeszcza\/2015\/09\/aleja-grunwaldzka-w-radzieckiej-kronice-wojennej-z-1945-roku\/#primaryimage"},"thumbnailUrl":"https:\/\/jarekwasielewski.pl\/zwrzeszcza\/wp-content\/uploads\/2015\/09\/wrzeszcz_kronika_45_hauptstrasse_22.jpg","datePublished":"2015-09-07T12:53:41+00:00","dateModified":"2023-11-13T11:19:13+00:00","breadcrumb":{"@id":"https:\/\/jarekwasielewski.pl\/zwrzeszcza\/2015\/09\/aleja-grunwaldzka-w-radzieckiej-kronice-wojennej-z-1945-roku\/#breadcrumb"},"inLanguage":"pl-PL","potentialAction":[{"@type":"ReadAction","target":["https:\/\/jarekwasielewski.pl\/zwrzeszcza\/2015\/09\/aleja-grunwaldzka-w-radzieckiej-kronice-wojennej-z-1945-roku\/"]}]},{"@type":"ImageObject","inLanguage":"pl-PL","@id":"https:\/\/jarekwasielewski.pl\/zwrzeszcza\/2015\/09\/aleja-grunwaldzka-w-radzieckiej-kronice-wojennej-z-1945-roku\/#primaryimage","url":"https:\/\/jarekwasielewski.pl\/zwrzeszcza\/wp-content\/uploads\/2015\/09\/wrzeszcz_kronika_45_hauptstrasse_22.jpg","contentUrl":"https:\/\/jarekwasielewski.pl\/zwrzeszcza\/wp-content\/uploads\/2015\/09\/wrzeszcz_kronika_45_hauptstrasse_22.jpg","width":1254,"height":840},{"@type":"BreadcrumbList","@id":"https:\/\/jarekwasielewski.pl\/zwrzeszcza\/2015\/09\/aleja-grunwaldzka-w-radzieckiej-kronice-wojennej-z-1945-roku\/#breadcrumb","itemListElement":[{"@type":"ListItem","position":1,"name":"Strona g\u0142\u00f3wna","item":"https:\/\/jarekwasielewski.pl\/zwrzeszcza\/"},{"@type":"ListItem","position":2,"name":"Aleja Grunwaldzka w radzieckiej kronice wojennej z 1945 roku"}]},{"@type":"WebSite","@id":"https:\/\/jarekwasielewski.pl\/zwrzeszcza\/#website","url":"https:\/\/jarekwasielewski.pl\/zwrzeszcza\/","name":"Wrzeszcza Jarka Wasielewskiego","description":"Blog Jarka Wasielewskiego o Wrzeszczu","publisher":{"@id":"https:\/\/jarekwasielewski.pl\/zwrzeszcza\/#\/schema\/person\/807e6ca1f9fadc1945bd9ac746422589"},"potentialAction":[{"@type":"SearchAction","target":{"@type":"EntryPoint","urlTemplate":"https:\/\/jarekwasielewski.pl\/zwrzeszcza\/?s={search_term_string}"},"query-input":{"@type":"PropertyValueSpecification","valueRequired":true,"valueName":"search_term_string"}}],"inLanguage":"pl-PL"},{"@type":["Person","Organization"],"@id":"https:\/\/jarekwasielewski.pl\/zwrzeszcza\/#\/schema\/person\/807e6ca1f9fadc1945bd9ac746422589","name":"Jarek Wasielewski","image":{"@type":"ImageObject","inLanguage":"pl-PL","@id":"http:\/\/jarekwasielewski.pl\/zwrzeszcza\/wp-content\/uploads\/2021\/09\/jw.png","url":"http:\/\/jarekwasielewski.pl\/zwrzeszcza\/wp-content\/uploads\/2021\/09\/jw.png","contentUrl":"http:\/\/jarekwasielewski.pl\/zwrzeszcza\/wp-content\/uploads\/2021\/09\/jw.png","width":715,"height":630,"caption":"Jarek Wasielewski"},"logo":{"@id":"http:\/\/jarekwasielewski.pl\/zwrzeszcza\/wp-content\/uploads\/2021\/09\/jw.png"},"sameAs":["http:\/\/jarekwasielewski.pl\/zwrzeszcza"]}]}},"_links":{"self":[{"href":"https:\/\/jarekwasielewski.pl\/zwrzeszcza\/wp-json\/wp\/v2\/posts\/2260","targetHints":{"allow":["GET"]}}],"collection":[{"href":"https:\/\/jarekwasielewski.pl\/zwrzeszcza\/wp-json\/wp\/v2\/posts"}],"about":[{"href":"https:\/\/jarekwasielewski.pl\/zwrzeszcza\/wp-json\/wp\/v2\/types\/post"}],"author":[{"embeddable":true,"href":"https:\/\/jarekwasielewski.pl\/zwrzeszcza\/wp-json\/wp\/v2\/users\/1"}],"replies":[{"embeddable":true,"href":"https:\/\/jarekwasielewski.pl\/zwrzeszcza\/wp-json\/wp\/v2\/comments?post=2260"}],"version-history":[{"count":1,"href":"https:\/\/jarekwasielewski.pl\/zwrzeszcza\/wp-json\/wp\/v2\/posts\/2260\/revisions"}],"predecessor-version":[{"id":5637,"href":"https:\/\/jarekwasielewski.pl\/zwrzeszcza\/wp-json\/wp\/v2\/posts\/2260\/revisions\/5637"}],"wp:featuredmedia":[{"embeddable":true,"href":"https:\/\/jarekwasielewski.pl\/zwrzeszcza\/wp-json\/wp\/v2\/media\/2262"}],"wp:attachment":[{"href":"https:\/\/jarekwasielewski.pl\/zwrzeszcza\/wp-json\/wp\/v2\/media?parent=2260"}],"wp:term":[{"taxonomy":"category","embeddable":true,"href":"https:\/\/jarekwasielewski.pl\/zwrzeszcza\/wp-json\/wp\/v2\/categories?post=2260"},{"taxonomy":"post_tag","embeddable":true,"href":"https:\/\/jarekwasielewski.pl\/zwrzeszcza\/wp-json\/wp\/v2\/tags?post=2260"}],"curies":[{"name":"wp","href":"https:\/\/api.w.org\/{rel}","templated":true}]}}