{"id":22,"date":"2014-05-05T19:51:00","date_gmt":"2014-05-05T19:51:00","guid":{"rendered":"http:\/\/jotwu.16mb.com\/zwrzeszcza\/uncategorized\/nietypowy-prezent-z-wrzeszczem-na-plecach\/"},"modified":"2023-11-13T12:13:36","modified_gmt":"2023-11-13T11:13:36","slug":"nietypowy-prezent-z-wrzeszczem-na-plecach","status":"publish","type":"post","link":"https:\/\/jarekwasielewski.pl\/zwrzeszcza\/2014\/05\/nietypowy-prezent-z-wrzeszczem-na-plecach\/","title":{"rendered":"Nietypowy prezent z Wrzeszczem na plecach"},"content":{"rendered":"<p style=\"text-align: justify;\">Kilka tygodni temu Kamil Sobolewski, tw\u00f3rca strony <a href=\"http:\/\/www.historiakokoszek.pl\/\" target=\"_blank\" rel=\"noopener\">HistoriaKokoszek.p<\/a><a href=\"https:\/\/www.blogger.com\/null\">l<\/a>, a prywatnie m\u00f3j starszy kolega z czas\u00f3w dzieci\u0144stwa <a title=\"Gr\u00fc\u00dfe aus Reichskolonie czyli poczt\u00f3wkowy cymes\" href=\"http:\/\/jarekwasielewski.pl\/zwrzeszcza\/2012\/11\/gruse-aus-reichskolonie-czyli-pocztowkowy-cymes\/\" target=\"_blank\" rel=\"noopener\">w dawnej Kolonii Rzeszy<\/a>, obdarowa\u0142 mnie nietypowym fantem. W pierwszym momencie pomy\u015bla\u0142em, \u017ce robi sobie jaja i zaprasza mnie z powrotem na \u0142ono ko\u015bcio\u0142a katolickiego. Okaza\u0142o si\u0119 jednak, \u017ce nie. Fant jest zupe\u0142nie niewinny, a do tego bardzo wrzeszcza\u0144ski:<\/p>\n<p style=\"text-align: justify;\"><a href=\"http:\/\/jarekwasielewski.pl\/zwrzeszcza\/wp-content\/uploads\/2014\/05\/stanislaw_cegielka_1.jpg\"><img loading=\"lazy\" decoding=\"async\" class=\"aligncenter size-medium wp-image-885\" src=\"http:\/\/jarekwasielewski.pl\/zwrzeszcza\/wp-content\/uploads\/2014\/05\/stanislaw_cegielka_1-225x300.jpg\" alt=\"stanislaw_cegielka_1\" width=\"225\" height=\"300\" srcset=\"https:\/\/jarekwasielewski.pl\/zwrzeszcza\/wp-content\/uploads\/2014\/05\/stanislaw_cegielka_1-225x300.jpg 225w, https:\/\/jarekwasielewski.pl\/zwrzeszcza\/wp-content\/uploads\/2014\/05\/stanislaw_cegielka_1.jpg 414w\" sizes=\"auto, (max-width: 225px) 100vw, 225px\" \/><\/a>Ot\u00f3\u017c ten kiczowaty \u015bwi\u0119ty obrazek przedstawiaj\u0105cy aryjskiego Jezuska z leciwym ojczymem wykonany na tekturze jest tak naprawd\u0119 oryginaln\u0105 cegie\u0142k\u0105, jakie sprzedawano na pocz\u0105tku lat 20. ubieg\u0142ego wieku, aby zebra\u0107 pieni\u0105dze na budow\u0119 polskiego ko\u015bcio\u0142a w Wolnym Mie\u015bcie Gda\u0144sku. Mowa oczywi\u015bcie o <a href=\"http:\/\/mapa.targeo.pl\/Punkt_22,18,18.6143321,54.3848373?l=b63ddb1d631835a1\" target=\"_blank\" rel=\"noopener\">ko\u015bciele pw. \u015bw. Stanis\u0142awa Biskupa-M\u0119czennika przy al. Legion\u00f3w<\/a>:<\/p>\n<p style=\"text-align: justify;\"><a href=\"http:\/\/jarekwasielewski.pl\/zwrzeszcza\/wp-content\/uploads\/2014\/05\/stanislaw_kosciol.jpg\"><img loading=\"lazy\" decoding=\"async\" class=\"aligncenter size-medium wp-image-886\" src=\"http:\/\/jarekwasielewski.pl\/zwrzeszcza\/wp-content\/uploads\/2014\/05\/stanislaw_kosciol-300x225.jpg\" alt=\"stanislaw_kosciol\" width=\"300\" height=\"225\" srcset=\"https:\/\/jarekwasielewski.pl\/zwrzeszcza\/wp-content\/uploads\/2014\/05\/stanislaw_kosciol-300x225.jpg 300w, https:\/\/jarekwasielewski.pl\/zwrzeszcza\/wp-content\/uploads\/2014\/05\/stanislaw_kosciol.jpg 600w\" sizes=\"auto, (max-width: 300px) 100vw, 300px\" \/><\/a>Bezcenne jest to, co znajdziemy na odwrocie obrazka:<\/p>\n<p style=\"text-align: justify;\"><a href=\"http:\/\/jarekwasielewski.pl\/zwrzeszcza\/wp-content\/uploads\/2014\/05\/stanislaw_cegielka_2.jpg\"><img loading=\"lazy\" decoding=\"async\" class=\"aligncenter size-medium wp-image-887\" src=\"http:\/\/jarekwasielewski.pl\/zwrzeszcza\/wp-content\/uploads\/2014\/05\/stanislaw_cegielka_2-300x239.jpg\" alt=\"stanislaw_cegielka_2\" width=\"300\" height=\"239\" srcset=\"https:\/\/jarekwasielewski.pl\/zwrzeszcza\/wp-content\/uploads\/2014\/05\/stanislaw_cegielka_2-300x239.jpg 300w, https:\/\/jarekwasielewski.pl\/zwrzeszcza\/wp-content\/uploads\/2014\/05\/stanislaw_cegielka_2.jpg 600w\" sizes=\"auto, (max-width: 300px) 100vw, 300px\" \/><\/a><\/p>\n<p style=\"text-align: justify;\">Poza wszystkim jest tam oryginalna piecz\u0105tka parafii oraz faksymile podpisu samego ksi\u0119dza Bronis\u0142awa Komorowskiego!<\/p>\n<p style=\"text-align: justify;\">Raz jeszcze dzi\u0119kuj\u0119, Kamilu! \ud83d\ude09<\/p>\n<p style=\"text-align: justify;\">PS. Wi\u0119cej o historii powstania ww. ko\u015bcio\u0142a mo\u017cecie oczywi\u015bcie przeczyta\u0107 w ksi\u0105\u017cce napisanej przez Jana Daniluka oraz ni\u017cej podpisanego pt. <i><a href=\"http:\/\/maszoperia.org\/ksiazki\/281-dolny-wrzeszcz-i-zaspa-gdaskie-dzielnice-9788563709011.html\" target=\"_blank\" rel=\"noopener\">Dolny Wrzeszcz i Zaspa<\/a> <\/i>(s. 97-110).<\/p>\n","protected":false},"excerpt":{"rendered":"<p>Kilka tygodni temu Kamil Sobolewski, tw\u00f3rca strony HistoriaKokoszek.pl, a prywatnie m\u00f3j starszy kolega z czas\u00f3w dzieci\u0144stwa w dawnej Kolonii Rzeszy, obdarowa\u0142 mnie nietypowym fantem. W pierwszym momencie pomy\u015bla\u0142em, \u017ce robi sobie jaja i zaprasza mnie z powrotem na \u0142ono ko\u015bcio\u0142a katolickiego. Okaza\u0142o si\u0119 jednak, \u017ce nie. Fant jest zupe\u0142nie niewinny, a do tego bardzo wrzeszcza\u0144ski:&hellip;<\/p>\n","protected":false},"author":2,"featured_media":885,"comment_status":"open","ping_status":"open","sticky":false,"template":"","format":"standard","meta":{"ngg_post_thumbnail":0,"footnotes":""},"categories":[7,8],"tags":[],"class_list":["post-22","post","type-post","status-publish","format-standard","has-post-thumbnail","hentry","category-przed-1945","category-wszystkie"],"yoast_head":"<!-- This site is optimized with the Yoast SEO plugin v27.3 - https:\/\/yoast.com\/product\/yoast-seo-wordpress\/ -->\n<title>Nietypowy prezent z Wrzeszczem na plecach - Wrzeszcz Jarka Wasielewskiego<\/title>\n<meta name=\"robots\" content=\"index, follow, max-snippet:-1, max-image-preview:large, max-video-preview:-1\" \/>\n<link rel=\"canonical\" href=\"https:\/\/jarekwasielewski.pl\/zwrzeszcza\/2014\/05\/nietypowy-prezent-z-wrzeszczem-na-plecach\/\" \/>\n<meta property=\"og:locale\" content=\"pl_PL\" \/>\n<meta property=\"og:type\" content=\"article\" \/>\n<meta property=\"og:title\" content=\"Nietypowy prezent z Wrzeszczem na plecach - Wrzeszcz Jarka Wasielewskiego\" \/>\n<meta property=\"og:description\" content=\"Kilka tygodni temu Kamil Sobolewski, tw\u00f3rca strony HistoriaKokoszek.pl, a prywatnie m\u00f3j starszy kolega z czas\u00f3w dzieci\u0144stwa w dawnej Kolonii Rzeszy, obdarowa\u0142 mnie nietypowym fantem. W pierwszym momencie pomy\u015bla\u0142em, \u017ce robi sobie jaja i zaprasza mnie z powrotem na \u0142ono ko\u015bcio\u0142a katolickiego. Okaza\u0142o si\u0119 jednak, \u017ce nie. Fant jest zupe\u0142nie niewinny, a do tego bardzo wrzeszcza\u0144ski:&hellip;\" \/>\n<meta property=\"og:url\" content=\"https:\/\/jarekwasielewski.pl\/zwrzeszcza\/2014\/05\/nietypowy-prezent-z-wrzeszczem-na-plecach\/\" \/>\n<meta property=\"og:site_name\" content=\"Wrzeszcz Jarka Wasielewskiego\" \/>\n<meta property=\"article:published_time\" content=\"2014-05-05T19:51:00+00:00\" \/>\n<meta property=\"article:modified_time\" content=\"2023-11-13T11:13:36+00:00\" \/>\n<meta property=\"og:image\" content=\"https:\/\/jarekwasielewski.pl\/zwrzeszcza\/wp-content\/uploads\/2014\/05\/stanislaw_cegielka_1.jpg\" \/>\n\t<meta property=\"og:image:width\" content=\"414\" \/>\n\t<meta property=\"og:image:height\" content=\"550\" \/>\n\t<meta property=\"og:image:type\" content=\"image\/jpeg\" \/>\n<meta name=\"author\" content=\"Jarek Wasielewski\" \/>\n<meta name=\"twitter:card\" content=\"summary_large_image\" \/>\n<meta name=\"twitter:label1\" content=\"Napisane przez\" \/>\n\t<meta name=\"twitter:data1\" content=\"Jarek Wasielewski\" \/>\n\t<meta name=\"twitter:label2\" content=\"Szacowany czas czytania\" \/>\n\t<meta name=\"twitter:data2\" content=\"2 minuty\" \/>\n<script type=\"application\/ld+json\" class=\"yoast-schema-graph\">{\"@context\":\"https:\\\/\\\/schema.org\",\"@graph\":[{\"@type\":\"Article\",\"@id\":\"https:\\\/\\\/jarekwasielewski.pl\\\/zwrzeszcza\\\/2014\\\/05\\\/nietypowy-prezent-z-wrzeszczem-na-plecach\\\/#article\",\"isPartOf\":{\"@id\":\"https:\\\/\\\/jarekwasielewski.pl\\\/zwrzeszcza\\\/2014\\\/05\\\/nietypowy-prezent-z-wrzeszczem-na-plecach\\\/\"},\"author\":{\"name\":\"Jarek Wasielewski\",\"@id\":\"https:\\\/\\\/jarekwasielewski.pl\\\/zwrzeszcza\\\/#\\\/schema\\\/person\\\/d2582ae2f5d0ea9c9154fd6e4bcb3976\"},\"headline\":\"Nietypowy prezent z Wrzeszczem na plecach\",\"datePublished\":\"2014-05-05T19:51:00+00:00\",\"dateModified\":\"2023-11-13T11:13:36+00:00\",\"mainEntityOfPage\":{\"@id\":\"https:\\\/\\\/jarekwasielewski.pl\\\/zwrzeszcza\\\/2014\\\/05\\\/nietypowy-prezent-z-wrzeszczem-na-plecach\\\/\"},\"wordCount\":200,\"commentCount\":1,\"publisher\":{\"@id\":\"https:\\\/\\\/jarekwasielewski.pl\\\/zwrzeszcza\\\/#\\\/schema\\\/person\\\/807e6ca1f9fadc1945bd9ac746422589\"},\"image\":{\"@id\":\"https:\\\/\\\/jarekwasielewski.pl\\\/zwrzeszcza\\\/2014\\\/05\\\/nietypowy-prezent-z-wrzeszczem-na-plecach\\\/#primaryimage\"},\"thumbnailUrl\":\"https:\\\/\\\/jarekwasielewski.pl\\\/zwrzeszcza\\\/wp-content\\\/uploads\\\/2014\\\/05\\\/stanislaw_cegielka_1.jpg\",\"articleSection\":[\"Przed 1945\",\"Wszystkie\"],\"inLanguage\":\"pl-PL\",\"potentialAction\":[{\"@type\":\"CommentAction\",\"name\":\"Comment\",\"target\":[\"https:\\\/\\\/jarekwasielewski.pl\\\/zwrzeszcza\\\/2014\\\/05\\\/nietypowy-prezent-z-wrzeszczem-na-plecach\\\/#respond\"]}]},{\"@type\":\"WebPage\",\"@id\":\"https:\\\/\\\/jarekwasielewski.pl\\\/zwrzeszcza\\\/2014\\\/05\\\/nietypowy-prezent-z-wrzeszczem-na-plecach\\\/\",\"url\":\"https:\\\/\\\/jarekwasielewski.pl\\\/zwrzeszcza\\\/2014\\\/05\\\/nietypowy-prezent-z-wrzeszczem-na-plecach\\\/\",\"name\":\"Nietypowy prezent z Wrzeszczem na plecach - Wrzeszcz Jarka Wasielewskiego\",\"isPartOf\":{\"@id\":\"https:\\\/\\\/jarekwasielewski.pl\\\/zwrzeszcza\\\/#website\"},\"primaryImageOfPage\":{\"@id\":\"https:\\\/\\\/jarekwasielewski.pl\\\/zwrzeszcza\\\/2014\\\/05\\\/nietypowy-prezent-z-wrzeszczem-na-plecach\\\/#primaryimage\"},\"image\":{\"@id\":\"https:\\\/\\\/jarekwasielewski.pl\\\/zwrzeszcza\\\/2014\\\/05\\\/nietypowy-prezent-z-wrzeszczem-na-plecach\\\/#primaryimage\"},\"thumbnailUrl\":\"https:\\\/\\\/jarekwasielewski.pl\\\/zwrzeszcza\\\/wp-content\\\/uploads\\\/2014\\\/05\\\/stanislaw_cegielka_1.jpg\",\"datePublished\":\"2014-05-05T19:51:00+00:00\",\"dateModified\":\"2023-11-13T11:13:36+00:00\",\"breadcrumb\":{\"@id\":\"https:\\\/\\\/jarekwasielewski.pl\\\/zwrzeszcza\\\/2014\\\/05\\\/nietypowy-prezent-z-wrzeszczem-na-plecach\\\/#breadcrumb\"},\"inLanguage\":\"pl-PL\",\"potentialAction\":[{\"@type\":\"ReadAction\",\"target\":[\"https:\\\/\\\/jarekwasielewski.pl\\\/zwrzeszcza\\\/2014\\\/05\\\/nietypowy-prezent-z-wrzeszczem-na-plecach\\\/\"]}]},{\"@type\":\"ImageObject\",\"inLanguage\":\"pl-PL\",\"@id\":\"https:\\\/\\\/jarekwasielewski.pl\\\/zwrzeszcza\\\/2014\\\/05\\\/nietypowy-prezent-z-wrzeszczem-na-plecach\\\/#primaryimage\",\"url\":\"https:\\\/\\\/jarekwasielewski.pl\\\/zwrzeszcza\\\/wp-content\\\/uploads\\\/2014\\\/05\\\/stanislaw_cegielka_1.jpg\",\"contentUrl\":\"https:\\\/\\\/jarekwasielewski.pl\\\/zwrzeszcza\\\/wp-content\\\/uploads\\\/2014\\\/05\\\/stanislaw_cegielka_1.jpg\",\"width\":414,\"height\":550},{\"@type\":\"BreadcrumbList\",\"@id\":\"https:\\\/\\\/jarekwasielewski.pl\\\/zwrzeszcza\\\/2014\\\/05\\\/nietypowy-prezent-z-wrzeszczem-na-plecach\\\/#breadcrumb\",\"itemListElement\":[{\"@type\":\"ListItem\",\"position\":1,\"name\":\"Strona g\u0142\u00f3wna\",\"item\":\"https:\\\/\\\/jarekwasielewski.pl\\\/zwrzeszcza\\\/\"},{\"@type\":\"ListItem\",\"position\":2,\"name\":\"Nietypowy prezent z Wrzeszczem na plecach\"}]},{\"@type\":\"WebSite\",\"@id\":\"https:\\\/\\\/jarekwasielewski.pl\\\/zwrzeszcza\\\/#website\",\"url\":\"https:\\\/\\\/jarekwasielewski.pl\\\/zwrzeszcza\\\/\",\"name\":\"Wrzeszcza Jarka Wasielewskiego\",\"description\":\"Blog Jarka Wasielewskiego o Wrzeszczu\",\"publisher\":{\"@id\":\"https:\\\/\\\/jarekwasielewski.pl\\\/zwrzeszcza\\\/#\\\/schema\\\/person\\\/807e6ca1f9fadc1945bd9ac746422589\"},\"potentialAction\":[{\"@type\":\"SearchAction\",\"target\":{\"@type\":\"EntryPoint\",\"urlTemplate\":\"https:\\\/\\\/jarekwasielewski.pl\\\/zwrzeszcza\\\/?s={search_term_string}\"},\"query-input\":{\"@type\":\"PropertyValueSpecification\",\"valueRequired\":true,\"valueName\":\"search_term_string\"}}],\"inLanguage\":\"pl-PL\"},{\"@type\":[\"Person\",\"Organization\"],\"@id\":\"https:\\\/\\\/jarekwasielewski.pl\\\/zwrzeszcza\\\/#\\\/schema\\\/person\\\/807e6ca1f9fadc1945bd9ac746422589\",\"name\":\"Jarek Wasielewski\",\"image\":{\"@type\":\"ImageObject\",\"inLanguage\":\"pl-PL\",\"@id\":\"http:\\\/\\\/jarekwasielewski.pl\\\/zwrzeszcza\\\/wp-content\\\/uploads\\\/2021\\\/09\\\/jw.png\",\"url\":\"http:\\\/\\\/jarekwasielewski.pl\\\/zwrzeszcza\\\/wp-content\\\/uploads\\\/2021\\\/09\\\/jw.png\",\"contentUrl\":\"http:\\\/\\\/jarekwasielewski.pl\\\/zwrzeszcza\\\/wp-content\\\/uploads\\\/2021\\\/09\\\/jw.png\",\"width\":715,\"height\":630,\"caption\":\"Jarek Wasielewski\"},\"logo\":{\"@id\":\"http:\\\/\\\/jarekwasielewski.pl\\\/zwrzeszcza\\\/wp-content\\\/uploads\\\/2021\\\/09\\\/jw.png\"},\"sameAs\":[\"http:\\\/\\\/jarekwasielewski.pl\\\/zwrzeszcza\"]},{\"@type\":\"Person\",\"@id\":\"https:\\\/\\\/jarekwasielewski.pl\\\/zwrzeszcza\\\/#\\\/schema\\\/person\\\/d2582ae2f5d0ea9c9154fd6e4bcb3976\",\"name\":\"Jarek Wasielewski\",\"image\":{\"@type\":\"ImageObject\",\"inLanguage\":\"pl-PL\",\"@id\":\"https:\\\/\\\/secure.gravatar.com\\\/avatar\\\/?s=96&d=mm&r=g\",\"url\":\"https:\\\/\\\/secure.gravatar.com\\\/avatar\\\/?s=96&d=mm&r=g\",\"contentUrl\":\"https:\\\/\\\/secure.gravatar.com\\\/avatar\\\/?s=96&d=mm&r=g\",\"caption\":\"Jarek Wasielewski\"}}]}<\/script>\n<!-- \/ Yoast SEO plugin. -->","yoast_head_json":{"title":"Nietypowy prezent z Wrzeszczem na plecach - Wrzeszcz Jarka Wasielewskiego","robots":{"index":"index","follow":"follow","max-snippet":"max-snippet:-1","max-image-preview":"max-image-preview:large","max-video-preview":"max-video-preview:-1"},"canonical":"https:\/\/jarekwasielewski.pl\/zwrzeszcza\/2014\/05\/nietypowy-prezent-z-wrzeszczem-na-plecach\/","og_locale":"pl_PL","og_type":"article","og_title":"Nietypowy prezent z Wrzeszczem na plecach - Wrzeszcz Jarka Wasielewskiego","og_description":"Kilka tygodni temu Kamil Sobolewski, tw\u00f3rca strony HistoriaKokoszek.pl, a prywatnie m\u00f3j starszy kolega z czas\u00f3w dzieci\u0144stwa w dawnej Kolonii Rzeszy, obdarowa\u0142 mnie nietypowym fantem. W pierwszym momencie pomy\u015bla\u0142em, \u017ce robi sobie jaja i zaprasza mnie z powrotem na \u0142ono ko\u015bcio\u0142a katolickiego. Okaza\u0142o si\u0119 jednak, \u017ce nie. Fant jest zupe\u0142nie niewinny, a do tego bardzo wrzeszcza\u0144ski:&hellip;","og_url":"https:\/\/jarekwasielewski.pl\/zwrzeszcza\/2014\/05\/nietypowy-prezent-z-wrzeszczem-na-plecach\/","og_site_name":"Wrzeszcz Jarka Wasielewskiego","article_published_time":"2014-05-05T19:51:00+00:00","article_modified_time":"2023-11-13T11:13:36+00:00","og_image":[{"width":414,"height":550,"url":"https:\/\/jarekwasielewski.pl\/zwrzeszcza\/wp-content\/uploads\/2014\/05\/stanislaw_cegielka_1.jpg","type":"image\/jpeg"}],"author":"Jarek Wasielewski","twitter_card":"summary_large_image","twitter_misc":{"Napisane przez":"Jarek Wasielewski","Szacowany czas czytania":"2 minuty"},"schema":{"@context":"https:\/\/schema.org","@graph":[{"@type":"Article","@id":"https:\/\/jarekwasielewski.pl\/zwrzeszcza\/2014\/05\/nietypowy-prezent-z-wrzeszczem-na-plecach\/#article","isPartOf":{"@id":"https:\/\/jarekwasielewski.pl\/zwrzeszcza\/2014\/05\/nietypowy-prezent-z-wrzeszczem-na-plecach\/"},"author":{"name":"Jarek Wasielewski","@id":"https:\/\/jarekwasielewski.pl\/zwrzeszcza\/#\/schema\/person\/d2582ae2f5d0ea9c9154fd6e4bcb3976"},"headline":"Nietypowy prezent z Wrzeszczem na plecach","datePublished":"2014-05-05T19:51:00+00:00","dateModified":"2023-11-13T11:13:36+00:00","mainEntityOfPage":{"@id":"https:\/\/jarekwasielewski.pl\/zwrzeszcza\/2014\/05\/nietypowy-prezent-z-wrzeszczem-na-plecach\/"},"wordCount":200,"commentCount":1,"publisher":{"@id":"https:\/\/jarekwasielewski.pl\/zwrzeszcza\/#\/schema\/person\/807e6ca1f9fadc1945bd9ac746422589"},"image":{"@id":"https:\/\/jarekwasielewski.pl\/zwrzeszcza\/2014\/05\/nietypowy-prezent-z-wrzeszczem-na-plecach\/#primaryimage"},"thumbnailUrl":"https:\/\/jarekwasielewski.pl\/zwrzeszcza\/wp-content\/uploads\/2014\/05\/stanislaw_cegielka_1.jpg","articleSection":["Przed 1945","Wszystkie"],"inLanguage":"pl-PL","potentialAction":[{"@type":"CommentAction","name":"Comment","target":["https:\/\/jarekwasielewski.pl\/zwrzeszcza\/2014\/05\/nietypowy-prezent-z-wrzeszczem-na-plecach\/#respond"]}]},{"@type":"WebPage","@id":"https:\/\/jarekwasielewski.pl\/zwrzeszcza\/2014\/05\/nietypowy-prezent-z-wrzeszczem-na-plecach\/","url":"https:\/\/jarekwasielewski.pl\/zwrzeszcza\/2014\/05\/nietypowy-prezent-z-wrzeszczem-na-plecach\/","name":"Nietypowy prezent z Wrzeszczem na plecach - Wrzeszcz Jarka Wasielewskiego","isPartOf":{"@id":"https:\/\/jarekwasielewski.pl\/zwrzeszcza\/#website"},"primaryImageOfPage":{"@id":"https:\/\/jarekwasielewski.pl\/zwrzeszcza\/2014\/05\/nietypowy-prezent-z-wrzeszczem-na-plecach\/#primaryimage"},"image":{"@id":"https:\/\/jarekwasielewski.pl\/zwrzeszcza\/2014\/05\/nietypowy-prezent-z-wrzeszczem-na-plecach\/#primaryimage"},"thumbnailUrl":"https:\/\/jarekwasielewski.pl\/zwrzeszcza\/wp-content\/uploads\/2014\/05\/stanislaw_cegielka_1.jpg","datePublished":"2014-05-05T19:51:00+00:00","dateModified":"2023-11-13T11:13:36+00:00","breadcrumb":{"@id":"https:\/\/jarekwasielewski.pl\/zwrzeszcza\/2014\/05\/nietypowy-prezent-z-wrzeszczem-na-plecach\/#breadcrumb"},"inLanguage":"pl-PL","potentialAction":[{"@type":"ReadAction","target":["https:\/\/jarekwasielewski.pl\/zwrzeszcza\/2014\/05\/nietypowy-prezent-z-wrzeszczem-na-plecach\/"]}]},{"@type":"ImageObject","inLanguage":"pl-PL","@id":"https:\/\/jarekwasielewski.pl\/zwrzeszcza\/2014\/05\/nietypowy-prezent-z-wrzeszczem-na-plecach\/#primaryimage","url":"https:\/\/jarekwasielewski.pl\/zwrzeszcza\/wp-content\/uploads\/2014\/05\/stanislaw_cegielka_1.jpg","contentUrl":"https:\/\/jarekwasielewski.pl\/zwrzeszcza\/wp-content\/uploads\/2014\/05\/stanislaw_cegielka_1.jpg","width":414,"height":550},{"@type":"BreadcrumbList","@id":"https:\/\/jarekwasielewski.pl\/zwrzeszcza\/2014\/05\/nietypowy-prezent-z-wrzeszczem-na-plecach\/#breadcrumb","itemListElement":[{"@type":"ListItem","position":1,"name":"Strona g\u0142\u00f3wna","item":"https:\/\/jarekwasielewski.pl\/zwrzeszcza\/"},{"@type":"ListItem","position":2,"name":"Nietypowy prezent z Wrzeszczem na plecach"}]},{"@type":"WebSite","@id":"https:\/\/jarekwasielewski.pl\/zwrzeszcza\/#website","url":"https:\/\/jarekwasielewski.pl\/zwrzeszcza\/","name":"Wrzeszcza Jarka Wasielewskiego","description":"Blog Jarka Wasielewskiego o Wrzeszczu","publisher":{"@id":"https:\/\/jarekwasielewski.pl\/zwrzeszcza\/#\/schema\/person\/807e6ca1f9fadc1945bd9ac746422589"},"potentialAction":[{"@type":"SearchAction","target":{"@type":"EntryPoint","urlTemplate":"https:\/\/jarekwasielewski.pl\/zwrzeszcza\/?s={search_term_string}"},"query-input":{"@type":"PropertyValueSpecification","valueRequired":true,"valueName":"search_term_string"}}],"inLanguage":"pl-PL"},{"@type":["Person","Organization"],"@id":"https:\/\/jarekwasielewski.pl\/zwrzeszcza\/#\/schema\/person\/807e6ca1f9fadc1945bd9ac746422589","name":"Jarek Wasielewski","image":{"@type":"ImageObject","inLanguage":"pl-PL","@id":"http:\/\/jarekwasielewski.pl\/zwrzeszcza\/wp-content\/uploads\/2021\/09\/jw.png","url":"http:\/\/jarekwasielewski.pl\/zwrzeszcza\/wp-content\/uploads\/2021\/09\/jw.png","contentUrl":"http:\/\/jarekwasielewski.pl\/zwrzeszcza\/wp-content\/uploads\/2021\/09\/jw.png","width":715,"height":630,"caption":"Jarek Wasielewski"},"logo":{"@id":"http:\/\/jarekwasielewski.pl\/zwrzeszcza\/wp-content\/uploads\/2021\/09\/jw.png"},"sameAs":["http:\/\/jarekwasielewski.pl\/zwrzeszcza"]},{"@type":"Person","@id":"https:\/\/jarekwasielewski.pl\/zwrzeszcza\/#\/schema\/person\/d2582ae2f5d0ea9c9154fd6e4bcb3976","name":"Jarek Wasielewski","image":{"@type":"ImageObject","inLanguage":"pl-PL","@id":"https:\/\/secure.gravatar.com\/avatar\/?s=96&d=mm&r=g","url":"https:\/\/secure.gravatar.com\/avatar\/?s=96&d=mm&r=g","contentUrl":"https:\/\/secure.gravatar.com\/avatar\/?s=96&d=mm&r=g","caption":"Jarek Wasielewski"}}]}},"_links":{"self":[{"href":"https:\/\/jarekwasielewski.pl\/zwrzeszcza\/wp-json\/wp\/v2\/posts\/22","targetHints":{"allow":["GET"]}}],"collection":[{"href":"https:\/\/jarekwasielewski.pl\/zwrzeszcza\/wp-json\/wp\/v2\/posts"}],"about":[{"href":"https:\/\/jarekwasielewski.pl\/zwrzeszcza\/wp-json\/wp\/v2\/types\/post"}],"author":[{"embeddable":true,"href":"https:\/\/jarekwasielewski.pl\/zwrzeszcza\/wp-json\/wp\/v2\/users\/2"}],"replies":[{"embeddable":true,"href":"https:\/\/jarekwasielewski.pl\/zwrzeszcza\/wp-json\/wp\/v2\/comments?post=22"}],"version-history":[{"count":2,"href":"https:\/\/jarekwasielewski.pl\/zwrzeszcza\/wp-json\/wp\/v2\/posts\/22\/revisions"}],"predecessor-version":[{"id":5628,"href":"https:\/\/jarekwasielewski.pl\/zwrzeszcza\/wp-json\/wp\/v2\/posts\/22\/revisions\/5628"}],"wp:featuredmedia":[{"embeddable":true,"href":"https:\/\/jarekwasielewski.pl\/zwrzeszcza\/wp-json\/wp\/v2\/media\/885"}],"wp:attachment":[{"href":"https:\/\/jarekwasielewski.pl\/zwrzeszcza\/wp-json\/wp\/v2\/media?parent=22"}],"wp:term":[{"taxonomy":"category","embeddable":true,"href":"https:\/\/jarekwasielewski.pl\/zwrzeszcza\/wp-json\/wp\/v2\/categories?post=22"},{"taxonomy":"post_tag","embeddable":true,"href":"https:\/\/jarekwasielewski.pl\/zwrzeszcza\/wp-json\/wp\/v2\/tags?post=22"}],"curies":[{"name":"wp","href":"https:\/\/api.w.org\/{rel}","templated":true}]}}