{"id":2169,"date":"2015-07-01T19:49:37","date_gmt":"2015-07-01T17:49:37","guid":{"rendered":"http:\/\/jarekwasielewski.pl\/zwrzeszcza\/?p=2169"},"modified":"2023-11-13T12:18:42","modified_gmt":"2023-11-13T11:18:42","slug":"plac-anny-walentynowicz-czyli-skwerek-zamiast-kina","status":"publish","type":"post","link":"https:\/\/jarekwasielewski.pl\/zwrzeszcza\/2015\/07\/plac-anny-walentynowicz-czyli-skwerek-zamiast-kina\/","title":{"rendered":"Plac Anny Walentynowicz, czyli skwerek zamiast kina"},"content":{"rendered":"<p style=\"text-align: justify;\">W centrum Wrzeszcza wci\u0105\u017c jeszcze s\u0105 miejsca niezagospodarowane albo zagospodarowane&nbsp;tymczasowo. Od dekad w r\u00f3\u017cnych punktach utrzymuje si\u0119&nbsp;prowizorka, kt\u00f3ra &#8211; co tu du\u017co m\u00f3wi\u0107 &#8211; przynosi wstyd dzielnicy.&nbsp;Jednym z takich miejsc jest skwerek przy skrzy\u017cowaniu ul. Wary\u0144skiego z al. Grunwaldzk\u0105, o kt\u00f3rym ostatnio zn\u00f3w robi si\u0119 g\u0142o\u015bno. <a href=\"http:\/\/www.trojmiasto.pl\/wiadomosci\/Pomnik-Anny-Walentynowicz-czeka-na-ustawienie-n91729.html\" target=\"_blank\" rel=\"noopener\">Ot\u00f3\u017c w sierpniu ma tam stan\u0105\u0107 pomnik Anny Walentynowicz<\/a>, za\u015b stworzony przez mieszka\u0144c\u00f3w plan zagospodarowania tego miejsca najwyra\u017aniej p\u00f3jdzie do kosza.&nbsp;Zacznijmy jednak od pocz\u0105tku.<\/p>\n<p style=\"text-align: justify;\"><a href=\"http:\/\/jarekwasielewski.pl\/zwrzeszcza\/wp-content\/uploads\/2015\/06\/wrzeszcz_gdm_warynskiego_2.jpg\"><img loading=\"lazy\" decoding=\"async\" class=\"aligncenter size-medium wp-image-2193\" src=\"http:\/\/jarekwasielewski.pl\/zwrzeszcza\/wp-content\/uploads\/2015\/06\/wrzeszcz_gdm_warynskiego_2-300x223.jpg\" alt=\"wrzeszcz_gdm_warynskiego_2\" width=\"300\" height=\"223\" srcset=\"https:\/\/jarekwasielewski.pl\/zwrzeszcza\/wp-content\/uploads\/2015\/06\/wrzeszcz_gdm_warynskiego_2-300x223.jpg 300w, https:\/\/jarekwasielewski.pl\/zwrzeszcza\/wp-content\/uploads\/2015\/06\/wrzeszcz_gdm_warynskiego_2.jpg 800w\" sizes=\"auto, (max-width: 300px) 100vw, 300px\" \/><\/a>Dla okolicznych mieszka\u0144c\u00f3w skwerek \u00f3w jest czym\u015b tak oczywistym, \u017ce mo\u017ce si\u0119 wydawa\u0107 przestrzeni\u0105 zagospodarowan\u0105 w ten spos\u00f3b celowo. A wcale tak nie jest. Ot\u00f3\u017c placyk ten&nbsp;jest ofiar\u0105 ostatniej wojny oraz przestrzelonych ambicji projektant\u00f3w Grunwaldzkiej Dzielnicy Mieszkaniowej (GDM),&nbsp;realizowanej w ramach Planu 6-letniego inwestycji, b\u0119d\u0105cej&nbsp;nasz\u0105 lokaln\u0105 odpowiedzi\u0105 na warszawski MDM.<\/p>\n<p style=\"text-align: justify;\">Przed wiosn\u0105 1945 roku obie strony <em>Brunsh\u00f6ferweg&nbsp;<\/em>(ul. Wary\u0144skiego) na interesuj\u0105cym nas odcinku zabudowane by\u0142y kamienicami, podobnie by\u0142o w przypadku interesuj\u0105cego nas&nbsp;fragmentu&nbsp;<em>Adolf-Hitler-Strasse<\/em> (al. Grunwaldzka).<\/p>\n<div id=\"attachment_2200\" style=\"width: 306px\" class=\"wp-caption aligncenter\"><a href=\"http:\/\/jarekwasielewski.pl\/zwrzeszcza\/wp-content\/uploads\/2015\/06\/langfuhr_brunshoferweg_1.jpg\"><img loading=\"lazy\" decoding=\"async\" aria-describedby=\"caption-attachment-2200\" class=\"wp-image-2200 size-medium\" src=\"http:\/\/jarekwasielewski.pl\/zwrzeszcza\/wp-content\/uploads\/2015\/06\/langfuhr_brunshoferweg_1-300x174.jpg\" alt=\"Perspektywa dzisiejszej ul. Wary\u0144skiego, widok w kierunku tor\u00f3w kolejowych, pocz\u0105tek XX wieku. Budynki po prawej stronie zosta\u0142y zniszczone podczas wojny (\u017ar\u00f3d\u0142o: miastadawniej.pl_\" width=\"300\" height=\"174\" srcset=\"https:\/\/jarekwasielewski.pl\/zwrzeszcza\/wp-content\/uploads\/2015\/06\/langfuhr_brunshoferweg_1-300x174.jpg 300w, https:\/\/jarekwasielewski.pl\/zwrzeszcza\/wp-content\/uploads\/2015\/06\/langfuhr_brunshoferweg_1.jpg 700w\" sizes=\"auto, (max-width: 300px) 100vw, 300px\" \/><\/a><p id=\"caption-attachment-2200\" class=\"wp-caption-text\">Perspektywa dzisiejszej ul. Wary\u0144skiego, widok w kierunku tor\u00f3w kolejowych, pocz\u0105tek XX wieku. Budynki po prawej stronie zosta\u0142y zniszczone wiosn\u0105 1945 roku (\u017ar\u00f3d\u0142o: miastadawniej.pl)<\/p><\/div>\n<div id=\"attachment_2195\" style=\"width: 304px\" class=\"wp-caption aligncenter\"><a href=\"http:\/\/jarekwasielewski.pl\/zwrzeszcza\/wp-content\/uploads\/2015\/06\/langfuhr_1933.jpg\"><img loading=\"lazy\" decoding=\"async\" aria-describedby=\"caption-attachment-2195\" class=\"wp-image-2195 size-medium\" src=\"http:\/\/jarekwasielewski.pl\/zwrzeszcza\/wp-content\/uploads\/2015\/06\/langfuhr_1933-298x300.jpg\" alt=\"langfuhr_1933\" width=\"298\" height=\"300\" srcset=\"https:\/\/jarekwasielewski.pl\/zwrzeszcza\/wp-content\/uploads\/2015\/06\/langfuhr_1933-298x300.jpg 298w, https:\/\/jarekwasielewski.pl\/zwrzeszcza\/wp-content\/uploads\/2015\/06\/langfuhr_1933-150x150.jpg 150w, https:\/\/jarekwasielewski.pl\/zwrzeszcza\/wp-content\/uploads\/2015\/06\/langfuhr_1933-50x50.jpg 50w, https:\/\/jarekwasielewski.pl\/zwrzeszcza\/wp-content\/uploads\/2015\/06\/langfuhr_1933.jpg 454w\" sizes=\"auto, (max-width: 298px) 100vw, 298px\" \/><\/a><p id=\"caption-attachment-2195\" class=\"wp-caption-text\">Fragment planu Gda\u0144ska z 1933 roku, omawiane miejsce zaznaczono na zielono<\/p><\/div>\n<div id=\"attachment_2196\" style=\"width: 293px\" class=\"wp-caption aligncenter\"><a href=\"http:\/\/jarekwasielewski.pl\/zwrzeszcza\/wp-content\/uploads\/2015\/06\/langfuhr_1940.jpg\"><img loading=\"lazy\" decoding=\"async\" aria-describedby=\"caption-attachment-2196\" class=\"wp-image-2196 size-medium\" src=\"http:\/\/jarekwasielewski.pl\/zwrzeszcza\/wp-content\/uploads\/2015\/06\/langfuhr_1940-287x300.jpg\" alt=\"langfuhr_1940\" width=\"287\" height=\"300\" srcset=\"https:\/\/jarekwasielewski.pl\/zwrzeszcza\/wp-content\/uploads\/2015\/06\/langfuhr_1940-287x300.jpg 287w, https:\/\/jarekwasielewski.pl\/zwrzeszcza\/wp-content\/uploads\/2015\/06\/langfuhr_1940.jpg 600w\" sizes=\"auto, (max-width: 287px) 100vw, 287px\" \/><\/a><p id=\"caption-attachment-2196\" class=\"wp-caption-text\">Fragment planu Gda\u0144ska z 1940 roku. Na bia\u0142o zaznaczona zabudowa z epoki, kolorem jasnobr\u0105zowym oznaczono zabudow\u0119 istniej\u0105c\u0105 wsp\u00f3\u0142cze\u015bnie, na zielono za\u015b &#8211; omawiany skwerek (\u017ar\u00f3d\u0142o: mapa.gdansk.gda.pl)<\/p><\/div>\n<p style=\"text-align: justify;\">Podczas tzw. wyzwalania Gda\u0144ska kamienice najprawdopodobniej sp\u0142on\u0119\u0142y. Pod koniec lat 40. spalone budynki po wschodniej stronie al. Grunwaldzkiej rozebrano, robi\u0105c miejsce na now\u0105 jezdni\u0119; rozebrano tak\u017ce ruiny przy ul. Wary\u0144skiego (w\u00f3wczas nazywanej ul.Libermana). Przygotowywane w\u00f3wczas&nbsp;plany GDM-u zak\u0142ada\u0142y powstanie&nbsp;wzorcowego osiedla socjalistycznego, symbolizuj\u0105cego m.in. ostateczne zwyci\u0119stwo komunizmu nad kapitalizmem. W\u015br\u00f3d ca\u0142ego katalogu obiekt\u00f3w nowej dzielnicy planowano&nbsp;m.in. <a href=\"http:\/\/jarekwasielewski.pl\/zwrzeszcza\/2014\/09\/rublowiec-czyli-zaniechany-wiezowiec-gdm-u\/\">opisany przeze mnie w zesz\u0142ym roku wie\u017cowiec<\/a>, dom kultury, teatr, wielki hotel oraz kino. To ostatnie \u2013 na naszym skwerku w\u0142a\u015bnie.<\/p>\n<div id=\"attachment_2194\" style=\"width: 229px\" class=\"wp-caption aligncenter\"><a href=\"http:\/\/jarekwasielewski.pl\/zwrzeszcza\/wp-content\/uploads\/2015\/06\/wrzeszcz_gdm_warynskiego.jpg\"><img loading=\"lazy\" decoding=\"async\" aria-describedby=\"caption-attachment-2194\" class=\"wp-image-2194 size-medium\" src=\"http:\/\/jarekwasielewski.pl\/zwrzeszcza\/wp-content\/uploads\/2015\/06\/wrzeszcz_gdm_warynskiego-223x300.jpg\" alt=\"wrzeszcz_gdm_warynskiego\" width=\"223\" height=\"300\" srcset=\"https:\/\/jarekwasielewski.pl\/zwrzeszcza\/wp-content\/uploads\/2015\/06\/wrzeszcz_gdm_warynskiego-223x300.jpg 223w, https:\/\/jarekwasielewski.pl\/zwrzeszcza\/wp-content\/uploads\/2015\/06\/wrzeszcz_gdm_warynskiego.jpg 600w\" sizes=\"auto, (max-width: 223px) 100vw, 223px\" \/><\/a><p id=\"caption-attachment-2194\" class=\"wp-caption-text\">Fragment planu GDM, na zielono zaznaczono omawiane miejsce (\u017ar\u00f3d\u0142o: Gda\u0144sk: rozw\u00f3j urbanistyczny&#8230;, 1959)<\/p><\/div>\n<p style=\"text-align: justify;\">Budynek mia\u0142 sta\u0107 r\u00f3wnolegle do ulicy, ale w pewnym oddaleniu od linii powstaj\u0105cej wtedy zabudowy al. Grunwaldzkiej. W ten spos\u00f3b wej\u015bcie do socrealistycznego gmachu podkre\u015blono by niewielkim placykiem.&nbsp;Z r\u00f3\u017cnych jednak wzgl\u0119d\u00f3w GDM-u nie doko\u0144czono, rezygnuj\u0105c z plan\u00f3w kosztownych wyburze\u0144 i wznoszenia reprezentacyjnych gmach\u00f3w. Powsta\u0142a praktycznie wy\u0142\u0105cznie mieszkani\u00f3wka &#8211; a i ta tylko cz\u0119\u015bciowo. Po obu stronach naszego placyku&nbsp;powsta\u0142y charakterystyczne socrealistyczne bloki &#8211; w tym od strony po\u0142udniowej&nbsp;przez wiele lat dzia\u0142a\u0142a Kawiarnia &#8222;Morska&#8221; (w ostatnich latach funkcjonowa\u0142a&nbsp;tam chi\u0144ska restauracja <em>Shanghai<\/em>). Plac niedosz\u0142ej budowy kina zamieniono w skwerek, na kt\u00f3rym przez pewien czas funkcjonowa\u0142y stragany.<\/p>\n<div id=\"attachment_2214\" style=\"width: 279px\" class=\"wp-caption aligncenter\"><a href=\"http:\/\/jarekwasielewski.pl\/zwrzeszcza\/wp-content\/uploads\/2015\/06\/wrzeszcz_radziecka_1959.jpg\"><img loading=\"lazy\" decoding=\"async\" aria-describedby=\"caption-attachment-2214\" class=\"size-medium wp-image-2214\" src=\"http:\/\/jarekwasielewski.pl\/zwrzeszcza\/wp-content\/uploads\/2015\/06\/wrzeszcz_radziecka_1959-273x300.jpg\" alt=\"Fragment radzieckiej mapy Gda\u0144ska z 1959 roku, omawiany skwerek oznaczono kolorem zielonym (\u017ar\u00f3d\u0142o: mapy.eksploracja.pl)\" width=\"273\" height=\"300\" srcset=\"https:\/\/jarekwasielewski.pl\/zwrzeszcza\/wp-content\/uploads\/2015\/06\/wrzeszcz_radziecka_1959-273x300.jpg 273w, https:\/\/jarekwasielewski.pl\/zwrzeszcza\/wp-content\/uploads\/2015\/06\/wrzeszcz_radziecka_1959.jpg 333w\" sizes=\"auto, (max-width: 273px) 100vw, 273px\" \/><\/a><p id=\"caption-attachment-2214\" class=\"wp-caption-text\">Fragment radzieckiej mapy Gda\u0144ska z 1959 roku, omawiany skwerek oznaczono kolorem zielonym (\u017ar\u00f3d\u0142o: mapy.eksploracja.pl)<\/p><\/div>\n<div id=\"attachment_2199\" style=\"width: 306px\" class=\"wp-caption aligncenter\"><a href=\"http:\/\/jarekwasielewski.pl\/zwrzeszcza\/wp-content\/uploads\/2015\/06\/wrzeszcz_gdm_pocztowka_1958.jpg\"><img loading=\"lazy\" decoding=\"async\" aria-describedby=\"caption-attachment-2199\" class=\"wp-image-2199 size-medium\" src=\"http:\/\/jarekwasielewski.pl\/zwrzeszcza\/wp-content\/uploads\/2015\/06\/wrzeszcz_gdm_pocztowka_1958-300x179.jpg\" alt=\"wrzeszcz_gdm_pocztowka_1958\" width=\"300\" height=\"179\" srcset=\"https:\/\/jarekwasielewski.pl\/zwrzeszcza\/wp-content\/uploads\/2015\/06\/wrzeszcz_gdm_pocztowka_1958-300x179.jpg 300w, https:\/\/jarekwasielewski.pl\/zwrzeszcza\/wp-content\/uploads\/2015\/06\/wrzeszcz_gdm_pocztowka_1958.jpg 700w\" sizes=\"auto, (max-width: 300px) 100vw, 300px\" \/><\/a><p id=\"caption-attachment-2199\" class=\"wp-caption-text\">Zabudowa po po\u0142udniowej stronie omawianego placu na poczt\u00f3wce z 1958 roku; w pierwszym budynku od lewej Kawiarnia Morska (\u017ar\u00f3d\u0142o: miastadawniej.pl)<\/p><\/div>\n<div id=\"attachment_2197\" style=\"width: 306px\" class=\"wp-caption aligncenter\"><a href=\"http:\/\/jarekwasielewski.pl\/zwrzeszcza\/wp-content\/uploads\/2015\/06\/wrzeszcz_gdm_pocztowka_1.jpg\"><img loading=\"lazy\" decoding=\"async\" aria-describedby=\"caption-attachment-2197\" class=\"wp-image-2197 size-medium\" src=\"http:\/\/jarekwasielewski.pl\/zwrzeszcza\/wp-content\/uploads\/2015\/06\/wrzeszcz_gdm_pocztowka_1-300x214.jpg\" alt=\"wrzeszcz_gdm_pocztowka_1\" width=\"300\" height=\"214\" srcset=\"https:\/\/jarekwasielewski.pl\/zwrzeszcza\/wp-content\/uploads\/2015\/06\/wrzeszcz_gdm_pocztowka_1-300x214.jpg 300w, https:\/\/jarekwasielewski.pl\/zwrzeszcza\/wp-content\/uploads\/2015\/06\/wrzeszcz_gdm_pocztowka_1.jpg 1024w\" sizes=\"auto, (max-width: 300px) 100vw, 300px\" \/><\/a><p id=\"caption-attachment-2197\" class=\"wp-caption-text\">Zabudowa GDM przy al. Grunwaldzkiej na poczt\u00f3wce z lat 50. XX wieku, strza\u0142k\u0105 zaznaczono omawiany skwerek (\u017ar\u00f3d\u0142o: postcard.com.pl)<\/p><\/div>\n<p style=\"text-align: justify;\">Zdaje si\u0119, \u017ce w latach 60. ubieg\u0142ego wieku przy wschodniej kraw\u0119dzi placu postawiono&nbsp;klockowaty budynek mieszkalny ze sklepami w przyziemiu (oznaczony jako ul. Wary\u0144skiego 2). Po roku 1990 cz\u0119\u015b\u0107 placu zamieniono na naziemny parking strze\u017cony, postawiono tak\u017ce charakterystyczne drewniane budy, w kt\u00f3rych dzia\u0142a\u0107 zacz\u0119\u0142y &#8211; i dzia\u0142aj\u0105 wci\u0105\u017c &#8211; prywatne sklepy. Skwerek od lat jest&nbsp;zaniedbany, p\u0142yty chodnikowe i schody &#8211; wypaczone. Miejsce s\u0142u\u017cy za psi\u0105 toalet\u0119 i miejsce zgromadze\u0144 okolicznych amator\u00f3w piwa pod chmurk\u0105. Jednym s\u0142owem: rozpacz w centrum metropolii.<\/p>\n<p style=\"text-align: justify;\">W ostatnich latach co\u015b si\u0119 jednak ruszy\u0142o.&nbsp;Mieszka\u0144cy tej okolicy dwukrotnie podj\u0119li&nbsp;<a href=\"https:\/\/www.facebook.com\/placwarynskiego?fref=ts\" target=\"_blank\" rel=\"noopener\">pr\u00f3b\u0119 zagospodarowania skwerku<\/a>, projektuj\u0105c miejsce do wypoczynku i s\u0105siedzkiej integracji, zapraszaj\u0105ce&nbsp;m.in.&nbsp;sto\u0142ami do szach\u00f3w, ma\u0142ym placem zabaw, centralnym placykiem &#8222;do zebra\u0144&#8221;, stojakiem dla rower\u00f3w oraz zrewitalizowan\u0105 zieleni\u0105. Niestety, w 2011 roku zabrak\u0142o na t\u0119 inwestycj\u0119&nbsp;pieni\u0119dzy, nie uda\u0142o si\u0119 tak\u017ce zrealizowa\u0107 jej ze \u015brodk\u00f3w z Bud\u017cetu Obywatelskiego na rok 2014. Niemniej jednak powsta\u0142&nbsp;dobry projekt, kt\u00f3ry mo\u017cna by zrealizowa\u0107 ku wi\u0119kszemu po\u017cytkowi wszystkich.<\/p>\n<p style=\"text-align: justify;\">Ale raczej si\u0119 go nie zrealizuje.<\/p>\n<p style=\"text-align: justify;\">Ot\u00f3\u017c jak ju\u017c wspomnia\u0142em na pocz\u0105tku,&nbsp;<a href=\"http:\/\/www.trojmiasto.pl\/wiadomosci\/Pomnik-Anny-Walentynowicz-czeka-na-ustawienie-n91729.html\" target=\"_blank\" rel=\"noopener\">na skwerku niebawem ma stan\u0105\u0107 pomnik Anny Walentynowicz<\/a>. Forsuje si\u0119 przy tym koncepcj\u0119 Stowarzyszenia Godno\u015b\u0107, inicjatora budowy pomnika, kt\u00f3ry kompletnie&nbsp;zignorowa\u0142 wypracowany przez mieszka\u0144c\u00f3w projekt zagospodarowania placyku. Na cokole stanie sztampowy pomnik, plac si\u0119 jako tako&nbsp;uporz\u0105dkuje i tyle.&nbsp;Zamiast relaksu i s\u0105siedzkiej integracji b\u0119d\u0105 znicze, rocznicowe apele i mod\u0142y pod oknami.&nbsp;Kilka dni temu radna Dzielnicy Wrzeszcz G\u00f3rny, Lidka Makowska, <a href=\"https:\/\/www.facebook.com\/pages\/Rada-Dzielnicy-Wrzeszcz-G%C3%B3rny\/291011084245177\" target=\"_blank\" rel=\"noopener\">skomentowa\u0142a t\u0119 sytuacj\u0119 na facebookowej stronie Rady<\/a>: &#8222;<em>Moj\u0105 niezgod\u0119 budzi marnowanie obywatelskiego zaanga\u017cowania gda\u0144szczan i gda\u0144szczanek oraz nietraktowanie miejskich skwer\u00f3w w Gda\u0144sku w kategoriach dobra wsp\u00f3lnego. Skwer im. Anny Walentynowicz to przestrze\u0144 publiczna, a nie prywatne mauzoleum rodziny i sympatyk\u00f3w Anny Walentynowicz.<\/em>&#8221; Podpisuj\u0119 si\u0119 pod tym obiema r\u0119kami.<\/p>\n<p style=\"text-align: justify;\">W Gda\u0144sku &#8211; i szerzej: w ca\u0142ej Polsce &#8211; trwa swoisty festiwal politycznej poprawno\u015bci&nbsp;<em>\u00e0 rebours<\/em>, kt\u00f3ry objawia si\u0119 nami\u0119tnym&nbsp;papie\u017cowaniem i ipeenowaniem przestrzeni publicznej. Kilka przyk\u0142ad\u00f3w&nbsp;z ostatnich dw\u00f3ch lat: wrzeszcza\u0144ski fragment tzw. Trasy S\u0142owackiego&nbsp;(orientacyjnie: odcinek od ul. Trawki do ul. Hynka) jesieni\u0105 2013 roku ochrzczono alej\u0105 \u017bo\u0142nierzy Wykl\u0119tych, w czerwcu 2014 roku opisywany tu&nbsp;placyk nazwano imieniem&nbsp;Anny Walentynowicz, a w kwietniu br. Nowa Wa\u0142owa sta\u0142a si\u0119 oficjalnie ul. ks. Jerzego Popie\u0142uszki. Uprzedzaj\u0105c <em>hejty<\/em>&nbsp;doprecyzuj\u0119: nie, nie odmawiam wy\u017cej wymienionym prawa do upami\u0119tnienia, w\u0105tpliwo\u015bci budzi jedynie jego skala i forma, oraz fakt, i\u017c&nbsp;niebranie pod uwag\u0119 ewentualnego zdania mieszka\u0144c\u00f3w stoi w sprzeczno\u015bci z idea\u0142ami, za kt\u00f3re upami\u0119tnieni&nbsp;rzekomo walczyli.<\/p>\n<p style=\"text-align: justify;\">Smuci mnie i wkurza zarazem fakt, i\u017c zapomniany skwerek m\u00f3g\u0142 zyska\u0107 nowe \u017cycie i nabra\u0107 miastotw\u00f3rczej funkcji, a tymczasem zostanie przyozdobiony kolejnym nijakim pomnikiem,&nbsp;wok\u00f3\u0142 kt\u00f3rego od \u015bwi\u0119ta odbywa\u0107 si\u0119 b\u0119d\u0105 bogoojczy\u017aniane zgromadzenia, a na co dzie\u0144 swoje potrzeby fizjologiczne wci\u0105\u017c b\u0119d\u0105 za\u0142atwia\u0107 okoliczni pijaczkowie.<\/p>\n<div id=\"attachment_2208\" style=\"width: 306px\" class=\"wp-caption aligncenter\"><a href=\"http:\/\/jarekwasielewski.pl\/zwrzeszcza\/wp-content\/uploads\/2015\/06\/wrzeszcz_gdm_warynskiego_3.jpg\"><img loading=\"lazy\" decoding=\"async\" aria-describedby=\"caption-attachment-2208\" class=\"wp-image-2208 size-medium\" src=\"http:\/\/jarekwasielewski.pl\/zwrzeszcza\/wp-content\/uploads\/2015\/06\/wrzeszcz_gdm_warynskiego_3-300x217.jpg\" alt=\"wrzeszcz_gdm_warynskiego_3\" width=\"300\" height=\"217\" srcset=\"https:\/\/jarekwasielewski.pl\/zwrzeszcza\/wp-content\/uploads\/2015\/06\/wrzeszcz_gdm_warynskiego_3-300x217.jpg 300w, https:\/\/jarekwasielewski.pl\/zwrzeszcza\/wp-content\/uploads\/2015\/06\/wrzeszcz_gdm_warynskiego_3.jpg 800w\" sizes=\"auto, (max-width: 300px) 100vw, 300px\" \/><\/a><p id=\"caption-attachment-2208\" class=\"wp-caption-text\">Zabudowa po po\u0142udniowej stronie omawianego placu wsp\u00f3\u0142cze\u015bnie (2013)<\/p><\/div>\n<div id=\"attachment_2207\" style=\"width: 306px\" class=\"wp-caption aligncenter\"><a href=\"http:\/\/jarekwasielewski.pl\/zwrzeszcza\/wp-content\/uploads\/2015\/06\/wrzeszcz_gdm_warynskiego_11.jpg\"><img loading=\"lazy\" decoding=\"async\" aria-describedby=\"caption-attachment-2207\" class=\"wp-image-2207 size-medium\" src=\"http:\/\/jarekwasielewski.pl\/zwrzeszcza\/wp-content\/uploads\/2015\/06\/wrzeszcz_gdm_warynskiego_11-300x225.jpg\" alt=\"wrzeszcz_gdm_warynskiego_1\" width=\"300\" height=\"225\" srcset=\"https:\/\/jarekwasielewski.pl\/zwrzeszcza\/wp-content\/uploads\/2015\/06\/wrzeszcz_gdm_warynskiego_11-300x225.jpg 300w, https:\/\/jarekwasielewski.pl\/zwrzeszcza\/wp-content\/uploads\/2015\/06\/wrzeszcz_gdm_warynskiego_11.jpg 800w\" sizes=\"auto, (max-width: 300px) 100vw, 300px\" \/><\/a><p id=\"caption-attachment-2207\" class=\"wp-caption-text\">Zabudowa po p\u00f3\u0142nocnej stronie omawianego placu wsp\u00f3\u0142cze\u015bnie (2013)<\/p><\/div>\n<div id=\"attachment_2210\" style=\"width: 231px\" class=\"wp-caption aligncenter\"><a href=\"http:\/\/jarekwasielewski.pl\/zwrzeszcza\/wp-content\/uploads\/2015\/06\/wrzeszcz_gdm_warynskiego_kandelabr_2.jpg\"><img loading=\"lazy\" decoding=\"async\" aria-describedby=\"caption-attachment-2210\" class=\"wp-image-2210 size-medium\" src=\"http:\/\/jarekwasielewski.pl\/zwrzeszcza\/wp-content\/uploads\/2015\/06\/wrzeszcz_gdm_warynskiego_kandelabr_2-225x300.jpg\" alt=\"wrzeszcz_gdm_warynskiego_kandelabr_2\" width=\"225\" height=\"300\" srcset=\"https:\/\/jarekwasielewski.pl\/zwrzeszcza\/wp-content\/uploads\/2015\/06\/wrzeszcz_gdm_warynskiego_kandelabr_2-225x300.jpg 225w, https:\/\/jarekwasielewski.pl\/zwrzeszcza\/wp-content\/uploads\/2015\/06\/wrzeszcz_gdm_warynskiego_kandelabr_2.jpg 600w\" sizes=\"auto, (max-width: 225px) 100vw, 225px\" \/><\/a><p id=\"caption-attachment-2210\" class=\"wp-caption-text\">O socrealistycznym sznycie GDM-u przypominaj\u0105 dzi\u015b ustawione przy placu kandelabry, przywodz\u0105ce na my\u015bl te z Placu Konstytucji na warszawskim MDM-ie<\/p><\/div>\n<div id=\"attachment_2209\" style=\"width: 231px\" class=\"wp-caption aligncenter\"><a href=\"http:\/\/jarekwasielewski.pl\/zwrzeszcza\/wp-content\/uploads\/2015\/06\/wrzeszcz_gdm_warynskiego_kandelabr_1.jpg\"><img loading=\"lazy\" decoding=\"async\" aria-describedby=\"caption-attachment-2209\" class=\"wp-image-2209 size-medium\" src=\"http:\/\/jarekwasielewski.pl\/zwrzeszcza\/wp-content\/uploads\/2015\/06\/wrzeszcz_gdm_warynskiego_kandelabr_1-225x300.jpg\" alt=\"wrzeszcz_gdm_warynskiego_kandelabr_1\" width=\"225\" height=\"300\" srcset=\"https:\/\/jarekwasielewski.pl\/zwrzeszcza\/wp-content\/uploads\/2015\/06\/wrzeszcz_gdm_warynskiego_kandelabr_1-225x300.jpg 225w, https:\/\/jarekwasielewski.pl\/zwrzeszcza\/wp-content\/uploads\/2015\/06\/wrzeszcz_gdm_warynskiego_kandelabr_1.jpg 600w\" sizes=\"auto, (max-width: 225px) 100vw, 225px\" \/><\/a><p id=\"caption-attachment-2209\" class=\"wp-caption-text\">O socrealistycznym sznycie GDM-u przypominaj\u0105 dzi\u015b ustawione przy placu kandelabry, mog\u0105ce si\u0119 kojarzy\u0107 z tymi z Placu Konstytucji na warszawskim MDM-ie.<\/p><\/div>\n","protected":false},"excerpt":{"rendered":"<p>W centrum Wrzeszcza wci\u0105\u017c jeszcze s\u0105 miejsca niezagospodarowane albo zagospodarowane&nbsp;tymczasowo. Od dekad w r\u00f3\u017cnych punktach utrzymuje si\u0119&nbsp;prowizorka, kt\u00f3ra &#8211; co tu du\u017co m\u00f3wi\u0107 &#8211; przynosi wstyd dzielnicy.&nbsp;Jednym z takich miejsc jest skwerek przy skrzy\u017cowaniu ul. Wary\u0144skiego z al. Grunwaldzk\u0105, o kt\u00f3rym ostatnio zn\u00f3w robi si\u0119 g\u0142o\u015bno. Ot\u00f3\u017c w sierpniu ma tam stan\u0105\u0107 pomnik Anny Walentynowicz,&hellip;<\/p>\n","protected":false},"author":1,"featured_media":2198,"comment_status":"open","ping_status":"open","sticky":false,"template":"","format":"standard","meta":{"ngg_post_thumbnail":0,"footnotes":""},"categories":[3,6,8],"tags":[],"class_list":["post-2169","post","type-post","status-publish","format-standard","has-post-thumbnail","hentry","category-aktualnosci","category-po-1945","category-wszystkie"],"yoast_head":"<!-- This site is optimized with the Yoast SEO plugin v27.3 - https:\/\/yoast.com\/product\/yoast-seo-wordpress\/ -->\n<title>Plac Anny Walentynowicz, czyli skwerek zamiast kina - Wrzeszcz Jarka Wasielewskiego<\/title>\n<meta name=\"robots\" content=\"index, follow, max-snippet:-1, max-image-preview:large, max-video-preview:-1\" \/>\n<link rel=\"canonical\" href=\"https:\/\/jarekwasielewski.pl\/zwrzeszcza\/2015\/07\/plac-anny-walentynowicz-czyli-skwerek-zamiast-kina\/\" \/>\n<meta property=\"og:locale\" content=\"pl_PL\" \/>\n<meta property=\"og:type\" content=\"article\" \/>\n<meta property=\"og:title\" content=\"Plac Anny Walentynowicz, czyli skwerek zamiast kina - Wrzeszcz Jarka Wasielewskiego\" \/>\n<meta property=\"og:description\" content=\"W centrum Wrzeszcza wci\u0105\u017c jeszcze s\u0105 miejsca niezagospodarowane albo zagospodarowane&nbsp;tymczasowo. Od dekad w r\u00f3\u017cnych punktach utrzymuje si\u0119&nbsp;prowizorka, kt\u00f3ra &#8211; co tu du\u017co m\u00f3wi\u0107 &#8211; przynosi wstyd dzielnicy.&nbsp;Jednym z takich miejsc jest skwerek przy skrzy\u017cowaniu ul. Wary\u0144skiego z al. Grunwaldzk\u0105, o kt\u00f3rym ostatnio zn\u00f3w robi si\u0119 g\u0142o\u015bno. Ot\u00f3\u017c w sierpniu ma tam stan\u0105\u0107 pomnik Anny Walentynowicz,&hellip;\" \/>\n<meta property=\"og:url\" content=\"https:\/\/jarekwasielewski.pl\/zwrzeszcza\/2015\/07\/plac-anny-walentynowicz-czyli-skwerek-zamiast-kina\/\" \/>\n<meta property=\"og:site_name\" content=\"Wrzeszcz Jarka Wasielewskiego\" \/>\n<meta property=\"article:published_time\" content=\"2015-07-01T17:49:37+00:00\" \/>\n<meta property=\"article:modified_time\" content=\"2023-11-13T11:18:42+00:00\" \/>\n<meta property=\"og:image\" content=\"https:\/\/jarekwasielewski.pl\/zwrzeszcza\/wp-content\/uploads\/2015\/06\/wrzeszcz_gdm_pocztowka_3.jpg\" \/>\n\t<meta property=\"og:image:width\" content=\"1024\" \/>\n\t<meta property=\"og:image:height\" content=\"708\" \/>\n\t<meta property=\"og:image:type\" content=\"image\/jpeg\" \/>\n<meta name=\"author\" content=\"Jarek Wasielewski\" \/>\n<meta name=\"twitter:card\" content=\"summary_large_image\" \/>\n<meta name=\"twitter:label1\" content=\"Napisane przez\" \/>\n\t<meta name=\"twitter:data1\" content=\"Jarek Wasielewski\" \/>\n\t<meta name=\"twitter:label2\" content=\"Szacowany czas czytania\" \/>\n\t<meta name=\"twitter:data2\" content=\"9 minut\" \/>\n<script type=\"application\/ld+json\" class=\"yoast-schema-graph\">{\"@context\":\"https:\\\/\\\/schema.org\",\"@graph\":[{\"@type\":\"Article\",\"@id\":\"https:\\\/\\\/jarekwasielewski.pl\\\/zwrzeszcza\\\/2015\\\/07\\\/plac-anny-walentynowicz-czyli-skwerek-zamiast-kina\\\/#article\",\"isPartOf\":{\"@id\":\"https:\\\/\\\/jarekwasielewski.pl\\\/zwrzeszcza\\\/2015\\\/07\\\/plac-anny-walentynowicz-czyli-skwerek-zamiast-kina\\\/\"},\"author\":{\"name\":\"Jarek Wasielewski\",\"@id\":\"https:\\\/\\\/jarekwasielewski.pl\\\/zwrzeszcza\\\/#\\\/schema\\\/person\\\/807e6ca1f9fadc1945bd9ac746422589\"},\"headline\":\"Plac Anny Walentynowicz, czyli skwerek zamiast kina\",\"datePublished\":\"2015-07-01T17:49:37+00:00\",\"dateModified\":\"2023-11-13T11:18:42+00:00\",\"mainEntityOfPage\":{\"@id\":\"https:\\\/\\\/jarekwasielewski.pl\\\/zwrzeszcza\\\/2015\\\/07\\\/plac-anny-walentynowicz-czyli-skwerek-zamiast-kina\\\/\"},\"wordCount\":1262,\"commentCount\":8,\"publisher\":{\"@id\":\"https:\\\/\\\/jarekwasielewski.pl\\\/zwrzeszcza\\\/#\\\/schema\\\/person\\\/807e6ca1f9fadc1945bd9ac746422589\"},\"image\":{\"@id\":\"https:\\\/\\\/jarekwasielewski.pl\\\/zwrzeszcza\\\/2015\\\/07\\\/plac-anny-walentynowicz-czyli-skwerek-zamiast-kina\\\/#primaryimage\"},\"thumbnailUrl\":\"https:\\\/\\\/jarekwasielewski.pl\\\/zwrzeszcza\\\/wp-content\\\/uploads\\\/2015\\\/06\\\/wrzeszcz_gdm_pocztowka_3.jpg\",\"articleSection\":[\"Aktualno\u015bci\",\"Po 1945\",\"Wszystkie\"],\"inLanguage\":\"pl-PL\",\"potentialAction\":[{\"@type\":\"CommentAction\",\"name\":\"Comment\",\"target\":[\"https:\\\/\\\/jarekwasielewski.pl\\\/zwrzeszcza\\\/2015\\\/07\\\/plac-anny-walentynowicz-czyli-skwerek-zamiast-kina\\\/#respond\"]}]},{\"@type\":\"WebPage\",\"@id\":\"https:\\\/\\\/jarekwasielewski.pl\\\/zwrzeszcza\\\/2015\\\/07\\\/plac-anny-walentynowicz-czyli-skwerek-zamiast-kina\\\/\",\"url\":\"https:\\\/\\\/jarekwasielewski.pl\\\/zwrzeszcza\\\/2015\\\/07\\\/plac-anny-walentynowicz-czyli-skwerek-zamiast-kina\\\/\",\"name\":\"Plac Anny Walentynowicz, czyli skwerek zamiast kina - Wrzeszcz Jarka Wasielewskiego\",\"isPartOf\":{\"@id\":\"https:\\\/\\\/jarekwasielewski.pl\\\/zwrzeszcza\\\/#website\"},\"primaryImageOfPage\":{\"@id\":\"https:\\\/\\\/jarekwasielewski.pl\\\/zwrzeszcza\\\/2015\\\/07\\\/plac-anny-walentynowicz-czyli-skwerek-zamiast-kina\\\/#primaryimage\"},\"image\":{\"@id\":\"https:\\\/\\\/jarekwasielewski.pl\\\/zwrzeszcza\\\/2015\\\/07\\\/plac-anny-walentynowicz-czyli-skwerek-zamiast-kina\\\/#primaryimage\"},\"thumbnailUrl\":\"https:\\\/\\\/jarekwasielewski.pl\\\/zwrzeszcza\\\/wp-content\\\/uploads\\\/2015\\\/06\\\/wrzeszcz_gdm_pocztowka_3.jpg\",\"datePublished\":\"2015-07-01T17:49:37+00:00\",\"dateModified\":\"2023-11-13T11:18:42+00:00\",\"breadcrumb\":{\"@id\":\"https:\\\/\\\/jarekwasielewski.pl\\\/zwrzeszcza\\\/2015\\\/07\\\/plac-anny-walentynowicz-czyli-skwerek-zamiast-kina\\\/#breadcrumb\"},\"inLanguage\":\"pl-PL\",\"potentialAction\":[{\"@type\":\"ReadAction\",\"target\":[\"https:\\\/\\\/jarekwasielewski.pl\\\/zwrzeszcza\\\/2015\\\/07\\\/plac-anny-walentynowicz-czyli-skwerek-zamiast-kina\\\/\"]}]},{\"@type\":\"ImageObject\",\"inLanguage\":\"pl-PL\",\"@id\":\"https:\\\/\\\/jarekwasielewski.pl\\\/zwrzeszcza\\\/2015\\\/07\\\/plac-anny-walentynowicz-czyli-skwerek-zamiast-kina\\\/#primaryimage\",\"url\":\"https:\\\/\\\/jarekwasielewski.pl\\\/zwrzeszcza\\\/wp-content\\\/uploads\\\/2015\\\/06\\\/wrzeszcz_gdm_pocztowka_3.jpg\",\"contentUrl\":\"https:\\\/\\\/jarekwasielewski.pl\\\/zwrzeszcza\\\/wp-content\\\/uploads\\\/2015\\\/06\\\/wrzeszcz_gdm_pocztowka_3.jpg\",\"width\":1024,\"height\":708},{\"@type\":\"BreadcrumbList\",\"@id\":\"https:\\\/\\\/jarekwasielewski.pl\\\/zwrzeszcza\\\/2015\\\/07\\\/plac-anny-walentynowicz-czyli-skwerek-zamiast-kina\\\/#breadcrumb\",\"itemListElement\":[{\"@type\":\"ListItem\",\"position\":1,\"name\":\"Strona g\u0142\u00f3wna\",\"item\":\"https:\\\/\\\/jarekwasielewski.pl\\\/zwrzeszcza\\\/\"},{\"@type\":\"ListItem\",\"position\":2,\"name\":\"Plac Anny Walentynowicz, czyli skwerek zamiast kina\"}]},{\"@type\":\"WebSite\",\"@id\":\"https:\\\/\\\/jarekwasielewski.pl\\\/zwrzeszcza\\\/#website\",\"url\":\"https:\\\/\\\/jarekwasielewski.pl\\\/zwrzeszcza\\\/\",\"name\":\"Wrzeszcza Jarka Wasielewskiego\",\"description\":\"Blog Jarka Wasielewskiego o Wrzeszczu\",\"publisher\":{\"@id\":\"https:\\\/\\\/jarekwasielewski.pl\\\/zwrzeszcza\\\/#\\\/schema\\\/person\\\/807e6ca1f9fadc1945bd9ac746422589\"},\"potentialAction\":[{\"@type\":\"SearchAction\",\"target\":{\"@type\":\"EntryPoint\",\"urlTemplate\":\"https:\\\/\\\/jarekwasielewski.pl\\\/zwrzeszcza\\\/?s={search_term_string}\"},\"query-input\":{\"@type\":\"PropertyValueSpecification\",\"valueRequired\":true,\"valueName\":\"search_term_string\"}}],\"inLanguage\":\"pl-PL\"},{\"@type\":[\"Person\",\"Organization\"],\"@id\":\"https:\\\/\\\/jarekwasielewski.pl\\\/zwrzeszcza\\\/#\\\/schema\\\/person\\\/807e6ca1f9fadc1945bd9ac746422589\",\"name\":\"Jarek Wasielewski\",\"image\":{\"@type\":\"ImageObject\",\"inLanguage\":\"pl-PL\",\"@id\":\"http:\\\/\\\/jarekwasielewski.pl\\\/zwrzeszcza\\\/wp-content\\\/uploads\\\/2021\\\/09\\\/jw.png\",\"url\":\"http:\\\/\\\/jarekwasielewski.pl\\\/zwrzeszcza\\\/wp-content\\\/uploads\\\/2021\\\/09\\\/jw.png\",\"contentUrl\":\"http:\\\/\\\/jarekwasielewski.pl\\\/zwrzeszcza\\\/wp-content\\\/uploads\\\/2021\\\/09\\\/jw.png\",\"width\":715,\"height\":630,\"caption\":\"Jarek Wasielewski\"},\"logo\":{\"@id\":\"http:\\\/\\\/jarekwasielewski.pl\\\/zwrzeszcza\\\/wp-content\\\/uploads\\\/2021\\\/09\\\/jw.png\"},\"sameAs\":[\"http:\\\/\\\/jarekwasielewski.pl\\\/zwrzeszcza\"]}]}<\/script>\n<!-- \/ Yoast SEO plugin. -->","yoast_head_json":{"title":"Plac Anny Walentynowicz, czyli skwerek zamiast kina - Wrzeszcz Jarka Wasielewskiego","robots":{"index":"index","follow":"follow","max-snippet":"max-snippet:-1","max-image-preview":"max-image-preview:large","max-video-preview":"max-video-preview:-1"},"canonical":"https:\/\/jarekwasielewski.pl\/zwrzeszcza\/2015\/07\/plac-anny-walentynowicz-czyli-skwerek-zamiast-kina\/","og_locale":"pl_PL","og_type":"article","og_title":"Plac Anny Walentynowicz, czyli skwerek zamiast kina - Wrzeszcz Jarka Wasielewskiego","og_description":"W centrum Wrzeszcza wci\u0105\u017c jeszcze s\u0105 miejsca niezagospodarowane albo zagospodarowane&nbsp;tymczasowo. Od dekad w r\u00f3\u017cnych punktach utrzymuje si\u0119&nbsp;prowizorka, kt\u00f3ra &#8211; co tu du\u017co m\u00f3wi\u0107 &#8211; przynosi wstyd dzielnicy.&nbsp;Jednym z takich miejsc jest skwerek przy skrzy\u017cowaniu ul. Wary\u0144skiego z al. Grunwaldzk\u0105, o kt\u00f3rym ostatnio zn\u00f3w robi si\u0119 g\u0142o\u015bno. Ot\u00f3\u017c w sierpniu ma tam stan\u0105\u0107 pomnik Anny Walentynowicz,&hellip;","og_url":"https:\/\/jarekwasielewski.pl\/zwrzeszcza\/2015\/07\/plac-anny-walentynowicz-czyli-skwerek-zamiast-kina\/","og_site_name":"Wrzeszcz Jarka Wasielewskiego","article_published_time":"2015-07-01T17:49:37+00:00","article_modified_time":"2023-11-13T11:18:42+00:00","og_image":[{"width":1024,"height":708,"url":"https:\/\/jarekwasielewski.pl\/zwrzeszcza\/wp-content\/uploads\/2015\/06\/wrzeszcz_gdm_pocztowka_3.jpg","type":"image\/jpeg"}],"author":"Jarek Wasielewski","twitter_card":"summary_large_image","twitter_misc":{"Napisane przez":"Jarek Wasielewski","Szacowany czas czytania":"9 minut"},"schema":{"@context":"https:\/\/schema.org","@graph":[{"@type":"Article","@id":"https:\/\/jarekwasielewski.pl\/zwrzeszcza\/2015\/07\/plac-anny-walentynowicz-czyli-skwerek-zamiast-kina\/#article","isPartOf":{"@id":"https:\/\/jarekwasielewski.pl\/zwrzeszcza\/2015\/07\/plac-anny-walentynowicz-czyli-skwerek-zamiast-kina\/"},"author":{"name":"Jarek Wasielewski","@id":"https:\/\/jarekwasielewski.pl\/zwrzeszcza\/#\/schema\/person\/807e6ca1f9fadc1945bd9ac746422589"},"headline":"Plac Anny Walentynowicz, czyli skwerek zamiast kina","datePublished":"2015-07-01T17:49:37+00:00","dateModified":"2023-11-13T11:18:42+00:00","mainEntityOfPage":{"@id":"https:\/\/jarekwasielewski.pl\/zwrzeszcza\/2015\/07\/plac-anny-walentynowicz-czyli-skwerek-zamiast-kina\/"},"wordCount":1262,"commentCount":8,"publisher":{"@id":"https:\/\/jarekwasielewski.pl\/zwrzeszcza\/#\/schema\/person\/807e6ca1f9fadc1945bd9ac746422589"},"image":{"@id":"https:\/\/jarekwasielewski.pl\/zwrzeszcza\/2015\/07\/plac-anny-walentynowicz-czyli-skwerek-zamiast-kina\/#primaryimage"},"thumbnailUrl":"https:\/\/jarekwasielewski.pl\/zwrzeszcza\/wp-content\/uploads\/2015\/06\/wrzeszcz_gdm_pocztowka_3.jpg","articleSection":["Aktualno\u015bci","Po 1945","Wszystkie"],"inLanguage":"pl-PL","potentialAction":[{"@type":"CommentAction","name":"Comment","target":["https:\/\/jarekwasielewski.pl\/zwrzeszcza\/2015\/07\/plac-anny-walentynowicz-czyli-skwerek-zamiast-kina\/#respond"]}]},{"@type":"WebPage","@id":"https:\/\/jarekwasielewski.pl\/zwrzeszcza\/2015\/07\/plac-anny-walentynowicz-czyli-skwerek-zamiast-kina\/","url":"https:\/\/jarekwasielewski.pl\/zwrzeszcza\/2015\/07\/plac-anny-walentynowicz-czyli-skwerek-zamiast-kina\/","name":"Plac Anny Walentynowicz, czyli skwerek zamiast kina - Wrzeszcz Jarka Wasielewskiego","isPartOf":{"@id":"https:\/\/jarekwasielewski.pl\/zwrzeszcza\/#website"},"primaryImageOfPage":{"@id":"https:\/\/jarekwasielewski.pl\/zwrzeszcza\/2015\/07\/plac-anny-walentynowicz-czyli-skwerek-zamiast-kina\/#primaryimage"},"image":{"@id":"https:\/\/jarekwasielewski.pl\/zwrzeszcza\/2015\/07\/plac-anny-walentynowicz-czyli-skwerek-zamiast-kina\/#primaryimage"},"thumbnailUrl":"https:\/\/jarekwasielewski.pl\/zwrzeszcza\/wp-content\/uploads\/2015\/06\/wrzeszcz_gdm_pocztowka_3.jpg","datePublished":"2015-07-01T17:49:37+00:00","dateModified":"2023-11-13T11:18:42+00:00","breadcrumb":{"@id":"https:\/\/jarekwasielewski.pl\/zwrzeszcza\/2015\/07\/plac-anny-walentynowicz-czyli-skwerek-zamiast-kina\/#breadcrumb"},"inLanguage":"pl-PL","potentialAction":[{"@type":"ReadAction","target":["https:\/\/jarekwasielewski.pl\/zwrzeszcza\/2015\/07\/plac-anny-walentynowicz-czyli-skwerek-zamiast-kina\/"]}]},{"@type":"ImageObject","inLanguage":"pl-PL","@id":"https:\/\/jarekwasielewski.pl\/zwrzeszcza\/2015\/07\/plac-anny-walentynowicz-czyli-skwerek-zamiast-kina\/#primaryimage","url":"https:\/\/jarekwasielewski.pl\/zwrzeszcza\/wp-content\/uploads\/2015\/06\/wrzeszcz_gdm_pocztowka_3.jpg","contentUrl":"https:\/\/jarekwasielewski.pl\/zwrzeszcza\/wp-content\/uploads\/2015\/06\/wrzeszcz_gdm_pocztowka_3.jpg","width":1024,"height":708},{"@type":"BreadcrumbList","@id":"https:\/\/jarekwasielewski.pl\/zwrzeszcza\/2015\/07\/plac-anny-walentynowicz-czyli-skwerek-zamiast-kina\/#breadcrumb","itemListElement":[{"@type":"ListItem","position":1,"name":"Strona g\u0142\u00f3wna","item":"https:\/\/jarekwasielewski.pl\/zwrzeszcza\/"},{"@type":"ListItem","position":2,"name":"Plac Anny Walentynowicz, czyli skwerek zamiast kina"}]},{"@type":"WebSite","@id":"https:\/\/jarekwasielewski.pl\/zwrzeszcza\/#website","url":"https:\/\/jarekwasielewski.pl\/zwrzeszcza\/","name":"Wrzeszcza Jarka Wasielewskiego","description":"Blog Jarka Wasielewskiego o Wrzeszczu","publisher":{"@id":"https:\/\/jarekwasielewski.pl\/zwrzeszcza\/#\/schema\/person\/807e6ca1f9fadc1945bd9ac746422589"},"potentialAction":[{"@type":"SearchAction","target":{"@type":"EntryPoint","urlTemplate":"https:\/\/jarekwasielewski.pl\/zwrzeszcza\/?s={search_term_string}"},"query-input":{"@type":"PropertyValueSpecification","valueRequired":true,"valueName":"search_term_string"}}],"inLanguage":"pl-PL"},{"@type":["Person","Organization"],"@id":"https:\/\/jarekwasielewski.pl\/zwrzeszcza\/#\/schema\/person\/807e6ca1f9fadc1945bd9ac746422589","name":"Jarek Wasielewski","image":{"@type":"ImageObject","inLanguage":"pl-PL","@id":"http:\/\/jarekwasielewski.pl\/zwrzeszcza\/wp-content\/uploads\/2021\/09\/jw.png","url":"http:\/\/jarekwasielewski.pl\/zwrzeszcza\/wp-content\/uploads\/2021\/09\/jw.png","contentUrl":"http:\/\/jarekwasielewski.pl\/zwrzeszcza\/wp-content\/uploads\/2021\/09\/jw.png","width":715,"height":630,"caption":"Jarek Wasielewski"},"logo":{"@id":"http:\/\/jarekwasielewski.pl\/zwrzeszcza\/wp-content\/uploads\/2021\/09\/jw.png"},"sameAs":["http:\/\/jarekwasielewski.pl\/zwrzeszcza"]}]}},"_links":{"self":[{"href":"https:\/\/jarekwasielewski.pl\/zwrzeszcza\/wp-json\/wp\/v2\/posts\/2169","targetHints":{"allow":["GET"]}}],"collection":[{"href":"https:\/\/jarekwasielewski.pl\/zwrzeszcza\/wp-json\/wp\/v2\/posts"}],"about":[{"href":"https:\/\/jarekwasielewski.pl\/zwrzeszcza\/wp-json\/wp\/v2\/types\/post"}],"author":[{"embeddable":true,"href":"https:\/\/jarekwasielewski.pl\/zwrzeszcza\/wp-json\/wp\/v2\/users\/1"}],"replies":[{"embeddable":true,"href":"https:\/\/jarekwasielewski.pl\/zwrzeszcza\/wp-json\/wp\/v2\/comments?post=2169"}],"version-history":[{"count":1,"href":"https:\/\/jarekwasielewski.pl\/zwrzeszcza\/wp-json\/wp\/v2\/posts\/2169\/revisions"}],"predecessor-version":[{"id":5636,"href":"https:\/\/jarekwasielewski.pl\/zwrzeszcza\/wp-json\/wp\/v2\/posts\/2169\/revisions\/5636"}],"wp:featuredmedia":[{"embeddable":true,"href":"https:\/\/jarekwasielewski.pl\/zwrzeszcza\/wp-json\/wp\/v2\/media\/2198"}],"wp:attachment":[{"href":"https:\/\/jarekwasielewski.pl\/zwrzeszcza\/wp-json\/wp\/v2\/media?parent=2169"}],"wp:term":[{"taxonomy":"category","embeddable":true,"href":"https:\/\/jarekwasielewski.pl\/zwrzeszcza\/wp-json\/wp\/v2\/categories?post=2169"},{"taxonomy":"post_tag","embeddable":true,"href":"https:\/\/jarekwasielewski.pl\/zwrzeszcza\/wp-json\/wp\/v2\/tags?post=2169"}],"curies":[{"name":"wp","href":"https:\/\/api.w.org\/{rel}","templated":true}]}}