{"id":2120,"date":"2015-05-11T19:31:33","date_gmt":"2015-05-11T19:31:33","guid":{"rendered":"http:\/\/jarekwasielewski.pl\/zwrzeszcza\/?p=2120"},"modified":"2023-11-13T12:17:56","modified_gmt":"2023-11-13T11:17:56","slug":"ulica-wajdeloty-na-pocztowce-za-700-zl","status":"publish","type":"post","link":"https:\/\/jarekwasielewski.pl\/zwrzeszcza\/2015\/05\/ulica-wajdeloty-na-pocztowce-za-700-zl\/","title":{"rendered":"Ulica Wajdeloty na poczt\u00f3wce za 700 z\u0142!"},"content":{"rendered":"<p style=\"text-align: justify;\">Przed kilkunastoma minutami&nbsp;na niemieckim eBay&#8217;u zako\u0144czy\u0142a si\u0119 <a href=\"http:\/\/www.ebay.de\/itm\/Danzig-Langfuhr-Polen-Westpr-Marienstr-Bahnpost-1907-Top-Erhaltung-RRR-\/301616330215?pt=LH_DefaultDomain_77&amp;hash=item4639bbf5e7\" target=\"_blank\" rel=\"noopener\">licytacja bardzo rzadkiej i jednocze\u015bnie bardzo pi\u0119knej<\/a>&nbsp;<a href=\"http:\/\/www.ebay.de\/itm\/Danzig-Langfuhr-Polen-Westpr-Marienstr-Bahnpost-1907-Top-Erhaltung-RRR-\/301616330215?pt=LH_DefaultDomain_77&amp;hash=item4639bbf5e7\" target=\"_blank\" rel=\"noopener\">poczt\u00f3wki<\/a> z 1906 roku, przedstawiaj\u0105cej <em>Marienstrasse<\/em>, czyli ul. Wajdeloty:<\/p>\n<div id=\"attachment_2125\" style=\"width: 306px\" class=\"wp-caption aligncenter\"><a href=\"http:\/\/jarekwasielewski.pl\/zwrzeszcza\/wp-content\/uploads\/2015\/05\/langfuhr_marienstrasse_1906.jpg\"><img loading=\"lazy\" decoding=\"async\" aria-describedby=\"caption-attachment-2125\" class=\"size-medium wp-image-2125\" src=\"http:\/\/jarekwasielewski.pl\/zwrzeszcza\/wp-content\/uploads\/2015\/05\/langfuhr_marienstrasse_1906-300x189.jpg\" alt=\"(\u017ar\u00f3d\u0142o: eBay.de)\" width=\"300\" height=\"189\" srcset=\"https:\/\/jarekwasielewski.pl\/zwrzeszcza\/wp-content\/uploads\/2015\/05\/langfuhr_marienstrasse_1906-300x189.jpg 300w, https:\/\/jarekwasielewski.pl\/zwrzeszcza\/wp-content\/uploads\/2015\/05\/langfuhr_marienstrasse_1906.jpg 800w\" sizes=\"auto, (max-width: 300px) 100vw, 300px\" \/><\/a><p id=\"caption-attachment-2125\" class=\"wp-caption-text\">(\u017ar\u00f3d\u0142o: eBay.de)<\/p><\/div>\n<p style=\"text-align: justify;\"><strong>Widok\u00f3wka &#8222;posz\u0142a&#8221; za 168 euro!!! <\/strong><\/p>\n<p style=\"text-align: justify;\">Nabywcy gratuluj\u0119 &#8211; i podziwiam jego\/jej brawur\u0119&#8230; \ud83d\ude09<\/p>\n<p style=\"text-align: justify;\">Przy okazji przypominam inne cudo z tej ulicy: <em><a href=\"http:\/\/jarekwasielewski.pl\/zwrzeszcza\/2012\/12\/100-lat-temu-przy-marienstrasse-3\/\">100 lat temu przy Marienstrasse<\/a><\/em><\/p>\n","protected":false},"excerpt":{"rendered":"<p>Przed kilkunastoma minutami&nbsp;na niemieckim eBay&#8217;u zako\u0144czy\u0142a si\u0119 licytacja bardzo rzadkiej i jednocze\u015bnie bardzo pi\u0119knej&nbsp;poczt\u00f3wki z 1906 roku, przedstawiaj\u0105cej Marienstrasse, czyli ul. Wajdeloty: Widok\u00f3wka &#8222;posz\u0142a&#8221; za 168 euro!!! Nabywcy gratuluj\u0119 &#8211; i podziwiam jego\/jej brawur\u0119&#8230; \ud83d\ude09 Przy okazji przypominam inne cudo z tej ulicy: 100 lat temu przy Marienstrasse<\/p>\n","protected":false},"author":1,"featured_media":2125,"comment_status":"open","ping_status":"open","sticky":false,"template":"","format":"standard","meta":{"ngg_post_thumbnail":0,"footnotes":""},"categories":[3,18,7,8],"tags":[],"class_list":["post-2120","post","type-post","status-publish","format-standard","has-post-thumbnail","hentry","category-aktualnosci","category-pocztowki","category-przed-1945","category-wszystkie"],"yoast_head":"<!-- This site is optimized with the Yoast SEO plugin v27.3 - https:\/\/yoast.com\/product\/yoast-seo-wordpress\/ -->\n<title>Ulica Wajdeloty na poczt\u00f3wce za 700 z\u0142! - Wrzeszcz Jarka Wasielewskiego<\/title>\n<meta name=\"robots\" content=\"index, follow, max-snippet:-1, max-image-preview:large, max-video-preview:-1\" \/>\n<link rel=\"canonical\" href=\"https:\/\/jarekwasielewski.pl\/zwrzeszcza\/2015\/05\/ulica-wajdeloty-na-pocztowce-za-700-zl\/\" \/>\n<meta property=\"og:locale\" content=\"pl_PL\" \/>\n<meta property=\"og:type\" content=\"article\" \/>\n<meta property=\"og:title\" content=\"Ulica Wajdeloty na poczt\u00f3wce za 700 z\u0142! - Wrzeszcz Jarka Wasielewskiego\" \/>\n<meta property=\"og:description\" content=\"Przed kilkunastoma minutami&nbsp;na niemieckim eBay&#8217;u zako\u0144czy\u0142a si\u0119 licytacja bardzo rzadkiej i jednocze\u015bnie bardzo pi\u0119knej&nbsp;poczt\u00f3wki z 1906 roku, przedstawiaj\u0105cej Marienstrasse, czyli ul. Wajdeloty: Widok\u00f3wka &#8222;posz\u0142a&#8221; za 168 euro!!! Nabywcy gratuluj\u0119 &#8211; i podziwiam jego\/jej brawur\u0119&#8230; \ud83d\ude09 Przy okazji przypominam inne cudo z tej ulicy: 100 lat temu przy Marienstrasse\" \/>\n<meta property=\"og:url\" content=\"https:\/\/jarekwasielewski.pl\/zwrzeszcza\/2015\/05\/ulica-wajdeloty-na-pocztowce-za-700-zl\/\" \/>\n<meta property=\"og:site_name\" content=\"Wrzeszcz Jarka Wasielewskiego\" \/>\n<meta property=\"article:published_time\" content=\"2015-05-11T19:31:33+00:00\" \/>\n<meta property=\"article:modified_time\" content=\"2023-11-13T11:17:56+00:00\" \/>\n<meta property=\"og:image\" content=\"https:\/\/jarekwasielewski.pl\/zwrzeszcza\/wp-content\/uploads\/2015\/05\/langfuhr_marienstrasse_1906.jpg\" \/>\n\t<meta property=\"og:image:width\" content=\"800\" \/>\n\t<meta property=\"og:image:height\" content=\"503\" \/>\n\t<meta property=\"og:image:type\" content=\"image\/jpeg\" \/>\n<meta name=\"author\" content=\"Jarek Wasielewski\" \/>\n<meta name=\"twitter:card\" content=\"summary_large_image\" \/>\n<meta name=\"twitter:label1\" content=\"Napisane przez\" \/>\n\t<meta name=\"twitter:data1\" content=\"Jarek Wasielewski\" \/>\n\t<meta name=\"twitter:label2\" content=\"Szacowany czas czytania\" \/>\n\t<meta name=\"twitter:data2\" content=\"1 minuta\" \/>\n<script type=\"application\/ld+json\" class=\"yoast-schema-graph\">{\"@context\":\"https:\\\/\\\/schema.org\",\"@graph\":[{\"@type\":\"Article\",\"@id\":\"https:\\\/\\\/jarekwasielewski.pl\\\/zwrzeszcza\\\/2015\\\/05\\\/ulica-wajdeloty-na-pocztowce-za-700-zl\\\/#article\",\"isPartOf\":{\"@id\":\"https:\\\/\\\/jarekwasielewski.pl\\\/zwrzeszcza\\\/2015\\\/05\\\/ulica-wajdeloty-na-pocztowce-za-700-zl\\\/\"},\"author\":{\"name\":\"Jarek Wasielewski\",\"@id\":\"https:\\\/\\\/jarekwasielewski.pl\\\/zwrzeszcza\\\/#\\\/schema\\\/person\\\/807e6ca1f9fadc1945bd9ac746422589\"},\"headline\":\"Ulica Wajdeloty na poczt\u00f3wce za 700 z\u0142!\",\"datePublished\":\"2015-05-11T19:31:33+00:00\",\"dateModified\":\"2023-11-13T11:17:56+00:00\",\"mainEntityOfPage\":{\"@id\":\"https:\\\/\\\/jarekwasielewski.pl\\\/zwrzeszcza\\\/2015\\\/05\\\/ulica-wajdeloty-na-pocztowce-za-700-zl\\\/\"},\"wordCount\":77,\"commentCount\":1,\"publisher\":{\"@id\":\"https:\\\/\\\/jarekwasielewski.pl\\\/zwrzeszcza\\\/#\\\/schema\\\/person\\\/807e6ca1f9fadc1945bd9ac746422589\"},\"image\":{\"@id\":\"https:\\\/\\\/jarekwasielewski.pl\\\/zwrzeszcza\\\/2015\\\/05\\\/ulica-wajdeloty-na-pocztowce-za-700-zl\\\/#primaryimage\"},\"thumbnailUrl\":\"https:\\\/\\\/jarekwasielewski.pl\\\/zwrzeszcza\\\/wp-content\\\/uploads\\\/2015\\\/05\\\/langfuhr_marienstrasse_1906.jpg\",\"articleSection\":[\"Aktualno\u015bci\",\"Poczt\u00f3wki\",\"Przed 1945\",\"Wszystkie\"],\"inLanguage\":\"pl-PL\",\"potentialAction\":[{\"@type\":\"CommentAction\",\"name\":\"Comment\",\"target\":[\"https:\\\/\\\/jarekwasielewski.pl\\\/zwrzeszcza\\\/2015\\\/05\\\/ulica-wajdeloty-na-pocztowce-za-700-zl\\\/#respond\"]}]},{\"@type\":\"WebPage\",\"@id\":\"https:\\\/\\\/jarekwasielewski.pl\\\/zwrzeszcza\\\/2015\\\/05\\\/ulica-wajdeloty-na-pocztowce-za-700-zl\\\/\",\"url\":\"https:\\\/\\\/jarekwasielewski.pl\\\/zwrzeszcza\\\/2015\\\/05\\\/ulica-wajdeloty-na-pocztowce-za-700-zl\\\/\",\"name\":\"Ulica Wajdeloty na poczt\u00f3wce za 700 z\u0142! - Wrzeszcz Jarka Wasielewskiego\",\"isPartOf\":{\"@id\":\"https:\\\/\\\/jarekwasielewski.pl\\\/zwrzeszcza\\\/#website\"},\"primaryImageOfPage\":{\"@id\":\"https:\\\/\\\/jarekwasielewski.pl\\\/zwrzeszcza\\\/2015\\\/05\\\/ulica-wajdeloty-na-pocztowce-za-700-zl\\\/#primaryimage\"},\"image\":{\"@id\":\"https:\\\/\\\/jarekwasielewski.pl\\\/zwrzeszcza\\\/2015\\\/05\\\/ulica-wajdeloty-na-pocztowce-za-700-zl\\\/#primaryimage\"},\"thumbnailUrl\":\"https:\\\/\\\/jarekwasielewski.pl\\\/zwrzeszcza\\\/wp-content\\\/uploads\\\/2015\\\/05\\\/langfuhr_marienstrasse_1906.jpg\",\"datePublished\":\"2015-05-11T19:31:33+00:00\",\"dateModified\":\"2023-11-13T11:17:56+00:00\",\"breadcrumb\":{\"@id\":\"https:\\\/\\\/jarekwasielewski.pl\\\/zwrzeszcza\\\/2015\\\/05\\\/ulica-wajdeloty-na-pocztowce-za-700-zl\\\/#breadcrumb\"},\"inLanguage\":\"pl-PL\",\"potentialAction\":[{\"@type\":\"ReadAction\",\"target\":[\"https:\\\/\\\/jarekwasielewski.pl\\\/zwrzeszcza\\\/2015\\\/05\\\/ulica-wajdeloty-na-pocztowce-za-700-zl\\\/\"]}]},{\"@type\":\"ImageObject\",\"inLanguage\":\"pl-PL\",\"@id\":\"https:\\\/\\\/jarekwasielewski.pl\\\/zwrzeszcza\\\/2015\\\/05\\\/ulica-wajdeloty-na-pocztowce-za-700-zl\\\/#primaryimage\",\"url\":\"https:\\\/\\\/jarekwasielewski.pl\\\/zwrzeszcza\\\/wp-content\\\/uploads\\\/2015\\\/05\\\/langfuhr_marienstrasse_1906.jpg\",\"contentUrl\":\"https:\\\/\\\/jarekwasielewski.pl\\\/zwrzeszcza\\\/wp-content\\\/uploads\\\/2015\\\/05\\\/langfuhr_marienstrasse_1906.jpg\",\"width\":800,\"height\":503,\"caption\":\"(\u017ar\u00f3d\u0142o: eBay.de)\"},{\"@type\":\"BreadcrumbList\",\"@id\":\"https:\\\/\\\/jarekwasielewski.pl\\\/zwrzeszcza\\\/2015\\\/05\\\/ulica-wajdeloty-na-pocztowce-za-700-zl\\\/#breadcrumb\",\"itemListElement\":[{\"@type\":\"ListItem\",\"position\":1,\"name\":\"Strona g\u0142\u00f3wna\",\"item\":\"https:\\\/\\\/jarekwasielewski.pl\\\/zwrzeszcza\\\/\"},{\"@type\":\"ListItem\",\"position\":2,\"name\":\"Ulica Wajdeloty na poczt\u00f3wce za 700 z\u0142!\"}]},{\"@type\":\"WebSite\",\"@id\":\"https:\\\/\\\/jarekwasielewski.pl\\\/zwrzeszcza\\\/#website\",\"url\":\"https:\\\/\\\/jarekwasielewski.pl\\\/zwrzeszcza\\\/\",\"name\":\"Wrzeszcza Jarka Wasielewskiego\",\"description\":\"Blog Jarka Wasielewskiego o Wrzeszczu\",\"publisher\":{\"@id\":\"https:\\\/\\\/jarekwasielewski.pl\\\/zwrzeszcza\\\/#\\\/schema\\\/person\\\/807e6ca1f9fadc1945bd9ac746422589\"},\"potentialAction\":[{\"@type\":\"SearchAction\",\"target\":{\"@type\":\"EntryPoint\",\"urlTemplate\":\"https:\\\/\\\/jarekwasielewski.pl\\\/zwrzeszcza\\\/?s={search_term_string}\"},\"query-input\":{\"@type\":\"PropertyValueSpecification\",\"valueRequired\":true,\"valueName\":\"search_term_string\"}}],\"inLanguage\":\"pl-PL\"},{\"@type\":[\"Person\",\"Organization\"],\"@id\":\"https:\\\/\\\/jarekwasielewski.pl\\\/zwrzeszcza\\\/#\\\/schema\\\/person\\\/807e6ca1f9fadc1945bd9ac746422589\",\"name\":\"Jarek Wasielewski\",\"image\":{\"@type\":\"ImageObject\",\"inLanguage\":\"pl-PL\",\"@id\":\"http:\\\/\\\/jarekwasielewski.pl\\\/zwrzeszcza\\\/wp-content\\\/uploads\\\/2021\\\/09\\\/jw.png\",\"url\":\"http:\\\/\\\/jarekwasielewski.pl\\\/zwrzeszcza\\\/wp-content\\\/uploads\\\/2021\\\/09\\\/jw.png\",\"contentUrl\":\"http:\\\/\\\/jarekwasielewski.pl\\\/zwrzeszcza\\\/wp-content\\\/uploads\\\/2021\\\/09\\\/jw.png\",\"width\":715,\"height\":630,\"caption\":\"Jarek Wasielewski\"},\"logo\":{\"@id\":\"http:\\\/\\\/jarekwasielewski.pl\\\/zwrzeszcza\\\/wp-content\\\/uploads\\\/2021\\\/09\\\/jw.png\"},\"sameAs\":[\"http:\\\/\\\/jarekwasielewski.pl\\\/zwrzeszcza\"]}]}<\/script>\n<!-- \/ Yoast SEO plugin. -->","yoast_head_json":{"title":"Ulica Wajdeloty na poczt\u00f3wce za 700 z\u0142! - Wrzeszcz Jarka Wasielewskiego","robots":{"index":"index","follow":"follow","max-snippet":"max-snippet:-1","max-image-preview":"max-image-preview:large","max-video-preview":"max-video-preview:-1"},"canonical":"https:\/\/jarekwasielewski.pl\/zwrzeszcza\/2015\/05\/ulica-wajdeloty-na-pocztowce-za-700-zl\/","og_locale":"pl_PL","og_type":"article","og_title":"Ulica Wajdeloty na poczt\u00f3wce za 700 z\u0142! - Wrzeszcz Jarka Wasielewskiego","og_description":"Przed kilkunastoma minutami&nbsp;na niemieckim eBay&#8217;u zako\u0144czy\u0142a si\u0119 licytacja bardzo rzadkiej i jednocze\u015bnie bardzo pi\u0119knej&nbsp;poczt\u00f3wki z 1906 roku, przedstawiaj\u0105cej Marienstrasse, czyli ul. Wajdeloty: Widok\u00f3wka &#8222;posz\u0142a&#8221; za 168 euro!!! Nabywcy gratuluj\u0119 &#8211; i podziwiam jego\/jej brawur\u0119&#8230; \ud83d\ude09 Przy okazji przypominam inne cudo z tej ulicy: 100 lat temu przy Marienstrasse","og_url":"https:\/\/jarekwasielewski.pl\/zwrzeszcza\/2015\/05\/ulica-wajdeloty-na-pocztowce-za-700-zl\/","og_site_name":"Wrzeszcz Jarka Wasielewskiego","article_published_time":"2015-05-11T19:31:33+00:00","article_modified_time":"2023-11-13T11:17:56+00:00","og_image":[{"width":800,"height":503,"url":"https:\/\/jarekwasielewski.pl\/zwrzeszcza\/wp-content\/uploads\/2015\/05\/langfuhr_marienstrasse_1906.jpg","type":"image\/jpeg"}],"author":"Jarek Wasielewski","twitter_card":"summary_large_image","twitter_misc":{"Napisane przez":"Jarek Wasielewski","Szacowany czas czytania":"1 minuta"},"schema":{"@context":"https:\/\/schema.org","@graph":[{"@type":"Article","@id":"https:\/\/jarekwasielewski.pl\/zwrzeszcza\/2015\/05\/ulica-wajdeloty-na-pocztowce-za-700-zl\/#article","isPartOf":{"@id":"https:\/\/jarekwasielewski.pl\/zwrzeszcza\/2015\/05\/ulica-wajdeloty-na-pocztowce-za-700-zl\/"},"author":{"name":"Jarek Wasielewski","@id":"https:\/\/jarekwasielewski.pl\/zwrzeszcza\/#\/schema\/person\/807e6ca1f9fadc1945bd9ac746422589"},"headline":"Ulica Wajdeloty na poczt\u00f3wce za 700 z\u0142!","datePublished":"2015-05-11T19:31:33+00:00","dateModified":"2023-11-13T11:17:56+00:00","mainEntityOfPage":{"@id":"https:\/\/jarekwasielewski.pl\/zwrzeszcza\/2015\/05\/ulica-wajdeloty-na-pocztowce-za-700-zl\/"},"wordCount":77,"commentCount":1,"publisher":{"@id":"https:\/\/jarekwasielewski.pl\/zwrzeszcza\/#\/schema\/person\/807e6ca1f9fadc1945bd9ac746422589"},"image":{"@id":"https:\/\/jarekwasielewski.pl\/zwrzeszcza\/2015\/05\/ulica-wajdeloty-na-pocztowce-za-700-zl\/#primaryimage"},"thumbnailUrl":"https:\/\/jarekwasielewski.pl\/zwrzeszcza\/wp-content\/uploads\/2015\/05\/langfuhr_marienstrasse_1906.jpg","articleSection":["Aktualno\u015bci","Poczt\u00f3wki","Przed 1945","Wszystkie"],"inLanguage":"pl-PL","potentialAction":[{"@type":"CommentAction","name":"Comment","target":["https:\/\/jarekwasielewski.pl\/zwrzeszcza\/2015\/05\/ulica-wajdeloty-na-pocztowce-za-700-zl\/#respond"]}]},{"@type":"WebPage","@id":"https:\/\/jarekwasielewski.pl\/zwrzeszcza\/2015\/05\/ulica-wajdeloty-na-pocztowce-za-700-zl\/","url":"https:\/\/jarekwasielewski.pl\/zwrzeszcza\/2015\/05\/ulica-wajdeloty-na-pocztowce-za-700-zl\/","name":"Ulica Wajdeloty na poczt\u00f3wce za 700 z\u0142! - Wrzeszcz Jarka Wasielewskiego","isPartOf":{"@id":"https:\/\/jarekwasielewski.pl\/zwrzeszcza\/#website"},"primaryImageOfPage":{"@id":"https:\/\/jarekwasielewski.pl\/zwrzeszcza\/2015\/05\/ulica-wajdeloty-na-pocztowce-za-700-zl\/#primaryimage"},"image":{"@id":"https:\/\/jarekwasielewski.pl\/zwrzeszcza\/2015\/05\/ulica-wajdeloty-na-pocztowce-za-700-zl\/#primaryimage"},"thumbnailUrl":"https:\/\/jarekwasielewski.pl\/zwrzeszcza\/wp-content\/uploads\/2015\/05\/langfuhr_marienstrasse_1906.jpg","datePublished":"2015-05-11T19:31:33+00:00","dateModified":"2023-11-13T11:17:56+00:00","breadcrumb":{"@id":"https:\/\/jarekwasielewski.pl\/zwrzeszcza\/2015\/05\/ulica-wajdeloty-na-pocztowce-za-700-zl\/#breadcrumb"},"inLanguage":"pl-PL","potentialAction":[{"@type":"ReadAction","target":["https:\/\/jarekwasielewski.pl\/zwrzeszcza\/2015\/05\/ulica-wajdeloty-na-pocztowce-za-700-zl\/"]}]},{"@type":"ImageObject","inLanguage":"pl-PL","@id":"https:\/\/jarekwasielewski.pl\/zwrzeszcza\/2015\/05\/ulica-wajdeloty-na-pocztowce-za-700-zl\/#primaryimage","url":"https:\/\/jarekwasielewski.pl\/zwrzeszcza\/wp-content\/uploads\/2015\/05\/langfuhr_marienstrasse_1906.jpg","contentUrl":"https:\/\/jarekwasielewski.pl\/zwrzeszcza\/wp-content\/uploads\/2015\/05\/langfuhr_marienstrasse_1906.jpg","width":800,"height":503,"caption":"(\u017ar\u00f3d\u0142o: eBay.de)"},{"@type":"BreadcrumbList","@id":"https:\/\/jarekwasielewski.pl\/zwrzeszcza\/2015\/05\/ulica-wajdeloty-na-pocztowce-za-700-zl\/#breadcrumb","itemListElement":[{"@type":"ListItem","position":1,"name":"Strona g\u0142\u00f3wna","item":"https:\/\/jarekwasielewski.pl\/zwrzeszcza\/"},{"@type":"ListItem","position":2,"name":"Ulica Wajdeloty na poczt\u00f3wce za 700 z\u0142!"}]},{"@type":"WebSite","@id":"https:\/\/jarekwasielewski.pl\/zwrzeszcza\/#website","url":"https:\/\/jarekwasielewski.pl\/zwrzeszcza\/","name":"Wrzeszcza Jarka Wasielewskiego","description":"Blog Jarka Wasielewskiego o Wrzeszczu","publisher":{"@id":"https:\/\/jarekwasielewski.pl\/zwrzeszcza\/#\/schema\/person\/807e6ca1f9fadc1945bd9ac746422589"},"potentialAction":[{"@type":"SearchAction","target":{"@type":"EntryPoint","urlTemplate":"https:\/\/jarekwasielewski.pl\/zwrzeszcza\/?s={search_term_string}"},"query-input":{"@type":"PropertyValueSpecification","valueRequired":true,"valueName":"search_term_string"}}],"inLanguage":"pl-PL"},{"@type":["Person","Organization"],"@id":"https:\/\/jarekwasielewski.pl\/zwrzeszcza\/#\/schema\/person\/807e6ca1f9fadc1945bd9ac746422589","name":"Jarek Wasielewski","image":{"@type":"ImageObject","inLanguage":"pl-PL","@id":"http:\/\/jarekwasielewski.pl\/zwrzeszcza\/wp-content\/uploads\/2021\/09\/jw.png","url":"http:\/\/jarekwasielewski.pl\/zwrzeszcza\/wp-content\/uploads\/2021\/09\/jw.png","contentUrl":"http:\/\/jarekwasielewski.pl\/zwrzeszcza\/wp-content\/uploads\/2021\/09\/jw.png","width":715,"height":630,"caption":"Jarek Wasielewski"},"logo":{"@id":"http:\/\/jarekwasielewski.pl\/zwrzeszcza\/wp-content\/uploads\/2021\/09\/jw.png"},"sameAs":["http:\/\/jarekwasielewski.pl\/zwrzeszcza"]}]}},"_links":{"self":[{"href":"https:\/\/jarekwasielewski.pl\/zwrzeszcza\/wp-json\/wp\/v2\/posts\/2120","targetHints":{"allow":["GET"]}}],"collection":[{"href":"https:\/\/jarekwasielewski.pl\/zwrzeszcza\/wp-json\/wp\/v2\/posts"}],"about":[{"href":"https:\/\/jarekwasielewski.pl\/zwrzeszcza\/wp-json\/wp\/v2\/types\/post"}],"author":[{"embeddable":true,"href":"https:\/\/jarekwasielewski.pl\/zwrzeszcza\/wp-json\/wp\/v2\/users\/1"}],"replies":[{"embeddable":true,"href":"https:\/\/jarekwasielewski.pl\/zwrzeszcza\/wp-json\/wp\/v2\/comments?post=2120"}],"version-history":[{"count":2,"href":"https:\/\/jarekwasielewski.pl\/zwrzeszcza\/wp-json\/wp\/v2\/posts\/2120\/revisions"}],"predecessor-version":[{"id":5635,"href":"https:\/\/jarekwasielewski.pl\/zwrzeszcza\/wp-json\/wp\/v2\/posts\/2120\/revisions\/5635"}],"wp:featuredmedia":[{"embeddable":true,"href":"https:\/\/jarekwasielewski.pl\/zwrzeszcza\/wp-json\/wp\/v2\/media\/2125"}],"wp:attachment":[{"href":"https:\/\/jarekwasielewski.pl\/zwrzeszcza\/wp-json\/wp\/v2\/media?parent=2120"}],"wp:term":[{"taxonomy":"category","embeddable":true,"href":"https:\/\/jarekwasielewski.pl\/zwrzeszcza\/wp-json\/wp\/v2\/categories?post=2120"},{"taxonomy":"post_tag","embeddable":true,"href":"https:\/\/jarekwasielewski.pl\/zwrzeszcza\/wp-json\/wp\/v2\/tags?post=2120"}],"curies":[{"name":"wp","href":"https:\/\/api.w.org\/{rel}","templated":true}]}}