{"id":2096,"date":"2015-04-13T17:53:01","date_gmt":"2015-04-13T17:53:01","guid":{"rendered":"http:\/\/jarekwasielewski.pl\/zwrzeszcza\/?p=2096"},"modified":"2023-11-13T12:17:31","modified_gmt":"2023-11-13T11:17:31","slug":"gunter-grass-byl-z-wrzeszcza","status":"publish","type":"post","link":"https:\/\/jarekwasielewski.pl\/zwrzeszcza\/2015\/04\/gunter-grass-byl-z-wrzeszcza\/","title":{"rendered":"G\u00fcnter Grass by\u0142 z Wrzeszcza"},"content":{"rendered":"<p style=\"text-align: justify;\">Dzi\u015b rano w Lubece w wieku 87 lat zmar\u0142 pisarz G\u00fcnter Grass. Dla jednych to wiadomo\u015b\u0107 smutna, dla innych \u2013 oboj\u0119tna (a kto to by\u0142 ten Grass?). Jedni bezkrytycznie uwielbiaj\u0105 jego tw\u00f3rczo\u015b\u0107, inni \u2013 wieszaj\u0105 psy za epizod z Waffen-SS i rzekomo antyizraelski wiersz. Media prze\u015bcigaj\u0105 si\u0119 w cytowaniu Wikipedii i przypominaniu o literackim Noblu w 1999 roku, o trylogii gda\u0144skiej, o zas\u0142ugach pisarza dla dialogu polsko-niemieckiego. A ja tylko chcia\u0142em przypomnie\u0107 jedno: G\u00fcnter Grass by\u0142 z Wrzeszcza.<\/p>\n<p style=\"text-align: justify;\">Urodzi\u0142 si\u0119 w szpitalu przy <em>Schellm\u00fchlerweg<\/em> (ul. Kliniczna), pocz\u0105tkowo mieszka\u0142 z rodzicami przy <em>Kastanienweg<\/em> 5a (ul. Lendziona), nast\u0119pnie przy <em>Labesweg<\/em> 13 (ul. Lelewela). Chodzi\u0142 do ko\u015bcio\u0142a przy <em>Schwarzerweg<\/em> (ul. Zator-Przytockiego) i szk\u00f3\u0142 przy <em>Pestalozzistrasse<\/em> (ul. Pestalozziego) oraz&nbsp;<em>Kruzestrasse<\/em> (ul. Piramowicza).&nbsp;I nawet po \u201ewyprowadzce\u201d za Odr\u0119 Grass regularnie wraca\u0142 do Wrzeszcza, bo jednak czu\u0142, \u017ce jest tu u siebie. We Wrzeszczu rozgrywaj\u0105&nbsp;si\u0119 akcje jego powie\u015bci, m.in. gda\u0144skiej trylogii (<em>Blaszany b\u0119benek<\/em>, <em>Kot i mysz<\/em> oraz <em>Psie lata<\/em>).<\/p>\n<p style=\"text-align: justify;\">W sumie obcy facet, ale taki jakby troch\u0119 sw\u00f3j.<\/p>\n<p style=\"text-align: justify;\"><em>Ruhe in Frieden.<\/em><\/p>\n<div id=\"attachment_2101\" style=\"width: 720px\" class=\"wp-caption aligncenter\"><a href=\"http:\/\/jarekwasielewski.pl\/zwrzeszcza\/wp-content\/uploads\/2015\/04\/grass_gestorben_710_x_300_01.jpg\"><img loading=\"lazy\" decoding=\"async\" aria-describedby=\"caption-attachment-2101\" class=\"wp-image-2101 size-full\" src=\"http:\/\/jarekwasielewski.pl\/zwrzeszcza\/wp-content\/uploads\/2015\/04\/grass_gestorben_710_x_300_01.jpg\" alt=\"(\u017ar\u00f3d\u0142o: http:\/\/grass-haus.de\/)\" width=\"710\" height=\"300\" srcset=\"https:\/\/jarekwasielewski.pl\/zwrzeszcza\/wp-content\/uploads\/2015\/04\/grass_gestorben_710_x_300_01.jpg 710w, https:\/\/jarekwasielewski.pl\/zwrzeszcza\/wp-content\/uploads\/2015\/04\/grass_gestorben_710_x_300_01-300x127.jpg 300w\" sizes=\"auto, (max-width: 710px) 100vw, 710px\" \/><\/a><p id=\"caption-attachment-2101\" class=\"wp-caption-text\">(\u017ar\u00f3d\u0142o: http:\/\/grass-haus.de\/)<\/p><\/div>\n","protected":false},"excerpt":{"rendered":"<p>Dzi\u015b rano w Lubece w wieku 87 lat zmar\u0142 pisarz G\u00fcnter Grass. Dla jednych to wiadomo\u015b\u0107 smutna, dla innych \u2013 oboj\u0119tna (a kto to by\u0142 ten Grass?). Jedni bezkrytycznie uwielbiaj\u0105 jego tw\u00f3rczo\u015b\u0107, inni \u2013 wieszaj\u0105 psy za epizod z Waffen-SS i rzekomo antyizraelski wiersz. Media prze\u015bcigaj\u0105 si\u0119 w cytowaniu Wikipedii i przypominaniu o literackim Noblu&hellip;<\/p>\n","protected":false},"author":1,"featured_media":2097,"comment_status":"open","ping_status":"open","sticky":false,"template":"","format":"standard","meta":{"ngg_post_thumbnail":0,"footnotes":""},"categories":[3,8],"tags":[],"class_list":["post-2096","post","type-post","status-publish","format-standard","has-post-thumbnail","hentry","category-aktualnosci","category-wszystkie"],"yoast_head":"<!-- This site is optimized with the Yoast SEO plugin v27.3 - https:\/\/yoast.com\/product\/yoast-seo-wordpress\/ -->\n<title>G\u00fcnter Grass by\u0142 z Wrzeszcza - Wrzeszcz Jarka Wasielewskiego<\/title>\n<meta name=\"robots\" content=\"index, follow, max-snippet:-1, max-image-preview:large, max-video-preview:-1\" \/>\n<link rel=\"canonical\" href=\"https:\/\/jarekwasielewski.pl\/zwrzeszcza\/2015\/04\/gunter-grass-byl-z-wrzeszcza\/\" \/>\n<meta property=\"og:locale\" content=\"pl_PL\" \/>\n<meta property=\"og:type\" content=\"article\" \/>\n<meta property=\"og:title\" content=\"G\u00fcnter Grass by\u0142 z Wrzeszcza - Wrzeszcz Jarka Wasielewskiego\" \/>\n<meta property=\"og:description\" content=\"Dzi\u015b rano w Lubece w wieku 87 lat zmar\u0142 pisarz G\u00fcnter Grass. Dla jednych to wiadomo\u015b\u0107 smutna, dla innych \u2013 oboj\u0119tna (a kto to by\u0142 ten Grass?). Jedni bezkrytycznie uwielbiaj\u0105 jego tw\u00f3rczo\u015b\u0107, inni \u2013 wieszaj\u0105 psy za epizod z Waffen-SS i rzekomo antyizraelski wiersz. Media prze\u015bcigaj\u0105 si\u0119 w cytowaniu Wikipedii i przypominaniu o literackim Noblu&hellip;\" \/>\n<meta property=\"og:url\" content=\"https:\/\/jarekwasielewski.pl\/zwrzeszcza\/2015\/04\/gunter-grass-byl-z-wrzeszcza\/\" \/>\n<meta property=\"og:site_name\" content=\"Wrzeszcz Jarka Wasielewskiego\" \/>\n<meta property=\"article:published_time\" content=\"2015-04-13T17:53:01+00:00\" \/>\n<meta property=\"article:modified_time\" content=\"2023-11-13T11:17:31+00:00\" \/>\n<meta property=\"og:image\" content=\"https:\/\/jarekwasielewski.pl\/zwrzeszcza\/wp-content\/uploads\/2015\/04\/grass_gestorben_710_x_300_0.jpg\" \/>\n\t<meta property=\"og:image:width\" content=\"710\" \/>\n\t<meta property=\"og:image:height\" content=\"300\" \/>\n\t<meta property=\"og:image:type\" content=\"image\/jpeg\" \/>\n<meta name=\"author\" content=\"Jarek Wasielewski\" \/>\n<meta name=\"twitter:card\" content=\"summary_large_image\" \/>\n<meta name=\"twitter:label1\" content=\"Napisane przez\" \/>\n\t<meta name=\"twitter:data1\" content=\"Jarek Wasielewski\" \/>\n\t<meta name=\"twitter:label2\" content=\"Szacowany czas czytania\" \/>\n\t<meta name=\"twitter:data2\" content=\"2 minuty\" \/>\n<script type=\"application\/ld+json\" class=\"yoast-schema-graph\">{\"@context\":\"https:\\\/\\\/schema.org\",\"@graph\":[{\"@type\":\"Article\",\"@id\":\"https:\\\/\\\/jarekwasielewski.pl\\\/zwrzeszcza\\\/2015\\\/04\\\/gunter-grass-byl-z-wrzeszcza\\\/#article\",\"isPartOf\":{\"@id\":\"https:\\\/\\\/jarekwasielewski.pl\\\/zwrzeszcza\\\/2015\\\/04\\\/gunter-grass-byl-z-wrzeszcza\\\/\"},\"author\":{\"name\":\"Jarek Wasielewski\",\"@id\":\"https:\\\/\\\/jarekwasielewski.pl\\\/zwrzeszcza\\\/#\\\/schema\\\/person\\\/807e6ca1f9fadc1945bd9ac746422589\"},\"headline\":\"G\u00fcnter Grass by\u0142 z Wrzeszcza\",\"datePublished\":\"2015-04-13T17:53:01+00:00\",\"dateModified\":\"2023-11-13T11:17:31+00:00\",\"mainEntityOfPage\":{\"@id\":\"https:\\\/\\\/jarekwasielewski.pl\\\/zwrzeszcza\\\/2015\\\/04\\\/gunter-grass-byl-z-wrzeszcza\\\/\"},\"wordCount\":202,\"commentCount\":0,\"publisher\":{\"@id\":\"https:\\\/\\\/jarekwasielewski.pl\\\/zwrzeszcza\\\/#\\\/schema\\\/person\\\/807e6ca1f9fadc1945bd9ac746422589\"},\"image\":{\"@id\":\"https:\\\/\\\/jarekwasielewski.pl\\\/zwrzeszcza\\\/2015\\\/04\\\/gunter-grass-byl-z-wrzeszcza\\\/#primaryimage\"},\"thumbnailUrl\":\"https:\\\/\\\/jarekwasielewski.pl\\\/zwrzeszcza\\\/wp-content\\\/uploads\\\/2015\\\/04\\\/grass_gestorben_710_x_300_0.jpg\",\"articleSection\":[\"Aktualno\u015bci\",\"Wszystkie\"],\"inLanguage\":\"pl-PL\",\"potentialAction\":[{\"@type\":\"CommentAction\",\"name\":\"Comment\",\"target\":[\"https:\\\/\\\/jarekwasielewski.pl\\\/zwrzeszcza\\\/2015\\\/04\\\/gunter-grass-byl-z-wrzeszcza\\\/#respond\"]}]},{\"@type\":\"WebPage\",\"@id\":\"https:\\\/\\\/jarekwasielewski.pl\\\/zwrzeszcza\\\/2015\\\/04\\\/gunter-grass-byl-z-wrzeszcza\\\/\",\"url\":\"https:\\\/\\\/jarekwasielewski.pl\\\/zwrzeszcza\\\/2015\\\/04\\\/gunter-grass-byl-z-wrzeszcza\\\/\",\"name\":\"G\u00fcnter Grass by\u0142 z Wrzeszcza - Wrzeszcz Jarka Wasielewskiego\",\"isPartOf\":{\"@id\":\"https:\\\/\\\/jarekwasielewski.pl\\\/zwrzeszcza\\\/#website\"},\"primaryImageOfPage\":{\"@id\":\"https:\\\/\\\/jarekwasielewski.pl\\\/zwrzeszcza\\\/2015\\\/04\\\/gunter-grass-byl-z-wrzeszcza\\\/#primaryimage\"},\"image\":{\"@id\":\"https:\\\/\\\/jarekwasielewski.pl\\\/zwrzeszcza\\\/2015\\\/04\\\/gunter-grass-byl-z-wrzeszcza\\\/#primaryimage\"},\"thumbnailUrl\":\"https:\\\/\\\/jarekwasielewski.pl\\\/zwrzeszcza\\\/wp-content\\\/uploads\\\/2015\\\/04\\\/grass_gestorben_710_x_300_0.jpg\",\"datePublished\":\"2015-04-13T17:53:01+00:00\",\"dateModified\":\"2023-11-13T11:17:31+00:00\",\"breadcrumb\":{\"@id\":\"https:\\\/\\\/jarekwasielewski.pl\\\/zwrzeszcza\\\/2015\\\/04\\\/gunter-grass-byl-z-wrzeszcza\\\/#breadcrumb\"},\"inLanguage\":\"pl-PL\",\"potentialAction\":[{\"@type\":\"ReadAction\",\"target\":[\"https:\\\/\\\/jarekwasielewski.pl\\\/zwrzeszcza\\\/2015\\\/04\\\/gunter-grass-byl-z-wrzeszcza\\\/\"]}]},{\"@type\":\"ImageObject\",\"inLanguage\":\"pl-PL\",\"@id\":\"https:\\\/\\\/jarekwasielewski.pl\\\/zwrzeszcza\\\/2015\\\/04\\\/gunter-grass-byl-z-wrzeszcza\\\/#primaryimage\",\"url\":\"https:\\\/\\\/jarekwasielewski.pl\\\/zwrzeszcza\\\/wp-content\\\/uploads\\\/2015\\\/04\\\/grass_gestorben_710_x_300_0.jpg\",\"contentUrl\":\"https:\\\/\\\/jarekwasielewski.pl\\\/zwrzeszcza\\\/wp-content\\\/uploads\\\/2015\\\/04\\\/grass_gestorben_710_x_300_0.jpg\",\"width\":710,\"height\":300},{\"@type\":\"BreadcrumbList\",\"@id\":\"https:\\\/\\\/jarekwasielewski.pl\\\/zwrzeszcza\\\/2015\\\/04\\\/gunter-grass-byl-z-wrzeszcza\\\/#breadcrumb\",\"itemListElement\":[{\"@type\":\"ListItem\",\"position\":1,\"name\":\"Strona g\u0142\u00f3wna\",\"item\":\"https:\\\/\\\/jarekwasielewski.pl\\\/zwrzeszcza\\\/\"},{\"@type\":\"ListItem\",\"position\":2,\"name\":\"G\u00fcnter Grass by\u0142 z Wrzeszcza\"}]},{\"@type\":\"WebSite\",\"@id\":\"https:\\\/\\\/jarekwasielewski.pl\\\/zwrzeszcza\\\/#website\",\"url\":\"https:\\\/\\\/jarekwasielewski.pl\\\/zwrzeszcza\\\/\",\"name\":\"Wrzeszcza Jarka Wasielewskiego\",\"description\":\"Blog Jarka Wasielewskiego o Wrzeszczu\",\"publisher\":{\"@id\":\"https:\\\/\\\/jarekwasielewski.pl\\\/zwrzeszcza\\\/#\\\/schema\\\/person\\\/807e6ca1f9fadc1945bd9ac746422589\"},\"potentialAction\":[{\"@type\":\"SearchAction\",\"target\":{\"@type\":\"EntryPoint\",\"urlTemplate\":\"https:\\\/\\\/jarekwasielewski.pl\\\/zwrzeszcza\\\/?s={search_term_string}\"},\"query-input\":{\"@type\":\"PropertyValueSpecification\",\"valueRequired\":true,\"valueName\":\"search_term_string\"}}],\"inLanguage\":\"pl-PL\"},{\"@type\":[\"Person\",\"Organization\"],\"@id\":\"https:\\\/\\\/jarekwasielewski.pl\\\/zwrzeszcza\\\/#\\\/schema\\\/person\\\/807e6ca1f9fadc1945bd9ac746422589\",\"name\":\"Jarek Wasielewski\",\"image\":{\"@type\":\"ImageObject\",\"inLanguage\":\"pl-PL\",\"@id\":\"http:\\\/\\\/jarekwasielewski.pl\\\/zwrzeszcza\\\/wp-content\\\/uploads\\\/2021\\\/09\\\/jw.png\",\"url\":\"http:\\\/\\\/jarekwasielewski.pl\\\/zwrzeszcza\\\/wp-content\\\/uploads\\\/2021\\\/09\\\/jw.png\",\"contentUrl\":\"http:\\\/\\\/jarekwasielewski.pl\\\/zwrzeszcza\\\/wp-content\\\/uploads\\\/2021\\\/09\\\/jw.png\",\"width\":715,\"height\":630,\"caption\":\"Jarek Wasielewski\"},\"logo\":{\"@id\":\"http:\\\/\\\/jarekwasielewski.pl\\\/zwrzeszcza\\\/wp-content\\\/uploads\\\/2021\\\/09\\\/jw.png\"},\"sameAs\":[\"http:\\\/\\\/jarekwasielewski.pl\\\/zwrzeszcza\"]}]}<\/script>\n<!-- \/ Yoast SEO plugin. -->","yoast_head_json":{"title":"G\u00fcnter Grass by\u0142 z Wrzeszcza - Wrzeszcz Jarka Wasielewskiego","robots":{"index":"index","follow":"follow","max-snippet":"max-snippet:-1","max-image-preview":"max-image-preview:large","max-video-preview":"max-video-preview:-1"},"canonical":"https:\/\/jarekwasielewski.pl\/zwrzeszcza\/2015\/04\/gunter-grass-byl-z-wrzeszcza\/","og_locale":"pl_PL","og_type":"article","og_title":"G\u00fcnter Grass by\u0142 z Wrzeszcza - Wrzeszcz Jarka Wasielewskiego","og_description":"Dzi\u015b rano w Lubece w wieku 87 lat zmar\u0142 pisarz G\u00fcnter Grass. Dla jednych to wiadomo\u015b\u0107 smutna, dla innych \u2013 oboj\u0119tna (a kto to by\u0142 ten Grass?). Jedni bezkrytycznie uwielbiaj\u0105 jego tw\u00f3rczo\u015b\u0107, inni \u2013 wieszaj\u0105 psy za epizod z Waffen-SS i rzekomo antyizraelski wiersz. Media prze\u015bcigaj\u0105 si\u0119 w cytowaniu Wikipedii i przypominaniu o literackim Noblu&hellip;","og_url":"https:\/\/jarekwasielewski.pl\/zwrzeszcza\/2015\/04\/gunter-grass-byl-z-wrzeszcza\/","og_site_name":"Wrzeszcz Jarka Wasielewskiego","article_published_time":"2015-04-13T17:53:01+00:00","article_modified_time":"2023-11-13T11:17:31+00:00","og_image":[{"width":710,"height":300,"url":"https:\/\/jarekwasielewski.pl\/zwrzeszcza\/wp-content\/uploads\/2015\/04\/grass_gestorben_710_x_300_0.jpg","type":"image\/jpeg"}],"author":"Jarek Wasielewski","twitter_card":"summary_large_image","twitter_misc":{"Napisane przez":"Jarek Wasielewski","Szacowany czas czytania":"2 minuty"},"schema":{"@context":"https:\/\/schema.org","@graph":[{"@type":"Article","@id":"https:\/\/jarekwasielewski.pl\/zwrzeszcza\/2015\/04\/gunter-grass-byl-z-wrzeszcza\/#article","isPartOf":{"@id":"https:\/\/jarekwasielewski.pl\/zwrzeszcza\/2015\/04\/gunter-grass-byl-z-wrzeszcza\/"},"author":{"name":"Jarek Wasielewski","@id":"https:\/\/jarekwasielewski.pl\/zwrzeszcza\/#\/schema\/person\/807e6ca1f9fadc1945bd9ac746422589"},"headline":"G\u00fcnter Grass by\u0142 z Wrzeszcza","datePublished":"2015-04-13T17:53:01+00:00","dateModified":"2023-11-13T11:17:31+00:00","mainEntityOfPage":{"@id":"https:\/\/jarekwasielewski.pl\/zwrzeszcza\/2015\/04\/gunter-grass-byl-z-wrzeszcza\/"},"wordCount":202,"commentCount":0,"publisher":{"@id":"https:\/\/jarekwasielewski.pl\/zwrzeszcza\/#\/schema\/person\/807e6ca1f9fadc1945bd9ac746422589"},"image":{"@id":"https:\/\/jarekwasielewski.pl\/zwrzeszcza\/2015\/04\/gunter-grass-byl-z-wrzeszcza\/#primaryimage"},"thumbnailUrl":"https:\/\/jarekwasielewski.pl\/zwrzeszcza\/wp-content\/uploads\/2015\/04\/grass_gestorben_710_x_300_0.jpg","articleSection":["Aktualno\u015bci","Wszystkie"],"inLanguage":"pl-PL","potentialAction":[{"@type":"CommentAction","name":"Comment","target":["https:\/\/jarekwasielewski.pl\/zwrzeszcza\/2015\/04\/gunter-grass-byl-z-wrzeszcza\/#respond"]}]},{"@type":"WebPage","@id":"https:\/\/jarekwasielewski.pl\/zwrzeszcza\/2015\/04\/gunter-grass-byl-z-wrzeszcza\/","url":"https:\/\/jarekwasielewski.pl\/zwrzeszcza\/2015\/04\/gunter-grass-byl-z-wrzeszcza\/","name":"G\u00fcnter Grass by\u0142 z Wrzeszcza - Wrzeszcz Jarka Wasielewskiego","isPartOf":{"@id":"https:\/\/jarekwasielewski.pl\/zwrzeszcza\/#website"},"primaryImageOfPage":{"@id":"https:\/\/jarekwasielewski.pl\/zwrzeszcza\/2015\/04\/gunter-grass-byl-z-wrzeszcza\/#primaryimage"},"image":{"@id":"https:\/\/jarekwasielewski.pl\/zwrzeszcza\/2015\/04\/gunter-grass-byl-z-wrzeszcza\/#primaryimage"},"thumbnailUrl":"https:\/\/jarekwasielewski.pl\/zwrzeszcza\/wp-content\/uploads\/2015\/04\/grass_gestorben_710_x_300_0.jpg","datePublished":"2015-04-13T17:53:01+00:00","dateModified":"2023-11-13T11:17:31+00:00","breadcrumb":{"@id":"https:\/\/jarekwasielewski.pl\/zwrzeszcza\/2015\/04\/gunter-grass-byl-z-wrzeszcza\/#breadcrumb"},"inLanguage":"pl-PL","potentialAction":[{"@type":"ReadAction","target":["https:\/\/jarekwasielewski.pl\/zwrzeszcza\/2015\/04\/gunter-grass-byl-z-wrzeszcza\/"]}]},{"@type":"ImageObject","inLanguage":"pl-PL","@id":"https:\/\/jarekwasielewski.pl\/zwrzeszcza\/2015\/04\/gunter-grass-byl-z-wrzeszcza\/#primaryimage","url":"https:\/\/jarekwasielewski.pl\/zwrzeszcza\/wp-content\/uploads\/2015\/04\/grass_gestorben_710_x_300_0.jpg","contentUrl":"https:\/\/jarekwasielewski.pl\/zwrzeszcza\/wp-content\/uploads\/2015\/04\/grass_gestorben_710_x_300_0.jpg","width":710,"height":300},{"@type":"BreadcrumbList","@id":"https:\/\/jarekwasielewski.pl\/zwrzeszcza\/2015\/04\/gunter-grass-byl-z-wrzeszcza\/#breadcrumb","itemListElement":[{"@type":"ListItem","position":1,"name":"Strona g\u0142\u00f3wna","item":"https:\/\/jarekwasielewski.pl\/zwrzeszcza\/"},{"@type":"ListItem","position":2,"name":"G\u00fcnter Grass by\u0142 z Wrzeszcza"}]},{"@type":"WebSite","@id":"https:\/\/jarekwasielewski.pl\/zwrzeszcza\/#website","url":"https:\/\/jarekwasielewski.pl\/zwrzeszcza\/","name":"Wrzeszcza Jarka Wasielewskiego","description":"Blog Jarka Wasielewskiego o Wrzeszczu","publisher":{"@id":"https:\/\/jarekwasielewski.pl\/zwrzeszcza\/#\/schema\/person\/807e6ca1f9fadc1945bd9ac746422589"},"potentialAction":[{"@type":"SearchAction","target":{"@type":"EntryPoint","urlTemplate":"https:\/\/jarekwasielewski.pl\/zwrzeszcza\/?s={search_term_string}"},"query-input":{"@type":"PropertyValueSpecification","valueRequired":true,"valueName":"search_term_string"}}],"inLanguage":"pl-PL"},{"@type":["Person","Organization"],"@id":"https:\/\/jarekwasielewski.pl\/zwrzeszcza\/#\/schema\/person\/807e6ca1f9fadc1945bd9ac746422589","name":"Jarek Wasielewski","image":{"@type":"ImageObject","inLanguage":"pl-PL","@id":"http:\/\/jarekwasielewski.pl\/zwrzeszcza\/wp-content\/uploads\/2021\/09\/jw.png","url":"http:\/\/jarekwasielewski.pl\/zwrzeszcza\/wp-content\/uploads\/2021\/09\/jw.png","contentUrl":"http:\/\/jarekwasielewski.pl\/zwrzeszcza\/wp-content\/uploads\/2021\/09\/jw.png","width":715,"height":630,"caption":"Jarek Wasielewski"},"logo":{"@id":"http:\/\/jarekwasielewski.pl\/zwrzeszcza\/wp-content\/uploads\/2021\/09\/jw.png"},"sameAs":["http:\/\/jarekwasielewski.pl\/zwrzeszcza"]}]}},"_links":{"self":[{"href":"https:\/\/jarekwasielewski.pl\/zwrzeszcza\/wp-json\/wp\/v2\/posts\/2096","targetHints":{"allow":["GET"]}}],"collection":[{"href":"https:\/\/jarekwasielewski.pl\/zwrzeszcza\/wp-json\/wp\/v2\/posts"}],"about":[{"href":"https:\/\/jarekwasielewski.pl\/zwrzeszcza\/wp-json\/wp\/v2\/types\/post"}],"author":[{"embeddable":true,"href":"https:\/\/jarekwasielewski.pl\/zwrzeszcza\/wp-json\/wp\/v2\/users\/1"}],"replies":[{"embeddable":true,"href":"https:\/\/jarekwasielewski.pl\/zwrzeszcza\/wp-json\/wp\/v2\/comments?post=2096"}],"version-history":[{"count":1,"href":"https:\/\/jarekwasielewski.pl\/zwrzeszcza\/wp-json\/wp\/v2\/posts\/2096\/revisions"}],"predecessor-version":[{"id":5634,"href":"https:\/\/jarekwasielewski.pl\/zwrzeszcza\/wp-json\/wp\/v2\/posts\/2096\/revisions\/5634"}],"wp:featuredmedia":[{"embeddable":true,"href":"https:\/\/jarekwasielewski.pl\/zwrzeszcza\/wp-json\/wp\/v2\/media\/2097"}],"wp:attachment":[{"href":"https:\/\/jarekwasielewski.pl\/zwrzeszcza\/wp-json\/wp\/v2\/media?parent=2096"}],"wp:term":[{"taxonomy":"category","embeddable":true,"href":"https:\/\/jarekwasielewski.pl\/zwrzeszcza\/wp-json\/wp\/v2\/categories?post=2096"},{"taxonomy":"post_tag","embeddable":true,"href":"https:\/\/jarekwasielewski.pl\/zwrzeszcza\/wp-json\/wp\/v2\/tags?post=2096"}],"curies":[{"name":"wp","href":"https:\/\/api.w.org\/{rel}","templated":true}]}}