{"id":2073,"date":"2015-03-29T15:56:16","date_gmt":"2015-03-29T15:56:16","guid":{"rendered":"http:\/\/jarekwasielewski.pl\/zwrzeszcza\/?p=2073"},"modified":"2023-11-13T12:17:08","modified_gmt":"2023-11-13T11:17:08","slug":"pocztowkowe-cymelia-na-niemieckim-ebayu","status":"publish","type":"post","link":"https:\/\/jarekwasielewski.pl\/zwrzeszcza\/2015\/03\/pocztowkowe-cymelia-na-niemieckim-ebayu\/","title":{"rendered":"Poczt\u00f3wkowe cymelia na niemieckim eBay&#8217;u"},"content":{"rendered":"<p style=\"text-align: justify;\">Portal aukcyjny eBay chyba nigdy nie przestanie mnie zaskakiwa\u0107. Raz na kilka miesi\u0119cy pojawiaj\u0105 si\u0119 na nim poczt\u00f3wki, od kt\u00f3rych spadaj\u0105 mi skarpetki. Co prawda nie zawsze czyni\u0105 to z takim szelestem, jak w przypadku&nbsp;<a href=\"http:\/\/jarekwasielewski.pl\/zwrzeszcza\/2013\/03\/wrzeszczanskie-dworce-kolejowe\/\" target=\"_blank\" rel=\"noopener\">wrzeszcza\u0144skiego dworca kolejowego<\/a>, ale na to, co pojawi\u0142o si\u0119 tam&nbsp;ostatnio, nie mog\u0119 narzeka\u0107.<\/p>\n<p style=\"text-align: justify;\">Ot\u00f3\u017c za kilka godzin&nbsp;zako\u0144czy si\u0119 <a href=\"http:\/\/www.ebay.de\/itm\/Langfuhr-Danzig-Baumbach-Allee-s-w-Ansichtskarte-ungebraucht-um-1910%20-\/221721771554?pt=LH_DefaultDomain_77&amp;hash=item339fa5be22\" target=\"_blank\" rel=\"noopener\">aukcja&nbsp;<\/a><a href=\"http:\/\/www.ebay.de\/itm\/Langfuhr-Danzig-Baumbach-Allee-s-w-Ansichtskarte-ungebraucht-um-1910%20-\/221721771554?pt=LH_DefaultDomain_77&amp;hash=item339fa5be22\" target=\"_blank\" rel=\"noopener\">poczt\u00f3wki<\/a> przedstawiaj\u0105cej <em>Baumbach Allee<\/em>, czyli dzisiejsz\u0105 ul. Konopnickiej. Co jest w niej&nbsp;niezwyk\u0142ego? Uj\u0119cie. \u017badna ze znanych mi poczt\u00f3wek&nbsp;nie pokazuje tego fragmentu zabudowy a\u017c tak&nbsp;wyra\u017anie:<\/p>\n<p style=\"text-align: justify;\"><a href=\"http:\/\/jarekwasielewski.pl\/zwrzeszcza\/wp-content\/uploads\/2015\/03\/langfuhr_baumbach_allee-1910.jpg\"><img loading=\"lazy\" decoding=\"async\" class=\"aligncenter size-medium wp-image-2075\" src=\"http:\/\/jarekwasielewski.pl\/zwrzeszcza\/wp-content\/uploads\/2015\/03\/langfuhr_baumbach_allee-1910-300x190.jpg\" alt=\"langfuhr_baumbach_allee 1910\" width=\"300\" height=\"190\" srcset=\"https:\/\/jarekwasielewski.pl\/zwrzeszcza\/wp-content\/uploads\/2015\/03\/langfuhr_baumbach_allee-1910-300x190.jpg 300w, https:\/\/jarekwasielewski.pl\/zwrzeszcza\/wp-content\/uploads\/2015\/03\/langfuhr_baumbach_allee-1910.jpg 700w\" sizes=\"auto, (max-width: 300px) 100vw, 300px\" \/><\/a>Zabudowa na pierwszym planie zosta\u0142a zniszczona w 1945 roku, obecnie stoi tu blok z lat 50.&nbsp;Zachowa\u0142y si\u0119 za to kamienice widoczne w g\u0142\u0119bi, cho\u0107 w znacz\u0105co przebudowanej formie (mie\u015bci si\u0119 tam m.in. sklep Paragraf 22).<\/p>\n<p style=\"text-align: justify;\">O wiele bardziej zaskoczy\u0142a mnie jednak&nbsp;ko\u0144cz\u0105ca si\u0119 za kilka dni <a href=\"http:\/\/www.ebay.de\/itm\/AK-Danzig-Langfuhr-Kriegerdenkmal-\/221725682883?%20pt=LH_DefaultDomain_77&amp;hash=item339fe16cc3\" target=\"_blank\" rel=\"noopener\">aukcja poczt\u00f3wki<\/a> przedstawiaj\u0105cej pomnik stoj\u0105cy do 1945 roku w Parku Uphagena:<\/p>\n<p style=\"text-align: justify;\"><a href=\"http:\/\/jarekwasielewski.pl\/zwrzeszcza\/wp-content\/uploads\/2015\/03\/langfuhr_uphagen_park_kriegerdenkmal.jpg\"><img loading=\"lazy\" decoding=\"async\" class=\"aligncenter size-medium wp-image-2077\" src=\"http:\/\/jarekwasielewski.pl\/zwrzeszcza\/wp-content\/uploads\/2015\/03\/langfuhr_uphagen_park_kriegerdenkmal-300x188.jpg\" alt=\"langfuhr_uphagen_park_kriegerdenkmal\" width=\"300\" height=\"188\" srcset=\"https:\/\/jarekwasielewski.pl\/zwrzeszcza\/wp-content\/uploads\/2015\/03\/langfuhr_uphagen_park_kriegerdenkmal-300x188.jpg 300w, https:\/\/jarekwasielewski.pl\/zwrzeszcza\/wp-content\/uploads\/2015\/03\/langfuhr_uphagen_park_kriegerdenkmal.jpg 700w\" sizes=\"auto, (max-width: 300px) 100vw, 300px\" \/><\/a><\/p>\n<p style=\"text-align: justify;\">Jego wygl\u0105d zna\u0142em co prawda z innej widok\u00f3wki, ale zupe\u0142nie si\u0119 nie spodziewa\u0142em, \u017ce wydano tak\u017ce widok z bliska! Takiego bliska, \u017ce bez problemu mo\u017cna odczyta\u0107 napis:&nbsp;<em>Den Helden 1914\u20131918,&nbsp;<\/em>czyli <em>Bohaterom (lat) 1914-1918<\/em>. Ods\u0142oni\u0119ty w 1927 roku pomnik po\u015bwi\u0119cony by\u0142 przede wszystkim 1020 \u017co\u0142nierzom poleg\u0142ym na frontach Wielkiej Wojny, kt\u00f3rzy stacjonowali uprzednio we Wrzeszczu.<\/p>\n<p style=\"text-align: justify;\">Ciekaw jestem, za ile &#8222;p\u00f3jd\u0105&#8221; obie poczt\u00f3wki &#8211; dotychczasowe do\u015bwiadczenie uczy, \u017ce mo\u017cna spodziewa\u0107 si\u0119 cen kosmicznych&#8230;<\/p>\n<p style=\"text-align: justify;\">O historii&nbsp;miejsc widocznych na powy\u017cszych poczt\u00f3wkach mo\u017cecie przeczyta\u0107 w albumie&nbsp;<em><a href=\"http:\/\/maszoperia.org\/nowosci\/437-wrzeszcz-na-dawnej-pocztowce-spacer-pierwszy-9788363709686.html\" target=\"_blank\" rel=\"noopener\">Wrzeszcz na dawnej poczt\u00f3wce<\/a><\/em>, kt\u00f3rego jestem wsp\u00f3\u0142autorem (strony odpowiednio: 100-105 oraz 136-139).<\/p>\n","protected":false},"excerpt":{"rendered":"<p>Portal aukcyjny eBay chyba nigdy nie przestanie mnie zaskakiwa\u0107. Raz na kilka miesi\u0119cy pojawiaj\u0105 si\u0119 na nim poczt\u00f3wki, od kt\u00f3rych spadaj\u0105 mi skarpetki. Co prawda nie zawsze czyni\u0105 to z takim szelestem, jak w przypadku&nbsp;wrzeszcza\u0144skiego dworca kolejowego, ale na to, co pojawi\u0142o si\u0119 tam&nbsp;ostatnio, nie mog\u0119 narzeka\u0107. Ot\u00f3\u017c za kilka godzin&nbsp;zako\u0144czy si\u0119 aukcja&nbsp;poczt\u00f3wki przedstawiaj\u0105cej Baumbach&hellip;<\/p>\n","protected":false},"author":1,"featured_media":2077,"comment_status":"open","ping_status":"open","sticky":false,"template":"","format":"standard","meta":{"ngg_post_thumbnail":0,"footnotes":""},"categories":[3,18,7,8],"tags":[],"class_list":["post-2073","post","type-post","status-publish","format-standard","has-post-thumbnail","hentry","category-aktualnosci","category-pocztowki","category-przed-1945","category-wszystkie"],"yoast_head":"<!-- This site is optimized with the Yoast SEO plugin v27.3 - https:\/\/yoast.com\/product\/yoast-seo-wordpress\/ -->\n<title>Poczt\u00f3wkowe cymelia na niemieckim eBay&#039;u - Wrzeszcz Jarka Wasielewskiego<\/title>\n<meta name=\"robots\" content=\"index, follow, max-snippet:-1, max-image-preview:large, max-video-preview:-1\" \/>\n<link rel=\"canonical\" href=\"https:\/\/jarekwasielewski.pl\/zwrzeszcza\/2015\/03\/pocztowkowe-cymelia-na-niemieckim-ebayu\/\" \/>\n<meta property=\"og:locale\" content=\"pl_PL\" \/>\n<meta property=\"og:type\" content=\"article\" \/>\n<meta property=\"og:title\" content=\"Poczt\u00f3wkowe cymelia na niemieckim eBay&#039;u - Wrzeszcz Jarka Wasielewskiego\" \/>\n<meta property=\"og:description\" content=\"Portal aukcyjny eBay chyba nigdy nie przestanie mnie zaskakiwa\u0107. Raz na kilka miesi\u0119cy pojawiaj\u0105 si\u0119 na nim poczt\u00f3wki, od kt\u00f3rych spadaj\u0105 mi skarpetki. Co prawda nie zawsze czyni\u0105 to z takim szelestem, jak w przypadku&nbsp;wrzeszcza\u0144skiego dworca kolejowego, ale na to, co pojawi\u0142o si\u0119 tam&nbsp;ostatnio, nie mog\u0119 narzeka\u0107. Ot\u00f3\u017c za kilka godzin&nbsp;zako\u0144czy si\u0119 aukcja&nbsp;poczt\u00f3wki przedstawiaj\u0105cej Baumbach&hellip;\" \/>\n<meta property=\"og:url\" content=\"https:\/\/jarekwasielewski.pl\/zwrzeszcza\/2015\/03\/pocztowkowe-cymelia-na-niemieckim-ebayu\/\" \/>\n<meta property=\"og:site_name\" content=\"Wrzeszcz Jarka Wasielewskiego\" \/>\n<meta property=\"article:published_time\" content=\"2015-03-29T15:56:16+00:00\" \/>\n<meta property=\"article:modified_time\" content=\"2023-11-13T11:17:08+00:00\" \/>\n<meta property=\"og:image\" content=\"https:\/\/jarekwasielewski.pl\/zwrzeszcza\/wp-content\/uploads\/2015\/03\/langfuhr_uphagen_park_kriegerdenkmal.jpg\" \/>\n\t<meta property=\"og:image:width\" content=\"700\" \/>\n\t<meta property=\"og:image:height\" content=\"439\" \/>\n\t<meta property=\"og:image:type\" content=\"image\/jpeg\" \/>\n<meta name=\"author\" content=\"Jarek Wasielewski\" \/>\n<meta name=\"twitter:card\" content=\"summary_large_image\" \/>\n<meta name=\"twitter:label1\" content=\"Napisane przez\" \/>\n\t<meta name=\"twitter:data1\" content=\"Jarek Wasielewski\" \/>\n\t<meta name=\"twitter:label2\" content=\"Szacowany czas czytania\" \/>\n\t<meta name=\"twitter:data2\" content=\"2 minuty\" \/>\n<script type=\"application\/ld+json\" class=\"yoast-schema-graph\">{\"@context\":\"https:\\\/\\\/schema.org\",\"@graph\":[{\"@type\":\"Article\",\"@id\":\"https:\\\/\\\/jarekwasielewski.pl\\\/zwrzeszcza\\\/2015\\\/03\\\/pocztowkowe-cymelia-na-niemieckim-ebayu\\\/#article\",\"isPartOf\":{\"@id\":\"https:\\\/\\\/jarekwasielewski.pl\\\/zwrzeszcza\\\/2015\\\/03\\\/pocztowkowe-cymelia-na-niemieckim-ebayu\\\/\"},\"author\":{\"name\":\"Jarek Wasielewski\",\"@id\":\"https:\\\/\\\/jarekwasielewski.pl\\\/zwrzeszcza\\\/#\\\/schema\\\/person\\\/807e6ca1f9fadc1945bd9ac746422589\"},\"headline\":\"Poczt\u00f3wkowe cymelia na niemieckim eBay&#8217;u\",\"datePublished\":\"2015-03-29T15:56:16+00:00\",\"dateModified\":\"2023-11-13T11:17:08+00:00\",\"mainEntityOfPage\":{\"@id\":\"https:\\\/\\\/jarekwasielewski.pl\\\/zwrzeszcza\\\/2015\\\/03\\\/pocztowkowe-cymelia-na-niemieckim-ebayu\\\/\"},\"wordCount\":297,\"commentCount\":2,\"publisher\":{\"@id\":\"https:\\\/\\\/jarekwasielewski.pl\\\/zwrzeszcza\\\/#\\\/schema\\\/person\\\/807e6ca1f9fadc1945bd9ac746422589\"},\"image\":{\"@id\":\"https:\\\/\\\/jarekwasielewski.pl\\\/zwrzeszcza\\\/2015\\\/03\\\/pocztowkowe-cymelia-na-niemieckim-ebayu\\\/#primaryimage\"},\"thumbnailUrl\":\"https:\\\/\\\/jarekwasielewski.pl\\\/zwrzeszcza\\\/wp-content\\\/uploads\\\/2015\\\/03\\\/langfuhr_uphagen_park_kriegerdenkmal.jpg\",\"articleSection\":[\"Aktualno\u015bci\",\"Poczt\u00f3wki\",\"Przed 1945\",\"Wszystkie\"],\"inLanguage\":\"pl-PL\",\"potentialAction\":[{\"@type\":\"CommentAction\",\"name\":\"Comment\",\"target\":[\"https:\\\/\\\/jarekwasielewski.pl\\\/zwrzeszcza\\\/2015\\\/03\\\/pocztowkowe-cymelia-na-niemieckim-ebayu\\\/#respond\"]}]},{\"@type\":\"WebPage\",\"@id\":\"https:\\\/\\\/jarekwasielewski.pl\\\/zwrzeszcza\\\/2015\\\/03\\\/pocztowkowe-cymelia-na-niemieckim-ebayu\\\/\",\"url\":\"https:\\\/\\\/jarekwasielewski.pl\\\/zwrzeszcza\\\/2015\\\/03\\\/pocztowkowe-cymelia-na-niemieckim-ebayu\\\/\",\"name\":\"Poczt\u00f3wkowe cymelia na niemieckim eBay'u - Wrzeszcz Jarka Wasielewskiego\",\"isPartOf\":{\"@id\":\"https:\\\/\\\/jarekwasielewski.pl\\\/zwrzeszcza\\\/#website\"},\"primaryImageOfPage\":{\"@id\":\"https:\\\/\\\/jarekwasielewski.pl\\\/zwrzeszcza\\\/2015\\\/03\\\/pocztowkowe-cymelia-na-niemieckim-ebayu\\\/#primaryimage\"},\"image\":{\"@id\":\"https:\\\/\\\/jarekwasielewski.pl\\\/zwrzeszcza\\\/2015\\\/03\\\/pocztowkowe-cymelia-na-niemieckim-ebayu\\\/#primaryimage\"},\"thumbnailUrl\":\"https:\\\/\\\/jarekwasielewski.pl\\\/zwrzeszcza\\\/wp-content\\\/uploads\\\/2015\\\/03\\\/langfuhr_uphagen_park_kriegerdenkmal.jpg\",\"datePublished\":\"2015-03-29T15:56:16+00:00\",\"dateModified\":\"2023-11-13T11:17:08+00:00\",\"breadcrumb\":{\"@id\":\"https:\\\/\\\/jarekwasielewski.pl\\\/zwrzeszcza\\\/2015\\\/03\\\/pocztowkowe-cymelia-na-niemieckim-ebayu\\\/#breadcrumb\"},\"inLanguage\":\"pl-PL\",\"potentialAction\":[{\"@type\":\"ReadAction\",\"target\":[\"https:\\\/\\\/jarekwasielewski.pl\\\/zwrzeszcza\\\/2015\\\/03\\\/pocztowkowe-cymelia-na-niemieckim-ebayu\\\/\"]}]},{\"@type\":\"ImageObject\",\"inLanguage\":\"pl-PL\",\"@id\":\"https:\\\/\\\/jarekwasielewski.pl\\\/zwrzeszcza\\\/2015\\\/03\\\/pocztowkowe-cymelia-na-niemieckim-ebayu\\\/#primaryimage\",\"url\":\"https:\\\/\\\/jarekwasielewski.pl\\\/zwrzeszcza\\\/wp-content\\\/uploads\\\/2015\\\/03\\\/langfuhr_uphagen_park_kriegerdenkmal.jpg\",\"contentUrl\":\"https:\\\/\\\/jarekwasielewski.pl\\\/zwrzeszcza\\\/wp-content\\\/uploads\\\/2015\\\/03\\\/langfuhr_uphagen_park_kriegerdenkmal.jpg\",\"width\":700,\"height\":439},{\"@type\":\"BreadcrumbList\",\"@id\":\"https:\\\/\\\/jarekwasielewski.pl\\\/zwrzeszcza\\\/2015\\\/03\\\/pocztowkowe-cymelia-na-niemieckim-ebayu\\\/#breadcrumb\",\"itemListElement\":[{\"@type\":\"ListItem\",\"position\":1,\"name\":\"Strona g\u0142\u00f3wna\",\"item\":\"https:\\\/\\\/jarekwasielewski.pl\\\/zwrzeszcza\\\/\"},{\"@type\":\"ListItem\",\"position\":2,\"name\":\"Poczt\u00f3wkowe cymelia na niemieckim eBay&#8217;u\"}]},{\"@type\":\"WebSite\",\"@id\":\"https:\\\/\\\/jarekwasielewski.pl\\\/zwrzeszcza\\\/#website\",\"url\":\"https:\\\/\\\/jarekwasielewski.pl\\\/zwrzeszcza\\\/\",\"name\":\"Wrzeszcza Jarka Wasielewskiego\",\"description\":\"Blog Jarka Wasielewskiego o Wrzeszczu\",\"publisher\":{\"@id\":\"https:\\\/\\\/jarekwasielewski.pl\\\/zwrzeszcza\\\/#\\\/schema\\\/person\\\/807e6ca1f9fadc1945bd9ac746422589\"},\"potentialAction\":[{\"@type\":\"SearchAction\",\"target\":{\"@type\":\"EntryPoint\",\"urlTemplate\":\"https:\\\/\\\/jarekwasielewski.pl\\\/zwrzeszcza\\\/?s={search_term_string}\"},\"query-input\":{\"@type\":\"PropertyValueSpecification\",\"valueRequired\":true,\"valueName\":\"search_term_string\"}}],\"inLanguage\":\"pl-PL\"},{\"@type\":[\"Person\",\"Organization\"],\"@id\":\"https:\\\/\\\/jarekwasielewski.pl\\\/zwrzeszcza\\\/#\\\/schema\\\/person\\\/807e6ca1f9fadc1945bd9ac746422589\",\"name\":\"Jarek Wasielewski\",\"image\":{\"@type\":\"ImageObject\",\"inLanguage\":\"pl-PL\",\"@id\":\"http:\\\/\\\/jarekwasielewski.pl\\\/zwrzeszcza\\\/wp-content\\\/uploads\\\/2021\\\/09\\\/jw.png\",\"url\":\"http:\\\/\\\/jarekwasielewski.pl\\\/zwrzeszcza\\\/wp-content\\\/uploads\\\/2021\\\/09\\\/jw.png\",\"contentUrl\":\"http:\\\/\\\/jarekwasielewski.pl\\\/zwrzeszcza\\\/wp-content\\\/uploads\\\/2021\\\/09\\\/jw.png\",\"width\":715,\"height\":630,\"caption\":\"Jarek Wasielewski\"},\"logo\":{\"@id\":\"http:\\\/\\\/jarekwasielewski.pl\\\/zwrzeszcza\\\/wp-content\\\/uploads\\\/2021\\\/09\\\/jw.png\"},\"sameAs\":[\"http:\\\/\\\/jarekwasielewski.pl\\\/zwrzeszcza\"]}]}<\/script>\n<!-- \/ Yoast SEO plugin. -->","yoast_head_json":{"title":"Poczt\u00f3wkowe cymelia na niemieckim eBay'u - Wrzeszcz Jarka Wasielewskiego","robots":{"index":"index","follow":"follow","max-snippet":"max-snippet:-1","max-image-preview":"max-image-preview:large","max-video-preview":"max-video-preview:-1"},"canonical":"https:\/\/jarekwasielewski.pl\/zwrzeszcza\/2015\/03\/pocztowkowe-cymelia-na-niemieckim-ebayu\/","og_locale":"pl_PL","og_type":"article","og_title":"Poczt\u00f3wkowe cymelia na niemieckim eBay'u - Wrzeszcz Jarka Wasielewskiego","og_description":"Portal aukcyjny eBay chyba nigdy nie przestanie mnie zaskakiwa\u0107. Raz na kilka miesi\u0119cy pojawiaj\u0105 si\u0119 na nim poczt\u00f3wki, od kt\u00f3rych spadaj\u0105 mi skarpetki. Co prawda nie zawsze czyni\u0105 to z takim szelestem, jak w przypadku&nbsp;wrzeszcza\u0144skiego dworca kolejowego, ale na to, co pojawi\u0142o si\u0119 tam&nbsp;ostatnio, nie mog\u0119 narzeka\u0107. Ot\u00f3\u017c za kilka godzin&nbsp;zako\u0144czy si\u0119 aukcja&nbsp;poczt\u00f3wki przedstawiaj\u0105cej Baumbach&hellip;","og_url":"https:\/\/jarekwasielewski.pl\/zwrzeszcza\/2015\/03\/pocztowkowe-cymelia-na-niemieckim-ebayu\/","og_site_name":"Wrzeszcz Jarka Wasielewskiego","article_published_time":"2015-03-29T15:56:16+00:00","article_modified_time":"2023-11-13T11:17:08+00:00","og_image":[{"width":700,"height":439,"url":"https:\/\/jarekwasielewski.pl\/zwrzeszcza\/wp-content\/uploads\/2015\/03\/langfuhr_uphagen_park_kriegerdenkmal.jpg","type":"image\/jpeg"}],"author":"Jarek Wasielewski","twitter_card":"summary_large_image","twitter_misc":{"Napisane przez":"Jarek Wasielewski","Szacowany czas czytania":"2 minuty"},"schema":{"@context":"https:\/\/schema.org","@graph":[{"@type":"Article","@id":"https:\/\/jarekwasielewski.pl\/zwrzeszcza\/2015\/03\/pocztowkowe-cymelia-na-niemieckim-ebayu\/#article","isPartOf":{"@id":"https:\/\/jarekwasielewski.pl\/zwrzeszcza\/2015\/03\/pocztowkowe-cymelia-na-niemieckim-ebayu\/"},"author":{"name":"Jarek Wasielewski","@id":"https:\/\/jarekwasielewski.pl\/zwrzeszcza\/#\/schema\/person\/807e6ca1f9fadc1945bd9ac746422589"},"headline":"Poczt\u00f3wkowe cymelia na niemieckim eBay&#8217;u","datePublished":"2015-03-29T15:56:16+00:00","dateModified":"2023-11-13T11:17:08+00:00","mainEntityOfPage":{"@id":"https:\/\/jarekwasielewski.pl\/zwrzeszcza\/2015\/03\/pocztowkowe-cymelia-na-niemieckim-ebayu\/"},"wordCount":297,"commentCount":2,"publisher":{"@id":"https:\/\/jarekwasielewski.pl\/zwrzeszcza\/#\/schema\/person\/807e6ca1f9fadc1945bd9ac746422589"},"image":{"@id":"https:\/\/jarekwasielewski.pl\/zwrzeszcza\/2015\/03\/pocztowkowe-cymelia-na-niemieckim-ebayu\/#primaryimage"},"thumbnailUrl":"https:\/\/jarekwasielewski.pl\/zwrzeszcza\/wp-content\/uploads\/2015\/03\/langfuhr_uphagen_park_kriegerdenkmal.jpg","articleSection":["Aktualno\u015bci","Poczt\u00f3wki","Przed 1945","Wszystkie"],"inLanguage":"pl-PL","potentialAction":[{"@type":"CommentAction","name":"Comment","target":["https:\/\/jarekwasielewski.pl\/zwrzeszcza\/2015\/03\/pocztowkowe-cymelia-na-niemieckim-ebayu\/#respond"]}]},{"@type":"WebPage","@id":"https:\/\/jarekwasielewski.pl\/zwrzeszcza\/2015\/03\/pocztowkowe-cymelia-na-niemieckim-ebayu\/","url":"https:\/\/jarekwasielewski.pl\/zwrzeszcza\/2015\/03\/pocztowkowe-cymelia-na-niemieckim-ebayu\/","name":"Poczt\u00f3wkowe cymelia na niemieckim eBay'u - Wrzeszcz Jarka Wasielewskiego","isPartOf":{"@id":"https:\/\/jarekwasielewski.pl\/zwrzeszcza\/#website"},"primaryImageOfPage":{"@id":"https:\/\/jarekwasielewski.pl\/zwrzeszcza\/2015\/03\/pocztowkowe-cymelia-na-niemieckim-ebayu\/#primaryimage"},"image":{"@id":"https:\/\/jarekwasielewski.pl\/zwrzeszcza\/2015\/03\/pocztowkowe-cymelia-na-niemieckim-ebayu\/#primaryimage"},"thumbnailUrl":"https:\/\/jarekwasielewski.pl\/zwrzeszcza\/wp-content\/uploads\/2015\/03\/langfuhr_uphagen_park_kriegerdenkmal.jpg","datePublished":"2015-03-29T15:56:16+00:00","dateModified":"2023-11-13T11:17:08+00:00","breadcrumb":{"@id":"https:\/\/jarekwasielewski.pl\/zwrzeszcza\/2015\/03\/pocztowkowe-cymelia-na-niemieckim-ebayu\/#breadcrumb"},"inLanguage":"pl-PL","potentialAction":[{"@type":"ReadAction","target":["https:\/\/jarekwasielewski.pl\/zwrzeszcza\/2015\/03\/pocztowkowe-cymelia-na-niemieckim-ebayu\/"]}]},{"@type":"ImageObject","inLanguage":"pl-PL","@id":"https:\/\/jarekwasielewski.pl\/zwrzeszcza\/2015\/03\/pocztowkowe-cymelia-na-niemieckim-ebayu\/#primaryimage","url":"https:\/\/jarekwasielewski.pl\/zwrzeszcza\/wp-content\/uploads\/2015\/03\/langfuhr_uphagen_park_kriegerdenkmal.jpg","contentUrl":"https:\/\/jarekwasielewski.pl\/zwrzeszcza\/wp-content\/uploads\/2015\/03\/langfuhr_uphagen_park_kriegerdenkmal.jpg","width":700,"height":439},{"@type":"BreadcrumbList","@id":"https:\/\/jarekwasielewski.pl\/zwrzeszcza\/2015\/03\/pocztowkowe-cymelia-na-niemieckim-ebayu\/#breadcrumb","itemListElement":[{"@type":"ListItem","position":1,"name":"Strona g\u0142\u00f3wna","item":"https:\/\/jarekwasielewski.pl\/zwrzeszcza\/"},{"@type":"ListItem","position":2,"name":"Poczt\u00f3wkowe cymelia na niemieckim eBay&#8217;u"}]},{"@type":"WebSite","@id":"https:\/\/jarekwasielewski.pl\/zwrzeszcza\/#website","url":"https:\/\/jarekwasielewski.pl\/zwrzeszcza\/","name":"Wrzeszcza Jarka Wasielewskiego","description":"Blog Jarka Wasielewskiego o Wrzeszczu","publisher":{"@id":"https:\/\/jarekwasielewski.pl\/zwrzeszcza\/#\/schema\/person\/807e6ca1f9fadc1945bd9ac746422589"},"potentialAction":[{"@type":"SearchAction","target":{"@type":"EntryPoint","urlTemplate":"https:\/\/jarekwasielewski.pl\/zwrzeszcza\/?s={search_term_string}"},"query-input":{"@type":"PropertyValueSpecification","valueRequired":true,"valueName":"search_term_string"}}],"inLanguage":"pl-PL"},{"@type":["Person","Organization"],"@id":"https:\/\/jarekwasielewski.pl\/zwrzeszcza\/#\/schema\/person\/807e6ca1f9fadc1945bd9ac746422589","name":"Jarek Wasielewski","image":{"@type":"ImageObject","inLanguage":"pl-PL","@id":"http:\/\/jarekwasielewski.pl\/zwrzeszcza\/wp-content\/uploads\/2021\/09\/jw.png","url":"http:\/\/jarekwasielewski.pl\/zwrzeszcza\/wp-content\/uploads\/2021\/09\/jw.png","contentUrl":"http:\/\/jarekwasielewski.pl\/zwrzeszcza\/wp-content\/uploads\/2021\/09\/jw.png","width":715,"height":630,"caption":"Jarek Wasielewski"},"logo":{"@id":"http:\/\/jarekwasielewski.pl\/zwrzeszcza\/wp-content\/uploads\/2021\/09\/jw.png"},"sameAs":["http:\/\/jarekwasielewski.pl\/zwrzeszcza"]}]}},"_links":{"self":[{"href":"https:\/\/jarekwasielewski.pl\/zwrzeszcza\/wp-json\/wp\/v2\/posts\/2073","targetHints":{"allow":["GET"]}}],"collection":[{"href":"https:\/\/jarekwasielewski.pl\/zwrzeszcza\/wp-json\/wp\/v2\/posts"}],"about":[{"href":"https:\/\/jarekwasielewski.pl\/zwrzeszcza\/wp-json\/wp\/v2\/types\/post"}],"author":[{"embeddable":true,"href":"https:\/\/jarekwasielewski.pl\/zwrzeszcza\/wp-json\/wp\/v2\/users\/1"}],"replies":[{"embeddable":true,"href":"https:\/\/jarekwasielewski.pl\/zwrzeszcza\/wp-json\/wp\/v2\/comments?post=2073"}],"version-history":[{"count":2,"href":"https:\/\/jarekwasielewski.pl\/zwrzeszcza\/wp-json\/wp\/v2\/posts\/2073\/revisions"}],"predecessor-version":[{"id":5633,"href":"https:\/\/jarekwasielewski.pl\/zwrzeszcza\/wp-json\/wp\/v2\/posts\/2073\/revisions\/5633"}],"wp:featuredmedia":[{"embeddable":true,"href":"https:\/\/jarekwasielewski.pl\/zwrzeszcza\/wp-json\/wp\/v2\/media\/2077"}],"wp:attachment":[{"href":"https:\/\/jarekwasielewski.pl\/zwrzeszcza\/wp-json\/wp\/v2\/media?parent=2073"}],"wp:term":[{"taxonomy":"category","embeddable":true,"href":"https:\/\/jarekwasielewski.pl\/zwrzeszcza\/wp-json\/wp\/v2\/categories?post=2073"},{"taxonomy":"post_tag","embeddable":true,"href":"https:\/\/jarekwasielewski.pl\/zwrzeszcza\/wp-json\/wp\/v2\/tags?post=2073"}],"curies":[{"name":"wp","href":"https:\/\/api.w.org\/{rel}","templated":true}]}}