{"id":1716,"date":"2015-02-03T15:41:57","date_gmt":"2015-02-03T15:41:57","guid":{"rendered":"http:\/\/jarekwasielewski.pl\/zwrzeszcza\/?p=1716"},"modified":"2023-11-13T12:16:07","modified_gmt":"2023-11-13T11:16:07","slug":"pochwala-burzenia-czyli-brawo-pkp","status":"publish","type":"post","link":"https:\/\/jarekwasielewski.pl\/zwrzeszcza\/2015\/02\/pochwala-burzenia-czyli-brawo-pkp\/","title":{"rendered":"Pochwa\u0142a burzenia czyli brawo PKP"},"content":{"rendered":"<p style=\"text-align: justify;\"><a href=\"http:\/\/www.trojmiasto.pl\/wiadomosci\/Kolejarze-chca-rozebrac-nastawnie-we-Wrzeszczu-n87291.html\" target=\"_blank\" rel=\"noopener\">Portal Tr\u00f3jmiasto.pl donosi, \u017ce kolejarze chc\u0105 rozebra\u0107 zabytkow\u0105 nastawni\u0119 bramow\u0105 we Wrzeszczu<\/a>. No nareszcie kto\u015b powiedzia\u0142 to g\u0142o\u015bno \u2013 brawo! Rozebra\u0107! Na choler\u0119 nam to dziadostwo?! Jest stare, w sraczkowatym kolorze, do tego obsrane przez ptaki, straszy tylko, zagra\u017ca poci\u0105gom i robi im niepotrzebny smutny cie\u0144. Wyburzy\u0107, rozebra\u0107!<\/p>\n<p style=\"text-align: justify;\"><a href=\"http:\/\/jarekwasielewski.pl\/zwrzeszcza\/wp-content\/uploads\/2015\/02\/wrzeszcz_nastawnia_bramowa_1.jpg\"><img loading=\"lazy\" decoding=\"async\" class=\"aligncenter size-medium wp-image-1720\" src=\"http:\/\/jarekwasielewski.pl\/zwrzeszcza\/wp-content\/uploads\/2015\/02\/wrzeszcz_nastawnia_bramowa_1-300x197.jpg\" alt=\"wrzeszcz_nastawnia_bramowa_1\" width=\"300\" height=\"197\" srcset=\"https:\/\/jarekwasielewski.pl\/zwrzeszcza\/wp-content\/uploads\/2015\/02\/wrzeszcz_nastawnia_bramowa_1-300x197.jpg 300w, https:\/\/jarekwasielewski.pl\/zwrzeszcza\/wp-content\/uploads\/2015\/02\/wrzeszcz_nastawnia_bramowa_1.jpg 800w\" sizes=\"auto, (max-width: 300px) 100vw, 300px\" \/><\/a> <a href=\"http:\/\/jarekwasielewski.pl\/zwrzeszcza\/wp-content\/uploads\/2015\/02\/wrzeszcz_nastawnia_bramowa_2.jpg\"><img loading=\"lazy\" decoding=\"async\" class=\"aligncenter size-medium wp-image-1721\" src=\"http:\/\/jarekwasielewski.pl\/zwrzeszcza\/wp-content\/uploads\/2015\/02\/wrzeszcz_nastawnia_bramowa_2-300x200.jpg\" alt=\"wrzeszcz_nastawnia_bramowa_2\" width=\"300\" height=\"200\" srcset=\"https:\/\/jarekwasielewski.pl\/zwrzeszcza\/wp-content\/uploads\/2015\/02\/wrzeszcz_nastawnia_bramowa_2-300x200.jpg 300w, https:\/\/jarekwasielewski.pl\/zwrzeszcza\/wp-content\/uploads\/2015\/02\/wrzeszcz_nastawnia_bramowa_2.jpg 800w\" sizes=\"auto, (max-width: 300px) 100vw, 300px\" \/><\/a>Kto to widzia\u0142 p\u0142aka\u0107 nad takimi ruderami? Prawdziwym zabytkiem jest barokowy ko\u015bci\u00f3\u0142 albo \u015bredniowieczny zamek, a nie jakie\u015b tam hale, d\u017awigi, mosty czy nastawnie. Zreszt\u0105 PKP nie jest od ochrony zabytk\u00f3w. Nie po to przez \u0107wier\u0107 wieku doprowadza\u0142 co\u015b do ruiny, \u017ceby teraz to remontowa\u0107. Kto to widzia\u0142, takie marnotrawstwo pieni\u0119dzy? Przecie\u017c s\u0105 pilniejsze wydatki, ot, chocia\u017cby <a href=\"http:\/\/natemat.pl\/117985,gigantyczna-premia-dla-nowej-minister-infrastruktury-dostanie-od-pkp-pol-miliona-zlotych\" target=\"_blank\" rel=\"noopener\">odprawy dla prezes\u00f3w<\/a>!<\/p>\n<p style=\"text-align: justify;\">Od ochrony zabytk\u00f3w jest konserwator zabytk\u00f3w oraz Ministerstwo Kultury i Dziedzictwa Narodowego. Tylko jakie tam z tej nastawni bramowej nasze dziedzictwo narodowe? Niemcy Niemcom postawili, do tego pewnie na z\u0142o\u015b\u0107 Polakom, sztampowe germa\u0144skie szkaradztwo.<\/p>\n<p style=\"text-align: justify;\">Popieram wi\u0119c postulat kolejarzy \u2013 rozebra\u0107! A&nbsp;\u017ceby \u0142atwiej si\u0119 rozbiera\u0142o, to&nbsp;najlepiej najpierw podpali\u0107 \u2013 oczywi\u015bcie r\u0119kami nieznanych sprawc\u00f3w\u2026<\/p>\n<p style=\"text-align: justify;\">PS. Histori\u0119 tej nikomu niepotrzebnej rudery przybli\u017ca Jakub Gilewicz z Tr\u00f3jmiasto.pl:<\/p>\n<p style=\"text-align: center;\"><iframe loading=\"lazy\" src=\"http:\/\/www.trojmiasto.pl\/video\/embed\/9606\" width=\"480\" height=\"270\" frameborder=\"0\"><\/iframe><\/p>\n","protected":false},"excerpt":{"rendered":"<p>Portal Tr\u00f3jmiasto.pl donosi, \u017ce kolejarze chc\u0105 rozebra\u0107 zabytkow\u0105 nastawni\u0119 bramow\u0105 we Wrzeszczu. No nareszcie kto\u015b powiedzia\u0142 to g\u0142o\u015bno \u2013 brawo! Rozebra\u0107! Na choler\u0119 nam to dziadostwo?! Jest stare, w sraczkowatym kolorze, do tego obsrane przez ptaki, straszy tylko, zagra\u017ca poci\u0105gom i robi im niepotrzebny smutny cie\u0144. Wyburzy\u0107, rozebra\u0107! Kto to widzia\u0142 p\u0142aka\u0107 nad takimi ruderami?&hellip;<\/p>\n","protected":false},"author":1,"featured_media":1720,"comment_status":"open","ping_status":"open","sticky":false,"template":"","format":"standard","meta":{"ngg_post_thumbnail":0,"footnotes":""},"categories":[3,8],"tags":[],"class_list":["post-1716","post","type-post","status-publish","format-standard","has-post-thumbnail","hentry","category-aktualnosci","category-wszystkie"],"yoast_head":"<!-- This site is optimized with the Yoast SEO plugin v27.3 - https:\/\/yoast.com\/product\/yoast-seo-wordpress\/ -->\n<title>Pochwa\u0142a burzenia czyli brawo PKP - Wrzeszcz Jarka Wasielewskiego<\/title>\n<meta name=\"robots\" content=\"index, follow, max-snippet:-1, max-image-preview:large, max-video-preview:-1\" \/>\n<link rel=\"canonical\" href=\"https:\/\/jarekwasielewski.pl\/zwrzeszcza\/2015\/02\/pochwala-burzenia-czyli-brawo-pkp\/\" \/>\n<meta property=\"og:locale\" content=\"pl_PL\" \/>\n<meta property=\"og:type\" content=\"article\" \/>\n<meta property=\"og:title\" content=\"Pochwa\u0142a burzenia czyli brawo PKP - Wrzeszcz Jarka Wasielewskiego\" \/>\n<meta property=\"og:description\" content=\"Portal Tr\u00f3jmiasto.pl donosi, \u017ce kolejarze chc\u0105 rozebra\u0107 zabytkow\u0105 nastawni\u0119 bramow\u0105 we Wrzeszczu. No nareszcie kto\u015b powiedzia\u0142 to g\u0142o\u015bno \u2013 brawo! Rozebra\u0107! Na choler\u0119 nam to dziadostwo?! Jest stare, w sraczkowatym kolorze, do tego obsrane przez ptaki, straszy tylko, zagra\u017ca poci\u0105gom i robi im niepotrzebny smutny cie\u0144. Wyburzy\u0107, rozebra\u0107! Kto to widzia\u0142 p\u0142aka\u0107 nad takimi ruderami?&hellip;\" \/>\n<meta property=\"og:url\" content=\"https:\/\/jarekwasielewski.pl\/zwrzeszcza\/2015\/02\/pochwala-burzenia-czyli-brawo-pkp\/\" \/>\n<meta property=\"og:site_name\" content=\"Wrzeszcz Jarka Wasielewskiego\" \/>\n<meta property=\"article:published_time\" content=\"2015-02-03T15:41:57+00:00\" \/>\n<meta property=\"article:modified_time\" content=\"2023-11-13T11:16:07+00:00\" \/>\n<meta property=\"og:image\" content=\"https:\/\/jarekwasielewski.pl\/zwrzeszcza\/wp-content\/uploads\/2015\/02\/wrzeszcz_nastawnia_bramowa_1.jpg\" \/>\n\t<meta property=\"og:image:width\" content=\"800\" \/>\n\t<meta property=\"og:image:height\" content=\"524\" \/>\n\t<meta property=\"og:image:type\" content=\"image\/jpeg\" \/>\n<meta name=\"author\" content=\"Jarek Wasielewski\" \/>\n<meta name=\"twitter:card\" content=\"summary_large_image\" \/>\n<meta name=\"twitter:label1\" content=\"Napisane przez\" \/>\n\t<meta name=\"twitter:data1\" content=\"Jarek Wasielewski\" \/>\n\t<meta name=\"twitter:label2\" content=\"Szacowany czas czytania\" \/>\n\t<meta name=\"twitter:data2\" content=\"2 minuty\" \/>\n<script type=\"application\/ld+json\" class=\"yoast-schema-graph\">{\"@context\":\"https:\\\/\\\/schema.org\",\"@graph\":[{\"@type\":\"Article\",\"@id\":\"https:\\\/\\\/jarekwasielewski.pl\\\/zwrzeszcza\\\/2015\\\/02\\\/pochwala-burzenia-czyli-brawo-pkp\\\/#article\",\"isPartOf\":{\"@id\":\"https:\\\/\\\/jarekwasielewski.pl\\\/zwrzeszcza\\\/2015\\\/02\\\/pochwala-burzenia-czyli-brawo-pkp\\\/\"},\"author\":{\"name\":\"Jarek Wasielewski\",\"@id\":\"https:\\\/\\\/jarekwasielewski.pl\\\/zwrzeszcza\\\/#\\\/schema\\\/person\\\/807e6ca1f9fadc1945bd9ac746422589\"},\"headline\":\"Pochwa\u0142a burzenia czyli brawo PKP\",\"datePublished\":\"2015-02-03T15:41:57+00:00\",\"dateModified\":\"2023-11-13T11:16:07+00:00\",\"mainEntityOfPage\":{\"@id\":\"https:\\\/\\\/jarekwasielewski.pl\\\/zwrzeszcza\\\/2015\\\/02\\\/pochwala-burzenia-czyli-brawo-pkp\\\/\"},\"wordCount\":203,\"commentCount\":4,\"publisher\":{\"@id\":\"https:\\\/\\\/jarekwasielewski.pl\\\/zwrzeszcza\\\/#\\\/schema\\\/person\\\/807e6ca1f9fadc1945bd9ac746422589\"},\"image\":{\"@id\":\"https:\\\/\\\/jarekwasielewski.pl\\\/zwrzeszcza\\\/2015\\\/02\\\/pochwala-burzenia-czyli-brawo-pkp\\\/#primaryimage\"},\"thumbnailUrl\":\"https:\\\/\\\/jarekwasielewski.pl\\\/zwrzeszcza\\\/wp-content\\\/uploads\\\/2015\\\/02\\\/wrzeszcz_nastawnia_bramowa_1.jpg\",\"articleSection\":[\"Aktualno\u015bci\",\"Wszystkie\"],\"inLanguage\":\"pl-PL\",\"potentialAction\":[{\"@type\":\"CommentAction\",\"name\":\"Comment\",\"target\":[\"https:\\\/\\\/jarekwasielewski.pl\\\/zwrzeszcza\\\/2015\\\/02\\\/pochwala-burzenia-czyli-brawo-pkp\\\/#respond\"]}]},{\"@type\":\"WebPage\",\"@id\":\"https:\\\/\\\/jarekwasielewski.pl\\\/zwrzeszcza\\\/2015\\\/02\\\/pochwala-burzenia-czyli-brawo-pkp\\\/\",\"url\":\"https:\\\/\\\/jarekwasielewski.pl\\\/zwrzeszcza\\\/2015\\\/02\\\/pochwala-burzenia-czyli-brawo-pkp\\\/\",\"name\":\"Pochwa\u0142a burzenia czyli brawo PKP - Wrzeszcz Jarka Wasielewskiego\",\"isPartOf\":{\"@id\":\"https:\\\/\\\/jarekwasielewski.pl\\\/zwrzeszcza\\\/#website\"},\"primaryImageOfPage\":{\"@id\":\"https:\\\/\\\/jarekwasielewski.pl\\\/zwrzeszcza\\\/2015\\\/02\\\/pochwala-burzenia-czyli-brawo-pkp\\\/#primaryimage\"},\"image\":{\"@id\":\"https:\\\/\\\/jarekwasielewski.pl\\\/zwrzeszcza\\\/2015\\\/02\\\/pochwala-burzenia-czyli-brawo-pkp\\\/#primaryimage\"},\"thumbnailUrl\":\"https:\\\/\\\/jarekwasielewski.pl\\\/zwrzeszcza\\\/wp-content\\\/uploads\\\/2015\\\/02\\\/wrzeszcz_nastawnia_bramowa_1.jpg\",\"datePublished\":\"2015-02-03T15:41:57+00:00\",\"dateModified\":\"2023-11-13T11:16:07+00:00\",\"breadcrumb\":{\"@id\":\"https:\\\/\\\/jarekwasielewski.pl\\\/zwrzeszcza\\\/2015\\\/02\\\/pochwala-burzenia-czyli-brawo-pkp\\\/#breadcrumb\"},\"inLanguage\":\"pl-PL\",\"potentialAction\":[{\"@type\":\"ReadAction\",\"target\":[\"https:\\\/\\\/jarekwasielewski.pl\\\/zwrzeszcza\\\/2015\\\/02\\\/pochwala-burzenia-czyli-brawo-pkp\\\/\"]}]},{\"@type\":\"ImageObject\",\"inLanguage\":\"pl-PL\",\"@id\":\"https:\\\/\\\/jarekwasielewski.pl\\\/zwrzeszcza\\\/2015\\\/02\\\/pochwala-burzenia-czyli-brawo-pkp\\\/#primaryimage\",\"url\":\"https:\\\/\\\/jarekwasielewski.pl\\\/zwrzeszcza\\\/wp-content\\\/uploads\\\/2015\\\/02\\\/wrzeszcz_nastawnia_bramowa_1.jpg\",\"contentUrl\":\"https:\\\/\\\/jarekwasielewski.pl\\\/zwrzeszcza\\\/wp-content\\\/uploads\\\/2015\\\/02\\\/wrzeszcz_nastawnia_bramowa_1.jpg\",\"width\":800,\"height\":524},{\"@type\":\"BreadcrumbList\",\"@id\":\"https:\\\/\\\/jarekwasielewski.pl\\\/zwrzeszcza\\\/2015\\\/02\\\/pochwala-burzenia-czyli-brawo-pkp\\\/#breadcrumb\",\"itemListElement\":[{\"@type\":\"ListItem\",\"position\":1,\"name\":\"Strona g\u0142\u00f3wna\",\"item\":\"https:\\\/\\\/jarekwasielewski.pl\\\/zwrzeszcza\\\/\"},{\"@type\":\"ListItem\",\"position\":2,\"name\":\"Pochwa\u0142a burzenia czyli brawo PKP\"}]},{\"@type\":\"WebSite\",\"@id\":\"https:\\\/\\\/jarekwasielewski.pl\\\/zwrzeszcza\\\/#website\",\"url\":\"https:\\\/\\\/jarekwasielewski.pl\\\/zwrzeszcza\\\/\",\"name\":\"Wrzeszcza Jarka Wasielewskiego\",\"description\":\"Blog Jarka Wasielewskiego o Wrzeszczu\",\"publisher\":{\"@id\":\"https:\\\/\\\/jarekwasielewski.pl\\\/zwrzeszcza\\\/#\\\/schema\\\/person\\\/807e6ca1f9fadc1945bd9ac746422589\"},\"potentialAction\":[{\"@type\":\"SearchAction\",\"target\":{\"@type\":\"EntryPoint\",\"urlTemplate\":\"https:\\\/\\\/jarekwasielewski.pl\\\/zwrzeszcza\\\/?s={search_term_string}\"},\"query-input\":{\"@type\":\"PropertyValueSpecification\",\"valueRequired\":true,\"valueName\":\"search_term_string\"}}],\"inLanguage\":\"pl-PL\"},{\"@type\":[\"Person\",\"Organization\"],\"@id\":\"https:\\\/\\\/jarekwasielewski.pl\\\/zwrzeszcza\\\/#\\\/schema\\\/person\\\/807e6ca1f9fadc1945bd9ac746422589\",\"name\":\"Jarek Wasielewski\",\"image\":{\"@type\":\"ImageObject\",\"inLanguage\":\"pl-PL\",\"@id\":\"http:\\\/\\\/jarekwasielewski.pl\\\/zwrzeszcza\\\/wp-content\\\/uploads\\\/2021\\\/09\\\/jw.png\",\"url\":\"http:\\\/\\\/jarekwasielewski.pl\\\/zwrzeszcza\\\/wp-content\\\/uploads\\\/2021\\\/09\\\/jw.png\",\"contentUrl\":\"http:\\\/\\\/jarekwasielewski.pl\\\/zwrzeszcza\\\/wp-content\\\/uploads\\\/2021\\\/09\\\/jw.png\",\"width\":715,\"height\":630,\"caption\":\"Jarek Wasielewski\"},\"logo\":{\"@id\":\"http:\\\/\\\/jarekwasielewski.pl\\\/zwrzeszcza\\\/wp-content\\\/uploads\\\/2021\\\/09\\\/jw.png\"},\"sameAs\":[\"http:\\\/\\\/jarekwasielewski.pl\\\/zwrzeszcza\"]}]}<\/script>\n<!-- \/ Yoast SEO plugin. -->","yoast_head_json":{"title":"Pochwa\u0142a burzenia czyli brawo PKP - Wrzeszcz Jarka Wasielewskiego","robots":{"index":"index","follow":"follow","max-snippet":"max-snippet:-1","max-image-preview":"max-image-preview:large","max-video-preview":"max-video-preview:-1"},"canonical":"https:\/\/jarekwasielewski.pl\/zwrzeszcza\/2015\/02\/pochwala-burzenia-czyli-brawo-pkp\/","og_locale":"pl_PL","og_type":"article","og_title":"Pochwa\u0142a burzenia czyli brawo PKP - Wrzeszcz Jarka Wasielewskiego","og_description":"Portal Tr\u00f3jmiasto.pl donosi, \u017ce kolejarze chc\u0105 rozebra\u0107 zabytkow\u0105 nastawni\u0119 bramow\u0105 we Wrzeszczu. No nareszcie kto\u015b powiedzia\u0142 to g\u0142o\u015bno \u2013 brawo! Rozebra\u0107! Na choler\u0119 nam to dziadostwo?! Jest stare, w sraczkowatym kolorze, do tego obsrane przez ptaki, straszy tylko, zagra\u017ca poci\u0105gom i robi im niepotrzebny smutny cie\u0144. Wyburzy\u0107, rozebra\u0107! Kto to widzia\u0142 p\u0142aka\u0107 nad takimi ruderami?&hellip;","og_url":"https:\/\/jarekwasielewski.pl\/zwrzeszcza\/2015\/02\/pochwala-burzenia-czyli-brawo-pkp\/","og_site_name":"Wrzeszcz Jarka Wasielewskiego","article_published_time":"2015-02-03T15:41:57+00:00","article_modified_time":"2023-11-13T11:16:07+00:00","og_image":[{"width":800,"height":524,"url":"https:\/\/jarekwasielewski.pl\/zwrzeszcza\/wp-content\/uploads\/2015\/02\/wrzeszcz_nastawnia_bramowa_1.jpg","type":"image\/jpeg"}],"author":"Jarek Wasielewski","twitter_card":"summary_large_image","twitter_misc":{"Napisane przez":"Jarek Wasielewski","Szacowany czas czytania":"2 minuty"},"schema":{"@context":"https:\/\/schema.org","@graph":[{"@type":"Article","@id":"https:\/\/jarekwasielewski.pl\/zwrzeszcza\/2015\/02\/pochwala-burzenia-czyli-brawo-pkp\/#article","isPartOf":{"@id":"https:\/\/jarekwasielewski.pl\/zwrzeszcza\/2015\/02\/pochwala-burzenia-czyli-brawo-pkp\/"},"author":{"name":"Jarek Wasielewski","@id":"https:\/\/jarekwasielewski.pl\/zwrzeszcza\/#\/schema\/person\/807e6ca1f9fadc1945bd9ac746422589"},"headline":"Pochwa\u0142a burzenia czyli brawo PKP","datePublished":"2015-02-03T15:41:57+00:00","dateModified":"2023-11-13T11:16:07+00:00","mainEntityOfPage":{"@id":"https:\/\/jarekwasielewski.pl\/zwrzeszcza\/2015\/02\/pochwala-burzenia-czyli-brawo-pkp\/"},"wordCount":203,"commentCount":4,"publisher":{"@id":"https:\/\/jarekwasielewski.pl\/zwrzeszcza\/#\/schema\/person\/807e6ca1f9fadc1945bd9ac746422589"},"image":{"@id":"https:\/\/jarekwasielewski.pl\/zwrzeszcza\/2015\/02\/pochwala-burzenia-czyli-brawo-pkp\/#primaryimage"},"thumbnailUrl":"https:\/\/jarekwasielewski.pl\/zwrzeszcza\/wp-content\/uploads\/2015\/02\/wrzeszcz_nastawnia_bramowa_1.jpg","articleSection":["Aktualno\u015bci","Wszystkie"],"inLanguage":"pl-PL","potentialAction":[{"@type":"CommentAction","name":"Comment","target":["https:\/\/jarekwasielewski.pl\/zwrzeszcza\/2015\/02\/pochwala-burzenia-czyli-brawo-pkp\/#respond"]}]},{"@type":"WebPage","@id":"https:\/\/jarekwasielewski.pl\/zwrzeszcza\/2015\/02\/pochwala-burzenia-czyli-brawo-pkp\/","url":"https:\/\/jarekwasielewski.pl\/zwrzeszcza\/2015\/02\/pochwala-burzenia-czyli-brawo-pkp\/","name":"Pochwa\u0142a burzenia czyli brawo PKP - Wrzeszcz Jarka Wasielewskiego","isPartOf":{"@id":"https:\/\/jarekwasielewski.pl\/zwrzeszcza\/#website"},"primaryImageOfPage":{"@id":"https:\/\/jarekwasielewski.pl\/zwrzeszcza\/2015\/02\/pochwala-burzenia-czyli-brawo-pkp\/#primaryimage"},"image":{"@id":"https:\/\/jarekwasielewski.pl\/zwrzeszcza\/2015\/02\/pochwala-burzenia-czyli-brawo-pkp\/#primaryimage"},"thumbnailUrl":"https:\/\/jarekwasielewski.pl\/zwrzeszcza\/wp-content\/uploads\/2015\/02\/wrzeszcz_nastawnia_bramowa_1.jpg","datePublished":"2015-02-03T15:41:57+00:00","dateModified":"2023-11-13T11:16:07+00:00","breadcrumb":{"@id":"https:\/\/jarekwasielewski.pl\/zwrzeszcza\/2015\/02\/pochwala-burzenia-czyli-brawo-pkp\/#breadcrumb"},"inLanguage":"pl-PL","potentialAction":[{"@type":"ReadAction","target":["https:\/\/jarekwasielewski.pl\/zwrzeszcza\/2015\/02\/pochwala-burzenia-czyli-brawo-pkp\/"]}]},{"@type":"ImageObject","inLanguage":"pl-PL","@id":"https:\/\/jarekwasielewski.pl\/zwrzeszcza\/2015\/02\/pochwala-burzenia-czyli-brawo-pkp\/#primaryimage","url":"https:\/\/jarekwasielewski.pl\/zwrzeszcza\/wp-content\/uploads\/2015\/02\/wrzeszcz_nastawnia_bramowa_1.jpg","contentUrl":"https:\/\/jarekwasielewski.pl\/zwrzeszcza\/wp-content\/uploads\/2015\/02\/wrzeszcz_nastawnia_bramowa_1.jpg","width":800,"height":524},{"@type":"BreadcrumbList","@id":"https:\/\/jarekwasielewski.pl\/zwrzeszcza\/2015\/02\/pochwala-burzenia-czyli-brawo-pkp\/#breadcrumb","itemListElement":[{"@type":"ListItem","position":1,"name":"Strona g\u0142\u00f3wna","item":"https:\/\/jarekwasielewski.pl\/zwrzeszcza\/"},{"@type":"ListItem","position":2,"name":"Pochwa\u0142a burzenia czyli brawo PKP"}]},{"@type":"WebSite","@id":"https:\/\/jarekwasielewski.pl\/zwrzeszcza\/#website","url":"https:\/\/jarekwasielewski.pl\/zwrzeszcza\/","name":"Wrzeszcza Jarka Wasielewskiego","description":"Blog Jarka Wasielewskiego o Wrzeszczu","publisher":{"@id":"https:\/\/jarekwasielewski.pl\/zwrzeszcza\/#\/schema\/person\/807e6ca1f9fadc1945bd9ac746422589"},"potentialAction":[{"@type":"SearchAction","target":{"@type":"EntryPoint","urlTemplate":"https:\/\/jarekwasielewski.pl\/zwrzeszcza\/?s={search_term_string}"},"query-input":{"@type":"PropertyValueSpecification","valueRequired":true,"valueName":"search_term_string"}}],"inLanguage":"pl-PL"},{"@type":["Person","Organization"],"@id":"https:\/\/jarekwasielewski.pl\/zwrzeszcza\/#\/schema\/person\/807e6ca1f9fadc1945bd9ac746422589","name":"Jarek Wasielewski","image":{"@type":"ImageObject","inLanguage":"pl-PL","@id":"http:\/\/jarekwasielewski.pl\/zwrzeszcza\/wp-content\/uploads\/2021\/09\/jw.png","url":"http:\/\/jarekwasielewski.pl\/zwrzeszcza\/wp-content\/uploads\/2021\/09\/jw.png","contentUrl":"http:\/\/jarekwasielewski.pl\/zwrzeszcza\/wp-content\/uploads\/2021\/09\/jw.png","width":715,"height":630,"caption":"Jarek Wasielewski"},"logo":{"@id":"http:\/\/jarekwasielewski.pl\/zwrzeszcza\/wp-content\/uploads\/2021\/09\/jw.png"},"sameAs":["http:\/\/jarekwasielewski.pl\/zwrzeszcza"]}]}},"_links":{"self":[{"href":"https:\/\/jarekwasielewski.pl\/zwrzeszcza\/wp-json\/wp\/v2\/posts\/1716","targetHints":{"allow":["GET"]}}],"collection":[{"href":"https:\/\/jarekwasielewski.pl\/zwrzeszcza\/wp-json\/wp\/v2\/posts"}],"about":[{"href":"https:\/\/jarekwasielewski.pl\/zwrzeszcza\/wp-json\/wp\/v2\/types\/post"}],"author":[{"embeddable":true,"href":"https:\/\/jarekwasielewski.pl\/zwrzeszcza\/wp-json\/wp\/v2\/users\/1"}],"replies":[{"embeddable":true,"href":"https:\/\/jarekwasielewski.pl\/zwrzeszcza\/wp-json\/wp\/v2\/comments?post=1716"}],"version-history":[{"count":1,"href":"https:\/\/jarekwasielewski.pl\/zwrzeszcza\/wp-json\/wp\/v2\/posts\/1716\/revisions"}],"predecessor-version":[{"id":5632,"href":"https:\/\/jarekwasielewski.pl\/zwrzeszcza\/wp-json\/wp\/v2\/posts\/1716\/revisions\/5632"}],"wp:featuredmedia":[{"embeddable":true,"href":"https:\/\/jarekwasielewski.pl\/zwrzeszcza\/wp-json\/wp\/v2\/media\/1720"}],"wp:attachment":[{"href":"https:\/\/jarekwasielewski.pl\/zwrzeszcza\/wp-json\/wp\/v2\/media?parent=1716"}],"wp:term":[{"taxonomy":"category","embeddable":true,"href":"https:\/\/jarekwasielewski.pl\/zwrzeszcza\/wp-json\/wp\/v2\/categories?post=1716"},{"taxonomy":"post_tag","embeddable":true,"href":"https:\/\/jarekwasielewski.pl\/zwrzeszcza\/wp-json\/wp\/v2\/tags?post=1716"}],"curies":[{"name":"wp","href":"https:\/\/api.w.org\/{rel}","templated":true}]}}