{"id":17,"date":"2014-06-05T20:40:00","date_gmt":"2014-06-05T20:40:00","guid":{"rendered":"http:\/\/jotwu.16mb.com\/zwrzeszcza\/uncategorized\/aniolki-dla-poczatkujacych\/"},"modified":"2023-11-13T12:14:22","modified_gmt":"2023-11-13T11:14:22","slug":"aniolki-dla-poczatkujacych","status":"publish","type":"post","link":"https:\/\/jarekwasielewski.pl\/zwrzeszcza\/2014\/06\/aniolki-dla-poczatkujacych\/","title":{"rendered":"Anio\u0142ki dla pocz\u0105tkuj\u0105cych"},"content":{"rendered":"<p style=\"text-align: justify;\"><a title=\"Wycieczka do Le\u015bnej Chatki\" href=\"http:\/\/jarekwasielewski.pl\/zwrzeszcza\/2014\/02\/wycieczka-do-lesnej-chatki\/\" target=\"_blank\" rel=\"noopener\">Kilka miesi\u0119cy temu napisa\u0142em<\/a>, \u017ce&nbsp;G\u00f3rny Wrzeszcz to dla mnie kraina wci\u0105\u017c w du\u017cej mierze tajemnicza. Uwaga ta tym bardziej ma zastosowanie do tej <a href=\"http:\/\/mapa.targeo.pl\/Punkt_10,21,18.6311817,54.3637581?l=db930d1fcd93e3f5\" target=\"_blank\" rel=\"noopener\">cz\u0119\u015bci dzielnicy, kt\u00f3r\u0105 dzi\u015b nazywamy Anio\u0142kami<\/a>.&nbsp;Niby to Wrzeszcz, ale jako\u015b tak nie bardzo&#8230;&nbsp;Korzystaj\u0105c wi\u0119c z pi\u0119knej pogody zacz\u0105\u0142em te okolice eksplorowa\u0107.<\/p>\n<p style=\"text-align: justify;\">Tereny nazywane dzi\u015b Anio\u0142kami w przesz\u0142o\u015bci by\u0142y cz\u0119\u015bci\u0105 wsi Suchanino (<i>Zigankenberg<\/i>); do gminy miejskiej w\u0142\u0105czono je w 1902, kiedy ju\u017c w najlepsze trwa\u0142o ich wch\u0142anianie przez dynamicznie rozwijaj\u0105cy si\u0119 Wrzeszcz.<\/p>\n<p style=\"text-align: justify;\">No dobrze, ale gdzie te Anio\u0142ki si\u0119 zaczynaj\u0105, a gdzie ko\u0144cz\u0105? Upraszczaj\u0105c: Anio\u0142ki le\u017c\u0105 na terenie ograniczonym torami kolejowymi oraz ulicami: Smoluchowskiego, Powsta\u0144c\u00f3w Warszawskich oraz gen. H. D\u0105browskiego. Bardziej precyzyjnie pokazuje to&nbsp;<a href=\"http:\/\/mapa.trojmiasto.pl\/?x=-63.95&amp;y=176.36&amp;z=2&amp;om=v\" target=\"_blank\" rel=\"noopener\">ta mapa<\/a>.<\/p>\n<p style=\"text-align: justify;\">A sk\u0105d nazwa Anio\u0142ki? Wymy\u015blili j\u0105 miejscy urz\u0119dnicy, kt\u00f3rzy w 1992 roku utworzyli to osiedle (jako jednostk\u0119 pomocnicz\u0105 &#8211; Anio\u0142ki nie s\u0105 osobn\u0105 dzielnic\u0105!). Nawi\u0105zali w ten spos\u00f3b do dzia\u0142aj\u0105cego w tej okolicy w latach 1370-1807 szpitala Wszystkich Bo\u017cych Anio\u0142\u00f3w (<i>Hospital Aller Gottes Engel<\/i>). Szpital ten sta\u0142 mniej wi\u0119cej w miejscu, w kt\u00f3rym dzi\u015b stoi Pomnik-Czo\u0142g T-34.<\/p>\n<p style=\"text-align: justify;\">Przesz\u0142o\u015b\u0107 Anio\u0142k\u00f3w zdefiniowa\u0142y zasadniczo trzy elementy: (1) Wielka Aleja (dzi\u015b al. Zwyci\u0119stwa)&nbsp;we wschodniej cz\u0119\u015bci, \u0142\u0105cz\u0105ca Gda\u0144sk z Wrzeszczem oraz (2) utworzone po obu jej stronach (g\u0142\u00f3wnie w XIX wieku) cmentarze, a tak\u017ce (3) wzniesiony w p\u00f3\u0142nocno-zachodniej cz\u0119\u015bci w latach 1907-1911 kompleks szpitala miejskiego (<i>St\u00e4dtisches Krankenhaus Danzig-Langfuhr<\/i>), wci\u0105\u017c zreszt\u0105 dzia\u0142aj\u0105cy (Gda\u0144ski Uniwersytet Medyczny) i rozbudowywany.<\/p>\n<p style=\"text-align: justify;\">W p\u00f3\u0142nocnej cz\u0119\u015bci mi\u0119dzy (1) a (2) ci\u0105gn\u0105 si\u0119 zaciszne, willowe uliczki, za\u015b w cz\u0119\u015bci po\u0142udniowej \u2013 wsp\u00f3\u0142czesne bloki oraz ogr\u00f3dki dzia\u0142kowe.Co ciekawe, wi\u0119kszo\u015b\u0107 znanych nam poczt\u00f3wek ukazuje Wielk\u0105 Alej\u0119, rzadziej jest to kompleks szpitalny (obejrzyj <a href=\"http:\/\/postcard.com.pl\/pocztowki\/kategorie\/gdansk\/aniolki\/#strona=1\" target=\"_blank\" rel=\"noopener\">t\u0119 galeri\u0119<\/a>). Natomiast samych willowych uliczek jest jak na lekarstwo.<\/p>\nngg_shortcode_0_placeholder\n","protected":false},"excerpt":{"rendered":"<p>Kilka miesi\u0119cy temu napisa\u0142em, \u017ce&nbsp;G\u00f3rny Wrzeszcz to dla mnie kraina wci\u0105\u017c w du\u017cej mierze tajemnicza. Uwaga ta tym bardziej ma zastosowanie do tej cz\u0119\u015bci dzielnicy, kt\u00f3r\u0105 dzi\u015b nazywamy Anio\u0142kami.&nbsp;Niby to Wrzeszcz, ale jako\u015b tak nie bardzo&#8230;&nbsp;Korzystaj\u0105c wi\u0119c z pi\u0119knej pogody zacz\u0105\u0142em te okolice eksplorowa\u0107. Tereny nazywane dzi\u015b Anio\u0142kami w przesz\u0142o\u015bci by\u0142y cz\u0119\u015bci\u0105 wsi Suchanino (Zigankenberg);&hellip;<\/p>\n","protected":false},"author":2,"featured_media":1606,"comment_status":"open","ping_status":"open","sticky":false,"template":"","format":"standard","meta":{"ngg_post_thumbnail":0,"footnotes":""},"categories":[6,7,8],"tags":[],"class_list":["post-17","post","type-post","status-publish","format-standard","has-post-thumbnail","hentry","category-po-1945","category-przed-1945","category-wszystkie"],"yoast_head":"<!-- This site is optimized with the Yoast SEO plugin v27.3 - https:\/\/yoast.com\/product\/yoast-seo-wordpress\/ -->\n<title>Anio\u0142ki dla pocz\u0105tkuj\u0105cych - Wrzeszcz Jarka Wasielewskiego<\/title>\n<meta name=\"robots\" content=\"index, follow, max-snippet:-1, max-image-preview:large, max-video-preview:-1\" \/>\n<link rel=\"canonical\" href=\"https:\/\/jarekwasielewski.pl\/zwrzeszcza\/2014\/06\/aniolki-dla-poczatkujacych\/\" \/>\n<meta property=\"og:locale\" content=\"pl_PL\" \/>\n<meta property=\"og:type\" content=\"article\" \/>\n<meta property=\"og:title\" content=\"Anio\u0142ki dla pocz\u0105tkuj\u0105cych - Wrzeszcz Jarka Wasielewskiego\" \/>\n<meta property=\"og:description\" content=\"Kilka miesi\u0119cy temu napisa\u0142em, \u017ce&nbsp;G\u00f3rny Wrzeszcz to dla mnie kraina wci\u0105\u017c w du\u017cej mierze tajemnicza. Uwaga ta tym bardziej ma zastosowanie do tej cz\u0119\u015bci dzielnicy, kt\u00f3r\u0105 dzi\u015b nazywamy Anio\u0142kami.&nbsp;Niby to Wrzeszcz, ale jako\u015b tak nie bardzo&#8230;&nbsp;Korzystaj\u0105c wi\u0119c z pi\u0119knej pogody zacz\u0105\u0142em te okolice eksplorowa\u0107. Tereny nazywane dzi\u015b Anio\u0142kami w przesz\u0142o\u015bci by\u0142y cz\u0119\u015bci\u0105 wsi Suchanino (Zigankenberg);&hellip;\" \/>\n<meta property=\"og:url\" content=\"https:\/\/jarekwasielewski.pl\/zwrzeszcza\/2014\/06\/aniolki-dla-poczatkujacych\/\" \/>\n<meta property=\"og:site_name\" content=\"Wrzeszcz Jarka Wasielewskiego\" \/>\n<meta property=\"article:published_time\" content=\"2014-06-05T20:40:00+00:00\" \/>\n<meta property=\"article:modified_time\" content=\"2023-11-13T11:14:22+00:00\" \/>\n<meta property=\"og:image\" content=\"https:\/\/jarekwasielewski.pl\/zwrzeszcza\/wp-content\/uploads\/ngg_featured\/gumed-budynek-glowny.jpg\" \/>\n\t<meta property=\"og:image:width\" content=\"800\" \/>\n\t<meta property=\"og:image:height\" content=\"533\" \/>\n\t<meta property=\"og:image:type\" content=\"image\/jpeg\" \/>\n<meta name=\"author\" content=\"Jarek Wasielewski\" \/>\n<meta name=\"twitter:card\" content=\"summary_large_image\" \/>\n<meta name=\"twitter:label1\" content=\"Napisane przez\" \/>\n\t<meta name=\"twitter:data1\" content=\"Jarek Wasielewski\" \/>\n\t<meta name=\"twitter:label2\" content=\"Szacowany czas czytania\" \/>\n\t<meta name=\"twitter:data2\" content=\"2 minuty\" \/>\n<script type=\"application\/ld+json\" class=\"yoast-schema-graph\">{\"@context\":\"https:\\\/\\\/schema.org\",\"@graph\":[{\"@type\":\"Article\",\"@id\":\"https:\\\/\\\/jarekwasielewski.pl\\\/zwrzeszcza\\\/2014\\\/06\\\/aniolki-dla-poczatkujacych\\\/#article\",\"isPartOf\":{\"@id\":\"https:\\\/\\\/jarekwasielewski.pl\\\/zwrzeszcza\\\/2014\\\/06\\\/aniolki-dla-poczatkujacych\\\/\"},\"author\":{\"name\":\"Jarek Wasielewski\",\"@id\":\"https:\\\/\\\/jarekwasielewski.pl\\\/zwrzeszcza\\\/#\\\/schema\\\/person\\\/d2582ae2f5d0ea9c9154fd6e4bcb3976\"},\"headline\":\"Anio\u0142ki dla pocz\u0105tkuj\u0105cych\",\"datePublished\":\"2014-06-05T20:40:00+00:00\",\"dateModified\":\"2023-11-13T11:14:22+00:00\",\"mainEntityOfPage\":{\"@id\":\"https:\\\/\\\/jarekwasielewski.pl\\\/zwrzeszcza\\\/2014\\\/06\\\/aniolki-dla-poczatkujacych\\\/\"},\"wordCount\":354,\"commentCount\":13,\"publisher\":{\"@id\":\"https:\\\/\\\/jarekwasielewski.pl\\\/zwrzeszcza\\\/#\\\/schema\\\/person\\\/807e6ca1f9fadc1945bd9ac746422589\"},\"image\":{\"@id\":\"https:\\\/\\\/jarekwasielewski.pl\\\/zwrzeszcza\\\/2014\\\/06\\\/aniolki-dla-poczatkujacych\\\/#primaryimage\"},\"thumbnailUrl\":\"https:\\\/\\\/jarekwasielewski.pl\\\/zwrzeszcza\\\/wp-content\\\/uploads\\\/ngg_featured\\\/gumed-budynek-glowny.jpg\",\"articleSection\":[\"Po 1945\",\"Przed 1945\",\"Wszystkie\"],\"inLanguage\":\"pl-PL\",\"potentialAction\":[{\"@type\":\"CommentAction\",\"name\":\"Comment\",\"target\":[\"https:\\\/\\\/jarekwasielewski.pl\\\/zwrzeszcza\\\/2014\\\/06\\\/aniolki-dla-poczatkujacych\\\/#respond\"]}]},{\"@type\":\"WebPage\",\"@id\":\"https:\\\/\\\/jarekwasielewski.pl\\\/zwrzeszcza\\\/2014\\\/06\\\/aniolki-dla-poczatkujacych\\\/\",\"url\":\"https:\\\/\\\/jarekwasielewski.pl\\\/zwrzeszcza\\\/2014\\\/06\\\/aniolki-dla-poczatkujacych\\\/\",\"name\":\"Anio\u0142ki dla pocz\u0105tkuj\u0105cych - Wrzeszcz Jarka Wasielewskiego\",\"isPartOf\":{\"@id\":\"https:\\\/\\\/jarekwasielewski.pl\\\/zwrzeszcza\\\/#website\"},\"primaryImageOfPage\":{\"@id\":\"https:\\\/\\\/jarekwasielewski.pl\\\/zwrzeszcza\\\/2014\\\/06\\\/aniolki-dla-poczatkujacych\\\/#primaryimage\"},\"image\":{\"@id\":\"https:\\\/\\\/jarekwasielewski.pl\\\/zwrzeszcza\\\/2014\\\/06\\\/aniolki-dla-poczatkujacych\\\/#primaryimage\"},\"thumbnailUrl\":\"https:\\\/\\\/jarekwasielewski.pl\\\/zwrzeszcza\\\/wp-content\\\/uploads\\\/ngg_featured\\\/gumed-budynek-glowny.jpg\",\"datePublished\":\"2014-06-05T20:40:00+00:00\",\"dateModified\":\"2023-11-13T11:14:22+00:00\",\"breadcrumb\":{\"@id\":\"https:\\\/\\\/jarekwasielewski.pl\\\/zwrzeszcza\\\/2014\\\/06\\\/aniolki-dla-poczatkujacych\\\/#breadcrumb\"},\"inLanguage\":\"pl-PL\",\"potentialAction\":[{\"@type\":\"ReadAction\",\"target\":[\"https:\\\/\\\/jarekwasielewski.pl\\\/zwrzeszcza\\\/2014\\\/06\\\/aniolki-dla-poczatkujacych\\\/\"]}]},{\"@type\":\"ImageObject\",\"inLanguage\":\"pl-PL\",\"@id\":\"https:\\\/\\\/jarekwasielewski.pl\\\/zwrzeszcza\\\/2014\\\/06\\\/aniolki-dla-poczatkujacych\\\/#primaryimage\",\"url\":\"https:\\\/\\\/jarekwasielewski.pl\\\/zwrzeszcza\\\/wp-content\\\/uploads\\\/ngg_featured\\\/gumed-budynek-glowny.jpg\",\"contentUrl\":\"https:\\\/\\\/jarekwasielewski.pl\\\/zwrzeszcza\\\/wp-content\\\/uploads\\\/ngg_featured\\\/gumed-budynek-glowny.jpg\",\"width\":800,\"height\":533},{\"@type\":\"BreadcrumbList\",\"@id\":\"https:\\\/\\\/jarekwasielewski.pl\\\/zwrzeszcza\\\/2014\\\/06\\\/aniolki-dla-poczatkujacych\\\/#breadcrumb\",\"itemListElement\":[{\"@type\":\"ListItem\",\"position\":1,\"name\":\"Strona g\u0142\u00f3wna\",\"item\":\"https:\\\/\\\/jarekwasielewski.pl\\\/zwrzeszcza\\\/\"},{\"@type\":\"ListItem\",\"position\":2,\"name\":\"Anio\u0142ki dla pocz\u0105tkuj\u0105cych\"}]},{\"@type\":\"WebSite\",\"@id\":\"https:\\\/\\\/jarekwasielewski.pl\\\/zwrzeszcza\\\/#website\",\"url\":\"https:\\\/\\\/jarekwasielewski.pl\\\/zwrzeszcza\\\/\",\"name\":\"Wrzeszcza Jarka Wasielewskiego\",\"description\":\"Blog Jarka Wasielewskiego o Wrzeszczu\",\"publisher\":{\"@id\":\"https:\\\/\\\/jarekwasielewski.pl\\\/zwrzeszcza\\\/#\\\/schema\\\/person\\\/807e6ca1f9fadc1945bd9ac746422589\"},\"potentialAction\":[{\"@type\":\"SearchAction\",\"target\":{\"@type\":\"EntryPoint\",\"urlTemplate\":\"https:\\\/\\\/jarekwasielewski.pl\\\/zwrzeszcza\\\/?s={search_term_string}\"},\"query-input\":{\"@type\":\"PropertyValueSpecification\",\"valueRequired\":true,\"valueName\":\"search_term_string\"}}],\"inLanguage\":\"pl-PL\"},{\"@type\":[\"Person\",\"Organization\"],\"@id\":\"https:\\\/\\\/jarekwasielewski.pl\\\/zwrzeszcza\\\/#\\\/schema\\\/person\\\/807e6ca1f9fadc1945bd9ac746422589\",\"name\":\"Jarek Wasielewski\",\"image\":{\"@type\":\"ImageObject\",\"inLanguage\":\"pl-PL\",\"@id\":\"http:\\\/\\\/jarekwasielewski.pl\\\/zwrzeszcza\\\/wp-content\\\/uploads\\\/2021\\\/09\\\/jw.png\",\"url\":\"http:\\\/\\\/jarekwasielewski.pl\\\/zwrzeszcza\\\/wp-content\\\/uploads\\\/2021\\\/09\\\/jw.png\",\"contentUrl\":\"http:\\\/\\\/jarekwasielewski.pl\\\/zwrzeszcza\\\/wp-content\\\/uploads\\\/2021\\\/09\\\/jw.png\",\"width\":715,\"height\":630,\"caption\":\"Jarek Wasielewski\"},\"logo\":{\"@id\":\"http:\\\/\\\/jarekwasielewski.pl\\\/zwrzeszcza\\\/wp-content\\\/uploads\\\/2021\\\/09\\\/jw.png\"},\"sameAs\":[\"http:\\\/\\\/jarekwasielewski.pl\\\/zwrzeszcza\"]},{\"@type\":\"Person\",\"@id\":\"https:\\\/\\\/jarekwasielewski.pl\\\/zwrzeszcza\\\/#\\\/schema\\\/person\\\/d2582ae2f5d0ea9c9154fd6e4bcb3976\",\"name\":\"Jarek Wasielewski\",\"image\":{\"@type\":\"ImageObject\",\"inLanguage\":\"pl-PL\",\"@id\":\"https:\\\/\\\/secure.gravatar.com\\\/avatar\\\/?s=96&d=mm&r=g\",\"url\":\"https:\\\/\\\/secure.gravatar.com\\\/avatar\\\/?s=96&d=mm&r=g\",\"contentUrl\":\"https:\\\/\\\/secure.gravatar.com\\\/avatar\\\/?s=96&d=mm&r=g\",\"caption\":\"Jarek Wasielewski\"}}]}<\/script>\n<!-- \/ Yoast SEO plugin. -->","yoast_head_json":{"title":"Anio\u0142ki dla pocz\u0105tkuj\u0105cych - Wrzeszcz Jarka Wasielewskiego","robots":{"index":"index","follow":"follow","max-snippet":"max-snippet:-1","max-image-preview":"max-image-preview:large","max-video-preview":"max-video-preview:-1"},"canonical":"https:\/\/jarekwasielewski.pl\/zwrzeszcza\/2014\/06\/aniolki-dla-poczatkujacych\/","og_locale":"pl_PL","og_type":"article","og_title":"Anio\u0142ki dla pocz\u0105tkuj\u0105cych - Wrzeszcz Jarka Wasielewskiego","og_description":"Kilka miesi\u0119cy temu napisa\u0142em, \u017ce&nbsp;G\u00f3rny Wrzeszcz to dla mnie kraina wci\u0105\u017c w du\u017cej mierze tajemnicza. Uwaga ta tym bardziej ma zastosowanie do tej cz\u0119\u015bci dzielnicy, kt\u00f3r\u0105 dzi\u015b nazywamy Anio\u0142kami.&nbsp;Niby to Wrzeszcz, ale jako\u015b tak nie bardzo&#8230;&nbsp;Korzystaj\u0105c wi\u0119c z pi\u0119knej pogody zacz\u0105\u0142em te okolice eksplorowa\u0107. Tereny nazywane dzi\u015b Anio\u0142kami w przesz\u0142o\u015bci by\u0142y cz\u0119\u015bci\u0105 wsi Suchanino (Zigankenberg);&hellip;","og_url":"https:\/\/jarekwasielewski.pl\/zwrzeszcza\/2014\/06\/aniolki-dla-poczatkujacych\/","og_site_name":"Wrzeszcz Jarka Wasielewskiego","article_published_time":"2014-06-05T20:40:00+00:00","article_modified_time":"2023-11-13T11:14:22+00:00","og_image":[{"width":800,"height":533,"url":"https:\/\/jarekwasielewski.pl\/zwrzeszcza\/wp-content\/uploads\/ngg_featured\/gumed-budynek-glowny.jpg","type":"image\/jpeg"}],"author":"Jarek Wasielewski","twitter_card":"summary_large_image","twitter_misc":{"Napisane przez":"Jarek Wasielewski","Szacowany czas czytania":"2 minuty"},"schema":{"@context":"https:\/\/schema.org","@graph":[{"@type":"Article","@id":"https:\/\/jarekwasielewski.pl\/zwrzeszcza\/2014\/06\/aniolki-dla-poczatkujacych\/#article","isPartOf":{"@id":"https:\/\/jarekwasielewski.pl\/zwrzeszcza\/2014\/06\/aniolki-dla-poczatkujacych\/"},"author":{"name":"Jarek Wasielewski","@id":"https:\/\/jarekwasielewski.pl\/zwrzeszcza\/#\/schema\/person\/d2582ae2f5d0ea9c9154fd6e4bcb3976"},"headline":"Anio\u0142ki dla pocz\u0105tkuj\u0105cych","datePublished":"2014-06-05T20:40:00+00:00","dateModified":"2023-11-13T11:14:22+00:00","mainEntityOfPage":{"@id":"https:\/\/jarekwasielewski.pl\/zwrzeszcza\/2014\/06\/aniolki-dla-poczatkujacych\/"},"wordCount":354,"commentCount":13,"publisher":{"@id":"https:\/\/jarekwasielewski.pl\/zwrzeszcza\/#\/schema\/person\/807e6ca1f9fadc1945bd9ac746422589"},"image":{"@id":"https:\/\/jarekwasielewski.pl\/zwrzeszcza\/2014\/06\/aniolki-dla-poczatkujacych\/#primaryimage"},"thumbnailUrl":"https:\/\/jarekwasielewski.pl\/zwrzeszcza\/wp-content\/uploads\/ngg_featured\/gumed-budynek-glowny.jpg","articleSection":["Po 1945","Przed 1945","Wszystkie"],"inLanguage":"pl-PL","potentialAction":[{"@type":"CommentAction","name":"Comment","target":["https:\/\/jarekwasielewski.pl\/zwrzeszcza\/2014\/06\/aniolki-dla-poczatkujacych\/#respond"]}]},{"@type":"WebPage","@id":"https:\/\/jarekwasielewski.pl\/zwrzeszcza\/2014\/06\/aniolki-dla-poczatkujacych\/","url":"https:\/\/jarekwasielewski.pl\/zwrzeszcza\/2014\/06\/aniolki-dla-poczatkujacych\/","name":"Anio\u0142ki dla pocz\u0105tkuj\u0105cych - Wrzeszcz Jarka Wasielewskiego","isPartOf":{"@id":"https:\/\/jarekwasielewski.pl\/zwrzeszcza\/#website"},"primaryImageOfPage":{"@id":"https:\/\/jarekwasielewski.pl\/zwrzeszcza\/2014\/06\/aniolki-dla-poczatkujacych\/#primaryimage"},"image":{"@id":"https:\/\/jarekwasielewski.pl\/zwrzeszcza\/2014\/06\/aniolki-dla-poczatkujacych\/#primaryimage"},"thumbnailUrl":"https:\/\/jarekwasielewski.pl\/zwrzeszcza\/wp-content\/uploads\/ngg_featured\/gumed-budynek-glowny.jpg","datePublished":"2014-06-05T20:40:00+00:00","dateModified":"2023-11-13T11:14:22+00:00","breadcrumb":{"@id":"https:\/\/jarekwasielewski.pl\/zwrzeszcza\/2014\/06\/aniolki-dla-poczatkujacych\/#breadcrumb"},"inLanguage":"pl-PL","potentialAction":[{"@type":"ReadAction","target":["https:\/\/jarekwasielewski.pl\/zwrzeszcza\/2014\/06\/aniolki-dla-poczatkujacych\/"]}]},{"@type":"ImageObject","inLanguage":"pl-PL","@id":"https:\/\/jarekwasielewski.pl\/zwrzeszcza\/2014\/06\/aniolki-dla-poczatkujacych\/#primaryimage","url":"https:\/\/jarekwasielewski.pl\/zwrzeszcza\/wp-content\/uploads\/ngg_featured\/gumed-budynek-glowny.jpg","contentUrl":"https:\/\/jarekwasielewski.pl\/zwrzeszcza\/wp-content\/uploads\/ngg_featured\/gumed-budynek-glowny.jpg","width":800,"height":533},{"@type":"BreadcrumbList","@id":"https:\/\/jarekwasielewski.pl\/zwrzeszcza\/2014\/06\/aniolki-dla-poczatkujacych\/#breadcrumb","itemListElement":[{"@type":"ListItem","position":1,"name":"Strona g\u0142\u00f3wna","item":"https:\/\/jarekwasielewski.pl\/zwrzeszcza\/"},{"@type":"ListItem","position":2,"name":"Anio\u0142ki dla pocz\u0105tkuj\u0105cych"}]},{"@type":"WebSite","@id":"https:\/\/jarekwasielewski.pl\/zwrzeszcza\/#website","url":"https:\/\/jarekwasielewski.pl\/zwrzeszcza\/","name":"Wrzeszcza Jarka Wasielewskiego","description":"Blog Jarka Wasielewskiego o Wrzeszczu","publisher":{"@id":"https:\/\/jarekwasielewski.pl\/zwrzeszcza\/#\/schema\/person\/807e6ca1f9fadc1945bd9ac746422589"},"potentialAction":[{"@type":"SearchAction","target":{"@type":"EntryPoint","urlTemplate":"https:\/\/jarekwasielewski.pl\/zwrzeszcza\/?s={search_term_string}"},"query-input":{"@type":"PropertyValueSpecification","valueRequired":true,"valueName":"search_term_string"}}],"inLanguage":"pl-PL"},{"@type":["Person","Organization"],"@id":"https:\/\/jarekwasielewski.pl\/zwrzeszcza\/#\/schema\/person\/807e6ca1f9fadc1945bd9ac746422589","name":"Jarek Wasielewski","image":{"@type":"ImageObject","inLanguage":"pl-PL","@id":"http:\/\/jarekwasielewski.pl\/zwrzeszcza\/wp-content\/uploads\/2021\/09\/jw.png","url":"http:\/\/jarekwasielewski.pl\/zwrzeszcza\/wp-content\/uploads\/2021\/09\/jw.png","contentUrl":"http:\/\/jarekwasielewski.pl\/zwrzeszcza\/wp-content\/uploads\/2021\/09\/jw.png","width":715,"height":630,"caption":"Jarek Wasielewski"},"logo":{"@id":"http:\/\/jarekwasielewski.pl\/zwrzeszcza\/wp-content\/uploads\/2021\/09\/jw.png"},"sameAs":["http:\/\/jarekwasielewski.pl\/zwrzeszcza"]},{"@type":"Person","@id":"https:\/\/jarekwasielewski.pl\/zwrzeszcza\/#\/schema\/person\/d2582ae2f5d0ea9c9154fd6e4bcb3976","name":"Jarek Wasielewski","image":{"@type":"ImageObject","inLanguage":"pl-PL","@id":"https:\/\/secure.gravatar.com\/avatar\/?s=96&d=mm&r=g","url":"https:\/\/secure.gravatar.com\/avatar\/?s=96&d=mm&r=g","contentUrl":"https:\/\/secure.gravatar.com\/avatar\/?s=96&d=mm&r=g","caption":"Jarek Wasielewski"}}]}},"_links":{"self":[{"href":"https:\/\/jarekwasielewski.pl\/zwrzeszcza\/wp-json\/wp\/v2\/posts\/17","targetHints":{"allow":["GET"]}}],"collection":[{"href":"https:\/\/jarekwasielewski.pl\/zwrzeszcza\/wp-json\/wp\/v2\/posts"}],"about":[{"href":"https:\/\/jarekwasielewski.pl\/zwrzeszcza\/wp-json\/wp\/v2\/types\/post"}],"author":[{"embeddable":true,"href":"https:\/\/jarekwasielewski.pl\/zwrzeszcza\/wp-json\/wp\/v2\/users\/2"}],"replies":[{"embeddable":true,"href":"https:\/\/jarekwasielewski.pl\/zwrzeszcza\/wp-json\/wp\/v2\/comments?post=17"}],"version-history":[{"count":1,"href":"https:\/\/jarekwasielewski.pl\/zwrzeszcza\/wp-json\/wp\/v2\/posts\/17\/revisions"}],"predecessor-version":[{"id":5629,"href":"https:\/\/jarekwasielewski.pl\/zwrzeszcza\/wp-json\/wp\/v2\/posts\/17\/revisions\/5629"}],"wp:featuredmedia":[{"embeddable":true,"href":"https:\/\/jarekwasielewski.pl\/zwrzeszcza\/wp-json\/wp\/v2\/media\/1606"}],"wp:attachment":[{"href":"https:\/\/jarekwasielewski.pl\/zwrzeszcza\/wp-json\/wp\/v2\/media?parent=17"}],"wp:term":[{"taxonomy":"category","embeddable":true,"href":"https:\/\/jarekwasielewski.pl\/zwrzeszcza\/wp-json\/wp\/v2\/categories?post=17"},{"taxonomy":"post_tag","embeddable":true,"href":"https:\/\/jarekwasielewski.pl\/zwrzeszcza\/wp-json\/wp\/v2\/tags?post=17"}],"curies":[{"name":"wp","href":"https:\/\/api.w.org\/{rel}","templated":true}]}}