{"id":1658,"date":"2015-01-04T17:32:45","date_gmt":"2015-01-04T16:32:45","guid":{"rendered":"http:\/\/jarekwasielewski.pl\/zwrzeszcza\/?p=1658"},"modified":"2019-01-10T16:17:53","modified_gmt":"2019-01-10T15:17:53","slug":"tajemniczy-hotel-hohenzollern","status":"publish","type":"post","link":"https:\/\/jarekwasielewski.pl\/zwrzeszcza\/2015\/01\/tajemniczy-hotel-hohenzollern\/","title":{"rendered":"Tajemniczy Hotel Hohenzollern"},"content":{"rendered":"<p style=\"text-align: justify;\">Jednym z najbardziej tajemniczych miejsc przedwojennego Wrzeszcza jest dla mnie Hotel Hohenzollern. Dlaczego? Bo nie znam \u017cadnych jego wyra\u017anych fotografii.<\/p>\n<p style=\"text-align: justify;\">Przybytek ten sta\u0142 do 1945 roku na rogu dzisiejszej al. Grunwaldzkiej i\u00a0ul. Ko\u015bciuszki,\u00a0<em>vis-a-vis<\/em> niewielkiego, starego katolickiego cmentarza; obecnie <a href=\"http:\/\/mapa.targeo.pl\/Punkt_1,18,18.5981637,54.3827443?l=285351da128bd78a\" target=\"_blank\">w miejscu zajmowanym przez budynek\u00a0hotelu przebiega wiadukt al. \u017bo\u0142nierzy Wykl\u0119tych<\/a>:<\/p>\n<div id=\"attachment_1685\" style=\"width: 306px\" class=\"wp-caption aligncenter\"><a href=\"http:\/\/jarekwasielewski.pl\/zwrzeszcza\/wp-content\/uploads\/2015\/01\/wrzeszcz_grunwaldzka_hohenzollern.jpg\"><img loading=\"lazy\" decoding=\"async\" aria-describedby=\"caption-attachment-1685\" class=\"size-medium wp-image-1685\" src=\"http:\/\/jarekwasielewski.pl\/zwrzeszcza\/wp-content\/uploads\/2015\/01\/wrzeszcz_grunwaldzka_hohenzollern-300x200.jpg\" alt=\"Miejsce, w kt\u00f3rym do 1945 roku sta\u0142 Hotel Hohenzollern\" width=\"300\" height=\"200\" srcset=\"https:\/\/jarekwasielewski.pl\/zwrzeszcza\/wp-content\/uploads\/2015\/01\/wrzeszcz_grunwaldzka_hohenzollern-300x200.jpg 300w, https:\/\/jarekwasielewski.pl\/zwrzeszcza\/wp-content\/uploads\/2015\/01\/wrzeszcz_grunwaldzka_hohenzollern.jpg 600w\" sizes=\"auto, (max-width: 300px) 100vw, 300px\" \/><\/a><p id=\"caption-attachment-1685\" class=\"wp-caption-text\">Miejsce, w kt\u00f3rym do 1945 roku sta\u0142 Hotel Hohenzollern<\/p><\/div>\n<p style=\"text-align: justify;\">Hotel sw\u0105 nazw\u0105 czci\u0142, rzecz jasna, niemieck\u0105 dynasti\u0119 panuj\u0105c\u0105 w Rzeszy.<\/p>\n<p style=\"text-align: justify;\">Hotel jest widoczny <a title=\"Wrzeszcz z lotu ptaka na zdj\u0119ciu sprzed wieku\" href=\"http:\/\/jarekwasielewski.pl\/zwrzeszcza\/2014\/12\/wrzeszcz-z-lotu-ptaka-na-zdjeciu-sprzed-wieku\/\" target=\"_blank\">na zdj\u0119ciu lotniczym, prezentowanym kilka tygodni temu<\/a>:<\/p>\n<p style=\"text-align: justify;\"><img loading=\"lazy\" decoding=\"async\" class=\"aligncenter wp-image-1659 size-full\" src=\"http:\/\/jarekwasielewski.pl\/zwrzeszcza\/wp-content\/uploads\/2015\/01\/hotel_hohenzollern_wrzeszcz_lotnicze.jpg\" alt=\"hotel_hohenzollern_wrzeszcz_lotnicze\" width=\"155\" height=\"117\" \/><\/p>\n<p style=\"text-align: justify;\">&#8230;a tak\u017ce po lewej stronie tej fotografii:<\/p>\n<div style=\"width: 335px\" class=\"wp-caption aligncenter\"><a href=\"http:\/\/forum.dawnygdansk.pl\/files\/wed_ug_mnie_to_skrzy_owanie_ulic_ko_ciuszki_i_grunwaldzkiej..jpg\"><img loading=\"lazy\" decoding=\"async\" src=\"http:\/\/forum.dawnygdansk.pl\/files\/wed_ug_mnie_to_skrzy_owanie_ulic_ko_ciuszki_i_grunwaldzkiej..jpg\" alt=\"\" width=\"329\" height=\"239\" \/><\/a><p class=\"wp-caption-text\">Widok Hauptstrasse (al. Grunwaldzka) w kierunku po\u0142udniowym (Forum Dawny Gda\u0144sk)<\/p><\/div>\n<p style=\"text-align: justify;\">Hotel Hohenzollern zosta\u0142 otwarty najp\u00f3\u017aniej w 1899 roku. Jego pierwszym w\u0142a\u015bcicielem by\u0142 Josef Jankowski, nast\u0119pnymi za\u015b \u2013 Alex Nagorski i Erika Nagorski. Z ksi\u0105g adresowych wynika, \u017ce hotel zajmowa\u0142 tylko cz\u0119\u015b\u0107 budynku; w pozosta\u0142ych pomieszczeniach znajdowa\u0142y si\u0119 normalne mieszkania.<\/p>\n<div id=\"attachment_1664\" style=\"width: 306px\" class=\"wp-caption aligncenter\"><a href=\"http:\/\/jarekwasielewski.pl\/zwrzeszcza\/wp-content\/uploads\/2015\/01\/wrzeszcz_1899_hotel_hohenzollern_pan.jpg\"><img loading=\"lazy\" decoding=\"async\" aria-describedby=\"caption-attachment-1664\" class=\"size-medium wp-image-1664\" src=\"http:\/\/jarekwasielewski.pl\/zwrzeszcza\/wp-content\/uploads\/2015\/01\/wrzeszcz_1899_hotel_hohenzollern_pan-300x253.jpg\" alt=\"Hotel Hohenzollern na planie z 1899 roku (BG PAN)\" width=\"300\" height=\"253\" srcset=\"https:\/\/jarekwasielewski.pl\/zwrzeszcza\/wp-content\/uploads\/2015\/01\/wrzeszcz_1899_hotel_hohenzollern_pan-300x253.jpg 300w, https:\/\/jarekwasielewski.pl\/zwrzeszcza\/wp-content\/uploads\/2015\/01\/wrzeszcz_1899_hotel_hohenzollern_pan.jpg 701w\" sizes=\"auto, (max-width: 300px) 100vw, 300px\" \/><\/a><p id=\"caption-attachment-1664\" class=\"wp-caption-text\">Hotel Hohenzollern na planie z 1899 roku (BG PAN)<\/p><\/div>\n<div id=\"attachment_1665\" style=\"width: 306px\" class=\"wp-caption aligncenter\"><a href=\"http:\/\/jarekwasielewski.pl\/zwrzeszcza\/wp-content\/uploads\/2015\/01\/wrzeszcz_1933_hotel_hohenzollern.jpg\"><img loading=\"lazy\" decoding=\"async\" aria-describedby=\"caption-attachment-1665\" class=\"size-medium wp-image-1665\" src=\"http:\/\/jarekwasielewski.pl\/zwrzeszcza\/wp-content\/uploads\/2015\/01\/wrzeszcz_1933_hotel_hohenzollern-300x221.jpg\" alt=\"Hotel Hohenzollern na planie z 1933 roku\" width=\"300\" height=\"221\" srcset=\"https:\/\/jarekwasielewski.pl\/zwrzeszcza\/wp-content\/uploads\/2015\/01\/wrzeszcz_1933_hotel_hohenzollern-300x221.jpg 300w, https:\/\/jarekwasielewski.pl\/zwrzeszcza\/wp-content\/uploads\/2015\/01\/wrzeszcz_1933_hotel_hohenzollern.jpg 393w\" sizes=\"auto, (max-width: 300px) 100vw, 300px\" \/><\/a><p id=\"caption-attachment-1665\" class=\"wp-caption-text\">Hotel Hohenzollern (czerwona kropka) na planie z 1933 roku<\/p><\/div>\n<p style=\"text-align: justify;\">Co ciekawe, jedyne fotografie, na kt\u00f3rych hotel wida\u0107\u00a0wyra\u017anie, to zdj\u0119cia, na kt\u00f3rych uwieczniono\u2026 jego definitywny koniec. W\u00a0sieci kr\u0105\u017c\u0105 zdj\u0119cia tej okolicy z marca 1945 roku, na kt\u00f3rych Hotel Hohenzollern p\u0142onie:<\/p>\n<div style=\"width: 346px\" class=\"wp-caption aligncenter\"><a href=\"http:\/\/forum.dawnygdansk.pl\/files\/hotel_hohenzollern_1945_r._m.jpg\"><img loading=\"lazy\" decoding=\"async\" src=\"http:\/\/forum.dawnygdansk.pl\/files\/hotel_hohenzollern_1945_r._m.jpg\" alt=\"\" width=\"340\" height=\"225\" \/><\/a><p class=\"wp-caption-text\">P\u0142on\u0105cy Hotel Hohenzollern, koniec marca 1945 (Forum Dawny Gda\u0144sk)<\/p><\/div>\n<p>Tyle z niego zosta\u0142o:<\/p>\n<div style=\"width: 347px\" class=\"wp-caption aligncenter\"><a href=\"http:\/\/www.forum.dawnygdansk.pl\/files\/imag0002_301.jpg\"><img loading=\"lazy\" decoding=\"async\" src=\"http:\/\/www.forum.dawnygdansk.pl\/files\/imag0002_301.jpg\" alt=\"\" width=\"341\" height=\"208\" \/><\/a><p class=\"wp-caption-text\">Ruiny Hotelu Hohenzollern zaraz po wojnie (Forum Dawny Gda\u0144sk)<\/p><\/div>\n<p>Je\u017celi natraficie na jakiekolwiek informacje dotycz\u0105ce Hotelu Hohenzollern &#8211; bardzo prosz\u0119 o kontakt.<\/p>\n","protected":false},"excerpt":{"rendered":"<p>Jednym z najbardziej tajemniczych miejsc przedwojennego Wrzeszcza jest dla mnie Hotel Hohenzollern. Dlaczego? Bo nie znam \u017cadnych jego wyra\u017anych fotografii. Przybytek ten sta\u0142 do 1945 roku na rogu dzisiejszej al. Grunwaldzkiej i\u00a0ul. Ko\u015bciuszki,\u00a0vis-a-vis niewielkiego, starego katolickiego cmentarza; obecnie w miejscu zajmowanym przez budynek\u00a0hotelu przebiega wiadukt al. \u017bo\u0142nierzy Wykl\u0119tych: Hotel sw\u0105 nazw\u0105 czci\u0142, rzecz jasna, niemieck\u0105&hellip;<\/p>\n","protected":false},"author":1,"featured_media":1668,"comment_status":"open","ping_status":"open","sticky":false,"template":"","format":"standard","meta":{"ngg_post_thumbnail":0,"footnotes":""},"categories":[7,8],"tags":[],"class_list":["post-1658","post","type-post","status-publish","format-standard","has-post-thumbnail","hentry","category-przed-1945","category-wszystkie"],"yoast_head":"<!-- This site is optimized with the Yoast SEO plugin v27.3 - https:\/\/yoast.com\/product\/yoast-seo-wordpress\/ -->\n<title>Tajemniczy Hotel Hohenzollern - Wrzeszcz Jarka Wasielewskiego<\/title>\n<meta name=\"robots\" content=\"index, follow, max-snippet:-1, max-image-preview:large, max-video-preview:-1\" \/>\n<link rel=\"canonical\" href=\"https:\/\/jarekwasielewski.pl\/zwrzeszcza\/2015\/01\/tajemniczy-hotel-hohenzollern\/\" \/>\n<meta property=\"og:locale\" content=\"pl_PL\" \/>\n<meta property=\"og:type\" content=\"article\" \/>\n<meta property=\"og:title\" content=\"Tajemniczy Hotel Hohenzollern - Wrzeszcz Jarka Wasielewskiego\" \/>\n<meta property=\"og:description\" content=\"Jednym z najbardziej tajemniczych miejsc przedwojennego Wrzeszcza jest dla mnie Hotel Hohenzollern. Dlaczego? Bo nie znam \u017cadnych jego wyra\u017anych fotografii. Przybytek ten sta\u0142 do 1945 roku na rogu dzisiejszej al. Grunwaldzkiej i\u00a0ul. Ko\u015bciuszki,\u00a0vis-a-vis niewielkiego, starego katolickiego cmentarza; obecnie w miejscu zajmowanym przez budynek\u00a0hotelu przebiega wiadukt al. \u017bo\u0142nierzy Wykl\u0119tych: Hotel sw\u0105 nazw\u0105 czci\u0142, rzecz jasna, niemieck\u0105&hellip;\" \/>\n<meta property=\"og:url\" content=\"https:\/\/jarekwasielewski.pl\/zwrzeszcza\/2015\/01\/tajemniczy-hotel-hohenzollern\/\" \/>\n<meta property=\"og:site_name\" content=\"Wrzeszcz Jarka Wasielewskiego\" \/>\n<meta property=\"article:published_time\" content=\"2015-01-04T16:32:45+00:00\" \/>\n<meta property=\"article:modified_time\" content=\"2019-01-10T15:17:53+00:00\" \/>\n<meta property=\"og:image\" content=\"https:\/\/jarekwasielewski.pl\/zwrzeszcza\/wp-content\/uploads\/2015\/01\/hotel_hohenzollern_1945_r._m1.jpg\" \/>\n\t<meta property=\"og:image:width\" content=\"501\" \/>\n\t<meta property=\"og:image:height\" content=\"326\" \/>\n\t<meta property=\"og:image:type\" content=\"image\/jpeg\" \/>\n<meta name=\"author\" content=\"Jarek Wasielewski\" \/>\n<meta name=\"twitter:card\" content=\"summary_large_image\" \/>\n<meta name=\"twitter:label1\" content=\"Napisane przez\" \/>\n\t<meta name=\"twitter:data1\" content=\"Jarek Wasielewski\" \/>\n\t<meta name=\"twitter:label2\" content=\"Szacowany czas czytania\" \/>\n\t<meta name=\"twitter:data2\" content=\"1 minuta\" \/>\n<script type=\"application\/ld+json\" class=\"yoast-schema-graph\">{\"@context\":\"https:\\\/\\\/schema.org\",\"@graph\":[{\"@type\":\"Article\",\"@id\":\"https:\\\/\\\/jarekwasielewski.pl\\\/zwrzeszcza\\\/2015\\\/01\\\/tajemniczy-hotel-hohenzollern\\\/#article\",\"isPartOf\":{\"@id\":\"https:\\\/\\\/jarekwasielewski.pl\\\/zwrzeszcza\\\/2015\\\/01\\\/tajemniczy-hotel-hohenzollern\\\/\"},\"author\":{\"name\":\"Jarek Wasielewski\",\"@id\":\"https:\\\/\\\/jarekwasielewski.pl\\\/zwrzeszcza\\\/#\\\/schema\\\/person\\\/807e6ca1f9fadc1945bd9ac746422589\"},\"headline\":\"Tajemniczy Hotel Hohenzollern\",\"datePublished\":\"2015-01-04T16:32:45+00:00\",\"dateModified\":\"2019-01-10T15:17:53+00:00\",\"mainEntityOfPage\":{\"@id\":\"https:\\\/\\\/jarekwasielewski.pl\\\/zwrzeszcza\\\/2015\\\/01\\\/tajemniczy-hotel-hohenzollern\\\/\"},\"wordCount\":287,\"commentCount\":0,\"publisher\":{\"@id\":\"https:\\\/\\\/jarekwasielewski.pl\\\/zwrzeszcza\\\/#\\\/schema\\\/person\\\/807e6ca1f9fadc1945bd9ac746422589\"},\"image\":{\"@id\":\"https:\\\/\\\/jarekwasielewski.pl\\\/zwrzeszcza\\\/2015\\\/01\\\/tajemniczy-hotel-hohenzollern\\\/#primaryimage\"},\"thumbnailUrl\":\"https:\\\/\\\/jarekwasielewski.pl\\\/zwrzeszcza\\\/wp-content\\\/uploads\\\/2015\\\/01\\\/hotel_hohenzollern_1945_r._m1.jpg\",\"articleSection\":[\"Przed 1945\",\"Wszystkie\"],\"inLanguage\":\"pl-PL\",\"potentialAction\":[{\"@type\":\"CommentAction\",\"name\":\"Comment\",\"target\":[\"https:\\\/\\\/jarekwasielewski.pl\\\/zwrzeszcza\\\/2015\\\/01\\\/tajemniczy-hotel-hohenzollern\\\/#respond\"]}]},{\"@type\":\"WebPage\",\"@id\":\"https:\\\/\\\/jarekwasielewski.pl\\\/zwrzeszcza\\\/2015\\\/01\\\/tajemniczy-hotel-hohenzollern\\\/\",\"url\":\"https:\\\/\\\/jarekwasielewski.pl\\\/zwrzeszcza\\\/2015\\\/01\\\/tajemniczy-hotel-hohenzollern\\\/\",\"name\":\"Tajemniczy Hotel Hohenzollern - Wrzeszcz Jarka Wasielewskiego\",\"isPartOf\":{\"@id\":\"https:\\\/\\\/jarekwasielewski.pl\\\/zwrzeszcza\\\/#website\"},\"primaryImageOfPage\":{\"@id\":\"https:\\\/\\\/jarekwasielewski.pl\\\/zwrzeszcza\\\/2015\\\/01\\\/tajemniczy-hotel-hohenzollern\\\/#primaryimage\"},\"image\":{\"@id\":\"https:\\\/\\\/jarekwasielewski.pl\\\/zwrzeszcza\\\/2015\\\/01\\\/tajemniczy-hotel-hohenzollern\\\/#primaryimage\"},\"thumbnailUrl\":\"https:\\\/\\\/jarekwasielewski.pl\\\/zwrzeszcza\\\/wp-content\\\/uploads\\\/2015\\\/01\\\/hotel_hohenzollern_1945_r._m1.jpg\",\"datePublished\":\"2015-01-04T16:32:45+00:00\",\"dateModified\":\"2019-01-10T15:17:53+00:00\",\"breadcrumb\":{\"@id\":\"https:\\\/\\\/jarekwasielewski.pl\\\/zwrzeszcza\\\/2015\\\/01\\\/tajemniczy-hotel-hohenzollern\\\/#breadcrumb\"},\"inLanguage\":\"pl-PL\",\"potentialAction\":[{\"@type\":\"ReadAction\",\"target\":[\"https:\\\/\\\/jarekwasielewski.pl\\\/zwrzeszcza\\\/2015\\\/01\\\/tajemniczy-hotel-hohenzollern\\\/\"]}]},{\"@type\":\"ImageObject\",\"inLanguage\":\"pl-PL\",\"@id\":\"https:\\\/\\\/jarekwasielewski.pl\\\/zwrzeszcza\\\/2015\\\/01\\\/tajemniczy-hotel-hohenzollern\\\/#primaryimage\",\"url\":\"https:\\\/\\\/jarekwasielewski.pl\\\/zwrzeszcza\\\/wp-content\\\/uploads\\\/2015\\\/01\\\/hotel_hohenzollern_1945_r._m1.jpg\",\"contentUrl\":\"https:\\\/\\\/jarekwasielewski.pl\\\/zwrzeszcza\\\/wp-content\\\/uploads\\\/2015\\\/01\\\/hotel_hohenzollern_1945_r._m1.jpg\",\"width\":501,\"height\":326},{\"@type\":\"BreadcrumbList\",\"@id\":\"https:\\\/\\\/jarekwasielewski.pl\\\/zwrzeszcza\\\/2015\\\/01\\\/tajemniczy-hotel-hohenzollern\\\/#breadcrumb\",\"itemListElement\":[{\"@type\":\"ListItem\",\"position\":1,\"name\":\"Strona g\u0142\u00f3wna\",\"item\":\"https:\\\/\\\/jarekwasielewski.pl\\\/zwrzeszcza\\\/\"},{\"@type\":\"ListItem\",\"position\":2,\"name\":\"Tajemniczy Hotel Hohenzollern\"}]},{\"@type\":\"WebSite\",\"@id\":\"https:\\\/\\\/jarekwasielewski.pl\\\/zwrzeszcza\\\/#website\",\"url\":\"https:\\\/\\\/jarekwasielewski.pl\\\/zwrzeszcza\\\/\",\"name\":\"Wrzeszcza Jarka Wasielewskiego\",\"description\":\"Blog Jarka Wasielewskiego o Wrzeszczu\",\"publisher\":{\"@id\":\"https:\\\/\\\/jarekwasielewski.pl\\\/zwrzeszcza\\\/#\\\/schema\\\/person\\\/807e6ca1f9fadc1945bd9ac746422589\"},\"potentialAction\":[{\"@type\":\"SearchAction\",\"target\":{\"@type\":\"EntryPoint\",\"urlTemplate\":\"https:\\\/\\\/jarekwasielewski.pl\\\/zwrzeszcza\\\/?s={search_term_string}\"},\"query-input\":{\"@type\":\"PropertyValueSpecification\",\"valueRequired\":true,\"valueName\":\"search_term_string\"}}],\"inLanguage\":\"pl-PL\"},{\"@type\":[\"Person\",\"Organization\"],\"@id\":\"https:\\\/\\\/jarekwasielewski.pl\\\/zwrzeszcza\\\/#\\\/schema\\\/person\\\/807e6ca1f9fadc1945bd9ac746422589\",\"name\":\"Jarek Wasielewski\",\"image\":{\"@type\":\"ImageObject\",\"inLanguage\":\"pl-PL\",\"@id\":\"http:\\\/\\\/jarekwasielewski.pl\\\/zwrzeszcza\\\/wp-content\\\/uploads\\\/2021\\\/09\\\/jw.png\",\"url\":\"http:\\\/\\\/jarekwasielewski.pl\\\/zwrzeszcza\\\/wp-content\\\/uploads\\\/2021\\\/09\\\/jw.png\",\"contentUrl\":\"http:\\\/\\\/jarekwasielewski.pl\\\/zwrzeszcza\\\/wp-content\\\/uploads\\\/2021\\\/09\\\/jw.png\",\"width\":715,\"height\":630,\"caption\":\"Jarek Wasielewski\"},\"logo\":{\"@id\":\"http:\\\/\\\/jarekwasielewski.pl\\\/zwrzeszcza\\\/wp-content\\\/uploads\\\/2021\\\/09\\\/jw.png\"},\"sameAs\":[\"http:\\\/\\\/jarekwasielewski.pl\\\/zwrzeszcza\"]}]}<\/script>\n<!-- \/ Yoast SEO plugin. -->","yoast_head_json":{"title":"Tajemniczy Hotel Hohenzollern - Wrzeszcz Jarka Wasielewskiego","robots":{"index":"index","follow":"follow","max-snippet":"max-snippet:-1","max-image-preview":"max-image-preview:large","max-video-preview":"max-video-preview:-1"},"canonical":"https:\/\/jarekwasielewski.pl\/zwrzeszcza\/2015\/01\/tajemniczy-hotel-hohenzollern\/","og_locale":"pl_PL","og_type":"article","og_title":"Tajemniczy Hotel Hohenzollern - Wrzeszcz Jarka Wasielewskiego","og_description":"Jednym z najbardziej tajemniczych miejsc przedwojennego Wrzeszcza jest dla mnie Hotel Hohenzollern. Dlaczego? Bo nie znam \u017cadnych jego wyra\u017anych fotografii. Przybytek ten sta\u0142 do 1945 roku na rogu dzisiejszej al. Grunwaldzkiej i\u00a0ul. Ko\u015bciuszki,\u00a0vis-a-vis niewielkiego, starego katolickiego cmentarza; obecnie w miejscu zajmowanym przez budynek\u00a0hotelu przebiega wiadukt al. \u017bo\u0142nierzy Wykl\u0119tych: Hotel sw\u0105 nazw\u0105 czci\u0142, rzecz jasna, niemieck\u0105&hellip;","og_url":"https:\/\/jarekwasielewski.pl\/zwrzeszcza\/2015\/01\/tajemniczy-hotel-hohenzollern\/","og_site_name":"Wrzeszcz Jarka Wasielewskiego","article_published_time":"2015-01-04T16:32:45+00:00","article_modified_time":"2019-01-10T15:17:53+00:00","og_image":[{"width":501,"height":326,"url":"https:\/\/jarekwasielewski.pl\/zwrzeszcza\/wp-content\/uploads\/2015\/01\/hotel_hohenzollern_1945_r._m1.jpg","type":"image\/jpeg"}],"author":"Jarek Wasielewski","twitter_card":"summary_large_image","twitter_misc":{"Napisane przez":"Jarek Wasielewski","Szacowany czas czytania":"1 minuta"},"schema":{"@context":"https:\/\/schema.org","@graph":[{"@type":"Article","@id":"https:\/\/jarekwasielewski.pl\/zwrzeszcza\/2015\/01\/tajemniczy-hotel-hohenzollern\/#article","isPartOf":{"@id":"https:\/\/jarekwasielewski.pl\/zwrzeszcza\/2015\/01\/tajemniczy-hotel-hohenzollern\/"},"author":{"name":"Jarek Wasielewski","@id":"https:\/\/jarekwasielewski.pl\/zwrzeszcza\/#\/schema\/person\/807e6ca1f9fadc1945bd9ac746422589"},"headline":"Tajemniczy Hotel Hohenzollern","datePublished":"2015-01-04T16:32:45+00:00","dateModified":"2019-01-10T15:17:53+00:00","mainEntityOfPage":{"@id":"https:\/\/jarekwasielewski.pl\/zwrzeszcza\/2015\/01\/tajemniczy-hotel-hohenzollern\/"},"wordCount":287,"commentCount":0,"publisher":{"@id":"https:\/\/jarekwasielewski.pl\/zwrzeszcza\/#\/schema\/person\/807e6ca1f9fadc1945bd9ac746422589"},"image":{"@id":"https:\/\/jarekwasielewski.pl\/zwrzeszcza\/2015\/01\/tajemniczy-hotel-hohenzollern\/#primaryimage"},"thumbnailUrl":"https:\/\/jarekwasielewski.pl\/zwrzeszcza\/wp-content\/uploads\/2015\/01\/hotel_hohenzollern_1945_r._m1.jpg","articleSection":["Przed 1945","Wszystkie"],"inLanguage":"pl-PL","potentialAction":[{"@type":"CommentAction","name":"Comment","target":["https:\/\/jarekwasielewski.pl\/zwrzeszcza\/2015\/01\/tajemniczy-hotel-hohenzollern\/#respond"]}]},{"@type":"WebPage","@id":"https:\/\/jarekwasielewski.pl\/zwrzeszcza\/2015\/01\/tajemniczy-hotel-hohenzollern\/","url":"https:\/\/jarekwasielewski.pl\/zwrzeszcza\/2015\/01\/tajemniczy-hotel-hohenzollern\/","name":"Tajemniczy Hotel Hohenzollern - Wrzeszcz Jarka Wasielewskiego","isPartOf":{"@id":"https:\/\/jarekwasielewski.pl\/zwrzeszcza\/#website"},"primaryImageOfPage":{"@id":"https:\/\/jarekwasielewski.pl\/zwrzeszcza\/2015\/01\/tajemniczy-hotel-hohenzollern\/#primaryimage"},"image":{"@id":"https:\/\/jarekwasielewski.pl\/zwrzeszcza\/2015\/01\/tajemniczy-hotel-hohenzollern\/#primaryimage"},"thumbnailUrl":"https:\/\/jarekwasielewski.pl\/zwrzeszcza\/wp-content\/uploads\/2015\/01\/hotel_hohenzollern_1945_r._m1.jpg","datePublished":"2015-01-04T16:32:45+00:00","dateModified":"2019-01-10T15:17:53+00:00","breadcrumb":{"@id":"https:\/\/jarekwasielewski.pl\/zwrzeszcza\/2015\/01\/tajemniczy-hotel-hohenzollern\/#breadcrumb"},"inLanguage":"pl-PL","potentialAction":[{"@type":"ReadAction","target":["https:\/\/jarekwasielewski.pl\/zwrzeszcza\/2015\/01\/tajemniczy-hotel-hohenzollern\/"]}]},{"@type":"ImageObject","inLanguage":"pl-PL","@id":"https:\/\/jarekwasielewski.pl\/zwrzeszcza\/2015\/01\/tajemniczy-hotel-hohenzollern\/#primaryimage","url":"https:\/\/jarekwasielewski.pl\/zwrzeszcza\/wp-content\/uploads\/2015\/01\/hotel_hohenzollern_1945_r._m1.jpg","contentUrl":"https:\/\/jarekwasielewski.pl\/zwrzeszcza\/wp-content\/uploads\/2015\/01\/hotel_hohenzollern_1945_r._m1.jpg","width":501,"height":326},{"@type":"BreadcrumbList","@id":"https:\/\/jarekwasielewski.pl\/zwrzeszcza\/2015\/01\/tajemniczy-hotel-hohenzollern\/#breadcrumb","itemListElement":[{"@type":"ListItem","position":1,"name":"Strona g\u0142\u00f3wna","item":"https:\/\/jarekwasielewski.pl\/zwrzeszcza\/"},{"@type":"ListItem","position":2,"name":"Tajemniczy Hotel Hohenzollern"}]},{"@type":"WebSite","@id":"https:\/\/jarekwasielewski.pl\/zwrzeszcza\/#website","url":"https:\/\/jarekwasielewski.pl\/zwrzeszcza\/","name":"Wrzeszcza Jarka Wasielewskiego","description":"Blog Jarka Wasielewskiego o Wrzeszczu","publisher":{"@id":"https:\/\/jarekwasielewski.pl\/zwrzeszcza\/#\/schema\/person\/807e6ca1f9fadc1945bd9ac746422589"},"potentialAction":[{"@type":"SearchAction","target":{"@type":"EntryPoint","urlTemplate":"https:\/\/jarekwasielewski.pl\/zwrzeszcza\/?s={search_term_string}"},"query-input":{"@type":"PropertyValueSpecification","valueRequired":true,"valueName":"search_term_string"}}],"inLanguage":"pl-PL"},{"@type":["Person","Organization"],"@id":"https:\/\/jarekwasielewski.pl\/zwrzeszcza\/#\/schema\/person\/807e6ca1f9fadc1945bd9ac746422589","name":"Jarek Wasielewski","image":{"@type":"ImageObject","inLanguage":"pl-PL","@id":"http:\/\/jarekwasielewski.pl\/zwrzeszcza\/wp-content\/uploads\/2021\/09\/jw.png","url":"http:\/\/jarekwasielewski.pl\/zwrzeszcza\/wp-content\/uploads\/2021\/09\/jw.png","contentUrl":"http:\/\/jarekwasielewski.pl\/zwrzeszcza\/wp-content\/uploads\/2021\/09\/jw.png","width":715,"height":630,"caption":"Jarek Wasielewski"},"logo":{"@id":"http:\/\/jarekwasielewski.pl\/zwrzeszcza\/wp-content\/uploads\/2021\/09\/jw.png"},"sameAs":["http:\/\/jarekwasielewski.pl\/zwrzeszcza"]}]}},"_links":{"self":[{"href":"https:\/\/jarekwasielewski.pl\/zwrzeszcza\/wp-json\/wp\/v2\/posts\/1658","targetHints":{"allow":["GET"]}}],"collection":[{"href":"https:\/\/jarekwasielewski.pl\/zwrzeszcza\/wp-json\/wp\/v2\/posts"}],"about":[{"href":"https:\/\/jarekwasielewski.pl\/zwrzeszcza\/wp-json\/wp\/v2\/types\/post"}],"author":[{"embeddable":true,"href":"https:\/\/jarekwasielewski.pl\/zwrzeszcza\/wp-json\/wp\/v2\/users\/1"}],"replies":[{"embeddable":true,"href":"https:\/\/jarekwasielewski.pl\/zwrzeszcza\/wp-json\/wp\/v2\/comments?post=1658"}],"version-history":[{"count":0,"href":"https:\/\/jarekwasielewski.pl\/zwrzeszcza\/wp-json\/wp\/v2\/posts\/1658\/revisions"}],"wp:featuredmedia":[{"embeddable":true,"href":"https:\/\/jarekwasielewski.pl\/zwrzeszcza\/wp-json\/wp\/v2\/media\/1668"}],"wp:attachment":[{"href":"https:\/\/jarekwasielewski.pl\/zwrzeszcza\/wp-json\/wp\/v2\/media?parent=1658"}],"wp:term":[{"taxonomy":"category","embeddable":true,"href":"https:\/\/jarekwasielewski.pl\/zwrzeszcza\/wp-json\/wp\/v2\/categories?post=1658"},{"taxonomy":"post_tag","embeddable":true,"href":"https:\/\/jarekwasielewski.pl\/zwrzeszcza\/wp-json\/wp\/v2\/tags?post=1658"}],"curies":[{"name":"wp","href":"https:\/\/api.w.org\/{rel}","templated":true}]}}