{"id":108,"date":"2012-10-15T00:32:00","date_gmt":"2012-10-14T22:32:00","guid":{"rendered":"http:\/\/jotwu.16mb.com\/zwrzeszcza\/uncategorized\/osiedle-wojska-polskiego-w-strzyzy-czyli-post-scriptum-do-zapomnianego-osiedla-roosevelta\/"},"modified":"2023-11-13T12:02:30","modified_gmt":"2023-11-13T11:02:30","slug":"osiedle-wojska-polskiego-w-strzyzy-czyli-post-scriptum-do-zapomnianego-osiedla-roosevelta","status":"publish","type":"post","link":"https:\/\/jarekwasielewski.pl\/zwrzeszcza\/2012\/10\/osiedle-wojska-polskiego-w-strzyzy-czyli-post-scriptum-do-zapomnianego-osiedla-roosevelta\/","title":{"rendered":"Osiedle Wojska Polskiego w Strzy\u017cy, czyli post scriptum do \u201eZapomnianego Osiedla Roosevelta\u201d"},"content":{"rendered":"<p style=\"text-align: justify;\">W artykule w bie\u017c\u0105cym numerze <i>30 dni <\/i>zasygnalizowa\u0142em, i\u017c Osiedle Roosevelta powstawa\u0142o r\u00f3wnolegle z Osiedlem Wojska Polskiego. R\u00f3wnoleg\u0142o\u015b\u0107 ta mia\u0142a charakter nie tylko czasowy, obie inwestycje \u0142\u0105czy\u0142o wi\u0119cej: podobnie peryferyjna wzgl\u0119dem Wrzeszcza lokalizacja, podobne warunki terenowe, podobny charakter zabudowy. Poni\u017csze podaj\u0119 gwoli uzupe\u0142nienia.<\/p>\n<p style=\"text-align: justify;\">Nowe osiedle robotnicze mia\u0142o stan\u0105\u0107 <a href=\"http:\/\/mapa.targeo.pl\/Punkt_1,20,18.5826874,54.3869053?l=7f5eb639618d853c\" target=\"_blank\" rel=\"noopener\">w p\u00f3\u0142nocno-zachodniej cz\u0119\u015bci Wrzeszcza, czyli tak naprawd\u0119 w Strzy\u017cy<\/a>, na niezabudowanym obszarze mi\u0119dzy al. Wojska Polskiego i ul. Chrzanowskiego oraz ulicami \u017beglarsk\u0105 i \u015amia\u0142\u0105 (dzi\u015b: ks. Sychty). Osiedle mia\u0142o stworzy\u0107 zwart\u0105 urbanistycznie ca\u0142o\u015b\u0107, wyposa\u017con\u0105 w obiekty handlowo-us\u0142ugowe, kt\u00f3re obs\u0142ugiwa\u0142yby tak\u017ce \u201e<i>niedostatecznie wyposa\u017cone tereny s\u0105siednie<\/i>\u201d. Cz\u0119\u015b\u0107 handlowo-us\u0142ugowa skupi\u0107 si\u0119 mia\u0142a g\u0142\u00f3wnie wok\u00f3\u0142 wytyczonego jako swoisty rynek prostok\u0105tnego placu, opieraj\u0105cego si\u0119 cz\u0119\u015bciowo o zakr\u0119caj\u0105c\u0105 tu alej\u0119 Wojska Polskiego oraz krzy\u017cuj\u0105c\u0105 si\u0119 z ni\u0105 ul. Chopina. Przy skwerze tym \u2013 Placu Wojska Polskiego (dzi\u015b plac gen. Maczka) \u2013 mia\u0142 tak\u017ce stan\u0105\u0107 gmach domu spo\u0142ecznego. Poza tym przewidziano budow\u0119 szko\u0142y podstawowej, przedszkola, \u017c\u0142obka, \u015bwietlicy i klubu robotniczego. Przestrze\u0144 rekreacyjn\u0105 mia\u0142y zapewni\u0107 ziele\u0144ce oraz otaczaj\u0105cy osiedle od strony zachodniej las.<\/p>\nngg_shortcode_0_placeholder\n<p style=\"text-align: justify;\">Jak nietrudno si\u0119 domy\u015bli\u0107, nazw\u0119 osiedlu nada\u0142a jej g\u0142\u00f3wna arteria, czyli aleja Wojska Polskiego. W doniesieniach prasowych nie ma jednak co do tej nazwy zgody: raz nazywano je <i>Osiedlem Wojska Polskiego<\/i>, kiedy indziej <i>osiedlem przy al. Wojska Polskiego<\/i>.<\/p>\n<p style=\"text-align: justify;\">Budowa ruszy\u0142a w 1952 roku. Nowoczesne, jak na \u00f3wczesne standardy, 3-4 kondygnacyjne domy, o mieszkaniach 2-3 izbowych, wyposa\u017cone by\u0142y w centralne ogrzewanie, zasilane z osiedlowej kot\u0142owni. Zgodnie z duchem epoki stosowano tu maksymaln\u0105 mechanizacj\u0119 oraz metody budownictwa potokowego. Pierwsze budynki oddano ju\u017c wiosn\u0105 1953 roku; latem otwarto pierwsze sklepy. R\u00f3wnolegle z domami mieszkalnymi wznoszono obiekty u\u017cyteczno\u015bci publicznej. Pi\u0119tnastoizbow\u0105 szko\u0142\u0119 podstawow\u0105 oddano do u\u017cytku pod koniec 1954 roku (SP nr 66, dzi\u015b Gimnazjum nr 1). Zlokalizowano j\u0105 na p\u00f3\u0142nocnym skraju osiedla, przy ul. Nowotki (wcze\u015bniej ul. Rataja, dzi\u015b ul. Wilka-Krzy\u017canowskiego; do 1970 roku dzia\u0142a\u0142a tam tak\u017ce SP nr 44, kt\u00f3r\u0105 w tym w\u0142a\u015bnie roku &#8222;wypar\u0142o&#8221; powsta\u0142e w 1951 IX LO).30 pa\u017adziernika 1953 roku dokonano zmiany nazw szeregu ulic Gda\u0144ska, w tym Strzy\u017cy. Nowe ulice Osiedla Wojska Polskiego otrzyma\u0142y nazwy: Micha\u0142a&nbsp;Glinki oraz Grzegorza Fitelberga. Pierwszy z patron\u00f3w (1804-1857) by\u0142 rosyjskim kompozytorem, drugi z nich (1879-1953) &#8211; polskim dyrygentem, kompozytorem i skrzypkiem, przez co obaj \u015bwietnie \u201ewpisywali si\u0119\u201d w toponomastyk\u0119 Strzy\u017cy (por\u00f3wnaj ulice: Chopina, Moniuszki, Szymanowskiego, Nowowiejskiego, Kar\u0142owicza\u2026).<\/p>\n<p style=\"text-align: justify;\">Budow\u0119 osiedla uko\u0144czono w roku 1955, nie wszystko jednak dopi\u0119to na ostatni guzik. Dawny plac budowy jeszcze przez kilka lat nie zosta\u0142 w pe\u0142ni uporz\u0105dkowany (w 1960 roku <i>Dziennik Ba\u0142tycki<\/i> utyskiwa\u0142 na fakt, \u017ce nie zaj\u0119li si\u0119 tym sami mieszka\u0144cy osiedla).<\/p>\n","protected":false},"excerpt":{"rendered":"<p>W artykule w bie\u017c\u0105cym numerze 30 dni zasygnalizowa\u0142em, i\u017c Osiedle Roosevelta powstawa\u0142o r\u00f3wnolegle z Osiedlem Wojska Polskiego. R\u00f3wnoleg\u0142o\u015b\u0107 ta mia\u0142a charakter nie tylko czasowy, obie inwestycje \u0142\u0105czy\u0142o wi\u0119cej: podobnie peryferyjna wzgl\u0119dem Wrzeszcza lokalizacja, podobne warunki terenowe, podobny charakter zabudowy. Poni\u017csze podaj\u0119 gwoli uzupe\u0142nienia. Nowe osiedle robotnicze mia\u0142o stan\u0105\u0107 w p\u00f3\u0142nocno-zachodniej cz\u0119\u015bci Wrzeszcza, czyli tak naprawd\u0119&hellip;<\/p>\n","protected":false},"author":2,"featured_media":445,"comment_status":"open","ping_status":"open","sticky":false,"template":"","format":"standard","meta":{"ngg_post_thumbnail":0,"footnotes":""},"categories":[6,8],"tags":[],"class_list":["post-108","post","type-post","status-publish","format-standard","has-post-thumbnail","hentry","category-po-1945","category-wszystkie"],"yoast_head":"<!-- This site is optimized with the Yoast SEO plugin v27.3 - https:\/\/yoast.com\/product\/yoast-seo-wordpress\/ -->\n<title>Osiedle Wojska Polskiego w Strzy\u017cy, czyli post scriptum do \u201eZapomnianego Osiedla Roosevelta\u201d - Wrzeszcz Jarka Wasielewskiego<\/title>\n<meta name=\"robots\" content=\"index, follow, max-snippet:-1, max-image-preview:large, max-video-preview:-1\" \/>\n<link rel=\"canonical\" href=\"https:\/\/jarekwasielewski.pl\/zwrzeszcza\/2012\/10\/osiedle-wojska-polskiego-w-strzyzy-czyli-post-scriptum-do-zapomnianego-osiedla-roosevelta\/\" \/>\n<meta property=\"og:locale\" content=\"pl_PL\" \/>\n<meta property=\"og:type\" content=\"article\" \/>\n<meta property=\"og:title\" content=\"Osiedle Wojska Polskiego w Strzy\u017cy, czyli post scriptum do \u201eZapomnianego Osiedla Roosevelta\u201d - Wrzeszcz Jarka Wasielewskiego\" \/>\n<meta property=\"og:description\" content=\"W artykule w bie\u017c\u0105cym numerze 30 dni zasygnalizowa\u0142em, i\u017c Osiedle Roosevelta powstawa\u0142o r\u00f3wnolegle z Osiedlem Wojska Polskiego. R\u00f3wnoleg\u0142o\u015b\u0107 ta mia\u0142a charakter nie tylko czasowy, obie inwestycje \u0142\u0105czy\u0142o wi\u0119cej: podobnie peryferyjna wzgl\u0119dem Wrzeszcza lokalizacja, podobne warunki terenowe, podobny charakter zabudowy. Poni\u017csze podaj\u0119 gwoli uzupe\u0142nienia. Nowe osiedle robotnicze mia\u0142o stan\u0105\u0107 w p\u00f3\u0142nocno-zachodniej cz\u0119\u015bci Wrzeszcza, czyli tak naprawd\u0119&hellip;\" \/>\n<meta property=\"og:url\" content=\"https:\/\/jarekwasielewski.pl\/zwrzeszcza\/2012\/10\/osiedle-wojska-polskiego-w-strzyzy-czyli-post-scriptum-do-zapomnianego-osiedla-roosevelta\/\" \/>\n<meta property=\"og:site_name\" content=\"Wrzeszcz Jarka Wasielewskiego\" \/>\n<meta property=\"article:published_time\" content=\"2012-10-14T22:32:00+00:00\" \/>\n<meta property=\"article:modified_time\" content=\"2023-11-13T11:02:30+00:00\" \/>\n<meta property=\"og:image\" content=\"https:\/\/jarekwasielewski.pl\/zwrzeszcza\/wp-content\/uploads\/2012\/10\/osiedle_wojska_polskiego_szermer.jpg\" \/>\n\t<meta property=\"og:image:width\" content=\"700\" \/>\n\t<meta property=\"og:image:height\" content=\"379\" \/>\n\t<meta property=\"og:image:type\" content=\"image\/jpeg\" \/>\n<meta name=\"author\" content=\"Jarek Wasielewski\" \/>\n<meta name=\"twitter:card\" content=\"summary_large_image\" \/>\n<meta name=\"twitter:label1\" content=\"Napisane przez\" \/>\n\t<meta name=\"twitter:data1\" content=\"Jarek Wasielewski\" \/>\n\t<meta name=\"twitter:label2\" content=\"Szacowany czas czytania\" \/>\n\t<meta name=\"twitter:data2\" content=\"3 minuty\" \/>\n<script type=\"application\/ld+json\" class=\"yoast-schema-graph\">{\"@context\":\"https:\\\/\\\/schema.org\",\"@graph\":[{\"@type\":\"Article\",\"@id\":\"https:\\\/\\\/jarekwasielewski.pl\\\/zwrzeszcza\\\/2012\\\/10\\\/osiedle-wojska-polskiego-w-strzyzy-czyli-post-scriptum-do-zapomnianego-osiedla-roosevelta\\\/#article\",\"isPartOf\":{\"@id\":\"https:\\\/\\\/jarekwasielewski.pl\\\/zwrzeszcza\\\/2012\\\/10\\\/osiedle-wojska-polskiego-w-strzyzy-czyli-post-scriptum-do-zapomnianego-osiedla-roosevelta\\\/\"},\"author\":{\"name\":\"Jarek Wasielewski\",\"@id\":\"https:\\\/\\\/jarekwasielewski.pl\\\/zwrzeszcza\\\/#\\\/schema\\\/person\\\/d2582ae2f5d0ea9c9154fd6e4bcb3976\"},\"headline\":\"Osiedle Wojska Polskiego w Strzy\u017cy, czyli post scriptum do \u201eZapomnianego Osiedla Roosevelta\u201d\",\"datePublished\":\"2012-10-14T22:32:00+00:00\",\"dateModified\":\"2023-11-13T11:02:30+00:00\",\"mainEntityOfPage\":{\"@id\":\"https:\\\/\\\/jarekwasielewski.pl\\\/zwrzeszcza\\\/2012\\\/10\\\/osiedle-wojska-polskiego-w-strzyzy-czyli-post-scriptum-do-zapomnianego-osiedla-roosevelta\\\/\"},\"wordCount\":502,\"commentCount\":5,\"publisher\":{\"@id\":\"https:\\\/\\\/jarekwasielewski.pl\\\/zwrzeszcza\\\/#\\\/schema\\\/person\\\/807e6ca1f9fadc1945bd9ac746422589\"},\"image\":{\"@id\":\"https:\\\/\\\/jarekwasielewski.pl\\\/zwrzeszcza\\\/2012\\\/10\\\/osiedle-wojska-polskiego-w-strzyzy-czyli-post-scriptum-do-zapomnianego-osiedla-roosevelta\\\/#primaryimage\"},\"thumbnailUrl\":\"https:\\\/\\\/jarekwasielewski.pl\\\/zwrzeszcza\\\/wp-content\\\/uploads\\\/2012\\\/10\\\/osiedle_wojska_polskiego_szermer.jpg\",\"articleSection\":[\"Po 1945\",\"Wszystkie\"],\"inLanguage\":\"pl-PL\",\"potentialAction\":[{\"@type\":\"CommentAction\",\"name\":\"Comment\",\"target\":[\"https:\\\/\\\/jarekwasielewski.pl\\\/zwrzeszcza\\\/2012\\\/10\\\/osiedle-wojska-polskiego-w-strzyzy-czyli-post-scriptum-do-zapomnianego-osiedla-roosevelta\\\/#respond\"]}]},{\"@type\":\"WebPage\",\"@id\":\"https:\\\/\\\/jarekwasielewski.pl\\\/zwrzeszcza\\\/2012\\\/10\\\/osiedle-wojska-polskiego-w-strzyzy-czyli-post-scriptum-do-zapomnianego-osiedla-roosevelta\\\/\",\"url\":\"https:\\\/\\\/jarekwasielewski.pl\\\/zwrzeszcza\\\/2012\\\/10\\\/osiedle-wojska-polskiego-w-strzyzy-czyli-post-scriptum-do-zapomnianego-osiedla-roosevelta\\\/\",\"name\":\"Osiedle Wojska Polskiego w Strzy\u017cy, czyli post scriptum do \u201eZapomnianego Osiedla Roosevelta\u201d - Wrzeszcz Jarka Wasielewskiego\",\"isPartOf\":{\"@id\":\"https:\\\/\\\/jarekwasielewski.pl\\\/zwrzeszcza\\\/#website\"},\"primaryImageOfPage\":{\"@id\":\"https:\\\/\\\/jarekwasielewski.pl\\\/zwrzeszcza\\\/2012\\\/10\\\/osiedle-wojska-polskiego-w-strzyzy-czyli-post-scriptum-do-zapomnianego-osiedla-roosevelta\\\/#primaryimage\"},\"image\":{\"@id\":\"https:\\\/\\\/jarekwasielewski.pl\\\/zwrzeszcza\\\/2012\\\/10\\\/osiedle-wojska-polskiego-w-strzyzy-czyli-post-scriptum-do-zapomnianego-osiedla-roosevelta\\\/#primaryimage\"},\"thumbnailUrl\":\"https:\\\/\\\/jarekwasielewski.pl\\\/zwrzeszcza\\\/wp-content\\\/uploads\\\/2012\\\/10\\\/osiedle_wojska_polskiego_szermer.jpg\",\"datePublished\":\"2012-10-14T22:32:00+00:00\",\"dateModified\":\"2023-11-13T11:02:30+00:00\",\"breadcrumb\":{\"@id\":\"https:\\\/\\\/jarekwasielewski.pl\\\/zwrzeszcza\\\/2012\\\/10\\\/osiedle-wojska-polskiego-w-strzyzy-czyli-post-scriptum-do-zapomnianego-osiedla-roosevelta\\\/#breadcrumb\"},\"inLanguage\":\"pl-PL\",\"potentialAction\":[{\"@type\":\"ReadAction\",\"target\":[\"https:\\\/\\\/jarekwasielewski.pl\\\/zwrzeszcza\\\/2012\\\/10\\\/osiedle-wojska-polskiego-w-strzyzy-czyli-post-scriptum-do-zapomnianego-osiedla-roosevelta\\\/\"]}]},{\"@type\":\"ImageObject\",\"inLanguage\":\"pl-PL\",\"@id\":\"https:\\\/\\\/jarekwasielewski.pl\\\/zwrzeszcza\\\/2012\\\/10\\\/osiedle-wojska-polskiego-w-strzyzy-czyli-post-scriptum-do-zapomnianego-osiedla-roosevelta\\\/#primaryimage\",\"url\":\"https:\\\/\\\/jarekwasielewski.pl\\\/zwrzeszcza\\\/wp-content\\\/uploads\\\/2012\\\/10\\\/osiedle_wojska_polskiego_szermer.jpg\",\"contentUrl\":\"https:\\\/\\\/jarekwasielewski.pl\\\/zwrzeszcza\\\/wp-content\\\/uploads\\\/2012\\\/10\\\/osiedle_wojska_polskiego_szermer.jpg\",\"width\":700,\"height\":379},{\"@type\":\"BreadcrumbList\",\"@id\":\"https:\\\/\\\/jarekwasielewski.pl\\\/zwrzeszcza\\\/2012\\\/10\\\/osiedle-wojska-polskiego-w-strzyzy-czyli-post-scriptum-do-zapomnianego-osiedla-roosevelta\\\/#breadcrumb\",\"itemListElement\":[{\"@type\":\"ListItem\",\"position\":1,\"name\":\"Strona g\u0142\u00f3wna\",\"item\":\"https:\\\/\\\/jarekwasielewski.pl\\\/zwrzeszcza\\\/\"},{\"@type\":\"ListItem\",\"position\":2,\"name\":\"Osiedle Wojska Polskiego w Strzy\u017cy, czyli post scriptum do \u201eZapomnianego Osiedla Roosevelta\u201d\"}]},{\"@type\":\"WebSite\",\"@id\":\"https:\\\/\\\/jarekwasielewski.pl\\\/zwrzeszcza\\\/#website\",\"url\":\"https:\\\/\\\/jarekwasielewski.pl\\\/zwrzeszcza\\\/\",\"name\":\"Wrzeszcza Jarka Wasielewskiego\",\"description\":\"Blog Jarka Wasielewskiego o Wrzeszczu\",\"publisher\":{\"@id\":\"https:\\\/\\\/jarekwasielewski.pl\\\/zwrzeszcza\\\/#\\\/schema\\\/person\\\/807e6ca1f9fadc1945bd9ac746422589\"},\"potentialAction\":[{\"@type\":\"SearchAction\",\"target\":{\"@type\":\"EntryPoint\",\"urlTemplate\":\"https:\\\/\\\/jarekwasielewski.pl\\\/zwrzeszcza\\\/?s={search_term_string}\"},\"query-input\":{\"@type\":\"PropertyValueSpecification\",\"valueRequired\":true,\"valueName\":\"search_term_string\"}}],\"inLanguage\":\"pl-PL\"},{\"@type\":[\"Person\",\"Organization\"],\"@id\":\"https:\\\/\\\/jarekwasielewski.pl\\\/zwrzeszcza\\\/#\\\/schema\\\/person\\\/807e6ca1f9fadc1945bd9ac746422589\",\"name\":\"Jarek Wasielewski\",\"image\":{\"@type\":\"ImageObject\",\"inLanguage\":\"pl-PL\",\"@id\":\"http:\\\/\\\/jarekwasielewski.pl\\\/zwrzeszcza\\\/wp-content\\\/uploads\\\/2021\\\/09\\\/jw.png\",\"url\":\"http:\\\/\\\/jarekwasielewski.pl\\\/zwrzeszcza\\\/wp-content\\\/uploads\\\/2021\\\/09\\\/jw.png\",\"contentUrl\":\"http:\\\/\\\/jarekwasielewski.pl\\\/zwrzeszcza\\\/wp-content\\\/uploads\\\/2021\\\/09\\\/jw.png\",\"width\":715,\"height\":630,\"caption\":\"Jarek Wasielewski\"},\"logo\":{\"@id\":\"http:\\\/\\\/jarekwasielewski.pl\\\/zwrzeszcza\\\/wp-content\\\/uploads\\\/2021\\\/09\\\/jw.png\"},\"sameAs\":[\"http:\\\/\\\/jarekwasielewski.pl\\\/zwrzeszcza\"]},{\"@type\":\"Person\",\"@id\":\"https:\\\/\\\/jarekwasielewski.pl\\\/zwrzeszcza\\\/#\\\/schema\\\/person\\\/d2582ae2f5d0ea9c9154fd6e4bcb3976\",\"name\":\"Jarek Wasielewski\",\"image\":{\"@type\":\"ImageObject\",\"inLanguage\":\"pl-PL\",\"@id\":\"https:\\\/\\\/secure.gravatar.com\\\/avatar\\\/?s=96&d=mm&r=g\",\"url\":\"https:\\\/\\\/secure.gravatar.com\\\/avatar\\\/?s=96&d=mm&r=g\",\"contentUrl\":\"https:\\\/\\\/secure.gravatar.com\\\/avatar\\\/?s=96&d=mm&r=g\",\"caption\":\"Jarek Wasielewski\"}}]}<\/script>\n<!-- \/ Yoast SEO plugin. -->","yoast_head_json":{"title":"Osiedle Wojska Polskiego w Strzy\u017cy, czyli post scriptum do \u201eZapomnianego Osiedla Roosevelta\u201d - Wrzeszcz Jarka Wasielewskiego","robots":{"index":"index","follow":"follow","max-snippet":"max-snippet:-1","max-image-preview":"max-image-preview:large","max-video-preview":"max-video-preview:-1"},"canonical":"https:\/\/jarekwasielewski.pl\/zwrzeszcza\/2012\/10\/osiedle-wojska-polskiego-w-strzyzy-czyli-post-scriptum-do-zapomnianego-osiedla-roosevelta\/","og_locale":"pl_PL","og_type":"article","og_title":"Osiedle Wojska Polskiego w Strzy\u017cy, czyli post scriptum do \u201eZapomnianego Osiedla Roosevelta\u201d - Wrzeszcz Jarka Wasielewskiego","og_description":"W artykule w bie\u017c\u0105cym numerze 30 dni zasygnalizowa\u0142em, i\u017c Osiedle Roosevelta powstawa\u0142o r\u00f3wnolegle z Osiedlem Wojska Polskiego. R\u00f3wnoleg\u0142o\u015b\u0107 ta mia\u0142a charakter nie tylko czasowy, obie inwestycje \u0142\u0105czy\u0142o wi\u0119cej: podobnie peryferyjna wzgl\u0119dem Wrzeszcza lokalizacja, podobne warunki terenowe, podobny charakter zabudowy. Poni\u017csze podaj\u0119 gwoli uzupe\u0142nienia. Nowe osiedle robotnicze mia\u0142o stan\u0105\u0107 w p\u00f3\u0142nocno-zachodniej cz\u0119\u015bci Wrzeszcza, czyli tak naprawd\u0119&hellip;","og_url":"https:\/\/jarekwasielewski.pl\/zwrzeszcza\/2012\/10\/osiedle-wojska-polskiego-w-strzyzy-czyli-post-scriptum-do-zapomnianego-osiedla-roosevelta\/","og_site_name":"Wrzeszcz Jarka Wasielewskiego","article_published_time":"2012-10-14T22:32:00+00:00","article_modified_time":"2023-11-13T11:02:30+00:00","og_image":[{"width":700,"height":379,"url":"https:\/\/jarekwasielewski.pl\/zwrzeszcza\/wp-content\/uploads\/2012\/10\/osiedle_wojska_polskiego_szermer.jpg","type":"image\/jpeg"}],"author":"Jarek Wasielewski","twitter_card":"summary_large_image","twitter_misc":{"Napisane przez":"Jarek Wasielewski","Szacowany czas czytania":"3 minuty"},"schema":{"@context":"https:\/\/schema.org","@graph":[{"@type":"Article","@id":"https:\/\/jarekwasielewski.pl\/zwrzeszcza\/2012\/10\/osiedle-wojska-polskiego-w-strzyzy-czyli-post-scriptum-do-zapomnianego-osiedla-roosevelta\/#article","isPartOf":{"@id":"https:\/\/jarekwasielewski.pl\/zwrzeszcza\/2012\/10\/osiedle-wojska-polskiego-w-strzyzy-czyli-post-scriptum-do-zapomnianego-osiedla-roosevelta\/"},"author":{"name":"Jarek Wasielewski","@id":"https:\/\/jarekwasielewski.pl\/zwrzeszcza\/#\/schema\/person\/d2582ae2f5d0ea9c9154fd6e4bcb3976"},"headline":"Osiedle Wojska Polskiego w Strzy\u017cy, czyli post scriptum do \u201eZapomnianego Osiedla Roosevelta\u201d","datePublished":"2012-10-14T22:32:00+00:00","dateModified":"2023-11-13T11:02:30+00:00","mainEntityOfPage":{"@id":"https:\/\/jarekwasielewski.pl\/zwrzeszcza\/2012\/10\/osiedle-wojska-polskiego-w-strzyzy-czyli-post-scriptum-do-zapomnianego-osiedla-roosevelta\/"},"wordCount":502,"commentCount":5,"publisher":{"@id":"https:\/\/jarekwasielewski.pl\/zwrzeszcza\/#\/schema\/person\/807e6ca1f9fadc1945bd9ac746422589"},"image":{"@id":"https:\/\/jarekwasielewski.pl\/zwrzeszcza\/2012\/10\/osiedle-wojska-polskiego-w-strzyzy-czyli-post-scriptum-do-zapomnianego-osiedla-roosevelta\/#primaryimage"},"thumbnailUrl":"https:\/\/jarekwasielewski.pl\/zwrzeszcza\/wp-content\/uploads\/2012\/10\/osiedle_wojska_polskiego_szermer.jpg","articleSection":["Po 1945","Wszystkie"],"inLanguage":"pl-PL","potentialAction":[{"@type":"CommentAction","name":"Comment","target":["https:\/\/jarekwasielewski.pl\/zwrzeszcza\/2012\/10\/osiedle-wojska-polskiego-w-strzyzy-czyli-post-scriptum-do-zapomnianego-osiedla-roosevelta\/#respond"]}]},{"@type":"WebPage","@id":"https:\/\/jarekwasielewski.pl\/zwrzeszcza\/2012\/10\/osiedle-wojska-polskiego-w-strzyzy-czyli-post-scriptum-do-zapomnianego-osiedla-roosevelta\/","url":"https:\/\/jarekwasielewski.pl\/zwrzeszcza\/2012\/10\/osiedle-wojska-polskiego-w-strzyzy-czyli-post-scriptum-do-zapomnianego-osiedla-roosevelta\/","name":"Osiedle Wojska Polskiego w Strzy\u017cy, czyli post scriptum do \u201eZapomnianego Osiedla Roosevelta\u201d - Wrzeszcz Jarka Wasielewskiego","isPartOf":{"@id":"https:\/\/jarekwasielewski.pl\/zwrzeszcza\/#website"},"primaryImageOfPage":{"@id":"https:\/\/jarekwasielewski.pl\/zwrzeszcza\/2012\/10\/osiedle-wojska-polskiego-w-strzyzy-czyli-post-scriptum-do-zapomnianego-osiedla-roosevelta\/#primaryimage"},"image":{"@id":"https:\/\/jarekwasielewski.pl\/zwrzeszcza\/2012\/10\/osiedle-wojska-polskiego-w-strzyzy-czyli-post-scriptum-do-zapomnianego-osiedla-roosevelta\/#primaryimage"},"thumbnailUrl":"https:\/\/jarekwasielewski.pl\/zwrzeszcza\/wp-content\/uploads\/2012\/10\/osiedle_wojska_polskiego_szermer.jpg","datePublished":"2012-10-14T22:32:00+00:00","dateModified":"2023-11-13T11:02:30+00:00","breadcrumb":{"@id":"https:\/\/jarekwasielewski.pl\/zwrzeszcza\/2012\/10\/osiedle-wojska-polskiego-w-strzyzy-czyli-post-scriptum-do-zapomnianego-osiedla-roosevelta\/#breadcrumb"},"inLanguage":"pl-PL","potentialAction":[{"@type":"ReadAction","target":["https:\/\/jarekwasielewski.pl\/zwrzeszcza\/2012\/10\/osiedle-wojska-polskiego-w-strzyzy-czyli-post-scriptum-do-zapomnianego-osiedla-roosevelta\/"]}]},{"@type":"ImageObject","inLanguage":"pl-PL","@id":"https:\/\/jarekwasielewski.pl\/zwrzeszcza\/2012\/10\/osiedle-wojska-polskiego-w-strzyzy-czyli-post-scriptum-do-zapomnianego-osiedla-roosevelta\/#primaryimage","url":"https:\/\/jarekwasielewski.pl\/zwrzeszcza\/wp-content\/uploads\/2012\/10\/osiedle_wojska_polskiego_szermer.jpg","contentUrl":"https:\/\/jarekwasielewski.pl\/zwrzeszcza\/wp-content\/uploads\/2012\/10\/osiedle_wojska_polskiego_szermer.jpg","width":700,"height":379},{"@type":"BreadcrumbList","@id":"https:\/\/jarekwasielewski.pl\/zwrzeszcza\/2012\/10\/osiedle-wojska-polskiego-w-strzyzy-czyli-post-scriptum-do-zapomnianego-osiedla-roosevelta\/#breadcrumb","itemListElement":[{"@type":"ListItem","position":1,"name":"Strona g\u0142\u00f3wna","item":"https:\/\/jarekwasielewski.pl\/zwrzeszcza\/"},{"@type":"ListItem","position":2,"name":"Osiedle Wojska Polskiego w Strzy\u017cy, czyli post scriptum do \u201eZapomnianego Osiedla Roosevelta\u201d"}]},{"@type":"WebSite","@id":"https:\/\/jarekwasielewski.pl\/zwrzeszcza\/#website","url":"https:\/\/jarekwasielewski.pl\/zwrzeszcza\/","name":"Wrzeszcza Jarka Wasielewskiego","description":"Blog Jarka Wasielewskiego o Wrzeszczu","publisher":{"@id":"https:\/\/jarekwasielewski.pl\/zwrzeszcza\/#\/schema\/person\/807e6ca1f9fadc1945bd9ac746422589"},"potentialAction":[{"@type":"SearchAction","target":{"@type":"EntryPoint","urlTemplate":"https:\/\/jarekwasielewski.pl\/zwrzeszcza\/?s={search_term_string}"},"query-input":{"@type":"PropertyValueSpecification","valueRequired":true,"valueName":"search_term_string"}}],"inLanguage":"pl-PL"},{"@type":["Person","Organization"],"@id":"https:\/\/jarekwasielewski.pl\/zwrzeszcza\/#\/schema\/person\/807e6ca1f9fadc1945bd9ac746422589","name":"Jarek Wasielewski","image":{"@type":"ImageObject","inLanguage":"pl-PL","@id":"http:\/\/jarekwasielewski.pl\/zwrzeszcza\/wp-content\/uploads\/2021\/09\/jw.png","url":"http:\/\/jarekwasielewski.pl\/zwrzeszcza\/wp-content\/uploads\/2021\/09\/jw.png","contentUrl":"http:\/\/jarekwasielewski.pl\/zwrzeszcza\/wp-content\/uploads\/2021\/09\/jw.png","width":715,"height":630,"caption":"Jarek Wasielewski"},"logo":{"@id":"http:\/\/jarekwasielewski.pl\/zwrzeszcza\/wp-content\/uploads\/2021\/09\/jw.png"},"sameAs":["http:\/\/jarekwasielewski.pl\/zwrzeszcza"]},{"@type":"Person","@id":"https:\/\/jarekwasielewski.pl\/zwrzeszcza\/#\/schema\/person\/d2582ae2f5d0ea9c9154fd6e4bcb3976","name":"Jarek Wasielewski","image":{"@type":"ImageObject","inLanguage":"pl-PL","@id":"https:\/\/secure.gravatar.com\/avatar\/?s=96&d=mm&r=g","url":"https:\/\/secure.gravatar.com\/avatar\/?s=96&d=mm&r=g","contentUrl":"https:\/\/secure.gravatar.com\/avatar\/?s=96&d=mm&r=g","caption":"Jarek Wasielewski"}}]}},"_links":{"self":[{"href":"https:\/\/jarekwasielewski.pl\/zwrzeszcza\/wp-json\/wp\/v2\/posts\/108","targetHints":{"allow":["GET"]}}],"collection":[{"href":"https:\/\/jarekwasielewski.pl\/zwrzeszcza\/wp-json\/wp\/v2\/posts"}],"about":[{"href":"https:\/\/jarekwasielewski.pl\/zwrzeszcza\/wp-json\/wp\/v2\/types\/post"}],"author":[{"embeddable":true,"href":"https:\/\/jarekwasielewski.pl\/zwrzeszcza\/wp-json\/wp\/v2\/users\/2"}],"replies":[{"embeddable":true,"href":"https:\/\/jarekwasielewski.pl\/zwrzeszcza\/wp-json\/wp\/v2\/comments?post=108"}],"version-history":[{"count":1,"href":"https:\/\/jarekwasielewski.pl\/zwrzeszcza\/wp-json\/wp\/v2\/posts\/108\/revisions"}],"predecessor-version":[{"id":5614,"href":"https:\/\/jarekwasielewski.pl\/zwrzeszcza\/wp-json\/wp\/v2\/posts\/108\/revisions\/5614"}],"wp:featuredmedia":[{"embeddable":true,"href":"https:\/\/jarekwasielewski.pl\/zwrzeszcza\/wp-json\/wp\/v2\/media\/445"}],"wp:attachment":[{"href":"https:\/\/jarekwasielewski.pl\/zwrzeszcza\/wp-json\/wp\/v2\/media?parent=108"}],"wp:term":[{"taxonomy":"category","embeddable":true,"href":"https:\/\/jarekwasielewski.pl\/zwrzeszcza\/wp-json\/wp\/v2\/categories?post=108"},{"taxonomy":"post_tag","embeddable":true,"href":"https:\/\/jarekwasielewski.pl\/zwrzeszcza\/wp-json\/wp\/v2\/tags?post=108"}],"curies":[{"name":"wp","href":"https:\/\/api.w.org\/{rel}","templated":true}]}}