{"id":103,"date":"2012-10-29T20:37:00","date_gmt":"2012-10-29T19:37:00","guid":{"rendered":"http:\/\/jotwu.16mb.com\/zwrzeszcza\/uncategorized\/oboz-kompanii-podchorazych-kriegsmarine-przy-ostseestrasse\/"},"modified":"2023-11-13T12:03:23","modified_gmt":"2023-11-13T11:03:23","slug":"oboz-kompanii-podchorazych-kriegsmarine-przy-ostseestrasse","status":"publish","type":"post","link":"https:\/\/jarekwasielewski.pl\/zwrzeszcza\/2012\/10\/oboz-kompanii-podchorazych-kriegsmarine-przy-ostseestrasse\/","title":{"rendered":"Ob\u00f3z kompanii podchor\u0105\u017cych Kriegsmarine przy Ostseestrasse"},"content":{"rendered":"<p style=\"text-align: justify;\">Jan Daniluk, wsp\u00f3\u0142autor <a href=\"http:\/\/maszoperia.org\/ksiazki\/281-dolny-wrzeszcz-i-zaspa-gdaskie-dzielnice-9788563709011.html\" target=\"_blank\" rel=\"noopener\"><i>Dolnego Wrzeszcza i Zaspy<\/i><\/a>, zawodowo zajmuje si\u0119 histori\u0105 gda\u0144skiego garnizonu, ze szczeg\u00f3lnym naciskiem na okres II wojny \u015bwiatowej. Kiedy kilka miesi\u0119cy temu pokaza\u0142 mi poni\u017csze zdj\u0119cie, to z wra\u017cenia spad\u0142y mi skarpetki:<\/p>\n<div id=\"attachment_451\" style=\"width: 306px\" class=\"wp-caption aligncenter\"><a href=\"http:\/\/jarekwasielewski.pl\/zwrzeszcza\/wp-content\/uploads\/2012\/10\/oboz_kriegsmarine_hallera_foto.jpg\"><img loading=\"lazy\" decoding=\"async\" aria-describedby=\"caption-attachment-451\" class=\"wp-image-451 size-medium\" src=\"http:\/\/jarekwasielewski.pl\/zwrzeszcza\/wp-content\/uploads\/2012\/10\/oboz_kriegsmarine_hallera_foto-300x171.jpg\" alt=\"oboz_kriegsmarine_hallera_foto\" width=\"300\" height=\"171\" srcset=\"https:\/\/jarekwasielewski.pl\/zwrzeszcza\/wp-content\/uploads\/2012\/10\/oboz_kriegsmarine_hallera_foto-300x171.jpg 300w, https:\/\/jarekwasielewski.pl\/zwrzeszcza\/wp-content\/uploads\/2012\/10\/oboz_kriegsmarine_hallera_foto-220x126.jpg 220w, https:\/\/jarekwasielewski.pl\/zwrzeszcza\/wp-content\/uploads\/2012\/10\/oboz_kriegsmarine_hallera_foto-460x260.jpg 460w, https:\/\/jarekwasielewski.pl\/zwrzeszcza\/wp-content\/uploads\/2012\/10\/oboz_kriegsmarine_hallera_foto.jpg 600w\" sizes=\"auto, (max-width: 300px) 100vw, 300px\" \/><\/a><p id=\"caption-attachment-451\" class=\"wp-caption-text\">\u017ar\u00f3d\u0142o: Marine Rundschau nr 4\/1944<\/p><\/div>\n<p style=\"text-align: justify;\">Ka\u017cdy, kto cho\u0107 troch\u0119 zna Wrzeszcz bez problemu rozpozna widoczny w tle ko\u015bci\u00f3\u0142 przy ul. Mickiewicza (w\u00f3wczas <i>Christuskirche<\/i>). Dla u\u0142atwienia dodam, \u017ce widziany <a href=\"http:\/\/mapa.targeo.pl\/Punkt_3,19,18.6211932,54.3800762?l=2ceaa9171ca812c2\" target=\"_blank\" rel=\"noopener\">z miejsca, w kt\u00f3rym dzi\u015b stoi gmach ZSBO<\/a>. <i>To przed wojn\u0105 cokolwiek w tym miejscu by\u0142o?<\/i> \u2013 zapytacie. Przed wojn\u0105 nie, ale w czasie wojny &#8211; jak si\u0119 okazuje &#8211; ju\u017c tak:<\/p>\n<div id=\"attachment_453\" style=\"width: 238px\" class=\"wp-caption aligncenter\"><a href=\"http:\/\/jarekwasielewski.pl\/zwrzeszcza\/wp-content\/uploads\/2012\/10\/oboz_kriegsmarine_hallera_mapa_1944.jpg\"><img loading=\"lazy\" decoding=\"async\" aria-describedby=\"caption-attachment-453\" class=\"wp-image-453 size-medium\" src=\"http:\/\/jarekwasielewski.pl\/zwrzeszcza\/wp-content\/uploads\/2012\/10\/oboz_kriegsmarine_hallera_mapa_1944-232x300.jpg\" alt=\"oboz_kriegsmarine_hallera_mapa_1944\" width=\"232\" height=\"300\" srcset=\"https:\/\/jarekwasielewski.pl\/zwrzeszcza\/wp-content\/uploads\/2012\/10\/oboz_kriegsmarine_hallera_mapa_1944-232x300.jpg 232w, https:\/\/jarekwasielewski.pl\/zwrzeszcza\/wp-content\/uploads\/2012\/10\/oboz_kriegsmarine_hallera_mapa_1944.jpg 574w\" sizes=\"auto, (max-width: 232px) 100vw, 232px\" \/><\/a><p id=\"caption-attachment-453\" class=\"wp-caption-text\">Ob\u00f3z na ameryka\u0144skim planie Gda\u0144ska z 1944 roku; u g\u00f3ry po lewej zaznaczono Christuskirche (\u017ar\u00f3d\u0142o: mapywig.org)<\/p><\/div>\n<p style=\"text-align: justify;\">Na powy\u017cszej mapie zaznaczono baraki, kt\u00f3re sta\u0142y w tym miejscu w latach II wojny \u015bwiatowej. Od ko\u0144ca 1940 lub pocz\u0105tku 1941 roku do samego ko\u0144ca wojny mie\u015bci\u0142y one kompani\u0119 podchor\u0105\u017cych Kriegsmarine, kt\u00f3rej cz\u0142onkowie kszta\u0142cili si\u0119 na specjalnie powo\u0142anych kierunkach budowy okr\u0119t\u00f3w wojennych. Wi\u0119cej na ten temat znajdziecie oczywi\u015bcie w <a href=\"http:\/\/maszoperia.org\/ksiazki\/281-dolny-wrzeszcz-i-zaspa-gdaskie-dzielnice-9788563709011.html\" target=\"_blank\" rel=\"noopener\">naszej ksi\u0105\u017cce<\/a> (str. 122-123).<\/p>\n<p style=\"text-align: justify;\">Co ciekawe, to samo miejsce na budow\u0119 Zasadniczej Szko\u0142y Budowy Okr\u0119t\u00f3w (okr\u0119t\u00f3w!) dla Pracuj\u0105cych Stoczni Gda\u0144skiej wybra\u0142y w\u0142adze komunistyczne na pocz\u0105tku lat 50. Prawda, \u017ce ciekawy zbieg okoliczno\u015bci?<\/p>\n<p style=\"text-align: justify;\">Przy okazji powy\u017cszego zdj\u0119cia po raz setny zastanawiam si\u0119, ile jeszcze takich rewelacyjnych fotek czeka na odkrycie?<\/p>\n","protected":false},"excerpt":{"rendered":"<p>Jan Daniluk, wsp\u00f3\u0142autor Dolnego Wrzeszcza i Zaspy, zawodowo zajmuje si\u0119 histori\u0105 gda\u0144skiego garnizonu, ze szczeg\u00f3lnym naciskiem na okres II wojny \u015bwiatowej. Kiedy kilka miesi\u0119cy temu pokaza\u0142 mi poni\u017csze zdj\u0119cie, to z wra\u017cenia spad\u0142y mi skarpetki: Ka\u017cdy, kto cho\u0107 troch\u0119 zna Wrzeszcz bez problemu rozpozna widoczny w tle ko\u015bci\u00f3\u0142 przy ul. Mickiewicza (w\u00f3wczas Christuskirche). Dla u\u0142atwienia&hellip;<\/p>\n","protected":false},"author":2,"featured_media":451,"comment_status":"open","ping_status":"open","sticky":false,"template":"","format":"standard","meta":{"ngg_post_thumbnail":0,"footnotes":""},"categories":[7,8],"tags":[],"class_list":["post-103","post","type-post","status-publish","format-standard","has-post-thumbnail","hentry","category-przed-1945","category-wszystkie"],"yoast_head":"<!-- This site is optimized with the Yoast SEO plugin v27.3 - https:\/\/yoast.com\/product\/yoast-seo-wordpress\/ -->\n<title>Ob\u00f3z kompanii podchor\u0105\u017cych Kriegsmarine przy Ostseestrasse - Wrzeszcz Jarka Wasielewskiego<\/title>\n<meta name=\"robots\" content=\"index, follow, max-snippet:-1, max-image-preview:large, max-video-preview:-1\" \/>\n<link rel=\"canonical\" href=\"https:\/\/jarekwasielewski.pl\/zwrzeszcza\/2012\/10\/oboz-kompanii-podchorazych-kriegsmarine-przy-ostseestrasse\/\" \/>\n<meta property=\"og:locale\" content=\"pl_PL\" \/>\n<meta property=\"og:type\" content=\"article\" \/>\n<meta property=\"og:title\" content=\"Ob\u00f3z kompanii podchor\u0105\u017cych Kriegsmarine przy Ostseestrasse - Wrzeszcz Jarka Wasielewskiego\" \/>\n<meta property=\"og:description\" content=\"Jan Daniluk, wsp\u00f3\u0142autor Dolnego Wrzeszcza i Zaspy, zawodowo zajmuje si\u0119 histori\u0105 gda\u0144skiego garnizonu, ze szczeg\u00f3lnym naciskiem na okres II wojny \u015bwiatowej. Kiedy kilka miesi\u0119cy temu pokaza\u0142 mi poni\u017csze zdj\u0119cie, to z wra\u017cenia spad\u0142y mi skarpetki: Ka\u017cdy, kto cho\u0107 troch\u0119 zna Wrzeszcz bez problemu rozpozna widoczny w tle ko\u015bci\u00f3\u0142 przy ul. Mickiewicza (w\u00f3wczas Christuskirche). Dla u\u0142atwienia&hellip;\" \/>\n<meta property=\"og:url\" content=\"https:\/\/jarekwasielewski.pl\/zwrzeszcza\/2012\/10\/oboz-kompanii-podchorazych-kriegsmarine-przy-ostseestrasse\/\" \/>\n<meta property=\"og:site_name\" content=\"Wrzeszcz Jarka Wasielewskiego\" \/>\n<meta property=\"article:published_time\" content=\"2012-10-29T19:37:00+00:00\" \/>\n<meta property=\"article:modified_time\" content=\"2023-11-13T11:03:23+00:00\" \/>\n<meta property=\"og:image\" content=\"https:\/\/jarekwasielewski.pl\/zwrzeszcza\/wp-content\/uploads\/2012\/10\/oboz_kriegsmarine_hallera_foto.jpg\" \/>\n\t<meta property=\"og:image:width\" content=\"600\" \/>\n\t<meta property=\"og:image:height\" content=\"342\" \/>\n\t<meta property=\"og:image:type\" content=\"image\/jpeg\" \/>\n<meta name=\"author\" content=\"Jarek Wasielewski\" \/>\n<meta name=\"twitter:card\" content=\"summary_large_image\" \/>\n<meta name=\"twitter:label1\" content=\"Napisane przez\" \/>\n\t<meta name=\"twitter:data1\" content=\"Jarek Wasielewski\" \/>\n\t<meta name=\"twitter:label2\" content=\"Szacowany czas czytania\" \/>\n\t<meta name=\"twitter:data2\" content=\"2 minuty\" \/>\n<script type=\"application\/ld+json\" class=\"yoast-schema-graph\">{\"@context\":\"https:\\\/\\\/schema.org\",\"@graph\":[{\"@type\":\"Article\",\"@id\":\"https:\\\/\\\/jarekwasielewski.pl\\\/zwrzeszcza\\\/2012\\\/10\\\/oboz-kompanii-podchorazych-kriegsmarine-przy-ostseestrasse\\\/#article\",\"isPartOf\":{\"@id\":\"https:\\\/\\\/jarekwasielewski.pl\\\/zwrzeszcza\\\/2012\\\/10\\\/oboz-kompanii-podchorazych-kriegsmarine-przy-ostseestrasse\\\/\"},\"author\":{\"name\":\"Jarek Wasielewski\",\"@id\":\"https:\\\/\\\/jarekwasielewski.pl\\\/zwrzeszcza\\\/#\\\/schema\\\/person\\\/d2582ae2f5d0ea9c9154fd6e4bcb3976\"},\"headline\":\"Ob\u00f3z kompanii podchor\u0105\u017cych Kriegsmarine przy Ostseestrasse\",\"datePublished\":\"2012-10-29T19:37:00+00:00\",\"dateModified\":\"2023-11-13T11:03:23+00:00\",\"mainEntityOfPage\":{\"@id\":\"https:\\\/\\\/jarekwasielewski.pl\\\/zwrzeszcza\\\/2012\\\/10\\\/oboz-kompanii-podchorazych-kriegsmarine-przy-ostseestrasse\\\/\"},\"wordCount\":279,\"commentCount\":8,\"publisher\":{\"@id\":\"https:\\\/\\\/jarekwasielewski.pl\\\/zwrzeszcza\\\/#\\\/schema\\\/person\\\/807e6ca1f9fadc1945bd9ac746422589\"},\"image\":{\"@id\":\"https:\\\/\\\/jarekwasielewski.pl\\\/zwrzeszcza\\\/2012\\\/10\\\/oboz-kompanii-podchorazych-kriegsmarine-przy-ostseestrasse\\\/#primaryimage\"},\"thumbnailUrl\":\"https:\\\/\\\/jarekwasielewski.pl\\\/zwrzeszcza\\\/wp-content\\\/uploads\\\/2012\\\/10\\\/oboz_kriegsmarine_hallera_foto.jpg\",\"articleSection\":[\"Przed 1945\",\"Wszystkie\"],\"inLanguage\":\"pl-PL\",\"potentialAction\":[{\"@type\":\"CommentAction\",\"name\":\"Comment\",\"target\":[\"https:\\\/\\\/jarekwasielewski.pl\\\/zwrzeszcza\\\/2012\\\/10\\\/oboz-kompanii-podchorazych-kriegsmarine-przy-ostseestrasse\\\/#respond\"]}]},{\"@type\":\"WebPage\",\"@id\":\"https:\\\/\\\/jarekwasielewski.pl\\\/zwrzeszcza\\\/2012\\\/10\\\/oboz-kompanii-podchorazych-kriegsmarine-przy-ostseestrasse\\\/\",\"url\":\"https:\\\/\\\/jarekwasielewski.pl\\\/zwrzeszcza\\\/2012\\\/10\\\/oboz-kompanii-podchorazych-kriegsmarine-przy-ostseestrasse\\\/\",\"name\":\"Ob\u00f3z kompanii podchor\u0105\u017cych Kriegsmarine przy Ostseestrasse - Wrzeszcz Jarka Wasielewskiego\",\"isPartOf\":{\"@id\":\"https:\\\/\\\/jarekwasielewski.pl\\\/zwrzeszcza\\\/#website\"},\"primaryImageOfPage\":{\"@id\":\"https:\\\/\\\/jarekwasielewski.pl\\\/zwrzeszcza\\\/2012\\\/10\\\/oboz-kompanii-podchorazych-kriegsmarine-przy-ostseestrasse\\\/#primaryimage\"},\"image\":{\"@id\":\"https:\\\/\\\/jarekwasielewski.pl\\\/zwrzeszcza\\\/2012\\\/10\\\/oboz-kompanii-podchorazych-kriegsmarine-przy-ostseestrasse\\\/#primaryimage\"},\"thumbnailUrl\":\"https:\\\/\\\/jarekwasielewski.pl\\\/zwrzeszcza\\\/wp-content\\\/uploads\\\/2012\\\/10\\\/oboz_kriegsmarine_hallera_foto.jpg\",\"datePublished\":\"2012-10-29T19:37:00+00:00\",\"dateModified\":\"2023-11-13T11:03:23+00:00\",\"breadcrumb\":{\"@id\":\"https:\\\/\\\/jarekwasielewski.pl\\\/zwrzeszcza\\\/2012\\\/10\\\/oboz-kompanii-podchorazych-kriegsmarine-przy-ostseestrasse\\\/#breadcrumb\"},\"inLanguage\":\"pl-PL\",\"potentialAction\":[{\"@type\":\"ReadAction\",\"target\":[\"https:\\\/\\\/jarekwasielewski.pl\\\/zwrzeszcza\\\/2012\\\/10\\\/oboz-kompanii-podchorazych-kriegsmarine-przy-ostseestrasse\\\/\"]}]},{\"@type\":\"ImageObject\",\"inLanguage\":\"pl-PL\",\"@id\":\"https:\\\/\\\/jarekwasielewski.pl\\\/zwrzeszcza\\\/2012\\\/10\\\/oboz-kompanii-podchorazych-kriegsmarine-przy-ostseestrasse\\\/#primaryimage\",\"url\":\"https:\\\/\\\/jarekwasielewski.pl\\\/zwrzeszcza\\\/wp-content\\\/uploads\\\/2012\\\/10\\\/oboz_kriegsmarine_hallera_foto.jpg\",\"contentUrl\":\"https:\\\/\\\/jarekwasielewski.pl\\\/zwrzeszcza\\\/wp-content\\\/uploads\\\/2012\\\/10\\\/oboz_kriegsmarine_hallera_foto.jpg\",\"width\":600,\"height\":342},{\"@type\":\"BreadcrumbList\",\"@id\":\"https:\\\/\\\/jarekwasielewski.pl\\\/zwrzeszcza\\\/2012\\\/10\\\/oboz-kompanii-podchorazych-kriegsmarine-przy-ostseestrasse\\\/#breadcrumb\",\"itemListElement\":[{\"@type\":\"ListItem\",\"position\":1,\"name\":\"Strona g\u0142\u00f3wna\",\"item\":\"https:\\\/\\\/jarekwasielewski.pl\\\/zwrzeszcza\\\/\"},{\"@type\":\"ListItem\",\"position\":2,\"name\":\"Ob\u00f3z kompanii podchor\u0105\u017cych Kriegsmarine przy Ostseestrasse\"}]},{\"@type\":\"WebSite\",\"@id\":\"https:\\\/\\\/jarekwasielewski.pl\\\/zwrzeszcza\\\/#website\",\"url\":\"https:\\\/\\\/jarekwasielewski.pl\\\/zwrzeszcza\\\/\",\"name\":\"Wrzeszcza Jarka Wasielewskiego\",\"description\":\"Blog Jarka Wasielewskiego o Wrzeszczu\",\"publisher\":{\"@id\":\"https:\\\/\\\/jarekwasielewski.pl\\\/zwrzeszcza\\\/#\\\/schema\\\/person\\\/807e6ca1f9fadc1945bd9ac746422589\"},\"potentialAction\":[{\"@type\":\"SearchAction\",\"target\":{\"@type\":\"EntryPoint\",\"urlTemplate\":\"https:\\\/\\\/jarekwasielewski.pl\\\/zwrzeszcza\\\/?s={search_term_string}\"},\"query-input\":{\"@type\":\"PropertyValueSpecification\",\"valueRequired\":true,\"valueName\":\"search_term_string\"}}],\"inLanguage\":\"pl-PL\"},{\"@type\":[\"Person\",\"Organization\"],\"@id\":\"https:\\\/\\\/jarekwasielewski.pl\\\/zwrzeszcza\\\/#\\\/schema\\\/person\\\/807e6ca1f9fadc1945bd9ac746422589\",\"name\":\"Jarek Wasielewski\",\"image\":{\"@type\":\"ImageObject\",\"inLanguage\":\"pl-PL\",\"@id\":\"http:\\\/\\\/jarekwasielewski.pl\\\/zwrzeszcza\\\/wp-content\\\/uploads\\\/2021\\\/09\\\/jw.png\",\"url\":\"http:\\\/\\\/jarekwasielewski.pl\\\/zwrzeszcza\\\/wp-content\\\/uploads\\\/2021\\\/09\\\/jw.png\",\"contentUrl\":\"http:\\\/\\\/jarekwasielewski.pl\\\/zwrzeszcza\\\/wp-content\\\/uploads\\\/2021\\\/09\\\/jw.png\",\"width\":715,\"height\":630,\"caption\":\"Jarek Wasielewski\"},\"logo\":{\"@id\":\"http:\\\/\\\/jarekwasielewski.pl\\\/zwrzeszcza\\\/wp-content\\\/uploads\\\/2021\\\/09\\\/jw.png\"},\"sameAs\":[\"http:\\\/\\\/jarekwasielewski.pl\\\/zwrzeszcza\"]},{\"@type\":\"Person\",\"@id\":\"https:\\\/\\\/jarekwasielewski.pl\\\/zwrzeszcza\\\/#\\\/schema\\\/person\\\/d2582ae2f5d0ea9c9154fd6e4bcb3976\",\"name\":\"Jarek Wasielewski\",\"image\":{\"@type\":\"ImageObject\",\"inLanguage\":\"pl-PL\",\"@id\":\"https:\\\/\\\/secure.gravatar.com\\\/avatar\\\/?s=96&d=mm&r=g\",\"url\":\"https:\\\/\\\/secure.gravatar.com\\\/avatar\\\/?s=96&d=mm&r=g\",\"contentUrl\":\"https:\\\/\\\/secure.gravatar.com\\\/avatar\\\/?s=96&d=mm&r=g\",\"caption\":\"Jarek Wasielewski\"}}]}<\/script>\n<!-- \/ Yoast SEO plugin. -->","yoast_head_json":{"title":"Ob\u00f3z kompanii podchor\u0105\u017cych Kriegsmarine przy Ostseestrasse - Wrzeszcz Jarka Wasielewskiego","robots":{"index":"index","follow":"follow","max-snippet":"max-snippet:-1","max-image-preview":"max-image-preview:large","max-video-preview":"max-video-preview:-1"},"canonical":"https:\/\/jarekwasielewski.pl\/zwrzeszcza\/2012\/10\/oboz-kompanii-podchorazych-kriegsmarine-przy-ostseestrasse\/","og_locale":"pl_PL","og_type":"article","og_title":"Ob\u00f3z kompanii podchor\u0105\u017cych Kriegsmarine przy Ostseestrasse - Wrzeszcz Jarka Wasielewskiego","og_description":"Jan Daniluk, wsp\u00f3\u0142autor Dolnego Wrzeszcza i Zaspy, zawodowo zajmuje si\u0119 histori\u0105 gda\u0144skiego garnizonu, ze szczeg\u00f3lnym naciskiem na okres II wojny \u015bwiatowej. Kiedy kilka miesi\u0119cy temu pokaza\u0142 mi poni\u017csze zdj\u0119cie, to z wra\u017cenia spad\u0142y mi skarpetki: Ka\u017cdy, kto cho\u0107 troch\u0119 zna Wrzeszcz bez problemu rozpozna widoczny w tle ko\u015bci\u00f3\u0142 przy ul. Mickiewicza (w\u00f3wczas Christuskirche). Dla u\u0142atwienia&hellip;","og_url":"https:\/\/jarekwasielewski.pl\/zwrzeszcza\/2012\/10\/oboz-kompanii-podchorazych-kriegsmarine-przy-ostseestrasse\/","og_site_name":"Wrzeszcz Jarka Wasielewskiego","article_published_time":"2012-10-29T19:37:00+00:00","article_modified_time":"2023-11-13T11:03:23+00:00","og_image":[{"width":600,"height":342,"url":"https:\/\/jarekwasielewski.pl\/zwrzeszcza\/wp-content\/uploads\/2012\/10\/oboz_kriegsmarine_hallera_foto.jpg","type":"image\/jpeg"}],"author":"Jarek Wasielewski","twitter_card":"summary_large_image","twitter_misc":{"Napisane przez":"Jarek Wasielewski","Szacowany czas czytania":"2 minuty"},"schema":{"@context":"https:\/\/schema.org","@graph":[{"@type":"Article","@id":"https:\/\/jarekwasielewski.pl\/zwrzeszcza\/2012\/10\/oboz-kompanii-podchorazych-kriegsmarine-przy-ostseestrasse\/#article","isPartOf":{"@id":"https:\/\/jarekwasielewski.pl\/zwrzeszcza\/2012\/10\/oboz-kompanii-podchorazych-kriegsmarine-przy-ostseestrasse\/"},"author":{"name":"Jarek Wasielewski","@id":"https:\/\/jarekwasielewski.pl\/zwrzeszcza\/#\/schema\/person\/d2582ae2f5d0ea9c9154fd6e4bcb3976"},"headline":"Ob\u00f3z kompanii podchor\u0105\u017cych Kriegsmarine przy Ostseestrasse","datePublished":"2012-10-29T19:37:00+00:00","dateModified":"2023-11-13T11:03:23+00:00","mainEntityOfPage":{"@id":"https:\/\/jarekwasielewski.pl\/zwrzeszcza\/2012\/10\/oboz-kompanii-podchorazych-kriegsmarine-przy-ostseestrasse\/"},"wordCount":279,"commentCount":8,"publisher":{"@id":"https:\/\/jarekwasielewski.pl\/zwrzeszcza\/#\/schema\/person\/807e6ca1f9fadc1945bd9ac746422589"},"image":{"@id":"https:\/\/jarekwasielewski.pl\/zwrzeszcza\/2012\/10\/oboz-kompanii-podchorazych-kriegsmarine-przy-ostseestrasse\/#primaryimage"},"thumbnailUrl":"https:\/\/jarekwasielewski.pl\/zwrzeszcza\/wp-content\/uploads\/2012\/10\/oboz_kriegsmarine_hallera_foto.jpg","articleSection":["Przed 1945","Wszystkie"],"inLanguage":"pl-PL","potentialAction":[{"@type":"CommentAction","name":"Comment","target":["https:\/\/jarekwasielewski.pl\/zwrzeszcza\/2012\/10\/oboz-kompanii-podchorazych-kriegsmarine-przy-ostseestrasse\/#respond"]}]},{"@type":"WebPage","@id":"https:\/\/jarekwasielewski.pl\/zwrzeszcza\/2012\/10\/oboz-kompanii-podchorazych-kriegsmarine-przy-ostseestrasse\/","url":"https:\/\/jarekwasielewski.pl\/zwrzeszcza\/2012\/10\/oboz-kompanii-podchorazych-kriegsmarine-przy-ostseestrasse\/","name":"Ob\u00f3z kompanii podchor\u0105\u017cych Kriegsmarine przy Ostseestrasse - Wrzeszcz Jarka Wasielewskiego","isPartOf":{"@id":"https:\/\/jarekwasielewski.pl\/zwrzeszcza\/#website"},"primaryImageOfPage":{"@id":"https:\/\/jarekwasielewski.pl\/zwrzeszcza\/2012\/10\/oboz-kompanii-podchorazych-kriegsmarine-przy-ostseestrasse\/#primaryimage"},"image":{"@id":"https:\/\/jarekwasielewski.pl\/zwrzeszcza\/2012\/10\/oboz-kompanii-podchorazych-kriegsmarine-przy-ostseestrasse\/#primaryimage"},"thumbnailUrl":"https:\/\/jarekwasielewski.pl\/zwrzeszcza\/wp-content\/uploads\/2012\/10\/oboz_kriegsmarine_hallera_foto.jpg","datePublished":"2012-10-29T19:37:00+00:00","dateModified":"2023-11-13T11:03:23+00:00","breadcrumb":{"@id":"https:\/\/jarekwasielewski.pl\/zwrzeszcza\/2012\/10\/oboz-kompanii-podchorazych-kriegsmarine-przy-ostseestrasse\/#breadcrumb"},"inLanguage":"pl-PL","potentialAction":[{"@type":"ReadAction","target":["https:\/\/jarekwasielewski.pl\/zwrzeszcza\/2012\/10\/oboz-kompanii-podchorazych-kriegsmarine-przy-ostseestrasse\/"]}]},{"@type":"ImageObject","inLanguage":"pl-PL","@id":"https:\/\/jarekwasielewski.pl\/zwrzeszcza\/2012\/10\/oboz-kompanii-podchorazych-kriegsmarine-przy-ostseestrasse\/#primaryimage","url":"https:\/\/jarekwasielewski.pl\/zwrzeszcza\/wp-content\/uploads\/2012\/10\/oboz_kriegsmarine_hallera_foto.jpg","contentUrl":"https:\/\/jarekwasielewski.pl\/zwrzeszcza\/wp-content\/uploads\/2012\/10\/oboz_kriegsmarine_hallera_foto.jpg","width":600,"height":342},{"@type":"BreadcrumbList","@id":"https:\/\/jarekwasielewski.pl\/zwrzeszcza\/2012\/10\/oboz-kompanii-podchorazych-kriegsmarine-przy-ostseestrasse\/#breadcrumb","itemListElement":[{"@type":"ListItem","position":1,"name":"Strona g\u0142\u00f3wna","item":"https:\/\/jarekwasielewski.pl\/zwrzeszcza\/"},{"@type":"ListItem","position":2,"name":"Ob\u00f3z kompanii podchor\u0105\u017cych Kriegsmarine przy Ostseestrasse"}]},{"@type":"WebSite","@id":"https:\/\/jarekwasielewski.pl\/zwrzeszcza\/#website","url":"https:\/\/jarekwasielewski.pl\/zwrzeszcza\/","name":"Wrzeszcza Jarka Wasielewskiego","description":"Blog Jarka Wasielewskiego o Wrzeszczu","publisher":{"@id":"https:\/\/jarekwasielewski.pl\/zwrzeszcza\/#\/schema\/person\/807e6ca1f9fadc1945bd9ac746422589"},"potentialAction":[{"@type":"SearchAction","target":{"@type":"EntryPoint","urlTemplate":"https:\/\/jarekwasielewski.pl\/zwrzeszcza\/?s={search_term_string}"},"query-input":{"@type":"PropertyValueSpecification","valueRequired":true,"valueName":"search_term_string"}}],"inLanguage":"pl-PL"},{"@type":["Person","Organization"],"@id":"https:\/\/jarekwasielewski.pl\/zwrzeszcza\/#\/schema\/person\/807e6ca1f9fadc1945bd9ac746422589","name":"Jarek Wasielewski","image":{"@type":"ImageObject","inLanguage":"pl-PL","@id":"http:\/\/jarekwasielewski.pl\/zwrzeszcza\/wp-content\/uploads\/2021\/09\/jw.png","url":"http:\/\/jarekwasielewski.pl\/zwrzeszcza\/wp-content\/uploads\/2021\/09\/jw.png","contentUrl":"http:\/\/jarekwasielewski.pl\/zwrzeszcza\/wp-content\/uploads\/2021\/09\/jw.png","width":715,"height":630,"caption":"Jarek Wasielewski"},"logo":{"@id":"http:\/\/jarekwasielewski.pl\/zwrzeszcza\/wp-content\/uploads\/2021\/09\/jw.png"},"sameAs":["http:\/\/jarekwasielewski.pl\/zwrzeszcza"]},{"@type":"Person","@id":"https:\/\/jarekwasielewski.pl\/zwrzeszcza\/#\/schema\/person\/d2582ae2f5d0ea9c9154fd6e4bcb3976","name":"Jarek Wasielewski","image":{"@type":"ImageObject","inLanguage":"pl-PL","@id":"https:\/\/secure.gravatar.com\/avatar\/?s=96&d=mm&r=g","url":"https:\/\/secure.gravatar.com\/avatar\/?s=96&d=mm&r=g","contentUrl":"https:\/\/secure.gravatar.com\/avatar\/?s=96&d=mm&r=g","caption":"Jarek Wasielewski"}}]}},"_links":{"self":[{"href":"https:\/\/jarekwasielewski.pl\/zwrzeszcza\/wp-json\/wp\/v2\/posts\/103","targetHints":{"allow":["GET"]}}],"collection":[{"href":"https:\/\/jarekwasielewski.pl\/zwrzeszcza\/wp-json\/wp\/v2\/posts"}],"about":[{"href":"https:\/\/jarekwasielewski.pl\/zwrzeszcza\/wp-json\/wp\/v2\/types\/post"}],"author":[{"embeddable":true,"href":"https:\/\/jarekwasielewski.pl\/zwrzeszcza\/wp-json\/wp\/v2\/users\/2"}],"replies":[{"embeddable":true,"href":"https:\/\/jarekwasielewski.pl\/zwrzeszcza\/wp-json\/wp\/v2\/comments?post=103"}],"version-history":[{"count":1,"href":"https:\/\/jarekwasielewski.pl\/zwrzeszcza\/wp-json\/wp\/v2\/posts\/103\/revisions"}],"predecessor-version":[{"id":5615,"href":"https:\/\/jarekwasielewski.pl\/zwrzeszcza\/wp-json\/wp\/v2\/posts\/103\/revisions\/5615"}],"wp:featuredmedia":[{"embeddable":true,"href":"https:\/\/jarekwasielewski.pl\/zwrzeszcza\/wp-json\/wp\/v2\/media\/451"}],"wp:attachment":[{"href":"https:\/\/jarekwasielewski.pl\/zwrzeszcza\/wp-json\/wp\/v2\/media?parent=103"}],"wp:term":[{"taxonomy":"category","embeddable":true,"href":"https:\/\/jarekwasielewski.pl\/zwrzeszcza\/wp-json\/wp\/v2\/categories?post=103"},{"taxonomy":"post_tag","embeddable":true,"href":"https:\/\/jarekwasielewski.pl\/zwrzeszcza\/wp-json\/wp\/v2\/tags?post=103"}],"curies":[{"name":"wp","href":"https:\/\/api.w.org\/{rel}","templated":true}]}}