{"id":893,"date":"2020-09-23T07:45:20","date_gmt":"2020-09-23T06:45:20","guid":{"rendered":"http:\/\/jarekwasielewski.pl\/dawnazabianka\/?p=893"},"modified":"2020-09-23T07:52:54","modified_gmt":"2020-09-23T06:52:54","slug":"ryszard-kapuscinski-na-ul-pomorskiej","status":"publish","type":"post","link":"https:\/\/jarekwasielewski.pl\/dawnazabianka\/kurioza\/ryszard-kapuscinski-na-ul-pomorskiej\/","title":{"rendered":"Ryszard Kapu\u015bci\u0144ski na ul. Pomorskiej"},"content":{"rendered":"<p style=\"text-align: justify;\"><strong>Nie, to nie <em>clickbait<\/em>. S\u0142ynny reporta\u017cysta rzeczywi\u015bcie w 1958 roku zawita\u0142 na ul. Pomorsk\u0105. Czego szuka\u0142 na tych \u00f3wczesnych peryferiach Gda\u0144ska? Chcia\u0142 na w\u0142asne oczy zobaczy\u0107\u2026 \u015bwiec\u0105ce w szczerym polu <a href=\"https:\/\/jarekwasielewski.pl\/dawnazabianka\/historia\/polam\/\">neony, produkowane przez Polam<\/a>.<\/strong><\/p>\n<p style=\"text-align: justify;\">Kapu\u015bci\u0144ski mia\u0142 wtedy dopiero 26 lat, ale by\u0142 ju\u017c znanym dziennikarzem &#8211; ostatecznie dwa lata wcze\u015bniej nagrodzono go Z\u0142otym Krzy\u017cem Zas\u0142ugi za krytyczny reporta\u017c \u201eTo te\u017c jest prawda o Nowej Hucie\u201d. Cztery lata p\u00f3\u017aniej zacz\u0105\u0142 prac\u0119 dla Polskiej Agencji Prasowej jako sta\u0142y korespondent zagraniczny w Afryce, Ameryce \u0141aci\u0144skiej i Azji, co potem zaowocowa\u0142o arcydzie\u0142ami reporta\u017cu, m.in. ksi\u0105\u017ckami \u201eCesarz\u201d i \u201eSzachinszach\u201d.<\/p>\n<p style=\"text-align: justify;\">Wracaj\u0105c na \u017babiank\u0119: \u201erz\u0105d jarzeni\u00f3wek w szczerym polu\u201d pokaza\u0142 mu lokalny dziennikarz <em>Dziennika Ba\u0142tyckiego<\/em> podpisuj\u0105cy si\u0119 pseudonimem Hipolit Pty\u015b. Ca\u0142a eskapada mia\u0142a nieco szyderczy charakter \u2013 oto jak zosta\u0142a zrelacjonowana w <em>Dzienniku Ba\u0142tyckim<\/em> z 6 grudnia 1958:<\/p>\n<blockquote>\n<p style=\"text-align: justify;\"><em>Po d\u0142ugim niewidzeniu si\u0119 znowu odwiedzi\u0142 nas Kapu\u015bci\u0144ski. Oczywi\u015bcie, traktowa\u0142 nas troch\u0119 z g\u00f3ry \u2013 wiadomo, stolica. My tu zagrzebani na g\u0142uchej i ciemnej (!) prowincji, on mieszkaniec stolicy. Oczywi\u015bcie ma\u0142o co mu si\u0119 podoba\u0142o, bo w Warszawie wszystko lepsze. Kiedy wi\u0119c nas zmia\u017cd\u017cy\u0142 cudami Grand Hotelu, helikopterem na dachu, plastikowym tronem i telefonem w ka\u017cdym pokoju, dobi\u0142 tras\u0105 NS i neonami na ka\u017cdym domu \u2013 nie wytrzyma\u0142em! Rozumiecie \u2013 zadrasn\u0105\u0142 moj\u0105 ambicj\u0119 lokaln\u0105.<\/em><\/p>\n<p style=\"text-align: justify;\"><em>\u2013 Co mi tam twoje neony na Marsza\u0142kowskiej \u2013 rzek\u0142em, wsadzi\u0142em go do taks\u00f3wki i zawioz\u0142em do Oliwy, gdzie w szczerym polu rz\u0105d jarzeni\u00f3wek o\u015blepia bia\u0142ym \u015bwiat\u0142em.<\/em><\/p>\n<p style=\"text-align: justify;\"><em>\u2013 A widzisz \u2013 powiadam \u2013 takiego czego\u015b to nawet w tej twojej Warszawie nie ma. U nas si\u0119 przewiduje! Tu ju\u017c \u2013 jak widzisz \u2013 przysz\u0142\u0105 15-latk\u0119 wykonali. W tym miejscu ju\u017c jeste\u015b w 1975 r., w drugim tysi\u0105cleciu pa\u0144stwa polskiego, a ty mi swoim hotelem chcesz imponowa\u0107.<\/em><\/p>\n<p style=\"text-align: justify;\"><em>Kapu\u015bci\u0144skiego, juk si\u0119 to m\u00f3wi, \u201ezatka\u0142o\u201d. D\u0142ugo sta\u0142 nie przem\u00f3wiwszy s\u0142owa, tylko patrzy\u0142 w ten rz\u0105d jarzeni\u00f3wek, kt\u00f3ry by si\u0119gn\u0105\u0142 od Czerwonego Krzy\u017ca do Jesionowej. Wreszcie ockn\u0105\u0142 si\u0119 i warkn\u0105\u0142:<\/em><\/p>\n<p style=\"text-align: justify;\"><em>\u2013 To jest rzeczywi\u015bcie planowanie, psiakrew!<\/em><\/p>\n<p style=\"text-align: justify;\"><em>I tyle by\u0142o w tym \u201epsiakrew\u201d wymowy, \u017ce ju\u017c sie wi\u0119cej przed nim nie chwali\u0142em gda\u0144skim wybiegiem w drugie tysi\u0105clecie.<\/em><\/p>\n<p style=\"text-align: justify;\"><em>Ale \u017ceby Zarz\u0105d Energetyki nie my\u015bla\u0142, \u017ce tylko on wpada na genialne pomys\u0142y, niniejszym przedstawiam list\u0119 propozycji. B\u0119d\u0105 to inwestycje pilne i r\u00f3wnie niezb\u0119dne, jak ta oliwska aleja: <\/em><\/p>\n<ul style=\"text-align: justify;\">\n<li><em>mo\u017ce by tak jeszcze jedn\u0105 muszl\u0119 koncertow\u0105, w\u0142a\u015bnie na tym polu, bo do czego\u015b przecie\u017c takie pole trzeba wykorzysta\u0107; pies z kulaw\u0105 nog\u0105 pewno tam nie p\u00f3jdzie, ale to nie szkodzi, plan inwestycji wzro\u015bnie o ile\u015b tam procent; <\/em><\/li>\n<li><em>sadzawka ze z\u0142otymi rybkami na Targu Drzewnym; <\/em><\/li>\n<li><em>obelisk ku czci rozs\u0105dnej gospodarki na placu przez Zarz\u0105dem Energetycznym w Gda\u0144sku <\/em><\/li>\n<\/ul>\n<p style=\"text-align: justify;\"><em>co ma zaszczyt zaproponowa\u0107 Hipolit Pty\u015b.<\/em><\/p>\n<\/blockquote>\n<p>&nbsp;<\/p>\n<p>Tutaj oryginalny wycinek:<\/p>\n<figure id=\"attachment_895\" aria-describedby=\"caption-attachment-895\" style=\"width: 329px\" class=\"wp-caption alignnone\"><img loading=\"lazy\" decoding=\"async\" class=\"wp-image-895 size-full\" src=\"https:\/\/jarekwasielewski.pl\/dawnazabianka\/wp-content\/uploads\/2020\/09\/109_kapuscinski_pomorska_db19581206.png\" alt=\"\" width=\"329\" height=\"856\" srcset=\"https:\/\/jarekwasielewski.pl\/dawnazabianka\/wp-content\/uploads\/2020\/09\/109_kapuscinski_pomorska_db19581206.png 329w, https:\/\/jarekwasielewski.pl\/dawnazabianka\/wp-content\/uploads\/2020\/09\/109_kapuscinski_pomorska_db19581206-115x300.png 115w\" sizes=\"auto, (max-width: 329px) 100vw, 329px\" \/><figcaption id=\"caption-attachment-895\" class=\"wp-caption-text\"><em>Dziennik Ba\u0142tycki<\/em> z 6 XII 1958 (bibliotekacyfrowa.eu)<\/figcaption><\/figure>\n","protected":false},"excerpt":{"rendered":"<p>Nie, to nie clickbait. S\u0142ynny reporta\u017cysta rzeczywi\u015bcie w 1958 roku zawita\u0142 na ul. Pomorsk\u0105. Czego szuka\u0142 na tych \u00f3wczesnych peryferiach [&hellip;]<\/p>\n","protected":false},"author":1,"featured_media":894,"comment_status":"open","ping_status":"open","sticky":false,"template":"","format":"standard","meta":{"footnotes":""},"categories":[67],"tags":[59,20],"class_list":["post-893","post","type-post","status-publish","format-standard","has-post-thumbnail","hentry","category-kurioza","tag-polam","tag-pomorska"],"yoast_head":"<!-- This site is optimized with the Yoast SEO plugin v27.3 - https:\/\/yoast.com\/product\/yoast-seo-wordpress\/ -->\n<title>Ryszard Kapu\u015bci\u0144ski na ul. Pomorskiej - Dawna \u017babianka<\/title>\n<meta name=\"robots\" content=\"index, follow, max-snippet:-1, max-image-preview:large, max-video-preview:-1\" \/>\n<link rel=\"canonical\" href=\"https:\/\/jarekwasielewski.pl\/dawnazabianka\/kurioza\/ryszard-kapuscinski-na-ul-pomorskiej\/\" \/>\n<meta property=\"og:locale\" content=\"pl_PL\" \/>\n<meta property=\"og:type\" content=\"article\" \/>\n<meta property=\"og:title\" content=\"Ryszard Kapu\u015bci\u0144ski na ul. Pomorskiej - Dawna \u017babianka\" \/>\n<meta property=\"og:description\" content=\"Nie, to nie clickbait. S\u0142ynny reporta\u017cysta rzeczywi\u015bcie w 1958 roku zawita\u0142 na ul. Pomorsk\u0105. Czego szuka\u0142 na tych \u00f3wczesnych peryferiach [&hellip;]\" \/>\n<meta property=\"og:url\" content=\"https:\/\/jarekwasielewski.pl\/dawnazabianka\/kurioza\/ryszard-kapuscinski-na-ul-pomorskiej\/\" \/>\n<meta property=\"og:site_name\" content=\"Dawna \u017babianka\" \/>\n<meta property=\"article:publisher\" content=\"https:\/\/www.facebook.com\/dawnazabianka\" \/>\n<meta property=\"article:published_time\" content=\"2020-09-23T06:45:20+00:00\" \/>\n<meta property=\"article:modified_time\" content=\"2020-09-23T06:52:54+00:00\" \/>\n<meta property=\"og:image\" content=\"https:\/\/jarekwasielewski.pl\/dawnazabianka\/wp-content\/uploads\/2020\/09\/109_kapuscinski_culturepl.png\" \/>\n\t<meta property=\"og:image:width\" content=\"755\" \/>\n\t<meta property=\"og:image:height\" content=\"519\" \/>\n\t<meta property=\"og:image:type\" content=\"image\/png\" \/>\n<meta name=\"author\" content=\"Jarek Wasielewski\" \/>\n<meta name=\"twitter:card\" content=\"summary_large_image\" \/>\n<meta name=\"twitter:label1\" content=\"Napisane przez\" \/>\n\t<meta name=\"twitter:data1\" content=\"Jarek Wasielewski\" \/>\n\t<meta name=\"twitter:label2\" content=\"Szacowany czas czytania\" \/>\n\t<meta name=\"twitter:data2\" content=\"3 minuty\" \/>\n<script type=\"application\/ld+json\" class=\"yoast-schema-graph\">{\"@context\":\"https:\\\/\\\/schema.org\",\"@graph\":[{\"@type\":\"Article\",\"@id\":\"https:\\\/\\\/jarekwasielewski.pl\\\/dawnazabianka\\\/kurioza\\\/ryszard-kapuscinski-na-ul-pomorskiej\\\/#article\",\"isPartOf\":{\"@id\":\"https:\\\/\\\/jarekwasielewski.pl\\\/dawnazabianka\\\/kurioza\\\/ryszard-kapuscinski-na-ul-pomorskiej\\\/\"},\"author\":{\"name\":\"Jarek Wasielewski\",\"@id\":\"https:\\\/\\\/jarekwasielewski.pl\\\/dawnazabianka\\\/#\\\/schema\\\/person\\\/00268dd6d002e9183abc2b06cca5a789\"},\"headline\":\"Ryszard Kapu\u015bci\u0144ski na ul. Pomorskiej\",\"datePublished\":\"2020-09-23T06:45:20+00:00\",\"dateModified\":\"2020-09-23T06:52:54+00:00\",\"mainEntityOfPage\":{\"@id\":\"https:\\\/\\\/jarekwasielewski.pl\\\/dawnazabianka\\\/kurioza\\\/ryszard-kapuscinski-na-ul-pomorskiej\\\/\"},\"wordCount\":524,\"commentCount\":0,\"image\":{\"@id\":\"https:\\\/\\\/jarekwasielewski.pl\\\/dawnazabianka\\\/kurioza\\\/ryszard-kapuscinski-na-ul-pomorskiej\\\/#primaryimage\"},\"thumbnailUrl\":\"https:\\\/\\\/jarekwasielewski.pl\\\/dawnazabianka\\\/wp-content\\\/uploads\\\/2020\\\/09\\\/109_kapuscinski_culturepl.png\",\"keywords\":[\"POLAM\",\"Pomorska\"],\"articleSection\":[\"Kurioza\"],\"inLanguage\":\"pl-PL\",\"potentialAction\":[{\"@type\":\"CommentAction\",\"name\":\"Comment\",\"target\":[\"https:\\\/\\\/jarekwasielewski.pl\\\/dawnazabianka\\\/kurioza\\\/ryszard-kapuscinski-na-ul-pomorskiej\\\/#respond\"]}]},{\"@type\":\"WebPage\",\"@id\":\"https:\\\/\\\/jarekwasielewski.pl\\\/dawnazabianka\\\/kurioza\\\/ryszard-kapuscinski-na-ul-pomorskiej\\\/\",\"url\":\"https:\\\/\\\/jarekwasielewski.pl\\\/dawnazabianka\\\/kurioza\\\/ryszard-kapuscinski-na-ul-pomorskiej\\\/\",\"name\":\"Ryszard Kapu\u015bci\u0144ski na ul. Pomorskiej - Dawna \u017babianka\",\"isPartOf\":{\"@id\":\"https:\\\/\\\/jarekwasielewski.pl\\\/dawnazabianka\\\/#website\"},\"primaryImageOfPage\":{\"@id\":\"https:\\\/\\\/jarekwasielewski.pl\\\/dawnazabianka\\\/kurioza\\\/ryszard-kapuscinski-na-ul-pomorskiej\\\/#primaryimage\"},\"image\":{\"@id\":\"https:\\\/\\\/jarekwasielewski.pl\\\/dawnazabianka\\\/kurioza\\\/ryszard-kapuscinski-na-ul-pomorskiej\\\/#primaryimage\"},\"thumbnailUrl\":\"https:\\\/\\\/jarekwasielewski.pl\\\/dawnazabianka\\\/wp-content\\\/uploads\\\/2020\\\/09\\\/109_kapuscinski_culturepl.png\",\"datePublished\":\"2020-09-23T06:45:20+00:00\",\"dateModified\":\"2020-09-23T06:52:54+00:00\",\"author\":{\"@id\":\"https:\\\/\\\/jarekwasielewski.pl\\\/dawnazabianka\\\/#\\\/schema\\\/person\\\/00268dd6d002e9183abc2b06cca5a789\"},\"breadcrumb\":{\"@id\":\"https:\\\/\\\/jarekwasielewski.pl\\\/dawnazabianka\\\/kurioza\\\/ryszard-kapuscinski-na-ul-pomorskiej\\\/#breadcrumb\"},\"inLanguage\":\"pl-PL\",\"potentialAction\":[{\"@type\":\"ReadAction\",\"target\":[\"https:\\\/\\\/jarekwasielewski.pl\\\/dawnazabianka\\\/kurioza\\\/ryszard-kapuscinski-na-ul-pomorskiej\\\/\"]}]},{\"@type\":\"ImageObject\",\"inLanguage\":\"pl-PL\",\"@id\":\"https:\\\/\\\/jarekwasielewski.pl\\\/dawnazabianka\\\/kurioza\\\/ryszard-kapuscinski-na-ul-pomorskiej\\\/#primaryimage\",\"url\":\"https:\\\/\\\/jarekwasielewski.pl\\\/dawnazabianka\\\/wp-content\\\/uploads\\\/2020\\\/09\\\/109_kapuscinski_culturepl.png\",\"contentUrl\":\"https:\\\/\\\/jarekwasielewski.pl\\\/dawnazabianka\\\/wp-content\\\/uploads\\\/2020\\\/09\\\/109_kapuscinski_culturepl.png\",\"width\":755,\"height\":519,\"caption\":\"Ryszard Kapu\u015bci\u0144ski (culture.pl)\"},{\"@type\":\"BreadcrumbList\",\"@id\":\"https:\\\/\\\/jarekwasielewski.pl\\\/dawnazabianka\\\/kurioza\\\/ryszard-kapuscinski-na-ul-pomorskiej\\\/#breadcrumb\",\"itemListElement\":[{\"@type\":\"ListItem\",\"position\":1,\"name\":\"Strona g\u0142\u00f3wna\",\"item\":\"https:\\\/\\\/jarekwasielewski.pl\\\/dawnazabianka\\\/\"},{\"@type\":\"ListItem\",\"position\":2,\"name\":\"Ryszard Kapu\u015bci\u0144ski na ul. Pomorskiej\"}]},{\"@type\":\"WebSite\",\"@id\":\"https:\\\/\\\/jarekwasielewski.pl\\\/dawnazabianka\\\/#website\",\"url\":\"https:\\\/\\\/jarekwasielewski.pl\\\/dawnazabianka\\\/\",\"name\":\"Dawna \u017babianka\",\"description\":\"Osiedle Wejhera | Osiedle Pomorska | Osiedle \u017babianka | Gosp&oacute;dka\",\"potentialAction\":[{\"@type\":\"SearchAction\",\"target\":{\"@type\":\"EntryPoint\",\"urlTemplate\":\"https:\\\/\\\/jarekwasielewski.pl\\\/dawnazabianka\\\/?s={search_term_string}\"},\"query-input\":{\"@type\":\"PropertyValueSpecification\",\"valueRequired\":true,\"valueName\":\"search_term_string\"}}],\"inLanguage\":\"pl-PL\"},{\"@type\":\"Person\",\"@id\":\"https:\\\/\\\/jarekwasielewski.pl\\\/dawnazabianka\\\/#\\\/schema\\\/person\\\/00268dd6d002e9183abc2b06cca5a789\",\"name\":\"Jarek Wasielewski\",\"image\":{\"@type\":\"ImageObject\",\"inLanguage\":\"pl-PL\",\"@id\":\"https:\\\/\\\/secure.gravatar.com\\\/avatar\\\/260e8561bcdf57628ce1440a15f991fcfe756c2c6f05aa7e8250a663c7645eff?s=96&d=mm&r=g\",\"url\":\"https:\\\/\\\/secure.gravatar.com\\\/avatar\\\/260e8561bcdf57628ce1440a15f991fcfe756c2c6f05aa7e8250a663c7645eff?s=96&d=mm&r=g\",\"contentUrl\":\"https:\\\/\\\/secure.gravatar.com\\\/avatar\\\/260e8561bcdf57628ce1440a15f991fcfe756c2c6f05aa7e8250a663c7645eff?s=96&d=mm&r=g\",\"caption\":\"Jarek Wasielewski\"},\"url\":\"https:\\\/\\\/jarekwasielewski.pl\\\/dawnazabianka\\\/author\\\/admin\\\/\"}]}<\/script>\n<!-- \/ Yoast SEO plugin. -->","yoast_head_json":{"title":"Ryszard Kapu\u015bci\u0144ski na ul. Pomorskiej - Dawna \u017babianka","robots":{"index":"index","follow":"follow","max-snippet":"max-snippet:-1","max-image-preview":"max-image-preview:large","max-video-preview":"max-video-preview:-1"},"canonical":"https:\/\/jarekwasielewski.pl\/dawnazabianka\/kurioza\/ryszard-kapuscinski-na-ul-pomorskiej\/","og_locale":"pl_PL","og_type":"article","og_title":"Ryszard Kapu\u015bci\u0144ski na ul. Pomorskiej - Dawna \u017babianka","og_description":"Nie, to nie clickbait. S\u0142ynny reporta\u017cysta rzeczywi\u015bcie w 1958 roku zawita\u0142 na ul. Pomorsk\u0105. Czego szuka\u0142 na tych \u00f3wczesnych peryferiach [&hellip;]","og_url":"https:\/\/jarekwasielewski.pl\/dawnazabianka\/kurioza\/ryszard-kapuscinski-na-ul-pomorskiej\/","og_site_name":"Dawna \u017babianka","article_publisher":"https:\/\/www.facebook.com\/dawnazabianka","article_published_time":"2020-09-23T06:45:20+00:00","article_modified_time":"2020-09-23T06:52:54+00:00","og_image":[{"width":755,"height":519,"url":"https:\/\/jarekwasielewski.pl\/dawnazabianka\/wp-content\/uploads\/2020\/09\/109_kapuscinski_culturepl.png","type":"image\/png"}],"author":"Jarek Wasielewski","twitter_card":"summary_large_image","twitter_misc":{"Napisane przez":"Jarek Wasielewski","Szacowany czas czytania":"3 minuty"},"schema":{"@context":"https:\/\/schema.org","@graph":[{"@type":"Article","@id":"https:\/\/jarekwasielewski.pl\/dawnazabianka\/kurioza\/ryszard-kapuscinski-na-ul-pomorskiej\/#article","isPartOf":{"@id":"https:\/\/jarekwasielewski.pl\/dawnazabianka\/kurioza\/ryszard-kapuscinski-na-ul-pomorskiej\/"},"author":{"name":"Jarek Wasielewski","@id":"https:\/\/jarekwasielewski.pl\/dawnazabianka\/#\/schema\/person\/00268dd6d002e9183abc2b06cca5a789"},"headline":"Ryszard Kapu\u015bci\u0144ski na ul. Pomorskiej","datePublished":"2020-09-23T06:45:20+00:00","dateModified":"2020-09-23T06:52:54+00:00","mainEntityOfPage":{"@id":"https:\/\/jarekwasielewski.pl\/dawnazabianka\/kurioza\/ryszard-kapuscinski-na-ul-pomorskiej\/"},"wordCount":524,"commentCount":0,"image":{"@id":"https:\/\/jarekwasielewski.pl\/dawnazabianka\/kurioza\/ryszard-kapuscinski-na-ul-pomorskiej\/#primaryimage"},"thumbnailUrl":"https:\/\/jarekwasielewski.pl\/dawnazabianka\/wp-content\/uploads\/2020\/09\/109_kapuscinski_culturepl.png","keywords":["POLAM","Pomorska"],"articleSection":["Kurioza"],"inLanguage":"pl-PL","potentialAction":[{"@type":"CommentAction","name":"Comment","target":["https:\/\/jarekwasielewski.pl\/dawnazabianka\/kurioza\/ryszard-kapuscinski-na-ul-pomorskiej\/#respond"]}]},{"@type":"WebPage","@id":"https:\/\/jarekwasielewski.pl\/dawnazabianka\/kurioza\/ryszard-kapuscinski-na-ul-pomorskiej\/","url":"https:\/\/jarekwasielewski.pl\/dawnazabianka\/kurioza\/ryszard-kapuscinski-na-ul-pomorskiej\/","name":"Ryszard Kapu\u015bci\u0144ski na ul. Pomorskiej - Dawna \u017babianka","isPartOf":{"@id":"https:\/\/jarekwasielewski.pl\/dawnazabianka\/#website"},"primaryImageOfPage":{"@id":"https:\/\/jarekwasielewski.pl\/dawnazabianka\/kurioza\/ryszard-kapuscinski-na-ul-pomorskiej\/#primaryimage"},"image":{"@id":"https:\/\/jarekwasielewski.pl\/dawnazabianka\/kurioza\/ryszard-kapuscinski-na-ul-pomorskiej\/#primaryimage"},"thumbnailUrl":"https:\/\/jarekwasielewski.pl\/dawnazabianka\/wp-content\/uploads\/2020\/09\/109_kapuscinski_culturepl.png","datePublished":"2020-09-23T06:45:20+00:00","dateModified":"2020-09-23T06:52:54+00:00","author":{"@id":"https:\/\/jarekwasielewski.pl\/dawnazabianka\/#\/schema\/person\/00268dd6d002e9183abc2b06cca5a789"},"breadcrumb":{"@id":"https:\/\/jarekwasielewski.pl\/dawnazabianka\/kurioza\/ryszard-kapuscinski-na-ul-pomorskiej\/#breadcrumb"},"inLanguage":"pl-PL","potentialAction":[{"@type":"ReadAction","target":["https:\/\/jarekwasielewski.pl\/dawnazabianka\/kurioza\/ryszard-kapuscinski-na-ul-pomorskiej\/"]}]},{"@type":"ImageObject","inLanguage":"pl-PL","@id":"https:\/\/jarekwasielewski.pl\/dawnazabianka\/kurioza\/ryszard-kapuscinski-na-ul-pomorskiej\/#primaryimage","url":"https:\/\/jarekwasielewski.pl\/dawnazabianka\/wp-content\/uploads\/2020\/09\/109_kapuscinski_culturepl.png","contentUrl":"https:\/\/jarekwasielewski.pl\/dawnazabianka\/wp-content\/uploads\/2020\/09\/109_kapuscinski_culturepl.png","width":755,"height":519,"caption":"Ryszard Kapu\u015bci\u0144ski (culture.pl)"},{"@type":"BreadcrumbList","@id":"https:\/\/jarekwasielewski.pl\/dawnazabianka\/kurioza\/ryszard-kapuscinski-na-ul-pomorskiej\/#breadcrumb","itemListElement":[{"@type":"ListItem","position":1,"name":"Strona g\u0142\u00f3wna","item":"https:\/\/jarekwasielewski.pl\/dawnazabianka\/"},{"@type":"ListItem","position":2,"name":"Ryszard Kapu\u015bci\u0144ski na ul. Pomorskiej"}]},{"@type":"WebSite","@id":"https:\/\/jarekwasielewski.pl\/dawnazabianka\/#website","url":"https:\/\/jarekwasielewski.pl\/dawnazabianka\/","name":"Dawna \u017babianka","description":"Osiedle Wejhera | Osiedle Pomorska | Osiedle \u017babianka | Gosp&oacute;dka","potentialAction":[{"@type":"SearchAction","target":{"@type":"EntryPoint","urlTemplate":"https:\/\/jarekwasielewski.pl\/dawnazabianka\/?s={search_term_string}"},"query-input":{"@type":"PropertyValueSpecification","valueRequired":true,"valueName":"search_term_string"}}],"inLanguage":"pl-PL"},{"@type":"Person","@id":"https:\/\/jarekwasielewski.pl\/dawnazabianka\/#\/schema\/person\/00268dd6d002e9183abc2b06cca5a789","name":"Jarek Wasielewski","image":{"@type":"ImageObject","inLanguage":"pl-PL","@id":"https:\/\/secure.gravatar.com\/avatar\/260e8561bcdf57628ce1440a15f991fcfe756c2c6f05aa7e8250a663c7645eff?s=96&d=mm&r=g","url":"https:\/\/secure.gravatar.com\/avatar\/260e8561bcdf57628ce1440a15f991fcfe756c2c6f05aa7e8250a663c7645eff?s=96&d=mm&r=g","contentUrl":"https:\/\/secure.gravatar.com\/avatar\/260e8561bcdf57628ce1440a15f991fcfe756c2c6f05aa7e8250a663c7645eff?s=96&d=mm&r=g","caption":"Jarek Wasielewski"},"url":"https:\/\/jarekwasielewski.pl\/dawnazabianka\/author\/admin\/"}]}},"_links":{"self":[{"href":"https:\/\/jarekwasielewski.pl\/dawnazabianka\/wp-json\/wp\/v2\/posts\/893","targetHints":{"allow":["GET"]}}],"collection":[{"href":"https:\/\/jarekwasielewski.pl\/dawnazabianka\/wp-json\/wp\/v2\/posts"}],"about":[{"href":"https:\/\/jarekwasielewski.pl\/dawnazabianka\/wp-json\/wp\/v2\/types\/post"}],"author":[{"embeddable":true,"href":"https:\/\/jarekwasielewski.pl\/dawnazabianka\/wp-json\/wp\/v2\/users\/1"}],"replies":[{"embeddable":true,"href":"https:\/\/jarekwasielewski.pl\/dawnazabianka\/wp-json\/wp\/v2\/comments?post=893"}],"version-history":[{"count":3,"href":"https:\/\/jarekwasielewski.pl\/dawnazabianka\/wp-json\/wp\/v2\/posts\/893\/revisions"}],"predecessor-version":[{"id":905,"href":"https:\/\/jarekwasielewski.pl\/dawnazabianka\/wp-json\/wp\/v2\/posts\/893\/revisions\/905"}],"wp:featuredmedia":[{"embeddable":true,"href":"https:\/\/jarekwasielewski.pl\/dawnazabianka\/wp-json\/wp\/v2\/media\/894"}],"wp:attachment":[{"href":"https:\/\/jarekwasielewski.pl\/dawnazabianka\/wp-json\/wp\/v2\/media?parent=893"}],"wp:term":[{"taxonomy":"category","embeddable":true,"href":"https:\/\/jarekwasielewski.pl\/dawnazabianka\/wp-json\/wp\/v2\/categories?post=893"},{"taxonomy":"post_tag","embeddable":true,"href":"https:\/\/jarekwasielewski.pl\/dawnazabianka\/wp-json\/wp\/v2\/tags?post=893"}],"curies":[{"name":"wp","href":"https:\/\/api.w.org\/{rel}","templated":true}]}}