{"id":611,"date":"2020-10-09T07:59:27","date_gmt":"2020-10-09T06:59:27","guid":{"rendered":"http:\/\/jarekwasielewski.pl\/dawnazabianka\/?p=611"},"modified":"2020-10-09T08:02:16","modified_gmt":"2020-10-09T07:02:16","slug":"ogrodki-przy-ul-gospody-wspomina-miet","status":"publish","type":"post","link":"https:\/\/jarekwasielewski.pl\/dawnazabianka\/wspomnienia\/ogrodki-przy-ul-gospody-wspomina-miet\/","title":{"rendered":"Ogr\u00f3dki przy ul. Gospody (wspomina Miet)"},"content":{"rendered":"<p><a href=\"https:\/\/jarekwasielewski.pl\/dawnazabianka\/wp-content\/uploads\/2020\/03\/117_gospody_1976_2020.jpg\">Kliknij, aby powi\u0119kszy\u0107 panoram\u0119<\/a>.<\/p>\n<p style=\"text-align: justify;\"><em>Oto panorama ko\u0144c\u00f3wki ul. Gospody w 1976 roku i obecnie. Mam do tego miejsca szczeg\u00f3lny sentyment. Na zdj\u0119ciu czarno-bia\u0142ym, po prawej stronie, wida\u0107 lip\u0119, a poza kadrem jest jeszcze jedna. W latach 50. i 60. by\u0142a mi\u0119dzy nimi rozwieszona linka, przez kt\u00f3r\u0105 moja mama z s\u0105siadkami gra\u0142y w siatk\u00f3wk\u0119. Gwo\u017adzie i haki, na kt\u00f3rych wiesza\u0142y t\u0119 link\u0119, przetrwa\u0142y w drzewie do dzi\u015b \u2013 tkwi\u0105 tam ju\u017c ponad 60 lat!<\/em><\/p>\n<p style=\"text-align: justify;\"><em>Za lip\u0105 wida\u0107 p\u0142ot ogrodu naszych s\u0105siad\u00f3w, pa\u0144stwa Kami\u0144skich. Biega\u0142o w nim 5-7 ps\u00f3w, kt\u00f3re niejednego skutecznie odstrasza\u0142y. Nawet my, s\u0105siedzi, obchodzili\u015bmy je szerokim \u0142ukiem!<\/em><\/p>\n<p style=\"text-align: justify;\"><em>Troszk\u0119 na lewo od widocznego na zdj\u0119ciu podw\u00f3jnego s\u0142upa elektryfikacyjnego by\u0142 z kolei nasz ogr\u00f3d. Potem go ca\u0142kowicie zlikwidowano, w jego miejsce postawiono baraki gara\u017cowe i urz\u0105dzono cz\u0119\u015b\u0107 p\u0119tli autobusowej.<\/em><\/p>\n<p><a href=\"https:\/\/jarekwasielewski.pl\/dawnazabianka\/wp-content\/uploads\/2020\/03\/117_gospody_ogrod_haczyki_1.jpg\" target=\"_blank\" rel=\"noopener noreferrer\"><img loading=\"lazy\" decoding=\"async\" class=\"alignnone wp-image-944\" src=\"https:\/\/jarekwasielewski.pl\/dawnazabianka\/wp-content\/uploads\/2020\/03\/117_gospody_ogrod_haczyki_1-150x150.jpg\" alt=\"\" width=\"400\" height=\"533\" srcset=\"https:\/\/jarekwasielewski.pl\/dawnazabianka\/wp-content\/uploads\/2020\/03\/117_gospody_ogrod_haczyki_1-225x300.jpg 225w, https:\/\/jarekwasielewski.pl\/dawnazabianka\/wp-content\/uploads\/2020\/03\/117_gospody_ogrod_haczyki_1.jpg 700w\" sizes=\"auto, (max-width: 400px) 100vw, 400px\" \/><\/a><\/p>\n<p><a href=\"https:\/\/jarekwasielewski.pl\/dawnazabianka\/wp-content\/uploads\/2020\/03\/117_gospody_ogrod_haczyki_2.jpg\" target=\"_blank\" rel=\"noopener noreferrer\"><img loading=\"lazy\" decoding=\"async\" class=\"alignnone wp-image-945\" src=\"https:\/\/jarekwasielewski.pl\/dawnazabianka\/wp-content\/uploads\/2020\/03\/117_gospody_ogrod_haczyki_2-150x150.jpg\" alt=\"\" width=\"400\" height=\"533\" srcset=\"https:\/\/jarekwasielewski.pl\/dawnazabianka\/wp-content\/uploads\/2020\/03\/117_gospody_ogrod_haczyki_2-225x300.jpg 225w, https:\/\/jarekwasielewski.pl\/dawnazabianka\/wp-content\/uploads\/2020\/03\/117_gospody_ogrod_haczyki_2.jpg 700w\" sizes=\"auto, (max-width: 400px) 100vw, 400px\" \/><\/a><\/p>\n<p>Wspomnienie i zdj\u0119cia nades\u0142a\u0142 Miet.<\/p>\n","protected":false},"excerpt":{"rendered":"<p>Kliknij, aby powi\u0119kszy\u0107 panoram\u0119. Oto panorama ko\u0144c\u00f3wki ul. Gospody w 1976 roku i obecnie. Mam do tego miejsca szczeg\u00f3lny sentyment. [&hellip;]<\/p>\n","protected":false},"author":1,"featured_media":943,"comment_status":"open","ping_status":"open","sticky":false,"template":"","format":"standard","meta":{"footnotes":""},"categories":[3],"tags":[17,18],"class_list":["post-611","post","type-post","status-publish","format-standard","has-post-thumbnail","hentry","category-wspomnienia","tag-gospody","tag-poggenkruger-weg"],"yoast_head":"<!-- This site is optimized with the Yoast SEO plugin v27.3 - https:\/\/yoast.com\/product\/yoast-seo-wordpress\/ -->\n<title>Ogr\u00f3dki przy ul. Gospody (wspomina Miet) - Dawna \u017babianka<\/title>\n<meta name=\"robots\" content=\"index, follow, max-snippet:-1, max-image-preview:large, max-video-preview:-1\" \/>\n<link rel=\"canonical\" href=\"https:\/\/jarekwasielewski.pl\/dawnazabianka\/wspomnienia\/ogrodki-przy-ul-gospody-wspomina-miet\/\" \/>\n<meta property=\"og:locale\" content=\"pl_PL\" \/>\n<meta property=\"og:type\" content=\"article\" \/>\n<meta property=\"og:title\" content=\"Ogr\u00f3dki przy ul. Gospody (wspomina Miet) - Dawna \u017babianka\" \/>\n<meta property=\"og:description\" content=\"Kliknij, aby powi\u0119kszy\u0107 panoram\u0119. Oto panorama ko\u0144c\u00f3wki ul. Gospody w 1976 roku i obecnie. Mam do tego miejsca szczeg\u00f3lny sentyment. [&hellip;]\" \/>\n<meta property=\"og:url\" content=\"https:\/\/jarekwasielewski.pl\/dawnazabianka\/wspomnienia\/ogrodki-przy-ul-gospody-wspomina-miet\/\" \/>\n<meta property=\"og:site_name\" content=\"Dawna \u017babianka\" \/>\n<meta property=\"article:publisher\" content=\"https:\/\/www.facebook.com\/dawnazabianka\" \/>\n<meta property=\"article:published_time\" content=\"2020-10-09T06:59:27+00:00\" \/>\n<meta property=\"article:modified_time\" content=\"2020-10-09T07:02:16+00:00\" \/>\n<meta property=\"og:image\" content=\"https:\/\/jarekwasielewski.pl\/dawnazabianka\/wp-content\/uploads\/2020\/03\/117_gospody_1976_2020.jpg\" \/>\n\t<meta property=\"og:image:width\" content=\"1150\" \/>\n\t<meta property=\"og:image:height\" content=\"712\" \/>\n\t<meta property=\"og:image:type\" content=\"image\/jpeg\" \/>\n<meta name=\"author\" content=\"Jarek Wasielewski\" \/>\n<meta name=\"twitter:card\" content=\"summary_large_image\" \/>\n<meta name=\"twitter:label1\" content=\"Napisane przez\" \/>\n\t<meta name=\"twitter:data1\" content=\"Jarek Wasielewski\" \/>\n\t<meta name=\"twitter:label2\" content=\"Szacowany czas czytania\" \/>\n\t<meta name=\"twitter:data2\" content=\"1 minuta\" \/>\n<script type=\"application\/ld+json\" class=\"yoast-schema-graph\">{\"@context\":\"https:\\\/\\\/schema.org\",\"@graph\":[{\"@type\":\"Article\",\"@id\":\"https:\\\/\\\/jarekwasielewski.pl\\\/dawnazabianka\\\/wspomnienia\\\/ogrodki-przy-ul-gospody-wspomina-miet\\\/#article\",\"isPartOf\":{\"@id\":\"https:\\\/\\\/jarekwasielewski.pl\\\/dawnazabianka\\\/wspomnienia\\\/ogrodki-przy-ul-gospody-wspomina-miet\\\/\"},\"author\":{\"name\":\"Jarek Wasielewski\",\"@id\":\"https:\\\/\\\/jarekwasielewski.pl\\\/dawnazabianka\\\/#\\\/schema\\\/person\\\/00268dd6d002e9183abc2b06cca5a789\"},\"headline\":\"Ogr\u00f3dki przy ul. Gospody (wspomina Miet)\",\"datePublished\":\"2020-10-09T06:59:27+00:00\",\"dateModified\":\"2020-10-09T07:02:16+00:00\",\"mainEntityOfPage\":{\"@id\":\"https:\\\/\\\/jarekwasielewski.pl\\\/dawnazabianka\\\/wspomnienia\\\/ogrodki-przy-ul-gospody-wspomina-miet\\\/\"},\"wordCount\":172,\"commentCount\":0,\"image\":{\"@id\":\"https:\\\/\\\/jarekwasielewski.pl\\\/dawnazabianka\\\/wspomnienia\\\/ogrodki-przy-ul-gospody-wspomina-miet\\\/#primaryimage\"},\"thumbnailUrl\":\"https:\\\/\\\/jarekwasielewski.pl\\\/dawnazabianka\\\/wp-content\\\/uploads\\\/2020\\\/03\\\/117_gospody_1976_2020.jpg\",\"keywords\":[\"Gospody\",\"Poggenkruger Weg\"],\"articleSection\":[\"Wspomnienia\"],\"inLanguage\":\"pl-PL\",\"potentialAction\":[{\"@type\":\"CommentAction\",\"name\":\"Comment\",\"target\":[\"https:\\\/\\\/jarekwasielewski.pl\\\/dawnazabianka\\\/wspomnienia\\\/ogrodki-przy-ul-gospody-wspomina-miet\\\/#respond\"]}]},{\"@type\":\"WebPage\",\"@id\":\"https:\\\/\\\/jarekwasielewski.pl\\\/dawnazabianka\\\/wspomnienia\\\/ogrodki-przy-ul-gospody-wspomina-miet\\\/\",\"url\":\"https:\\\/\\\/jarekwasielewski.pl\\\/dawnazabianka\\\/wspomnienia\\\/ogrodki-przy-ul-gospody-wspomina-miet\\\/\",\"name\":\"Ogr\u00f3dki przy ul. Gospody (wspomina Miet) - Dawna \u017babianka\",\"isPartOf\":{\"@id\":\"https:\\\/\\\/jarekwasielewski.pl\\\/dawnazabianka\\\/#website\"},\"primaryImageOfPage\":{\"@id\":\"https:\\\/\\\/jarekwasielewski.pl\\\/dawnazabianka\\\/wspomnienia\\\/ogrodki-przy-ul-gospody-wspomina-miet\\\/#primaryimage\"},\"image\":{\"@id\":\"https:\\\/\\\/jarekwasielewski.pl\\\/dawnazabianka\\\/wspomnienia\\\/ogrodki-przy-ul-gospody-wspomina-miet\\\/#primaryimage\"},\"thumbnailUrl\":\"https:\\\/\\\/jarekwasielewski.pl\\\/dawnazabianka\\\/wp-content\\\/uploads\\\/2020\\\/03\\\/117_gospody_1976_2020.jpg\",\"datePublished\":\"2020-10-09T06:59:27+00:00\",\"dateModified\":\"2020-10-09T07:02:16+00:00\",\"author\":{\"@id\":\"https:\\\/\\\/jarekwasielewski.pl\\\/dawnazabianka\\\/#\\\/schema\\\/person\\\/00268dd6d002e9183abc2b06cca5a789\"},\"breadcrumb\":{\"@id\":\"https:\\\/\\\/jarekwasielewski.pl\\\/dawnazabianka\\\/wspomnienia\\\/ogrodki-przy-ul-gospody-wspomina-miet\\\/#breadcrumb\"},\"inLanguage\":\"pl-PL\",\"potentialAction\":[{\"@type\":\"ReadAction\",\"target\":[\"https:\\\/\\\/jarekwasielewski.pl\\\/dawnazabianka\\\/wspomnienia\\\/ogrodki-przy-ul-gospody-wspomina-miet\\\/\"]}]},{\"@type\":\"ImageObject\",\"inLanguage\":\"pl-PL\",\"@id\":\"https:\\\/\\\/jarekwasielewski.pl\\\/dawnazabianka\\\/wspomnienia\\\/ogrodki-przy-ul-gospody-wspomina-miet\\\/#primaryimage\",\"url\":\"https:\\\/\\\/jarekwasielewski.pl\\\/dawnazabianka\\\/wp-content\\\/uploads\\\/2020\\\/03\\\/117_gospody_1976_2020.jpg\",\"contentUrl\":\"https:\\\/\\\/jarekwasielewski.pl\\\/dawnazabianka\\\/wp-content\\\/uploads\\\/2020\\\/03\\\/117_gospody_1976_2020.jpg\",\"width\":1150,\"height\":712},{\"@type\":\"BreadcrumbList\",\"@id\":\"https:\\\/\\\/jarekwasielewski.pl\\\/dawnazabianka\\\/wspomnienia\\\/ogrodki-przy-ul-gospody-wspomina-miet\\\/#breadcrumb\",\"itemListElement\":[{\"@type\":\"ListItem\",\"position\":1,\"name\":\"Strona g\u0142\u00f3wna\",\"item\":\"https:\\\/\\\/jarekwasielewski.pl\\\/dawnazabianka\\\/\"},{\"@type\":\"ListItem\",\"position\":2,\"name\":\"Ogr\u00f3dki przy ul. Gospody (wspomina Miet)\"}]},{\"@type\":\"WebSite\",\"@id\":\"https:\\\/\\\/jarekwasielewski.pl\\\/dawnazabianka\\\/#website\",\"url\":\"https:\\\/\\\/jarekwasielewski.pl\\\/dawnazabianka\\\/\",\"name\":\"Dawna \u017babianka\",\"description\":\"Osiedle Wejhera | Osiedle Pomorska | Osiedle \u017babianka | Gosp&oacute;dka\",\"potentialAction\":[{\"@type\":\"SearchAction\",\"target\":{\"@type\":\"EntryPoint\",\"urlTemplate\":\"https:\\\/\\\/jarekwasielewski.pl\\\/dawnazabianka\\\/?s={search_term_string}\"},\"query-input\":{\"@type\":\"PropertyValueSpecification\",\"valueRequired\":true,\"valueName\":\"search_term_string\"}}],\"inLanguage\":\"pl-PL\"},{\"@type\":\"Person\",\"@id\":\"https:\\\/\\\/jarekwasielewski.pl\\\/dawnazabianka\\\/#\\\/schema\\\/person\\\/00268dd6d002e9183abc2b06cca5a789\",\"name\":\"Jarek Wasielewski\",\"image\":{\"@type\":\"ImageObject\",\"inLanguage\":\"pl-PL\",\"@id\":\"https:\\\/\\\/secure.gravatar.com\\\/avatar\\\/260e8561bcdf57628ce1440a15f991fcfe756c2c6f05aa7e8250a663c7645eff?s=96&d=mm&r=g\",\"url\":\"https:\\\/\\\/secure.gravatar.com\\\/avatar\\\/260e8561bcdf57628ce1440a15f991fcfe756c2c6f05aa7e8250a663c7645eff?s=96&d=mm&r=g\",\"contentUrl\":\"https:\\\/\\\/secure.gravatar.com\\\/avatar\\\/260e8561bcdf57628ce1440a15f991fcfe756c2c6f05aa7e8250a663c7645eff?s=96&d=mm&r=g\",\"caption\":\"Jarek Wasielewski\"},\"url\":\"https:\\\/\\\/jarekwasielewski.pl\\\/dawnazabianka\\\/author\\\/admin\\\/\"}]}<\/script>\n<!-- \/ Yoast SEO plugin. -->","yoast_head_json":{"title":"Ogr\u00f3dki przy ul. Gospody (wspomina Miet) - Dawna \u017babianka","robots":{"index":"index","follow":"follow","max-snippet":"max-snippet:-1","max-image-preview":"max-image-preview:large","max-video-preview":"max-video-preview:-1"},"canonical":"https:\/\/jarekwasielewski.pl\/dawnazabianka\/wspomnienia\/ogrodki-przy-ul-gospody-wspomina-miet\/","og_locale":"pl_PL","og_type":"article","og_title":"Ogr\u00f3dki przy ul. Gospody (wspomina Miet) - Dawna \u017babianka","og_description":"Kliknij, aby powi\u0119kszy\u0107 panoram\u0119. Oto panorama ko\u0144c\u00f3wki ul. Gospody w 1976 roku i obecnie. Mam do tego miejsca szczeg\u00f3lny sentyment. [&hellip;]","og_url":"https:\/\/jarekwasielewski.pl\/dawnazabianka\/wspomnienia\/ogrodki-przy-ul-gospody-wspomina-miet\/","og_site_name":"Dawna \u017babianka","article_publisher":"https:\/\/www.facebook.com\/dawnazabianka","article_published_time":"2020-10-09T06:59:27+00:00","article_modified_time":"2020-10-09T07:02:16+00:00","og_image":[{"width":1150,"height":712,"url":"https:\/\/jarekwasielewski.pl\/dawnazabianka\/wp-content\/uploads\/2020\/03\/117_gospody_1976_2020.jpg","type":"image\/jpeg"}],"author":"Jarek Wasielewski","twitter_card":"summary_large_image","twitter_misc":{"Napisane przez":"Jarek Wasielewski","Szacowany czas czytania":"1 minuta"},"schema":{"@context":"https:\/\/schema.org","@graph":[{"@type":"Article","@id":"https:\/\/jarekwasielewski.pl\/dawnazabianka\/wspomnienia\/ogrodki-przy-ul-gospody-wspomina-miet\/#article","isPartOf":{"@id":"https:\/\/jarekwasielewski.pl\/dawnazabianka\/wspomnienia\/ogrodki-przy-ul-gospody-wspomina-miet\/"},"author":{"name":"Jarek Wasielewski","@id":"https:\/\/jarekwasielewski.pl\/dawnazabianka\/#\/schema\/person\/00268dd6d002e9183abc2b06cca5a789"},"headline":"Ogr\u00f3dki przy ul. Gospody (wspomina Miet)","datePublished":"2020-10-09T06:59:27+00:00","dateModified":"2020-10-09T07:02:16+00:00","mainEntityOfPage":{"@id":"https:\/\/jarekwasielewski.pl\/dawnazabianka\/wspomnienia\/ogrodki-przy-ul-gospody-wspomina-miet\/"},"wordCount":172,"commentCount":0,"image":{"@id":"https:\/\/jarekwasielewski.pl\/dawnazabianka\/wspomnienia\/ogrodki-przy-ul-gospody-wspomina-miet\/#primaryimage"},"thumbnailUrl":"https:\/\/jarekwasielewski.pl\/dawnazabianka\/wp-content\/uploads\/2020\/03\/117_gospody_1976_2020.jpg","keywords":["Gospody","Poggenkruger Weg"],"articleSection":["Wspomnienia"],"inLanguage":"pl-PL","potentialAction":[{"@type":"CommentAction","name":"Comment","target":["https:\/\/jarekwasielewski.pl\/dawnazabianka\/wspomnienia\/ogrodki-przy-ul-gospody-wspomina-miet\/#respond"]}]},{"@type":"WebPage","@id":"https:\/\/jarekwasielewski.pl\/dawnazabianka\/wspomnienia\/ogrodki-przy-ul-gospody-wspomina-miet\/","url":"https:\/\/jarekwasielewski.pl\/dawnazabianka\/wspomnienia\/ogrodki-przy-ul-gospody-wspomina-miet\/","name":"Ogr\u00f3dki przy ul. Gospody (wspomina Miet) - Dawna \u017babianka","isPartOf":{"@id":"https:\/\/jarekwasielewski.pl\/dawnazabianka\/#website"},"primaryImageOfPage":{"@id":"https:\/\/jarekwasielewski.pl\/dawnazabianka\/wspomnienia\/ogrodki-przy-ul-gospody-wspomina-miet\/#primaryimage"},"image":{"@id":"https:\/\/jarekwasielewski.pl\/dawnazabianka\/wspomnienia\/ogrodki-przy-ul-gospody-wspomina-miet\/#primaryimage"},"thumbnailUrl":"https:\/\/jarekwasielewski.pl\/dawnazabianka\/wp-content\/uploads\/2020\/03\/117_gospody_1976_2020.jpg","datePublished":"2020-10-09T06:59:27+00:00","dateModified":"2020-10-09T07:02:16+00:00","author":{"@id":"https:\/\/jarekwasielewski.pl\/dawnazabianka\/#\/schema\/person\/00268dd6d002e9183abc2b06cca5a789"},"breadcrumb":{"@id":"https:\/\/jarekwasielewski.pl\/dawnazabianka\/wspomnienia\/ogrodki-przy-ul-gospody-wspomina-miet\/#breadcrumb"},"inLanguage":"pl-PL","potentialAction":[{"@type":"ReadAction","target":["https:\/\/jarekwasielewski.pl\/dawnazabianka\/wspomnienia\/ogrodki-przy-ul-gospody-wspomina-miet\/"]}]},{"@type":"ImageObject","inLanguage":"pl-PL","@id":"https:\/\/jarekwasielewski.pl\/dawnazabianka\/wspomnienia\/ogrodki-przy-ul-gospody-wspomina-miet\/#primaryimage","url":"https:\/\/jarekwasielewski.pl\/dawnazabianka\/wp-content\/uploads\/2020\/03\/117_gospody_1976_2020.jpg","contentUrl":"https:\/\/jarekwasielewski.pl\/dawnazabianka\/wp-content\/uploads\/2020\/03\/117_gospody_1976_2020.jpg","width":1150,"height":712},{"@type":"BreadcrumbList","@id":"https:\/\/jarekwasielewski.pl\/dawnazabianka\/wspomnienia\/ogrodki-przy-ul-gospody-wspomina-miet\/#breadcrumb","itemListElement":[{"@type":"ListItem","position":1,"name":"Strona g\u0142\u00f3wna","item":"https:\/\/jarekwasielewski.pl\/dawnazabianka\/"},{"@type":"ListItem","position":2,"name":"Ogr\u00f3dki przy ul. Gospody (wspomina Miet)"}]},{"@type":"WebSite","@id":"https:\/\/jarekwasielewski.pl\/dawnazabianka\/#website","url":"https:\/\/jarekwasielewski.pl\/dawnazabianka\/","name":"Dawna \u017babianka","description":"Osiedle Wejhera | Osiedle Pomorska | Osiedle \u017babianka | Gosp&oacute;dka","potentialAction":[{"@type":"SearchAction","target":{"@type":"EntryPoint","urlTemplate":"https:\/\/jarekwasielewski.pl\/dawnazabianka\/?s={search_term_string}"},"query-input":{"@type":"PropertyValueSpecification","valueRequired":true,"valueName":"search_term_string"}}],"inLanguage":"pl-PL"},{"@type":"Person","@id":"https:\/\/jarekwasielewski.pl\/dawnazabianka\/#\/schema\/person\/00268dd6d002e9183abc2b06cca5a789","name":"Jarek Wasielewski","image":{"@type":"ImageObject","inLanguage":"pl-PL","@id":"https:\/\/secure.gravatar.com\/avatar\/260e8561bcdf57628ce1440a15f991fcfe756c2c6f05aa7e8250a663c7645eff?s=96&d=mm&r=g","url":"https:\/\/secure.gravatar.com\/avatar\/260e8561bcdf57628ce1440a15f991fcfe756c2c6f05aa7e8250a663c7645eff?s=96&d=mm&r=g","contentUrl":"https:\/\/secure.gravatar.com\/avatar\/260e8561bcdf57628ce1440a15f991fcfe756c2c6f05aa7e8250a663c7645eff?s=96&d=mm&r=g","caption":"Jarek Wasielewski"},"url":"https:\/\/jarekwasielewski.pl\/dawnazabianka\/author\/admin\/"}]}},"_links":{"self":[{"href":"https:\/\/jarekwasielewski.pl\/dawnazabianka\/wp-json\/wp\/v2\/posts\/611","targetHints":{"allow":["GET"]}}],"collection":[{"href":"https:\/\/jarekwasielewski.pl\/dawnazabianka\/wp-json\/wp\/v2\/posts"}],"about":[{"href":"https:\/\/jarekwasielewski.pl\/dawnazabianka\/wp-json\/wp\/v2\/types\/post"}],"author":[{"embeddable":true,"href":"https:\/\/jarekwasielewski.pl\/dawnazabianka\/wp-json\/wp\/v2\/users\/1"}],"replies":[{"embeddable":true,"href":"https:\/\/jarekwasielewski.pl\/dawnazabianka\/wp-json\/wp\/v2\/comments?post=611"}],"version-history":[{"count":5,"href":"https:\/\/jarekwasielewski.pl\/dawnazabianka\/wp-json\/wp\/v2\/posts\/611\/revisions"}],"predecessor-version":[{"id":949,"href":"https:\/\/jarekwasielewski.pl\/dawnazabianka\/wp-json\/wp\/v2\/posts\/611\/revisions\/949"}],"wp:featuredmedia":[{"embeddable":true,"href":"https:\/\/jarekwasielewski.pl\/dawnazabianka\/wp-json\/wp\/v2\/media\/943"}],"wp:attachment":[{"href":"https:\/\/jarekwasielewski.pl\/dawnazabianka\/wp-json\/wp\/v2\/media?parent=611"}],"wp:term":[{"taxonomy":"category","embeddable":true,"href":"https:\/\/jarekwasielewski.pl\/dawnazabianka\/wp-json\/wp\/v2\/categories?post=611"},{"taxonomy":"post_tag","embeddable":true,"href":"https:\/\/jarekwasielewski.pl\/dawnazabianka\/wp-json\/wp\/v2\/tags?post=611"}],"curies":[{"name":"wp","href":"https:\/\/api.w.org\/{rel}","templated":true}]}}