{"id":579,"date":"2020-03-23T08:20:29","date_gmt":"2020-03-23T07:20:29","guid":{"rendered":"http:\/\/jarekwasielewski.pl\/dawnazabianka\/?p=579"},"modified":"2020-03-22T09:13:48","modified_gmt":"2020-03-22T08:13:48","slug":"bunkier-przy-pelplinskiej-wspomnienia-alex-sz-cz-8","status":"publish","type":"post","link":"https:\/\/jarekwasielewski.pl\/dawnazabianka\/wspomnienia\/bunkier-przy-pelplinskiej-wspomnienia-alex-sz-cz-8\/","title":{"rendered":"Bunkier przy Pelpli\u0144skiej (wspomnienia Alex Sz., cz. 8)"},"content":{"rendered":"<p style=\"text-align: justify;\"><em>Przy ul. Pelpli\u0144skiej by\u0142 kolejny bunkier, podobny do tych w \u017cabianeckim lasku \u2013 urz\u0105dzono go w d\u0142ugim na oko\u0142o 50 metr\u00f3w nasypie, poro\u015bni\u0119tym traw\u0105, o 2-3 metrach wysoko\u015bci. Zniszczone, og\u00f3lnodost\u0119pne wej\u015bcie do niego by\u0142o od strony ul. Pomorskiej, w odleg\u0142o\u015bci ok. 30 metr\u00f3w od ulicy. Niestety, w p\u00f3\u017aniejszym okresie (ok. 1960 roku) wej\u015bcie zagrodzono ogromnymi drzwiami \u2013 pewnie mieszka\u0144cy pobliskiej ul. Pelpli\u0144skiej urz\u0105dzili tam sobie piwnice. Dzi\u015b w miejscu tego bunkra stoi budynek prywatnej uczelni. Poza bunkrem po tej stronie tor\u00f3w kolejowych a\u017c do sopockich wy\u015bcig\u00f3w konnych nie by\u0142o \u017cadnych budynk\u00f3w, przej\u015b\u0107 przez torowisko, czy ogrod\u00f3w. Przej\u015bcie podziemne oczywi\u015bcie te\u017c nie istnia\u0142o. Jedyne przej\u015bcia na drug\u0105 stron\u0119 tor\u00f3w by\u0142y na ul. Pomorskiej oraz na wysoko\u015bci hipodromu.<\/em><\/p>\n<p style=\"text-align: justify;\">CDN&#8230;<\/p>\n<p style=\"text-align: justify;\"><strong>Powy\u017cszy tekst powsta\u0142 na bazie wpis\u00f3w Alex Sz. na Forum Dawny Gda\u0144sk (u\u017cytkownik Xandra, 2009) oraz korespondencji wymienianej ze mn\u0105 (2020). Zebra\u0142em je, zredagowa\u0142em i opublikowa\u0142em w powy\u017cszej formie za Jej wiedz\u0105 i zgod\u0105 \u2013 raz jeszcze serdecznie dzi\u0119kuj\u0119!<\/strong><\/p>\n<p style=\"text-align: justify;\">Na zdj\u0119ciu: tunel pod ziemi\u0105 gdzie\u015b w Budapeszcie, fot. Bergadder (pixabay.com)<\/p>\n","protected":false},"excerpt":{"rendered":"<p>Przy ul. Pelpli\u0144skiej by\u0142 kolejny bunkier, podobny do tych w \u017cabianeckim lasku \u2013 urz\u0105dzono go w d\u0142ugim na oko\u0142o 50 [&hellip;]<\/p>\n","protected":false},"author":1,"featured_media":597,"comment_status":"open","ping_status":"open","sticky":false,"template":"","format":"standard","meta":{"footnotes":""},"categories":[3],"tags":[20],"class_list":["post-579","post","type-post","status-publish","format-standard","has-post-thumbnail","hentry","category-wspomnienia","tag-pomorska"],"yoast_head":"<!-- This site is optimized with the Yoast SEO plugin v27.3 - https:\/\/yoast.com\/product\/yoast-seo-wordpress\/ -->\n<title>Bunkier przy Pelpli\u0144skiej (wspomnienia Alex Sz., cz. 8) - Dawna \u017babianka<\/title>\n<meta name=\"robots\" content=\"index, follow, max-snippet:-1, max-image-preview:large, max-video-preview:-1\" \/>\n<link rel=\"canonical\" href=\"https:\/\/jarekwasielewski.pl\/dawnazabianka\/wspomnienia\/bunkier-przy-pelplinskiej-wspomnienia-alex-sz-cz-8\/\" \/>\n<meta property=\"og:locale\" content=\"pl_PL\" \/>\n<meta property=\"og:type\" content=\"article\" \/>\n<meta property=\"og:title\" content=\"Bunkier przy Pelpli\u0144skiej (wspomnienia Alex Sz., cz. 8) - Dawna \u017babianka\" \/>\n<meta property=\"og:description\" content=\"Przy ul. Pelpli\u0144skiej by\u0142 kolejny bunkier, podobny do tych w \u017cabianeckim lasku \u2013 urz\u0105dzono go w d\u0142ugim na oko\u0142o 50 [&hellip;]\" \/>\n<meta property=\"og:url\" content=\"https:\/\/jarekwasielewski.pl\/dawnazabianka\/wspomnienia\/bunkier-przy-pelplinskiej-wspomnienia-alex-sz-cz-8\/\" \/>\n<meta property=\"og:site_name\" content=\"Dawna \u017babianka\" \/>\n<meta property=\"article:publisher\" content=\"https:\/\/www.facebook.com\/dawnazabianka\" \/>\n<meta property=\"article:published_time\" content=\"2020-03-23T07:20:29+00:00\" \/>\n<meta property=\"og:image\" content=\"https:\/\/jarekwasielewski.pl\/dawnazabianka\/wp-content\/uploads\/2020\/03\/tunnel-237656_1280.jpg\" \/>\n\t<meta property=\"og:image:width\" content=\"1280\" \/>\n\t<meta property=\"og:image:height\" content=\"853\" \/>\n\t<meta property=\"og:image:type\" content=\"image\/jpeg\" \/>\n<meta name=\"author\" content=\"Jarek Wasielewski\" \/>\n<meta name=\"twitter:card\" content=\"summary_large_image\" \/>\n<meta name=\"twitter:label1\" content=\"Napisane przez\" \/>\n\t<meta name=\"twitter:data1\" content=\"Jarek Wasielewski\" \/>\n\t<meta name=\"twitter:label2\" content=\"Szacowany czas czytania\" \/>\n\t<meta name=\"twitter:data2\" content=\"1 minuta\" \/>\n<script type=\"application\/ld+json\" class=\"yoast-schema-graph\">{\"@context\":\"https:\\\/\\\/schema.org\",\"@graph\":[{\"@type\":\"Article\",\"@id\":\"https:\\\/\\\/jarekwasielewski.pl\\\/dawnazabianka\\\/wspomnienia\\\/bunkier-przy-pelplinskiej-wspomnienia-alex-sz-cz-8\\\/#article\",\"isPartOf\":{\"@id\":\"https:\\\/\\\/jarekwasielewski.pl\\\/dawnazabianka\\\/wspomnienia\\\/bunkier-przy-pelplinskiej-wspomnienia-alex-sz-cz-8\\\/\"},\"author\":{\"name\":\"Jarek Wasielewski\",\"@id\":\"https:\\\/\\\/jarekwasielewski.pl\\\/dawnazabianka\\\/#\\\/schema\\\/person\\\/00268dd6d002e9183abc2b06cca5a789\"},\"headline\":\"Bunkier przy Pelpli\u0144skiej (wspomnienia Alex Sz., cz. 8)\",\"datePublished\":\"2020-03-23T07:20:29+00:00\",\"mainEntityOfPage\":{\"@id\":\"https:\\\/\\\/jarekwasielewski.pl\\\/dawnazabianka\\\/wspomnienia\\\/bunkier-przy-pelplinskiej-wspomnienia-alex-sz-cz-8\\\/\"},\"wordCount\":211,\"commentCount\":2,\"image\":{\"@id\":\"https:\\\/\\\/jarekwasielewski.pl\\\/dawnazabianka\\\/wspomnienia\\\/bunkier-przy-pelplinskiej-wspomnienia-alex-sz-cz-8\\\/#primaryimage\"},\"thumbnailUrl\":\"https:\\\/\\\/jarekwasielewski.pl\\\/dawnazabianka\\\/wp-content\\\/uploads\\\/2020\\\/03\\\/tunnel-237656_1280.jpg\",\"keywords\":[\"Pomorska\"],\"articleSection\":[\"Wspomnienia\"],\"inLanguage\":\"pl-PL\",\"potentialAction\":[{\"@type\":\"CommentAction\",\"name\":\"Comment\",\"target\":[\"https:\\\/\\\/jarekwasielewski.pl\\\/dawnazabianka\\\/wspomnienia\\\/bunkier-przy-pelplinskiej-wspomnienia-alex-sz-cz-8\\\/#respond\"]}]},{\"@type\":\"WebPage\",\"@id\":\"https:\\\/\\\/jarekwasielewski.pl\\\/dawnazabianka\\\/wspomnienia\\\/bunkier-przy-pelplinskiej-wspomnienia-alex-sz-cz-8\\\/\",\"url\":\"https:\\\/\\\/jarekwasielewski.pl\\\/dawnazabianka\\\/wspomnienia\\\/bunkier-przy-pelplinskiej-wspomnienia-alex-sz-cz-8\\\/\",\"name\":\"Bunkier przy Pelpli\u0144skiej (wspomnienia Alex Sz., cz. 8) - Dawna \u017babianka\",\"isPartOf\":{\"@id\":\"https:\\\/\\\/jarekwasielewski.pl\\\/dawnazabianka\\\/#website\"},\"primaryImageOfPage\":{\"@id\":\"https:\\\/\\\/jarekwasielewski.pl\\\/dawnazabianka\\\/wspomnienia\\\/bunkier-przy-pelplinskiej-wspomnienia-alex-sz-cz-8\\\/#primaryimage\"},\"image\":{\"@id\":\"https:\\\/\\\/jarekwasielewski.pl\\\/dawnazabianka\\\/wspomnienia\\\/bunkier-przy-pelplinskiej-wspomnienia-alex-sz-cz-8\\\/#primaryimage\"},\"thumbnailUrl\":\"https:\\\/\\\/jarekwasielewski.pl\\\/dawnazabianka\\\/wp-content\\\/uploads\\\/2020\\\/03\\\/tunnel-237656_1280.jpg\",\"datePublished\":\"2020-03-23T07:20:29+00:00\",\"author\":{\"@id\":\"https:\\\/\\\/jarekwasielewski.pl\\\/dawnazabianka\\\/#\\\/schema\\\/person\\\/00268dd6d002e9183abc2b06cca5a789\"},\"breadcrumb\":{\"@id\":\"https:\\\/\\\/jarekwasielewski.pl\\\/dawnazabianka\\\/wspomnienia\\\/bunkier-przy-pelplinskiej-wspomnienia-alex-sz-cz-8\\\/#breadcrumb\"},\"inLanguage\":\"pl-PL\",\"potentialAction\":[{\"@type\":\"ReadAction\",\"target\":[\"https:\\\/\\\/jarekwasielewski.pl\\\/dawnazabianka\\\/wspomnienia\\\/bunkier-przy-pelplinskiej-wspomnienia-alex-sz-cz-8\\\/\"]}]},{\"@type\":\"ImageObject\",\"inLanguage\":\"pl-PL\",\"@id\":\"https:\\\/\\\/jarekwasielewski.pl\\\/dawnazabianka\\\/wspomnienia\\\/bunkier-przy-pelplinskiej-wspomnienia-alex-sz-cz-8\\\/#primaryimage\",\"url\":\"https:\\\/\\\/jarekwasielewski.pl\\\/dawnazabianka\\\/wp-content\\\/uploads\\\/2020\\\/03\\\/tunnel-237656_1280.jpg\",\"contentUrl\":\"https:\\\/\\\/jarekwasielewski.pl\\\/dawnazabianka\\\/wp-content\\\/uploads\\\/2020\\\/03\\\/tunnel-237656_1280.jpg\",\"width\":1280,\"height\":853},{\"@type\":\"BreadcrumbList\",\"@id\":\"https:\\\/\\\/jarekwasielewski.pl\\\/dawnazabianka\\\/wspomnienia\\\/bunkier-przy-pelplinskiej-wspomnienia-alex-sz-cz-8\\\/#breadcrumb\",\"itemListElement\":[{\"@type\":\"ListItem\",\"position\":1,\"name\":\"Strona g\u0142\u00f3wna\",\"item\":\"https:\\\/\\\/jarekwasielewski.pl\\\/dawnazabianka\\\/\"},{\"@type\":\"ListItem\",\"position\":2,\"name\":\"Bunkier przy Pelpli\u0144skiej (wspomnienia Alex Sz., cz. 8)\"}]},{\"@type\":\"WebSite\",\"@id\":\"https:\\\/\\\/jarekwasielewski.pl\\\/dawnazabianka\\\/#website\",\"url\":\"https:\\\/\\\/jarekwasielewski.pl\\\/dawnazabianka\\\/\",\"name\":\"Dawna \u017babianka\",\"description\":\"Osiedle Wejhera | Osiedle Pomorska | Osiedle \u017babianka | Gosp&oacute;dka\",\"potentialAction\":[{\"@type\":\"SearchAction\",\"target\":{\"@type\":\"EntryPoint\",\"urlTemplate\":\"https:\\\/\\\/jarekwasielewski.pl\\\/dawnazabianka\\\/?s={search_term_string}\"},\"query-input\":{\"@type\":\"PropertyValueSpecification\",\"valueRequired\":true,\"valueName\":\"search_term_string\"}}],\"inLanguage\":\"pl-PL\"},{\"@type\":\"Person\",\"@id\":\"https:\\\/\\\/jarekwasielewski.pl\\\/dawnazabianka\\\/#\\\/schema\\\/person\\\/00268dd6d002e9183abc2b06cca5a789\",\"name\":\"Jarek Wasielewski\",\"image\":{\"@type\":\"ImageObject\",\"inLanguage\":\"pl-PL\",\"@id\":\"https:\\\/\\\/secure.gravatar.com\\\/avatar\\\/260e8561bcdf57628ce1440a15f991fcfe756c2c6f05aa7e8250a663c7645eff?s=96&d=mm&r=g\",\"url\":\"https:\\\/\\\/secure.gravatar.com\\\/avatar\\\/260e8561bcdf57628ce1440a15f991fcfe756c2c6f05aa7e8250a663c7645eff?s=96&d=mm&r=g\",\"contentUrl\":\"https:\\\/\\\/secure.gravatar.com\\\/avatar\\\/260e8561bcdf57628ce1440a15f991fcfe756c2c6f05aa7e8250a663c7645eff?s=96&d=mm&r=g\",\"caption\":\"Jarek Wasielewski\"},\"url\":\"https:\\\/\\\/jarekwasielewski.pl\\\/dawnazabianka\\\/author\\\/admin\\\/\"}]}<\/script>\n<!-- \/ Yoast SEO plugin. -->","yoast_head_json":{"title":"Bunkier przy Pelpli\u0144skiej (wspomnienia Alex Sz., cz. 8) - Dawna \u017babianka","robots":{"index":"index","follow":"follow","max-snippet":"max-snippet:-1","max-image-preview":"max-image-preview:large","max-video-preview":"max-video-preview:-1"},"canonical":"https:\/\/jarekwasielewski.pl\/dawnazabianka\/wspomnienia\/bunkier-przy-pelplinskiej-wspomnienia-alex-sz-cz-8\/","og_locale":"pl_PL","og_type":"article","og_title":"Bunkier przy Pelpli\u0144skiej (wspomnienia Alex Sz., cz. 8) - Dawna \u017babianka","og_description":"Przy ul. Pelpli\u0144skiej by\u0142 kolejny bunkier, podobny do tych w \u017cabianeckim lasku \u2013 urz\u0105dzono go w d\u0142ugim na oko\u0142o 50 [&hellip;]","og_url":"https:\/\/jarekwasielewski.pl\/dawnazabianka\/wspomnienia\/bunkier-przy-pelplinskiej-wspomnienia-alex-sz-cz-8\/","og_site_name":"Dawna \u017babianka","article_publisher":"https:\/\/www.facebook.com\/dawnazabianka","article_published_time":"2020-03-23T07:20:29+00:00","og_image":[{"width":1280,"height":853,"url":"https:\/\/jarekwasielewski.pl\/dawnazabianka\/wp-content\/uploads\/2020\/03\/tunnel-237656_1280.jpg","type":"image\/jpeg"}],"author":"Jarek Wasielewski","twitter_card":"summary_large_image","twitter_misc":{"Napisane przez":"Jarek Wasielewski","Szacowany czas czytania":"1 minuta"},"schema":{"@context":"https:\/\/schema.org","@graph":[{"@type":"Article","@id":"https:\/\/jarekwasielewski.pl\/dawnazabianka\/wspomnienia\/bunkier-przy-pelplinskiej-wspomnienia-alex-sz-cz-8\/#article","isPartOf":{"@id":"https:\/\/jarekwasielewski.pl\/dawnazabianka\/wspomnienia\/bunkier-przy-pelplinskiej-wspomnienia-alex-sz-cz-8\/"},"author":{"name":"Jarek Wasielewski","@id":"https:\/\/jarekwasielewski.pl\/dawnazabianka\/#\/schema\/person\/00268dd6d002e9183abc2b06cca5a789"},"headline":"Bunkier przy Pelpli\u0144skiej (wspomnienia Alex Sz., cz. 8)","datePublished":"2020-03-23T07:20:29+00:00","mainEntityOfPage":{"@id":"https:\/\/jarekwasielewski.pl\/dawnazabianka\/wspomnienia\/bunkier-przy-pelplinskiej-wspomnienia-alex-sz-cz-8\/"},"wordCount":211,"commentCount":2,"image":{"@id":"https:\/\/jarekwasielewski.pl\/dawnazabianka\/wspomnienia\/bunkier-przy-pelplinskiej-wspomnienia-alex-sz-cz-8\/#primaryimage"},"thumbnailUrl":"https:\/\/jarekwasielewski.pl\/dawnazabianka\/wp-content\/uploads\/2020\/03\/tunnel-237656_1280.jpg","keywords":["Pomorska"],"articleSection":["Wspomnienia"],"inLanguage":"pl-PL","potentialAction":[{"@type":"CommentAction","name":"Comment","target":["https:\/\/jarekwasielewski.pl\/dawnazabianka\/wspomnienia\/bunkier-przy-pelplinskiej-wspomnienia-alex-sz-cz-8\/#respond"]}]},{"@type":"WebPage","@id":"https:\/\/jarekwasielewski.pl\/dawnazabianka\/wspomnienia\/bunkier-przy-pelplinskiej-wspomnienia-alex-sz-cz-8\/","url":"https:\/\/jarekwasielewski.pl\/dawnazabianka\/wspomnienia\/bunkier-przy-pelplinskiej-wspomnienia-alex-sz-cz-8\/","name":"Bunkier przy Pelpli\u0144skiej (wspomnienia Alex Sz., cz. 8) - Dawna \u017babianka","isPartOf":{"@id":"https:\/\/jarekwasielewski.pl\/dawnazabianka\/#website"},"primaryImageOfPage":{"@id":"https:\/\/jarekwasielewski.pl\/dawnazabianka\/wspomnienia\/bunkier-przy-pelplinskiej-wspomnienia-alex-sz-cz-8\/#primaryimage"},"image":{"@id":"https:\/\/jarekwasielewski.pl\/dawnazabianka\/wspomnienia\/bunkier-przy-pelplinskiej-wspomnienia-alex-sz-cz-8\/#primaryimage"},"thumbnailUrl":"https:\/\/jarekwasielewski.pl\/dawnazabianka\/wp-content\/uploads\/2020\/03\/tunnel-237656_1280.jpg","datePublished":"2020-03-23T07:20:29+00:00","author":{"@id":"https:\/\/jarekwasielewski.pl\/dawnazabianka\/#\/schema\/person\/00268dd6d002e9183abc2b06cca5a789"},"breadcrumb":{"@id":"https:\/\/jarekwasielewski.pl\/dawnazabianka\/wspomnienia\/bunkier-przy-pelplinskiej-wspomnienia-alex-sz-cz-8\/#breadcrumb"},"inLanguage":"pl-PL","potentialAction":[{"@type":"ReadAction","target":["https:\/\/jarekwasielewski.pl\/dawnazabianka\/wspomnienia\/bunkier-przy-pelplinskiej-wspomnienia-alex-sz-cz-8\/"]}]},{"@type":"ImageObject","inLanguage":"pl-PL","@id":"https:\/\/jarekwasielewski.pl\/dawnazabianka\/wspomnienia\/bunkier-przy-pelplinskiej-wspomnienia-alex-sz-cz-8\/#primaryimage","url":"https:\/\/jarekwasielewski.pl\/dawnazabianka\/wp-content\/uploads\/2020\/03\/tunnel-237656_1280.jpg","contentUrl":"https:\/\/jarekwasielewski.pl\/dawnazabianka\/wp-content\/uploads\/2020\/03\/tunnel-237656_1280.jpg","width":1280,"height":853},{"@type":"BreadcrumbList","@id":"https:\/\/jarekwasielewski.pl\/dawnazabianka\/wspomnienia\/bunkier-przy-pelplinskiej-wspomnienia-alex-sz-cz-8\/#breadcrumb","itemListElement":[{"@type":"ListItem","position":1,"name":"Strona g\u0142\u00f3wna","item":"https:\/\/jarekwasielewski.pl\/dawnazabianka\/"},{"@type":"ListItem","position":2,"name":"Bunkier przy Pelpli\u0144skiej (wspomnienia Alex Sz., cz. 8)"}]},{"@type":"WebSite","@id":"https:\/\/jarekwasielewski.pl\/dawnazabianka\/#website","url":"https:\/\/jarekwasielewski.pl\/dawnazabianka\/","name":"Dawna \u017babianka","description":"Osiedle Wejhera | Osiedle Pomorska | Osiedle \u017babianka | Gosp&oacute;dka","potentialAction":[{"@type":"SearchAction","target":{"@type":"EntryPoint","urlTemplate":"https:\/\/jarekwasielewski.pl\/dawnazabianka\/?s={search_term_string}"},"query-input":{"@type":"PropertyValueSpecification","valueRequired":true,"valueName":"search_term_string"}}],"inLanguage":"pl-PL"},{"@type":"Person","@id":"https:\/\/jarekwasielewski.pl\/dawnazabianka\/#\/schema\/person\/00268dd6d002e9183abc2b06cca5a789","name":"Jarek Wasielewski","image":{"@type":"ImageObject","inLanguage":"pl-PL","@id":"https:\/\/secure.gravatar.com\/avatar\/260e8561bcdf57628ce1440a15f991fcfe756c2c6f05aa7e8250a663c7645eff?s=96&d=mm&r=g","url":"https:\/\/secure.gravatar.com\/avatar\/260e8561bcdf57628ce1440a15f991fcfe756c2c6f05aa7e8250a663c7645eff?s=96&d=mm&r=g","contentUrl":"https:\/\/secure.gravatar.com\/avatar\/260e8561bcdf57628ce1440a15f991fcfe756c2c6f05aa7e8250a663c7645eff?s=96&d=mm&r=g","caption":"Jarek Wasielewski"},"url":"https:\/\/jarekwasielewski.pl\/dawnazabianka\/author\/admin\/"}]}},"_links":{"self":[{"href":"https:\/\/jarekwasielewski.pl\/dawnazabianka\/wp-json\/wp\/v2\/posts\/579","targetHints":{"allow":["GET"]}}],"collection":[{"href":"https:\/\/jarekwasielewski.pl\/dawnazabianka\/wp-json\/wp\/v2\/posts"}],"about":[{"href":"https:\/\/jarekwasielewski.pl\/dawnazabianka\/wp-json\/wp\/v2\/types\/post"}],"author":[{"embeddable":true,"href":"https:\/\/jarekwasielewski.pl\/dawnazabianka\/wp-json\/wp\/v2\/users\/1"}],"replies":[{"embeddable":true,"href":"https:\/\/jarekwasielewski.pl\/dawnazabianka\/wp-json\/wp\/v2\/comments?post=579"}],"version-history":[{"count":2,"href":"https:\/\/jarekwasielewski.pl\/dawnazabianka\/wp-json\/wp\/v2\/posts\/579\/revisions"}],"predecessor-version":[{"id":598,"href":"https:\/\/jarekwasielewski.pl\/dawnazabianka\/wp-json\/wp\/v2\/posts\/579\/revisions\/598"}],"wp:featuredmedia":[{"embeddable":true,"href":"https:\/\/jarekwasielewski.pl\/dawnazabianka\/wp-json\/wp\/v2\/media\/597"}],"wp:attachment":[{"href":"https:\/\/jarekwasielewski.pl\/dawnazabianka\/wp-json\/wp\/v2\/media?parent=579"}],"wp:term":[{"taxonomy":"category","embeddable":true,"href":"https:\/\/jarekwasielewski.pl\/dawnazabianka\/wp-json\/wp\/v2\/categories?post=579"},{"taxonomy":"post_tag","embeddable":true,"href":"https:\/\/jarekwasielewski.pl\/dawnazabianka\/wp-json\/wp\/v2\/tags?post=579"}],"curies":[{"name":"wp","href":"https:\/\/api.w.org\/{rel}","templated":true}]}}