{"id":577,"date":"2020-03-16T08:20:00","date_gmt":"2020-03-16T07:20:00","guid":{"rendered":"http:\/\/jarekwasielewski.pl\/dawnazabianka\/?p=577"},"modified":"2020-03-16T08:22:08","modified_gmt":"2020-03-16T07:22:08","slug":"lisia-ferma-i-sad-pana-lenarczyka-wspomnienia-alex-sz-cz-7","status":"publish","type":"post","link":"https:\/\/jarekwasielewski.pl\/dawnazabianka\/wspomnienia\/lisia-ferma-i-sad-pana-lenarczyka-wspomnienia-alex-sz-cz-7\/","title":{"rendered":"Lisia ferma i sad pana Lenarczyka (wspomnienia Alex Sz., cz. 7)"},"content":{"rendered":"<p style=\"text-align: justify;\"><em>Mi\u0119dzy laskiem a \u201efabryczk\u0105&#8221; by\u0142a lisia ferma. Zapach by\u0142, owszem, ale do nas, do ul. Gospody nie dochodzi\u0142. Jedynie jak si\u0119 przechodzi\u0142o przez lasek, to si\u0119 czu\u0142o. Nie wiem kto prowadzi\u0142 ferm\u0119, cz\u0119sto zaje\u017cd\u017ca\u0142 w nasz\u0105 okolic\u0119 kto\u015b nowy, z pieni\u0119dzmi, i co\u015b budowa\u0142 \u2013 w s\u0105siedztwie mieli\u015bmy hodowl\u0119 lis\u00f3w, norki, kury, pszczo\u0142y, szklarnie z owocami i warzywami, du\u017c\u0105 szklarni\u0119 z kwiatami. W\u0142a\u015bciciele przewa\u017cnie tam nie mieszkali, tylko dochodzili.<\/em><\/p>\n<p style=\"text-align: justify;\"><em>Na ko\u0144cu ul. Gdy\u0144skiej, tu\u017c przy lasku, w latach 1952-55 pi\u0119kny, jednopi\u0119trowy dom wybudowa\u0142 sobie pan Lenarczyk, kt\u00f3ry mia\u0142 ogromny sad z drzewami owocowymi, si\u0119gaj\u0105cy od ul. Gdy\u0144skiej a\u017c do tor\u00f3w tramwajowych, na przeciwko postawionych p\u00f3\u017aniej \u201eszaf&#8221;. Przerabia\u0142 tam tysi\u0105ce ton jab\u0142ek. Na terenie jego hurtowni sta\u0142y skrzynie pe\u0142ne jab\u0142ek, transportowano je do oliwskich sklep\u00f3w. Ju\u017c jako starsze dzieciaki, dziesi\u0119cio- dwunastoletnie, czasami dostawali\u015bmy prac\u0119, na par\u0119 godzin, przy przebieraniu jab\u0142ek. Oddzielali\u015bmy wszystkie krzywe, brzydkie, obite od tych, kt\u00f3re mia\u0142y p\u00f3j\u015b\u0107 na sprzeda\u017c. I w\u0142a\u015bnie te \u201eodrzuty\u201d mogli\u015bmy zabra\u0107 do domu, za darmo. Tam najadali\u015bmy si\u0119 za darmo przepysznych malin\u00f3wek, \u017ce a\u017c brzuch bola\u0142. A w domu nasze mamy robi\u0142y pachn\u0105ce cuda z tych odrzuconych jab\u0142ek: kompoty, jab\u0142eczniki, d\u017cemy\u2026<\/em><\/p>\n<p style=\"text-align: justify;\"><em>W pierwszych latach po wojnie pola dziel\u0105ce p\u00f3\u017aniejsz\u0105 hurtowni\u0119 pana Lenarczyka od lasku by\u0142y usiane minami. Czasami miny wybucha\u0142y same, czasami nasi ch\u0142opcy wsadzali je do ogniska, dla fartu. Wybuchaj\u0105c tworzy\u0142y kratery na 3 metry g\u0142\u0119bokie i 10 szerokie. My\u015bmy tam ganiali nie zwa\u017caj\u0105c na niebezpiecze\u0144stwo!&nbsp;<\/em><\/p>\n<p style=\"text-align: justify;\"><em>To by\u0142y niezapomniane czasy! Najmilsze jest to, \u017ce nasza \u201ebanda\u201d \u2013 mimo p\u00f3\u017aniejszej \u201eutraty\u201d naszych dom\u00f3w, ogrod\u00f3w, podw\u00f3rek \u2013 pozosta\u0142a z\u017cyta ze sob\u0105 jak jedna, wielka, bardzo bliska rodzina. Kontakty utrzymujemy do dzi\u015b, chocia\u017c wi\u0119kszo\u015b\u0107 z nas ju\u017c odesz\u0142a za niebiesk\u0105 kurtyn\u0119&#8230; Ale ci, kt\u00f3rzy jeszcze pozostali, cz\u0119sto si\u0119 spotykaj\u0105. I to jest cudowne!<\/em><\/p>\n<p style=\"text-align: justify;\">CDN&#8230;<\/p>\n<p style=\"text-align: justify;\"><strong>Powy\u017cszy tekst powsta\u0142 na bazie wpis\u00f3w Alex Sz. na Forum Dawny Gda\u0144sk (u\u017cytkownik Xandra, 2009) oraz korespondencji wymienianej ze mn\u0105 (2020). Zebra\u0142em je, zredagowa\u0142em i opublikowa\u0142em w powy\u017cszej formie za Jej wiedz\u0105 i zgod\u0105 \u2013 raz jeszcze serdecznie dzi\u0119kuj\u0119!<\/strong><\/p>\n<p style=\"text-align: justify;\">Na zdj\u0119ciu: widok z balkonu wie\u017cowca przy ul. Gospody 5 na ogr\u00f3dki dzia\u0142kowe przy skrzy\u017cowaniu ulic Pomorskiej i Ch\u0142opskiej. Rok 1969, fot. Stanis\u0142aw Schmidt, nades\u0142a\u0142 Piotr.<\/p>\n","protected":false},"excerpt":{"rendered":"<p>Mi\u0119dzy laskiem a \u201efabryczk\u0105&#8221; by\u0142a lisia ferma. Zapach by\u0142, owszem, ale do nas, do ul. Gospody nie dochodzi\u0142. Jedynie jak [&hellip;]<\/p>\n","protected":false},"author":1,"featured_media":490,"comment_status":"open","ping_status":"open","sticky":false,"template":"","format":"standard","meta":{"footnotes":""},"categories":[3],"tags":[28,17,15,12],"class_list":["post-577","post","type-post","status-publish","format-standard","has-post-thumbnail","hentry","category-wspomnienia","tag-gdynska","tag-gospody","tag-lasek-zabianecki","tag-poggenkrug"],"yoast_head":"<!-- This site is optimized with the Yoast SEO plugin v27.3 - https:\/\/yoast.com\/product\/yoast-seo-wordpress\/ -->\n<title>Lisia ferma i sad pana Lenarczyka (wspomnienia Alex Sz., cz. 7) - Dawna \u017babianka<\/title>\n<meta name=\"robots\" content=\"index, follow, max-snippet:-1, max-image-preview:large, max-video-preview:-1\" \/>\n<link rel=\"canonical\" href=\"https:\/\/jarekwasielewski.pl\/dawnazabianka\/wspomnienia\/lisia-ferma-i-sad-pana-lenarczyka-wspomnienia-alex-sz-cz-7\/\" \/>\n<meta property=\"og:locale\" content=\"pl_PL\" \/>\n<meta property=\"og:type\" content=\"article\" \/>\n<meta property=\"og:title\" content=\"Lisia ferma i sad pana Lenarczyka (wspomnienia Alex Sz., cz. 7) - Dawna \u017babianka\" \/>\n<meta property=\"og:description\" content=\"Mi\u0119dzy laskiem a \u201efabryczk\u0105&#8221; by\u0142a lisia ferma. Zapach by\u0142, owszem, ale do nas, do ul. Gospody nie dochodzi\u0142. Jedynie jak [&hellip;]\" \/>\n<meta property=\"og:url\" content=\"https:\/\/jarekwasielewski.pl\/dawnazabianka\/wspomnienia\/lisia-ferma-i-sad-pana-lenarczyka-wspomnienia-alex-sz-cz-7\/\" \/>\n<meta property=\"og:site_name\" content=\"Dawna \u017babianka\" \/>\n<meta property=\"article:publisher\" content=\"https:\/\/www.facebook.com\/dawnazabianka\" \/>\n<meta property=\"article:published_time\" content=\"2020-03-16T07:20:00+00:00\" \/>\n<meta property=\"article:modified_time\" content=\"2020-03-16T07:22:08+00:00\" \/>\n<meta property=\"og:image\" content=\"https:\/\/jarekwasielewski.pl\/dawnazabianka\/wp-content\/uploads\/2020\/02\/54_pomorska_dzialki.jpg\" \/>\n\t<meta property=\"og:image:width\" content=\"1100\" \/>\n\t<meta property=\"og:image:height\" content=\"494\" \/>\n\t<meta property=\"og:image:type\" content=\"image\/jpeg\" \/>\n<meta name=\"author\" content=\"Jarek Wasielewski\" \/>\n<meta name=\"twitter:card\" content=\"summary_large_image\" \/>\n<meta name=\"twitter:label1\" content=\"Napisane przez\" \/>\n\t<meta name=\"twitter:data1\" content=\"Jarek Wasielewski\" \/>\n\t<meta name=\"twitter:label2\" content=\"Szacowany czas czytania\" \/>\n\t<meta name=\"twitter:data2\" content=\"2 minuty\" \/>\n<script type=\"application\/ld+json\" class=\"yoast-schema-graph\">{\"@context\":\"https:\\\/\\\/schema.org\",\"@graph\":[{\"@type\":\"Article\",\"@id\":\"https:\\\/\\\/jarekwasielewski.pl\\\/dawnazabianka\\\/wspomnienia\\\/lisia-ferma-i-sad-pana-lenarczyka-wspomnienia-alex-sz-cz-7\\\/#article\",\"isPartOf\":{\"@id\":\"https:\\\/\\\/jarekwasielewski.pl\\\/dawnazabianka\\\/wspomnienia\\\/lisia-ferma-i-sad-pana-lenarczyka-wspomnienia-alex-sz-cz-7\\\/\"},\"author\":{\"name\":\"Jarek Wasielewski\",\"@id\":\"https:\\\/\\\/jarekwasielewski.pl\\\/dawnazabianka\\\/#\\\/schema\\\/person\\\/00268dd6d002e9183abc2b06cca5a789\"},\"headline\":\"Lisia ferma i sad pana Lenarczyka (wspomnienia Alex Sz., cz. 7)\",\"datePublished\":\"2020-03-16T07:20:00+00:00\",\"dateModified\":\"2020-03-16T07:22:08+00:00\",\"mainEntityOfPage\":{\"@id\":\"https:\\\/\\\/jarekwasielewski.pl\\\/dawnazabianka\\\/wspomnienia\\\/lisia-ferma-i-sad-pana-lenarczyka-wspomnienia-alex-sz-cz-7\\\/\"},\"wordCount\":442,\"commentCount\":0,\"image\":{\"@id\":\"https:\\\/\\\/jarekwasielewski.pl\\\/dawnazabianka\\\/wspomnienia\\\/lisia-ferma-i-sad-pana-lenarczyka-wspomnienia-alex-sz-cz-7\\\/#primaryimage\"},\"thumbnailUrl\":\"https:\\\/\\\/jarekwasielewski.pl\\\/dawnazabianka\\\/wp-content\\\/uploads\\\/2020\\\/02\\\/54_pomorska_dzialki.jpg\",\"keywords\":[\"Gdy\u0144ska\",\"Gospody\",\"Lasek \u017babianecki\",\"Poggenkrug\"],\"articleSection\":[\"Wspomnienia\"],\"inLanguage\":\"pl-PL\",\"potentialAction\":[{\"@type\":\"CommentAction\",\"name\":\"Comment\",\"target\":[\"https:\\\/\\\/jarekwasielewski.pl\\\/dawnazabianka\\\/wspomnienia\\\/lisia-ferma-i-sad-pana-lenarczyka-wspomnienia-alex-sz-cz-7\\\/#respond\"]}]},{\"@type\":\"WebPage\",\"@id\":\"https:\\\/\\\/jarekwasielewski.pl\\\/dawnazabianka\\\/wspomnienia\\\/lisia-ferma-i-sad-pana-lenarczyka-wspomnienia-alex-sz-cz-7\\\/\",\"url\":\"https:\\\/\\\/jarekwasielewski.pl\\\/dawnazabianka\\\/wspomnienia\\\/lisia-ferma-i-sad-pana-lenarczyka-wspomnienia-alex-sz-cz-7\\\/\",\"name\":\"Lisia ferma i sad pana Lenarczyka (wspomnienia Alex Sz., cz. 7) - Dawna \u017babianka\",\"isPartOf\":{\"@id\":\"https:\\\/\\\/jarekwasielewski.pl\\\/dawnazabianka\\\/#website\"},\"primaryImageOfPage\":{\"@id\":\"https:\\\/\\\/jarekwasielewski.pl\\\/dawnazabianka\\\/wspomnienia\\\/lisia-ferma-i-sad-pana-lenarczyka-wspomnienia-alex-sz-cz-7\\\/#primaryimage\"},\"image\":{\"@id\":\"https:\\\/\\\/jarekwasielewski.pl\\\/dawnazabianka\\\/wspomnienia\\\/lisia-ferma-i-sad-pana-lenarczyka-wspomnienia-alex-sz-cz-7\\\/#primaryimage\"},\"thumbnailUrl\":\"https:\\\/\\\/jarekwasielewski.pl\\\/dawnazabianka\\\/wp-content\\\/uploads\\\/2020\\\/02\\\/54_pomorska_dzialki.jpg\",\"datePublished\":\"2020-03-16T07:20:00+00:00\",\"dateModified\":\"2020-03-16T07:22:08+00:00\",\"author\":{\"@id\":\"https:\\\/\\\/jarekwasielewski.pl\\\/dawnazabianka\\\/#\\\/schema\\\/person\\\/00268dd6d002e9183abc2b06cca5a789\"},\"breadcrumb\":{\"@id\":\"https:\\\/\\\/jarekwasielewski.pl\\\/dawnazabianka\\\/wspomnienia\\\/lisia-ferma-i-sad-pana-lenarczyka-wspomnienia-alex-sz-cz-7\\\/#breadcrumb\"},\"inLanguage\":\"pl-PL\",\"potentialAction\":[{\"@type\":\"ReadAction\",\"target\":[\"https:\\\/\\\/jarekwasielewski.pl\\\/dawnazabianka\\\/wspomnienia\\\/lisia-ferma-i-sad-pana-lenarczyka-wspomnienia-alex-sz-cz-7\\\/\"]}]},{\"@type\":\"ImageObject\",\"inLanguage\":\"pl-PL\",\"@id\":\"https:\\\/\\\/jarekwasielewski.pl\\\/dawnazabianka\\\/wspomnienia\\\/lisia-ferma-i-sad-pana-lenarczyka-wspomnienia-alex-sz-cz-7\\\/#primaryimage\",\"url\":\"https:\\\/\\\/jarekwasielewski.pl\\\/dawnazabianka\\\/wp-content\\\/uploads\\\/2020\\\/02\\\/54_pomorska_dzialki.jpg\",\"contentUrl\":\"https:\\\/\\\/jarekwasielewski.pl\\\/dawnazabianka\\\/wp-content\\\/uploads\\\/2020\\\/02\\\/54_pomorska_dzialki.jpg\",\"width\":1100,\"height\":494},{\"@type\":\"BreadcrumbList\",\"@id\":\"https:\\\/\\\/jarekwasielewski.pl\\\/dawnazabianka\\\/wspomnienia\\\/lisia-ferma-i-sad-pana-lenarczyka-wspomnienia-alex-sz-cz-7\\\/#breadcrumb\",\"itemListElement\":[{\"@type\":\"ListItem\",\"position\":1,\"name\":\"Strona g\u0142\u00f3wna\",\"item\":\"https:\\\/\\\/jarekwasielewski.pl\\\/dawnazabianka\\\/\"},{\"@type\":\"ListItem\",\"position\":2,\"name\":\"Lisia ferma i sad pana Lenarczyka (wspomnienia Alex Sz., cz. 7)\"}]},{\"@type\":\"WebSite\",\"@id\":\"https:\\\/\\\/jarekwasielewski.pl\\\/dawnazabianka\\\/#website\",\"url\":\"https:\\\/\\\/jarekwasielewski.pl\\\/dawnazabianka\\\/\",\"name\":\"Dawna \u017babianka\",\"description\":\"Osiedle Wejhera | Osiedle Pomorska | Osiedle \u017babianka | Gosp&oacute;dka\",\"potentialAction\":[{\"@type\":\"SearchAction\",\"target\":{\"@type\":\"EntryPoint\",\"urlTemplate\":\"https:\\\/\\\/jarekwasielewski.pl\\\/dawnazabianka\\\/?s={search_term_string}\"},\"query-input\":{\"@type\":\"PropertyValueSpecification\",\"valueRequired\":true,\"valueName\":\"search_term_string\"}}],\"inLanguage\":\"pl-PL\"},{\"@type\":\"Person\",\"@id\":\"https:\\\/\\\/jarekwasielewski.pl\\\/dawnazabianka\\\/#\\\/schema\\\/person\\\/00268dd6d002e9183abc2b06cca5a789\",\"name\":\"Jarek Wasielewski\",\"image\":{\"@type\":\"ImageObject\",\"inLanguage\":\"pl-PL\",\"@id\":\"https:\\\/\\\/secure.gravatar.com\\\/avatar\\\/260e8561bcdf57628ce1440a15f991fcfe756c2c6f05aa7e8250a663c7645eff?s=96&d=mm&r=g\",\"url\":\"https:\\\/\\\/secure.gravatar.com\\\/avatar\\\/260e8561bcdf57628ce1440a15f991fcfe756c2c6f05aa7e8250a663c7645eff?s=96&d=mm&r=g\",\"contentUrl\":\"https:\\\/\\\/secure.gravatar.com\\\/avatar\\\/260e8561bcdf57628ce1440a15f991fcfe756c2c6f05aa7e8250a663c7645eff?s=96&d=mm&r=g\",\"caption\":\"Jarek Wasielewski\"},\"url\":\"https:\\\/\\\/jarekwasielewski.pl\\\/dawnazabianka\\\/author\\\/admin\\\/\"}]}<\/script>\n<!-- \/ Yoast SEO plugin. -->","yoast_head_json":{"title":"Lisia ferma i sad pana Lenarczyka (wspomnienia Alex Sz., cz. 7) - Dawna \u017babianka","robots":{"index":"index","follow":"follow","max-snippet":"max-snippet:-1","max-image-preview":"max-image-preview:large","max-video-preview":"max-video-preview:-1"},"canonical":"https:\/\/jarekwasielewski.pl\/dawnazabianka\/wspomnienia\/lisia-ferma-i-sad-pana-lenarczyka-wspomnienia-alex-sz-cz-7\/","og_locale":"pl_PL","og_type":"article","og_title":"Lisia ferma i sad pana Lenarczyka (wspomnienia Alex Sz., cz. 7) - Dawna \u017babianka","og_description":"Mi\u0119dzy laskiem a \u201efabryczk\u0105&#8221; by\u0142a lisia ferma. Zapach by\u0142, owszem, ale do nas, do ul. Gospody nie dochodzi\u0142. Jedynie jak [&hellip;]","og_url":"https:\/\/jarekwasielewski.pl\/dawnazabianka\/wspomnienia\/lisia-ferma-i-sad-pana-lenarczyka-wspomnienia-alex-sz-cz-7\/","og_site_name":"Dawna \u017babianka","article_publisher":"https:\/\/www.facebook.com\/dawnazabianka","article_published_time":"2020-03-16T07:20:00+00:00","article_modified_time":"2020-03-16T07:22:08+00:00","og_image":[{"width":1100,"height":494,"url":"https:\/\/jarekwasielewski.pl\/dawnazabianka\/wp-content\/uploads\/2020\/02\/54_pomorska_dzialki.jpg","type":"image\/jpeg"}],"author":"Jarek Wasielewski","twitter_card":"summary_large_image","twitter_misc":{"Napisane przez":"Jarek Wasielewski","Szacowany czas czytania":"2 minuty"},"schema":{"@context":"https:\/\/schema.org","@graph":[{"@type":"Article","@id":"https:\/\/jarekwasielewski.pl\/dawnazabianka\/wspomnienia\/lisia-ferma-i-sad-pana-lenarczyka-wspomnienia-alex-sz-cz-7\/#article","isPartOf":{"@id":"https:\/\/jarekwasielewski.pl\/dawnazabianka\/wspomnienia\/lisia-ferma-i-sad-pana-lenarczyka-wspomnienia-alex-sz-cz-7\/"},"author":{"name":"Jarek Wasielewski","@id":"https:\/\/jarekwasielewski.pl\/dawnazabianka\/#\/schema\/person\/00268dd6d002e9183abc2b06cca5a789"},"headline":"Lisia ferma i sad pana Lenarczyka (wspomnienia Alex Sz., cz. 7)","datePublished":"2020-03-16T07:20:00+00:00","dateModified":"2020-03-16T07:22:08+00:00","mainEntityOfPage":{"@id":"https:\/\/jarekwasielewski.pl\/dawnazabianka\/wspomnienia\/lisia-ferma-i-sad-pana-lenarczyka-wspomnienia-alex-sz-cz-7\/"},"wordCount":442,"commentCount":0,"image":{"@id":"https:\/\/jarekwasielewski.pl\/dawnazabianka\/wspomnienia\/lisia-ferma-i-sad-pana-lenarczyka-wspomnienia-alex-sz-cz-7\/#primaryimage"},"thumbnailUrl":"https:\/\/jarekwasielewski.pl\/dawnazabianka\/wp-content\/uploads\/2020\/02\/54_pomorska_dzialki.jpg","keywords":["Gdy\u0144ska","Gospody","Lasek \u017babianecki","Poggenkrug"],"articleSection":["Wspomnienia"],"inLanguage":"pl-PL","potentialAction":[{"@type":"CommentAction","name":"Comment","target":["https:\/\/jarekwasielewski.pl\/dawnazabianka\/wspomnienia\/lisia-ferma-i-sad-pana-lenarczyka-wspomnienia-alex-sz-cz-7\/#respond"]}]},{"@type":"WebPage","@id":"https:\/\/jarekwasielewski.pl\/dawnazabianka\/wspomnienia\/lisia-ferma-i-sad-pana-lenarczyka-wspomnienia-alex-sz-cz-7\/","url":"https:\/\/jarekwasielewski.pl\/dawnazabianka\/wspomnienia\/lisia-ferma-i-sad-pana-lenarczyka-wspomnienia-alex-sz-cz-7\/","name":"Lisia ferma i sad pana Lenarczyka (wspomnienia Alex Sz., cz. 7) - Dawna \u017babianka","isPartOf":{"@id":"https:\/\/jarekwasielewski.pl\/dawnazabianka\/#website"},"primaryImageOfPage":{"@id":"https:\/\/jarekwasielewski.pl\/dawnazabianka\/wspomnienia\/lisia-ferma-i-sad-pana-lenarczyka-wspomnienia-alex-sz-cz-7\/#primaryimage"},"image":{"@id":"https:\/\/jarekwasielewski.pl\/dawnazabianka\/wspomnienia\/lisia-ferma-i-sad-pana-lenarczyka-wspomnienia-alex-sz-cz-7\/#primaryimage"},"thumbnailUrl":"https:\/\/jarekwasielewski.pl\/dawnazabianka\/wp-content\/uploads\/2020\/02\/54_pomorska_dzialki.jpg","datePublished":"2020-03-16T07:20:00+00:00","dateModified":"2020-03-16T07:22:08+00:00","author":{"@id":"https:\/\/jarekwasielewski.pl\/dawnazabianka\/#\/schema\/person\/00268dd6d002e9183abc2b06cca5a789"},"breadcrumb":{"@id":"https:\/\/jarekwasielewski.pl\/dawnazabianka\/wspomnienia\/lisia-ferma-i-sad-pana-lenarczyka-wspomnienia-alex-sz-cz-7\/#breadcrumb"},"inLanguage":"pl-PL","potentialAction":[{"@type":"ReadAction","target":["https:\/\/jarekwasielewski.pl\/dawnazabianka\/wspomnienia\/lisia-ferma-i-sad-pana-lenarczyka-wspomnienia-alex-sz-cz-7\/"]}]},{"@type":"ImageObject","inLanguage":"pl-PL","@id":"https:\/\/jarekwasielewski.pl\/dawnazabianka\/wspomnienia\/lisia-ferma-i-sad-pana-lenarczyka-wspomnienia-alex-sz-cz-7\/#primaryimage","url":"https:\/\/jarekwasielewski.pl\/dawnazabianka\/wp-content\/uploads\/2020\/02\/54_pomorska_dzialki.jpg","contentUrl":"https:\/\/jarekwasielewski.pl\/dawnazabianka\/wp-content\/uploads\/2020\/02\/54_pomorska_dzialki.jpg","width":1100,"height":494},{"@type":"BreadcrumbList","@id":"https:\/\/jarekwasielewski.pl\/dawnazabianka\/wspomnienia\/lisia-ferma-i-sad-pana-lenarczyka-wspomnienia-alex-sz-cz-7\/#breadcrumb","itemListElement":[{"@type":"ListItem","position":1,"name":"Strona g\u0142\u00f3wna","item":"https:\/\/jarekwasielewski.pl\/dawnazabianka\/"},{"@type":"ListItem","position":2,"name":"Lisia ferma i sad pana Lenarczyka (wspomnienia Alex Sz., cz. 7)"}]},{"@type":"WebSite","@id":"https:\/\/jarekwasielewski.pl\/dawnazabianka\/#website","url":"https:\/\/jarekwasielewski.pl\/dawnazabianka\/","name":"Dawna \u017babianka","description":"Osiedle Wejhera | Osiedle Pomorska | Osiedle \u017babianka | Gosp&oacute;dka","potentialAction":[{"@type":"SearchAction","target":{"@type":"EntryPoint","urlTemplate":"https:\/\/jarekwasielewski.pl\/dawnazabianka\/?s={search_term_string}"},"query-input":{"@type":"PropertyValueSpecification","valueRequired":true,"valueName":"search_term_string"}}],"inLanguage":"pl-PL"},{"@type":"Person","@id":"https:\/\/jarekwasielewski.pl\/dawnazabianka\/#\/schema\/person\/00268dd6d002e9183abc2b06cca5a789","name":"Jarek Wasielewski","image":{"@type":"ImageObject","inLanguage":"pl-PL","@id":"https:\/\/secure.gravatar.com\/avatar\/260e8561bcdf57628ce1440a15f991fcfe756c2c6f05aa7e8250a663c7645eff?s=96&d=mm&r=g","url":"https:\/\/secure.gravatar.com\/avatar\/260e8561bcdf57628ce1440a15f991fcfe756c2c6f05aa7e8250a663c7645eff?s=96&d=mm&r=g","contentUrl":"https:\/\/secure.gravatar.com\/avatar\/260e8561bcdf57628ce1440a15f991fcfe756c2c6f05aa7e8250a663c7645eff?s=96&d=mm&r=g","caption":"Jarek Wasielewski"},"url":"https:\/\/jarekwasielewski.pl\/dawnazabianka\/author\/admin\/"}]}},"_links":{"self":[{"href":"https:\/\/jarekwasielewski.pl\/dawnazabianka\/wp-json\/wp\/v2\/posts\/577","targetHints":{"allow":["GET"]}}],"collection":[{"href":"https:\/\/jarekwasielewski.pl\/dawnazabianka\/wp-json\/wp\/v2\/posts"}],"about":[{"href":"https:\/\/jarekwasielewski.pl\/dawnazabianka\/wp-json\/wp\/v2\/types\/post"}],"author":[{"embeddable":true,"href":"https:\/\/jarekwasielewski.pl\/dawnazabianka\/wp-json\/wp\/v2\/users\/1"}],"replies":[{"embeddable":true,"href":"https:\/\/jarekwasielewski.pl\/dawnazabianka\/wp-json\/wp\/v2\/comments?post=577"}],"version-history":[{"count":2,"href":"https:\/\/jarekwasielewski.pl\/dawnazabianka\/wp-json\/wp\/v2\/posts\/577\/revisions"}],"predecessor-version":[{"id":593,"href":"https:\/\/jarekwasielewski.pl\/dawnazabianka\/wp-json\/wp\/v2\/posts\/577\/revisions\/593"}],"wp:featuredmedia":[{"embeddable":true,"href":"https:\/\/jarekwasielewski.pl\/dawnazabianka\/wp-json\/wp\/v2\/media\/490"}],"wp:attachment":[{"href":"https:\/\/jarekwasielewski.pl\/dawnazabianka\/wp-json\/wp\/v2\/media?parent=577"}],"wp:term":[{"taxonomy":"category","embeddable":true,"href":"https:\/\/jarekwasielewski.pl\/dawnazabianka\/wp-json\/wp\/v2\/categories?post=577"},{"taxonomy":"post_tag","embeddable":true,"href":"https:\/\/jarekwasielewski.pl\/dawnazabianka\/wp-json\/wp\/v2\/tags?post=577"}],"curies":[{"name":"wp","href":"https:\/\/api.w.org\/{rel}","templated":true}]}}