{"id":514,"date":"2020-03-06T08:00:59","date_gmt":"2020-03-06T07:00:59","guid":{"rendered":"http:\/\/jarekwasielewski.pl\/dawnazabianka\/?p=514"},"modified":"2020-03-01T19:59:22","modified_gmt":"2020-03-01T18:59:22","slug":"fabryczka-i-zabianecki-lasek-wspomnienia-alex-sz-cz-6","status":"publish","type":"post","link":"https:\/\/jarekwasielewski.pl\/dawnazabianka\/wspomnienia\/fabryczka-i-zabianecki-lasek-wspomnienia-alex-sz-cz-6\/","title":{"rendered":"\u201eFabryczka&#8221; i \u017babianecki Lasek (wspomnienia Alex Sz., cz. 6)"},"content":{"rendered":"<p style=\"text-align: justify;\"><em>W rejonie skrzy\u017cowania ul. Pomorskiej z dzisiejsz\u0105 ul. Subis\u0142awa, dok\u0142adnie na rogu, powsta\u0142a \u201efabryczka&#8221; \u2013 Sp\u00f3\u0142dzielnia im. Juliana Marchlewskiego. Produkowano tam lampy jarzeniowe, lampki nocne i inne podobne produkty. Dla nas by\u0142o to \u017ar\u00f3d\u0142o pieni\u0119dzy \u2013 moi rodzice tam si\u0119 zatrudnili. Zgaduj\u0119, \u017ce pracowa\u0142o tam z 300 os\u00f3b mieszkaj\u0105cych w okolicy, ale nie tylko, bo z&nbsp; Sopot dochodzili tu do pracy \u201eczarn\u0105 drog\u0105\u201d. Sp\u00f3\u0142dzielnia organizowa\u0142a kolonie dla dzieci pracownik\u00f3w z ma\u0142\u0105 dop\u0142at\u0105, a na \u015bwi\u0119ta bo\u017cego narodzenia \u2013 paczki od \u015bw. Miko\u0142aja w pude\u0142ku po butach, wype\u0142nione landrynkami, ciastkami i owocami (to tam widzia\u0142am pierwszego w swoim \u017cyciu \u201e\u017cywego\u201d \u015bw. Miko\u0142aja!). Przy zak\u0142adzie dzia\u0142a\u0142 ch\u00f3r, w kt\u00f3rym \u015bpiewa\u0142a mama. Ch\u00f3r ten znany by\u0142 w Oliwie, cz\u0119sto \u015bpiewa\u0142 w Katedrze Oliwskiej i przy innych okazjach.<\/em><\/p>\n<p style=\"text-align: justify;\"><em>Tak wi\u0119c Mama z pracy do domu mia\u0142a oko\u0142o kilometra \u2013 niedaleko. I zawsze sz\u0142a przez lasek. Och, ten lasek! By\u0142 przepi\u0119kny, sosnowy, du\u017co wi\u0119kszy, ni\u017c dzi\u015b, si\u0119ga\u0142 oko\u0142o 800-1000 metr\u00f3w od ul. Gospody. Ros\u0142y w nim nawet ma\u015blaki! Id\u0105c przez lasek poln\u0105, piaskow\u0105 \u015bcie\u017ck\u0105 w kierunku Oliwy dochodzili\u015bmy do zielonych, zaro\u015bni\u0119tych traw\u0105 pag\u00f3rk\u00f3w (nasyp\u00f3w) wysoko\u015bci ok. 2-3 metr\u00f3w. By\u0142o ich ze 3-4. W nich by\u0142y bunkry, zbudowane z grubego betonu. Ka\u017cdy mia\u0142 dwa wej\u015bcia, mo\u017cna by\u0142o wej\u015b\u0107 z prawej lub lewej strony, przej\u015b\u0107 oko\u0142o 5-8 metr\u00f3w i wyj\u015b\u0107 po drugiej stronie. Nikt o te bunkry nie dba\u0142, ale dla nas by\u0142o to idealne miejsca na zabawy w podchody, a potem w rycerzy i \u017co\u0142nierzy. Odkrywali\u015bmy ten teren poszukuj\u0105c skarb\u00f3w. Gdy mieli\u015bmy po 16-18 lat, urz\u0105dzali\u015bmy tam prywatki, cz\u0119sto w\u0142a\u015bnie tam zaje\u017cd\u017cali Cyganie\u2026<\/em><\/p>\n<p style=\"text-align: justify;\"><em>Gdzie\u015b w 1957-58 roku zdarzy\u0142 si\u0119 tam wypadek \u2013 ch\u0142opcy znale\u017ali niewypa\u0142, bawili si\u0119 nim, a ten wybuch\u0142, zabijaj\u0105c jednego z ch\u0142opc\u00f3w.<\/em><\/p>\n<p style=\"text-align: justify;\"><em>Teren lasku i bunkr\u00f3w w latach 1960-65 wykorzystywany by\u0142 przez kluby sportowe jako strzelnica.<\/em><\/p>\n<p style=\"text-align: justify;\"><em>Lasek ko\u0144czy\u0142 si\u0119 oko\u0142o 500 metr\u00f3w przed \u201efabryczk\u0105&#8221;, kt\u00f3ra by\u0142a ogrodzona p\u0142otem z bram\u0105 i str\u00f3\u017c\u00f3wk\u0105. Id\u0105c drog\u0105 w kierunku tej str\u00f3\u017c\u00f3wki, z prawej strony \u201efabryczki\u201d mija\u0142o si\u0119 bia\u0142y domek z ogrodem, okolony drzewami owocowymi. Na przeciwko wida\u0107 by\u0142o tory kolejowe, a&nbsp; wok\u00f3\u0142 \u2013 pola.<\/em><\/p>\n<p style=\"text-align: justify;\"><em>Gdy zacz\u0119to przygotowywa\u0107 teren pod budow\u0119 Osiedla \u017babianka, wyci\u0119to nie tylko ok. 3\/4 sosen, ale tak\u017ce stare drzewa w naszych przydomowych ogrodach: wiekowe klony, kasztany, a nawet lipy rosn\u0105ce wzd\u0142u\u017c ul. Gospody. Wyr\u0105b odby\u0142 si\u0119 szybko. Nast\u0119pnie pag\u00f3rkowaty teren po wyci\u0119tych sosnach wyr\u00f3wnano. Nie by\u0142o mnie przy tym, tak, jak nie by\u0142o mnie przy rozbi\u00f3rce naszych dom\u00f3w. Gdy dzi\u015b o tym my\u015bl\u0119, to jest mi smutno. Szkoda naszych starych drzew!<\/em><\/p>\n<p style=\"text-align: justify;\">CDN&#8230;<\/p>\n<p style=\"text-align: justify;\"><strong>Powy\u017cszy tekst powsta\u0142 na bazie wpis\u00f3w Alex Sz. na Forum Dawny Gda\u0144sk (u\u017cytkownik Xandra, 2009) oraz korespondencji wymienianej ze mn\u0105 (2020). Zebra\u0142em je, zredagowa\u0142em i opublikowa\u0142em w powy\u017cszej formie za Jej wiedz\u0105 i zgod\u0105 \u2013 raz jeszcze serdecznie dzi\u0119kuj\u0119!<\/strong><\/p>\n<p style=\"text-align: justify;\">Na zdj\u0119ciu: baraki &#8222;fabryczki&#8221;, czyli Sp\u00f3\u0142dzielni im. Juliana Marchlewskiego, p\u00f3\u017aniejszego POLAM-u; \u017ar\u00f3d\u0142o: rlt.rh.pl.<\/p>\n<p style=\"text-align: justify;\">&nbsp;<\/p>\n","protected":false},"excerpt":{"rendered":"<p>W rejonie skrzy\u017cowania ul. Pomorskiej z dzisiejsz\u0105 ul. Subis\u0142awa, dok\u0142adnie na rogu, powsta\u0142a \u201efabryczka&#8221; \u2013 Sp\u00f3\u0142dzielnia im. Juliana Marchlewskiego. Produkowano [&hellip;]<\/p>\n","protected":false},"author":1,"featured_media":526,"comment_status":"open","ping_status":"open","sticky":false,"template":"","format":"standard","meta":{"footnotes":""},"categories":[3],"tags":[15,59],"class_list":["post-514","post","type-post","status-publish","format-standard","has-post-thumbnail","hentry","category-wspomnienia","tag-lasek-zabianecki","tag-polam"],"yoast_head":"<!-- This site is optimized with the Yoast SEO plugin v27.3 - https:\/\/yoast.com\/product\/yoast-seo-wordpress\/ -->\n<title>\u201eFabryczka&quot; i \u017babianecki Lasek (wspomnienia Alex Sz., cz. 6) - Dawna \u017babianka<\/title>\n<meta name=\"robots\" content=\"index, follow, max-snippet:-1, max-image-preview:large, max-video-preview:-1\" \/>\n<link rel=\"canonical\" href=\"https:\/\/jarekwasielewski.pl\/dawnazabianka\/wspomnienia\/fabryczka-i-zabianecki-lasek-wspomnienia-alex-sz-cz-6\/\" \/>\n<meta property=\"og:locale\" content=\"pl_PL\" \/>\n<meta property=\"og:type\" content=\"article\" \/>\n<meta property=\"og:title\" content=\"\u201eFabryczka&quot; i \u017babianecki Lasek (wspomnienia Alex Sz., cz. 6) - Dawna \u017babianka\" \/>\n<meta property=\"og:description\" content=\"W rejonie skrzy\u017cowania ul. Pomorskiej z dzisiejsz\u0105 ul. Subis\u0142awa, dok\u0142adnie na rogu, powsta\u0142a \u201efabryczka&#8221; \u2013 Sp\u00f3\u0142dzielnia im. Juliana Marchlewskiego. Produkowano [&hellip;]\" \/>\n<meta property=\"og:url\" content=\"https:\/\/jarekwasielewski.pl\/dawnazabianka\/wspomnienia\/fabryczka-i-zabianecki-lasek-wspomnienia-alex-sz-cz-6\/\" \/>\n<meta property=\"og:site_name\" content=\"Dawna \u017babianka\" \/>\n<meta property=\"article:publisher\" content=\"https:\/\/www.facebook.com\/dawnazabianka\" \/>\n<meta property=\"article:published_time\" content=\"2020-03-06T07:00:59+00:00\" \/>\n<meta property=\"og:image\" content=\"https:\/\/jarekwasielewski.pl\/dawnazabianka\/wp-content\/uploads\/2020\/03\/61_polam.jpg\" \/>\n\t<meta property=\"og:image:width\" content=\"700\" \/>\n\t<meta property=\"og:image:height\" content=\"505\" \/>\n\t<meta property=\"og:image:type\" content=\"image\/jpeg\" \/>\n<meta name=\"author\" content=\"Jarek Wasielewski\" \/>\n<meta name=\"twitter:card\" content=\"summary_large_image\" \/>\n<meta name=\"twitter:label1\" content=\"Napisane przez\" \/>\n\t<meta name=\"twitter:data1\" content=\"Jarek Wasielewski\" \/>\n\t<meta name=\"twitter:label2\" content=\"Szacowany czas czytania\" \/>\n\t<meta name=\"twitter:data2\" content=\"3 minuty\" \/>\n<script type=\"application\/ld+json\" class=\"yoast-schema-graph\">{\"@context\":\"https:\\\/\\\/schema.org\",\"@graph\":[{\"@type\":\"Article\",\"@id\":\"https:\\\/\\\/jarekwasielewski.pl\\\/dawnazabianka\\\/wspomnienia\\\/fabryczka-i-zabianecki-lasek-wspomnienia-alex-sz-cz-6\\\/#article\",\"isPartOf\":{\"@id\":\"https:\\\/\\\/jarekwasielewski.pl\\\/dawnazabianka\\\/wspomnienia\\\/fabryczka-i-zabianecki-lasek-wspomnienia-alex-sz-cz-6\\\/\"},\"author\":{\"name\":\"Jarek Wasielewski\",\"@id\":\"https:\\\/\\\/jarekwasielewski.pl\\\/dawnazabianka\\\/#\\\/schema\\\/person\\\/00268dd6d002e9183abc2b06cca5a789\"},\"headline\":\"\u201eFabryczka&#8221; i \u017babianecki Lasek (wspomnienia Alex Sz., cz. 6)\",\"datePublished\":\"2020-03-06T07:00:59+00:00\",\"mainEntityOfPage\":{\"@id\":\"https:\\\/\\\/jarekwasielewski.pl\\\/dawnazabianka\\\/wspomnienia\\\/fabryczka-i-zabianecki-lasek-wspomnienia-alex-sz-cz-6\\\/\"},\"wordCount\":582,\"commentCount\":3,\"image\":{\"@id\":\"https:\\\/\\\/jarekwasielewski.pl\\\/dawnazabianka\\\/wspomnienia\\\/fabryczka-i-zabianecki-lasek-wspomnienia-alex-sz-cz-6\\\/#primaryimage\"},\"thumbnailUrl\":\"https:\\\/\\\/jarekwasielewski.pl\\\/dawnazabianka\\\/wp-content\\\/uploads\\\/2020\\\/03\\\/61_polam.jpg\",\"keywords\":[\"Lasek \u017babianecki\",\"POLAM\"],\"articleSection\":[\"Wspomnienia\"],\"inLanguage\":\"pl-PL\",\"potentialAction\":[{\"@type\":\"CommentAction\",\"name\":\"Comment\",\"target\":[\"https:\\\/\\\/jarekwasielewski.pl\\\/dawnazabianka\\\/wspomnienia\\\/fabryczka-i-zabianecki-lasek-wspomnienia-alex-sz-cz-6\\\/#respond\"]}]},{\"@type\":\"WebPage\",\"@id\":\"https:\\\/\\\/jarekwasielewski.pl\\\/dawnazabianka\\\/wspomnienia\\\/fabryczka-i-zabianecki-lasek-wspomnienia-alex-sz-cz-6\\\/\",\"url\":\"https:\\\/\\\/jarekwasielewski.pl\\\/dawnazabianka\\\/wspomnienia\\\/fabryczka-i-zabianecki-lasek-wspomnienia-alex-sz-cz-6\\\/\",\"name\":\"\u201eFabryczka\\\" i \u017babianecki Lasek (wspomnienia Alex Sz., cz. 6) - Dawna \u017babianka\",\"isPartOf\":{\"@id\":\"https:\\\/\\\/jarekwasielewski.pl\\\/dawnazabianka\\\/#website\"},\"primaryImageOfPage\":{\"@id\":\"https:\\\/\\\/jarekwasielewski.pl\\\/dawnazabianka\\\/wspomnienia\\\/fabryczka-i-zabianecki-lasek-wspomnienia-alex-sz-cz-6\\\/#primaryimage\"},\"image\":{\"@id\":\"https:\\\/\\\/jarekwasielewski.pl\\\/dawnazabianka\\\/wspomnienia\\\/fabryczka-i-zabianecki-lasek-wspomnienia-alex-sz-cz-6\\\/#primaryimage\"},\"thumbnailUrl\":\"https:\\\/\\\/jarekwasielewski.pl\\\/dawnazabianka\\\/wp-content\\\/uploads\\\/2020\\\/03\\\/61_polam.jpg\",\"datePublished\":\"2020-03-06T07:00:59+00:00\",\"author\":{\"@id\":\"https:\\\/\\\/jarekwasielewski.pl\\\/dawnazabianka\\\/#\\\/schema\\\/person\\\/00268dd6d002e9183abc2b06cca5a789\"},\"breadcrumb\":{\"@id\":\"https:\\\/\\\/jarekwasielewski.pl\\\/dawnazabianka\\\/wspomnienia\\\/fabryczka-i-zabianecki-lasek-wspomnienia-alex-sz-cz-6\\\/#breadcrumb\"},\"inLanguage\":\"pl-PL\",\"potentialAction\":[{\"@type\":\"ReadAction\",\"target\":[\"https:\\\/\\\/jarekwasielewski.pl\\\/dawnazabianka\\\/wspomnienia\\\/fabryczka-i-zabianecki-lasek-wspomnienia-alex-sz-cz-6\\\/\"]}]},{\"@type\":\"ImageObject\",\"inLanguage\":\"pl-PL\",\"@id\":\"https:\\\/\\\/jarekwasielewski.pl\\\/dawnazabianka\\\/wspomnienia\\\/fabryczka-i-zabianecki-lasek-wspomnienia-alex-sz-cz-6\\\/#primaryimage\",\"url\":\"https:\\\/\\\/jarekwasielewski.pl\\\/dawnazabianka\\\/wp-content\\\/uploads\\\/2020\\\/03\\\/61_polam.jpg\",\"contentUrl\":\"https:\\\/\\\/jarekwasielewski.pl\\\/dawnazabianka\\\/wp-content\\\/uploads\\\/2020\\\/03\\\/61_polam.jpg\",\"width\":700,\"height\":505},{\"@type\":\"BreadcrumbList\",\"@id\":\"https:\\\/\\\/jarekwasielewski.pl\\\/dawnazabianka\\\/wspomnienia\\\/fabryczka-i-zabianecki-lasek-wspomnienia-alex-sz-cz-6\\\/#breadcrumb\",\"itemListElement\":[{\"@type\":\"ListItem\",\"position\":1,\"name\":\"Strona g\u0142\u00f3wna\",\"item\":\"https:\\\/\\\/jarekwasielewski.pl\\\/dawnazabianka\\\/\"},{\"@type\":\"ListItem\",\"position\":2,\"name\":\"\u201eFabryczka&#8221; i \u017babianecki Lasek (wspomnienia Alex Sz., cz. 6)\"}]},{\"@type\":\"WebSite\",\"@id\":\"https:\\\/\\\/jarekwasielewski.pl\\\/dawnazabianka\\\/#website\",\"url\":\"https:\\\/\\\/jarekwasielewski.pl\\\/dawnazabianka\\\/\",\"name\":\"Dawna \u017babianka\",\"description\":\"Osiedle Wejhera | Osiedle Pomorska | Osiedle \u017babianka | Gosp&oacute;dka\",\"potentialAction\":[{\"@type\":\"SearchAction\",\"target\":{\"@type\":\"EntryPoint\",\"urlTemplate\":\"https:\\\/\\\/jarekwasielewski.pl\\\/dawnazabianka\\\/?s={search_term_string}\"},\"query-input\":{\"@type\":\"PropertyValueSpecification\",\"valueRequired\":true,\"valueName\":\"search_term_string\"}}],\"inLanguage\":\"pl-PL\"},{\"@type\":\"Person\",\"@id\":\"https:\\\/\\\/jarekwasielewski.pl\\\/dawnazabianka\\\/#\\\/schema\\\/person\\\/00268dd6d002e9183abc2b06cca5a789\",\"name\":\"Jarek Wasielewski\",\"image\":{\"@type\":\"ImageObject\",\"inLanguage\":\"pl-PL\",\"@id\":\"https:\\\/\\\/secure.gravatar.com\\\/avatar\\\/260e8561bcdf57628ce1440a15f991fcfe756c2c6f05aa7e8250a663c7645eff?s=96&d=mm&r=g\",\"url\":\"https:\\\/\\\/secure.gravatar.com\\\/avatar\\\/260e8561bcdf57628ce1440a15f991fcfe756c2c6f05aa7e8250a663c7645eff?s=96&d=mm&r=g\",\"contentUrl\":\"https:\\\/\\\/secure.gravatar.com\\\/avatar\\\/260e8561bcdf57628ce1440a15f991fcfe756c2c6f05aa7e8250a663c7645eff?s=96&d=mm&r=g\",\"caption\":\"Jarek Wasielewski\"},\"url\":\"https:\\\/\\\/jarekwasielewski.pl\\\/dawnazabianka\\\/author\\\/admin\\\/\"}]}<\/script>\n<!-- \/ Yoast SEO plugin. -->","yoast_head_json":{"title":"\u201eFabryczka\" i \u017babianecki Lasek (wspomnienia Alex Sz., cz. 6) - Dawna \u017babianka","robots":{"index":"index","follow":"follow","max-snippet":"max-snippet:-1","max-image-preview":"max-image-preview:large","max-video-preview":"max-video-preview:-1"},"canonical":"https:\/\/jarekwasielewski.pl\/dawnazabianka\/wspomnienia\/fabryczka-i-zabianecki-lasek-wspomnienia-alex-sz-cz-6\/","og_locale":"pl_PL","og_type":"article","og_title":"\u201eFabryczka\" i \u017babianecki Lasek (wspomnienia Alex Sz., cz. 6) - Dawna \u017babianka","og_description":"W rejonie skrzy\u017cowania ul. Pomorskiej z dzisiejsz\u0105 ul. Subis\u0142awa, dok\u0142adnie na rogu, powsta\u0142a \u201efabryczka&#8221; \u2013 Sp\u00f3\u0142dzielnia im. Juliana Marchlewskiego. Produkowano [&hellip;]","og_url":"https:\/\/jarekwasielewski.pl\/dawnazabianka\/wspomnienia\/fabryczka-i-zabianecki-lasek-wspomnienia-alex-sz-cz-6\/","og_site_name":"Dawna \u017babianka","article_publisher":"https:\/\/www.facebook.com\/dawnazabianka","article_published_time":"2020-03-06T07:00:59+00:00","og_image":[{"width":700,"height":505,"url":"https:\/\/jarekwasielewski.pl\/dawnazabianka\/wp-content\/uploads\/2020\/03\/61_polam.jpg","type":"image\/jpeg"}],"author":"Jarek Wasielewski","twitter_card":"summary_large_image","twitter_misc":{"Napisane przez":"Jarek Wasielewski","Szacowany czas czytania":"3 minuty"},"schema":{"@context":"https:\/\/schema.org","@graph":[{"@type":"Article","@id":"https:\/\/jarekwasielewski.pl\/dawnazabianka\/wspomnienia\/fabryczka-i-zabianecki-lasek-wspomnienia-alex-sz-cz-6\/#article","isPartOf":{"@id":"https:\/\/jarekwasielewski.pl\/dawnazabianka\/wspomnienia\/fabryczka-i-zabianecki-lasek-wspomnienia-alex-sz-cz-6\/"},"author":{"name":"Jarek Wasielewski","@id":"https:\/\/jarekwasielewski.pl\/dawnazabianka\/#\/schema\/person\/00268dd6d002e9183abc2b06cca5a789"},"headline":"\u201eFabryczka&#8221; i \u017babianecki Lasek (wspomnienia Alex Sz., cz. 6)","datePublished":"2020-03-06T07:00:59+00:00","mainEntityOfPage":{"@id":"https:\/\/jarekwasielewski.pl\/dawnazabianka\/wspomnienia\/fabryczka-i-zabianecki-lasek-wspomnienia-alex-sz-cz-6\/"},"wordCount":582,"commentCount":3,"image":{"@id":"https:\/\/jarekwasielewski.pl\/dawnazabianka\/wspomnienia\/fabryczka-i-zabianecki-lasek-wspomnienia-alex-sz-cz-6\/#primaryimage"},"thumbnailUrl":"https:\/\/jarekwasielewski.pl\/dawnazabianka\/wp-content\/uploads\/2020\/03\/61_polam.jpg","keywords":["Lasek \u017babianecki","POLAM"],"articleSection":["Wspomnienia"],"inLanguage":"pl-PL","potentialAction":[{"@type":"CommentAction","name":"Comment","target":["https:\/\/jarekwasielewski.pl\/dawnazabianka\/wspomnienia\/fabryczka-i-zabianecki-lasek-wspomnienia-alex-sz-cz-6\/#respond"]}]},{"@type":"WebPage","@id":"https:\/\/jarekwasielewski.pl\/dawnazabianka\/wspomnienia\/fabryczka-i-zabianecki-lasek-wspomnienia-alex-sz-cz-6\/","url":"https:\/\/jarekwasielewski.pl\/dawnazabianka\/wspomnienia\/fabryczka-i-zabianecki-lasek-wspomnienia-alex-sz-cz-6\/","name":"\u201eFabryczka\" i \u017babianecki Lasek (wspomnienia Alex Sz., cz. 6) - Dawna \u017babianka","isPartOf":{"@id":"https:\/\/jarekwasielewski.pl\/dawnazabianka\/#website"},"primaryImageOfPage":{"@id":"https:\/\/jarekwasielewski.pl\/dawnazabianka\/wspomnienia\/fabryczka-i-zabianecki-lasek-wspomnienia-alex-sz-cz-6\/#primaryimage"},"image":{"@id":"https:\/\/jarekwasielewski.pl\/dawnazabianka\/wspomnienia\/fabryczka-i-zabianecki-lasek-wspomnienia-alex-sz-cz-6\/#primaryimage"},"thumbnailUrl":"https:\/\/jarekwasielewski.pl\/dawnazabianka\/wp-content\/uploads\/2020\/03\/61_polam.jpg","datePublished":"2020-03-06T07:00:59+00:00","author":{"@id":"https:\/\/jarekwasielewski.pl\/dawnazabianka\/#\/schema\/person\/00268dd6d002e9183abc2b06cca5a789"},"breadcrumb":{"@id":"https:\/\/jarekwasielewski.pl\/dawnazabianka\/wspomnienia\/fabryczka-i-zabianecki-lasek-wspomnienia-alex-sz-cz-6\/#breadcrumb"},"inLanguage":"pl-PL","potentialAction":[{"@type":"ReadAction","target":["https:\/\/jarekwasielewski.pl\/dawnazabianka\/wspomnienia\/fabryczka-i-zabianecki-lasek-wspomnienia-alex-sz-cz-6\/"]}]},{"@type":"ImageObject","inLanguage":"pl-PL","@id":"https:\/\/jarekwasielewski.pl\/dawnazabianka\/wspomnienia\/fabryczka-i-zabianecki-lasek-wspomnienia-alex-sz-cz-6\/#primaryimage","url":"https:\/\/jarekwasielewski.pl\/dawnazabianka\/wp-content\/uploads\/2020\/03\/61_polam.jpg","contentUrl":"https:\/\/jarekwasielewski.pl\/dawnazabianka\/wp-content\/uploads\/2020\/03\/61_polam.jpg","width":700,"height":505},{"@type":"BreadcrumbList","@id":"https:\/\/jarekwasielewski.pl\/dawnazabianka\/wspomnienia\/fabryczka-i-zabianecki-lasek-wspomnienia-alex-sz-cz-6\/#breadcrumb","itemListElement":[{"@type":"ListItem","position":1,"name":"Strona g\u0142\u00f3wna","item":"https:\/\/jarekwasielewski.pl\/dawnazabianka\/"},{"@type":"ListItem","position":2,"name":"\u201eFabryczka&#8221; i \u017babianecki Lasek (wspomnienia Alex Sz., cz. 6)"}]},{"@type":"WebSite","@id":"https:\/\/jarekwasielewski.pl\/dawnazabianka\/#website","url":"https:\/\/jarekwasielewski.pl\/dawnazabianka\/","name":"Dawna \u017babianka","description":"Osiedle Wejhera | Osiedle Pomorska | Osiedle \u017babianka | Gosp&oacute;dka","potentialAction":[{"@type":"SearchAction","target":{"@type":"EntryPoint","urlTemplate":"https:\/\/jarekwasielewski.pl\/dawnazabianka\/?s={search_term_string}"},"query-input":{"@type":"PropertyValueSpecification","valueRequired":true,"valueName":"search_term_string"}}],"inLanguage":"pl-PL"},{"@type":"Person","@id":"https:\/\/jarekwasielewski.pl\/dawnazabianka\/#\/schema\/person\/00268dd6d002e9183abc2b06cca5a789","name":"Jarek Wasielewski","image":{"@type":"ImageObject","inLanguage":"pl-PL","@id":"https:\/\/secure.gravatar.com\/avatar\/260e8561bcdf57628ce1440a15f991fcfe756c2c6f05aa7e8250a663c7645eff?s=96&d=mm&r=g","url":"https:\/\/secure.gravatar.com\/avatar\/260e8561bcdf57628ce1440a15f991fcfe756c2c6f05aa7e8250a663c7645eff?s=96&d=mm&r=g","contentUrl":"https:\/\/secure.gravatar.com\/avatar\/260e8561bcdf57628ce1440a15f991fcfe756c2c6f05aa7e8250a663c7645eff?s=96&d=mm&r=g","caption":"Jarek Wasielewski"},"url":"https:\/\/jarekwasielewski.pl\/dawnazabianka\/author\/admin\/"}]}},"_links":{"self":[{"href":"https:\/\/jarekwasielewski.pl\/dawnazabianka\/wp-json\/wp\/v2\/posts\/514","targetHints":{"allow":["GET"]}}],"collection":[{"href":"https:\/\/jarekwasielewski.pl\/dawnazabianka\/wp-json\/wp\/v2\/posts"}],"about":[{"href":"https:\/\/jarekwasielewski.pl\/dawnazabianka\/wp-json\/wp\/v2\/types\/post"}],"author":[{"embeddable":true,"href":"https:\/\/jarekwasielewski.pl\/dawnazabianka\/wp-json\/wp\/v2\/users\/1"}],"replies":[{"embeddable":true,"href":"https:\/\/jarekwasielewski.pl\/dawnazabianka\/wp-json\/wp\/v2\/comments?post=514"}],"version-history":[{"count":2,"href":"https:\/\/jarekwasielewski.pl\/dawnazabianka\/wp-json\/wp\/v2\/posts\/514\/revisions"}],"predecessor-version":[{"id":516,"href":"https:\/\/jarekwasielewski.pl\/dawnazabianka\/wp-json\/wp\/v2\/posts\/514\/revisions\/516"}],"wp:featuredmedia":[{"embeddable":true,"href":"https:\/\/jarekwasielewski.pl\/dawnazabianka\/wp-json\/wp\/v2\/media\/526"}],"wp:attachment":[{"href":"https:\/\/jarekwasielewski.pl\/dawnazabianka\/wp-json\/wp\/v2\/media?parent=514"}],"wp:term":[{"taxonomy":"category","embeddable":true,"href":"https:\/\/jarekwasielewski.pl\/dawnazabianka\/wp-json\/wp\/v2\/categories?post=514"},{"taxonomy":"post_tag","embeddable":true,"href":"https:\/\/jarekwasielewski.pl\/dawnazabianka\/wp-json\/wp\/v2\/tags?post=514"}],"curies":[{"name":"wp","href":"https:\/\/api.w.org\/{rel}","templated":true}]}}