{"id":427,"date":"2020-02-17T07:40:23","date_gmt":"2020-02-17T06:40:23","guid":{"rendered":"http:\/\/jarekwasielewski.pl\/dawnazabianka\/?p=427"},"modified":"2020-02-17T07:38:16","modified_gmt":"2020-02-17T06:38:16","slug":"czarna-droga-i-klein-berlinek-wspomnienia-alex-sz-cz-3","status":"publish","type":"post","link":"https:\/\/jarekwasielewski.pl\/dawnazabianka\/wspomnienia\/czarna-droga-i-klein-berlinek-wspomnienia-alex-sz-cz-3\/","title":{"rendered":"Czarna Droga i Klein Berlinek (wspomnienia Alex Sz., cz. 3)"},"content":{"rendered":"<p style=\"text-align: justify;\"><em>Z dawnej <\/em>Poggenkrug<em>\/\u017babianki w kierunku Sopotu prowadzi\u0142a \u201eczarna droga&#8221; \u2013 nazywam j\u0105 tak dlatego, \u017ce gmina wysypywa\u0142a na ni\u0105 czarny \u017cwir. Droga by\u0142a dobrze ubita, r\u00f3wna i twarda. Po prawej jej stronie bieg\u0142a dr\u00f3\u017cka, kt\u00f3ra prowadzi\u0142a na \u0142\u0105ki \u2013 biegali\u015bmy tamt\u0119dy na pla\u017c\u0119 (p\u00f3\u017aniej w ich miejscu urz\u0105dzono ogr\u00f3dki dzia\u0142kowe). \u0141\u0105ki by\u0142y suche, a za nimi \u2013 pola le\u017c\u0105ce od\u0142ogiem.<\/em><\/p>\n<p style=\"text-align: justify;\"><em>Id\u0105c \u201eczarn\u0105 drog\u0105&#8221; mija\u0142o si\u0119 wspomniany ju\u017c wcze\u015bniej Klein Berlinek. Jego doro\u015bli mieszka\u0144cy byli spokojni, ale strach w nich pozosta\u0142, byli bardzo zamkni\u0119ci w sobie. Dw\u00f3ch z nich mia\u0142o taks\u00f3wki, to by\u0142y Warszawy \u2013 jedyne samochody w naszym rejonie. W\u0142a\u015bciciele nie odmawiali, gdy trzeba by\u0142o kogo\u015b zawie\u017a\u0107 na pogotowie. W tamtym czasie ju\u017c umieli m\u00f3wi\u0107 po polsku, ale miedzy sob\u0105 rozmawiali&nbsp; tylko po niemiecku. Ich domy stopniowo traci\u0142y sw\u00f3j pierwotny wygl\u0105d poprzez ci\u0105gle dobudowywanie altanek, budek, go\u0142\u0119bnik\u00f3w \u2013 a go\u0142\u0119bi mieli zatrz\u0119sienie. Nazw\u0119 Klein Berlinek wymy\u015blili sobie sami, jako tak\u0105 namiastk\u0119 ma\u0142ych Niemiec. Starzy na co dzie\u0144 u\u017cywali tego okre\u015blenia, a ich dzieci za nimi. Jak mieli\u015bmy \u201ewojn\u0119&#8221; z dzie\u0107mi stamt\u0105d \u2013 a dzia\u0142o si\u0119 to bardzo rzadko \u2013 to oczywi\u015bcie wyzywali\u015bmy ich od szwab\u00f3w, za co obrzucali nas kamieniami albo \u0142apali na \u201eczarnej drodze&#8221; i kopali ty\u0142ki. Ale nie mam z\u0142ych wspomnie\u0144 zwi\u0105zanych z Berlinkiem. A takie imiona i nazwiska, jak Gunter, Norbert, Frejberg, Waiss, Peggel, Kryza \u2013 pami\u0119tam do dzi\u015b. Z niekt\u00f3rymi przez wiele lat utrzymywa\u0142am kontakt. Ich rodzice \u2013 je\u015bli \u017cyj\u0105 \u2013 do dzi\u015b m\u00f3wi\u0105 z twardym, niemieckim akcentem, cho\u0107 przybrali pi\u0119kne polskie nazwiska. Problemy, obawy \u2013 ale i rado\u015bci \u2013 mieli takie, jak i my. W pewnym momencie jednak, gdy zacz\u0119to budowa\u0107 Osiedle M\u0142odych (Wejhera), cisza sielska-anielska w ich Klein Berlinku sko\u0144czy\u0142a si\u0119 na zawsze. Maj\u0105c \u201epochodzenie&#8221;, cz\u0119\u015b\u0107 z nich wyje\u017cd\u017ca\u0142a do Niemiec, cz\u0119\u015b\u0107 przeprowadzi\u0142a si\u0119 do Sopot czy do Kamiennego Potoku. \u201eOryginalnych&#8221; rodzin pozosta\u0142o mo\u017ce ze trzy do pi\u0119ciu \u2013 te akurat przenios\u0142y si\u0119 do nowo powsta\u0142ych&nbsp;\u201eszaf&#8221; przy ulicy Pomorskiej. A do ich opuszczonych domk\u00f3w p\u00f3\u017aniej wprowadzili si\u0119 na dziko ludzie bezdomni&#8230;<\/em><\/p>\n<p style=\"text-align: justify;\"><em>Za Berlinkiem p\u0142yn\u0119\u0142a rzeczka, mo\u017ce na metr szeroka, kt\u00f3r\u0105 Niemcy pu\u015bcili pod \u201eczarn\u0105 drog\u0105&#8221;. Zim\u0105 tamowali\u015bmy t\u0119 rzeczk\u0119, tak na wysoko\u015bci Berlinka, i woda wylewa\u0142a si\u0119 na okoliczne \u0142\u0105ki. W ten spos\u00f3b tworzyli\u015bmy najwi\u0119ksze lodowisko na \u015bwiecie \u2013 ka\u017cdy mia\u0142 \u0142y\u017cwy, a maluchy wozi\u0142o si\u0119 w balii \u2013 takiej do prania. Je\u017adzili\u015bmy te\u017c na kawa\u0142kach karton\u00f3w czy dykty&#8230;<\/em><\/p>\n<p style=\"text-align: justify;\"><em>Dalej by\u0142y pola, suche i niezagospodarowane. Ros\u0142y na nich czerwone maki, chabry i inne polne kwiaty &#8211; samosiejki. Natomiast wzd\u0142u\u017c ul. \u0141okietka, mo\u017ce z 200-300 metr\u00f3w w kierunku morza, by\u0142o miejskie sopockie wysypisko \u015bmieci. Przeogromne. Zwo\u017cono na nie \u015bmieci nie tylko z Sopotu, ale tak\u017ce z Oliwy i ca\u0142ego Gda\u0144ska.<\/em><\/p>\n<p style=\"text-align: justify;\"><em>Po lewej stronie drog\u0119 zagradza\u0142y g\u0119ste krzaki. Oko\u0142o 300 metr\u00f3w dalej w kierunku Sopotu napotyka\u0142o si\u0119 pierwszy napis: ul. \u0141okietka, Sopot. Tutaj mo\u017cna by\u0142o skr\u0119ci\u0107 w lewo, do przystanku kolejki podmiejskiej Sopot Wy\u015bcigi, tutaj tak\u017ce by\u0142 \u201enasz&#8221; sklep spo\u017cywczy (p\u00f3\u017aniej mi\u0119sny), a odrobin\u0119 dalej&nbsp; na&nbsp; prawo \u2013 sopocka rze\u017ania; tam kupowali\u015bmy tylko ko\u015bci schabowe, grubo oklejone mi\u0119sem (<\/em>Poprose packe kosci na zupe<em>). Pani w okienku rzuca\u0142a te ko\u015bci owini\u0119te w kawa\u0142ek papieru &#8211; dwukilogramowa paczka za 10 z\u0142 \u2013 ale mieli\u015bmy swoje siatki na zakupy.<\/em><\/p>\n<p>&nbsp;<\/p>\n<p style=\"text-align: justify;\">CDN&#8230;<\/p>\n<p style=\"text-align: justify;\"><strong>Powy\u017cszy tekst powsta\u0142 na bazie wpis\u00f3w Alex Sz. na Forum Dawny Gda\u0144sk (u\u017cytkownik Xandra, 2009) oraz korespondencji wymienianej ze mn\u0105 (2020). Zebra\u0142em je, zredagowa\u0142em i opublikowa\u0142em w powy\u017cszej formie za Jej wiedz\u0105 i zgod\u0105 \u2013 raz jeszcze serdecznie dzi\u0119kuj\u0119!<\/strong><\/p>\n<p>Na zdj\u0119ciu: pozosta\u0142o\u015bci po Klein Berlinku, ok. 1975. Nades\u0142a\u0142a Alex Sz.<\/p>\n<p>&nbsp;<\/p>\n","protected":false},"excerpt":{"rendered":"<p>Z dawnej Poggenkrug\/\u017babianki w kierunku Sopotu prowadzi\u0142a \u201eczarna droga&#8221; \u2013 nazywam j\u0105 tak dlatego, \u017ce gmina wysypywa\u0142a na ni\u0105 czarny [&hellip;]<\/p>\n","protected":false},"author":1,"featured_media":436,"comment_status":"open","ping_status":"open","sticky":false,"template":"","format":"standard","meta":{"footnotes":""},"categories":[3],"tags":[34],"class_list":["post-427","post","type-post","status-publish","format-standard","has-post-thumbnail","hentry","category-wspomnienia","tag-klein-berlinek"],"yoast_head":"<!-- This site is optimized with the Yoast SEO plugin v27.3 - https:\/\/yoast.com\/product\/yoast-seo-wordpress\/ -->\n<title>Czarna Droga i Klein Berlinek (wspomnienia Alex Sz., cz. 3) - Dawna \u017babianka<\/title>\n<meta name=\"robots\" content=\"index, follow, max-snippet:-1, max-image-preview:large, max-video-preview:-1\" \/>\n<link rel=\"canonical\" href=\"https:\/\/jarekwasielewski.pl\/dawnazabianka\/wspomnienia\/czarna-droga-i-klein-berlinek-wspomnienia-alex-sz-cz-3\/\" \/>\n<meta property=\"og:locale\" content=\"pl_PL\" \/>\n<meta property=\"og:type\" content=\"article\" \/>\n<meta property=\"og:title\" content=\"Czarna Droga i Klein Berlinek (wspomnienia Alex Sz., cz. 3) - Dawna \u017babianka\" \/>\n<meta property=\"og:description\" content=\"Z dawnej Poggenkrug\/\u017babianki w kierunku Sopotu prowadzi\u0142a \u201eczarna droga&#8221; \u2013 nazywam j\u0105 tak dlatego, \u017ce gmina wysypywa\u0142a na ni\u0105 czarny [&hellip;]\" \/>\n<meta property=\"og:url\" content=\"https:\/\/jarekwasielewski.pl\/dawnazabianka\/wspomnienia\/czarna-droga-i-klein-berlinek-wspomnienia-alex-sz-cz-3\/\" \/>\n<meta property=\"og:site_name\" content=\"Dawna \u017babianka\" \/>\n<meta property=\"article:publisher\" content=\"https:\/\/www.facebook.com\/dawnazabianka\" \/>\n<meta property=\"article:published_time\" content=\"2020-02-17T06:40:23+00:00\" \/>\n<meta property=\"og:image\" content=\"https:\/\/jarekwasielewski.pl\/dawnazabianka\/wp-content\/uploads\/2020\/02\/49_klein_berlinek_ok_1975.jpg\" \/>\n\t<meta property=\"og:image:width\" content=\"1006\" \/>\n\t<meta property=\"og:image:height\" content=\"335\" \/>\n\t<meta property=\"og:image:type\" content=\"image\/jpeg\" \/>\n<meta name=\"author\" content=\"Jarek Wasielewski\" \/>\n<meta name=\"twitter:card\" content=\"summary_large_image\" \/>\n<meta name=\"twitter:label1\" content=\"Napisane przez\" \/>\n\t<meta name=\"twitter:data1\" content=\"Jarek Wasielewski\" \/>\n\t<meta name=\"twitter:label2\" content=\"Szacowany czas czytania\" \/>\n\t<meta name=\"twitter:data2\" content=\"3 minuty\" \/>\n<script type=\"application\/ld+json\" class=\"yoast-schema-graph\">{\"@context\":\"https:\\\/\\\/schema.org\",\"@graph\":[{\"@type\":\"Article\",\"@id\":\"https:\\\/\\\/jarekwasielewski.pl\\\/dawnazabianka\\\/wspomnienia\\\/czarna-droga-i-klein-berlinek-wspomnienia-alex-sz-cz-3\\\/#article\",\"isPartOf\":{\"@id\":\"https:\\\/\\\/jarekwasielewski.pl\\\/dawnazabianka\\\/wspomnienia\\\/czarna-droga-i-klein-berlinek-wspomnienia-alex-sz-cz-3\\\/\"},\"author\":{\"name\":\"Jarek Wasielewski\",\"@id\":\"https:\\\/\\\/jarekwasielewski.pl\\\/dawnazabianka\\\/#\\\/schema\\\/person\\\/00268dd6d002e9183abc2b06cca5a789\"},\"headline\":\"Czarna Droga i Klein Berlinek (wspomnienia Alex Sz., cz. 3)\",\"datePublished\":\"2020-02-17T06:40:23+00:00\",\"mainEntityOfPage\":{\"@id\":\"https:\\\/\\\/jarekwasielewski.pl\\\/dawnazabianka\\\/wspomnienia\\\/czarna-droga-i-klein-berlinek-wspomnienia-alex-sz-cz-3\\\/\"},\"wordCount\":705,\"commentCount\":10,\"image\":{\"@id\":\"https:\\\/\\\/jarekwasielewski.pl\\\/dawnazabianka\\\/wspomnienia\\\/czarna-droga-i-klein-berlinek-wspomnienia-alex-sz-cz-3\\\/#primaryimage\"},\"thumbnailUrl\":\"https:\\\/\\\/jarekwasielewski.pl\\\/dawnazabianka\\\/wp-content\\\/uploads\\\/2020\\\/02\\\/49_klein_berlinek_ok_1975.jpg\",\"keywords\":[\"Klein Berlinek\"],\"articleSection\":[\"Wspomnienia\"],\"inLanguage\":\"pl-PL\",\"potentialAction\":[{\"@type\":\"CommentAction\",\"name\":\"Comment\",\"target\":[\"https:\\\/\\\/jarekwasielewski.pl\\\/dawnazabianka\\\/wspomnienia\\\/czarna-droga-i-klein-berlinek-wspomnienia-alex-sz-cz-3\\\/#respond\"]}]},{\"@type\":\"WebPage\",\"@id\":\"https:\\\/\\\/jarekwasielewski.pl\\\/dawnazabianka\\\/wspomnienia\\\/czarna-droga-i-klein-berlinek-wspomnienia-alex-sz-cz-3\\\/\",\"url\":\"https:\\\/\\\/jarekwasielewski.pl\\\/dawnazabianka\\\/wspomnienia\\\/czarna-droga-i-klein-berlinek-wspomnienia-alex-sz-cz-3\\\/\",\"name\":\"Czarna Droga i Klein Berlinek (wspomnienia Alex Sz., cz. 3) - Dawna \u017babianka\",\"isPartOf\":{\"@id\":\"https:\\\/\\\/jarekwasielewski.pl\\\/dawnazabianka\\\/#website\"},\"primaryImageOfPage\":{\"@id\":\"https:\\\/\\\/jarekwasielewski.pl\\\/dawnazabianka\\\/wspomnienia\\\/czarna-droga-i-klein-berlinek-wspomnienia-alex-sz-cz-3\\\/#primaryimage\"},\"image\":{\"@id\":\"https:\\\/\\\/jarekwasielewski.pl\\\/dawnazabianka\\\/wspomnienia\\\/czarna-droga-i-klein-berlinek-wspomnienia-alex-sz-cz-3\\\/#primaryimage\"},\"thumbnailUrl\":\"https:\\\/\\\/jarekwasielewski.pl\\\/dawnazabianka\\\/wp-content\\\/uploads\\\/2020\\\/02\\\/49_klein_berlinek_ok_1975.jpg\",\"datePublished\":\"2020-02-17T06:40:23+00:00\",\"author\":{\"@id\":\"https:\\\/\\\/jarekwasielewski.pl\\\/dawnazabianka\\\/#\\\/schema\\\/person\\\/00268dd6d002e9183abc2b06cca5a789\"},\"breadcrumb\":{\"@id\":\"https:\\\/\\\/jarekwasielewski.pl\\\/dawnazabianka\\\/wspomnienia\\\/czarna-droga-i-klein-berlinek-wspomnienia-alex-sz-cz-3\\\/#breadcrumb\"},\"inLanguage\":\"pl-PL\",\"potentialAction\":[{\"@type\":\"ReadAction\",\"target\":[\"https:\\\/\\\/jarekwasielewski.pl\\\/dawnazabianka\\\/wspomnienia\\\/czarna-droga-i-klein-berlinek-wspomnienia-alex-sz-cz-3\\\/\"]}]},{\"@type\":\"ImageObject\",\"inLanguage\":\"pl-PL\",\"@id\":\"https:\\\/\\\/jarekwasielewski.pl\\\/dawnazabianka\\\/wspomnienia\\\/czarna-droga-i-klein-berlinek-wspomnienia-alex-sz-cz-3\\\/#primaryimage\",\"url\":\"https:\\\/\\\/jarekwasielewski.pl\\\/dawnazabianka\\\/wp-content\\\/uploads\\\/2020\\\/02\\\/49_klein_berlinek_ok_1975.jpg\",\"contentUrl\":\"https:\\\/\\\/jarekwasielewski.pl\\\/dawnazabianka\\\/wp-content\\\/uploads\\\/2020\\\/02\\\/49_klein_berlinek_ok_1975.jpg\",\"width\":1006,\"height\":335},{\"@type\":\"BreadcrumbList\",\"@id\":\"https:\\\/\\\/jarekwasielewski.pl\\\/dawnazabianka\\\/wspomnienia\\\/czarna-droga-i-klein-berlinek-wspomnienia-alex-sz-cz-3\\\/#breadcrumb\",\"itemListElement\":[{\"@type\":\"ListItem\",\"position\":1,\"name\":\"Strona g\u0142\u00f3wna\",\"item\":\"https:\\\/\\\/jarekwasielewski.pl\\\/dawnazabianka\\\/\"},{\"@type\":\"ListItem\",\"position\":2,\"name\":\"Czarna Droga i Klein Berlinek (wspomnienia Alex Sz., cz. 3)\"}]},{\"@type\":\"WebSite\",\"@id\":\"https:\\\/\\\/jarekwasielewski.pl\\\/dawnazabianka\\\/#website\",\"url\":\"https:\\\/\\\/jarekwasielewski.pl\\\/dawnazabianka\\\/\",\"name\":\"Dawna \u017babianka\",\"description\":\"Osiedle Wejhera | Osiedle Pomorska | Osiedle \u017babianka | Gosp&oacute;dka\",\"potentialAction\":[{\"@type\":\"SearchAction\",\"target\":{\"@type\":\"EntryPoint\",\"urlTemplate\":\"https:\\\/\\\/jarekwasielewski.pl\\\/dawnazabianka\\\/?s={search_term_string}\"},\"query-input\":{\"@type\":\"PropertyValueSpecification\",\"valueRequired\":true,\"valueName\":\"search_term_string\"}}],\"inLanguage\":\"pl-PL\"},{\"@type\":\"Person\",\"@id\":\"https:\\\/\\\/jarekwasielewski.pl\\\/dawnazabianka\\\/#\\\/schema\\\/person\\\/00268dd6d002e9183abc2b06cca5a789\",\"name\":\"Jarek Wasielewski\",\"image\":{\"@type\":\"ImageObject\",\"inLanguage\":\"pl-PL\",\"@id\":\"https:\\\/\\\/secure.gravatar.com\\\/avatar\\\/260e8561bcdf57628ce1440a15f991fcfe756c2c6f05aa7e8250a663c7645eff?s=96&d=mm&r=g\",\"url\":\"https:\\\/\\\/secure.gravatar.com\\\/avatar\\\/260e8561bcdf57628ce1440a15f991fcfe756c2c6f05aa7e8250a663c7645eff?s=96&d=mm&r=g\",\"contentUrl\":\"https:\\\/\\\/secure.gravatar.com\\\/avatar\\\/260e8561bcdf57628ce1440a15f991fcfe756c2c6f05aa7e8250a663c7645eff?s=96&d=mm&r=g\",\"caption\":\"Jarek Wasielewski\"},\"url\":\"https:\\\/\\\/jarekwasielewski.pl\\\/dawnazabianka\\\/author\\\/admin\\\/\"}]}<\/script>\n<!-- \/ Yoast SEO plugin. -->","yoast_head_json":{"title":"Czarna Droga i Klein Berlinek (wspomnienia Alex Sz., cz. 3) - Dawna \u017babianka","robots":{"index":"index","follow":"follow","max-snippet":"max-snippet:-1","max-image-preview":"max-image-preview:large","max-video-preview":"max-video-preview:-1"},"canonical":"https:\/\/jarekwasielewski.pl\/dawnazabianka\/wspomnienia\/czarna-droga-i-klein-berlinek-wspomnienia-alex-sz-cz-3\/","og_locale":"pl_PL","og_type":"article","og_title":"Czarna Droga i Klein Berlinek (wspomnienia Alex Sz., cz. 3) - Dawna \u017babianka","og_description":"Z dawnej Poggenkrug\/\u017babianki w kierunku Sopotu prowadzi\u0142a \u201eczarna droga&#8221; \u2013 nazywam j\u0105 tak dlatego, \u017ce gmina wysypywa\u0142a na ni\u0105 czarny [&hellip;]","og_url":"https:\/\/jarekwasielewski.pl\/dawnazabianka\/wspomnienia\/czarna-droga-i-klein-berlinek-wspomnienia-alex-sz-cz-3\/","og_site_name":"Dawna \u017babianka","article_publisher":"https:\/\/www.facebook.com\/dawnazabianka","article_published_time":"2020-02-17T06:40:23+00:00","og_image":[{"width":1006,"height":335,"url":"https:\/\/jarekwasielewski.pl\/dawnazabianka\/wp-content\/uploads\/2020\/02\/49_klein_berlinek_ok_1975.jpg","type":"image\/jpeg"}],"author":"Jarek Wasielewski","twitter_card":"summary_large_image","twitter_misc":{"Napisane przez":"Jarek Wasielewski","Szacowany czas czytania":"3 minuty"},"schema":{"@context":"https:\/\/schema.org","@graph":[{"@type":"Article","@id":"https:\/\/jarekwasielewski.pl\/dawnazabianka\/wspomnienia\/czarna-droga-i-klein-berlinek-wspomnienia-alex-sz-cz-3\/#article","isPartOf":{"@id":"https:\/\/jarekwasielewski.pl\/dawnazabianka\/wspomnienia\/czarna-droga-i-klein-berlinek-wspomnienia-alex-sz-cz-3\/"},"author":{"name":"Jarek Wasielewski","@id":"https:\/\/jarekwasielewski.pl\/dawnazabianka\/#\/schema\/person\/00268dd6d002e9183abc2b06cca5a789"},"headline":"Czarna Droga i Klein Berlinek (wspomnienia Alex Sz., cz. 3)","datePublished":"2020-02-17T06:40:23+00:00","mainEntityOfPage":{"@id":"https:\/\/jarekwasielewski.pl\/dawnazabianka\/wspomnienia\/czarna-droga-i-klein-berlinek-wspomnienia-alex-sz-cz-3\/"},"wordCount":705,"commentCount":10,"image":{"@id":"https:\/\/jarekwasielewski.pl\/dawnazabianka\/wspomnienia\/czarna-droga-i-klein-berlinek-wspomnienia-alex-sz-cz-3\/#primaryimage"},"thumbnailUrl":"https:\/\/jarekwasielewski.pl\/dawnazabianka\/wp-content\/uploads\/2020\/02\/49_klein_berlinek_ok_1975.jpg","keywords":["Klein Berlinek"],"articleSection":["Wspomnienia"],"inLanguage":"pl-PL","potentialAction":[{"@type":"CommentAction","name":"Comment","target":["https:\/\/jarekwasielewski.pl\/dawnazabianka\/wspomnienia\/czarna-droga-i-klein-berlinek-wspomnienia-alex-sz-cz-3\/#respond"]}]},{"@type":"WebPage","@id":"https:\/\/jarekwasielewski.pl\/dawnazabianka\/wspomnienia\/czarna-droga-i-klein-berlinek-wspomnienia-alex-sz-cz-3\/","url":"https:\/\/jarekwasielewski.pl\/dawnazabianka\/wspomnienia\/czarna-droga-i-klein-berlinek-wspomnienia-alex-sz-cz-3\/","name":"Czarna Droga i Klein Berlinek (wspomnienia Alex Sz., cz. 3) - Dawna \u017babianka","isPartOf":{"@id":"https:\/\/jarekwasielewski.pl\/dawnazabianka\/#website"},"primaryImageOfPage":{"@id":"https:\/\/jarekwasielewski.pl\/dawnazabianka\/wspomnienia\/czarna-droga-i-klein-berlinek-wspomnienia-alex-sz-cz-3\/#primaryimage"},"image":{"@id":"https:\/\/jarekwasielewski.pl\/dawnazabianka\/wspomnienia\/czarna-droga-i-klein-berlinek-wspomnienia-alex-sz-cz-3\/#primaryimage"},"thumbnailUrl":"https:\/\/jarekwasielewski.pl\/dawnazabianka\/wp-content\/uploads\/2020\/02\/49_klein_berlinek_ok_1975.jpg","datePublished":"2020-02-17T06:40:23+00:00","author":{"@id":"https:\/\/jarekwasielewski.pl\/dawnazabianka\/#\/schema\/person\/00268dd6d002e9183abc2b06cca5a789"},"breadcrumb":{"@id":"https:\/\/jarekwasielewski.pl\/dawnazabianka\/wspomnienia\/czarna-droga-i-klein-berlinek-wspomnienia-alex-sz-cz-3\/#breadcrumb"},"inLanguage":"pl-PL","potentialAction":[{"@type":"ReadAction","target":["https:\/\/jarekwasielewski.pl\/dawnazabianka\/wspomnienia\/czarna-droga-i-klein-berlinek-wspomnienia-alex-sz-cz-3\/"]}]},{"@type":"ImageObject","inLanguage":"pl-PL","@id":"https:\/\/jarekwasielewski.pl\/dawnazabianka\/wspomnienia\/czarna-droga-i-klein-berlinek-wspomnienia-alex-sz-cz-3\/#primaryimage","url":"https:\/\/jarekwasielewski.pl\/dawnazabianka\/wp-content\/uploads\/2020\/02\/49_klein_berlinek_ok_1975.jpg","contentUrl":"https:\/\/jarekwasielewski.pl\/dawnazabianka\/wp-content\/uploads\/2020\/02\/49_klein_berlinek_ok_1975.jpg","width":1006,"height":335},{"@type":"BreadcrumbList","@id":"https:\/\/jarekwasielewski.pl\/dawnazabianka\/wspomnienia\/czarna-droga-i-klein-berlinek-wspomnienia-alex-sz-cz-3\/#breadcrumb","itemListElement":[{"@type":"ListItem","position":1,"name":"Strona g\u0142\u00f3wna","item":"https:\/\/jarekwasielewski.pl\/dawnazabianka\/"},{"@type":"ListItem","position":2,"name":"Czarna Droga i Klein Berlinek (wspomnienia Alex Sz., cz. 3)"}]},{"@type":"WebSite","@id":"https:\/\/jarekwasielewski.pl\/dawnazabianka\/#website","url":"https:\/\/jarekwasielewski.pl\/dawnazabianka\/","name":"Dawna \u017babianka","description":"Osiedle Wejhera | Osiedle Pomorska | Osiedle \u017babianka | Gosp&oacute;dka","potentialAction":[{"@type":"SearchAction","target":{"@type":"EntryPoint","urlTemplate":"https:\/\/jarekwasielewski.pl\/dawnazabianka\/?s={search_term_string}"},"query-input":{"@type":"PropertyValueSpecification","valueRequired":true,"valueName":"search_term_string"}}],"inLanguage":"pl-PL"},{"@type":"Person","@id":"https:\/\/jarekwasielewski.pl\/dawnazabianka\/#\/schema\/person\/00268dd6d002e9183abc2b06cca5a789","name":"Jarek Wasielewski","image":{"@type":"ImageObject","inLanguage":"pl-PL","@id":"https:\/\/secure.gravatar.com\/avatar\/260e8561bcdf57628ce1440a15f991fcfe756c2c6f05aa7e8250a663c7645eff?s=96&d=mm&r=g","url":"https:\/\/secure.gravatar.com\/avatar\/260e8561bcdf57628ce1440a15f991fcfe756c2c6f05aa7e8250a663c7645eff?s=96&d=mm&r=g","contentUrl":"https:\/\/secure.gravatar.com\/avatar\/260e8561bcdf57628ce1440a15f991fcfe756c2c6f05aa7e8250a663c7645eff?s=96&d=mm&r=g","caption":"Jarek Wasielewski"},"url":"https:\/\/jarekwasielewski.pl\/dawnazabianka\/author\/admin\/"}]}},"_links":{"self":[{"href":"https:\/\/jarekwasielewski.pl\/dawnazabianka\/wp-json\/wp\/v2\/posts\/427","targetHints":{"allow":["GET"]}}],"collection":[{"href":"https:\/\/jarekwasielewski.pl\/dawnazabianka\/wp-json\/wp\/v2\/posts"}],"about":[{"href":"https:\/\/jarekwasielewski.pl\/dawnazabianka\/wp-json\/wp\/v2\/types\/post"}],"author":[{"embeddable":true,"href":"https:\/\/jarekwasielewski.pl\/dawnazabianka\/wp-json\/wp\/v2\/users\/1"}],"replies":[{"embeddable":true,"href":"https:\/\/jarekwasielewski.pl\/dawnazabianka\/wp-json\/wp\/v2\/comments?post=427"}],"version-history":[{"count":3,"href":"https:\/\/jarekwasielewski.pl\/dawnazabianka\/wp-json\/wp\/v2\/posts\/427\/revisions"}],"predecessor-version":[{"id":445,"href":"https:\/\/jarekwasielewski.pl\/dawnazabianka\/wp-json\/wp\/v2\/posts\/427\/revisions\/445"}],"wp:featuredmedia":[{"embeddable":true,"href":"https:\/\/jarekwasielewski.pl\/dawnazabianka\/wp-json\/wp\/v2\/media\/436"}],"wp:attachment":[{"href":"https:\/\/jarekwasielewski.pl\/dawnazabianka\/wp-json\/wp\/v2\/media?parent=427"}],"wp:term":[{"taxonomy":"category","embeddable":true,"href":"https:\/\/jarekwasielewski.pl\/dawnazabianka\/wp-json\/wp\/v2\/categories?post=427"},{"taxonomy":"post_tag","embeddable":true,"href":"https:\/\/jarekwasielewski.pl\/dawnazabianka\/wp-json\/wp\/v2\/tags?post=427"}],"curies":[{"name":"wp","href":"https:\/\/api.w.org\/{rel}","templated":true}]}}