{"id":354,"date":"2020-01-30T09:00:39","date_gmt":"2020-01-30T09:00:39","guid":{"rendered":"http:\/\/jarekwasielewski.pl\/dawnazabianka\/?p=354"},"modified":"2020-10-22T21:24:59","modified_gmt":"2020-10-22T20:24:59","slug":"lasek-zabianecki","status":"publish","type":"post","link":"https:\/\/jarekwasielewski.pl\/dawnazabianka\/historia\/lasek-zabianecki\/","title":{"rendered":"Lasek \u017babianecki"},"content":{"rendered":"<p style=\"text-align: justify;\">Sk\u0105d si\u0119 wzi\u0105\u0142 lasek ko\u0142o ko\u015bcio\u0142a na \u017babiance?<\/p>\n<p style=\"text-align: justify;\">Dawno temu na piaszczystych ziemiach rozci\u0105gaj\u0105cych si\u0119 mi\u0119dzy Wrzeszczem a Jelitkowem r\u00f3s\u0142 okaza\u0142y las sosnowy. W wi\u0119kszej cz\u0119\u015bci wyci\u0119to go przed 1870 rokiem, podczas budowy linii kolejowej. Do niedawna my\u015bla\u0142em, \u017ce pozosta\u0142o\u015bci\u0105 tego lasku \u2013 poza pojedynczymi drzewami m.in. na terenie dzisiejszego Przymorza Ma\u0142ego \u2013 by\u0142 w\u0142a\u015bnie lasek na \u017babiance, nazywany przed wojn\u0105 <em>Poggenkruger W\u00e4ldchen<\/em>, czyli Laskiem \u017babianeckim. Ale wychodzi na to, \u017ce zosta\u0142 zasadzony pod koniec lat 20. &#8211; mia\u0142 ocienia\u0107 utworzony wtedy dla mieszka\u0144c\u00f3w Oliwy plac sportowy:<\/p>\n<figure id=\"attachment_153\" aria-describedby=\"caption-attachment-153\" style=\"width: 600px\" class=\"wp-caption alignnone\"><a href=\"https:\/\/jarekwasielewski.pl\/dawnazabianka\/wp-content\/uploads\/2020\/01\/02_1933.jpg\" target=\"_blank\" rel=\"noopener noreferrer\"><img loading=\"lazy\" decoding=\"async\" class=\"wp-image-153\" src=\"https:\/\/jarekwasielewski.pl\/dawnazabianka\/wp-content\/uploads\/2020\/01\/02_1933-150x150.jpg\" alt=\"\" width=\"600\" height=\"449\" srcset=\"https:\/\/jarekwasielewski.pl\/dawnazabianka\/wp-content\/uploads\/2020\/01\/02_1933-300x224.jpg 300w, https:\/\/jarekwasielewski.pl\/dawnazabianka\/wp-content\/uploads\/2020\/01\/02_1933-1024x765.jpg 1024w, https:\/\/jarekwasielewski.pl\/dawnazabianka\/wp-content\/uploads\/2020\/01\/02_1933-768x574.jpg 768w, https:\/\/jarekwasielewski.pl\/dawnazabianka\/wp-content\/uploads\/2020\/01\/02_1933-820x613.jpg 820w, https:\/\/jarekwasielewski.pl\/dawnazabianka\/wp-content\/uploads\/2020\/01\/02_1933.jpg 1200w\" sizes=\"auto, (max-width: 600px) 100vw, 600px\" \/><\/a><figcaption id=\"caption-attachment-153\" class=\"wp-caption-text\"><em>Poggenkrug<\/em> na planie Gda\u0144ska z 1933; wyra\u017anie zaznaczono plac sportowy (<em>Spielplatz<\/em>), otoczony laskiem.<\/figcaption><\/figure>\n<p style=\"text-align: justify;\">Na pocz\u0105tku lat 70., gdy planowano budow\u0119 \u017babianki, obiecywano, \u017ce lasek zostanie oszcz\u0119dzony jako cenne miejsce do rekreacji. Ze starych map oraz opowie\u015bci dawnych mieszka\u0144c\u00f3w wiem, \u017ce nie do ko\u0144ca tak si\u0119 sta\u0142o \u2013 to, co widzimy dzi\u015b, to tylko namiastka tego, co by\u0142o tam do ko\u0144ca lat 60.<\/p>\n<p><a href=\"https:\/\/jarekwasielewski.pl\/dawnazabianka\/wspomnienia\/fabryczka-i-zabianecki-lasek-wspomnienia-alex-sz-cz-6\/\">Przeczytaj wspomnienie o Lasku!<\/a><\/p>\n<p style=\"text-align: justify;\">Czy kto\u015b z Was ma stare zdj\u0119cia, na kt\u00f3rych wida\u0107 lasek?<\/p>\n<p style=\"text-align: justify;\"><a href=\"https:\/\/jarekwasielewski.pl\/dawnazabianka\/wp-content\/uploads\/2020\/01\/34_lasek_3.jpg\" target=\"_blank\" rel=\"noopener noreferrer\"><img loading=\"lazy\" decoding=\"async\" class=\"alignnone wp-image-329\" src=\"https:\/\/jarekwasielewski.pl\/dawnazabianka\/wp-content\/uploads\/2020\/01\/34_lasek_3-150x150.jpg\" alt=\"\" width=\"500\" height=\"333\" srcset=\"https:\/\/jarekwasielewski.pl\/dawnazabianka\/wp-content\/uploads\/2020\/01\/34_lasek_3-300x200.jpg 300w, https:\/\/jarekwasielewski.pl\/dawnazabianka\/wp-content\/uploads\/2020\/01\/34_lasek_3-768x512.jpg 768w, https:\/\/jarekwasielewski.pl\/dawnazabianka\/wp-content\/uploads\/2020\/01\/34_lasek_3-600x400.jpg 600w, https:\/\/jarekwasielewski.pl\/dawnazabianka\/wp-content\/uploads\/2020\/01\/34_lasek_3-820x547.jpg 820w, https:\/\/jarekwasielewski.pl\/dawnazabianka\/wp-content\/uploads\/2020\/01\/34_lasek_3.jpg 900w\" sizes=\"auto, (max-width: 500px) 100vw, 500px\" \/><\/a><\/p>\n<p style=\"text-align: justify;\"><a href=\"https:\/\/jarekwasielewski.pl\/dawnazabianka\/wp-content\/uploads\/2020\/01\/34_lasek_2.jpg\" target=\"_blank\" rel=\"noopener noreferrer\"><img loading=\"lazy\" decoding=\"async\" class=\"alignnone wp-image-328\" src=\"https:\/\/jarekwasielewski.pl\/dawnazabianka\/wp-content\/uploads\/2020\/01\/34_lasek_2-150x150.jpg\" alt=\"\" width=\"500\" height=\"333\" srcset=\"https:\/\/jarekwasielewski.pl\/dawnazabianka\/wp-content\/uploads\/2020\/01\/34_lasek_2-300x200.jpg 300w, https:\/\/jarekwasielewski.pl\/dawnazabianka\/wp-content\/uploads\/2020\/01\/34_lasek_2-768x512.jpg 768w, https:\/\/jarekwasielewski.pl\/dawnazabianka\/wp-content\/uploads\/2020\/01\/34_lasek_2-600x400.jpg 600w, https:\/\/jarekwasielewski.pl\/dawnazabianka\/wp-content\/uploads\/2020\/01\/34_lasek_2-820x547.jpg 820w, https:\/\/jarekwasielewski.pl\/dawnazabianka\/wp-content\/uploads\/2020\/01\/34_lasek_2.jpg 900w\" sizes=\"auto, (max-width: 500px) 100vw, 500px\" \/><\/a><\/p>\n","protected":false},"excerpt":{"rendered":"<p>Sk\u0105d si\u0119 wzi\u0105\u0142 lasek ko\u0142o ko\u015bcio\u0142a na \u017babiance? Dawno temu na piaszczystych ziemiach rozci\u0105gaj\u0105cych si\u0119 mi\u0119dzy Wrzeszczem a Jelitkowem r\u00f3s\u0142 [&hellip;]<\/p>\n","protected":false},"author":1,"featured_media":327,"comment_status":"open","ping_status":"open","sticky":false,"template":"","format":"standard","meta":{"footnotes":""},"categories":[2],"tags":[15,41],"class_list":["post-354","post","type-post","status-publish","format-standard","has-post-thumbnail","hentry","category-historia","tag-lasek-zabianecki","tag-osiedle-zabianka"],"yoast_head":"<!-- This site is optimized with the Yoast SEO plugin v27.3 - https:\/\/yoast.com\/product\/yoast-seo-wordpress\/ -->\n<title>Lasek \u017babianecki - Dawna \u017babianka<\/title>\n<meta name=\"robots\" content=\"index, follow, max-snippet:-1, max-image-preview:large, max-video-preview:-1\" \/>\n<link rel=\"canonical\" href=\"https:\/\/jarekwasielewski.pl\/dawnazabianka\/historia\/lasek-zabianecki\/\" \/>\n<meta property=\"og:locale\" content=\"pl_PL\" \/>\n<meta property=\"og:type\" content=\"article\" \/>\n<meta property=\"og:title\" content=\"Lasek \u017babianecki - Dawna \u017babianka\" \/>\n<meta property=\"og:description\" content=\"Sk\u0105d si\u0119 wzi\u0105\u0142 lasek ko\u0142o ko\u015bcio\u0142a na \u017babiance? Dawno temu na piaszczystych ziemiach rozci\u0105gaj\u0105cych si\u0119 mi\u0119dzy Wrzeszczem a Jelitkowem r\u00f3s\u0142 [&hellip;]\" \/>\n<meta property=\"og:url\" content=\"https:\/\/jarekwasielewski.pl\/dawnazabianka\/historia\/lasek-zabianecki\/\" \/>\n<meta property=\"og:site_name\" content=\"Dawna \u017babianka\" \/>\n<meta property=\"article:publisher\" content=\"https:\/\/www.facebook.com\/dawnazabianka\" \/>\n<meta property=\"article:published_time\" content=\"2020-01-30T09:00:39+00:00\" \/>\n<meta property=\"article:modified_time\" content=\"2020-10-22T20:24:59+00:00\" \/>\n<meta property=\"og:image\" content=\"https:\/\/jarekwasielewski.pl\/dawnazabianka\/wp-content\/uploads\/2020\/01\/34_lasek_1.jpg\" \/>\n\t<meta property=\"og:image:width\" content=\"900\" \/>\n\t<meta property=\"og:image:height\" content=\"600\" \/>\n\t<meta property=\"og:image:type\" content=\"image\/jpeg\" \/>\n<meta name=\"author\" content=\"Jarek Wasielewski\" \/>\n<meta name=\"twitter:card\" content=\"summary_large_image\" \/>\n<meta name=\"twitter:label1\" content=\"Napisane przez\" \/>\n\t<meta name=\"twitter:data1\" content=\"Jarek Wasielewski\" \/>\n\t<meta name=\"twitter:label2\" content=\"Szacowany czas czytania\" \/>\n\t<meta name=\"twitter:data2\" content=\"1 minuta\" \/>\n<script type=\"application\/ld+json\" class=\"yoast-schema-graph\">{\"@context\":\"https:\\\/\\\/schema.org\",\"@graph\":[{\"@type\":\"Article\",\"@id\":\"https:\\\/\\\/jarekwasielewski.pl\\\/dawnazabianka\\\/historia\\\/lasek-zabianecki\\\/#article\",\"isPartOf\":{\"@id\":\"https:\\\/\\\/jarekwasielewski.pl\\\/dawnazabianka\\\/historia\\\/lasek-zabianecki\\\/\"},\"author\":{\"name\":\"Jarek Wasielewski\",\"@id\":\"https:\\\/\\\/jarekwasielewski.pl\\\/dawnazabianka\\\/#\\\/schema\\\/person\\\/00268dd6d002e9183abc2b06cca5a789\"},\"headline\":\"Lasek \u017babianecki\",\"datePublished\":\"2020-01-30T09:00:39+00:00\",\"dateModified\":\"2020-10-22T20:24:59+00:00\",\"mainEntityOfPage\":{\"@id\":\"https:\\\/\\\/jarekwasielewski.pl\\\/dawnazabianka\\\/historia\\\/lasek-zabianecki\\\/\"},\"wordCount\":201,\"commentCount\":5,\"image\":{\"@id\":\"https:\\\/\\\/jarekwasielewski.pl\\\/dawnazabianka\\\/historia\\\/lasek-zabianecki\\\/#primaryimage\"},\"thumbnailUrl\":\"https:\\\/\\\/jarekwasielewski.pl\\\/dawnazabianka\\\/wp-content\\\/uploads\\\/2020\\\/01\\\/34_lasek_1.jpg\",\"keywords\":[\"Lasek \u017babianecki\",\"Osiedle \u017babianka\"],\"articleSection\":[\"Historia\"],\"inLanguage\":\"pl-PL\",\"potentialAction\":[{\"@type\":\"CommentAction\",\"name\":\"Comment\",\"target\":[\"https:\\\/\\\/jarekwasielewski.pl\\\/dawnazabianka\\\/historia\\\/lasek-zabianecki\\\/#respond\"]}]},{\"@type\":\"WebPage\",\"@id\":\"https:\\\/\\\/jarekwasielewski.pl\\\/dawnazabianka\\\/historia\\\/lasek-zabianecki\\\/\",\"url\":\"https:\\\/\\\/jarekwasielewski.pl\\\/dawnazabianka\\\/historia\\\/lasek-zabianecki\\\/\",\"name\":\"Lasek \u017babianecki - Dawna \u017babianka\",\"isPartOf\":{\"@id\":\"https:\\\/\\\/jarekwasielewski.pl\\\/dawnazabianka\\\/#website\"},\"primaryImageOfPage\":{\"@id\":\"https:\\\/\\\/jarekwasielewski.pl\\\/dawnazabianka\\\/historia\\\/lasek-zabianecki\\\/#primaryimage\"},\"image\":{\"@id\":\"https:\\\/\\\/jarekwasielewski.pl\\\/dawnazabianka\\\/historia\\\/lasek-zabianecki\\\/#primaryimage\"},\"thumbnailUrl\":\"https:\\\/\\\/jarekwasielewski.pl\\\/dawnazabianka\\\/wp-content\\\/uploads\\\/2020\\\/01\\\/34_lasek_1.jpg\",\"datePublished\":\"2020-01-30T09:00:39+00:00\",\"dateModified\":\"2020-10-22T20:24:59+00:00\",\"author\":{\"@id\":\"https:\\\/\\\/jarekwasielewski.pl\\\/dawnazabianka\\\/#\\\/schema\\\/person\\\/00268dd6d002e9183abc2b06cca5a789\"},\"breadcrumb\":{\"@id\":\"https:\\\/\\\/jarekwasielewski.pl\\\/dawnazabianka\\\/historia\\\/lasek-zabianecki\\\/#breadcrumb\"},\"inLanguage\":\"pl-PL\",\"potentialAction\":[{\"@type\":\"ReadAction\",\"target\":[\"https:\\\/\\\/jarekwasielewski.pl\\\/dawnazabianka\\\/historia\\\/lasek-zabianecki\\\/\"]}]},{\"@type\":\"ImageObject\",\"inLanguage\":\"pl-PL\",\"@id\":\"https:\\\/\\\/jarekwasielewski.pl\\\/dawnazabianka\\\/historia\\\/lasek-zabianecki\\\/#primaryimage\",\"url\":\"https:\\\/\\\/jarekwasielewski.pl\\\/dawnazabianka\\\/wp-content\\\/uploads\\\/2020\\\/01\\\/34_lasek_1.jpg\",\"contentUrl\":\"https:\\\/\\\/jarekwasielewski.pl\\\/dawnazabianka\\\/wp-content\\\/uploads\\\/2020\\\/01\\\/34_lasek_1.jpg\",\"width\":900,\"height\":600},{\"@type\":\"BreadcrumbList\",\"@id\":\"https:\\\/\\\/jarekwasielewski.pl\\\/dawnazabianka\\\/historia\\\/lasek-zabianecki\\\/#breadcrumb\",\"itemListElement\":[{\"@type\":\"ListItem\",\"position\":1,\"name\":\"Strona g\u0142\u00f3wna\",\"item\":\"https:\\\/\\\/jarekwasielewski.pl\\\/dawnazabianka\\\/\"},{\"@type\":\"ListItem\",\"position\":2,\"name\":\"Lasek \u017babianecki\"}]},{\"@type\":\"WebSite\",\"@id\":\"https:\\\/\\\/jarekwasielewski.pl\\\/dawnazabianka\\\/#website\",\"url\":\"https:\\\/\\\/jarekwasielewski.pl\\\/dawnazabianka\\\/\",\"name\":\"Dawna \u017babianka\",\"description\":\"Osiedle Wejhera | Osiedle Pomorska | Osiedle \u017babianka | Gosp&oacute;dka\",\"potentialAction\":[{\"@type\":\"SearchAction\",\"target\":{\"@type\":\"EntryPoint\",\"urlTemplate\":\"https:\\\/\\\/jarekwasielewski.pl\\\/dawnazabianka\\\/?s={search_term_string}\"},\"query-input\":{\"@type\":\"PropertyValueSpecification\",\"valueRequired\":true,\"valueName\":\"search_term_string\"}}],\"inLanguage\":\"pl-PL\"},{\"@type\":\"Person\",\"@id\":\"https:\\\/\\\/jarekwasielewski.pl\\\/dawnazabianka\\\/#\\\/schema\\\/person\\\/00268dd6d002e9183abc2b06cca5a789\",\"name\":\"Jarek Wasielewski\",\"image\":{\"@type\":\"ImageObject\",\"inLanguage\":\"pl-PL\",\"@id\":\"https:\\\/\\\/secure.gravatar.com\\\/avatar\\\/260e8561bcdf57628ce1440a15f991fcfe756c2c6f05aa7e8250a663c7645eff?s=96&d=mm&r=g\",\"url\":\"https:\\\/\\\/secure.gravatar.com\\\/avatar\\\/260e8561bcdf57628ce1440a15f991fcfe756c2c6f05aa7e8250a663c7645eff?s=96&d=mm&r=g\",\"contentUrl\":\"https:\\\/\\\/secure.gravatar.com\\\/avatar\\\/260e8561bcdf57628ce1440a15f991fcfe756c2c6f05aa7e8250a663c7645eff?s=96&d=mm&r=g\",\"caption\":\"Jarek Wasielewski\"},\"url\":\"https:\\\/\\\/jarekwasielewski.pl\\\/dawnazabianka\\\/author\\\/admin\\\/\"}]}<\/script>\n<!-- \/ Yoast SEO plugin. -->","yoast_head_json":{"title":"Lasek \u017babianecki - Dawna \u017babianka","robots":{"index":"index","follow":"follow","max-snippet":"max-snippet:-1","max-image-preview":"max-image-preview:large","max-video-preview":"max-video-preview:-1"},"canonical":"https:\/\/jarekwasielewski.pl\/dawnazabianka\/historia\/lasek-zabianecki\/","og_locale":"pl_PL","og_type":"article","og_title":"Lasek \u017babianecki - Dawna \u017babianka","og_description":"Sk\u0105d si\u0119 wzi\u0105\u0142 lasek ko\u0142o ko\u015bcio\u0142a na \u017babiance? Dawno temu na piaszczystych ziemiach rozci\u0105gaj\u0105cych si\u0119 mi\u0119dzy Wrzeszczem a Jelitkowem r\u00f3s\u0142 [&hellip;]","og_url":"https:\/\/jarekwasielewski.pl\/dawnazabianka\/historia\/lasek-zabianecki\/","og_site_name":"Dawna \u017babianka","article_publisher":"https:\/\/www.facebook.com\/dawnazabianka","article_published_time":"2020-01-30T09:00:39+00:00","article_modified_time":"2020-10-22T20:24:59+00:00","og_image":[{"width":900,"height":600,"url":"https:\/\/jarekwasielewski.pl\/dawnazabianka\/wp-content\/uploads\/2020\/01\/34_lasek_1.jpg","type":"image\/jpeg"}],"author":"Jarek Wasielewski","twitter_card":"summary_large_image","twitter_misc":{"Napisane przez":"Jarek Wasielewski","Szacowany czas czytania":"1 minuta"},"schema":{"@context":"https:\/\/schema.org","@graph":[{"@type":"Article","@id":"https:\/\/jarekwasielewski.pl\/dawnazabianka\/historia\/lasek-zabianecki\/#article","isPartOf":{"@id":"https:\/\/jarekwasielewski.pl\/dawnazabianka\/historia\/lasek-zabianecki\/"},"author":{"name":"Jarek Wasielewski","@id":"https:\/\/jarekwasielewski.pl\/dawnazabianka\/#\/schema\/person\/00268dd6d002e9183abc2b06cca5a789"},"headline":"Lasek \u017babianecki","datePublished":"2020-01-30T09:00:39+00:00","dateModified":"2020-10-22T20:24:59+00:00","mainEntityOfPage":{"@id":"https:\/\/jarekwasielewski.pl\/dawnazabianka\/historia\/lasek-zabianecki\/"},"wordCount":201,"commentCount":5,"image":{"@id":"https:\/\/jarekwasielewski.pl\/dawnazabianka\/historia\/lasek-zabianecki\/#primaryimage"},"thumbnailUrl":"https:\/\/jarekwasielewski.pl\/dawnazabianka\/wp-content\/uploads\/2020\/01\/34_lasek_1.jpg","keywords":["Lasek \u017babianecki","Osiedle \u017babianka"],"articleSection":["Historia"],"inLanguage":"pl-PL","potentialAction":[{"@type":"CommentAction","name":"Comment","target":["https:\/\/jarekwasielewski.pl\/dawnazabianka\/historia\/lasek-zabianecki\/#respond"]}]},{"@type":"WebPage","@id":"https:\/\/jarekwasielewski.pl\/dawnazabianka\/historia\/lasek-zabianecki\/","url":"https:\/\/jarekwasielewski.pl\/dawnazabianka\/historia\/lasek-zabianecki\/","name":"Lasek \u017babianecki - Dawna \u017babianka","isPartOf":{"@id":"https:\/\/jarekwasielewski.pl\/dawnazabianka\/#website"},"primaryImageOfPage":{"@id":"https:\/\/jarekwasielewski.pl\/dawnazabianka\/historia\/lasek-zabianecki\/#primaryimage"},"image":{"@id":"https:\/\/jarekwasielewski.pl\/dawnazabianka\/historia\/lasek-zabianecki\/#primaryimage"},"thumbnailUrl":"https:\/\/jarekwasielewski.pl\/dawnazabianka\/wp-content\/uploads\/2020\/01\/34_lasek_1.jpg","datePublished":"2020-01-30T09:00:39+00:00","dateModified":"2020-10-22T20:24:59+00:00","author":{"@id":"https:\/\/jarekwasielewski.pl\/dawnazabianka\/#\/schema\/person\/00268dd6d002e9183abc2b06cca5a789"},"breadcrumb":{"@id":"https:\/\/jarekwasielewski.pl\/dawnazabianka\/historia\/lasek-zabianecki\/#breadcrumb"},"inLanguage":"pl-PL","potentialAction":[{"@type":"ReadAction","target":["https:\/\/jarekwasielewski.pl\/dawnazabianka\/historia\/lasek-zabianecki\/"]}]},{"@type":"ImageObject","inLanguage":"pl-PL","@id":"https:\/\/jarekwasielewski.pl\/dawnazabianka\/historia\/lasek-zabianecki\/#primaryimage","url":"https:\/\/jarekwasielewski.pl\/dawnazabianka\/wp-content\/uploads\/2020\/01\/34_lasek_1.jpg","contentUrl":"https:\/\/jarekwasielewski.pl\/dawnazabianka\/wp-content\/uploads\/2020\/01\/34_lasek_1.jpg","width":900,"height":600},{"@type":"BreadcrumbList","@id":"https:\/\/jarekwasielewski.pl\/dawnazabianka\/historia\/lasek-zabianecki\/#breadcrumb","itemListElement":[{"@type":"ListItem","position":1,"name":"Strona g\u0142\u00f3wna","item":"https:\/\/jarekwasielewski.pl\/dawnazabianka\/"},{"@type":"ListItem","position":2,"name":"Lasek \u017babianecki"}]},{"@type":"WebSite","@id":"https:\/\/jarekwasielewski.pl\/dawnazabianka\/#website","url":"https:\/\/jarekwasielewski.pl\/dawnazabianka\/","name":"Dawna \u017babianka","description":"Osiedle Wejhera | Osiedle Pomorska | Osiedle \u017babianka | Gosp&oacute;dka","potentialAction":[{"@type":"SearchAction","target":{"@type":"EntryPoint","urlTemplate":"https:\/\/jarekwasielewski.pl\/dawnazabianka\/?s={search_term_string}"},"query-input":{"@type":"PropertyValueSpecification","valueRequired":true,"valueName":"search_term_string"}}],"inLanguage":"pl-PL"},{"@type":"Person","@id":"https:\/\/jarekwasielewski.pl\/dawnazabianka\/#\/schema\/person\/00268dd6d002e9183abc2b06cca5a789","name":"Jarek Wasielewski","image":{"@type":"ImageObject","inLanguage":"pl-PL","@id":"https:\/\/secure.gravatar.com\/avatar\/260e8561bcdf57628ce1440a15f991fcfe756c2c6f05aa7e8250a663c7645eff?s=96&d=mm&r=g","url":"https:\/\/secure.gravatar.com\/avatar\/260e8561bcdf57628ce1440a15f991fcfe756c2c6f05aa7e8250a663c7645eff?s=96&d=mm&r=g","contentUrl":"https:\/\/secure.gravatar.com\/avatar\/260e8561bcdf57628ce1440a15f991fcfe756c2c6f05aa7e8250a663c7645eff?s=96&d=mm&r=g","caption":"Jarek Wasielewski"},"url":"https:\/\/jarekwasielewski.pl\/dawnazabianka\/author\/admin\/"}]}},"_links":{"self":[{"href":"https:\/\/jarekwasielewski.pl\/dawnazabianka\/wp-json\/wp\/v2\/posts\/354","targetHints":{"allow":["GET"]}}],"collection":[{"href":"https:\/\/jarekwasielewski.pl\/dawnazabianka\/wp-json\/wp\/v2\/posts"}],"about":[{"href":"https:\/\/jarekwasielewski.pl\/dawnazabianka\/wp-json\/wp\/v2\/types\/post"}],"author":[{"embeddable":true,"href":"https:\/\/jarekwasielewski.pl\/dawnazabianka\/wp-json\/wp\/v2\/users\/1"}],"replies":[{"embeddable":true,"href":"https:\/\/jarekwasielewski.pl\/dawnazabianka\/wp-json\/wp\/v2\/comments?post=354"}],"version-history":[{"count":8,"href":"https:\/\/jarekwasielewski.pl\/dawnazabianka\/wp-json\/wp\/v2\/posts\/354\/revisions"}],"predecessor-version":[{"id":977,"href":"https:\/\/jarekwasielewski.pl\/dawnazabianka\/wp-json\/wp\/v2\/posts\/354\/revisions\/977"}],"wp:featuredmedia":[{"embeddable":true,"href":"https:\/\/jarekwasielewski.pl\/dawnazabianka\/wp-json\/wp\/v2\/media\/327"}],"wp:attachment":[{"href":"https:\/\/jarekwasielewski.pl\/dawnazabianka\/wp-json\/wp\/v2\/media?parent=354"}],"wp:term":[{"taxonomy":"category","embeddable":true,"href":"https:\/\/jarekwasielewski.pl\/dawnazabianka\/wp-json\/wp\/v2\/categories?post=354"},{"taxonomy":"post_tag","embeddable":true,"href":"https:\/\/jarekwasielewski.pl\/dawnazabianka\/wp-json\/wp\/v2\/tags?post=354"}],"curies":[{"name":"wp","href":"https:\/\/api.w.org\/{rel}","templated":true}]}}