{"id":1361,"date":"2021-11-03T11:00:23","date_gmt":"2021-11-03T10:00:23","guid":{"rendered":"http:\/\/jarekwasielewski.pl\/dawnazabianka\/?p=1361"},"modified":"2021-11-03T11:04:24","modified_gmt":"2021-11-03T10:04:24","slug":"hitlerjugend-w-zabianeckim-lasu","status":"publish","type":"post","link":"https:\/\/jarekwasielewski.pl\/dawnazabianka\/fotografie\/hitlerjugend-w-zabianeckim-lasu\/","title":{"rendered":"Hitlerjugend w \u017babianeckim Lasku"},"content":{"rendered":"<p style=\"text-align: justify;\">Apel w Obozie im. Alberta Forstera (<em>Albert-Forster-Lager<\/em>) w <a href=\"https:\/\/jarekwasielewski.pl\/dawnazabianka\/historia\/lasek-zabianecki\/\">Lasku \u017babianeckim<\/a> (<em>Poggenkruger W\u00e4ldchen<\/em>), lipiec 1939 roku.<\/p>\n<p style=\"text-align: justify;\">\u201eOb\u00f3z wypoczynkowy\u201c dla Hitlerjugend sk\u0142ada\u0142 si\u0119 z 50 okr\u0105g\u0142ych namiot\u00f3w, namiotu medycznego (do \u0142atania \u201e<em>uraz\u00f3w doznanych podczas zabawy i przyjacielskich walk<\/em>\u201c) oraz kuchni polowej. M\u0142odzie\u017c sp\u0119dzano tam na 8-dniowe turnusy, wype\u0142nione grami zespo\u0142owymi, \u0107wiczeniami fizycznymi oraz formatowaniem m\u0142odych umys\u0142\u00f3w (w obozie dzia\u0142a\u0142 radiow\u0119ze\u0142). Naprzeciwko wej\u015bcia do obozu postawiono 11-metrowy pomnik upami\u0119tniaj\u0105cy poleg\u0142ych cz\u0142onk\u00f3w Hitlerjugend, obok maszty w flagami.<\/p>\n<p style=\"text-align: justify;\">Wzmianka o obozie znalaz\u0142a si\u0119 nawet w powie\u015bci <em>Psie lata<\/em> G\u00fcntera Grassa:<\/p>\n<p style=\"text-align: justify;\">&#8222;<em>Maj\u0105c za sob\u0105 w\u0119dr\u00f3wki po Lesie Teutoburskim i kr\u00f3tki pobyt w Detmold, Matern znajduje si\u0119 ju\u017c w ma\u0142ej wiosce nieopodal obozu Munster, gdzie zacz\u0119\u0142a si\u0119 jego podr\u00f3\u017comania. Si\u0119ga pami\u0119ci\u0105 wstecz i por\u00f3wnuje z notesikiem: wok\u00f3\u0142 kwitn\u0105ca Pusta\u0107, jak te\u017c z\u0142otorurka, bo po\u015br\u00f3d l\u00fcneburskich owiec i l\u00fcneburskich ch\u0142op\u00f3w Matern znajduje mas\u0119 starych znajomych; mi\u0119dzy innymi hauptbannf\u00fchrera Uli G\u00f6pferta, kt\u00f3ry niegdy\u015b wraz z jungbannf\u00fchrerem Wendtem rok w rok otwierali popularny ob\u00f3z namiotowy w Lasku \u017babia\u0144skim pod Oliw\u0105 (Poggenkruger W\u00e4ldchen bei Oliva).&#8221;<\/em><\/p>\n<p style=\"text-align: justify;\">(G\u00fcnter Grass, <em>Psie lata<\/em>, Warszawa 2007, s. 474, przek\u0142ad S\u0142awomira B\u0142auta)<\/p>\n<p style=\"text-align: justify;\">Zdj\u0119cie z <em>Danziger Vorposten<\/em> z 21 VII 1939. Nades\u0142a\u0142 Jan Daniluk.<\/p>\n","protected":false},"excerpt":{"rendered":"<p>Apel w Obozie im. Alberta Forstera (Albert-Forster-Lager) w Lasku \u017babianeckim (Poggenkruger W\u00e4ldchen), lipiec 1939 roku. \u201eOb\u00f3z wypoczynkowy\u201c dla Hitlerjugend sk\u0142ada\u0142 [&hellip;]<\/p>\n","protected":false},"author":1,"featured_media":1362,"comment_status":"open","ping_status":"open","sticky":false,"template":"","format":"standard","meta":{"footnotes":""},"categories":[4],"tags":[15,12],"class_list":["post-1361","post","type-post","status-publish","format-standard","has-post-thumbnail","hentry","category-fotografie","tag-lasek-zabianecki","tag-poggenkrug"],"yoast_head":"<!-- This site is optimized with the Yoast SEO plugin v27.3 - https:\/\/yoast.com\/product\/yoast-seo-wordpress\/ -->\n<title>Hitlerjugend w \u017babianeckim Lasku - Dawna \u017babianka<\/title>\n<meta name=\"robots\" content=\"index, follow, max-snippet:-1, max-image-preview:large, max-video-preview:-1\" \/>\n<link rel=\"canonical\" href=\"https:\/\/jarekwasielewski.pl\/dawnazabianka\/fotografie\/hitlerjugend-w-zabianeckim-lasu\/\" \/>\n<meta property=\"og:locale\" content=\"pl_PL\" \/>\n<meta property=\"og:type\" content=\"article\" \/>\n<meta property=\"og:title\" content=\"Hitlerjugend w \u017babianeckim Lasku - Dawna \u017babianka\" \/>\n<meta property=\"og:description\" content=\"Apel w Obozie im. Alberta Forstera (Albert-Forster-Lager) w Lasku \u017babianeckim (Poggenkruger W\u00e4ldchen), lipiec 1939 roku. \u201eOb\u00f3z wypoczynkowy\u201c dla Hitlerjugend sk\u0142ada\u0142 [&hellip;]\" \/>\n<meta property=\"og:url\" content=\"https:\/\/jarekwasielewski.pl\/dawnazabianka\/fotografie\/hitlerjugend-w-zabianeckim-lasu\/\" \/>\n<meta property=\"og:site_name\" content=\"Dawna \u017babianka\" \/>\n<meta property=\"article:publisher\" content=\"https:\/\/www.facebook.com\/dawnazabianka\" \/>\n<meta property=\"article:published_time\" content=\"2021-11-03T10:00:23+00:00\" \/>\n<meta property=\"article:modified_time\" content=\"2021-11-03T10:04:24+00:00\" \/>\n<meta property=\"og:image\" content=\"https:\/\/jarekwasielewski.pl\/dawnazabianka\/wp-content\/uploads\/2021\/11\/196_hitlerjugend_zabianecki_lasek_1939.jpg\" \/>\n\t<meta property=\"og:image:width\" content=\"1150\" \/>\n\t<meta property=\"og:image:height\" content=\"756\" \/>\n\t<meta property=\"og:image:type\" content=\"image\/jpeg\" \/>\n<meta name=\"author\" content=\"Jarek Wasielewski\" \/>\n<meta name=\"twitter:card\" content=\"summary_large_image\" \/>\n<meta name=\"twitter:label1\" content=\"Napisane przez\" \/>\n\t<meta name=\"twitter:data1\" content=\"Jarek Wasielewski\" \/>\n\t<meta name=\"twitter:label2\" content=\"Szacowany czas czytania\" \/>\n\t<meta name=\"twitter:data2\" content=\"1 minuta\" \/>\n<script type=\"application\/ld+json\" class=\"yoast-schema-graph\">{\"@context\":\"https:\\\/\\\/schema.org\",\"@graph\":[{\"@type\":\"Article\",\"@id\":\"https:\\\/\\\/jarekwasielewski.pl\\\/dawnazabianka\\\/fotografie\\\/hitlerjugend-w-zabianeckim-lasu\\\/#article\",\"isPartOf\":{\"@id\":\"https:\\\/\\\/jarekwasielewski.pl\\\/dawnazabianka\\\/fotografie\\\/hitlerjugend-w-zabianeckim-lasu\\\/\"},\"author\":{\"name\":\"Jarek Wasielewski\",\"@id\":\"https:\\\/\\\/jarekwasielewski.pl\\\/dawnazabianka\\\/#\\\/schema\\\/person\\\/00268dd6d002e9183abc2b06cca5a789\"},\"headline\":\"Hitlerjugend w \u017babianeckim Lasku\",\"datePublished\":\"2021-11-03T10:00:23+00:00\",\"dateModified\":\"2021-11-03T10:04:24+00:00\",\"mainEntityOfPage\":{\"@id\":\"https:\\\/\\\/jarekwasielewski.pl\\\/dawnazabianka\\\/fotografie\\\/hitlerjugend-w-zabianeckim-lasu\\\/\"},\"wordCount\":240,\"commentCount\":2,\"image\":{\"@id\":\"https:\\\/\\\/jarekwasielewski.pl\\\/dawnazabianka\\\/fotografie\\\/hitlerjugend-w-zabianeckim-lasu\\\/#primaryimage\"},\"thumbnailUrl\":\"https:\\\/\\\/jarekwasielewski.pl\\\/dawnazabianka\\\/wp-content\\\/uploads\\\/2021\\\/11\\\/196_hitlerjugend_zabianecki_lasek_1939.jpg\",\"keywords\":[\"Lasek \u017babianecki\",\"Poggenkrug\"],\"articleSection\":[\"Fotografie\"],\"inLanguage\":\"pl-PL\",\"potentialAction\":[{\"@type\":\"CommentAction\",\"name\":\"Comment\",\"target\":[\"https:\\\/\\\/jarekwasielewski.pl\\\/dawnazabianka\\\/fotografie\\\/hitlerjugend-w-zabianeckim-lasu\\\/#respond\"]}]},{\"@type\":\"WebPage\",\"@id\":\"https:\\\/\\\/jarekwasielewski.pl\\\/dawnazabianka\\\/fotografie\\\/hitlerjugend-w-zabianeckim-lasu\\\/\",\"url\":\"https:\\\/\\\/jarekwasielewski.pl\\\/dawnazabianka\\\/fotografie\\\/hitlerjugend-w-zabianeckim-lasu\\\/\",\"name\":\"Hitlerjugend w \u017babianeckim Lasku - Dawna \u017babianka\",\"isPartOf\":{\"@id\":\"https:\\\/\\\/jarekwasielewski.pl\\\/dawnazabianka\\\/#website\"},\"primaryImageOfPage\":{\"@id\":\"https:\\\/\\\/jarekwasielewski.pl\\\/dawnazabianka\\\/fotografie\\\/hitlerjugend-w-zabianeckim-lasu\\\/#primaryimage\"},\"image\":{\"@id\":\"https:\\\/\\\/jarekwasielewski.pl\\\/dawnazabianka\\\/fotografie\\\/hitlerjugend-w-zabianeckim-lasu\\\/#primaryimage\"},\"thumbnailUrl\":\"https:\\\/\\\/jarekwasielewski.pl\\\/dawnazabianka\\\/wp-content\\\/uploads\\\/2021\\\/11\\\/196_hitlerjugend_zabianecki_lasek_1939.jpg\",\"datePublished\":\"2021-11-03T10:00:23+00:00\",\"dateModified\":\"2021-11-03T10:04:24+00:00\",\"author\":{\"@id\":\"https:\\\/\\\/jarekwasielewski.pl\\\/dawnazabianka\\\/#\\\/schema\\\/person\\\/00268dd6d002e9183abc2b06cca5a789\"},\"breadcrumb\":{\"@id\":\"https:\\\/\\\/jarekwasielewski.pl\\\/dawnazabianka\\\/fotografie\\\/hitlerjugend-w-zabianeckim-lasu\\\/#breadcrumb\"},\"inLanguage\":\"pl-PL\",\"potentialAction\":[{\"@type\":\"ReadAction\",\"target\":[\"https:\\\/\\\/jarekwasielewski.pl\\\/dawnazabianka\\\/fotografie\\\/hitlerjugend-w-zabianeckim-lasu\\\/\"]}]},{\"@type\":\"ImageObject\",\"inLanguage\":\"pl-PL\",\"@id\":\"https:\\\/\\\/jarekwasielewski.pl\\\/dawnazabianka\\\/fotografie\\\/hitlerjugend-w-zabianeckim-lasu\\\/#primaryimage\",\"url\":\"https:\\\/\\\/jarekwasielewski.pl\\\/dawnazabianka\\\/wp-content\\\/uploads\\\/2021\\\/11\\\/196_hitlerjugend_zabianecki_lasek_1939.jpg\",\"contentUrl\":\"https:\\\/\\\/jarekwasielewski.pl\\\/dawnazabianka\\\/wp-content\\\/uploads\\\/2021\\\/11\\\/196_hitlerjugend_zabianecki_lasek_1939.jpg\",\"width\":1150,\"height\":756,\"caption\":\"cof\"},{\"@type\":\"BreadcrumbList\",\"@id\":\"https:\\\/\\\/jarekwasielewski.pl\\\/dawnazabianka\\\/fotografie\\\/hitlerjugend-w-zabianeckim-lasu\\\/#breadcrumb\",\"itemListElement\":[{\"@type\":\"ListItem\",\"position\":1,\"name\":\"Strona g\u0142\u00f3wna\",\"item\":\"https:\\\/\\\/jarekwasielewski.pl\\\/dawnazabianka\\\/\"},{\"@type\":\"ListItem\",\"position\":2,\"name\":\"Hitlerjugend w \u017babianeckim Lasku\"}]},{\"@type\":\"WebSite\",\"@id\":\"https:\\\/\\\/jarekwasielewski.pl\\\/dawnazabianka\\\/#website\",\"url\":\"https:\\\/\\\/jarekwasielewski.pl\\\/dawnazabianka\\\/\",\"name\":\"Dawna \u017babianka\",\"description\":\"Osiedle Wejhera | Osiedle Pomorska | Osiedle \u017babianka | Gosp&oacute;dka\",\"potentialAction\":[{\"@type\":\"SearchAction\",\"target\":{\"@type\":\"EntryPoint\",\"urlTemplate\":\"https:\\\/\\\/jarekwasielewski.pl\\\/dawnazabianka\\\/?s={search_term_string}\"},\"query-input\":{\"@type\":\"PropertyValueSpecification\",\"valueRequired\":true,\"valueName\":\"search_term_string\"}}],\"inLanguage\":\"pl-PL\"},{\"@type\":\"Person\",\"@id\":\"https:\\\/\\\/jarekwasielewski.pl\\\/dawnazabianka\\\/#\\\/schema\\\/person\\\/00268dd6d002e9183abc2b06cca5a789\",\"name\":\"Jarek Wasielewski\",\"image\":{\"@type\":\"ImageObject\",\"inLanguage\":\"pl-PL\",\"@id\":\"https:\\\/\\\/secure.gravatar.com\\\/avatar\\\/260e8561bcdf57628ce1440a15f991fcfe756c2c6f05aa7e8250a663c7645eff?s=96&d=mm&r=g\",\"url\":\"https:\\\/\\\/secure.gravatar.com\\\/avatar\\\/260e8561bcdf57628ce1440a15f991fcfe756c2c6f05aa7e8250a663c7645eff?s=96&d=mm&r=g\",\"contentUrl\":\"https:\\\/\\\/secure.gravatar.com\\\/avatar\\\/260e8561bcdf57628ce1440a15f991fcfe756c2c6f05aa7e8250a663c7645eff?s=96&d=mm&r=g\",\"caption\":\"Jarek Wasielewski\"},\"url\":\"https:\\\/\\\/jarekwasielewski.pl\\\/dawnazabianka\\\/author\\\/admin\\\/\"}]}<\/script>\n<!-- \/ Yoast SEO plugin. -->","yoast_head_json":{"title":"Hitlerjugend w \u017babianeckim Lasku - Dawna \u017babianka","robots":{"index":"index","follow":"follow","max-snippet":"max-snippet:-1","max-image-preview":"max-image-preview:large","max-video-preview":"max-video-preview:-1"},"canonical":"https:\/\/jarekwasielewski.pl\/dawnazabianka\/fotografie\/hitlerjugend-w-zabianeckim-lasu\/","og_locale":"pl_PL","og_type":"article","og_title":"Hitlerjugend w \u017babianeckim Lasku - Dawna \u017babianka","og_description":"Apel w Obozie im. Alberta Forstera (Albert-Forster-Lager) w Lasku \u017babianeckim (Poggenkruger W\u00e4ldchen), lipiec 1939 roku. \u201eOb\u00f3z wypoczynkowy\u201c dla Hitlerjugend sk\u0142ada\u0142 [&hellip;]","og_url":"https:\/\/jarekwasielewski.pl\/dawnazabianka\/fotografie\/hitlerjugend-w-zabianeckim-lasu\/","og_site_name":"Dawna \u017babianka","article_publisher":"https:\/\/www.facebook.com\/dawnazabianka","article_published_time":"2021-11-03T10:00:23+00:00","article_modified_time":"2021-11-03T10:04:24+00:00","og_image":[{"width":1150,"height":756,"url":"https:\/\/jarekwasielewski.pl\/dawnazabianka\/wp-content\/uploads\/2021\/11\/196_hitlerjugend_zabianecki_lasek_1939.jpg","type":"image\/jpeg"}],"author":"Jarek Wasielewski","twitter_card":"summary_large_image","twitter_misc":{"Napisane przez":"Jarek Wasielewski","Szacowany czas czytania":"1 minuta"},"schema":{"@context":"https:\/\/schema.org","@graph":[{"@type":"Article","@id":"https:\/\/jarekwasielewski.pl\/dawnazabianka\/fotografie\/hitlerjugend-w-zabianeckim-lasu\/#article","isPartOf":{"@id":"https:\/\/jarekwasielewski.pl\/dawnazabianka\/fotografie\/hitlerjugend-w-zabianeckim-lasu\/"},"author":{"name":"Jarek Wasielewski","@id":"https:\/\/jarekwasielewski.pl\/dawnazabianka\/#\/schema\/person\/00268dd6d002e9183abc2b06cca5a789"},"headline":"Hitlerjugend w \u017babianeckim Lasku","datePublished":"2021-11-03T10:00:23+00:00","dateModified":"2021-11-03T10:04:24+00:00","mainEntityOfPage":{"@id":"https:\/\/jarekwasielewski.pl\/dawnazabianka\/fotografie\/hitlerjugend-w-zabianeckim-lasu\/"},"wordCount":240,"commentCount":2,"image":{"@id":"https:\/\/jarekwasielewski.pl\/dawnazabianka\/fotografie\/hitlerjugend-w-zabianeckim-lasu\/#primaryimage"},"thumbnailUrl":"https:\/\/jarekwasielewski.pl\/dawnazabianka\/wp-content\/uploads\/2021\/11\/196_hitlerjugend_zabianecki_lasek_1939.jpg","keywords":["Lasek \u017babianecki","Poggenkrug"],"articleSection":["Fotografie"],"inLanguage":"pl-PL","potentialAction":[{"@type":"CommentAction","name":"Comment","target":["https:\/\/jarekwasielewski.pl\/dawnazabianka\/fotografie\/hitlerjugend-w-zabianeckim-lasu\/#respond"]}]},{"@type":"WebPage","@id":"https:\/\/jarekwasielewski.pl\/dawnazabianka\/fotografie\/hitlerjugend-w-zabianeckim-lasu\/","url":"https:\/\/jarekwasielewski.pl\/dawnazabianka\/fotografie\/hitlerjugend-w-zabianeckim-lasu\/","name":"Hitlerjugend w \u017babianeckim Lasku - Dawna \u017babianka","isPartOf":{"@id":"https:\/\/jarekwasielewski.pl\/dawnazabianka\/#website"},"primaryImageOfPage":{"@id":"https:\/\/jarekwasielewski.pl\/dawnazabianka\/fotografie\/hitlerjugend-w-zabianeckim-lasu\/#primaryimage"},"image":{"@id":"https:\/\/jarekwasielewski.pl\/dawnazabianka\/fotografie\/hitlerjugend-w-zabianeckim-lasu\/#primaryimage"},"thumbnailUrl":"https:\/\/jarekwasielewski.pl\/dawnazabianka\/wp-content\/uploads\/2021\/11\/196_hitlerjugend_zabianecki_lasek_1939.jpg","datePublished":"2021-11-03T10:00:23+00:00","dateModified":"2021-11-03T10:04:24+00:00","author":{"@id":"https:\/\/jarekwasielewski.pl\/dawnazabianka\/#\/schema\/person\/00268dd6d002e9183abc2b06cca5a789"},"breadcrumb":{"@id":"https:\/\/jarekwasielewski.pl\/dawnazabianka\/fotografie\/hitlerjugend-w-zabianeckim-lasu\/#breadcrumb"},"inLanguage":"pl-PL","potentialAction":[{"@type":"ReadAction","target":["https:\/\/jarekwasielewski.pl\/dawnazabianka\/fotografie\/hitlerjugend-w-zabianeckim-lasu\/"]}]},{"@type":"ImageObject","inLanguage":"pl-PL","@id":"https:\/\/jarekwasielewski.pl\/dawnazabianka\/fotografie\/hitlerjugend-w-zabianeckim-lasu\/#primaryimage","url":"https:\/\/jarekwasielewski.pl\/dawnazabianka\/wp-content\/uploads\/2021\/11\/196_hitlerjugend_zabianecki_lasek_1939.jpg","contentUrl":"https:\/\/jarekwasielewski.pl\/dawnazabianka\/wp-content\/uploads\/2021\/11\/196_hitlerjugend_zabianecki_lasek_1939.jpg","width":1150,"height":756,"caption":"cof"},{"@type":"BreadcrumbList","@id":"https:\/\/jarekwasielewski.pl\/dawnazabianka\/fotografie\/hitlerjugend-w-zabianeckim-lasu\/#breadcrumb","itemListElement":[{"@type":"ListItem","position":1,"name":"Strona g\u0142\u00f3wna","item":"https:\/\/jarekwasielewski.pl\/dawnazabianka\/"},{"@type":"ListItem","position":2,"name":"Hitlerjugend w \u017babianeckim Lasku"}]},{"@type":"WebSite","@id":"https:\/\/jarekwasielewski.pl\/dawnazabianka\/#website","url":"https:\/\/jarekwasielewski.pl\/dawnazabianka\/","name":"Dawna \u017babianka","description":"Osiedle Wejhera | Osiedle Pomorska | Osiedle \u017babianka | Gosp&oacute;dka","potentialAction":[{"@type":"SearchAction","target":{"@type":"EntryPoint","urlTemplate":"https:\/\/jarekwasielewski.pl\/dawnazabianka\/?s={search_term_string}"},"query-input":{"@type":"PropertyValueSpecification","valueRequired":true,"valueName":"search_term_string"}}],"inLanguage":"pl-PL"},{"@type":"Person","@id":"https:\/\/jarekwasielewski.pl\/dawnazabianka\/#\/schema\/person\/00268dd6d002e9183abc2b06cca5a789","name":"Jarek Wasielewski","image":{"@type":"ImageObject","inLanguage":"pl-PL","@id":"https:\/\/secure.gravatar.com\/avatar\/260e8561bcdf57628ce1440a15f991fcfe756c2c6f05aa7e8250a663c7645eff?s=96&d=mm&r=g","url":"https:\/\/secure.gravatar.com\/avatar\/260e8561bcdf57628ce1440a15f991fcfe756c2c6f05aa7e8250a663c7645eff?s=96&d=mm&r=g","contentUrl":"https:\/\/secure.gravatar.com\/avatar\/260e8561bcdf57628ce1440a15f991fcfe756c2c6f05aa7e8250a663c7645eff?s=96&d=mm&r=g","caption":"Jarek Wasielewski"},"url":"https:\/\/jarekwasielewski.pl\/dawnazabianka\/author\/admin\/"}]}},"_links":{"self":[{"href":"https:\/\/jarekwasielewski.pl\/dawnazabianka\/wp-json\/wp\/v2\/posts\/1361","targetHints":{"allow":["GET"]}}],"collection":[{"href":"https:\/\/jarekwasielewski.pl\/dawnazabianka\/wp-json\/wp\/v2\/posts"}],"about":[{"href":"https:\/\/jarekwasielewski.pl\/dawnazabianka\/wp-json\/wp\/v2\/types\/post"}],"author":[{"embeddable":true,"href":"https:\/\/jarekwasielewski.pl\/dawnazabianka\/wp-json\/wp\/v2\/users\/1"}],"replies":[{"embeddable":true,"href":"https:\/\/jarekwasielewski.pl\/dawnazabianka\/wp-json\/wp\/v2\/comments?post=1361"}],"version-history":[{"count":4,"href":"https:\/\/jarekwasielewski.pl\/dawnazabianka\/wp-json\/wp\/v2\/posts\/1361\/revisions"}],"predecessor-version":[{"id":1367,"href":"https:\/\/jarekwasielewski.pl\/dawnazabianka\/wp-json\/wp\/v2\/posts\/1361\/revisions\/1367"}],"wp:featuredmedia":[{"embeddable":true,"href":"https:\/\/jarekwasielewski.pl\/dawnazabianka\/wp-json\/wp\/v2\/media\/1362"}],"wp:attachment":[{"href":"https:\/\/jarekwasielewski.pl\/dawnazabianka\/wp-json\/wp\/v2\/media?parent=1361"}],"wp:term":[{"taxonomy":"category","embeddable":true,"href":"https:\/\/jarekwasielewski.pl\/dawnazabianka\/wp-json\/wp\/v2\/categories?post=1361"},{"taxonomy":"post_tag","embeddable":true,"href":"https:\/\/jarekwasielewski.pl\/dawnazabianka\/wp-json\/wp\/v2\/tags?post=1361"}],"curies":[{"name":"wp","href":"https:\/\/api.w.org\/{rel}","templated":true}]}}