{"id":1299,"date":"2021-05-17T09:00:45","date_gmt":"2021-05-17T08:00:45","guid":{"rendered":"http:\/\/jarekwasielewski.pl\/dawnazabianka\/?p=1299"},"modified":"2021-05-16T14:29:25","modified_gmt":"2021-05-16T13:29:25","slug":"dziecinstwo-na-starej-zabiance-wspomnienie-lidii-kalkowskiej-z-d-jankowskiej","status":"publish","type":"post","link":"https:\/\/jarekwasielewski.pl\/dawnazabianka\/wspomnienia\/dziecinstwo-na-starej-zabiance-wspomnienie-lidii-kalkowskiej-z-d-jankowskiej\/","title":{"rendered":"Dzieci\u0144stwo na starej \u017babiance (wspomnienie Lidii Kalkowskiej, z d. Jankowskiej)"},"content":{"rendered":"<p style=\"text-align: justify;\"><strong>Prezentowane przeze mnie jaki\u015b czas temu zdj\u0119cie dawnej ul. Gospody sprzed powstania Osiedla \u017babianka (przypominam je wy\u017cej) zach\u0119ci\u0142o do wspomnie\u0144 i opisu pani\u0105 Lidi\u0119 Kalkowsk\u0105. Bardzo dzi\u0119kuj\u0119 panu Radkowi Kalkowskiemu za pomoc w spisaniu poni\u017cszego:<\/strong><\/p>\n<p style=\"text-align: justify;\"><em>W tym domu przy ul. Gospody (1) na parterze mieszkali pa\u0144stwo Szulist. Mieli syna i chyba sze\u015b\u0107 c\u00f3rek. To byli wspaniali ludzie. Mieli krow\u0119, kury i kaczki. Mlekiem dzielili si\u0119 z s\u0105siadami. Pan Szulist mia\u0142 hodowl\u0119 egzotycznych kur. To by\u0142o jego hobby. Nad nimi mieszkali Pa\u0144stwo Werner \u2013 te\u017c liczna rodzina. Pan Werner by\u0142 stolarzem, jak m\u00f3j tata. Z kolei w tym domku (2) mieszkali pa\u0144stwo Siniawscy. Za ich domkiem by\u0142 sad owocowy. Latem sp\u0119dzali\u015bmy tam najwi\u0119cej czasu \u2013 na zabawie. Pa\u0144stwo Siniawscy wyprowadzili si\u0119 ze starej \u017babianki jako pierwsi. Ich dom na tym zdj\u0119ciu jest ju\u017c niezamieszkany. W naro\u017cnikowym domku po lewej stronie (3), od ulicy mieszkali pa\u0144stwo Binczak (on by\u0142 milicjantem), a od podw\u00f3rza \u2013 pa\u0144stwo Mejerowie. Mieli troje uroczych dzieci, kt\u00f3re, kiedy gdzie\u015b wychodzili, czasami pilnowa\u0142am. Pomi\u0119dzy ich domem a naszym wida\u0107 latarni\u0119 (strza\u0142ka). Pami\u0119tam, \u017ce ona bardziej o\u015bwietla\u0142a pole ni\u017c ulic\u0119 Gdy\u0144sk\u0105.<\/em><\/p>\n<p style=\"text-align: justify;\"><a href=\"https:\/\/jarekwasielewski.pl\/dawnazabianka\/wp-content\/uploads\/2021\/05\/186_dawna_gospody_opis.jpg\" target=\"_blank\" rel=\"noopener\"><img loading=\"lazy\" decoding=\"async\" class=\"alignnone wp-image-1300 size-full\" src=\"https:\/\/jarekwasielewski.pl\/dawnazabianka\/wp-content\/uploads\/2021\/05\/186_dawna_gospody_opis.jpg\" alt=\"\" width=\"1368\" height=\"947\" srcset=\"https:\/\/jarekwasielewski.pl\/dawnazabianka\/wp-content\/uploads\/2021\/05\/186_dawna_gospody_opis.jpg 1368w, https:\/\/jarekwasielewski.pl\/dawnazabianka\/wp-content\/uploads\/2021\/05\/186_dawna_gospody_opis-300x208.jpg 300w, https:\/\/jarekwasielewski.pl\/dawnazabianka\/wp-content\/uploads\/2021\/05\/186_dawna_gospody_opis-1024x709.jpg 1024w, https:\/\/jarekwasielewski.pl\/dawnazabianka\/wp-content\/uploads\/2021\/05\/186_dawna_gospody_opis-768x532.jpg 768w, https:\/\/jarekwasielewski.pl\/dawnazabianka\/wp-content\/uploads\/2021\/05\/186_dawna_gospody_opis-820x568.jpg 820w\" sizes=\"auto, (max-width: 1368px) 100vw, 1368px\" \/><\/a><\/p>\n<p style=\"text-align: justify;\"><em>M\u00f3j dom to ten, kt\u00f3ry wida\u0107 z ty\u0142u (4). By\u0142 pi\u0119trowy. Moimi s\u0105siadami byli p. Czy\u017cewscy. Potem zamieszkali w klatce B przy Subis\u0142awa 31, wi\u0119c nadal byli\u015bmy s\u0105siadami. Natomiast g\u00f3r\u0119 budynku oraz ca\u0142y jego ty\u0142 zajmowa\u0142 p. in\u017c. Henryk Gie\u0142dzik z rodzin\u0105. Mieli wielki ogr\u00f3d z oczkiem wodnym i chyba fontann\u0119. By\u0142y tam pi\u0119kne \u0142aweczki ogrodowe i kwiaty. Jego c\u00f3rka Hanna wraz z harcerzami organizowa\u0142a dla miejscowych dzieciak\u00f3w r\u00f3\u017cne imprezy w swoim ogrodzie i pobliskim lasku. Raz na dzie\u0144 dziecka zrobili nam pi\u0119kne kostiumy i zabrali na polan\u0119 przed muszl\u0105 koncertow\u0105 przy ul. Polanki w Oliwie. Zabawa trwa\u0142a ca\u0142y dzie\u0144. By\u0142y ciasteczka, oran\u017cada, harcerze grali nam do ta\u0144ca na gitarach. Mi\u0142o to wspominam.<\/em><\/p>\n<p style=\"text-align: justify;\"><em>A ten d\u0142ugi barak (5) powsta\u0142 gdy zacz\u0119li budowa\u0107 Osiedle Wejhera. Trzymali tam sprz\u0119t budowlany, itp. Ch\u0142opacy ze szk\u00f3\u0142 budowlanych i robotnicy mieli tam te\u017c swoje szatnie.<\/em><\/p>\n<p style=\"text-align: justify;\"><em>Nasze zabawy w dzieci\u0144stwie odbywa\u0142y si\u0119 r\u00f3wnie\u017c w pobliskim lasku. By\u0142 w nim bunkier z czas\u00f3w wojny. D\u0142ugi korytarz rozwidla\u0142 si\u0119 na dwa pomieszczenia. Pe\u0142no w nim by\u0142o \u0142usek z karabin\u00f3w. Po jednej stronie ul. Gdy\u0144skiej na ca\u0142ej jej d\u0142ugo\u015bci by\u0142a skarpa. To w niej ch\u0142opaki znajdowali czaszki i jakie\u015b ko\u015bci. By\u0142y przysypane ziemi\u0105, ale do\u015b\u0107 p\u0142ytko. Przy niekt\u00f3rych le\u017ca\u0142y niemieckie he\u0142my. Ch\u0142opaki straszyli nas, dziewczyny, tymi ko\u015b\u0107mi. Pewnego razu przyjecha\u0142 samoch\u00f3d wojskowy i wszystko zabrano. Teren zosta\u0142 uprz\u0105tni\u0119ty.<\/em><\/p>\n","protected":false},"excerpt":{"rendered":"<p>Prezentowane przeze mnie jaki\u015b czas temu zdj\u0119cie dawnej ul. Gospody sprzed powstania Osiedla \u017babianka (przypominam je wy\u017cej) zach\u0119ci\u0142o do wspomnie\u0144 [&hellip;]<\/p>\n","protected":false},"author":1,"featured_media":1031,"comment_status":"open","ping_status":"open","sticky":false,"template":"","format":"standard","meta":{"footnotes":""},"categories":[3],"tags":[28,17,15,30,41,18],"class_list":["post-1299","post","type-post","status-publish","format-standard","has-post-thumbnail","hentry","category-wspomnienia","tag-gdynska","tag-gospody","tag-lasek-zabianecki","tag-osiedle-wejhera","tag-osiedle-zabianka","tag-poggenkruger-weg"],"yoast_head":"<!-- This site is optimized with the Yoast SEO plugin v27.3 - https:\/\/yoast.com\/product\/yoast-seo-wordpress\/ -->\n<title>Dzieci\u0144stwo na starej \u017babiance (wspomnienie Lidii Kalkowskiej, z d. Jankowskiej) - Dawna \u017babianka<\/title>\n<meta name=\"robots\" content=\"index, follow, max-snippet:-1, max-image-preview:large, max-video-preview:-1\" \/>\n<link rel=\"canonical\" href=\"https:\/\/jarekwasielewski.pl\/dawnazabianka\/wspomnienia\/dziecinstwo-na-starej-zabiance-wspomnienie-lidii-kalkowskiej-z-d-jankowskiej\/\" \/>\n<meta property=\"og:locale\" content=\"pl_PL\" \/>\n<meta property=\"og:type\" content=\"article\" \/>\n<meta property=\"og:title\" content=\"Dzieci\u0144stwo na starej \u017babiance (wspomnienie Lidii Kalkowskiej, z d. Jankowskiej) - Dawna \u017babianka\" \/>\n<meta property=\"og:description\" content=\"Prezentowane przeze mnie jaki\u015b czas temu zdj\u0119cie dawnej ul. Gospody sprzed powstania Osiedla \u017babianka (przypominam je wy\u017cej) zach\u0119ci\u0142o do wspomnie\u0144 [&hellip;]\" \/>\n<meta property=\"og:url\" content=\"https:\/\/jarekwasielewski.pl\/dawnazabianka\/wspomnienia\/dziecinstwo-na-starej-zabiance-wspomnienie-lidii-kalkowskiej-z-d-jankowskiej\/\" \/>\n<meta property=\"og:site_name\" content=\"Dawna \u017babianka\" \/>\n<meta property=\"article:publisher\" content=\"https:\/\/www.facebook.com\/dawnazabianka\" \/>\n<meta property=\"article:published_time\" content=\"2021-05-17T08:00:45+00:00\" \/>\n<meta property=\"og:image\" content=\"https:\/\/jarekwasielewski.pl\/dawnazabianka\/wp-content\/uploads\/2020\/11\/129_zabianka_1968.jpg\" \/>\n\t<meta property=\"og:image:width\" content=\"1150\" \/>\n\t<meta property=\"og:image:height\" content=\"800\" \/>\n\t<meta property=\"og:image:type\" content=\"image\/jpeg\" \/>\n<meta name=\"author\" content=\"Jarek Wasielewski\" \/>\n<meta name=\"twitter:card\" content=\"summary_large_image\" \/>\n<meta name=\"twitter:label1\" content=\"Napisane przez\" \/>\n\t<meta name=\"twitter:data1\" content=\"Jarek Wasielewski\" \/>\n\t<meta name=\"twitter:label2\" content=\"Szacowany czas czytania\" \/>\n\t<meta name=\"twitter:data2\" content=\"2 minuty\" \/>\n<script type=\"application\/ld+json\" class=\"yoast-schema-graph\">{\"@context\":\"https:\\\/\\\/schema.org\",\"@graph\":[{\"@type\":\"Article\",\"@id\":\"https:\\\/\\\/jarekwasielewski.pl\\\/dawnazabianka\\\/wspomnienia\\\/dziecinstwo-na-starej-zabiance-wspomnienie-lidii-kalkowskiej-z-d-jankowskiej\\\/#article\",\"isPartOf\":{\"@id\":\"https:\\\/\\\/jarekwasielewski.pl\\\/dawnazabianka\\\/wspomnienia\\\/dziecinstwo-na-starej-zabiance-wspomnienie-lidii-kalkowskiej-z-d-jankowskiej\\\/\"},\"author\":{\"name\":\"Jarek Wasielewski\",\"@id\":\"https:\\\/\\\/jarekwasielewski.pl\\\/dawnazabianka\\\/#\\\/schema\\\/person\\\/00268dd6d002e9183abc2b06cca5a789\"},\"headline\":\"Dzieci\u0144stwo na starej \u017babiance (wspomnienie Lidii Kalkowskiej, z d. Jankowskiej)\",\"datePublished\":\"2021-05-17T08:00:45+00:00\",\"mainEntityOfPage\":{\"@id\":\"https:\\\/\\\/jarekwasielewski.pl\\\/dawnazabianka\\\/wspomnienia\\\/dziecinstwo-na-starej-zabiance-wspomnienie-lidii-kalkowskiej-z-d-jankowskiej\\\/\"},\"wordCount\":489,\"commentCount\":4,\"image\":{\"@id\":\"https:\\\/\\\/jarekwasielewski.pl\\\/dawnazabianka\\\/wspomnienia\\\/dziecinstwo-na-starej-zabiance-wspomnienie-lidii-kalkowskiej-z-d-jankowskiej\\\/#primaryimage\"},\"thumbnailUrl\":\"https:\\\/\\\/jarekwasielewski.pl\\\/dawnazabianka\\\/wp-content\\\/uploads\\\/2020\\\/11\\\/129_zabianka_1968.jpg\",\"keywords\":[\"Gdy\u0144ska\",\"Gospody\",\"Lasek \u017babianecki\",\"Osiedle Wejhera\",\"Osiedle \u017babianka\",\"Poggenkruger Weg\"],\"articleSection\":[\"Wspomnienia\"],\"inLanguage\":\"pl-PL\",\"potentialAction\":[{\"@type\":\"CommentAction\",\"name\":\"Comment\",\"target\":[\"https:\\\/\\\/jarekwasielewski.pl\\\/dawnazabianka\\\/wspomnienia\\\/dziecinstwo-na-starej-zabiance-wspomnienie-lidii-kalkowskiej-z-d-jankowskiej\\\/#respond\"]}]},{\"@type\":\"WebPage\",\"@id\":\"https:\\\/\\\/jarekwasielewski.pl\\\/dawnazabianka\\\/wspomnienia\\\/dziecinstwo-na-starej-zabiance-wspomnienie-lidii-kalkowskiej-z-d-jankowskiej\\\/\",\"url\":\"https:\\\/\\\/jarekwasielewski.pl\\\/dawnazabianka\\\/wspomnienia\\\/dziecinstwo-na-starej-zabiance-wspomnienie-lidii-kalkowskiej-z-d-jankowskiej\\\/\",\"name\":\"Dzieci\u0144stwo na starej \u017babiance (wspomnienie Lidii Kalkowskiej, z d. Jankowskiej) - Dawna \u017babianka\",\"isPartOf\":{\"@id\":\"https:\\\/\\\/jarekwasielewski.pl\\\/dawnazabianka\\\/#website\"},\"primaryImageOfPage\":{\"@id\":\"https:\\\/\\\/jarekwasielewski.pl\\\/dawnazabianka\\\/wspomnienia\\\/dziecinstwo-na-starej-zabiance-wspomnienie-lidii-kalkowskiej-z-d-jankowskiej\\\/#primaryimage\"},\"image\":{\"@id\":\"https:\\\/\\\/jarekwasielewski.pl\\\/dawnazabianka\\\/wspomnienia\\\/dziecinstwo-na-starej-zabiance-wspomnienie-lidii-kalkowskiej-z-d-jankowskiej\\\/#primaryimage\"},\"thumbnailUrl\":\"https:\\\/\\\/jarekwasielewski.pl\\\/dawnazabianka\\\/wp-content\\\/uploads\\\/2020\\\/11\\\/129_zabianka_1968.jpg\",\"datePublished\":\"2021-05-17T08:00:45+00:00\",\"author\":{\"@id\":\"https:\\\/\\\/jarekwasielewski.pl\\\/dawnazabianka\\\/#\\\/schema\\\/person\\\/00268dd6d002e9183abc2b06cca5a789\"},\"breadcrumb\":{\"@id\":\"https:\\\/\\\/jarekwasielewski.pl\\\/dawnazabianka\\\/wspomnienia\\\/dziecinstwo-na-starej-zabiance-wspomnienie-lidii-kalkowskiej-z-d-jankowskiej\\\/#breadcrumb\"},\"inLanguage\":\"pl-PL\",\"potentialAction\":[{\"@type\":\"ReadAction\",\"target\":[\"https:\\\/\\\/jarekwasielewski.pl\\\/dawnazabianka\\\/wspomnienia\\\/dziecinstwo-na-starej-zabiance-wspomnienie-lidii-kalkowskiej-z-d-jankowskiej\\\/\"]}]},{\"@type\":\"ImageObject\",\"inLanguage\":\"pl-PL\",\"@id\":\"https:\\\/\\\/jarekwasielewski.pl\\\/dawnazabianka\\\/wspomnienia\\\/dziecinstwo-na-starej-zabiance-wspomnienie-lidii-kalkowskiej-z-d-jankowskiej\\\/#primaryimage\",\"url\":\"https:\\\/\\\/jarekwasielewski.pl\\\/dawnazabianka\\\/wp-content\\\/uploads\\\/2020\\\/11\\\/129_zabianka_1968.jpg\",\"contentUrl\":\"https:\\\/\\\/jarekwasielewski.pl\\\/dawnazabianka\\\/wp-content\\\/uploads\\\/2020\\\/11\\\/129_zabianka_1968.jpg\",\"width\":1150,\"height\":800},{\"@type\":\"BreadcrumbList\",\"@id\":\"https:\\\/\\\/jarekwasielewski.pl\\\/dawnazabianka\\\/wspomnienia\\\/dziecinstwo-na-starej-zabiance-wspomnienie-lidii-kalkowskiej-z-d-jankowskiej\\\/#breadcrumb\",\"itemListElement\":[{\"@type\":\"ListItem\",\"position\":1,\"name\":\"Strona g\u0142\u00f3wna\",\"item\":\"https:\\\/\\\/jarekwasielewski.pl\\\/dawnazabianka\\\/\"},{\"@type\":\"ListItem\",\"position\":2,\"name\":\"Dzieci\u0144stwo na starej \u017babiance (wspomnienie Lidii Kalkowskiej, z d. Jankowskiej)\"}]},{\"@type\":\"WebSite\",\"@id\":\"https:\\\/\\\/jarekwasielewski.pl\\\/dawnazabianka\\\/#website\",\"url\":\"https:\\\/\\\/jarekwasielewski.pl\\\/dawnazabianka\\\/\",\"name\":\"Dawna \u017babianka\",\"description\":\"Osiedle Wejhera | Osiedle Pomorska | Osiedle \u017babianka | Gosp&oacute;dka\",\"potentialAction\":[{\"@type\":\"SearchAction\",\"target\":{\"@type\":\"EntryPoint\",\"urlTemplate\":\"https:\\\/\\\/jarekwasielewski.pl\\\/dawnazabianka\\\/?s={search_term_string}\"},\"query-input\":{\"@type\":\"PropertyValueSpecification\",\"valueRequired\":true,\"valueName\":\"search_term_string\"}}],\"inLanguage\":\"pl-PL\"},{\"@type\":\"Person\",\"@id\":\"https:\\\/\\\/jarekwasielewski.pl\\\/dawnazabianka\\\/#\\\/schema\\\/person\\\/00268dd6d002e9183abc2b06cca5a789\",\"name\":\"Jarek Wasielewski\",\"image\":{\"@type\":\"ImageObject\",\"inLanguage\":\"pl-PL\",\"@id\":\"https:\\\/\\\/secure.gravatar.com\\\/avatar\\\/260e8561bcdf57628ce1440a15f991fcfe756c2c6f05aa7e8250a663c7645eff?s=96&d=mm&r=g\",\"url\":\"https:\\\/\\\/secure.gravatar.com\\\/avatar\\\/260e8561bcdf57628ce1440a15f991fcfe756c2c6f05aa7e8250a663c7645eff?s=96&d=mm&r=g\",\"contentUrl\":\"https:\\\/\\\/secure.gravatar.com\\\/avatar\\\/260e8561bcdf57628ce1440a15f991fcfe756c2c6f05aa7e8250a663c7645eff?s=96&d=mm&r=g\",\"caption\":\"Jarek Wasielewski\"},\"url\":\"https:\\\/\\\/jarekwasielewski.pl\\\/dawnazabianka\\\/author\\\/admin\\\/\"}]}<\/script>\n<!-- \/ Yoast SEO plugin. -->","yoast_head_json":{"title":"Dzieci\u0144stwo na starej \u017babiance (wspomnienie Lidii Kalkowskiej, z d. Jankowskiej) - Dawna \u017babianka","robots":{"index":"index","follow":"follow","max-snippet":"max-snippet:-1","max-image-preview":"max-image-preview:large","max-video-preview":"max-video-preview:-1"},"canonical":"https:\/\/jarekwasielewski.pl\/dawnazabianka\/wspomnienia\/dziecinstwo-na-starej-zabiance-wspomnienie-lidii-kalkowskiej-z-d-jankowskiej\/","og_locale":"pl_PL","og_type":"article","og_title":"Dzieci\u0144stwo na starej \u017babiance (wspomnienie Lidii Kalkowskiej, z d. Jankowskiej) - Dawna \u017babianka","og_description":"Prezentowane przeze mnie jaki\u015b czas temu zdj\u0119cie dawnej ul. Gospody sprzed powstania Osiedla \u017babianka (przypominam je wy\u017cej) zach\u0119ci\u0142o do wspomnie\u0144 [&hellip;]","og_url":"https:\/\/jarekwasielewski.pl\/dawnazabianka\/wspomnienia\/dziecinstwo-na-starej-zabiance-wspomnienie-lidii-kalkowskiej-z-d-jankowskiej\/","og_site_name":"Dawna \u017babianka","article_publisher":"https:\/\/www.facebook.com\/dawnazabianka","article_published_time":"2021-05-17T08:00:45+00:00","og_image":[{"width":1150,"height":800,"url":"https:\/\/jarekwasielewski.pl\/dawnazabianka\/wp-content\/uploads\/2020\/11\/129_zabianka_1968.jpg","type":"image\/jpeg"}],"author":"Jarek Wasielewski","twitter_card":"summary_large_image","twitter_misc":{"Napisane przez":"Jarek Wasielewski","Szacowany czas czytania":"2 minuty"},"schema":{"@context":"https:\/\/schema.org","@graph":[{"@type":"Article","@id":"https:\/\/jarekwasielewski.pl\/dawnazabianka\/wspomnienia\/dziecinstwo-na-starej-zabiance-wspomnienie-lidii-kalkowskiej-z-d-jankowskiej\/#article","isPartOf":{"@id":"https:\/\/jarekwasielewski.pl\/dawnazabianka\/wspomnienia\/dziecinstwo-na-starej-zabiance-wspomnienie-lidii-kalkowskiej-z-d-jankowskiej\/"},"author":{"name":"Jarek Wasielewski","@id":"https:\/\/jarekwasielewski.pl\/dawnazabianka\/#\/schema\/person\/00268dd6d002e9183abc2b06cca5a789"},"headline":"Dzieci\u0144stwo na starej \u017babiance (wspomnienie Lidii Kalkowskiej, z d. Jankowskiej)","datePublished":"2021-05-17T08:00:45+00:00","mainEntityOfPage":{"@id":"https:\/\/jarekwasielewski.pl\/dawnazabianka\/wspomnienia\/dziecinstwo-na-starej-zabiance-wspomnienie-lidii-kalkowskiej-z-d-jankowskiej\/"},"wordCount":489,"commentCount":4,"image":{"@id":"https:\/\/jarekwasielewski.pl\/dawnazabianka\/wspomnienia\/dziecinstwo-na-starej-zabiance-wspomnienie-lidii-kalkowskiej-z-d-jankowskiej\/#primaryimage"},"thumbnailUrl":"https:\/\/jarekwasielewski.pl\/dawnazabianka\/wp-content\/uploads\/2020\/11\/129_zabianka_1968.jpg","keywords":["Gdy\u0144ska","Gospody","Lasek \u017babianecki","Osiedle Wejhera","Osiedle \u017babianka","Poggenkruger Weg"],"articleSection":["Wspomnienia"],"inLanguage":"pl-PL","potentialAction":[{"@type":"CommentAction","name":"Comment","target":["https:\/\/jarekwasielewski.pl\/dawnazabianka\/wspomnienia\/dziecinstwo-na-starej-zabiance-wspomnienie-lidii-kalkowskiej-z-d-jankowskiej\/#respond"]}]},{"@type":"WebPage","@id":"https:\/\/jarekwasielewski.pl\/dawnazabianka\/wspomnienia\/dziecinstwo-na-starej-zabiance-wspomnienie-lidii-kalkowskiej-z-d-jankowskiej\/","url":"https:\/\/jarekwasielewski.pl\/dawnazabianka\/wspomnienia\/dziecinstwo-na-starej-zabiance-wspomnienie-lidii-kalkowskiej-z-d-jankowskiej\/","name":"Dzieci\u0144stwo na starej \u017babiance (wspomnienie Lidii Kalkowskiej, z d. Jankowskiej) - Dawna \u017babianka","isPartOf":{"@id":"https:\/\/jarekwasielewski.pl\/dawnazabianka\/#website"},"primaryImageOfPage":{"@id":"https:\/\/jarekwasielewski.pl\/dawnazabianka\/wspomnienia\/dziecinstwo-na-starej-zabiance-wspomnienie-lidii-kalkowskiej-z-d-jankowskiej\/#primaryimage"},"image":{"@id":"https:\/\/jarekwasielewski.pl\/dawnazabianka\/wspomnienia\/dziecinstwo-na-starej-zabiance-wspomnienie-lidii-kalkowskiej-z-d-jankowskiej\/#primaryimage"},"thumbnailUrl":"https:\/\/jarekwasielewski.pl\/dawnazabianka\/wp-content\/uploads\/2020\/11\/129_zabianka_1968.jpg","datePublished":"2021-05-17T08:00:45+00:00","author":{"@id":"https:\/\/jarekwasielewski.pl\/dawnazabianka\/#\/schema\/person\/00268dd6d002e9183abc2b06cca5a789"},"breadcrumb":{"@id":"https:\/\/jarekwasielewski.pl\/dawnazabianka\/wspomnienia\/dziecinstwo-na-starej-zabiance-wspomnienie-lidii-kalkowskiej-z-d-jankowskiej\/#breadcrumb"},"inLanguage":"pl-PL","potentialAction":[{"@type":"ReadAction","target":["https:\/\/jarekwasielewski.pl\/dawnazabianka\/wspomnienia\/dziecinstwo-na-starej-zabiance-wspomnienie-lidii-kalkowskiej-z-d-jankowskiej\/"]}]},{"@type":"ImageObject","inLanguage":"pl-PL","@id":"https:\/\/jarekwasielewski.pl\/dawnazabianka\/wspomnienia\/dziecinstwo-na-starej-zabiance-wspomnienie-lidii-kalkowskiej-z-d-jankowskiej\/#primaryimage","url":"https:\/\/jarekwasielewski.pl\/dawnazabianka\/wp-content\/uploads\/2020\/11\/129_zabianka_1968.jpg","contentUrl":"https:\/\/jarekwasielewski.pl\/dawnazabianka\/wp-content\/uploads\/2020\/11\/129_zabianka_1968.jpg","width":1150,"height":800},{"@type":"BreadcrumbList","@id":"https:\/\/jarekwasielewski.pl\/dawnazabianka\/wspomnienia\/dziecinstwo-na-starej-zabiance-wspomnienie-lidii-kalkowskiej-z-d-jankowskiej\/#breadcrumb","itemListElement":[{"@type":"ListItem","position":1,"name":"Strona g\u0142\u00f3wna","item":"https:\/\/jarekwasielewski.pl\/dawnazabianka\/"},{"@type":"ListItem","position":2,"name":"Dzieci\u0144stwo na starej \u017babiance (wspomnienie Lidii Kalkowskiej, z d. Jankowskiej)"}]},{"@type":"WebSite","@id":"https:\/\/jarekwasielewski.pl\/dawnazabianka\/#website","url":"https:\/\/jarekwasielewski.pl\/dawnazabianka\/","name":"Dawna \u017babianka","description":"Osiedle Wejhera | Osiedle Pomorska | Osiedle \u017babianka | Gosp&oacute;dka","potentialAction":[{"@type":"SearchAction","target":{"@type":"EntryPoint","urlTemplate":"https:\/\/jarekwasielewski.pl\/dawnazabianka\/?s={search_term_string}"},"query-input":{"@type":"PropertyValueSpecification","valueRequired":true,"valueName":"search_term_string"}}],"inLanguage":"pl-PL"},{"@type":"Person","@id":"https:\/\/jarekwasielewski.pl\/dawnazabianka\/#\/schema\/person\/00268dd6d002e9183abc2b06cca5a789","name":"Jarek Wasielewski","image":{"@type":"ImageObject","inLanguage":"pl-PL","@id":"https:\/\/secure.gravatar.com\/avatar\/260e8561bcdf57628ce1440a15f991fcfe756c2c6f05aa7e8250a663c7645eff?s=96&d=mm&r=g","url":"https:\/\/secure.gravatar.com\/avatar\/260e8561bcdf57628ce1440a15f991fcfe756c2c6f05aa7e8250a663c7645eff?s=96&d=mm&r=g","contentUrl":"https:\/\/secure.gravatar.com\/avatar\/260e8561bcdf57628ce1440a15f991fcfe756c2c6f05aa7e8250a663c7645eff?s=96&d=mm&r=g","caption":"Jarek Wasielewski"},"url":"https:\/\/jarekwasielewski.pl\/dawnazabianka\/author\/admin\/"}]}},"_links":{"self":[{"href":"https:\/\/jarekwasielewski.pl\/dawnazabianka\/wp-json\/wp\/v2\/posts\/1299","targetHints":{"allow":["GET"]}}],"collection":[{"href":"https:\/\/jarekwasielewski.pl\/dawnazabianka\/wp-json\/wp\/v2\/posts"}],"about":[{"href":"https:\/\/jarekwasielewski.pl\/dawnazabianka\/wp-json\/wp\/v2\/types\/post"}],"author":[{"embeddable":true,"href":"https:\/\/jarekwasielewski.pl\/dawnazabianka\/wp-json\/wp\/v2\/users\/1"}],"replies":[{"embeddable":true,"href":"https:\/\/jarekwasielewski.pl\/dawnazabianka\/wp-json\/wp\/v2\/comments?post=1299"}],"version-history":[{"count":5,"href":"https:\/\/jarekwasielewski.pl\/dawnazabianka\/wp-json\/wp\/v2\/posts\/1299\/revisions"}],"predecessor-version":[{"id":1305,"href":"https:\/\/jarekwasielewski.pl\/dawnazabianka\/wp-json\/wp\/v2\/posts\/1299\/revisions\/1305"}],"wp:featuredmedia":[{"embeddable":true,"href":"https:\/\/jarekwasielewski.pl\/dawnazabianka\/wp-json\/wp\/v2\/media\/1031"}],"wp:attachment":[{"href":"https:\/\/jarekwasielewski.pl\/dawnazabianka\/wp-json\/wp\/v2\/media?parent=1299"}],"wp:term":[{"taxonomy":"category","embeddable":true,"href":"https:\/\/jarekwasielewski.pl\/dawnazabianka\/wp-json\/wp\/v2\/categories?post=1299"},{"taxonomy":"post_tag","embeddable":true,"href":"https:\/\/jarekwasielewski.pl\/dawnazabianka\/wp-json\/wp\/v2\/tags?post=1299"}],"curies":[{"name":"wp","href":"https:\/\/api.w.org\/{rel}","templated":true}]}}